{"id":13068,"date":"2018-07-23T11:54:55","date_gmt":"2018-07-23T16:54:55","guid":{"rendered":"http:\/\/www.zonacaral.gob.pe\/?p=13068"},"modified":"2018-07-23T11:54:55","modified_gmt":"2018-07-23T16:54:55","slug":"feria-del-libro-los-valores-de-la-civilizacion-caral","status":"publish","type":"post","link":"https:\/\/zonacaral.gob.pe\/en\/noticias\/feria-del-libro-los-valores-de-la-civilizacion-caral\/","title":{"rendered":"Feria del Libro: PRESENTAMOS el libro \u201cLos Valores de la Civilizaci\u00f3n Caral\u201d"},"content":{"rendered":"<figure class=\"pic-autor\" style=\"color: #4d4d4d; text-align: justify;\"><\/figure>\n<blockquote><p>\u2028El libro est\u00e1 a la venta en las diferentes librer\u00edas de la capital al m\u00f3dico precio de S\/. 15.00.<\/p><\/blockquote>\n<p>La Zona Arqueol\u00f3gica Caral (ZAC), UE 003 del Ministerio de Cultura, present\u00f3 en la 23\u00aa Feria Internacional del Libro de Lima, el libro \u00abLos Valores de la Civilizaci\u00f3n Caral: Reflexiones para el \u201cBuen Vivir\u201d\u00bb, teniendo gran participaci\u00f3n del p\u00fablico lector y amante de nuestra cultura.<\/p>\n<p>La presentaci\u00f3n estuvo a cargo de Pedro Novoa, coautor del libro y subdirector de Investigaci\u00f3n y Conservaci\u00f3n de Materiales Arqueol\u00f3gicos de la ZAC, quien expuso 24 a\u00f1os de investigaci\u00f3n sobre la Civilizaci\u00f3n Caral &#8211; Patrimonio Mundial.<\/p>\n<p>Durante la exposici\u00f3n se resalt\u00f3 los conocimientos en ciencia, tecnolog\u00eda y arte, que se desarrollaron hace 5,000 a\u00f1os. Al igual que la equidad de g\u00e9nero, el respeto a la naturaleza y a las otras comunidades; y el trabajo en conjunto con beneficio compartido.<\/p>\n<p>Son esos valores los cuales se recupera en el libro \u00abLos Valores de la Civilizaci\u00f3n Caral: Reflexiones para el \u201cBuen Vivir\u201d\u00bb, para que se vuelvan a aplicar en la actualidad. La \u00faltima publicaci\u00f3n de la ZAC es apta para todo p\u00fablico, desde la edad escolar.<\/p>\n<p>La obra ya ha tenido varias presentaciones exitosas; por ejemplo, en la Conferencia Regional de Educaci\u00f3n Superior de Am\u00e9rica Latina y el Caribe 2018 (CRES 2018), desarrollada en C\u00f3rdoba \u2013 Argentina y en la Facultad de Ciencias Sociales de la Universidad Mayor de San Marcos (UNMSM).<\/p>\n<p>El libro de los Valores de Caral, elaborado tambi\u00e9n por la Dra. Ruth Shady directora de la ZAC y la arque\u00f3loga Edna Quispe,\u00a0 est\u00e1 a la venta en las diferentes librer\u00edas de la capital, como en la Librer\u00eda del Fondo Universitario del Libro \u2013 LIBUN y en la Biblioteca del Ministerio de Cultura al m\u00f3dico precio de S\/. 15.00. Pregunta tambi\u00e9n por nuestras otras 17 publicaciones.<\/p>\n<p style=\"text-align: justify;\"><span style=\"color: #993300;\"><strong>Fuente<\/strong><strong>: Prensa ZAC<\/strong><\/span><\/p>\n<div style=\"color: #1f1f1f;\">\n<p style=\"text-align: justify;\">Fecha de publicaci\u00f3n: 23\/07\/2018<\/p>\n<\/div>","protected":false},"excerpt":{"rendered":"<p>\u2028El libro est\u00e1 a la venta en las diferentes librer\u00edas de la capital al m\u00f3dico precio de S\/. 15.00. La [&hellip;]<\/p>\n","protected":false},"author":1,"featured_media":13076,"comment_status":"closed","ping_status":"open","sticky":false,"template":"","format":"standard","meta":{"_acf_changed":false,"site-sidebar-layout":"default","site-content-layout":"","ast-site-content-layout":"default","site-content-style":"default","site-sidebar-style":"default","ast-global-header-display":"","ast-banner-title-visibility":"","ast-main-header-display":"","ast-hfb-above-header-display":"","ast-hfb-below-header-display":"","ast-hfb-mobile-header-display":"","site-post-title":"","ast-breadcrumbs-content":"","ast-featured-img":"","footer-sml-layout":"","ast-disable-related-posts":"","theme-transparent-header-meta":"","adv-header-id-meta":"","stick-header-meta":"","header-above-stick-meta":"","header-main-stick-meta":"","header-below-stick-meta":"","astra-migrate-meta-layouts":"default","ast-page-background-enabled":"default","ast-page-background-meta":{"desktop":{"background-color":"var(--ast-global-color-5)","background-image":"","background-repeat":"repeat","background-position":"center center","background-size":"auto","background-attachment":"scroll","background-type":"","background-media":"","overlay-type":"","overlay-color":"","overlay-opacity":"","overlay-gradient":""},"tablet":{"background-color":"","background-image":"","background-repeat":"repeat","background-position":"center center","background-size":"auto","background-attachment":"scroll","background-type":"","background-media":"","overlay-type":"","overlay-color":"","overlay-opacity":"","overlay-gradient":""},"mobile":{"background-color":"","background-image":"","background-repeat":"repeat","background-position":"center center","background-size":"auto","background-attachment":"scroll","background-type":"","background-media":"","overlay-type":"","overlay-color":"","overlay-opacity":"","overlay-gradient":""}},"ast-content-background-meta":{"desktop":{"background-color":"var(--ast-global-color-4)","background-image":"","background-repeat":"repeat","background-position":"center center","background-size":"auto","background-attachment":"scroll","background-type":"","background-media":"","overlay-type":"","overlay-color":"","overlay-opacity":"","overlay-gradient":""},"tablet":{"background-color":"var(--ast-global-color-4)","background-image":"","background-repeat":"repeat","background-position":"center center","background-size":"auto","background-attachment":"scroll","background-type":"","background-media":"","overlay-type":"","overlay-color":"","overlay-opacity":"","overlay-gradient":""},"mobile":{"background-color":"var(--ast-global-color-4)","background-image":"","background-repeat":"repeat","background-position":"center center","background-size":"auto","background-attachment":"scroll","background-type":"","background-media":"","overlay-type":"","overlay-color":"","overlay-opacity":"","overlay-gradient":""}},"footnotes":""},"categories":[208],"tags":[55,162],"class_list":["post-13068","post","type-post","status-publish","format-standard","has-post-thumbnail","hentry","category-noticias","tag-caral","tag-libro-valores"],"acf":[],"yoast_head":"<!-- This site is optimized with the Yoast SEO plugin v27.3 - https:\/\/yoast.com\/product\/yoast-seo-wordpress\/ -->\n<title>Feria del Libro: \u201cLos Valores de la Civilizaci\u00f3n Caral\u201d<\/title>\n<meta name=\"description\" content=\"La Zona Arqueol\u00f3gica Caral (ZAC), UE 003 del Ministerio de Cultura, present\u00f3 en la 23\u00aa Feria Internacional del Libro de Lima, el libro \u00abLos Valores de la Civilizaci\u00f3n Caral: Reflexiones para el \u201cBuen Vivir\u201d\u00bb, teniendo gran participaci\u00f3n del p\u00fablico lector y amante de nuestra cultura.\" \/>\n<meta name=\"robots\" content=\"index, follow, max-snippet:-1, max-image-preview:large, max-video-preview:-1\" \/>\n<link rel=\"canonical\" href=\"https:\/\/zonacaral.gob.pe\/en\/noticias\/feria-del-libro-los-valores-de-la-civilizacion-caral\/\" \/>\n<meta property=\"og:locale\" content=\"en_US\" \/>\n<meta property=\"og:type\" content=\"article\" \/>\n<meta property=\"og:title\" content=\"Feria del Libro: \u201cLos Valores de la Civilizaci\u00f3n Caral\u201d\" \/>\n<meta property=\"og:description\" content=\"La Zona Arqueol\u00f3gica Caral (ZAC), UE 003 del Ministerio de Cultura, present\u00f3 en la 23\u00aa Feria Internacional del Libro de Lima, el libro \u00abLos Valores de la Civilizaci\u00f3n Caral: Reflexiones para el \u201cBuen Vivir\u201d\u00bb, teniendo gran participaci\u00f3n del p\u00fablico lector y amante de nuestra cultura.\" \/>\n<meta property=\"og:url\" content=\"https:\/\/zonacaral.gob.pe\/en\/noticias\/feria-del-libro-los-valores-de-la-civilizacion-caral\/\" \/>\n<meta property=\"og:site_name\" content=\"Zona Caral\" \/>\n<meta property=\"article:published_time\" content=\"2018-07-23T16:54:55+00:00\" \/>\n<meta property=\"og:image\" content=\"https:\/\/zonacaral.gob.pe\/wp-content\/uploads\/2018\/07\/feria-del-libro-los-valores-21.jpg\" \/>\n\t<meta property=\"og:image:width\" content=\"900\" \/>\n\t<meta property=\"og:image:height\" content=\"700\" \/>\n\t<meta property=\"og:image:type\" content=\"image\/jpeg\" \/>\n<meta name=\"author\" content=\"Zona Caral Administrador\" \/>\n<meta name=\"twitter:card\" content=\"summary_large_image\" \/>\n<meta name=\"twitter:label1\" content=\"Written by\" \/>\n\t<meta name=\"twitter:data1\" content=\"Zona Caral Administrador\" \/>\n\t<meta name=\"twitter:label2\" content=\"Est. reading time\" \/>\n\t<meta name=\"twitter:data2\" content=\"2 minutes\" \/>\n<script type=\"application\/ld+json\" class=\"yoast-schema-graph\">{\"@context\":\"https:\\\/\\\/schema.org\",\"@graph\":[{\"@type\":\"Article\",\"@id\":\"https:\\\/\\\/zonacaral.gob.pe\\\/en\\\/noticias\\\/feria-del-libro-los-valores-de-la-civilizacion-caral\\\/#article\",\"isPartOf\":{\"@id\":\"https:\\\/\\\/zonacaral.gob.pe\\\/en\\\/noticias\\\/feria-del-libro-los-valores-de-la-civilizacion-caral\\\/\"},\"author\":{\"name\":\"Zona Caral Administrador\",\"@id\":\"https:\\\/\\\/zonacaral.gob.pe\\\/es\\\/#\\\/schema\\\/person\\\/beddb4d22f71a7230c5b90913270a0ee\"},\"headline\":\"Feria del Libro: PRESENTAMOS el libro \u201cLos Valores de la Civilizaci\u00f3n Caral\u201d\",\"datePublished\":\"2018-07-23T16:54:55+00:00\",\"mainEntityOfPage\":{\"@id\":\"https:\\\/\\\/zonacaral.gob.pe\\\/en\\\/noticias\\\/feria-del-libro-los-valores-de-la-civilizacion-caral\\\/\"},\"wordCount\":338,\"image\":{\"@id\":\"https:\\\/\\\/zonacaral.gob.pe\\\/en\\\/noticias\\\/feria-del-libro-los-valores-de-la-civilizacion-caral\\\/#primaryimage\"},\"thumbnailUrl\":\"https:\\\/\\\/zonacaral.gob.pe\\\/wp-content\\\/uploads\\\/2018\\\/07\\\/feria-del-libro-los-valores-21.jpg\",\"keywords\":[\"caral\",\"libro valores\"],\"articleSection\":[\"noticias\"],\"inLanguage\":\"en-US\"},{\"@type\":\"WebPage\",\"@id\":\"https:\\\/\\\/zonacaral.gob.pe\\\/en\\\/noticias\\\/feria-del-libro-los-valores-de-la-civilizacion-caral\\\/\",\"url\":\"https:\\\/\\\/zonacaral.gob.pe\\\/en\\\/noticias\\\/feria-del-libro-los-valores-de-la-civilizacion-caral\\\/\",\"name\":\"Feria del Libro: \u201cLos Valores de la Civilizaci\u00f3n Caral\u201d\",\"isPartOf\":{\"@id\":\"https:\\\/\\\/zonacaral.gob.pe\\\/es\\\/#website\"},\"primaryImageOfPage\":{\"@id\":\"https:\\\/\\\/zonacaral.gob.pe\\\/en\\\/noticias\\\/feria-del-libro-los-valores-de-la-civilizacion-caral\\\/#primaryimage\"},\"image\":{\"@id\":\"https:\\\/\\\/zonacaral.gob.pe\\\/en\\\/noticias\\\/feria-del-libro-los-valores-de-la-civilizacion-caral\\\/#primaryimage\"},\"thumbnailUrl\":\"https:\\\/\\\/zonacaral.gob.pe\\\/wp-content\\\/uploads\\\/2018\\\/07\\\/feria-del-libro-los-valores-21.jpg\",\"datePublished\":\"2018-07-23T16:54:55+00:00\",\"author\":{\"@id\":\"https:\\\/\\\/zonacaral.gob.pe\\\/es\\\/#\\\/schema\\\/person\\\/beddb4d22f71a7230c5b90913270a0ee\"},\"description\":\"La Zona Arqueol\u00f3gica Caral (ZAC), UE 003 del Ministerio de Cultura, present\u00f3 en la 23\u00aa Feria Internacional del Libro de Lima, el libro \u00abLos Valores de la Civilizaci\u00f3n Caral: Reflexiones para el \u201cBuen Vivir\u201d\u00bb, teniendo gran participaci\u00f3n del p\u00fablico lector y amante de nuestra cultura.\",\"breadcrumb\":{\"@id\":\"https:\\\/\\\/zonacaral.gob.pe\\\/en\\\/noticias\\\/feria-del-libro-los-valores-de-la-civilizacion-caral\\\/#breadcrumb\"},\"inLanguage\":\"en-US\",\"potentialAction\":[{\"@type\":\"ReadAction\",\"target\":[\"https:\\\/\\\/zonacaral.gob.pe\\\/en\\\/noticias\\\/feria-del-libro-los-valores-de-la-civilizacion-caral\\\/\"]}]},{\"@type\":\"ImageObject\",\"inLanguage\":\"en-US\",\"@id\":\"https:\\\/\\\/zonacaral.gob.pe\\\/en\\\/noticias\\\/feria-del-libro-los-valores-de-la-civilizacion-caral\\\/#primaryimage\",\"url\":\"https:\\\/\\\/zonacaral.gob.pe\\\/wp-content\\\/uploads\\\/2018\\\/07\\\/feria-del-libro-los-valores-21.jpg\",\"contentUrl\":\"https:\\\/\\\/zonacaral.gob.pe\\\/wp-content\\\/uploads\\\/2018\\\/07\\\/feria-del-libro-los-valores-21.jpg\",\"width\":900,\"height\":700},{\"@type\":\"BreadcrumbList\",\"@id\":\"https:\\\/\\\/zonacaral.gob.pe\\\/en\\\/noticias\\\/feria-del-libro-los-valores-de-la-civilizacion-caral\\\/#breadcrumb\",\"itemListElement\":[{\"@type\":\"ListItem\",\"position\":1,\"name\":\"Portada\",\"item\":\"https:\\\/\\\/zonacaral.gob.pe\\\/\"},{\"@type\":\"ListItem\",\"position\":2,\"name\":\"Feria del Libro: PRESENTAMOS el libro \u201cLos Valores de la Civilizaci\u00f3n Caral\u201d\"}]},{\"@type\":\"WebSite\",\"@id\":\"https:\\\/\\\/zonacaral.gob.pe\\\/es\\\/#website\",\"url\":\"https:\\\/\\\/zonacaral.gob.pe\\\/es\\\/\",\"name\":\"Zona Caral\",\"description\":\"Investigamos, conservamos y difundimos el patrimonio cultural de la Civilizaci\u00f3n Caral, la m\u00e1s antigua de Am\u00e9rica.\",\"potentialAction\":[{\"@type\":\"SearchAction\",\"target\":{\"@type\":\"EntryPoint\",\"urlTemplate\":\"https:\\\/\\\/zonacaral.gob.pe\\\/es\\\/?s={search_term_string}\"},\"query-input\":{\"@type\":\"PropertyValueSpecification\",\"valueRequired\":true,\"valueName\":\"search_term_string\"}}],\"inLanguage\":\"en-US\"},{\"@type\":\"Person\",\"@id\":\"https:\\\/\\\/zonacaral.gob.pe\\\/es\\\/#\\\/schema\\\/person\\\/beddb4d22f71a7230c5b90913270a0ee\",\"name\":\"Zona Caral Administrador\",\"image\":{\"@type\":\"ImageObject\",\"inLanguage\":\"en-US\",\"@id\":\"https:\\\/\\\/secure.gravatar.com\\\/avatar\\\/e4be162918a696358376de6446614e0f0f4062bdc5d170d6d540ada3d8b58c12?s=96&d=mm&r=g\",\"url\":\"https:\\\/\\\/secure.gravatar.com\\\/avatar\\\/e4be162918a696358376de6446614e0f0f4062bdc5d170d6d540ada3d8b58c12?s=96&d=mm&r=g\",\"contentUrl\":\"https:\\\/\\\/secure.gravatar.com\\\/avatar\\\/e4be162918a696358376de6446614e0f0f4062bdc5d170d6d540ada3d8b58c12?s=96&d=mm&r=g\",\"caption\":\"Zona Caral Administrador\"},\"sameAs\":[\"https:\\\/\\\/zonacaral.gob.pe\"],\"url\":\"https:\\\/\\\/zonacaral.gob.pe\\\/en\\\/noticias\\\/author\\\/ad_zonacaral\\\/\"}]}<\/script>\n<!-- \/ Yoast SEO plugin. -->","yoast_head_json":{"title":"Feria del Libro: \u201cLos Valores de la Civilizaci\u00f3n Caral\u201d","description":"La Zona Arqueol\u00f3gica Caral (ZAC), UE 003 del Ministerio de Cultura, present\u00f3 en la 23\u00aa Feria Internacional del Libro de Lima, el libro \u00abLos Valores de la Civilizaci\u00f3n Caral: Reflexiones para el \u201cBuen Vivir\u201d\u00bb, teniendo gran participaci\u00f3n del p\u00fablico lector y amante de nuestra cultura.","robots":{"index":"index","follow":"follow","max-snippet":"max-snippet:-1","max-image-preview":"max-image-preview:large","max-video-preview":"max-video-preview:-1"},"canonical":"https:\/\/zonacaral.gob.pe\/en\/noticias\/feria-del-libro-los-valores-de-la-civilizacion-caral\/","og_locale":"en_US","og_type":"article","og_title":"Feria del Libro: \u201cLos Valores de la Civilizaci\u00f3n Caral\u201d","og_description":"La Zona Arqueol\u00f3gica Caral (ZAC), UE 003 del Ministerio de Cultura, present\u00f3 en la 23\u00aa Feria Internacional del Libro de Lima, el libro \u00abLos Valores de la Civilizaci\u00f3n Caral: Reflexiones para el \u201cBuen Vivir\u201d\u00bb, teniendo gran participaci\u00f3n del p\u00fablico lector y amante de nuestra cultura.","og_url":"https:\/\/zonacaral.gob.pe\/en\/noticias\/feria-del-libro-los-valores-de-la-civilizacion-caral\/","og_site_name":"Zona Caral","article_published_time":"2018-07-23T16:54:55+00:00","og_image":[{"width":900,"height":700,"url":"https:\/\/zonacaral.gob.pe\/wp-content\/uploads\/2018\/07\/feria-del-libro-los-valores-21.jpg","type":"image\/jpeg"}],"author":"Zona Caral Administrador","twitter_card":"summary_large_image","twitter_misc":{"Written by":"Zona Caral Administrador","Est. reading time":"2 minutes"},"schema":{"@context":"https:\/\/schema.org","@graph":[{"@type":"Article","@id":"https:\/\/zonacaral.gob.pe\/en\/noticias\/feria-del-libro-los-valores-de-la-civilizacion-caral\/#article","isPartOf":{"@id":"https:\/\/zonacaral.gob.pe\/en\/noticias\/feria-del-libro-los-valores-de-la-civilizacion-caral\/"},"author":{"name":"Zona Caral Administrador","@id":"https:\/\/zonacaral.gob.pe\/es\/#\/schema\/person\/beddb4d22f71a7230c5b90913270a0ee"},"headline":"Feria del Libro: PRESENTAMOS el libro \u201cLos Valores de la Civilizaci\u00f3n Caral\u201d","datePublished":"2018-07-23T16:54:55+00:00","mainEntityOfPage":{"@id":"https:\/\/zonacaral.gob.pe\/en\/noticias\/feria-del-libro-los-valores-de-la-civilizacion-caral\/"},"wordCount":338,"image":{"@id":"https:\/\/zonacaral.gob.pe\/en\/noticias\/feria-del-libro-los-valores-de-la-civilizacion-caral\/#primaryimage"},"thumbnailUrl":"https:\/\/zonacaral.gob.pe\/wp-content\/uploads\/2018\/07\/feria-del-libro-los-valores-21.jpg","keywords":["caral","libro valores"],"articleSection":["noticias"],"inLanguage":"en-US"},{"@type":"WebPage","@id":"https:\/\/zonacaral.gob.pe\/en\/noticias\/feria-del-libro-los-valores-de-la-civilizacion-caral\/","url":"https:\/\/zonacaral.gob.pe\/en\/noticias\/feria-del-libro-los-valores-de-la-civilizacion-caral\/","name":"Feria del Libro: \u201cLos Valores de la Civilizaci\u00f3n Caral\u201d","isPartOf":{"@id":"https:\/\/zonacaral.gob.pe\/es\/#website"},"primaryImageOfPage":{"@id":"https:\/\/zonacaral.gob.pe\/en\/noticias\/feria-del-libro-los-valores-de-la-civilizacion-caral\/#primaryimage"},"image":{"@id":"https:\/\/zonacaral.gob.pe\/en\/noticias\/feria-del-libro-los-valores-de-la-civilizacion-caral\/#primaryimage"},"thumbnailUrl":"https:\/\/zonacaral.gob.pe\/wp-content\/uploads\/2018\/07\/feria-del-libro-los-valores-21.jpg","datePublished":"2018-07-23T16:54:55+00:00","author":{"@id":"https:\/\/zonacaral.gob.pe\/es\/#\/schema\/person\/beddb4d22f71a7230c5b90913270a0ee"},"description":"La Zona Arqueol\u00f3gica Caral (ZAC), UE 003 del Ministerio de Cultura, present\u00f3 en la 23\u00aa Feria Internacional del Libro de Lima, el libro \u00abLos Valores de la Civilizaci\u00f3n Caral: Reflexiones para el \u201cBuen Vivir\u201d\u00bb, teniendo gran participaci\u00f3n del p\u00fablico lector y amante de nuestra cultura.","breadcrumb":{"@id":"https:\/\/zonacaral.gob.pe\/en\/noticias\/feria-del-libro-los-valores-de-la-civilizacion-caral\/#breadcrumb"},"inLanguage":"en-US","potentialAction":[{"@type":"ReadAction","target":["https:\/\/zonacaral.gob.pe\/en\/noticias\/feria-del-libro-los-valores-de-la-civilizacion-caral\/"]}]},{"@type":"ImageObject","inLanguage":"en-US","@id":"https:\/\/zonacaral.gob.pe\/en\/noticias\/feria-del-libro-los-valores-de-la-civilizacion-caral\/#primaryimage","url":"https:\/\/zonacaral.gob.pe\/wp-content\/uploads\/2018\/07\/feria-del-libro-los-valores-21.jpg","contentUrl":"https:\/\/zonacaral.gob.pe\/wp-content\/uploads\/2018\/07\/feria-del-libro-los-valores-21.jpg","width":900,"height":700},{"@type":"BreadcrumbList","@id":"https:\/\/zonacaral.gob.pe\/en\/noticias\/feria-del-libro-los-valores-de-la-civilizacion-caral\/#breadcrumb","itemListElement":[{"@type":"ListItem","position":1,"name":"Portada","item":"https:\/\/zonacaral.gob.pe\/"},{"@type":"ListItem","position":2,"name":"Feria del Libro: PRESENTAMOS el libro \u201cLos Valores de la Civilizaci\u00f3n Caral\u201d"}]},{"@type":"WebSite","@id":"https:\/\/zonacaral.gob.pe\/es\/#website","url":"https:\/\/zonacaral.gob.pe\/es\/","name":"Zona Caral","description":"Investigamos, conservamos y difundimos el patrimonio cultural de la Civilizaci\u00f3n Caral, la m\u00e1s antigua de Am\u00e9rica.","potentialAction":[{"@type":"SearchAction","target":{"@type":"EntryPoint","urlTemplate":"https:\/\/zonacaral.gob.pe\/es\/?s={search_term_string}"},"query-input":{"@type":"PropertyValueSpecification","valueRequired":true,"valueName":"search_term_string"}}],"inLanguage":"en-US"},{"@type":"Person","@id":"https:\/\/zonacaral.gob.pe\/es\/#\/schema\/person\/beddb4d22f71a7230c5b90913270a0ee","name":"Zona Caral Administrador","image":{"@type":"ImageObject","inLanguage":"en-US","@id":"https:\/\/secure.gravatar.com\/avatar\/e4be162918a696358376de6446614e0f0f4062bdc5d170d6d540ada3d8b58c12?s=96&d=mm&r=g","url":"https:\/\/secure.gravatar.com\/avatar\/e4be162918a696358376de6446614e0f0f4062bdc5d170d6d540ada3d8b58c12?s=96&d=mm&r=g","contentUrl":"https:\/\/secure.gravatar.com\/avatar\/e4be162918a696358376de6446614e0f0f4062bdc5d170d6d540ada3d8b58c12?s=96&d=mm&r=g","caption":"Zona Caral Administrador"},"sameAs":["https:\/\/zonacaral.gob.pe"],"url":"https:\/\/zonacaral.gob.pe\/en\/noticias\/author\/ad_zonacaral\/"}]}},"_links":{"self":[{"href":"https:\/\/zonacaral.gob.pe\/en\/wp-json\/wp\/v2\/posts\/13068","targetHints":{"allow":["GET"]}}],"collection":[{"href":"https:\/\/zonacaral.gob.pe\/en\/wp-json\/wp\/v2\/posts"}],"about":[{"href":"https:\/\/zonacaral.gob.pe\/en\/wp-json\/wp\/v2\/types\/post"}],"author":[{"embeddable":true,"href":"https:\/\/zonacaral.gob.pe\/en\/wp-json\/wp\/v2\/users\/1"}],"replies":[{"embeddable":true,"href":"https:\/\/zonacaral.gob.pe\/en\/wp-json\/wp\/v2\/comments?post=13068"}],"version-history":[{"count":0,"href":"https:\/\/zonacaral.gob.pe\/en\/wp-json\/wp\/v2\/posts\/13068\/revisions"}],"wp:featuredmedia":[{"embeddable":true,"href":"https:\/\/zonacaral.gob.pe\/en\/wp-json\/wp\/v2\/media\/13076"}],"wp:attachment":[{"href":"https:\/\/zonacaral.gob.pe\/en\/wp-json\/wp\/v2\/media?parent=13068"}],"wp:term":[{"taxonomy":"category","embeddable":true,"href":"https:\/\/zonacaral.gob.pe\/en\/wp-json\/wp\/v2\/categories?post=13068"},{"taxonomy":"post_tag","embeddable":true,"href":"https:\/\/zonacaral.gob.pe\/en\/wp-json\/wp\/v2\/tags?post=13068"}],"curies":[{"name":"wp","href":"https:\/\/api.w.org\/{rel}","templated":true}]}}