{"id":13118,"date":"2018-07-26T18:09:40","date_gmt":"2018-07-26T23:09:40","guid":{"rendered":"http:\/\/www.zonacaral.gob.pe\/?p=13118"},"modified":"2018-07-26T18:09:40","modified_gmt":"2018-07-26T23:09:40","slug":"fiestas-patrias-este-feriado-conoce-sobre-la-civilizacion-caral","status":"publish","type":"post","link":"https:\/\/zonacaral.gob.pe\/en\/noticias\/fiestas-patrias-este-feriado-conoce-sobre-la-civilizacion-caral\/","title":{"rendered":"Fiestas Patrias: Este feriado conoce m\u00e1s sobre Caral y Nuestro Ej\u00e9rcito"},"content":{"rendered":"<figure class=\"pic-autor\" style=\"color: #4d4d4d; text-align: justify;\"><\/figure>\n<blockquote><p>Combina historia con cultura. Visita el Museo Real Felipe y la Exposici\u00f3n Museogr\u00e1fica sobre los Valores de Caral.<\/p><\/blockquote>\n<p>\u00bfDeseas conocer m\u00e1s sobre el Per\u00fa, sobre su historia y cultura? Visita este feriado el Museo Real Felipe y ll\u00e9nate de peruanidad conociendo la gran Fortaleza Militar del Ej\u00e9rcito del Per\u00fa, construida en el siglo XVIII en nuestro principal puerto, la cual nos defend\u00eda de los ataques piratas y de los corsarios.<\/p>\n<p>Adem\u00e1s, visita la Exposici\u00f3n Museogr\u00e1fica Los Valores de la Civilizaci\u00f3n Caral, en la Auditorio de la Casa del Gobernador de la Fortaleza Real Felipe. La muestra contiene m\u00e1s de 300 recursos museogr\u00e1ficos, como el ajuar de la \u201cDama de los Cuatro Tupus\u201d, los dos huesos de ballenas con tallados ancestrales, figuras pre-cer\u00e1micas no cocidas.<\/p>\n<p>Conocer\u00e1s c\u00f3mo vivieron, c\u00f3mo se organizaron y de qu\u00e9 manera llegaron a construir las grandes pir\u00e1mides. Tambi\u00e9n conocer\u00e1s los valores que se adquirieron hace 5,000 a\u00f1os atr\u00e1s en la Civilizaci\u00f3n m\u00e1s Antigua de Am\u00e9rica, nuestro Patrimonio Mundial.<\/p>\n<p>En estas Fiestas Patrias, rec\u00e1rgate de patriotismo y de amor por el Per\u00fa conociendo nuestro pasado, nuestro valor hist\u00f3rico y cultural.<\/p>\n<p><strong>DATOS<\/strong><\/p>\n<p>La exposici\u00f3n museogr\u00e1fica va del 4 de julio hasta el 30 de setiembre, de 9:00 a.m. a 4:00 p.m., de martes a domingo, en el auditorio de la Casa del Gobernador de la Fortaleza Real Felipe, ubicado en la Plaza Independencia S\/N (altura 1ra. Cdra. Av. S\u00e1enz Pe\u00f1a, Callao). INGRESO GRATIS (Solo indica que ingresas a ver la exposici\u00f3n).<\/p>\n<p>Si deseas conocer y hacer un recorrido por la Fortaleza Real Felipe, el costo es de S\/. 10.00.<\/p>\n<p><strong>TE ESPERAMOS. <\/strong><\/p>\n<p style=\"text-align: justify;\"><span style=\"color: #993300;\"><strong>Fuente<\/strong><strong>: Prensa ZAC<\/strong><\/span><\/p>\n<div style=\"color: #1f1f1f;\">\n<p style=\"text-align: justify;\">Fecha de publicaci\u00f3n: 26\/07\/2018<\/p>\n<\/div>","protected":false},"excerpt":{"rendered":"<p>Combina historia con cultura. Visita el Museo Real Felipe y la Exposici\u00f3n Museogr\u00e1fica sobre los Valores de Caral. \u00bfDeseas conocer [&hellip;]<\/p>\n","protected":false},"author":1,"featured_media":13120,"comment_status":"closed","ping_status":"open","sticky":false,"template":"","format":"standard","meta":{"_acf_changed":false,"site-sidebar-layout":"default","site-content-layout":"","ast-site-content-layout":"default","site-content-style":"default","site-sidebar-style":"default","ast-global-header-display":"","ast-banner-title-visibility":"","ast-main-header-display":"","ast-hfb-above-header-display":"","ast-hfb-below-header-display":"","ast-hfb-mobile-header-display":"","site-post-title":"","ast-breadcrumbs-content":"","ast-featured-img":"","footer-sml-layout":"","ast-disable-related-posts":"","theme-transparent-header-meta":"","adv-header-id-meta":"","stick-header-meta":"","header-above-stick-meta":"","header-main-stick-meta":"","header-below-stick-meta":"","astra-migrate-meta-layouts":"default","ast-page-background-enabled":"default","ast-page-background-meta":{"desktop":{"background-color":"var(--ast-global-color-5)","background-image":"","background-repeat":"repeat","background-position":"center center","background-size":"auto","background-attachment":"scroll","background-type":"","background-media":"","overlay-type":"","overlay-color":"","overlay-opacity":"","overlay-gradient":""},"tablet":{"background-color":"","background-image":"","background-repeat":"repeat","background-position":"center center","background-size":"auto","background-attachment":"scroll","background-type":"","background-media":"","overlay-type":"","overlay-color":"","overlay-opacity":"","overlay-gradient":""},"mobile":{"background-color":"","background-image":"","background-repeat":"repeat","background-position":"center center","background-size":"auto","background-attachment":"scroll","background-type":"","background-media":"","overlay-type":"","overlay-color":"","overlay-opacity":"","overlay-gradient":""}},"ast-content-background-meta":{"desktop":{"background-color":"var(--ast-global-color-4)","background-image":"","background-repeat":"repeat","background-position":"center center","background-size":"auto","background-attachment":"scroll","background-type":"","background-media":"","overlay-type":"","overlay-color":"","overlay-opacity":"","overlay-gradient":""},"tablet":{"background-color":"var(--ast-global-color-4)","background-image":"","background-repeat":"repeat","background-position":"center center","background-size":"auto","background-attachment":"scroll","background-type":"","background-media":"","overlay-type":"","overlay-color":"","overlay-opacity":"","overlay-gradient":""},"mobile":{"background-color":"var(--ast-global-color-4)","background-image":"","background-repeat":"repeat","background-position":"center center","background-size":"auto","background-attachment":"scroll","background-type":"","background-media":"","overlay-type":"","overlay-color":"","overlay-opacity":"","overlay-gradient":""}},"footnotes":""},"categories":[208],"tags":[55,162],"class_list":["post-13118","post","type-post","status-publish","format-standard","has-post-thumbnail","hentry","category-noticias","tag-caral","tag-libro-valores"],"acf":[],"yoast_head":"<!-- This site is optimized with the Yoast SEO plugin v27.3 - https:\/\/yoast.com\/product\/yoast-seo-wordpress\/ -->\n<title>FIESTAS PATRIAS: FERIADO CONOCE SOBRE CARAL Y NUESTRO EJ\u00c9RCITO<\/title>\n<meta name=\"description\" content=\"Combina historia con cultura. Visita el Museo Real Felipe y la Exposici\u00f3n Museogr\u00e1fica sobre los Valores de Caral.\" \/>\n<meta name=\"robots\" content=\"index, follow, max-snippet:-1, max-image-preview:large, max-video-preview:-1\" \/>\n<link rel=\"canonical\" href=\"https:\/\/zonacaral.gob.pe\/en\/noticias\/fiestas-patrias-este-feriado-conoce-sobre-la-civilizacion-caral\/\" \/>\n<meta property=\"og:locale\" content=\"en_US\" \/>\n<meta property=\"og:type\" content=\"article\" \/>\n<meta property=\"og:title\" content=\"FIESTAS PATRIAS: FERIADO CONOCE SOBRE CARAL Y NUESTRO EJ\u00c9RCITO\" \/>\n<meta property=\"og:description\" content=\"Combina historia con cultura. Visita el Museo Real Felipe y la Exposici\u00f3n Museogr\u00e1fica sobre los Valores de Caral.\" \/>\n<meta property=\"og:url\" content=\"https:\/\/zonacaral.gob.pe\/en\/noticias\/fiestas-patrias-este-feriado-conoce-sobre-la-civilizacion-caral\/\" \/>\n<meta property=\"og:site_name\" content=\"Zona Caral\" \/>\n<meta property=\"article:published_time\" content=\"2018-07-26T23:09:40+00:00\" \/>\n<meta property=\"og:image\" content=\"https:\/\/zonacaral.gob.pe\/wp-content\/uploads\/2018\/07\/1.jpg\" \/>\n\t<meta property=\"og:image:width\" content=\"900\" \/>\n\t<meta property=\"og:image:height\" content=\"700\" \/>\n\t<meta property=\"og:image:type\" content=\"image\/jpeg\" \/>\n<meta name=\"author\" content=\"Zona Caral Administrador\" \/>\n<meta name=\"twitter:card\" content=\"summary_large_image\" \/>\n<meta name=\"twitter:label1\" content=\"Written by\" \/>\n\t<meta name=\"twitter:data1\" content=\"Zona Caral Administrador\" \/>\n\t<meta name=\"twitter:label2\" content=\"Est. reading time\" \/>\n\t<meta name=\"twitter:data2\" content=\"1 minute\" \/>\n<script type=\"application\/ld+json\" class=\"yoast-schema-graph\">{\"@context\":\"https:\\\/\\\/schema.org\",\"@graph\":[{\"@type\":\"Article\",\"@id\":\"https:\\\/\\\/zonacaral.gob.pe\\\/en\\\/noticias\\\/fiestas-patrias-este-feriado-conoce-sobre-la-civilizacion-caral\\\/#article\",\"isPartOf\":{\"@id\":\"https:\\\/\\\/zonacaral.gob.pe\\\/en\\\/noticias\\\/fiestas-patrias-este-feriado-conoce-sobre-la-civilizacion-caral\\\/\"},\"author\":{\"name\":\"Zona Caral Administrador\",\"@id\":\"https:\\\/\\\/zonacaral.gob.pe\\\/es\\\/#\\\/schema\\\/person\\\/beddb4d22f71a7230c5b90913270a0ee\"},\"headline\":\"Fiestas Patrias: Este feriado conoce m\u00e1s sobre Caral y Nuestro Ej\u00e9rcito\",\"datePublished\":\"2018-07-26T23:09:40+00:00\",\"mainEntityOfPage\":{\"@id\":\"https:\\\/\\\/zonacaral.gob.pe\\\/en\\\/noticias\\\/fiestas-patrias-este-feriado-conoce-sobre-la-civilizacion-caral\\\/\"},\"wordCount\":309,\"image\":{\"@id\":\"https:\\\/\\\/zonacaral.gob.pe\\\/en\\\/noticias\\\/fiestas-patrias-este-feriado-conoce-sobre-la-civilizacion-caral\\\/#primaryimage\"},\"thumbnailUrl\":\"https:\\\/\\\/zonacaral.gob.pe\\\/wp-content\\\/uploads\\\/2018\\\/07\\\/1.jpg\",\"keywords\":[\"caral\",\"libro valores\"],\"articleSection\":[\"noticias\"],\"inLanguage\":\"en-US\"},{\"@type\":\"WebPage\",\"@id\":\"https:\\\/\\\/zonacaral.gob.pe\\\/en\\\/noticias\\\/fiestas-patrias-este-feriado-conoce-sobre-la-civilizacion-caral\\\/\",\"url\":\"https:\\\/\\\/zonacaral.gob.pe\\\/en\\\/noticias\\\/fiestas-patrias-este-feriado-conoce-sobre-la-civilizacion-caral\\\/\",\"name\":\"FIESTAS PATRIAS: FERIADO CONOCE SOBRE CARAL Y NUESTRO EJ\u00c9RCITO\",\"isPartOf\":{\"@id\":\"https:\\\/\\\/zonacaral.gob.pe\\\/es\\\/#website\"},\"primaryImageOfPage\":{\"@id\":\"https:\\\/\\\/zonacaral.gob.pe\\\/en\\\/noticias\\\/fiestas-patrias-este-feriado-conoce-sobre-la-civilizacion-caral\\\/#primaryimage\"},\"image\":{\"@id\":\"https:\\\/\\\/zonacaral.gob.pe\\\/en\\\/noticias\\\/fiestas-patrias-este-feriado-conoce-sobre-la-civilizacion-caral\\\/#primaryimage\"},\"thumbnailUrl\":\"https:\\\/\\\/zonacaral.gob.pe\\\/wp-content\\\/uploads\\\/2018\\\/07\\\/1.jpg\",\"datePublished\":\"2018-07-26T23:09:40+00:00\",\"author\":{\"@id\":\"https:\\\/\\\/zonacaral.gob.pe\\\/es\\\/#\\\/schema\\\/person\\\/beddb4d22f71a7230c5b90913270a0ee\"},\"description\":\"Combina historia con cultura. Visita el Museo Real Felipe y la Exposici\u00f3n Museogr\u00e1fica sobre los Valores de Caral.\",\"breadcrumb\":{\"@id\":\"https:\\\/\\\/zonacaral.gob.pe\\\/en\\\/noticias\\\/fiestas-patrias-este-feriado-conoce-sobre-la-civilizacion-caral\\\/#breadcrumb\"},\"inLanguage\":\"en-US\",\"potentialAction\":[{\"@type\":\"ReadAction\",\"target\":[\"https:\\\/\\\/zonacaral.gob.pe\\\/en\\\/noticias\\\/fiestas-patrias-este-feriado-conoce-sobre-la-civilizacion-caral\\\/\"]}]},{\"@type\":\"ImageObject\",\"inLanguage\":\"en-US\",\"@id\":\"https:\\\/\\\/zonacaral.gob.pe\\\/en\\\/noticias\\\/fiestas-patrias-este-feriado-conoce-sobre-la-civilizacion-caral\\\/#primaryimage\",\"url\":\"https:\\\/\\\/zonacaral.gob.pe\\\/wp-content\\\/uploads\\\/2018\\\/07\\\/1.jpg\",\"contentUrl\":\"https:\\\/\\\/zonacaral.gob.pe\\\/wp-content\\\/uploads\\\/2018\\\/07\\\/1.jpg\",\"width\":900,\"height\":700},{\"@type\":\"BreadcrumbList\",\"@id\":\"https:\\\/\\\/zonacaral.gob.pe\\\/en\\\/noticias\\\/fiestas-patrias-este-feriado-conoce-sobre-la-civilizacion-caral\\\/#breadcrumb\",\"itemListElement\":[{\"@type\":\"ListItem\",\"position\":1,\"name\":\"Portada\",\"item\":\"https:\\\/\\\/zonacaral.gob.pe\\\/\"},{\"@type\":\"ListItem\",\"position\":2,\"name\":\"Fiestas Patrias: Este feriado conoce m\u00e1s sobre Caral y Nuestro Ej\u00e9rcito\"}]},{\"@type\":\"WebSite\",\"@id\":\"https:\\\/\\\/zonacaral.gob.pe\\\/es\\\/#website\",\"url\":\"https:\\\/\\\/zonacaral.gob.pe\\\/es\\\/\",\"name\":\"Zona Caral\",\"description\":\"Investigamos, conservamos y difundimos el patrimonio cultural de la Civilizaci\u00f3n Caral, la m\u00e1s antigua de Am\u00e9rica.\",\"potentialAction\":[{\"@type\":\"SearchAction\",\"target\":{\"@type\":\"EntryPoint\",\"urlTemplate\":\"https:\\\/\\\/zonacaral.gob.pe\\\/es\\\/?s={search_term_string}\"},\"query-input\":{\"@type\":\"PropertyValueSpecification\",\"valueRequired\":true,\"valueName\":\"search_term_string\"}}],\"inLanguage\":\"en-US\"},{\"@type\":\"Person\",\"@id\":\"https:\\\/\\\/zonacaral.gob.pe\\\/es\\\/#\\\/schema\\\/person\\\/beddb4d22f71a7230c5b90913270a0ee\",\"name\":\"Zona Caral Administrador\",\"image\":{\"@type\":\"ImageObject\",\"inLanguage\":\"en-US\",\"@id\":\"https:\\\/\\\/secure.gravatar.com\\\/avatar\\\/e4be162918a696358376de6446614e0f0f4062bdc5d170d6d540ada3d8b58c12?s=96&d=mm&r=g\",\"url\":\"https:\\\/\\\/secure.gravatar.com\\\/avatar\\\/e4be162918a696358376de6446614e0f0f4062bdc5d170d6d540ada3d8b58c12?s=96&d=mm&r=g\",\"contentUrl\":\"https:\\\/\\\/secure.gravatar.com\\\/avatar\\\/e4be162918a696358376de6446614e0f0f4062bdc5d170d6d540ada3d8b58c12?s=96&d=mm&r=g\",\"caption\":\"Zona Caral Administrador\"},\"sameAs\":[\"https:\\\/\\\/zonacaral.gob.pe\"],\"url\":\"https:\\\/\\\/zonacaral.gob.pe\\\/en\\\/noticias\\\/author\\\/ad_zonacaral\\\/\"}]}<\/script>\n<!-- \/ Yoast SEO plugin. -->","yoast_head_json":{"title":"FIESTAS PATRIAS: FERIADO CONOCE SOBRE CARAL Y NUESTRO EJ\u00c9RCITO","description":"Combina historia con cultura. Visita el Museo Real Felipe y la Exposici\u00f3n Museogr\u00e1fica sobre los Valores de Caral.","robots":{"index":"index","follow":"follow","max-snippet":"max-snippet:-1","max-image-preview":"max-image-preview:large","max-video-preview":"max-video-preview:-1"},"canonical":"https:\/\/zonacaral.gob.pe\/en\/noticias\/fiestas-patrias-este-feriado-conoce-sobre-la-civilizacion-caral\/","og_locale":"en_US","og_type":"article","og_title":"FIESTAS PATRIAS: FERIADO CONOCE SOBRE CARAL Y NUESTRO EJ\u00c9RCITO","og_description":"Combina historia con cultura. Visita el Museo Real Felipe y la Exposici\u00f3n Museogr\u00e1fica sobre los Valores de Caral.","og_url":"https:\/\/zonacaral.gob.pe\/en\/noticias\/fiestas-patrias-este-feriado-conoce-sobre-la-civilizacion-caral\/","og_site_name":"Zona Caral","article_published_time":"2018-07-26T23:09:40+00:00","og_image":[{"width":900,"height":700,"url":"https:\/\/zonacaral.gob.pe\/wp-content\/uploads\/2018\/07\/1.jpg","type":"image\/jpeg"}],"author":"Zona Caral Administrador","twitter_card":"summary_large_image","twitter_misc":{"Written by":"Zona Caral Administrador","Est. reading time":"1 minute"},"schema":{"@context":"https:\/\/schema.org","@graph":[{"@type":"Article","@id":"https:\/\/zonacaral.gob.pe\/en\/noticias\/fiestas-patrias-este-feriado-conoce-sobre-la-civilizacion-caral\/#article","isPartOf":{"@id":"https:\/\/zonacaral.gob.pe\/en\/noticias\/fiestas-patrias-este-feriado-conoce-sobre-la-civilizacion-caral\/"},"author":{"name":"Zona Caral Administrador","@id":"https:\/\/zonacaral.gob.pe\/es\/#\/schema\/person\/beddb4d22f71a7230c5b90913270a0ee"},"headline":"Fiestas Patrias: Este feriado conoce m\u00e1s sobre Caral y Nuestro Ej\u00e9rcito","datePublished":"2018-07-26T23:09:40+00:00","mainEntityOfPage":{"@id":"https:\/\/zonacaral.gob.pe\/en\/noticias\/fiestas-patrias-este-feriado-conoce-sobre-la-civilizacion-caral\/"},"wordCount":309,"image":{"@id":"https:\/\/zonacaral.gob.pe\/en\/noticias\/fiestas-patrias-este-feriado-conoce-sobre-la-civilizacion-caral\/#primaryimage"},"thumbnailUrl":"https:\/\/zonacaral.gob.pe\/wp-content\/uploads\/2018\/07\/1.jpg","keywords":["caral","libro valores"],"articleSection":["noticias"],"inLanguage":"en-US"},{"@type":"WebPage","@id":"https:\/\/zonacaral.gob.pe\/en\/noticias\/fiestas-patrias-este-feriado-conoce-sobre-la-civilizacion-caral\/","url":"https:\/\/zonacaral.gob.pe\/en\/noticias\/fiestas-patrias-este-feriado-conoce-sobre-la-civilizacion-caral\/","name":"FIESTAS PATRIAS: FERIADO CONOCE SOBRE CARAL Y NUESTRO EJ\u00c9RCITO","isPartOf":{"@id":"https:\/\/zonacaral.gob.pe\/es\/#website"},"primaryImageOfPage":{"@id":"https:\/\/zonacaral.gob.pe\/en\/noticias\/fiestas-patrias-este-feriado-conoce-sobre-la-civilizacion-caral\/#primaryimage"},"image":{"@id":"https:\/\/zonacaral.gob.pe\/en\/noticias\/fiestas-patrias-este-feriado-conoce-sobre-la-civilizacion-caral\/#primaryimage"},"thumbnailUrl":"https:\/\/zonacaral.gob.pe\/wp-content\/uploads\/2018\/07\/1.jpg","datePublished":"2018-07-26T23:09:40+00:00","author":{"@id":"https:\/\/zonacaral.gob.pe\/es\/#\/schema\/person\/beddb4d22f71a7230c5b90913270a0ee"},"description":"Combina historia con cultura. Visita el Museo Real Felipe y la Exposici\u00f3n Museogr\u00e1fica sobre los Valores de Caral.","breadcrumb":{"@id":"https:\/\/zonacaral.gob.pe\/en\/noticias\/fiestas-patrias-este-feriado-conoce-sobre-la-civilizacion-caral\/#breadcrumb"},"inLanguage":"en-US","potentialAction":[{"@type":"ReadAction","target":["https:\/\/zonacaral.gob.pe\/en\/noticias\/fiestas-patrias-este-feriado-conoce-sobre-la-civilizacion-caral\/"]}]},{"@type":"ImageObject","inLanguage":"en-US","@id":"https:\/\/zonacaral.gob.pe\/en\/noticias\/fiestas-patrias-este-feriado-conoce-sobre-la-civilizacion-caral\/#primaryimage","url":"https:\/\/zonacaral.gob.pe\/wp-content\/uploads\/2018\/07\/1.jpg","contentUrl":"https:\/\/zonacaral.gob.pe\/wp-content\/uploads\/2018\/07\/1.jpg","width":900,"height":700},{"@type":"BreadcrumbList","@id":"https:\/\/zonacaral.gob.pe\/en\/noticias\/fiestas-patrias-este-feriado-conoce-sobre-la-civilizacion-caral\/#breadcrumb","itemListElement":[{"@type":"ListItem","position":1,"name":"Portada","item":"https:\/\/zonacaral.gob.pe\/"},{"@type":"ListItem","position":2,"name":"Fiestas Patrias: Este feriado conoce m\u00e1s sobre Caral y Nuestro Ej\u00e9rcito"}]},{"@type":"WebSite","@id":"https:\/\/zonacaral.gob.pe\/es\/#website","url":"https:\/\/zonacaral.gob.pe\/es\/","name":"Zona Caral","description":"Investigamos, conservamos y difundimos el patrimonio cultural de la Civilizaci\u00f3n Caral, la m\u00e1s antigua de Am\u00e9rica.","potentialAction":[{"@type":"SearchAction","target":{"@type":"EntryPoint","urlTemplate":"https:\/\/zonacaral.gob.pe\/es\/?s={search_term_string}"},"query-input":{"@type":"PropertyValueSpecification","valueRequired":true,"valueName":"search_term_string"}}],"inLanguage":"en-US"},{"@type":"Person","@id":"https:\/\/zonacaral.gob.pe\/es\/#\/schema\/person\/beddb4d22f71a7230c5b90913270a0ee","name":"Zona Caral Administrador","image":{"@type":"ImageObject","inLanguage":"en-US","@id":"https:\/\/secure.gravatar.com\/avatar\/e4be162918a696358376de6446614e0f0f4062bdc5d170d6d540ada3d8b58c12?s=96&d=mm&r=g","url":"https:\/\/secure.gravatar.com\/avatar\/e4be162918a696358376de6446614e0f0f4062bdc5d170d6d540ada3d8b58c12?s=96&d=mm&r=g","contentUrl":"https:\/\/secure.gravatar.com\/avatar\/e4be162918a696358376de6446614e0f0f4062bdc5d170d6d540ada3d8b58c12?s=96&d=mm&r=g","caption":"Zona Caral Administrador"},"sameAs":["https:\/\/zonacaral.gob.pe"],"url":"https:\/\/zonacaral.gob.pe\/en\/noticias\/author\/ad_zonacaral\/"}]}},"_links":{"self":[{"href":"https:\/\/zonacaral.gob.pe\/en\/wp-json\/wp\/v2\/posts\/13118","targetHints":{"allow":["GET"]}}],"collection":[{"href":"https:\/\/zonacaral.gob.pe\/en\/wp-json\/wp\/v2\/posts"}],"about":[{"href":"https:\/\/zonacaral.gob.pe\/en\/wp-json\/wp\/v2\/types\/post"}],"author":[{"embeddable":true,"href":"https:\/\/zonacaral.gob.pe\/en\/wp-json\/wp\/v2\/users\/1"}],"replies":[{"embeddable":true,"href":"https:\/\/zonacaral.gob.pe\/en\/wp-json\/wp\/v2\/comments?post=13118"}],"version-history":[{"count":0,"href":"https:\/\/zonacaral.gob.pe\/en\/wp-json\/wp\/v2\/posts\/13118\/revisions"}],"wp:featuredmedia":[{"embeddable":true,"href":"https:\/\/zonacaral.gob.pe\/en\/wp-json\/wp\/v2\/media\/13120"}],"wp:attachment":[{"href":"https:\/\/zonacaral.gob.pe\/en\/wp-json\/wp\/v2\/media?parent=13118"}],"wp:term":[{"taxonomy":"category","embeddable":true,"href":"https:\/\/zonacaral.gob.pe\/en\/wp-json\/wp\/v2\/categories?post=13118"},{"taxonomy":"post_tag","embeddable":true,"href":"https:\/\/zonacaral.gob.pe\/en\/wp-json\/wp\/v2\/tags?post=13118"}],"curies":[{"name":"wp","href":"https:\/\/api.w.org\/{rel}","templated":true}]}}