{"id":13149,"date":"2018-08-07T18:30:25","date_gmt":"2018-08-07T23:30:25","guid":{"rendered":"http:\/\/www.zonacaral.gob.pe\/?p=13149"},"modified":"2018-08-07T18:30:25","modified_gmt":"2018-08-07T23:30:25","slug":"vichama-celebra-11-anos-de-historia-e-investigacion","status":"publish","type":"post","link":"https:\/\/zonacaral.gob.pe\/en\/noticias\/vichama-celebra-11-anos-de-historia-e-investigacion\/","title":{"rendered":"Vichama celebra 11 a\u00f1os de Historia e Investigaci\u00f3n"},"content":{"rendered":"<figure class=\"pic-autor\" style=\"color: #4d4d4d; text-align: justify;\"><\/figure>\n<blockquote><p>El sitio arqueol\u00f3gico de Vichama, Ciudad Agropesquera de la Civilizaci\u00f3n Caral, celebrar\u00e1, el viernes 31 de agosto y s\u00e1bado 1 de setiembre, su onceavo aniversario de puesta en valor, de historia e investigaci\u00f3n con diversas actividades culturales gratuitas.<\/p><\/blockquote>\n<p>Los actos, que estar\u00e1n encabezadas por la Dra. Ruth Shady, iniciar\u00e1n el viernes por la tarde con un colorido pasacalle y concurso de faroles en la que participar\u00e1n diferentes instituciones educativas de los distritos de Huaura, regi\u00f3n Lima.\u2028\u2028El mismo d\u00eda, por la noche, se realizar\u00e1 en el sitio arqueol\u00f3gico de Vichama el tradicional Pago a la Tierra, en la que representaciones de las autoridades y de los pobladores de la \u00e9poca, se encargar\u00e1n de realizar esta ancestral ceremonia.<\/p>\n<p>Al d\u00eda siguiente, el s\u00e1bado 1 de setiembre, se desarrollar\u00e1n varias actividades culturales, como bailes, m\u00fasica y un festival de comidas y bebidas que podr\u00e1n disfrutar todos los visitantes.<\/p>\n<p>Tambi\u00e9n se premiar\u00e1 a los ganadores de los concursos organizados por el Aniversario de Vichama, Ciudad Agropesquera de la Civilizaci\u00f3n Caral, Memoria Colectiva de Cambio Clim\u00e1tico de hace 3 800 a\u00f1os.<\/p>\n<p>Se ubica al norte de Lima, dentro del distrito de V\u00e9gueta, provincia de Huaura. A aproximadamente dos horas de viaje. En Huaura podemos encontrar otros sitios arqueol\u00f3gicos como la Playa Don Mart\u00edn, las Alb\u00faferas de Medio Mundo, el Museo Comunitario de V\u00e9gueta, entre otros lugares tur\u00edsticos.<\/p>\n<p><strong>\u2028DATOS\u2028\u2028<\/strong><\/p>\n<p>&#8211; Se est\u00e1 organizando un viaje con campamento (2 d\u00edas \u2013 1 noche) para todos lo que quieran participar de estas actividades gratuitas. <a href=\"https:\/\/zonacaral.gob.pe\/en\/viajes-educativos\/salidas-semanales\/campamento-miura-camp\/\">M\u00c1S INFORMES Y COSTOS AQU\u00cd<\/a>.<\/p>\n<p>&#8211; Se ha organizado viajes individuales; es decir, un full day (viernes \u2013 s\u00e1bado &#8211; domingo). <strong><a href=\"https:\/\/zonacaral.gob.pe\/en\/viajes-educativos\/\">M\u00c1S INFORMES Y COSTOS AQU\u00cd<\/a><\/strong>.<\/p>\n<p>&#8211; La participaci\u00f3n de los visitantes en la comparsa, en el Pago a la Tierra y dem\u00e1s actividades culturales de los dos d\u00edas son gratuitos.<\/p>\n<p>&#8211; <a href=\"https:\/\/zonacaral.gob.pe\/en\/conoce-caral\/como-llegar-a-vichama\/\">Conoce c\u00f3mo llegar a Vichama <strong>aqu\u00ed<\/strong>.<\/a><\/p>\n<p style=\"text-align: justify;\"><span style=\"color: #993300;\"><strong>Fuente<\/strong><strong>: Prensa ZAC<\/strong><\/span><\/p>\n<div style=\"color: #1f1f1f;\">\n<p style=\"text-align: justify;\">Fecha de publicaci\u00f3n: 07\/08\/2018<\/p>\n<\/div>","protected":false},"excerpt":{"rendered":"<p>El sitio arqueol\u00f3gico de Vichama, Ciudad Agropesquera de la Civilizaci\u00f3n Caral, celebrar\u00e1, el viernes 31 de agosto y s\u00e1bado 1 [&hellip;]<\/p>\n","protected":false},"author":1,"featured_media":13150,"comment_status":"closed","ping_status":"open","sticky":false,"template":"","format":"standard","meta":{"_acf_changed":false,"site-sidebar-layout":"default","site-content-layout":"","ast-site-content-layout":"default","site-content-style":"default","site-sidebar-style":"default","ast-global-header-display":"","ast-banner-title-visibility":"","ast-main-header-display":"","ast-hfb-above-header-display":"","ast-hfb-below-header-display":"","ast-hfb-mobile-header-display":"","site-post-title":"","ast-breadcrumbs-content":"","ast-featured-img":"","footer-sml-layout":"","ast-disable-related-posts":"","theme-transparent-header-meta":"","adv-header-id-meta":"","stick-header-meta":"","header-above-stick-meta":"","header-main-stick-meta":"","header-below-stick-meta":"","astra-migrate-meta-layouts":"default","ast-page-background-enabled":"default","ast-page-background-meta":{"desktop":{"background-color":"var(--ast-global-color-5)","background-image":"","background-repeat":"repeat","background-position":"center center","background-size":"auto","background-attachment":"scroll","background-type":"","background-media":"","overlay-type":"","overlay-color":"","overlay-opacity":"","overlay-gradient":""},"tablet":{"background-color":"","background-image":"","background-repeat":"repeat","background-position":"center center","background-size":"auto","background-attachment":"scroll","background-type":"","background-media":"","overlay-type":"","overlay-color":"","overlay-opacity":"","overlay-gradient":""},"mobile":{"background-color":"","background-image":"","background-repeat":"repeat","background-position":"center center","background-size":"auto","background-attachment":"scroll","background-type":"","background-media":"","overlay-type":"","overlay-color":"","overlay-opacity":"","overlay-gradient":""}},"ast-content-background-meta":{"desktop":{"background-color":"var(--ast-global-color-4)","background-image":"","background-repeat":"repeat","background-position":"center center","background-size":"auto","background-attachment":"scroll","background-type":"","background-media":"","overlay-type":"","overlay-color":"","overlay-opacity":"","overlay-gradient":""},"tablet":{"background-color":"var(--ast-global-color-4)","background-image":"","background-repeat":"repeat","background-position":"center center","background-size":"auto","background-attachment":"scroll","background-type":"","background-media":"","overlay-type":"","overlay-color":"","overlay-opacity":"","overlay-gradient":""},"mobile":{"background-color":"var(--ast-global-color-4)","background-image":"","background-repeat":"repeat","background-position":"center center","background-size":"auto","background-attachment":"scroll","background-type":"","background-media":"","overlay-type":"","overlay-color":"","overlay-opacity":"","overlay-gradient":""}},"footnotes":""},"categories":[208],"tags":[55,171,172],"class_list":["post-13149","post","type-post","status-publish","format-standard","has-post-thumbnail","hentry","category-noticias","tag-caral","tag-descubrimientos","tag-top-anual"],"acf":[],"yoast_head":"<!-- This site is optimized with the Yoast SEO plugin v27.3 - https:\/\/yoast.com\/product\/yoast-seo-wordpress\/ -->\n<title>Vichama celebra 11 a\u00f1os de Historia e Investigaci\u00f3n<\/title>\n<meta name=\"description\" content=\"El sitio arqueol\u00f3gico de Vichama, Ciudad Agropesquera de la Civilizaci\u00f3n Caral, celebrar\u00e1, el viernes 31 de agosto y s\u00e1bado 1 de setiembre, su onceavo aniversario de puesta en valor, de historia e investigaci\u00f3n con diversas actividades culturales gratuitas.\" \/>\n<meta name=\"robots\" content=\"index, follow, max-snippet:-1, max-image-preview:large, max-video-preview:-1\" \/>\n<link rel=\"canonical\" href=\"https:\/\/zonacaral.gob.pe\/en\/noticias\/vichama-celebra-11-anos-de-historia-e-investigacion\/\" \/>\n<meta property=\"og:locale\" content=\"en_US\" \/>\n<meta property=\"og:type\" content=\"article\" \/>\n<meta property=\"og:title\" content=\"Vichama celebra 11 a\u00f1os de Historia e Investigaci\u00f3n\" \/>\n<meta property=\"og:description\" content=\"El sitio arqueol\u00f3gico de Vichama, Ciudad Agropesquera de la Civilizaci\u00f3n Caral, celebrar\u00e1, el viernes 31 de agosto y s\u00e1bado 1 de setiembre, su onceavo aniversario de puesta en valor, de historia e investigaci\u00f3n con diversas actividades culturales gratuitas.\" \/>\n<meta property=\"og:url\" content=\"https:\/\/zonacaral.gob.pe\/en\/noticias\/vichama-celebra-11-anos-de-historia-e-investigacion\/\" \/>\n<meta property=\"og:site_name\" content=\"Zona Caral\" \/>\n<meta property=\"article:published_time\" content=\"2018-08-07T23:30:25+00:00\" \/>\n<meta property=\"og:image\" content=\"https:\/\/zonacaral.gob.pe\/wp-content\/uploads\/2018\/08\/vichama11.jpg\" \/>\n\t<meta property=\"og:image:width\" content=\"810\" \/>\n\t<meta property=\"og:image:height\" content=\"410\" \/>\n\t<meta property=\"og:image:type\" content=\"image\/jpeg\" \/>\n<meta name=\"author\" content=\"Zona Caral Administrador\" \/>\n<meta name=\"twitter:card\" content=\"summary_large_image\" \/>\n<meta name=\"twitter:label1\" content=\"Written by\" \/>\n\t<meta name=\"twitter:data1\" content=\"Zona Caral Administrador\" \/>\n\t<meta name=\"twitter:label2\" content=\"Est. reading time\" \/>\n\t<meta name=\"twitter:data2\" content=\"2 minutes\" \/>\n<script type=\"application\/ld+json\" class=\"yoast-schema-graph\">{\"@context\":\"https:\\\/\\\/schema.org\",\"@graph\":[{\"@type\":\"Article\",\"@id\":\"https:\\\/\\\/zonacaral.gob.pe\\\/es\\\/noticias\\\/vichama-celebra-11-anos-de-historia-e-investigacion\\\/#article\",\"isPartOf\":{\"@id\":\"https:\\\/\\\/zonacaral.gob.pe\\\/es\\\/noticias\\\/vichama-celebra-11-anos-de-historia-e-investigacion\\\/\"},\"author\":{\"name\":\"Zona Caral Administrador\",\"@id\":\"https:\\\/\\\/zonacaral.gob.pe\\\/es\\\/#\\\/schema\\\/person\\\/beddb4d22f71a7230c5b90913270a0ee\"},\"headline\":\"Vichama celebra 11 a\u00f1os de Historia e Investigaci\u00f3n\",\"datePublished\":\"2018-08-07T23:30:25+00:00\",\"mainEntityOfPage\":{\"@id\":\"https:\\\/\\\/zonacaral.gob.pe\\\/es\\\/noticias\\\/vichama-celebra-11-anos-de-historia-e-investigacion\\\/\"},\"wordCount\":346,\"image\":{\"@id\":\"https:\\\/\\\/zonacaral.gob.pe\\\/es\\\/noticias\\\/vichama-celebra-11-anos-de-historia-e-investigacion\\\/#primaryimage\"},\"thumbnailUrl\":\"https:\\\/\\\/zonacaral.gob.pe\\\/wp-content\\\/uploads\\\/2018\\\/08\\\/vichama11.jpg\",\"keywords\":[\"caral\",\"descubrimientos\",\"top anual\"],\"articleSection\":[\"noticias\"],\"inLanguage\":\"en-US\"},{\"@type\":\"WebPage\",\"@id\":\"https:\\\/\\\/zonacaral.gob.pe\\\/es\\\/noticias\\\/vichama-celebra-11-anos-de-historia-e-investigacion\\\/\",\"url\":\"https:\\\/\\\/zonacaral.gob.pe\\\/es\\\/noticias\\\/vichama-celebra-11-anos-de-historia-e-investigacion\\\/\",\"name\":\"Vichama celebra 11 a\u00f1os de Historia e Investigaci\u00f3n\",\"isPartOf\":{\"@id\":\"https:\\\/\\\/zonacaral.gob.pe\\\/es\\\/#website\"},\"primaryImageOfPage\":{\"@id\":\"https:\\\/\\\/zonacaral.gob.pe\\\/es\\\/noticias\\\/vichama-celebra-11-anos-de-historia-e-investigacion\\\/#primaryimage\"},\"image\":{\"@id\":\"https:\\\/\\\/zonacaral.gob.pe\\\/es\\\/noticias\\\/vichama-celebra-11-anos-de-historia-e-investigacion\\\/#primaryimage\"},\"thumbnailUrl\":\"https:\\\/\\\/zonacaral.gob.pe\\\/wp-content\\\/uploads\\\/2018\\\/08\\\/vichama11.jpg\",\"datePublished\":\"2018-08-07T23:30:25+00:00\",\"author\":{\"@id\":\"https:\\\/\\\/zonacaral.gob.pe\\\/es\\\/#\\\/schema\\\/person\\\/beddb4d22f71a7230c5b90913270a0ee\"},\"description\":\"El sitio arqueol\u00f3gico de Vichama, Ciudad Agropesquera de la Civilizaci\u00f3n Caral, celebrar\u00e1, el viernes 31 de agosto y s\u00e1bado 1 de setiembre, su onceavo aniversario de puesta en valor, de historia e investigaci\u00f3n con diversas actividades culturales gratuitas.\",\"breadcrumb\":{\"@id\":\"https:\\\/\\\/zonacaral.gob.pe\\\/es\\\/noticias\\\/vichama-celebra-11-anos-de-historia-e-investigacion\\\/#breadcrumb\"},\"inLanguage\":\"en-US\",\"potentialAction\":[{\"@type\":\"ReadAction\",\"target\":[\"https:\\\/\\\/zonacaral.gob.pe\\\/es\\\/noticias\\\/vichama-celebra-11-anos-de-historia-e-investigacion\\\/\"]}]},{\"@type\":\"ImageObject\",\"inLanguage\":\"en-US\",\"@id\":\"https:\\\/\\\/zonacaral.gob.pe\\\/es\\\/noticias\\\/vichama-celebra-11-anos-de-historia-e-investigacion\\\/#primaryimage\",\"url\":\"https:\\\/\\\/zonacaral.gob.pe\\\/wp-content\\\/uploads\\\/2018\\\/08\\\/vichama11.jpg\",\"contentUrl\":\"https:\\\/\\\/zonacaral.gob.pe\\\/wp-content\\\/uploads\\\/2018\\\/08\\\/vichama11.jpg\",\"width\":810,\"height\":410},{\"@type\":\"BreadcrumbList\",\"@id\":\"https:\\\/\\\/zonacaral.gob.pe\\\/es\\\/noticias\\\/vichama-celebra-11-anos-de-historia-e-investigacion\\\/#breadcrumb\",\"itemListElement\":[{\"@type\":\"ListItem\",\"position\":1,\"name\":\"Portada\",\"item\":\"https:\\\/\\\/zonacaral.gob.pe\\\/\"},{\"@type\":\"ListItem\",\"position\":2,\"name\":\"Vichama celebra 11 a\u00f1os de Historia e Investigaci\u00f3n\"}]},{\"@type\":\"WebSite\",\"@id\":\"https:\\\/\\\/zonacaral.gob.pe\\\/es\\\/#website\",\"url\":\"https:\\\/\\\/zonacaral.gob.pe\\\/es\\\/\",\"name\":\"Zona Caral\",\"description\":\"Investigamos, conservamos y difundimos el patrimonio cultural de la Civilizaci\u00f3n Caral, la m\u00e1s antigua de Am\u00e9rica.\",\"potentialAction\":[{\"@type\":\"SearchAction\",\"target\":{\"@type\":\"EntryPoint\",\"urlTemplate\":\"https:\\\/\\\/zonacaral.gob.pe\\\/es\\\/?s={search_term_string}\"},\"query-input\":{\"@type\":\"PropertyValueSpecification\",\"valueRequired\":true,\"valueName\":\"search_term_string\"}}],\"inLanguage\":\"en-US\"},{\"@type\":\"Person\",\"@id\":\"https:\\\/\\\/zonacaral.gob.pe\\\/es\\\/#\\\/schema\\\/person\\\/beddb4d22f71a7230c5b90913270a0ee\",\"name\":\"Zona Caral Administrador\",\"image\":{\"@type\":\"ImageObject\",\"inLanguage\":\"en-US\",\"@id\":\"https:\\\/\\\/secure.gravatar.com\\\/avatar\\\/e4be162918a696358376de6446614e0f0f4062bdc5d170d6d540ada3d8b58c12?s=96&d=mm&r=g\",\"url\":\"https:\\\/\\\/secure.gravatar.com\\\/avatar\\\/e4be162918a696358376de6446614e0f0f4062bdc5d170d6d540ada3d8b58c12?s=96&d=mm&r=g\",\"contentUrl\":\"https:\\\/\\\/secure.gravatar.com\\\/avatar\\\/e4be162918a696358376de6446614e0f0f4062bdc5d170d6d540ada3d8b58c12?s=96&d=mm&r=g\",\"caption\":\"Zona Caral Administrador\"},\"sameAs\":[\"https:\\\/\\\/zonacaral.gob.pe\"],\"url\":\"https:\\\/\\\/zonacaral.gob.pe\\\/en\\\/noticias\\\/author\\\/ad_zonacaral\\\/\"}]}<\/script>\n<!-- \/ Yoast SEO plugin. -->","yoast_head_json":{"title":"Vichama celebra 11 a\u00f1os de Historia e Investigaci\u00f3n","description":"El sitio arqueol\u00f3gico de Vichama, Ciudad Agropesquera de la Civilizaci\u00f3n Caral, celebrar\u00e1, el viernes 31 de agosto y s\u00e1bado 1 de setiembre, su onceavo aniversario de puesta en valor, de historia e investigaci\u00f3n con diversas actividades culturales gratuitas.","robots":{"index":"index","follow":"follow","max-snippet":"max-snippet:-1","max-image-preview":"max-image-preview:large","max-video-preview":"max-video-preview:-1"},"canonical":"https:\/\/zonacaral.gob.pe\/en\/noticias\/vichama-celebra-11-anos-de-historia-e-investigacion\/","og_locale":"en_US","og_type":"article","og_title":"Vichama celebra 11 a\u00f1os de Historia e Investigaci\u00f3n","og_description":"El sitio arqueol\u00f3gico de Vichama, Ciudad Agropesquera de la Civilizaci\u00f3n Caral, celebrar\u00e1, el viernes 31 de agosto y s\u00e1bado 1 de setiembre, su onceavo aniversario de puesta en valor, de historia e investigaci\u00f3n con diversas actividades culturales gratuitas.","og_url":"https:\/\/zonacaral.gob.pe\/en\/noticias\/vichama-celebra-11-anos-de-historia-e-investigacion\/","og_site_name":"Zona Caral","article_published_time":"2018-08-07T23:30:25+00:00","og_image":[{"width":810,"height":410,"url":"https:\/\/zonacaral.gob.pe\/wp-content\/uploads\/2018\/08\/vichama11.jpg","type":"image\/jpeg"}],"author":"Zona Caral Administrador","twitter_card":"summary_large_image","twitter_misc":{"Written by":"Zona Caral Administrador","Est. reading time":"2 minutes"},"schema":{"@context":"https:\/\/schema.org","@graph":[{"@type":"Article","@id":"https:\/\/zonacaral.gob.pe\/es\/noticias\/vichama-celebra-11-anos-de-historia-e-investigacion\/#article","isPartOf":{"@id":"https:\/\/zonacaral.gob.pe\/es\/noticias\/vichama-celebra-11-anos-de-historia-e-investigacion\/"},"author":{"name":"Zona Caral Administrador","@id":"https:\/\/zonacaral.gob.pe\/es\/#\/schema\/person\/beddb4d22f71a7230c5b90913270a0ee"},"headline":"Vichama celebra 11 a\u00f1os de Historia e Investigaci\u00f3n","datePublished":"2018-08-07T23:30:25+00:00","mainEntityOfPage":{"@id":"https:\/\/zonacaral.gob.pe\/es\/noticias\/vichama-celebra-11-anos-de-historia-e-investigacion\/"},"wordCount":346,"image":{"@id":"https:\/\/zonacaral.gob.pe\/es\/noticias\/vichama-celebra-11-anos-de-historia-e-investigacion\/#primaryimage"},"thumbnailUrl":"https:\/\/zonacaral.gob.pe\/wp-content\/uploads\/2018\/08\/vichama11.jpg","keywords":["caral","descubrimientos","top anual"],"articleSection":["noticias"],"inLanguage":"en-US"},{"@type":"WebPage","@id":"https:\/\/zonacaral.gob.pe\/es\/noticias\/vichama-celebra-11-anos-de-historia-e-investigacion\/","url":"https:\/\/zonacaral.gob.pe\/es\/noticias\/vichama-celebra-11-anos-de-historia-e-investigacion\/","name":"Vichama celebra 11 a\u00f1os de Historia e Investigaci\u00f3n","isPartOf":{"@id":"https:\/\/zonacaral.gob.pe\/es\/#website"},"primaryImageOfPage":{"@id":"https:\/\/zonacaral.gob.pe\/es\/noticias\/vichama-celebra-11-anos-de-historia-e-investigacion\/#primaryimage"},"image":{"@id":"https:\/\/zonacaral.gob.pe\/es\/noticias\/vichama-celebra-11-anos-de-historia-e-investigacion\/#primaryimage"},"thumbnailUrl":"https:\/\/zonacaral.gob.pe\/wp-content\/uploads\/2018\/08\/vichama11.jpg","datePublished":"2018-08-07T23:30:25+00:00","author":{"@id":"https:\/\/zonacaral.gob.pe\/es\/#\/schema\/person\/beddb4d22f71a7230c5b90913270a0ee"},"description":"El sitio arqueol\u00f3gico de Vichama, Ciudad Agropesquera de la Civilizaci\u00f3n Caral, celebrar\u00e1, el viernes 31 de agosto y s\u00e1bado 1 de setiembre, su onceavo aniversario de puesta en valor, de historia e investigaci\u00f3n con diversas actividades culturales gratuitas.","breadcrumb":{"@id":"https:\/\/zonacaral.gob.pe\/es\/noticias\/vichama-celebra-11-anos-de-historia-e-investigacion\/#breadcrumb"},"inLanguage":"en-US","potentialAction":[{"@type":"ReadAction","target":["https:\/\/zonacaral.gob.pe\/es\/noticias\/vichama-celebra-11-anos-de-historia-e-investigacion\/"]}]},{"@type":"ImageObject","inLanguage":"en-US","@id":"https:\/\/zonacaral.gob.pe\/es\/noticias\/vichama-celebra-11-anos-de-historia-e-investigacion\/#primaryimage","url":"https:\/\/zonacaral.gob.pe\/wp-content\/uploads\/2018\/08\/vichama11.jpg","contentUrl":"https:\/\/zonacaral.gob.pe\/wp-content\/uploads\/2018\/08\/vichama11.jpg","width":810,"height":410},{"@type":"BreadcrumbList","@id":"https:\/\/zonacaral.gob.pe\/es\/noticias\/vichama-celebra-11-anos-de-historia-e-investigacion\/#breadcrumb","itemListElement":[{"@type":"ListItem","position":1,"name":"Portada","item":"https:\/\/zonacaral.gob.pe\/"},{"@type":"ListItem","position":2,"name":"Vichama celebra 11 a\u00f1os de Historia e Investigaci\u00f3n"}]},{"@type":"WebSite","@id":"https:\/\/zonacaral.gob.pe\/es\/#website","url":"https:\/\/zonacaral.gob.pe\/es\/","name":"Zona Caral","description":"Investigamos, conservamos y difundimos el patrimonio cultural de la Civilizaci\u00f3n Caral, la m\u00e1s antigua de Am\u00e9rica.","potentialAction":[{"@type":"SearchAction","target":{"@type":"EntryPoint","urlTemplate":"https:\/\/zonacaral.gob.pe\/es\/?s={search_term_string}"},"query-input":{"@type":"PropertyValueSpecification","valueRequired":true,"valueName":"search_term_string"}}],"inLanguage":"en-US"},{"@type":"Person","@id":"https:\/\/zonacaral.gob.pe\/es\/#\/schema\/person\/beddb4d22f71a7230c5b90913270a0ee","name":"Zona Caral Administrador","image":{"@type":"ImageObject","inLanguage":"en-US","@id":"https:\/\/secure.gravatar.com\/avatar\/e4be162918a696358376de6446614e0f0f4062bdc5d170d6d540ada3d8b58c12?s=96&d=mm&r=g","url":"https:\/\/secure.gravatar.com\/avatar\/e4be162918a696358376de6446614e0f0f4062bdc5d170d6d540ada3d8b58c12?s=96&d=mm&r=g","contentUrl":"https:\/\/secure.gravatar.com\/avatar\/e4be162918a696358376de6446614e0f0f4062bdc5d170d6d540ada3d8b58c12?s=96&d=mm&r=g","caption":"Zona Caral Administrador"},"sameAs":["https:\/\/zonacaral.gob.pe"],"url":"https:\/\/zonacaral.gob.pe\/en\/noticias\/author\/ad_zonacaral\/"}]}},"_links":{"self":[{"href":"https:\/\/zonacaral.gob.pe\/en\/wp-json\/wp\/v2\/posts\/13149","targetHints":{"allow":["GET"]}}],"collection":[{"href":"https:\/\/zonacaral.gob.pe\/en\/wp-json\/wp\/v2\/posts"}],"about":[{"href":"https:\/\/zonacaral.gob.pe\/en\/wp-json\/wp\/v2\/types\/post"}],"author":[{"embeddable":true,"href":"https:\/\/zonacaral.gob.pe\/en\/wp-json\/wp\/v2\/users\/1"}],"replies":[{"embeddable":true,"href":"https:\/\/zonacaral.gob.pe\/en\/wp-json\/wp\/v2\/comments?post=13149"}],"version-history":[{"count":0,"href":"https:\/\/zonacaral.gob.pe\/en\/wp-json\/wp\/v2\/posts\/13149\/revisions"}],"wp:featuredmedia":[{"embeddable":true,"href":"https:\/\/zonacaral.gob.pe\/en\/wp-json\/wp\/v2\/media\/13150"}],"wp:attachment":[{"href":"https:\/\/zonacaral.gob.pe\/en\/wp-json\/wp\/v2\/media?parent=13149"}],"wp:term":[{"taxonomy":"category","embeddable":true,"href":"https:\/\/zonacaral.gob.pe\/en\/wp-json\/wp\/v2\/categories?post=13149"},{"taxonomy":"post_tag","embeddable":true,"href":"https:\/\/zonacaral.gob.pe\/en\/wp-json\/wp\/v2\/tags?post=13149"}],"curies":[{"name":"wp","href":"https:\/\/api.w.org\/{rel}","templated":true}]}}