{"id":13153,"date":"2018-08-16T11:53:43","date_gmt":"2018-08-16T16:53:43","guid":{"rendered":"http:\/\/www.zonacaral.gob.pe\/?p=13153"},"modified":"2018-08-16T11:53:43","modified_gmt":"2018-08-16T16:53:43","slug":"hallan-nuevos-relieves-de-3800-anos-de-antiguedad-relacionados-con-el-cambio-climatico","status":"publish","type":"post","link":"https:\/\/zonacaral.gob.pe\/en\/noticias\/hallan-nuevos-relieves-de-3800-anos-de-antiguedad-relacionados-con-el-cambio-climatico\/","title":{"rendered":"Hallan nuevos relieves de 3800 a\u00f1os de antig\u00fcedad, relacionados con el cambio clim\u00e1tico"},"content":{"rendered":"<figure class=\"pic-autor\" style=\"color: #4d4d4d; text-align: justify;\"><\/figure>\n<blockquote><p>Este importante hallazgo, hecho en la Ciudad Agropesquera de Vichama, consiste en un relieve escult\u00f3rico en el que destacan serpientes y cabezas humanas.<\/p><\/blockquote>\n<p>La doctora Ruth Shady Sol\u00eds, directora de la Zona Arqueol\u00f3gica Caral (ZAC), Unidad Ejecutora 003 del Ministerio de Cultura, junto a su equipo de arque\u00f3logos, anunciaron el hallazgo de un nuevo muro decorado con relieves en la cima de uno de los edificios p\u00fablicos ceremoniales de Vichama, la antigua Ciudad Agropesquera de V\u00e9gueta, provincia de Huaura, Lima.<\/p>\n<p>La escena, que tendr\u00eda alrededor de 3800 a\u00f1os, consiste en cuatro cabezas humanas con los ojos cerrados, una al lado de la otra, y dos serpientes que se desplazan entre ellas, dirigiendo sus cabezas a otra cabeza, no humana, que representar\u00eda una semilla antropomorfizada, de la que salen cinco varillas verticales hincadas en la tierra.<\/p>\n<p>Los relieves simbolizar\u00edan la fertilizaci\u00f3n de la tierra: las serpientes representan a la deidad, vinculada al agua, que filtra en la tierra y hace germinar a la semilla.<\/p>\n<p>El muro conforma el espacio de la Antesala, previa al Sal\u00f3n Ceremonial, de un edificio p\u00fablico, orientado hacia los campos de cultivo del valle de Huaura. El edificio lleg\u00f3 a alcanzar un \u00e1rea de 874 metros cuadrados y fue remodelado continuamente, destacando en \u00e9l, recintos con ventanas escalonadas y una plaza circular hundida, que fue enterrada.<\/p>\n<p>Anteriormente, en otro edificio de la misma antigua ciudad, se recuperaron otros relieves escult\u00f3ricos, vinculados con el periodo de escasez y hambruna. El nuevo relieve refuerza el planteamiento de plasmar, en la memoria colectiva, las dificultades que afront\u00f3 la sociedad debido al cambio clim\u00e1tico y la escasez del agua, que caus\u00f3 fuertes afectaciones a la productividad agr\u00edcola.<\/p>\n<p>En la conferencia de prensa, realizada en el marco de las actividades por el 11\u00ba Aniversario de Vichama, la doctora Shady expuso, adem\u00e1s, sobre la Puesta en Valor del asentamiento arqueol\u00f3gico y los avances logrados en las \u00e1reas de investigaci\u00f3n, conservaci\u00f3n de monumentos, difusi\u00f3n y trabajo social con la poblaci\u00f3n actual.<\/p>\n<p><strong>Aniversario de Vichama<\/strong><\/p>\n<p>La doctora Shady, invit\u00f3 al p\u00fablico en general a participar de las celebraciones culturales, a realizarse el viernes 31 de agosto y s\u00e1bado 1 de septiembre, en el sitio arqueol\u00f3gico, donde se realizar\u00e1 el Pago a la Cochamama y Pachamama, as\u00ed como el Vichama Raymi. Ingreso libre.<\/p>\n<p><strong>Datos<\/strong><\/p>\n<p>Vichama se ubica en la falda norte del cerro Halconcillo, a pocos metros del mar y de los campos agr\u00edcolas que se extienden a lo largo y ancho de la secci\u00f3n inferior del r\u00edo Huaura en la margen derecha, distrito de V\u00e9gueta, provincia de Huaura, regi\u00f3n Lima.<\/p>\n<p>Los trabajos, en este importante sitio, se iniciaron el 2007 gracias a un convenio suscrito entre la municipalidad distrital de V\u00e9gueta y el Proyecto Especial Arqueol\u00f3gico Caral\/Supe (ahora ZAC) y se desarrolla, ininterrumpidamente, hasta la actualidad.<\/p>\n<p>Este \u00faltimo a\u00f1o se ha logrado importantes avances en la comprensi\u00f3n de esta sociedad que se construy\u00f3 entre los 3800 a 3500 a\u00f1os antes del presente los 22 edificios en un espacio de 25 hect\u00e1reas.<\/p>\n<p><iframe style=\"border: none; overflow: hidden;\" src=\"https:\/\/www.facebook.com\/plugins\/video.php?href=https%3A%2F%2Fwww.facebook.com%2FCARALPERU%2Fvideos%2F229648621227338%2F&amp;show_text=0&amp;width=560\" width=\"560\" height=\"315\" frameborder=\"0\" scrolling=\"no\" allowfullscreen=\"allowfullscreen\"><\/iframe><\/p>\n<p>&nbsp;<\/p>\n<p style=\"text-align: justify;\"><span style=\"color: #993300;\"><strong>Fuente<\/strong><strong>: Prensa ZAC<\/strong><\/span><\/p>\n<div style=\"color: #1f1f1f;\">\n<p style=\"text-align: justify;\">Fecha de publicaci\u00f3n: 16\/08\/2018<\/p>\n<\/div>","protected":false},"excerpt":{"rendered":"<p>Este importante hallazgo, hecho en la Ciudad Agropesquera de Vichama, consiste en un relieve escult\u00f3rico en el que destacan serpientes [&hellip;]<\/p>\n","protected":false},"author":1,"featured_media":13154,"comment_status":"closed","ping_status":"open","sticky":false,"template":"","format":"standard","meta":{"_acf_changed":false,"site-sidebar-layout":"default","site-content-layout":"","ast-site-content-layout":"default","site-content-style":"default","site-sidebar-style":"default","ast-global-header-display":"","ast-banner-title-visibility":"","ast-main-header-display":"","ast-hfb-above-header-display":"","ast-hfb-below-header-display":"","ast-hfb-mobile-header-display":"","site-post-title":"","ast-breadcrumbs-content":"","ast-featured-img":"","footer-sml-layout":"","ast-disable-related-posts":"","theme-transparent-header-meta":"","adv-header-id-meta":"","stick-header-meta":"","header-above-stick-meta":"","header-main-stick-meta":"","header-below-stick-meta":"","astra-migrate-meta-layouts":"default","ast-page-background-enabled":"default","ast-page-background-meta":{"desktop":{"background-color":"var(--ast-global-color-5)","background-image":"","background-repeat":"repeat","background-position":"center center","background-size":"auto","background-attachment":"scroll","background-type":"","background-media":"","overlay-type":"","overlay-color":"","overlay-opacity":"","overlay-gradient":""},"tablet":{"background-color":"","background-image":"","background-repeat":"repeat","background-position":"center center","background-size":"auto","background-attachment":"scroll","background-type":"","background-media":"","overlay-type":"","overlay-color":"","overlay-opacity":"","overlay-gradient":""},"mobile":{"background-color":"","background-image":"","background-repeat":"repeat","background-position":"center center","background-size":"auto","background-attachment":"scroll","background-type":"","background-media":"","overlay-type":"","overlay-color":"","overlay-opacity":"","overlay-gradient":""}},"ast-content-background-meta":{"desktop":{"background-color":"var(--ast-global-color-4)","background-image":"","background-repeat":"repeat","background-position":"center center","background-size":"auto","background-attachment":"scroll","background-type":"","background-media":"","overlay-type":"","overlay-color":"","overlay-opacity":"","overlay-gradient":""},"tablet":{"background-color":"var(--ast-global-color-4)","background-image":"","background-repeat":"repeat","background-position":"center center","background-size":"auto","background-attachment":"scroll","background-type":"","background-media":"","overlay-type":"","overlay-color":"","overlay-opacity":"","overlay-gradient":""},"mobile":{"background-color":"var(--ast-global-color-4)","background-image":"","background-repeat":"repeat","background-position":"center center","background-size":"auto","background-attachment":"scroll","background-type":"","background-media":"","overlay-type":"","overlay-color":"","overlay-opacity":"","overlay-gradient":""}},"footnotes":""},"categories":[208],"tags":[55,171,159,82],"class_list":["post-13153","post","type-post","status-publish","format-standard","has-post-thumbnail","hentry","category-noticias","tag-caral","tag-descubrimientos","tag-hallazgo","tag-ruth-shady"],"acf":[],"yoast_head":"<!-- This site is optimized with the Yoast SEO plugin v27.3 - https:\/\/yoast.com\/product\/yoast-seo-wordpress\/ -->\n<title>Hallan nuevos relieves de 3800 a\u00f1os de antig\u00fcedad<\/title>\n<meta name=\"description\" content=\"El sitio arqueol\u00f3gico de Vichama, Ciudad Agropesquera de la Civilizaci\u00f3n Caral, celebrar\u00e1, el viernes 31 de agosto y s\u00e1bado 1 de setiembre, su onceavo aniversario de puesta en valor, de historia e investigaci\u00f3n con diversas actividades culturales gratuitas.\" \/>\n<meta name=\"robots\" content=\"index, follow, max-snippet:-1, max-image-preview:large, max-video-preview:-1\" \/>\n<link rel=\"canonical\" href=\"https:\/\/zonacaral.gob.pe\/en\/noticias\/hallan-nuevos-relieves-de-3800-anos-de-antiguedad-relacionados-con-el-cambio-climatico\/\" \/>\n<meta property=\"og:locale\" content=\"en_US\" \/>\n<meta property=\"og:type\" content=\"article\" \/>\n<meta property=\"og:title\" content=\"Hallan nuevos relieves de 3800 a\u00f1os de antig\u00fcedad\" \/>\n<meta property=\"og:description\" content=\"El sitio arqueol\u00f3gico de Vichama, Ciudad Agropesquera de la Civilizaci\u00f3n Caral, celebrar\u00e1, el viernes 31 de agosto y s\u00e1bado 1 de setiembre, su onceavo aniversario de puesta en valor, de historia e investigaci\u00f3n con diversas actividades culturales gratuitas.\" \/>\n<meta property=\"og:url\" content=\"https:\/\/zonacaral.gob.pe\/en\/noticias\/hallan-nuevos-relieves-de-3800-anos-de-antiguedad-relacionados-con-el-cambio-climatico\/\" \/>\n<meta property=\"og:site_name\" content=\"Zona Caral\" \/>\n<meta property=\"article:published_time\" content=\"2018-08-16T16:53:43+00:00\" \/>\n<meta property=\"og:image\" content=\"https:\/\/zonacaral.gob.pe\/wp-content\/uploads\/2018\/08\/web-nota-hallazgo.png\" \/>\n\t<meta property=\"og:image:width\" content=\"810\" \/>\n\t<meta property=\"og:image:height\" content=\"410\" \/>\n\t<meta property=\"og:image:type\" content=\"image\/png\" \/>\n<meta name=\"author\" content=\"Zona Caral Administrador\" \/>\n<meta name=\"twitter:card\" content=\"summary_large_image\" \/>\n<meta name=\"twitter:label1\" content=\"Written by\" \/>\n\t<meta name=\"twitter:data1\" content=\"Zona Caral Administrador\" \/>\n\t<meta name=\"twitter:label2\" content=\"Est. reading time\" \/>\n\t<meta name=\"twitter:data2\" content=\"3 minutes\" \/>\n<script type=\"application\/ld+json\" class=\"yoast-schema-graph\">{\"@context\":\"https:\\\/\\\/schema.org\",\"@graph\":[{\"@type\":\"Article\",\"@id\":\"https:\\\/\\\/zonacaral.gob.pe\\\/es\\\/noticias\\\/hallan-nuevos-relieves-de-3800-anos-de-antiguedad-relacionados-con-el-cambio-climatico\\\/#article\",\"isPartOf\":{\"@id\":\"https:\\\/\\\/zonacaral.gob.pe\\\/es\\\/noticias\\\/hallan-nuevos-relieves-de-3800-anos-de-antiguedad-relacionados-con-el-cambio-climatico\\\/\"},\"author\":{\"name\":\"Zona Caral Administrador\",\"@id\":\"https:\\\/\\\/zonacaral.gob.pe\\\/es\\\/#\\\/schema\\\/person\\\/beddb4d22f71a7230c5b90913270a0ee\"},\"headline\":\"Hallan nuevos relieves de 3800 a\u00f1os de antig\u00fcedad, relacionados con el cambio clim\u00e1tico\",\"datePublished\":\"2018-08-16T16:53:43+00:00\",\"mainEntityOfPage\":{\"@id\":\"https:\\\/\\\/zonacaral.gob.pe\\\/es\\\/noticias\\\/hallan-nuevos-relieves-de-3800-anos-de-antiguedad-relacionados-con-el-cambio-climatico\\\/\"},\"wordCount\":545,\"image\":{\"@id\":\"https:\\\/\\\/zonacaral.gob.pe\\\/es\\\/noticias\\\/hallan-nuevos-relieves-de-3800-anos-de-antiguedad-relacionados-con-el-cambio-climatico\\\/#primaryimage\"},\"thumbnailUrl\":\"https:\\\/\\\/zonacaral.gob.pe\\\/wp-content\\\/uploads\\\/2018\\\/08\\\/web-nota-hallazgo.png\",\"keywords\":[\"caral\",\"descubrimientos\",\"hallazgo\",\"Ruth Shady\"],\"articleSection\":[\"noticias\"],\"inLanguage\":\"en-US\"},{\"@type\":\"WebPage\",\"@id\":\"https:\\\/\\\/zonacaral.gob.pe\\\/es\\\/noticias\\\/hallan-nuevos-relieves-de-3800-anos-de-antiguedad-relacionados-con-el-cambio-climatico\\\/\",\"url\":\"https:\\\/\\\/zonacaral.gob.pe\\\/es\\\/noticias\\\/hallan-nuevos-relieves-de-3800-anos-de-antiguedad-relacionados-con-el-cambio-climatico\\\/\",\"name\":\"Hallan nuevos relieves de 3800 a\u00f1os de antig\u00fcedad\",\"isPartOf\":{\"@id\":\"https:\\\/\\\/zonacaral.gob.pe\\\/es\\\/#website\"},\"primaryImageOfPage\":{\"@id\":\"https:\\\/\\\/zonacaral.gob.pe\\\/es\\\/noticias\\\/hallan-nuevos-relieves-de-3800-anos-de-antiguedad-relacionados-con-el-cambio-climatico\\\/#primaryimage\"},\"image\":{\"@id\":\"https:\\\/\\\/zonacaral.gob.pe\\\/es\\\/noticias\\\/hallan-nuevos-relieves-de-3800-anos-de-antiguedad-relacionados-con-el-cambio-climatico\\\/#primaryimage\"},\"thumbnailUrl\":\"https:\\\/\\\/zonacaral.gob.pe\\\/wp-content\\\/uploads\\\/2018\\\/08\\\/web-nota-hallazgo.png\",\"datePublished\":\"2018-08-16T16:53:43+00:00\",\"author\":{\"@id\":\"https:\\\/\\\/zonacaral.gob.pe\\\/es\\\/#\\\/schema\\\/person\\\/beddb4d22f71a7230c5b90913270a0ee\"},\"description\":\"El sitio arqueol\u00f3gico de Vichama, Ciudad Agropesquera de la Civilizaci\u00f3n Caral, celebrar\u00e1, el viernes 31 de agosto y s\u00e1bado 1 de setiembre, su onceavo aniversario de puesta en valor, de historia e investigaci\u00f3n con diversas actividades culturales gratuitas.\",\"breadcrumb\":{\"@id\":\"https:\\\/\\\/zonacaral.gob.pe\\\/es\\\/noticias\\\/hallan-nuevos-relieves-de-3800-anos-de-antiguedad-relacionados-con-el-cambio-climatico\\\/#breadcrumb\"},\"inLanguage\":\"en-US\",\"potentialAction\":[{\"@type\":\"ReadAction\",\"target\":[\"https:\\\/\\\/zonacaral.gob.pe\\\/es\\\/noticias\\\/hallan-nuevos-relieves-de-3800-anos-de-antiguedad-relacionados-con-el-cambio-climatico\\\/\"]}]},{\"@type\":\"ImageObject\",\"inLanguage\":\"en-US\",\"@id\":\"https:\\\/\\\/zonacaral.gob.pe\\\/es\\\/noticias\\\/hallan-nuevos-relieves-de-3800-anos-de-antiguedad-relacionados-con-el-cambio-climatico\\\/#primaryimage\",\"url\":\"https:\\\/\\\/zonacaral.gob.pe\\\/wp-content\\\/uploads\\\/2018\\\/08\\\/web-nota-hallazgo.png\",\"contentUrl\":\"https:\\\/\\\/zonacaral.gob.pe\\\/wp-content\\\/uploads\\\/2018\\\/08\\\/web-nota-hallazgo.png\",\"width\":810,\"height\":410},{\"@type\":\"BreadcrumbList\",\"@id\":\"https:\\\/\\\/zonacaral.gob.pe\\\/es\\\/noticias\\\/hallan-nuevos-relieves-de-3800-anos-de-antiguedad-relacionados-con-el-cambio-climatico\\\/#breadcrumb\",\"itemListElement\":[{\"@type\":\"ListItem\",\"position\":1,\"name\":\"Portada\",\"item\":\"https:\\\/\\\/zonacaral.gob.pe\\\/\"},{\"@type\":\"ListItem\",\"position\":2,\"name\":\"Hallan nuevos relieves de 3800 a\u00f1os de antig\u00fcedad, relacionados con el cambio clim\u00e1tico\"}]},{\"@type\":\"WebSite\",\"@id\":\"https:\\\/\\\/zonacaral.gob.pe\\\/es\\\/#website\",\"url\":\"https:\\\/\\\/zonacaral.gob.pe\\\/es\\\/\",\"name\":\"Zona Caral\",\"description\":\"Investigamos, conservamos y difundimos el patrimonio cultural de la Civilizaci\u00f3n Caral, la m\u00e1s antigua de Am\u00e9rica.\",\"potentialAction\":[{\"@type\":\"SearchAction\",\"target\":{\"@type\":\"EntryPoint\",\"urlTemplate\":\"https:\\\/\\\/zonacaral.gob.pe\\\/es\\\/?s={search_term_string}\"},\"query-input\":{\"@type\":\"PropertyValueSpecification\",\"valueRequired\":true,\"valueName\":\"search_term_string\"}}],\"inLanguage\":\"en-US\"},{\"@type\":\"Person\",\"@id\":\"https:\\\/\\\/zonacaral.gob.pe\\\/es\\\/#\\\/schema\\\/person\\\/beddb4d22f71a7230c5b90913270a0ee\",\"name\":\"Zona Caral Administrador\",\"image\":{\"@type\":\"ImageObject\",\"inLanguage\":\"en-US\",\"@id\":\"https:\\\/\\\/secure.gravatar.com\\\/avatar\\\/e4be162918a696358376de6446614e0f0f4062bdc5d170d6d540ada3d8b58c12?s=96&d=mm&r=g\",\"url\":\"https:\\\/\\\/secure.gravatar.com\\\/avatar\\\/e4be162918a696358376de6446614e0f0f4062bdc5d170d6d540ada3d8b58c12?s=96&d=mm&r=g\",\"contentUrl\":\"https:\\\/\\\/secure.gravatar.com\\\/avatar\\\/e4be162918a696358376de6446614e0f0f4062bdc5d170d6d540ada3d8b58c12?s=96&d=mm&r=g\",\"caption\":\"Zona Caral Administrador\"},\"sameAs\":[\"https:\\\/\\\/zonacaral.gob.pe\"],\"url\":\"https:\\\/\\\/zonacaral.gob.pe\\\/en\\\/noticias\\\/author\\\/ad_zonacaral\\\/\"}]}<\/script>\n<!-- \/ Yoast SEO plugin. -->","yoast_head_json":{"title":"Hallan nuevos relieves de 3800 a\u00f1os de antig\u00fcedad","description":"El sitio arqueol\u00f3gico de Vichama, Ciudad Agropesquera de la Civilizaci\u00f3n Caral, celebrar\u00e1, el viernes 31 de agosto y s\u00e1bado 1 de setiembre, su onceavo aniversario de puesta en valor, de historia e investigaci\u00f3n con diversas actividades culturales gratuitas.","robots":{"index":"index","follow":"follow","max-snippet":"max-snippet:-1","max-image-preview":"max-image-preview:large","max-video-preview":"max-video-preview:-1"},"canonical":"https:\/\/zonacaral.gob.pe\/en\/noticias\/hallan-nuevos-relieves-de-3800-anos-de-antiguedad-relacionados-con-el-cambio-climatico\/","og_locale":"en_US","og_type":"article","og_title":"Hallan nuevos relieves de 3800 a\u00f1os de antig\u00fcedad","og_description":"El sitio arqueol\u00f3gico de Vichama, Ciudad Agropesquera de la Civilizaci\u00f3n Caral, celebrar\u00e1, el viernes 31 de agosto y s\u00e1bado 1 de setiembre, su onceavo aniversario de puesta en valor, de historia e investigaci\u00f3n con diversas actividades culturales gratuitas.","og_url":"https:\/\/zonacaral.gob.pe\/en\/noticias\/hallan-nuevos-relieves-de-3800-anos-de-antiguedad-relacionados-con-el-cambio-climatico\/","og_site_name":"Zona Caral","article_published_time":"2018-08-16T16:53:43+00:00","og_image":[{"width":810,"height":410,"url":"https:\/\/zonacaral.gob.pe\/wp-content\/uploads\/2018\/08\/web-nota-hallazgo.png","type":"image\/png"}],"author":"Zona Caral Administrador","twitter_card":"summary_large_image","twitter_misc":{"Written by":"Zona Caral Administrador","Est. reading time":"3 minutes"},"schema":{"@context":"https:\/\/schema.org","@graph":[{"@type":"Article","@id":"https:\/\/zonacaral.gob.pe\/es\/noticias\/hallan-nuevos-relieves-de-3800-anos-de-antiguedad-relacionados-con-el-cambio-climatico\/#article","isPartOf":{"@id":"https:\/\/zonacaral.gob.pe\/es\/noticias\/hallan-nuevos-relieves-de-3800-anos-de-antiguedad-relacionados-con-el-cambio-climatico\/"},"author":{"name":"Zona Caral Administrador","@id":"https:\/\/zonacaral.gob.pe\/es\/#\/schema\/person\/beddb4d22f71a7230c5b90913270a0ee"},"headline":"Hallan nuevos relieves de 3800 a\u00f1os de antig\u00fcedad, relacionados con el cambio clim\u00e1tico","datePublished":"2018-08-16T16:53:43+00:00","mainEntityOfPage":{"@id":"https:\/\/zonacaral.gob.pe\/es\/noticias\/hallan-nuevos-relieves-de-3800-anos-de-antiguedad-relacionados-con-el-cambio-climatico\/"},"wordCount":545,"image":{"@id":"https:\/\/zonacaral.gob.pe\/es\/noticias\/hallan-nuevos-relieves-de-3800-anos-de-antiguedad-relacionados-con-el-cambio-climatico\/#primaryimage"},"thumbnailUrl":"https:\/\/zonacaral.gob.pe\/wp-content\/uploads\/2018\/08\/web-nota-hallazgo.png","keywords":["caral","descubrimientos","hallazgo","Ruth Shady"],"articleSection":["noticias"],"inLanguage":"en-US"},{"@type":"WebPage","@id":"https:\/\/zonacaral.gob.pe\/es\/noticias\/hallan-nuevos-relieves-de-3800-anos-de-antiguedad-relacionados-con-el-cambio-climatico\/","url":"https:\/\/zonacaral.gob.pe\/es\/noticias\/hallan-nuevos-relieves-de-3800-anos-de-antiguedad-relacionados-con-el-cambio-climatico\/","name":"Hallan nuevos relieves de 3800 a\u00f1os de antig\u00fcedad","isPartOf":{"@id":"https:\/\/zonacaral.gob.pe\/es\/#website"},"primaryImageOfPage":{"@id":"https:\/\/zonacaral.gob.pe\/es\/noticias\/hallan-nuevos-relieves-de-3800-anos-de-antiguedad-relacionados-con-el-cambio-climatico\/#primaryimage"},"image":{"@id":"https:\/\/zonacaral.gob.pe\/es\/noticias\/hallan-nuevos-relieves-de-3800-anos-de-antiguedad-relacionados-con-el-cambio-climatico\/#primaryimage"},"thumbnailUrl":"https:\/\/zonacaral.gob.pe\/wp-content\/uploads\/2018\/08\/web-nota-hallazgo.png","datePublished":"2018-08-16T16:53:43+00:00","author":{"@id":"https:\/\/zonacaral.gob.pe\/es\/#\/schema\/person\/beddb4d22f71a7230c5b90913270a0ee"},"description":"El sitio arqueol\u00f3gico de Vichama, Ciudad Agropesquera de la Civilizaci\u00f3n Caral, celebrar\u00e1, el viernes 31 de agosto y s\u00e1bado 1 de setiembre, su onceavo aniversario de puesta en valor, de historia e investigaci\u00f3n con diversas actividades culturales gratuitas.","breadcrumb":{"@id":"https:\/\/zonacaral.gob.pe\/es\/noticias\/hallan-nuevos-relieves-de-3800-anos-de-antiguedad-relacionados-con-el-cambio-climatico\/#breadcrumb"},"inLanguage":"en-US","potentialAction":[{"@type":"ReadAction","target":["https:\/\/zonacaral.gob.pe\/es\/noticias\/hallan-nuevos-relieves-de-3800-anos-de-antiguedad-relacionados-con-el-cambio-climatico\/"]}]},{"@type":"ImageObject","inLanguage":"en-US","@id":"https:\/\/zonacaral.gob.pe\/es\/noticias\/hallan-nuevos-relieves-de-3800-anos-de-antiguedad-relacionados-con-el-cambio-climatico\/#primaryimage","url":"https:\/\/zonacaral.gob.pe\/wp-content\/uploads\/2018\/08\/web-nota-hallazgo.png","contentUrl":"https:\/\/zonacaral.gob.pe\/wp-content\/uploads\/2018\/08\/web-nota-hallazgo.png","width":810,"height":410},{"@type":"BreadcrumbList","@id":"https:\/\/zonacaral.gob.pe\/es\/noticias\/hallan-nuevos-relieves-de-3800-anos-de-antiguedad-relacionados-con-el-cambio-climatico\/#breadcrumb","itemListElement":[{"@type":"ListItem","position":1,"name":"Portada","item":"https:\/\/zonacaral.gob.pe\/"},{"@type":"ListItem","position":2,"name":"Hallan nuevos relieves de 3800 a\u00f1os de antig\u00fcedad, relacionados con el cambio clim\u00e1tico"}]},{"@type":"WebSite","@id":"https:\/\/zonacaral.gob.pe\/es\/#website","url":"https:\/\/zonacaral.gob.pe\/es\/","name":"Zona Caral","description":"Investigamos, conservamos y difundimos el patrimonio cultural de la Civilizaci\u00f3n Caral, la m\u00e1s antigua de Am\u00e9rica.","potentialAction":[{"@type":"SearchAction","target":{"@type":"EntryPoint","urlTemplate":"https:\/\/zonacaral.gob.pe\/es\/?s={search_term_string}"},"query-input":{"@type":"PropertyValueSpecification","valueRequired":true,"valueName":"search_term_string"}}],"inLanguage":"en-US"},{"@type":"Person","@id":"https:\/\/zonacaral.gob.pe\/es\/#\/schema\/person\/beddb4d22f71a7230c5b90913270a0ee","name":"Zona Caral Administrador","image":{"@type":"ImageObject","inLanguage":"en-US","@id":"https:\/\/secure.gravatar.com\/avatar\/e4be162918a696358376de6446614e0f0f4062bdc5d170d6d540ada3d8b58c12?s=96&d=mm&r=g","url":"https:\/\/secure.gravatar.com\/avatar\/e4be162918a696358376de6446614e0f0f4062bdc5d170d6d540ada3d8b58c12?s=96&d=mm&r=g","contentUrl":"https:\/\/secure.gravatar.com\/avatar\/e4be162918a696358376de6446614e0f0f4062bdc5d170d6d540ada3d8b58c12?s=96&d=mm&r=g","caption":"Zona Caral Administrador"},"sameAs":["https:\/\/zonacaral.gob.pe"],"url":"https:\/\/zonacaral.gob.pe\/en\/noticias\/author\/ad_zonacaral\/"}]}},"_links":{"self":[{"href":"https:\/\/zonacaral.gob.pe\/en\/wp-json\/wp\/v2\/posts\/13153","targetHints":{"allow":["GET"]}}],"collection":[{"href":"https:\/\/zonacaral.gob.pe\/en\/wp-json\/wp\/v2\/posts"}],"about":[{"href":"https:\/\/zonacaral.gob.pe\/en\/wp-json\/wp\/v2\/types\/post"}],"author":[{"embeddable":true,"href":"https:\/\/zonacaral.gob.pe\/en\/wp-json\/wp\/v2\/users\/1"}],"replies":[{"embeddable":true,"href":"https:\/\/zonacaral.gob.pe\/en\/wp-json\/wp\/v2\/comments?post=13153"}],"version-history":[{"count":0,"href":"https:\/\/zonacaral.gob.pe\/en\/wp-json\/wp\/v2\/posts\/13153\/revisions"}],"wp:featuredmedia":[{"embeddable":true,"href":"https:\/\/zonacaral.gob.pe\/en\/wp-json\/wp\/v2\/media\/13154"}],"wp:attachment":[{"href":"https:\/\/zonacaral.gob.pe\/en\/wp-json\/wp\/v2\/media?parent=13153"}],"wp:term":[{"taxonomy":"category","embeddable":true,"href":"https:\/\/zonacaral.gob.pe\/en\/wp-json\/wp\/v2\/categories?post=13153"},{"taxonomy":"post_tag","embeddable":true,"href":"https:\/\/zonacaral.gob.pe\/en\/wp-json\/wp\/v2\/tags?post=13153"}],"curies":[{"name":"wp","href":"https:\/\/api.w.org\/{rel}","templated":true}]}}