{"id":13212,"date":"2018-08-21T10:06:31","date_gmt":"2018-08-21T15:06:31","guid":{"rendered":"http:\/\/www.zonacaral.gob.pe\/?p=13212"},"modified":"2018-08-21T10:06:31","modified_gmt":"2018-08-21T15:06:31","slug":"dra-ruth-shady-participa-en-reunion-de-mujeres-para-la-ciencia-en-brasil","status":"publish","type":"post","link":"https:\/\/zonacaral.gob.pe\/en\/noticias\/dra-ruth-shady-participa-en-reunion-de-mujeres-para-la-ciencia-en-brasil\/","title":{"rendered":"Dra. Ruth Shady participa en reuni\u00f3n de \u201cMujeres para la Ciencia\u201d en Brasil"},"content":{"rendered":"<figure class=\"pic-autor\" style=\"color: #4d4d4d; text-align: justify;\"><\/figure>\n<blockquote><p>La Dra. Ruth Shady, directora de la Zona Arqueol\u00f3gica Caral, Unidad Ejecutora 003 del Ministerio de Cultura, viaj\u00f3 a Brasil para participar de la reuni\u00f3n anual de Los Puntos Focales del Programa Mujeres para la Ciencia de Inter-American Network Of Academies Of Sciences (IANAS), que se desarrolla en la ciudad de Rio de Janeiro, del 20 al 22 de agosto.<\/p><\/blockquote>\n<p>La participaci\u00f3n de la Dra. Shady se da en su calidad de Punto Focal Peruano del Programa Mujeres para la Ciencia de IANAS. En esta reuni\u00f3n anual, se brindar\u00e1 un reporte del trabajo realizado por el Punto Focal Peruano en el periodo 2017-2018;\u00a0 asimismo, sobre las experiencias de cada pa\u00eds donde IANAS tiene un Punto Focal, designado por sus respectivas Academias Nacionales, y se presentar\u00e1 a las nuevas integrantes.<\/p>\n<p>Tambi\u00e9n se realizar\u00e1 la actividad denominada \u201cChicas en la ciencia: aventuras en el museo\u201d (Exclusivamente para ni\u00f1os y con el equipo brasile\u00f1o involucrado en la actividad). Esta actividad consiste en ofrecer una experiencia de inmersi\u00f3n en la ciencia para 20 chicas del colegio p\u00fablico Olavo Bilac.<\/p>\n<p>La reuni\u00f3n de IANAS, finalizar\u00e1 con un Taller \u201cPromoci\u00f3n de la equidad de g\u00e9nero en ciencias: El punto de vista de las cient\u00edficas j\u00f3venes\u201d y con la firma de los acuerdos tomados, los cuales se difundir\u00e1n en la siguiente difusi\u00f3n de su revista.<\/p>\n<p>Conoce m\u00e1s de este evento <a href=\"http:\/\/www.ianas.org\/index.php\/programs\/women-for-science?id=712\" target=\"_blank\"><strong>aqu\u00ed<\/strong><\/a>.<\/p>\n<p style=\"text-align: justify;\"><span style=\"color: #993300;\"><strong>Fuente<\/strong><strong>: Prensa ZAC<\/strong><\/span><\/p>\n<div style=\"color: #1f1f1f;\">\n<p style=\"text-align: justify;\">Fecha de publicaci\u00f3n: 21\/08\/2018<\/p>\n<\/div>","protected":false},"excerpt":{"rendered":"<p>La Dra. Ruth Shady, directora de la Zona Arqueol\u00f3gica Caral, Unidad Ejecutora 003 del Ministerio de Cultura, viaj\u00f3 a Brasil [&hellip;]<\/p>\n","protected":false},"author":1,"featured_media":13215,"comment_status":"closed","ping_status":"open","sticky":false,"template":"","format":"standard","meta":{"_acf_changed":false,"site-sidebar-layout":"default","site-content-layout":"","ast-site-content-layout":"default","site-content-style":"default","site-sidebar-style":"default","ast-global-header-display":"","ast-banner-title-visibility":"","ast-main-header-display":"","ast-hfb-above-header-display":"","ast-hfb-below-header-display":"","ast-hfb-mobile-header-display":"","site-post-title":"","ast-breadcrumbs-content":"","ast-featured-img":"","footer-sml-layout":"","ast-disable-related-posts":"","theme-transparent-header-meta":"","adv-header-id-meta":"","stick-header-meta":"","header-above-stick-meta":"","header-main-stick-meta":"","header-below-stick-meta":"","astra-migrate-meta-layouts":"default","ast-page-background-enabled":"default","ast-page-background-meta":{"desktop":{"background-color":"var(--ast-global-color-5)","background-image":"","background-repeat":"repeat","background-position":"center center","background-size":"auto","background-attachment":"scroll","background-type":"","background-media":"","overlay-type":"","overlay-color":"","overlay-opacity":"","overlay-gradient":""},"tablet":{"background-color":"","background-image":"","background-repeat":"repeat","background-position":"center center","background-size":"auto","background-attachment":"scroll","background-type":"","background-media":"","overlay-type":"","overlay-color":"","overlay-opacity":"","overlay-gradient":""},"mobile":{"background-color":"","background-image":"","background-repeat":"repeat","background-position":"center center","background-size":"auto","background-attachment":"scroll","background-type":"","background-media":"","overlay-type":"","overlay-color":"","overlay-opacity":"","overlay-gradient":""}},"ast-content-background-meta":{"desktop":{"background-color":"var(--ast-global-color-4)","background-image":"","background-repeat":"repeat","background-position":"center center","background-size":"auto","background-attachment":"scroll","background-type":"","background-media":"","overlay-type":"","overlay-color":"","overlay-opacity":"","overlay-gradient":""},"tablet":{"background-color":"var(--ast-global-color-4)","background-image":"","background-repeat":"repeat","background-position":"center center","background-size":"auto","background-attachment":"scroll","background-type":"","background-media":"","overlay-type":"","overlay-color":"","overlay-opacity":"","overlay-gradient":""},"mobile":{"background-color":"var(--ast-global-color-4)","background-image":"","background-repeat":"repeat","background-position":"center center","background-size":"auto","background-attachment":"scroll","background-type":"","background-media":"","overlay-type":"","overlay-color":"","overlay-opacity":"","overlay-gradient":""}},"footnotes":""},"categories":[208],"tags":[124,65,82],"class_list":["post-13212","post","type-post","status-publish","format-standard","has-post-thumbnail","hentry","category-noticias","tag-ciencia","tag-mujer","tag-ruth-shady"],"acf":[],"yoast_head":"<!-- This site is optimized with the Yoast SEO plugin v27.3 - https:\/\/yoast.com\/product\/yoast-seo-wordpress\/ -->\n<title>Dra. Ruth Shady participa en reuni\u00f3n de \u201cMujeres para la Ciencia\u201d en Brasil<\/title>\n<meta name=\"description\" content=\"La Dra. Ruth Shady, directora de la Zona Arqueol\u00f3gica Caral, Unidad Ejecutora 003 del Ministerio de Cultura, viaj\u00f3 a Brasil para participar de la reuni\u00f3n anual de Los Puntos Focales del Programa Mujeres para la Ciencia de Inter-American Network Of Academies Of Sciences (IANAS), que se desarrolla en la ciudad de Rio de Janeiro, del 20 al 22 de agosto.\" \/>\n<meta name=\"robots\" content=\"index, follow, max-snippet:-1, max-image-preview:large, max-video-preview:-1\" \/>\n<link rel=\"canonical\" href=\"https:\/\/zonacaral.gob.pe\/en\/noticias\/dra-ruth-shady-participa-en-reunion-de-mujeres-para-la-ciencia-en-brasil\/\" \/>\n<meta property=\"og:locale\" content=\"en_US\" \/>\n<meta property=\"og:type\" content=\"article\" \/>\n<meta property=\"og:title\" content=\"Dra. Ruth Shady participa en reuni\u00f3n de \u201cMujeres para la Ciencia\u201d en Brasil\" \/>\n<meta property=\"og:description\" content=\"La Dra. Ruth Shady, directora de la Zona Arqueol\u00f3gica Caral, Unidad Ejecutora 003 del Ministerio de Cultura, viaj\u00f3 a Brasil para participar de la reuni\u00f3n anual de Los Puntos Focales del Programa Mujeres para la Ciencia de Inter-American Network Of Academies Of Sciences (IANAS), que se desarrolla en la ciudad de Rio de Janeiro, del 20 al 22 de agosto.\" \/>\n<meta property=\"og:url\" content=\"https:\/\/zonacaral.gob.pe\/en\/noticias\/dra-ruth-shady-participa-en-reunion-de-mujeres-para-la-ciencia-en-brasil\/\" \/>\n<meta property=\"og:site_name\" content=\"Zona Caral\" \/>\n<meta property=\"article:published_time\" content=\"2018-08-21T15:06:31+00:00\" \/>\n<meta property=\"og:image\" content=\"https:\/\/zonacaral.gob.pe\/wp-content\/uploads\/2018\/08\/logo-ianas-.png\" \/>\n\t<meta property=\"og:image:width\" content=\"800\" \/>\n\t<meta property=\"og:image:height\" content=\"400\" \/>\n\t<meta property=\"og:image:type\" content=\"image\/png\" \/>\n<meta name=\"author\" content=\"Zona Caral Administrador\" \/>\n<meta name=\"twitter:card\" content=\"summary_large_image\" \/>\n<meta name=\"twitter:label1\" content=\"Written by\" \/>\n\t<meta name=\"twitter:data1\" content=\"Zona Caral Administrador\" \/>\n\t<meta name=\"twitter:label2\" content=\"Est. reading time\" \/>\n\t<meta name=\"twitter:data2\" content=\"1 minute\" \/>\n<script type=\"application\/ld+json\" class=\"yoast-schema-graph\">{\"@context\":\"https:\\\/\\\/schema.org\",\"@graph\":[{\"@type\":\"Article\",\"@id\":\"https:\\\/\\\/zonacaral.gob.pe\\\/es\\\/noticias\\\/dra-ruth-shady-participa-en-reunion-de-mujeres-para-la-ciencia-en-brasil\\\/#article\",\"isPartOf\":{\"@id\":\"https:\\\/\\\/zonacaral.gob.pe\\\/es\\\/noticias\\\/dra-ruth-shady-participa-en-reunion-de-mujeres-para-la-ciencia-en-brasil\\\/\"},\"author\":{\"name\":\"Zona Caral Administrador\",\"@id\":\"https:\\\/\\\/zonacaral.gob.pe\\\/es\\\/#\\\/schema\\\/person\\\/beddb4d22f71a7230c5b90913270a0ee\"},\"headline\":\"Dra. Ruth Shady participa en reuni\u00f3n de \u201cMujeres para la Ciencia\u201d en Brasil\",\"datePublished\":\"2018-08-21T15:06:31+00:00\",\"mainEntityOfPage\":{\"@id\":\"https:\\\/\\\/zonacaral.gob.pe\\\/es\\\/noticias\\\/dra-ruth-shady-participa-en-reunion-de-mujeres-para-la-ciencia-en-brasil\\\/\"},\"wordCount\":259,\"image\":{\"@id\":\"https:\\\/\\\/zonacaral.gob.pe\\\/es\\\/noticias\\\/dra-ruth-shady-participa-en-reunion-de-mujeres-para-la-ciencia-en-brasil\\\/#primaryimage\"},\"thumbnailUrl\":\"https:\\\/\\\/zonacaral.gob.pe\\\/wp-content\\\/uploads\\\/2018\\\/08\\\/logo-ianas-.png\",\"keywords\":[\"ciencia\",\"mujer\",\"Ruth Shady\"],\"articleSection\":[\"noticias\"],\"inLanguage\":\"en-US\"},{\"@type\":\"WebPage\",\"@id\":\"https:\\\/\\\/zonacaral.gob.pe\\\/es\\\/noticias\\\/dra-ruth-shady-participa-en-reunion-de-mujeres-para-la-ciencia-en-brasil\\\/\",\"url\":\"https:\\\/\\\/zonacaral.gob.pe\\\/es\\\/noticias\\\/dra-ruth-shady-participa-en-reunion-de-mujeres-para-la-ciencia-en-brasil\\\/\",\"name\":\"Dra. Ruth Shady participa en reuni\u00f3n de \u201cMujeres para la Ciencia\u201d en Brasil\",\"isPartOf\":{\"@id\":\"https:\\\/\\\/zonacaral.gob.pe\\\/es\\\/#website\"},\"primaryImageOfPage\":{\"@id\":\"https:\\\/\\\/zonacaral.gob.pe\\\/es\\\/noticias\\\/dra-ruth-shady-participa-en-reunion-de-mujeres-para-la-ciencia-en-brasil\\\/#primaryimage\"},\"image\":{\"@id\":\"https:\\\/\\\/zonacaral.gob.pe\\\/es\\\/noticias\\\/dra-ruth-shady-participa-en-reunion-de-mujeres-para-la-ciencia-en-brasil\\\/#primaryimage\"},\"thumbnailUrl\":\"https:\\\/\\\/zonacaral.gob.pe\\\/wp-content\\\/uploads\\\/2018\\\/08\\\/logo-ianas-.png\",\"datePublished\":\"2018-08-21T15:06:31+00:00\",\"author\":{\"@id\":\"https:\\\/\\\/zonacaral.gob.pe\\\/es\\\/#\\\/schema\\\/person\\\/beddb4d22f71a7230c5b90913270a0ee\"},\"description\":\"La Dra. Ruth Shady, directora de la Zona Arqueol\u00f3gica Caral, Unidad Ejecutora 003 del Ministerio de Cultura, viaj\u00f3 a Brasil para participar de la reuni\u00f3n anual de Los Puntos Focales del Programa Mujeres para la Ciencia de Inter-American Network Of Academies Of Sciences (IANAS), que se desarrolla en la ciudad de Rio de Janeiro, del 20 al 22 de agosto.\",\"breadcrumb\":{\"@id\":\"https:\\\/\\\/zonacaral.gob.pe\\\/es\\\/noticias\\\/dra-ruth-shady-participa-en-reunion-de-mujeres-para-la-ciencia-en-brasil\\\/#breadcrumb\"},\"inLanguage\":\"en-US\",\"potentialAction\":[{\"@type\":\"ReadAction\",\"target\":[\"https:\\\/\\\/zonacaral.gob.pe\\\/es\\\/noticias\\\/dra-ruth-shady-participa-en-reunion-de-mujeres-para-la-ciencia-en-brasil\\\/\"]}]},{\"@type\":\"ImageObject\",\"inLanguage\":\"en-US\",\"@id\":\"https:\\\/\\\/zonacaral.gob.pe\\\/es\\\/noticias\\\/dra-ruth-shady-participa-en-reunion-de-mujeres-para-la-ciencia-en-brasil\\\/#primaryimage\",\"url\":\"https:\\\/\\\/zonacaral.gob.pe\\\/wp-content\\\/uploads\\\/2018\\\/08\\\/logo-ianas-.png\",\"contentUrl\":\"https:\\\/\\\/zonacaral.gob.pe\\\/wp-content\\\/uploads\\\/2018\\\/08\\\/logo-ianas-.png\",\"width\":800,\"height\":400},{\"@type\":\"BreadcrumbList\",\"@id\":\"https:\\\/\\\/zonacaral.gob.pe\\\/es\\\/noticias\\\/dra-ruth-shady-participa-en-reunion-de-mujeres-para-la-ciencia-en-brasil\\\/#breadcrumb\",\"itemListElement\":[{\"@type\":\"ListItem\",\"position\":1,\"name\":\"Portada\",\"item\":\"https:\\\/\\\/zonacaral.gob.pe\\\/\"},{\"@type\":\"ListItem\",\"position\":2,\"name\":\"Dra. Ruth Shady participa en reuni\u00f3n de \u201cMujeres para la Ciencia\u201d en Brasil\"}]},{\"@type\":\"WebSite\",\"@id\":\"https:\\\/\\\/zonacaral.gob.pe\\\/es\\\/#website\",\"url\":\"https:\\\/\\\/zonacaral.gob.pe\\\/es\\\/\",\"name\":\"Zona Caral\",\"description\":\"Investigamos, conservamos y difundimos el patrimonio cultural de la Civilizaci\u00f3n Caral, la m\u00e1s antigua de Am\u00e9rica.\",\"potentialAction\":[{\"@type\":\"SearchAction\",\"target\":{\"@type\":\"EntryPoint\",\"urlTemplate\":\"https:\\\/\\\/zonacaral.gob.pe\\\/es\\\/?s={search_term_string}\"},\"query-input\":{\"@type\":\"PropertyValueSpecification\",\"valueRequired\":true,\"valueName\":\"search_term_string\"}}],\"inLanguage\":\"en-US\"},{\"@type\":\"Person\",\"@id\":\"https:\\\/\\\/zonacaral.gob.pe\\\/es\\\/#\\\/schema\\\/person\\\/beddb4d22f71a7230c5b90913270a0ee\",\"name\":\"Zona Caral Administrador\",\"image\":{\"@type\":\"ImageObject\",\"inLanguage\":\"en-US\",\"@id\":\"https:\\\/\\\/secure.gravatar.com\\\/avatar\\\/e4be162918a696358376de6446614e0f0f4062bdc5d170d6d540ada3d8b58c12?s=96&d=mm&r=g\",\"url\":\"https:\\\/\\\/secure.gravatar.com\\\/avatar\\\/e4be162918a696358376de6446614e0f0f4062bdc5d170d6d540ada3d8b58c12?s=96&d=mm&r=g\",\"contentUrl\":\"https:\\\/\\\/secure.gravatar.com\\\/avatar\\\/e4be162918a696358376de6446614e0f0f4062bdc5d170d6d540ada3d8b58c12?s=96&d=mm&r=g\",\"caption\":\"Zona Caral Administrador\"},\"sameAs\":[\"https:\\\/\\\/zonacaral.gob.pe\"],\"url\":\"https:\\\/\\\/zonacaral.gob.pe\\\/en\\\/noticias\\\/author\\\/ad_zonacaral\\\/\"}]}<\/script>\n<!-- \/ Yoast SEO plugin. -->","yoast_head_json":{"title":"Dra. Ruth Shady participa en reuni\u00f3n de \u201cMujeres para la Ciencia\u201d en Brasil","description":"La Dra. Ruth Shady, directora de la Zona Arqueol\u00f3gica Caral, Unidad Ejecutora 003 del Ministerio de Cultura, viaj\u00f3 a Brasil para participar de la reuni\u00f3n anual de Los Puntos Focales del Programa Mujeres para la Ciencia de Inter-American Network Of Academies Of Sciences (IANAS), que se desarrolla en la ciudad de Rio de Janeiro, del 20 al 22 de agosto.","robots":{"index":"index","follow":"follow","max-snippet":"max-snippet:-1","max-image-preview":"max-image-preview:large","max-video-preview":"max-video-preview:-1"},"canonical":"https:\/\/zonacaral.gob.pe\/en\/noticias\/dra-ruth-shady-participa-en-reunion-de-mujeres-para-la-ciencia-en-brasil\/","og_locale":"en_US","og_type":"article","og_title":"Dra. Ruth Shady participa en reuni\u00f3n de \u201cMujeres para la Ciencia\u201d en Brasil","og_description":"La Dra. Ruth Shady, directora de la Zona Arqueol\u00f3gica Caral, Unidad Ejecutora 003 del Ministerio de Cultura, viaj\u00f3 a Brasil para participar de la reuni\u00f3n anual de Los Puntos Focales del Programa Mujeres para la Ciencia de Inter-American Network Of Academies Of Sciences (IANAS), que se desarrolla en la ciudad de Rio de Janeiro, del 20 al 22 de agosto.","og_url":"https:\/\/zonacaral.gob.pe\/en\/noticias\/dra-ruth-shady-participa-en-reunion-de-mujeres-para-la-ciencia-en-brasil\/","og_site_name":"Zona Caral","article_published_time":"2018-08-21T15:06:31+00:00","og_image":[{"width":800,"height":400,"url":"https:\/\/zonacaral.gob.pe\/wp-content\/uploads\/2018\/08\/logo-ianas-.png","type":"image\/png"}],"author":"Zona Caral Administrador","twitter_card":"summary_large_image","twitter_misc":{"Written by":"Zona Caral Administrador","Est. reading time":"1 minute"},"schema":{"@context":"https:\/\/schema.org","@graph":[{"@type":"Article","@id":"https:\/\/zonacaral.gob.pe\/es\/noticias\/dra-ruth-shady-participa-en-reunion-de-mujeres-para-la-ciencia-en-brasil\/#article","isPartOf":{"@id":"https:\/\/zonacaral.gob.pe\/es\/noticias\/dra-ruth-shady-participa-en-reunion-de-mujeres-para-la-ciencia-en-brasil\/"},"author":{"name":"Zona Caral Administrador","@id":"https:\/\/zonacaral.gob.pe\/es\/#\/schema\/person\/beddb4d22f71a7230c5b90913270a0ee"},"headline":"Dra. Ruth Shady participa en reuni\u00f3n de \u201cMujeres para la Ciencia\u201d en Brasil","datePublished":"2018-08-21T15:06:31+00:00","mainEntityOfPage":{"@id":"https:\/\/zonacaral.gob.pe\/es\/noticias\/dra-ruth-shady-participa-en-reunion-de-mujeres-para-la-ciencia-en-brasil\/"},"wordCount":259,"image":{"@id":"https:\/\/zonacaral.gob.pe\/es\/noticias\/dra-ruth-shady-participa-en-reunion-de-mujeres-para-la-ciencia-en-brasil\/#primaryimage"},"thumbnailUrl":"https:\/\/zonacaral.gob.pe\/wp-content\/uploads\/2018\/08\/logo-ianas-.png","keywords":["ciencia","mujer","Ruth Shady"],"articleSection":["noticias"],"inLanguage":"en-US"},{"@type":"WebPage","@id":"https:\/\/zonacaral.gob.pe\/es\/noticias\/dra-ruth-shady-participa-en-reunion-de-mujeres-para-la-ciencia-en-brasil\/","url":"https:\/\/zonacaral.gob.pe\/es\/noticias\/dra-ruth-shady-participa-en-reunion-de-mujeres-para-la-ciencia-en-brasil\/","name":"Dra. Ruth Shady participa en reuni\u00f3n de \u201cMujeres para la Ciencia\u201d en Brasil","isPartOf":{"@id":"https:\/\/zonacaral.gob.pe\/es\/#website"},"primaryImageOfPage":{"@id":"https:\/\/zonacaral.gob.pe\/es\/noticias\/dra-ruth-shady-participa-en-reunion-de-mujeres-para-la-ciencia-en-brasil\/#primaryimage"},"image":{"@id":"https:\/\/zonacaral.gob.pe\/es\/noticias\/dra-ruth-shady-participa-en-reunion-de-mujeres-para-la-ciencia-en-brasil\/#primaryimage"},"thumbnailUrl":"https:\/\/zonacaral.gob.pe\/wp-content\/uploads\/2018\/08\/logo-ianas-.png","datePublished":"2018-08-21T15:06:31+00:00","author":{"@id":"https:\/\/zonacaral.gob.pe\/es\/#\/schema\/person\/beddb4d22f71a7230c5b90913270a0ee"},"description":"La Dra. Ruth Shady, directora de la Zona Arqueol\u00f3gica Caral, Unidad Ejecutora 003 del Ministerio de Cultura, viaj\u00f3 a Brasil para participar de la reuni\u00f3n anual de Los Puntos Focales del Programa Mujeres para la Ciencia de Inter-American Network Of Academies Of Sciences (IANAS), que se desarrolla en la ciudad de Rio de Janeiro, del 20 al 22 de agosto.","breadcrumb":{"@id":"https:\/\/zonacaral.gob.pe\/es\/noticias\/dra-ruth-shady-participa-en-reunion-de-mujeres-para-la-ciencia-en-brasil\/#breadcrumb"},"inLanguage":"en-US","potentialAction":[{"@type":"ReadAction","target":["https:\/\/zonacaral.gob.pe\/es\/noticias\/dra-ruth-shady-participa-en-reunion-de-mujeres-para-la-ciencia-en-brasil\/"]}]},{"@type":"ImageObject","inLanguage":"en-US","@id":"https:\/\/zonacaral.gob.pe\/es\/noticias\/dra-ruth-shady-participa-en-reunion-de-mujeres-para-la-ciencia-en-brasil\/#primaryimage","url":"https:\/\/zonacaral.gob.pe\/wp-content\/uploads\/2018\/08\/logo-ianas-.png","contentUrl":"https:\/\/zonacaral.gob.pe\/wp-content\/uploads\/2018\/08\/logo-ianas-.png","width":800,"height":400},{"@type":"BreadcrumbList","@id":"https:\/\/zonacaral.gob.pe\/es\/noticias\/dra-ruth-shady-participa-en-reunion-de-mujeres-para-la-ciencia-en-brasil\/#breadcrumb","itemListElement":[{"@type":"ListItem","position":1,"name":"Portada","item":"https:\/\/zonacaral.gob.pe\/"},{"@type":"ListItem","position":2,"name":"Dra. Ruth Shady participa en reuni\u00f3n de \u201cMujeres para la Ciencia\u201d en Brasil"}]},{"@type":"WebSite","@id":"https:\/\/zonacaral.gob.pe\/es\/#website","url":"https:\/\/zonacaral.gob.pe\/es\/","name":"Zona Caral","description":"Investigamos, conservamos y difundimos el patrimonio cultural de la Civilizaci\u00f3n Caral, la m\u00e1s antigua de Am\u00e9rica.","potentialAction":[{"@type":"SearchAction","target":{"@type":"EntryPoint","urlTemplate":"https:\/\/zonacaral.gob.pe\/es\/?s={search_term_string}"},"query-input":{"@type":"PropertyValueSpecification","valueRequired":true,"valueName":"search_term_string"}}],"inLanguage":"en-US"},{"@type":"Person","@id":"https:\/\/zonacaral.gob.pe\/es\/#\/schema\/person\/beddb4d22f71a7230c5b90913270a0ee","name":"Zona Caral Administrador","image":{"@type":"ImageObject","inLanguage":"en-US","@id":"https:\/\/secure.gravatar.com\/avatar\/e4be162918a696358376de6446614e0f0f4062bdc5d170d6d540ada3d8b58c12?s=96&d=mm&r=g","url":"https:\/\/secure.gravatar.com\/avatar\/e4be162918a696358376de6446614e0f0f4062bdc5d170d6d540ada3d8b58c12?s=96&d=mm&r=g","contentUrl":"https:\/\/secure.gravatar.com\/avatar\/e4be162918a696358376de6446614e0f0f4062bdc5d170d6d540ada3d8b58c12?s=96&d=mm&r=g","caption":"Zona Caral Administrador"},"sameAs":["https:\/\/zonacaral.gob.pe"],"url":"https:\/\/zonacaral.gob.pe\/en\/noticias\/author\/ad_zonacaral\/"}]}},"_links":{"self":[{"href":"https:\/\/zonacaral.gob.pe\/en\/wp-json\/wp\/v2\/posts\/13212","targetHints":{"allow":["GET"]}}],"collection":[{"href":"https:\/\/zonacaral.gob.pe\/en\/wp-json\/wp\/v2\/posts"}],"about":[{"href":"https:\/\/zonacaral.gob.pe\/en\/wp-json\/wp\/v2\/types\/post"}],"author":[{"embeddable":true,"href":"https:\/\/zonacaral.gob.pe\/en\/wp-json\/wp\/v2\/users\/1"}],"replies":[{"embeddable":true,"href":"https:\/\/zonacaral.gob.pe\/en\/wp-json\/wp\/v2\/comments?post=13212"}],"version-history":[{"count":0,"href":"https:\/\/zonacaral.gob.pe\/en\/wp-json\/wp\/v2\/posts\/13212\/revisions"}],"wp:featuredmedia":[{"embeddable":true,"href":"https:\/\/zonacaral.gob.pe\/en\/wp-json\/wp\/v2\/media\/13215"}],"wp:attachment":[{"href":"https:\/\/zonacaral.gob.pe\/en\/wp-json\/wp\/v2\/media?parent=13212"}],"wp:term":[{"taxonomy":"category","embeddable":true,"href":"https:\/\/zonacaral.gob.pe\/en\/wp-json\/wp\/v2\/categories?post=13212"},{"taxonomy":"post_tag","embeddable":true,"href":"https:\/\/zonacaral.gob.pe\/en\/wp-json\/wp\/v2\/tags?post=13212"}],"curies":[{"name":"wp","href":"https:\/\/api.w.org\/{rel}","templated":true}]}}