{"id":13221,"date":"2018-08-22T15:45:54","date_gmt":"2018-08-22T20:45:54","guid":{"rendered":"http:\/\/www.zonacaral.gob.pe\/?p=13221"},"modified":"2018-08-22T15:45:54","modified_gmt":"2018-08-22T20:45:54","slug":"vichama-represento-en-sus-edificios-el-cambio-climatico-que-afrontaron-hace-3800-anos","status":"publish","type":"post","link":"https:\/\/zonacaral.gob.pe\/en\/noticias\/vichama-represento-en-sus-edificios-el-cambio-climatico-que-afrontaron-hace-3800-anos\/","title":{"rendered":"Vichama represent\u00f3 en sus edificios el cambio clim\u00e1tico que afrontaron hace 3800 a\u00f1os"},"content":{"rendered":"<figure class=\"pic-autor\" style=\"color: #4d4d4d; text-align: justify;\"><\/figure>\n<blockquote><p>En el marco de und\u00e9cimo aniversario de Vichama, que se celebrar\u00e1 el 31 de agosto y 1 de setiembre, con diversas actividades culturales gratuitas.<\/p><\/blockquote>\n<p>La Dra. Ruth Shady, directora de la Zona Arqueol\u00f3gica Caral, UE 003 del Ministerio de Cultura, sostuvo que la poblaci\u00f3n de Vichama, Ciudad Agropesquera de V\u00e9gueta \u2013 Huaura, cuenta con diversos relieves en los salones ceremoniales de sus edificios, en los que representaron los estragos que afrontaron tras un periodo de cambio clim\u00e1tico hace 3800 a\u00f1os.<\/p>\n<p>\u201cLa sociedad de Vichama, represent\u00f3, en estos salones p\u00fablicos, los estragos de las sequias, la falta de agua y de la productividad agr\u00edcola\u201d, dijo la Dra. Shady, quien agreg\u00f3 que las poblaciones deben reflexionar sobre lo que signific\u00f3 el cambio clim\u00e1tico en el pasado \u201cy lo que puede ocasionar en el presente si no tenemos en cuenta que son cambios clim\u00e1ticos que se presentan peri\u00f3dicamente\u201d.<\/p>\n<p>En ese sentido, explic\u00f3 sobre el \u00faltimo hallazgo que se hizo en este sitio arqueol\u00f3gico, el cual consta de cuatro cabezas con los ojos cerrados, dos serpientes y una cabeza no humana, ubicada en la cima de uno de los edificios ceremoniales.<\/p>\n<p>\u201cSe aprecian 4 cabezas de ser humanos bordeadas por serpientes. Las dos cabezas de las serpientes confluyen hacia una cabeza peque\u00f1a, que est\u00e1 con los ojos abiertos, la boca abierta y que en la parte inferior tiene 5 varillas que se hincan en el suelo\u201d, dijo la arque\u00f3loga Ruth Shady.<\/p>\n<p>Agreg\u00f3, que para la interpretaci\u00f3n de esa escena se revis\u00f3 la bibliograf\u00eda sobre la etnohistoria, la etnograf\u00eda, particularmente de la cient\u00edfica, Rebeca Carri\u00f3n Cachot.<\/p>\n<p>\u201cLa escena muestra a las 4 cabezas humanas con los ojos cerrados, como seres fallecidos, y la cabecita, en la parte inferior, representar\u00eda una semilla agr\u00edcola a la que las dos cabezas de las serpientes confluyen para llegar a esa cabecita. Las dos serpientes representan en la mitolog\u00eda andina, relaciones con la deidad, el rayo, que est\u00e1 vinculado al agua, de modo que llegar\u00eda el agua despu\u00e9s una crisis en que el agua escaseaba. El recurso marino ayudo a las poblaciones a mantenerse en el lugar, pero se ve la carencia en la representaci\u00f3n de sus cuerpos y seres que han muerto. Es muy interesante este sitio arqueol\u00f3gico\u201d, detall\u00f3.<\/p>\n<p><img fetchpriority=\"high\" decoding=\"async\" class=\"alignnone wp-image-13222\" src=\"http:\/\/www.zonacaral.gob.pe\/wp-content\/uploads\/2018\/08\/Infografi\u0301a-sector-K-baja_Mesa-de-trabajo-1.png\" alt=\"Infografi\u0301a sector K baja_Mesa de trabajo 1\" width=\"690\" height=\"1034\" \/><\/p>\n<p>(Conoce m\u00e1s sobre el hallazgo <a href=\"https:\/\/zonacaral.gob.pe\/en\/noticias\/hallan-nuevos-relieves-de-3800-anos-de-antiguedad-relacionados-con-el-cambio-climatico\/\"><strong>aqu\u00ed<\/strong><\/a>)<\/p>\n<p>Estas declaraciones las dio en el sitio arqueol\u00f3gico de Vichama, el cual celebrar\u00e1 11 a\u00f1os de puesta en valor, de investigaciones y de trabajos de conservaci\u00f3n. Para esta fecha, programada para el 31 de agosto y 1 de setiembre, se desarrollar\u00e1n diversas actividades gratuitas para todo el p\u00fablico. (Conoce m\u00e1s sobre el evento <a href=\"https:\/\/zonacaral.gob.pe\/en\/noticias\/vichama-celebra-11-anos-de-historia-e-investigacion\/\">aqu\u00ed<\/a>)<\/p>\n<p><iframe style=\"border: none; overflow: hidden;\" src=\"https:\/\/www.facebook.com\/plugins\/video.php?href=https%3A%2F%2Fwww.facebook.com%2FCARALPERU%2Fvideos%2F228262807857080%2F&amp;show_text=0&amp;width=560\" width=\"560\" height=\"400\" frameborder=\"0\" scrolling=\"no\" allowfullscreen=\"allowfullscreen\"><\/iframe><\/p>\n<p style=\"text-align: justify;\"><span style=\"color: #993300;\"><strong>Fuente<\/strong><strong>: Prensa ZAC<\/strong><\/span><\/p>\n<div style=\"color: #1f1f1f;\">\n<p style=\"text-align: justify;\">Fecha de publicaci\u00f3n: 22\/08\/2018<\/p>\n<\/div>","protected":false},"excerpt":{"rendered":"<p>En el marco de und\u00e9cimo aniversario de Vichama, que se celebrar\u00e1 el 31 de agosto y 1 de setiembre, con [&hellip;]<\/p>\n","protected":false},"author":1,"featured_media":13223,"comment_status":"closed","ping_status":"open","sticky":false,"template":"","format":"standard","meta":{"_acf_changed":false,"site-sidebar-layout":"default","site-content-layout":"","ast-site-content-layout":"default","site-content-style":"default","site-sidebar-style":"default","ast-global-header-display":"","ast-banner-title-visibility":"","ast-main-header-display":"","ast-hfb-above-header-display":"","ast-hfb-below-header-display":"","ast-hfb-mobile-header-display":"","site-post-title":"","ast-breadcrumbs-content":"","ast-featured-img":"","footer-sml-layout":"","ast-disable-related-posts":"","theme-transparent-header-meta":"","adv-header-id-meta":"","stick-header-meta":"","header-above-stick-meta":"","header-main-stick-meta":"","header-below-stick-meta":"","astra-migrate-meta-layouts":"default","ast-page-background-enabled":"default","ast-page-background-meta":{"desktop":{"background-color":"var(--ast-global-color-5)","background-image":"","background-repeat":"repeat","background-position":"center center","background-size":"auto","background-attachment":"scroll","background-type":"","background-media":"","overlay-type":"","overlay-color":"","overlay-opacity":"","overlay-gradient":""},"tablet":{"background-color":"","background-image":"","background-repeat":"repeat","background-position":"center center","background-size":"auto","background-attachment":"scroll","background-type":"","background-media":"","overlay-type":"","overlay-color":"","overlay-opacity":"","overlay-gradient":""},"mobile":{"background-color":"","background-image":"","background-repeat":"repeat","background-position":"center center","background-size":"auto","background-attachment":"scroll","background-type":"","background-media":"","overlay-type":"","overlay-color":"","overlay-opacity":"","overlay-gradient":""}},"ast-content-background-meta":{"desktop":{"background-color":"var(--ast-global-color-4)","background-image":"","background-repeat":"repeat","background-position":"center center","background-size":"auto","background-attachment":"scroll","background-type":"","background-media":"","overlay-type":"","overlay-color":"","overlay-opacity":"","overlay-gradient":""},"tablet":{"background-color":"var(--ast-global-color-4)","background-image":"","background-repeat":"repeat","background-position":"center center","background-size":"auto","background-attachment":"scroll","background-type":"","background-media":"","overlay-type":"","overlay-color":"","overlay-opacity":"","overlay-gradient":""},"mobile":{"background-color":"var(--ast-global-color-4)","background-image":"","background-repeat":"repeat","background-position":"center center","background-size":"auto","background-attachment":"scroll","background-type":"","background-media":"","overlay-type":"","overlay-color":"","overlay-opacity":"","overlay-gradient":""}},"footnotes":""},"categories":[208],"tags":[173,82,61],"class_list":["post-13221","post","type-post","status-publish","format-standard","has-post-thumbnail","hentry","category-noticias","tag-infografia","tag-ruth-shady","tag-vichama"],"acf":[],"yoast_head":"<!-- This site is optimized with the Yoast SEO plugin v27.3 - https:\/\/yoast.com\/product\/yoast-seo-wordpress\/ -->\n<title>Vichama represent\u00f3 en sus edificios el cambio clim\u00e1tico<\/title>\n<meta name=\"description\" content=\"La Dra. Ruth Shady, directora de la Zona Arqueol\u00f3gica Caral, Unidad Ejecutora 003 del Ministerio de Cultura, viaj\u00f3 a Brasil para participar de la reuni\u00f3n anual de Los Puntos Focales del Programa Mujeres para la Ciencia de Inter-American Network Of Academies Of Sciences (IANAS), que se desarrolla en la ciudad de Rio de Janeiro, del 20 al 22 de agosto.\" \/>\n<meta name=\"robots\" content=\"index, follow, max-snippet:-1, max-image-preview:large, max-video-preview:-1\" \/>\n<link rel=\"canonical\" href=\"https:\/\/zonacaral.gob.pe\/en\/noticias\/vichama-represento-en-sus-edificios-el-cambio-climatico-que-afrontaron-hace-3800-anos\/\" \/>\n<meta property=\"og:locale\" content=\"en_US\" \/>\n<meta property=\"og:type\" content=\"article\" \/>\n<meta property=\"og:title\" content=\"Vichama represent\u00f3 en sus edificios el cambio clim\u00e1tico\" \/>\n<meta property=\"og:description\" content=\"La Dra. Ruth Shady, directora de la Zona Arqueol\u00f3gica Caral, Unidad Ejecutora 003 del Ministerio de Cultura, viaj\u00f3 a Brasil para participar de la reuni\u00f3n anual de Los Puntos Focales del Programa Mujeres para la Ciencia de Inter-American Network Of Academies Of Sciences (IANAS), que se desarrolla en la ciudad de Rio de Janeiro, del 20 al 22 de agosto.\" \/>\n<meta property=\"og:url\" content=\"https:\/\/zonacaral.gob.pe\/en\/noticias\/vichama-represento-en-sus-edificios-el-cambio-climatico-que-afrontaron-hace-3800-anos\/\" \/>\n<meta property=\"og:site_name\" content=\"Zona Caral\" \/>\n<meta property=\"article:published_time\" content=\"2018-08-22T20:45:54+00:00\" \/>\n<meta property=\"og:image\" content=\"https:\/\/zonacaral.gob.pe\/wp-content\/uploads\/2018\/08\/DSC_7797.jpg\" \/>\n\t<meta property=\"og:image:width\" content=\"900\" \/>\n\t<meta property=\"og:image:height\" content=\"601\" \/>\n\t<meta property=\"og:image:type\" content=\"image\/jpeg\" \/>\n<meta name=\"author\" content=\"Zona Caral Administrador\" \/>\n<meta name=\"twitter:card\" content=\"summary_large_image\" \/>\n<meta name=\"twitter:label1\" content=\"Written by\" \/>\n\t<meta name=\"twitter:data1\" content=\"Zona Caral Administrador\" \/>\n\t<meta name=\"twitter:label2\" content=\"Est. reading time\" \/>\n\t<meta name=\"twitter:data2\" content=\"2 minutes\" \/>\n<script type=\"application\/ld+json\" class=\"yoast-schema-graph\">{\"@context\":\"https:\\\/\\\/schema.org\",\"@graph\":[{\"@type\":\"Article\",\"@id\":\"https:\\\/\\\/zonacaral.gob.pe\\\/en\\\/noticias\\\/vichama-represento-en-sus-edificios-el-cambio-climatico-que-afrontaron-hace-3800-anos\\\/#article\",\"isPartOf\":{\"@id\":\"https:\\\/\\\/zonacaral.gob.pe\\\/en\\\/noticias\\\/vichama-represento-en-sus-edificios-el-cambio-climatico-que-afrontaron-hace-3800-anos\\\/\"},\"author\":{\"name\":\"Zona Caral Administrador\",\"@id\":\"https:\\\/\\\/zonacaral.gob.pe\\\/es\\\/#\\\/schema\\\/person\\\/beddb4d22f71a7230c5b90913270a0ee\"},\"headline\":\"Vichama represent\u00f3 en sus edificios el cambio clim\u00e1tico que afrontaron hace 3800 a\u00f1os\",\"datePublished\":\"2018-08-22T20:45:54+00:00\",\"mainEntityOfPage\":{\"@id\":\"https:\\\/\\\/zonacaral.gob.pe\\\/en\\\/noticias\\\/vichama-represento-en-sus-edificios-el-cambio-climatico-que-afrontaron-hace-3800-anos\\\/\"},\"wordCount\":473,\"image\":{\"@id\":\"https:\\\/\\\/zonacaral.gob.pe\\\/en\\\/noticias\\\/vichama-represento-en-sus-edificios-el-cambio-climatico-que-afrontaron-hace-3800-anos\\\/#primaryimage\"},\"thumbnailUrl\":\"https:\\\/\\\/zonacaral.gob.pe\\\/wp-content\\\/uploads\\\/2018\\\/08\\\/DSC_7797.jpg\",\"keywords\":[\"Infograf\u00eda\",\"Ruth Shady\",\"vichama\"],\"articleSection\":[\"noticias\"],\"inLanguage\":\"en-US\"},{\"@type\":\"WebPage\",\"@id\":\"https:\\\/\\\/zonacaral.gob.pe\\\/en\\\/noticias\\\/vichama-represento-en-sus-edificios-el-cambio-climatico-que-afrontaron-hace-3800-anos\\\/\",\"url\":\"https:\\\/\\\/zonacaral.gob.pe\\\/en\\\/noticias\\\/vichama-represento-en-sus-edificios-el-cambio-climatico-que-afrontaron-hace-3800-anos\\\/\",\"name\":\"Vichama represent\u00f3 en sus edificios el cambio clim\u00e1tico\",\"isPartOf\":{\"@id\":\"https:\\\/\\\/zonacaral.gob.pe\\\/es\\\/#website\"},\"primaryImageOfPage\":{\"@id\":\"https:\\\/\\\/zonacaral.gob.pe\\\/en\\\/noticias\\\/vichama-represento-en-sus-edificios-el-cambio-climatico-que-afrontaron-hace-3800-anos\\\/#primaryimage\"},\"image\":{\"@id\":\"https:\\\/\\\/zonacaral.gob.pe\\\/en\\\/noticias\\\/vichama-represento-en-sus-edificios-el-cambio-climatico-que-afrontaron-hace-3800-anos\\\/#primaryimage\"},\"thumbnailUrl\":\"https:\\\/\\\/zonacaral.gob.pe\\\/wp-content\\\/uploads\\\/2018\\\/08\\\/DSC_7797.jpg\",\"datePublished\":\"2018-08-22T20:45:54+00:00\",\"author\":{\"@id\":\"https:\\\/\\\/zonacaral.gob.pe\\\/es\\\/#\\\/schema\\\/person\\\/beddb4d22f71a7230c5b90913270a0ee\"},\"description\":\"La Dra. Ruth Shady, directora de la Zona Arqueol\u00f3gica Caral, Unidad Ejecutora 003 del Ministerio de Cultura, viaj\u00f3 a Brasil para participar de la reuni\u00f3n anual de Los Puntos Focales del Programa Mujeres para la Ciencia de Inter-American Network Of Academies Of Sciences (IANAS), que se desarrolla en la ciudad de Rio de Janeiro, del 20 al 22 de agosto.\",\"breadcrumb\":{\"@id\":\"https:\\\/\\\/zonacaral.gob.pe\\\/en\\\/noticias\\\/vichama-represento-en-sus-edificios-el-cambio-climatico-que-afrontaron-hace-3800-anos\\\/#breadcrumb\"},\"inLanguage\":\"en-US\",\"potentialAction\":[{\"@type\":\"ReadAction\",\"target\":[\"https:\\\/\\\/zonacaral.gob.pe\\\/en\\\/noticias\\\/vichama-represento-en-sus-edificios-el-cambio-climatico-que-afrontaron-hace-3800-anos\\\/\"]}]},{\"@type\":\"ImageObject\",\"inLanguage\":\"en-US\",\"@id\":\"https:\\\/\\\/zonacaral.gob.pe\\\/en\\\/noticias\\\/vichama-represento-en-sus-edificios-el-cambio-climatico-que-afrontaron-hace-3800-anos\\\/#primaryimage\",\"url\":\"https:\\\/\\\/zonacaral.gob.pe\\\/wp-content\\\/uploads\\\/2018\\\/08\\\/DSC_7797.jpg\",\"contentUrl\":\"https:\\\/\\\/zonacaral.gob.pe\\\/wp-content\\\/uploads\\\/2018\\\/08\\\/DSC_7797.jpg\",\"width\":900,\"height\":601},{\"@type\":\"BreadcrumbList\",\"@id\":\"https:\\\/\\\/zonacaral.gob.pe\\\/en\\\/noticias\\\/vichama-represento-en-sus-edificios-el-cambio-climatico-que-afrontaron-hace-3800-anos\\\/#breadcrumb\",\"itemListElement\":[{\"@type\":\"ListItem\",\"position\":1,\"name\":\"Portada\",\"item\":\"https:\\\/\\\/zonacaral.gob.pe\\\/\"},{\"@type\":\"ListItem\",\"position\":2,\"name\":\"Vichama represent\u00f3 en sus edificios el cambio clim\u00e1tico que afrontaron hace 3800 a\u00f1os\"}]},{\"@type\":\"WebSite\",\"@id\":\"https:\\\/\\\/zonacaral.gob.pe\\\/es\\\/#website\",\"url\":\"https:\\\/\\\/zonacaral.gob.pe\\\/es\\\/\",\"name\":\"Zona Caral\",\"description\":\"Investigamos, conservamos y difundimos el patrimonio cultural de la Civilizaci\u00f3n Caral, la m\u00e1s antigua de Am\u00e9rica.\",\"potentialAction\":[{\"@type\":\"SearchAction\",\"target\":{\"@type\":\"EntryPoint\",\"urlTemplate\":\"https:\\\/\\\/zonacaral.gob.pe\\\/es\\\/?s={search_term_string}\"},\"query-input\":{\"@type\":\"PropertyValueSpecification\",\"valueRequired\":true,\"valueName\":\"search_term_string\"}}],\"inLanguage\":\"en-US\"},{\"@type\":\"Person\",\"@id\":\"https:\\\/\\\/zonacaral.gob.pe\\\/es\\\/#\\\/schema\\\/person\\\/beddb4d22f71a7230c5b90913270a0ee\",\"name\":\"Zona Caral Administrador\",\"image\":{\"@type\":\"ImageObject\",\"inLanguage\":\"en-US\",\"@id\":\"https:\\\/\\\/secure.gravatar.com\\\/avatar\\\/e4be162918a696358376de6446614e0f0f4062bdc5d170d6d540ada3d8b58c12?s=96&d=mm&r=g\",\"url\":\"https:\\\/\\\/secure.gravatar.com\\\/avatar\\\/e4be162918a696358376de6446614e0f0f4062bdc5d170d6d540ada3d8b58c12?s=96&d=mm&r=g\",\"contentUrl\":\"https:\\\/\\\/secure.gravatar.com\\\/avatar\\\/e4be162918a696358376de6446614e0f0f4062bdc5d170d6d540ada3d8b58c12?s=96&d=mm&r=g\",\"caption\":\"Zona Caral Administrador\"},\"sameAs\":[\"https:\\\/\\\/zonacaral.gob.pe\"],\"url\":\"https:\\\/\\\/zonacaral.gob.pe\\\/en\\\/noticias\\\/author\\\/ad_zonacaral\\\/\"}]}<\/script>\n<!-- \/ Yoast SEO plugin. -->","yoast_head_json":{"title":"Vichama represent\u00f3 en sus edificios el cambio clim\u00e1tico","description":"La Dra. Ruth Shady, directora de la Zona Arqueol\u00f3gica Caral, Unidad Ejecutora 003 del Ministerio de Cultura, viaj\u00f3 a Brasil para participar de la reuni\u00f3n anual de Los Puntos Focales del Programa Mujeres para la Ciencia de Inter-American Network Of Academies Of Sciences (IANAS), que se desarrolla en la ciudad de Rio de Janeiro, del 20 al 22 de agosto.","robots":{"index":"index","follow":"follow","max-snippet":"max-snippet:-1","max-image-preview":"max-image-preview:large","max-video-preview":"max-video-preview:-1"},"canonical":"https:\/\/zonacaral.gob.pe\/en\/noticias\/vichama-represento-en-sus-edificios-el-cambio-climatico-que-afrontaron-hace-3800-anos\/","og_locale":"en_US","og_type":"article","og_title":"Vichama represent\u00f3 en sus edificios el cambio clim\u00e1tico","og_description":"La Dra. Ruth Shady, directora de la Zona Arqueol\u00f3gica Caral, Unidad Ejecutora 003 del Ministerio de Cultura, viaj\u00f3 a Brasil para participar de la reuni\u00f3n anual de Los Puntos Focales del Programa Mujeres para la Ciencia de Inter-American Network Of Academies Of Sciences (IANAS), que se desarrolla en la ciudad de Rio de Janeiro, del 20 al 22 de agosto.","og_url":"https:\/\/zonacaral.gob.pe\/en\/noticias\/vichama-represento-en-sus-edificios-el-cambio-climatico-que-afrontaron-hace-3800-anos\/","og_site_name":"Zona Caral","article_published_time":"2018-08-22T20:45:54+00:00","og_image":[{"width":900,"height":601,"url":"https:\/\/zonacaral.gob.pe\/wp-content\/uploads\/2018\/08\/DSC_7797.jpg","type":"image\/jpeg"}],"author":"Zona Caral Administrador","twitter_card":"summary_large_image","twitter_misc":{"Written by":"Zona Caral Administrador","Est. reading time":"2 minutes"},"schema":{"@context":"https:\/\/schema.org","@graph":[{"@type":"Article","@id":"https:\/\/zonacaral.gob.pe\/en\/noticias\/vichama-represento-en-sus-edificios-el-cambio-climatico-que-afrontaron-hace-3800-anos\/#article","isPartOf":{"@id":"https:\/\/zonacaral.gob.pe\/en\/noticias\/vichama-represento-en-sus-edificios-el-cambio-climatico-que-afrontaron-hace-3800-anos\/"},"author":{"name":"Zona Caral Administrador","@id":"https:\/\/zonacaral.gob.pe\/es\/#\/schema\/person\/beddb4d22f71a7230c5b90913270a0ee"},"headline":"Vichama represent\u00f3 en sus edificios el cambio clim\u00e1tico que afrontaron hace 3800 a\u00f1os","datePublished":"2018-08-22T20:45:54+00:00","mainEntityOfPage":{"@id":"https:\/\/zonacaral.gob.pe\/en\/noticias\/vichama-represento-en-sus-edificios-el-cambio-climatico-que-afrontaron-hace-3800-anos\/"},"wordCount":473,"image":{"@id":"https:\/\/zonacaral.gob.pe\/en\/noticias\/vichama-represento-en-sus-edificios-el-cambio-climatico-que-afrontaron-hace-3800-anos\/#primaryimage"},"thumbnailUrl":"https:\/\/zonacaral.gob.pe\/wp-content\/uploads\/2018\/08\/DSC_7797.jpg","keywords":["Infograf\u00eda","Ruth Shady","vichama"],"articleSection":["noticias"],"inLanguage":"en-US"},{"@type":"WebPage","@id":"https:\/\/zonacaral.gob.pe\/en\/noticias\/vichama-represento-en-sus-edificios-el-cambio-climatico-que-afrontaron-hace-3800-anos\/","url":"https:\/\/zonacaral.gob.pe\/en\/noticias\/vichama-represento-en-sus-edificios-el-cambio-climatico-que-afrontaron-hace-3800-anos\/","name":"Vichama represent\u00f3 en sus edificios el cambio clim\u00e1tico","isPartOf":{"@id":"https:\/\/zonacaral.gob.pe\/es\/#website"},"primaryImageOfPage":{"@id":"https:\/\/zonacaral.gob.pe\/en\/noticias\/vichama-represento-en-sus-edificios-el-cambio-climatico-que-afrontaron-hace-3800-anos\/#primaryimage"},"image":{"@id":"https:\/\/zonacaral.gob.pe\/en\/noticias\/vichama-represento-en-sus-edificios-el-cambio-climatico-que-afrontaron-hace-3800-anos\/#primaryimage"},"thumbnailUrl":"https:\/\/zonacaral.gob.pe\/wp-content\/uploads\/2018\/08\/DSC_7797.jpg","datePublished":"2018-08-22T20:45:54+00:00","author":{"@id":"https:\/\/zonacaral.gob.pe\/es\/#\/schema\/person\/beddb4d22f71a7230c5b90913270a0ee"},"description":"La Dra. Ruth Shady, directora de la Zona Arqueol\u00f3gica Caral, Unidad Ejecutora 003 del Ministerio de Cultura, viaj\u00f3 a Brasil para participar de la reuni\u00f3n anual de Los Puntos Focales del Programa Mujeres para la Ciencia de Inter-American Network Of Academies Of Sciences (IANAS), que se desarrolla en la ciudad de Rio de Janeiro, del 20 al 22 de agosto.","breadcrumb":{"@id":"https:\/\/zonacaral.gob.pe\/en\/noticias\/vichama-represento-en-sus-edificios-el-cambio-climatico-que-afrontaron-hace-3800-anos\/#breadcrumb"},"inLanguage":"en-US","potentialAction":[{"@type":"ReadAction","target":["https:\/\/zonacaral.gob.pe\/en\/noticias\/vichama-represento-en-sus-edificios-el-cambio-climatico-que-afrontaron-hace-3800-anos\/"]}]},{"@type":"ImageObject","inLanguage":"en-US","@id":"https:\/\/zonacaral.gob.pe\/en\/noticias\/vichama-represento-en-sus-edificios-el-cambio-climatico-que-afrontaron-hace-3800-anos\/#primaryimage","url":"https:\/\/zonacaral.gob.pe\/wp-content\/uploads\/2018\/08\/DSC_7797.jpg","contentUrl":"https:\/\/zonacaral.gob.pe\/wp-content\/uploads\/2018\/08\/DSC_7797.jpg","width":900,"height":601},{"@type":"BreadcrumbList","@id":"https:\/\/zonacaral.gob.pe\/en\/noticias\/vichama-represento-en-sus-edificios-el-cambio-climatico-que-afrontaron-hace-3800-anos\/#breadcrumb","itemListElement":[{"@type":"ListItem","position":1,"name":"Portada","item":"https:\/\/zonacaral.gob.pe\/"},{"@type":"ListItem","position":2,"name":"Vichama represent\u00f3 en sus edificios el cambio clim\u00e1tico que afrontaron hace 3800 a\u00f1os"}]},{"@type":"WebSite","@id":"https:\/\/zonacaral.gob.pe\/es\/#website","url":"https:\/\/zonacaral.gob.pe\/es\/","name":"Zona Caral","description":"Investigamos, conservamos y difundimos el patrimonio cultural de la Civilizaci\u00f3n Caral, la m\u00e1s antigua de Am\u00e9rica.","potentialAction":[{"@type":"SearchAction","target":{"@type":"EntryPoint","urlTemplate":"https:\/\/zonacaral.gob.pe\/es\/?s={search_term_string}"},"query-input":{"@type":"PropertyValueSpecification","valueRequired":true,"valueName":"search_term_string"}}],"inLanguage":"en-US"},{"@type":"Person","@id":"https:\/\/zonacaral.gob.pe\/es\/#\/schema\/person\/beddb4d22f71a7230c5b90913270a0ee","name":"Zona Caral Administrador","image":{"@type":"ImageObject","inLanguage":"en-US","@id":"https:\/\/secure.gravatar.com\/avatar\/e4be162918a696358376de6446614e0f0f4062bdc5d170d6d540ada3d8b58c12?s=96&d=mm&r=g","url":"https:\/\/secure.gravatar.com\/avatar\/e4be162918a696358376de6446614e0f0f4062bdc5d170d6d540ada3d8b58c12?s=96&d=mm&r=g","contentUrl":"https:\/\/secure.gravatar.com\/avatar\/e4be162918a696358376de6446614e0f0f4062bdc5d170d6d540ada3d8b58c12?s=96&d=mm&r=g","caption":"Zona Caral Administrador"},"sameAs":["https:\/\/zonacaral.gob.pe"],"url":"https:\/\/zonacaral.gob.pe\/en\/noticias\/author\/ad_zonacaral\/"}]}},"_links":{"self":[{"href":"https:\/\/zonacaral.gob.pe\/en\/wp-json\/wp\/v2\/posts\/13221","targetHints":{"allow":["GET"]}}],"collection":[{"href":"https:\/\/zonacaral.gob.pe\/en\/wp-json\/wp\/v2\/posts"}],"about":[{"href":"https:\/\/zonacaral.gob.pe\/en\/wp-json\/wp\/v2\/types\/post"}],"author":[{"embeddable":true,"href":"https:\/\/zonacaral.gob.pe\/en\/wp-json\/wp\/v2\/users\/1"}],"replies":[{"embeddable":true,"href":"https:\/\/zonacaral.gob.pe\/en\/wp-json\/wp\/v2\/comments?post=13221"}],"version-history":[{"count":0,"href":"https:\/\/zonacaral.gob.pe\/en\/wp-json\/wp\/v2\/posts\/13221\/revisions"}],"wp:featuredmedia":[{"embeddable":true,"href":"https:\/\/zonacaral.gob.pe\/en\/wp-json\/wp\/v2\/media\/13223"}],"wp:attachment":[{"href":"https:\/\/zonacaral.gob.pe\/en\/wp-json\/wp\/v2\/media?parent=13221"}],"wp:term":[{"taxonomy":"category","embeddable":true,"href":"https:\/\/zonacaral.gob.pe\/en\/wp-json\/wp\/v2\/categories?post=13221"},{"taxonomy":"post_tag","embeddable":true,"href":"https:\/\/zonacaral.gob.pe\/en\/wp-json\/wp\/v2\/tags?post=13221"}],"curies":[{"name":"wp","href":"https:\/\/api.w.org\/{rel}","templated":true}]}}