{"id":13403,"date":"2018-09-26T17:50:59","date_gmt":"2018-09-26T22:50:59","guid":{"rendered":"http:\/\/www.zonacaral.gob.pe\/?p=13403"},"modified":"2018-09-26T17:50:59","modified_gmt":"2018-09-26T22:50:59","slug":"ruth-shady-el-rol-de-la-ciencias-sociales-en-la-actualidad","status":"publish","type":"post","link":"https:\/\/zonacaral.gob.pe\/en\/noticias\/ruth-shady-el-rol-de-la-ciencias-sociales-en-la-actualidad\/","title":{"rendered":"Ruth Shady: el Rol de la Ciencias Sociales en la actualidad"},"content":{"rendered":"<figure class=\"pic-autor\" style=\"color: #4d4d4d; text-align: justify;\"><\/figure>\n<p>La doctora Ruth Shady, directora de la Zona Arqueoll\u00f3gica Caral, UE 003 del Ministerio de Cultura, expuso sobre el \u201cRol de las Ciencias Sociales\u201d, en el marco de las celebraciones por el XXXIV Aniversario de la Facultad de Ciencias Sociales de la Universidad Mayor de San Marcos.<\/p>\n<p>En ese aspecto, se\u00f1al\u00f3 que la megadiversidad del pa\u00eds, en el \u00e1mbito ecol\u00f3gico, demogr\u00e1fico; como tambi\u00e9n la cultura y el lenguaje, ayudaron a la construcci\u00f3n de la sociedad hace miles de a\u00f1os.<\/p>\n<p>Sostuvo que el Qhapaq\u00f1an, no es un sistema instalado en la \u00e9poca Inca, \u201csino en toda la integraci\u00f3n del proceso cultural andino amaz\u00f3nico, que no solo es un sistema terrestre, sino tambi\u00e9n mar\u00edtima y fluvial\u201d. Un ejemplo de ello, es que \u201cexistan documentos que indican que al Urubamba del Cusco llegaban los piratas de Ucayali en el siglo XIX.<\/p>\n<p>Indic\u00f3 que el desarrollo del pa\u00eds ha sido posible gracias a la organizaci\u00f3n social, al Ayni, a la Minka y a la Mita. Agreg\u00f3 que la producci\u00f3n de ciencia y tecnolog\u00eda, ayud\u00f3 al antiguo peruano a avanzar.<\/p>\n<p>La directora de la Escuela Profesional de Arqueolog\u00eda de la Universidad de San Marcos, coment\u00f3 sobre la migraci\u00f3n social que, seg\u00fan dijo, se dio por la falta de desarrollo armonioso \u201ccomo se dio en el pasado\u201d. En ese sentido, mostr\u00f3 cuadros estad\u00edsticos sobre d\u00f3nde se concentra m\u00e1s la poblaci\u00f3n peruana y d\u00f3nde se ubica la pobreza.<\/p>\n<p>Coment\u00f3 que en las construcciones en el pasado respetaron los espacios naturales, hechos que actualmente no se dan pues \u201clas personas construyen en las riveras o valles, sin respeto a la naturaleza y al medio ambiente\u201d.<\/p>\n<p>Agreg\u00f3 que, para el desarrollo de la sociedad, las poblaciones deben organizarse y trabajar en conjunto con las autoridades electas, como se hac\u00eda en el pasado.<\/p>\n<p>Finalmente coment\u00f3 sobre la p\u00e9rdida de valores, como la aplicaci\u00f3n de ciencia y tecnolog\u00eda, la falta de visi\u00f3n para la construcci\u00f3n de viviendas. La falta de lo cognitivo y el fortalecimiento de la transmisi\u00f3n de valores sociales, como el respeto a las dem\u00e1s personas, y la p\u00e9rdida de respeto a las dem\u00e1s culturas.<\/p>\n<p>\u201cHay que incorporar nuestra historia en las pol\u00edticas de Estado para construir un modelo desarrollo que considere, y ese es un trabajo de las ciencias sociales\u201d, concluy\u00f3.<\/p>\n<p><strong>DATO<\/strong><\/p>\n<p>La Dra. Ruth Shady fue condecorada por su trayectoria profesional y su aporte a la arqueolog\u00eda.<\/p>\n<p>En la presentaci\u00f3n, realizada el lunes 24, particip\u00f3 tambi\u00e9n Pedro Novoa, subdiretor de Investigaci\u00f3n y Conservaci\u00f3n de Materiales Arqueol\u00f3gicos de la Zona Arqueol\u00f3gica Caral, quien hizo un resumen del trabajo y trayectoria profesional de la Dra. Ruth Shady.<\/p>\n<p>En la actividad tambi\u00e9n estuvo presente el Decano de la Facultad de Ciencias Sociales, Dr. Julio V\u00edctor Mej\u00eda Navarrete.<\/p>\n<p>La Facultad de CC.SS. celebra desde el 24 hasta el 27 de setiembre, su XXXIV Aniversario de creaci\u00f3n en la Decana de Am\u00e9rica.<\/p>\n<p><iframe src=\"https:\/\/www.youtube.com\/embed\/8YimC5pXN_w\" width=\"560\" height=\"400\" frameborder=\"0\" allowfullscreen=\"allowfullscreen\"><\/iframe><\/p>\n<p>&nbsp;<\/p>\n<p style=\"text-align: justify;\"><span style=\"color: #993300;\"><strong>Fuente<\/strong><strong>: Prensa ZAC<\/strong><\/span><\/p>\n<div style=\"color: #1f1f1f;\">\n<p style=\"text-align: justify;\">Fecha de publicaci\u00f3n: 26\/09\/2018<\/p>\n<\/div>","protected":false},"excerpt":{"rendered":"<p>La doctora Ruth Shady, directora de la Zona Arqueoll\u00f3gica Caral, UE 003 del Ministerio de Cultura, expuso sobre el \u201cRol [&hellip;]<\/p>\n","protected":false},"author":1,"featured_media":13406,"comment_status":"closed","ping_status":"open","sticky":false,"template":"","format":"standard","meta":{"_acf_changed":false,"site-sidebar-layout":"default","site-content-layout":"","ast-site-content-layout":"default","site-content-style":"default","site-sidebar-style":"default","ast-global-header-display":"","ast-banner-title-visibility":"","ast-main-header-display":"","ast-hfb-above-header-display":"","ast-hfb-below-header-display":"","ast-hfb-mobile-header-display":"","site-post-title":"","ast-breadcrumbs-content":"","ast-featured-img":"","footer-sml-layout":"","ast-disable-related-posts":"","theme-transparent-header-meta":"","adv-header-id-meta":"","stick-header-meta":"","header-above-stick-meta":"","header-main-stick-meta":"","header-below-stick-meta":"","astra-migrate-meta-layouts":"default","ast-page-background-enabled":"default","ast-page-background-meta":{"desktop":{"background-color":"var(--ast-global-color-5)","background-image":"","background-repeat":"repeat","background-position":"center center","background-size":"auto","background-attachment":"scroll","background-type":"","background-media":"","overlay-type":"","overlay-color":"","overlay-opacity":"","overlay-gradient":""},"tablet":{"background-color":"","background-image":"","background-repeat":"repeat","background-position":"center center","background-size":"auto","background-attachment":"scroll","background-type":"","background-media":"","overlay-type":"","overlay-color":"","overlay-opacity":"","overlay-gradient":""},"mobile":{"background-color":"","background-image":"","background-repeat":"repeat","background-position":"center center","background-size":"auto","background-attachment":"scroll","background-type":"","background-media":"","overlay-type":"","overlay-color":"","overlay-opacity":"","overlay-gradient":""}},"ast-content-background-meta":{"desktop":{"background-color":"var(--ast-global-color-4)","background-image":"","background-repeat":"repeat","background-position":"center center","background-size":"auto","background-attachment":"scroll","background-type":"","background-media":"","overlay-type":"","overlay-color":"","overlay-opacity":"","overlay-gradient":""},"tablet":{"background-color":"var(--ast-global-color-4)","background-image":"","background-repeat":"repeat","background-position":"center center","background-size":"auto","background-attachment":"scroll","background-type":"","background-media":"","overlay-type":"","overlay-color":"","overlay-opacity":"","overlay-gradient":""},"mobile":{"background-color":"var(--ast-global-color-4)","background-image":"","background-repeat":"repeat","background-position":"center center","background-size":"auto","background-attachment":"scroll","background-type":"","background-media":"","overlay-type":"","overlay-color":"","overlay-opacity":"","overlay-gradient":""}},"footnotes":""},"categories":[208],"tags":[178,179,82],"class_list":["post-13403","post","type-post","status-publish","format-standard","has-post-thumbnail","hentry","category-noticias","tag-mujeres","tag-pucp","tag-ruth-shady"],"acf":[],"yoast_head":"<!-- This site is optimized with the Yoast SEO plugin v27.3 - https:\/\/yoast.com\/product\/yoast-seo-wordpress\/ -->\n<title>Ruth Shady: el Rol de la Ciencias Sociales en la actualidad<\/title>\n<meta name=\"description\" content=\"La doctora Ruth Shady, directora de la Zona Arqueoll\u00f3gica Caral, UE 003 del Ministerio de Cultura, expuso sobre el \u201cRol de las Ciencias Sociales\u201d, en el marco de las celebraciones por el XXXIV Aniversario de la Facultad de Ciencias Sociales de la Universidad Mayor de San Marcos.\" \/>\n<meta name=\"robots\" content=\"index, follow, max-snippet:-1, max-image-preview:large, max-video-preview:-1\" \/>\n<link rel=\"canonical\" href=\"https:\/\/zonacaral.gob.pe\/en\/noticias\/ruth-shady-el-rol-de-la-ciencias-sociales-en-la-actualidad\/\" \/>\n<meta property=\"og:locale\" content=\"en_US\" \/>\n<meta property=\"og:type\" content=\"article\" \/>\n<meta property=\"og:title\" content=\"Ruth Shady: el Rol de la Ciencias Sociales en la actualidad\" \/>\n<meta property=\"og:description\" content=\"La doctora Ruth Shady, directora de la Zona Arqueoll\u00f3gica Caral, UE 003 del Ministerio de Cultura, expuso sobre el \u201cRol de las Ciencias Sociales\u201d, en el marco de las celebraciones por el XXXIV Aniversario de la Facultad de Ciencias Sociales de la Universidad Mayor de San Marcos.\" \/>\n<meta property=\"og:url\" content=\"https:\/\/zonacaral.gob.pe\/en\/noticias\/ruth-shady-el-rol-de-la-ciencias-sociales-en-la-actualidad\/\" \/>\n<meta property=\"og:site_name\" content=\"Zona Caral\" \/>\n<meta property=\"article:published_time\" content=\"2018-09-26T22:50:59+00:00\" \/>\n<meta property=\"og:image\" content=\"https:\/\/zonacaral.gob.pe\/wp-content\/uploads\/2018\/09\/dra-sm.png\" \/>\n\t<meta property=\"og:image:width\" content=\"810\" \/>\n\t<meta property=\"og:image:height\" content=\"410\" \/>\n\t<meta property=\"og:image:type\" content=\"image\/png\" \/>\n<meta name=\"author\" content=\"Zona Caral Administrador\" \/>\n<meta name=\"twitter:card\" content=\"summary_large_image\" \/>\n<meta name=\"twitter:label1\" content=\"Written by\" \/>\n\t<meta name=\"twitter:data1\" content=\"Zona Caral Administrador\" \/>\n\t<meta name=\"twitter:label2\" content=\"Est. reading time\" \/>\n\t<meta name=\"twitter:data2\" content=\"3 minutes\" \/>\n<script type=\"application\/ld+json\" class=\"yoast-schema-graph\">{\"@context\":\"https:\\\/\\\/schema.org\",\"@graph\":[{\"@type\":\"Article\",\"@id\":\"https:\\\/\\\/zonacaral.gob.pe\\\/es\\\/noticias\\\/ruth-shady-el-rol-de-la-ciencias-sociales-en-la-actualidad\\\/#article\",\"isPartOf\":{\"@id\":\"https:\\\/\\\/zonacaral.gob.pe\\\/es\\\/noticias\\\/ruth-shady-el-rol-de-la-ciencias-sociales-en-la-actualidad\\\/\"},\"author\":{\"name\":\"Zona Caral Administrador\",\"@id\":\"https:\\\/\\\/zonacaral.gob.pe\\\/es\\\/#\\\/schema\\\/person\\\/beddb4d22f71a7230c5b90913270a0ee\"},\"headline\":\"Ruth Shady: el Rol de la Ciencias Sociales en la actualidad\",\"datePublished\":\"2018-09-26T22:50:59+00:00\",\"mainEntityOfPage\":{\"@id\":\"https:\\\/\\\/zonacaral.gob.pe\\\/es\\\/noticias\\\/ruth-shady-el-rol-de-la-ciencias-sociales-en-la-actualidad\\\/\"},\"wordCount\":534,\"image\":{\"@id\":\"https:\\\/\\\/zonacaral.gob.pe\\\/es\\\/noticias\\\/ruth-shady-el-rol-de-la-ciencias-sociales-en-la-actualidad\\\/#primaryimage\"},\"thumbnailUrl\":\"https:\\\/\\\/zonacaral.gob.pe\\\/wp-content\\\/uploads\\\/2018\\\/09\\\/dra-sm.png\",\"keywords\":[\"mujeres\",\"PUCP\",\"Ruth Shady\"],\"articleSection\":[\"noticias\"],\"inLanguage\":\"en-US\"},{\"@type\":\"WebPage\",\"@id\":\"https:\\\/\\\/zonacaral.gob.pe\\\/es\\\/noticias\\\/ruth-shady-el-rol-de-la-ciencias-sociales-en-la-actualidad\\\/\",\"url\":\"https:\\\/\\\/zonacaral.gob.pe\\\/es\\\/noticias\\\/ruth-shady-el-rol-de-la-ciencias-sociales-en-la-actualidad\\\/\",\"name\":\"Ruth Shady: el Rol de la Ciencias Sociales en la actualidad\",\"isPartOf\":{\"@id\":\"https:\\\/\\\/zonacaral.gob.pe\\\/es\\\/#website\"},\"primaryImageOfPage\":{\"@id\":\"https:\\\/\\\/zonacaral.gob.pe\\\/es\\\/noticias\\\/ruth-shady-el-rol-de-la-ciencias-sociales-en-la-actualidad\\\/#primaryimage\"},\"image\":{\"@id\":\"https:\\\/\\\/zonacaral.gob.pe\\\/es\\\/noticias\\\/ruth-shady-el-rol-de-la-ciencias-sociales-en-la-actualidad\\\/#primaryimage\"},\"thumbnailUrl\":\"https:\\\/\\\/zonacaral.gob.pe\\\/wp-content\\\/uploads\\\/2018\\\/09\\\/dra-sm.png\",\"datePublished\":\"2018-09-26T22:50:59+00:00\",\"author\":{\"@id\":\"https:\\\/\\\/zonacaral.gob.pe\\\/es\\\/#\\\/schema\\\/person\\\/beddb4d22f71a7230c5b90913270a0ee\"},\"description\":\"La doctora Ruth Shady, directora de la Zona Arqueoll\u00f3gica Caral, UE 003 del Ministerio de Cultura, expuso sobre el \u201cRol de las Ciencias Sociales\u201d, en el marco de las celebraciones por el XXXIV Aniversario de la Facultad de Ciencias Sociales de la Universidad Mayor de San Marcos.\",\"breadcrumb\":{\"@id\":\"https:\\\/\\\/zonacaral.gob.pe\\\/es\\\/noticias\\\/ruth-shady-el-rol-de-la-ciencias-sociales-en-la-actualidad\\\/#breadcrumb\"},\"inLanguage\":\"en-US\",\"potentialAction\":[{\"@type\":\"ReadAction\",\"target\":[\"https:\\\/\\\/zonacaral.gob.pe\\\/es\\\/noticias\\\/ruth-shady-el-rol-de-la-ciencias-sociales-en-la-actualidad\\\/\"]}]},{\"@type\":\"ImageObject\",\"inLanguage\":\"en-US\",\"@id\":\"https:\\\/\\\/zonacaral.gob.pe\\\/es\\\/noticias\\\/ruth-shady-el-rol-de-la-ciencias-sociales-en-la-actualidad\\\/#primaryimage\",\"url\":\"https:\\\/\\\/zonacaral.gob.pe\\\/wp-content\\\/uploads\\\/2018\\\/09\\\/dra-sm.png\",\"contentUrl\":\"https:\\\/\\\/zonacaral.gob.pe\\\/wp-content\\\/uploads\\\/2018\\\/09\\\/dra-sm.png\",\"width\":810,\"height\":410},{\"@type\":\"BreadcrumbList\",\"@id\":\"https:\\\/\\\/zonacaral.gob.pe\\\/es\\\/noticias\\\/ruth-shady-el-rol-de-la-ciencias-sociales-en-la-actualidad\\\/#breadcrumb\",\"itemListElement\":[{\"@type\":\"ListItem\",\"position\":1,\"name\":\"Portada\",\"item\":\"https:\\\/\\\/zonacaral.gob.pe\\\/\"},{\"@type\":\"ListItem\",\"position\":2,\"name\":\"Ruth Shady: el Rol de la Ciencias Sociales en la actualidad\"}]},{\"@type\":\"WebSite\",\"@id\":\"https:\\\/\\\/zonacaral.gob.pe\\\/es\\\/#website\",\"url\":\"https:\\\/\\\/zonacaral.gob.pe\\\/es\\\/\",\"name\":\"Zona Caral\",\"description\":\"Investigamos, conservamos y difundimos el patrimonio cultural de la Civilizaci\u00f3n Caral, la m\u00e1s antigua de Am\u00e9rica.\",\"potentialAction\":[{\"@type\":\"SearchAction\",\"target\":{\"@type\":\"EntryPoint\",\"urlTemplate\":\"https:\\\/\\\/zonacaral.gob.pe\\\/es\\\/?s={search_term_string}\"},\"query-input\":{\"@type\":\"PropertyValueSpecification\",\"valueRequired\":true,\"valueName\":\"search_term_string\"}}],\"inLanguage\":\"en-US\"},{\"@type\":\"Person\",\"@id\":\"https:\\\/\\\/zonacaral.gob.pe\\\/es\\\/#\\\/schema\\\/person\\\/beddb4d22f71a7230c5b90913270a0ee\",\"name\":\"Zona Caral Administrador\",\"image\":{\"@type\":\"ImageObject\",\"inLanguage\":\"en-US\",\"@id\":\"https:\\\/\\\/secure.gravatar.com\\\/avatar\\\/e4be162918a696358376de6446614e0f0f4062bdc5d170d6d540ada3d8b58c12?s=96&d=mm&r=g\",\"url\":\"https:\\\/\\\/secure.gravatar.com\\\/avatar\\\/e4be162918a696358376de6446614e0f0f4062bdc5d170d6d540ada3d8b58c12?s=96&d=mm&r=g\",\"contentUrl\":\"https:\\\/\\\/secure.gravatar.com\\\/avatar\\\/e4be162918a696358376de6446614e0f0f4062bdc5d170d6d540ada3d8b58c12?s=96&d=mm&r=g\",\"caption\":\"Zona Caral Administrador\"},\"sameAs\":[\"https:\\\/\\\/zonacaral.gob.pe\"],\"url\":\"https:\\\/\\\/zonacaral.gob.pe\\\/en\\\/noticias\\\/author\\\/ad_zonacaral\\\/\"}]}<\/script>\n<!-- \/ Yoast SEO plugin. -->","yoast_head_json":{"title":"Ruth Shady: el Rol de la Ciencias Sociales en la actualidad","description":"La doctora Ruth Shady, directora de la Zona Arqueoll\u00f3gica Caral, UE 003 del Ministerio de Cultura, expuso sobre el \u201cRol de las Ciencias Sociales\u201d, en el marco de las celebraciones por el XXXIV Aniversario de la Facultad de Ciencias Sociales de la Universidad Mayor de San Marcos.","robots":{"index":"index","follow":"follow","max-snippet":"max-snippet:-1","max-image-preview":"max-image-preview:large","max-video-preview":"max-video-preview:-1"},"canonical":"https:\/\/zonacaral.gob.pe\/en\/noticias\/ruth-shady-el-rol-de-la-ciencias-sociales-en-la-actualidad\/","og_locale":"en_US","og_type":"article","og_title":"Ruth Shady: el Rol de la Ciencias Sociales en la actualidad","og_description":"La doctora Ruth Shady, directora de la Zona Arqueoll\u00f3gica Caral, UE 003 del Ministerio de Cultura, expuso sobre el \u201cRol de las Ciencias Sociales\u201d, en el marco de las celebraciones por el XXXIV Aniversario de la Facultad de Ciencias Sociales de la Universidad Mayor de San Marcos.","og_url":"https:\/\/zonacaral.gob.pe\/en\/noticias\/ruth-shady-el-rol-de-la-ciencias-sociales-en-la-actualidad\/","og_site_name":"Zona Caral","article_published_time":"2018-09-26T22:50:59+00:00","og_image":[{"width":810,"height":410,"url":"https:\/\/zonacaral.gob.pe\/wp-content\/uploads\/2018\/09\/dra-sm.png","type":"image\/png"}],"author":"Zona Caral Administrador","twitter_card":"summary_large_image","twitter_misc":{"Written by":"Zona Caral Administrador","Est. reading time":"3 minutes"},"schema":{"@context":"https:\/\/schema.org","@graph":[{"@type":"Article","@id":"https:\/\/zonacaral.gob.pe\/es\/noticias\/ruth-shady-el-rol-de-la-ciencias-sociales-en-la-actualidad\/#article","isPartOf":{"@id":"https:\/\/zonacaral.gob.pe\/es\/noticias\/ruth-shady-el-rol-de-la-ciencias-sociales-en-la-actualidad\/"},"author":{"name":"Zona Caral Administrador","@id":"https:\/\/zonacaral.gob.pe\/es\/#\/schema\/person\/beddb4d22f71a7230c5b90913270a0ee"},"headline":"Ruth Shady: el Rol de la Ciencias Sociales en la actualidad","datePublished":"2018-09-26T22:50:59+00:00","mainEntityOfPage":{"@id":"https:\/\/zonacaral.gob.pe\/es\/noticias\/ruth-shady-el-rol-de-la-ciencias-sociales-en-la-actualidad\/"},"wordCount":534,"image":{"@id":"https:\/\/zonacaral.gob.pe\/es\/noticias\/ruth-shady-el-rol-de-la-ciencias-sociales-en-la-actualidad\/#primaryimage"},"thumbnailUrl":"https:\/\/zonacaral.gob.pe\/wp-content\/uploads\/2018\/09\/dra-sm.png","keywords":["mujeres","PUCP","Ruth Shady"],"articleSection":["noticias"],"inLanguage":"en-US"},{"@type":"WebPage","@id":"https:\/\/zonacaral.gob.pe\/es\/noticias\/ruth-shady-el-rol-de-la-ciencias-sociales-en-la-actualidad\/","url":"https:\/\/zonacaral.gob.pe\/es\/noticias\/ruth-shady-el-rol-de-la-ciencias-sociales-en-la-actualidad\/","name":"Ruth Shady: el Rol de la Ciencias Sociales en la actualidad","isPartOf":{"@id":"https:\/\/zonacaral.gob.pe\/es\/#website"},"primaryImageOfPage":{"@id":"https:\/\/zonacaral.gob.pe\/es\/noticias\/ruth-shady-el-rol-de-la-ciencias-sociales-en-la-actualidad\/#primaryimage"},"image":{"@id":"https:\/\/zonacaral.gob.pe\/es\/noticias\/ruth-shady-el-rol-de-la-ciencias-sociales-en-la-actualidad\/#primaryimage"},"thumbnailUrl":"https:\/\/zonacaral.gob.pe\/wp-content\/uploads\/2018\/09\/dra-sm.png","datePublished":"2018-09-26T22:50:59+00:00","author":{"@id":"https:\/\/zonacaral.gob.pe\/es\/#\/schema\/person\/beddb4d22f71a7230c5b90913270a0ee"},"description":"La doctora Ruth Shady, directora de la Zona Arqueoll\u00f3gica Caral, UE 003 del Ministerio de Cultura, expuso sobre el \u201cRol de las Ciencias Sociales\u201d, en el marco de las celebraciones por el XXXIV Aniversario de la Facultad de Ciencias Sociales de la Universidad Mayor de San Marcos.","breadcrumb":{"@id":"https:\/\/zonacaral.gob.pe\/es\/noticias\/ruth-shady-el-rol-de-la-ciencias-sociales-en-la-actualidad\/#breadcrumb"},"inLanguage":"en-US","potentialAction":[{"@type":"ReadAction","target":["https:\/\/zonacaral.gob.pe\/es\/noticias\/ruth-shady-el-rol-de-la-ciencias-sociales-en-la-actualidad\/"]}]},{"@type":"ImageObject","inLanguage":"en-US","@id":"https:\/\/zonacaral.gob.pe\/es\/noticias\/ruth-shady-el-rol-de-la-ciencias-sociales-en-la-actualidad\/#primaryimage","url":"https:\/\/zonacaral.gob.pe\/wp-content\/uploads\/2018\/09\/dra-sm.png","contentUrl":"https:\/\/zonacaral.gob.pe\/wp-content\/uploads\/2018\/09\/dra-sm.png","width":810,"height":410},{"@type":"BreadcrumbList","@id":"https:\/\/zonacaral.gob.pe\/es\/noticias\/ruth-shady-el-rol-de-la-ciencias-sociales-en-la-actualidad\/#breadcrumb","itemListElement":[{"@type":"ListItem","position":1,"name":"Portada","item":"https:\/\/zonacaral.gob.pe\/"},{"@type":"ListItem","position":2,"name":"Ruth Shady: el Rol de la Ciencias Sociales en la actualidad"}]},{"@type":"WebSite","@id":"https:\/\/zonacaral.gob.pe\/es\/#website","url":"https:\/\/zonacaral.gob.pe\/es\/","name":"Zona Caral","description":"Investigamos, conservamos y difundimos el patrimonio cultural de la Civilizaci\u00f3n Caral, la m\u00e1s antigua de Am\u00e9rica.","potentialAction":[{"@type":"SearchAction","target":{"@type":"EntryPoint","urlTemplate":"https:\/\/zonacaral.gob.pe\/es\/?s={search_term_string}"},"query-input":{"@type":"PropertyValueSpecification","valueRequired":true,"valueName":"search_term_string"}}],"inLanguage":"en-US"},{"@type":"Person","@id":"https:\/\/zonacaral.gob.pe\/es\/#\/schema\/person\/beddb4d22f71a7230c5b90913270a0ee","name":"Zona Caral Administrador","image":{"@type":"ImageObject","inLanguage":"en-US","@id":"https:\/\/secure.gravatar.com\/avatar\/e4be162918a696358376de6446614e0f0f4062bdc5d170d6d540ada3d8b58c12?s=96&d=mm&r=g","url":"https:\/\/secure.gravatar.com\/avatar\/e4be162918a696358376de6446614e0f0f4062bdc5d170d6d540ada3d8b58c12?s=96&d=mm&r=g","contentUrl":"https:\/\/secure.gravatar.com\/avatar\/e4be162918a696358376de6446614e0f0f4062bdc5d170d6d540ada3d8b58c12?s=96&d=mm&r=g","caption":"Zona Caral Administrador"},"sameAs":["https:\/\/zonacaral.gob.pe"],"url":"https:\/\/zonacaral.gob.pe\/en\/noticias\/author\/ad_zonacaral\/"}]}},"_links":{"self":[{"href":"https:\/\/zonacaral.gob.pe\/en\/wp-json\/wp\/v2\/posts\/13403","targetHints":{"allow":["GET"]}}],"collection":[{"href":"https:\/\/zonacaral.gob.pe\/en\/wp-json\/wp\/v2\/posts"}],"about":[{"href":"https:\/\/zonacaral.gob.pe\/en\/wp-json\/wp\/v2\/types\/post"}],"author":[{"embeddable":true,"href":"https:\/\/zonacaral.gob.pe\/en\/wp-json\/wp\/v2\/users\/1"}],"replies":[{"embeddable":true,"href":"https:\/\/zonacaral.gob.pe\/en\/wp-json\/wp\/v2\/comments?post=13403"}],"version-history":[{"count":0,"href":"https:\/\/zonacaral.gob.pe\/en\/wp-json\/wp\/v2\/posts\/13403\/revisions"}],"wp:featuredmedia":[{"embeddable":true,"href":"https:\/\/zonacaral.gob.pe\/en\/wp-json\/wp\/v2\/media\/13406"}],"wp:attachment":[{"href":"https:\/\/zonacaral.gob.pe\/en\/wp-json\/wp\/v2\/media?parent=13403"}],"wp:term":[{"taxonomy":"category","embeddable":true,"href":"https:\/\/zonacaral.gob.pe\/en\/wp-json\/wp\/v2\/categories?post=13403"},{"taxonomy":"post_tag","embeddable":true,"href":"https:\/\/zonacaral.gob.pe\/en\/wp-json\/wp\/v2\/tags?post=13403"}],"curies":[{"name":"wp","href":"https:\/\/api.w.org\/{rel}","templated":true}]}}