{"id":13799,"date":"2018-12-20T17:53:17","date_gmt":"2018-12-20T22:53:17","guid":{"rendered":"http:\/\/www.zonacaral.gob.pe\/?p=13799"},"modified":"2018-12-20T17:53:17","modified_gmt":"2018-12-20T22:53:17","slug":"exponen-sobre-la-civilizacion-caral-en-universidad-de-bucarest-rumania","status":"publish","type":"post","link":"https:\/\/zonacaral.gob.pe\/en\/noticias\/exponen-sobre-la-civilizacion-caral-en-universidad-de-bucarest-rumania\/","title":{"rendered":"Exponen sobre la civilizaci\u00f3n Caral en Universidad de Bucarest &#8211; Ruman\u00eda"},"content":{"rendered":"<figure class=\"pic-autor\" style=\"color: #4d4d4d; text-align: justify;\"><\/figure>\n<blockquote><p>La historia y trascendencia de la Civilizaci\u00f3n Caral, la m\u00e1s antigua de Am\u00e9rica, fue presentada el pasado jueves, 13 de diciembre, ante los alumnos y catedr\u00e1ticos del Centro de Historia Comparada de Civilizaciones Antiguas de la Facultad de Historia de la Universidad de Bucarest, en Ruman\u00eda.<\/p><\/blockquote>\n<p>El evento, se desarroll\u00f3 por la conmemoraci\u00f3n del d\u00e9cimo aniversario de la declaraci\u00f3n de la Ciudad Sagrada de Caral como Patrimonio Cultural de la Humanidad por la UNESCO, que se celebrar\u00e1 el 2019. Cabe destacar que esta actividad se logr\u00f3 gracias al apoyo de la Direcci\u00f3n de Promoci\u00f3n Cultural del Ministerio de Relaciones Exteriores, a trav\u00e9s de la Embajada peruana en el referido pa\u00eds.<\/p>\n<p>De igual manera, se resalt\u00f3 la importancia que reviste esta civilizaci\u00f3n para el Per\u00fa actual como un factor de identidad y cohesi\u00f3n social, as\u00ed como la utilidad pr\u00e1ctica que muchos conocimientos agr\u00edcolas, culturales, m\u00e9dicos y arquitect\u00f3nicos de aquella civilizaci\u00f3n aportan para el desarrollo de nuestro pa\u00eds.<\/p>\n<p>Asimismo, a todos los asistentes se les entreg\u00f3 diversos folletos en ingl\u00e9s, elaborados por nuestra instituci\u00f3n, para complementar la informaci\u00f3n que se brind\u00f3 en dicha casa de estudios.<\/p>\n<p>De esta manera, la Zona Arqueol\u00f3gica Caral (ZAC), UE 003 del Ministerio de Cultura, bajo la direcci\u00f3n de la Dra. Ruth Shady Sol\u00eds, contin\u00faa con su compromiso de difundir la importancia y el valor de nuestro patrimonio cultural, en especial de los centros urbanos que se desarrollaron en el \u00e1rea norcentral del pa\u00eds.<\/p>\n<p>Cabe recordar, que la ZAC investiga en un total de 12 sitios arqueol\u00f3gicos, como la <a href=\"https:\/\/zonacaral.gob.pe\/en\/gestion-y-proteccion-de-sitios-arqueologicos\/patrimonio-mundial\/\">Sacred City of Caral<\/a>; <a href=\"http:\/\/www.zonacaral.gob.pe\/caralperu\/civilizacion\/aspero.html\">\u00c1spero<\/a>, Ciudad Pesquera de Caral; y <a href=\"http:\/\/www.zonacaral.gob.pe\/caralperu\/civilizacion\/vichama1.html\">Vichama<\/a>, Ciudad Agropesquera de V\u00e9gueta \u2013 Huaura. Tambi\u00e9n en Era de Pando, Piedra Parada, Molino, Chupacigarro, Miraya, Lurihuasi, Allpacoto, Pueblo Nuevo y Pe\u00f1ico.<\/p>\n<p>Fotos: Diplomacia Cultural \u2013 MRE.<\/p>\n<p style=\"text-align: justify;\"><span style=\"color: #993300;\"><strong>Fuente<\/strong><strong>: Prensa ZAC<\/strong><\/span><\/p>\n<div style=\"color: #1f1f1f;\">\n<p style=\"text-align: justify;\">Fecha de publicaci\u00f3n: 20\/12\/2018<\/p>\n<\/div>","protected":false},"excerpt":{"rendered":"<p>La historia y trascendencia de la Civilizaci\u00f3n Caral, la m\u00e1s antigua de Am\u00e9rica, fue presentada el pasado jueves, 13 de [&hellip;]<\/p>\n","protected":false},"author":1,"featured_media":13800,"comment_status":"closed","ping_status":"open","sticky":false,"template":"","format":"standard","meta":{"_acf_changed":false,"site-sidebar-layout":"default","site-content-layout":"","ast-site-content-layout":"default","site-content-style":"default","site-sidebar-style":"default","ast-global-header-display":"","ast-banner-title-visibility":"","ast-main-header-display":"","ast-hfb-above-header-display":"","ast-hfb-below-header-display":"","ast-hfb-mobile-header-display":"","site-post-title":"","ast-breadcrumbs-content":"","ast-featured-img":"","footer-sml-layout":"","ast-disable-related-posts":"","theme-transparent-header-meta":"","adv-header-id-meta":"","stick-header-meta":"","header-above-stick-meta":"","header-main-stick-meta":"","header-below-stick-meta":"","astra-migrate-meta-layouts":"default","ast-page-background-enabled":"default","ast-page-background-meta":{"desktop":{"background-color":"var(--ast-global-color-5)","background-image":"","background-repeat":"repeat","background-position":"center center","background-size":"auto","background-attachment":"scroll","background-type":"","background-media":"","overlay-type":"","overlay-color":"","overlay-opacity":"","overlay-gradient":""},"tablet":{"background-color":"","background-image":"","background-repeat":"repeat","background-position":"center center","background-size":"auto","background-attachment":"scroll","background-type":"","background-media":"","overlay-type":"","overlay-color":"","overlay-opacity":"","overlay-gradient":""},"mobile":{"background-color":"","background-image":"","background-repeat":"repeat","background-position":"center center","background-size":"auto","background-attachment":"scroll","background-type":"","background-media":"","overlay-type":"","overlay-color":"","overlay-opacity":"","overlay-gradient":""}},"ast-content-background-meta":{"desktop":{"background-color":"var(--ast-global-color-4)","background-image":"","background-repeat":"repeat","background-position":"center center","background-size":"auto","background-attachment":"scroll","background-type":"","background-media":"","overlay-type":"","overlay-color":"","overlay-opacity":"","overlay-gradient":""},"tablet":{"background-color":"var(--ast-global-color-4)","background-image":"","background-repeat":"repeat","background-position":"center center","background-size":"auto","background-attachment":"scroll","background-type":"","background-media":"","overlay-type":"","overlay-color":"","overlay-opacity":"","overlay-gradient":""},"mobile":{"background-color":"var(--ast-global-color-4)","background-image":"","background-repeat":"repeat","background-position":"center center","background-size":"auto","background-attachment":"scroll","background-type":"","background-media":"","overlay-type":"","overlay-color":"","overlay-opacity":"","overlay-gradient":""}},"footnotes":""},"categories":[208],"tags":[55,141,186,82],"class_list":["post-13799","post","type-post","status-publish","format-standard","has-post-thumbnail","hentry","category-noticias","tag-caral","tag-concytec","tag-premio-nacional","tag-ruth-shady"],"acf":[],"yoast_head":"<!-- This site is optimized with the Yoast SEO plugin v27.3 - https:\/\/yoast.com\/product\/yoast-seo-wordpress\/ -->\n<title>Exponen sobre la civilizaci\u00f3n Caral en Universidad de Bucarest - Ruman\u00eda<\/title>\n<meta name=\"description\" content=\"La historia y trascendencia de la Civilizaci\u00f3n Caral, la m\u00e1s antigua de Am\u00e9rica, fue presentada el pasado jueves, 13 de diciembre, ante los alumnos y catedr\u00e1ticos del Centro de Historia Comparada de Civilizaciones Antiguas de la Facultad de Historia de la Universidad de Bucarest, en Ruman\u00eda.\" \/>\n<meta name=\"robots\" content=\"index, follow, max-snippet:-1, max-image-preview:large, max-video-preview:-1\" \/>\n<link rel=\"canonical\" href=\"https:\/\/zonacaral.gob.pe\/en\/noticias\/exponen-sobre-la-civilizacion-caral-en-universidad-de-bucarest-rumania\/\" \/>\n<meta property=\"og:locale\" content=\"en_US\" \/>\n<meta property=\"og:type\" content=\"article\" \/>\n<meta property=\"og:title\" content=\"Exponen sobre la civilizaci\u00f3n Caral en Universidad de Bucarest - Ruman\u00eda\" \/>\n<meta property=\"og:description\" content=\"La historia y trascendencia de la Civilizaci\u00f3n Caral, la m\u00e1s antigua de Am\u00e9rica, fue presentada el pasado jueves, 13 de diciembre, ante los alumnos y catedr\u00e1ticos del Centro de Historia Comparada de Civilizaciones Antiguas de la Facultad de Historia de la Universidad de Bucarest, en Ruman\u00eda.\" \/>\n<meta property=\"og:url\" content=\"https:\/\/zonacaral.gob.pe\/en\/noticias\/exponen-sobre-la-civilizacion-caral-en-universidad-de-bucarest-rumania\/\" \/>\n<meta property=\"og:site_name\" content=\"Zona Caral\" \/>\n<meta property=\"article:published_time\" content=\"2018-12-20T22:53:17+00:00\" \/>\n<meta property=\"og:image\" content=\"https:\/\/zonacaral.gob.pe\/wp-content\/uploads\/2018\/12\/rumania.jpg\" \/>\n\t<meta property=\"og:image:width\" content=\"810\" \/>\n\t<meta property=\"og:image:height\" content=\"410\" \/>\n\t<meta property=\"og:image:type\" content=\"image\/jpeg\" \/>\n<meta name=\"author\" content=\"Zona Caral Administrador\" \/>\n<meta name=\"twitter:card\" content=\"summary_large_image\" \/>\n<meta name=\"twitter:label1\" content=\"Written by\" \/>\n\t<meta name=\"twitter:data1\" content=\"Zona Caral Administrador\" \/>\n\t<meta name=\"twitter:label2\" content=\"Est. reading time\" \/>\n\t<meta name=\"twitter:data2\" content=\"2 minutes\" \/>\n<script type=\"application\/ld+json\" class=\"yoast-schema-graph\">{\"@context\":\"https:\\\/\\\/schema.org\",\"@graph\":[{\"@type\":\"Article\",\"@id\":\"https:\\\/\\\/zonacaral.gob.pe\\\/en\\\/noticias\\\/exponen-sobre-la-civilizacion-caral-en-universidad-de-bucarest-rumania\\\/#article\",\"isPartOf\":{\"@id\":\"https:\\\/\\\/zonacaral.gob.pe\\\/en\\\/noticias\\\/exponen-sobre-la-civilizacion-caral-en-universidad-de-bucarest-rumania\\\/\"},\"author\":{\"name\":\"Zona Caral Administrador\",\"@id\":\"https:\\\/\\\/zonacaral.gob.pe\\\/es\\\/#\\\/schema\\\/person\\\/beddb4d22f71a7230c5b90913270a0ee\"},\"headline\":\"Exponen sobre la civilizaci\u00f3n Caral en Universidad de Bucarest &#8211; Ruman\u00eda\",\"datePublished\":\"2018-12-20T22:53:17+00:00\",\"mainEntityOfPage\":{\"@id\":\"https:\\\/\\\/zonacaral.gob.pe\\\/en\\\/noticias\\\/exponen-sobre-la-civilizacion-caral-en-universidad-de-bucarest-rumania\\\/\"},\"wordCount\":336,\"image\":{\"@id\":\"https:\\\/\\\/zonacaral.gob.pe\\\/en\\\/noticias\\\/exponen-sobre-la-civilizacion-caral-en-universidad-de-bucarest-rumania\\\/#primaryimage\"},\"thumbnailUrl\":\"https:\\\/\\\/zonacaral.gob.pe\\\/wp-content\\\/uploads\\\/2018\\\/12\\\/rumania.jpg\",\"keywords\":[\"caral\",\"concytec\",\"Premio Nacional\",\"Ruth Shady\"],\"articleSection\":[\"noticias\"],\"inLanguage\":\"en-US\"},{\"@type\":\"WebPage\",\"@id\":\"https:\\\/\\\/zonacaral.gob.pe\\\/en\\\/noticias\\\/exponen-sobre-la-civilizacion-caral-en-universidad-de-bucarest-rumania\\\/\",\"url\":\"https:\\\/\\\/zonacaral.gob.pe\\\/en\\\/noticias\\\/exponen-sobre-la-civilizacion-caral-en-universidad-de-bucarest-rumania\\\/\",\"name\":\"Exponen sobre la civilizaci\u00f3n Caral en Universidad de Bucarest - Ruman\u00eda\",\"isPartOf\":{\"@id\":\"https:\\\/\\\/zonacaral.gob.pe\\\/es\\\/#website\"},\"primaryImageOfPage\":{\"@id\":\"https:\\\/\\\/zonacaral.gob.pe\\\/en\\\/noticias\\\/exponen-sobre-la-civilizacion-caral-en-universidad-de-bucarest-rumania\\\/#primaryimage\"},\"image\":{\"@id\":\"https:\\\/\\\/zonacaral.gob.pe\\\/en\\\/noticias\\\/exponen-sobre-la-civilizacion-caral-en-universidad-de-bucarest-rumania\\\/#primaryimage\"},\"thumbnailUrl\":\"https:\\\/\\\/zonacaral.gob.pe\\\/wp-content\\\/uploads\\\/2018\\\/12\\\/rumania.jpg\",\"datePublished\":\"2018-12-20T22:53:17+00:00\",\"author\":{\"@id\":\"https:\\\/\\\/zonacaral.gob.pe\\\/es\\\/#\\\/schema\\\/person\\\/beddb4d22f71a7230c5b90913270a0ee\"},\"description\":\"La historia y trascendencia de la Civilizaci\u00f3n Caral, la m\u00e1s antigua de Am\u00e9rica, fue presentada el pasado jueves, 13 de diciembre, ante los alumnos y catedr\u00e1ticos del Centro de Historia Comparada de Civilizaciones Antiguas de la Facultad de Historia de la Universidad de Bucarest, en Ruman\u00eda.\",\"breadcrumb\":{\"@id\":\"https:\\\/\\\/zonacaral.gob.pe\\\/en\\\/noticias\\\/exponen-sobre-la-civilizacion-caral-en-universidad-de-bucarest-rumania\\\/#breadcrumb\"},\"inLanguage\":\"en-US\",\"potentialAction\":[{\"@type\":\"ReadAction\",\"target\":[\"https:\\\/\\\/zonacaral.gob.pe\\\/en\\\/noticias\\\/exponen-sobre-la-civilizacion-caral-en-universidad-de-bucarest-rumania\\\/\"]}]},{\"@type\":\"ImageObject\",\"inLanguage\":\"en-US\",\"@id\":\"https:\\\/\\\/zonacaral.gob.pe\\\/en\\\/noticias\\\/exponen-sobre-la-civilizacion-caral-en-universidad-de-bucarest-rumania\\\/#primaryimage\",\"url\":\"https:\\\/\\\/zonacaral.gob.pe\\\/wp-content\\\/uploads\\\/2018\\\/12\\\/rumania.jpg\",\"contentUrl\":\"https:\\\/\\\/zonacaral.gob.pe\\\/wp-content\\\/uploads\\\/2018\\\/12\\\/rumania.jpg\",\"width\":810,\"height\":410},{\"@type\":\"BreadcrumbList\",\"@id\":\"https:\\\/\\\/zonacaral.gob.pe\\\/en\\\/noticias\\\/exponen-sobre-la-civilizacion-caral-en-universidad-de-bucarest-rumania\\\/#breadcrumb\",\"itemListElement\":[{\"@type\":\"ListItem\",\"position\":1,\"name\":\"Portada\",\"item\":\"https:\\\/\\\/zonacaral.gob.pe\\\/\"},{\"@type\":\"ListItem\",\"position\":2,\"name\":\"Exponen sobre la civilizaci\u00f3n Caral en Universidad de Bucarest &#8211; Ruman\u00eda\"}]},{\"@type\":\"WebSite\",\"@id\":\"https:\\\/\\\/zonacaral.gob.pe\\\/es\\\/#website\",\"url\":\"https:\\\/\\\/zonacaral.gob.pe\\\/es\\\/\",\"name\":\"Zona Caral\",\"description\":\"Investigamos, conservamos y difundimos el patrimonio cultural de la Civilizaci\u00f3n Caral, la m\u00e1s antigua de Am\u00e9rica.\",\"potentialAction\":[{\"@type\":\"SearchAction\",\"target\":{\"@type\":\"EntryPoint\",\"urlTemplate\":\"https:\\\/\\\/zonacaral.gob.pe\\\/es\\\/?s={search_term_string}\"},\"query-input\":{\"@type\":\"PropertyValueSpecification\",\"valueRequired\":true,\"valueName\":\"search_term_string\"}}],\"inLanguage\":\"en-US\"},{\"@type\":\"Person\",\"@id\":\"https:\\\/\\\/zonacaral.gob.pe\\\/es\\\/#\\\/schema\\\/person\\\/beddb4d22f71a7230c5b90913270a0ee\",\"name\":\"Zona Caral Administrador\",\"image\":{\"@type\":\"ImageObject\",\"inLanguage\":\"en-US\",\"@id\":\"https:\\\/\\\/secure.gravatar.com\\\/avatar\\\/e4be162918a696358376de6446614e0f0f4062bdc5d170d6d540ada3d8b58c12?s=96&d=mm&r=g\",\"url\":\"https:\\\/\\\/secure.gravatar.com\\\/avatar\\\/e4be162918a696358376de6446614e0f0f4062bdc5d170d6d540ada3d8b58c12?s=96&d=mm&r=g\",\"contentUrl\":\"https:\\\/\\\/secure.gravatar.com\\\/avatar\\\/e4be162918a696358376de6446614e0f0f4062bdc5d170d6d540ada3d8b58c12?s=96&d=mm&r=g\",\"caption\":\"Zona Caral Administrador\"},\"sameAs\":[\"https:\\\/\\\/zonacaral.gob.pe\"],\"url\":\"https:\\\/\\\/zonacaral.gob.pe\\\/en\\\/noticias\\\/author\\\/ad_zonacaral\\\/\"}]}<\/script>\n<!-- \/ Yoast SEO plugin. -->","yoast_head_json":{"title":"Exponen sobre la civilizaci\u00f3n Caral en Universidad de Bucarest - Ruman\u00eda","description":"La historia y trascendencia de la Civilizaci\u00f3n Caral, la m\u00e1s antigua de Am\u00e9rica, fue presentada el pasado jueves, 13 de diciembre, ante los alumnos y catedr\u00e1ticos del Centro de Historia Comparada de Civilizaciones Antiguas de la Facultad de Historia de la Universidad de Bucarest, en Ruman\u00eda.","robots":{"index":"index","follow":"follow","max-snippet":"max-snippet:-1","max-image-preview":"max-image-preview:large","max-video-preview":"max-video-preview:-1"},"canonical":"https:\/\/zonacaral.gob.pe\/en\/noticias\/exponen-sobre-la-civilizacion-caral-en-universidad-de-bucarest-rumania\/","og_locale":"en_US","og_type":"article","og_title":"Exponen sobre la civilizaci\u00f3n Caral en Universidad de Bucarest - Ruman\u00eda","og_description":"La historia y trascendencia de la Civilizaci\u00f3n Caral, la m\u00e1s antigua de Am\u00e9rica, fue presentada el pasado jueves, 13 de diciembre, ante los alumnos y catedr\u00e1ticos del Centro de Historia Comparada de Civilizaciones Antiguas de la Facultad de Historia de la Universidad de Bucarest, en Ruman\u00eda.","og_url":"https:\/\/zonacaral.gob.pe\/en\/noticias\/exponen-sobre-la-civilizacion-caral-en-universidad-de-bucarest-rumania\/","og_site_name":"Zona Caral","article_published_time":"2018-12-20T22:53:17+00:00","og_image":[{"width":810,"height":410,"url":"https:\/\/zonacaral.gob.pe\/wp-content\/uploads\/2018\/12\/rumania.jpg","type":"image\/jpeg"}],"author":"Zona Caral Administrador","twitter_card":"summary_large_image","twitter_misc":{"Written by":"Zona Caral Administrador","Est. reading time":"2 minutes"},"schema":{"@context":"https:\/\/schema.org","@graph":[{"@type":"Article","@id":"https:\/\/zonacaral.gob.pe\/en\/noticias\/exponen-sobre-la-civilizacion-caral-en-universidad-de-bucarest-rumania\/#article","isPartOf":{"@id":"https:\/\/zonacaral.gob.pe\/en\/noticias\/exponen-sobre-la-civilizacion-caral-en-universidad-de-bucarest-rumania\/"},"author":{"name":"Zona Caral Administrador","@id":"https:\/\/zonacaral.gob.pe\/es\/#\/schema\/person\/beddb4d22f71a7230c5b90913270a0ee"},"headline":"Exponen sobre la civilizaci\u00f3n Caral en Universidad de Bucarest &#8211; Ruman\u00eda","datePublished":"2018-12-20T22:53:17+00:00","mainEntityOfPage":{"@id":"https:\/\/zonacaral.gob.pe\/en\/noticias\/exponen-sobre-la-civilizacion-caral-en-universidad-de-bucarest-rumania\/"},"wordCount":336,"image":{"@id":"https:\/\/zonacaral.gob.pe\/en\/noticias\/exponen-sobre-la-civilizacion-caral-en-universidad-de-bucarest-rumania\/#primaryimage"},"thumbnailUrl":"https:\/\/zonacaral.gob.pe\/wp-content\/uploads\/2018\/12\/rumania.jpg","keywords":["caral","concytec","Premio Nacional","Ruth Shady"],"articleSection":["noticias"],"inLanguage":"en-US"},{"@type":"WebPage","@id":"https:\/\/zonacaral.gob.pe\/en\/noticias\/exponen-sobre-la-civilizacion-caral-en-universidad-de-bucarest-rumania\/","url":"https:\/\/zonacaral.gob.pe\/en\/noticias\/exponen-sobre-la-civilizacion-caral-en-universidad-de-bucarest-rumania\/","name":"Exponen sobre la civilizaci\u00f3n Caral en Universidad de Bucarest - Ruman\u00eda","isPartOf":{"@id":"https:\/\/zonacaral.gob.pe\/es\/#website"},"primaryImageOfPage":{"@id":"https:\/\/zonacaral.gob.pe\/en\/noticias\/exponen-sobre-la-civilizacion-caral-en-universidad-de-bucarest-rumania\/#primaryimage"},"image":{"@id":"https:\/\/zonacaral.gob.pe\/en\/noticias\/exponen-sobre-la-civilizacion-caral-en-universidad-de-bucarest-rumania\/#primaryimage"},"thumbnailUrl":"https:\/\/zonacaral.gob.pe\/wp-content\/uploads\/2018\/12\/rumania.jpg","datePublished":"2018-12-20T22:53:17+00:00","author":{"@id":"https:\/\/zonacaral.gob.pe\/es\/#\/schema\/person\/beddb4d22f71a7230c5b90913270a0ee"},"description":"La historia y trascendencia de la Civilizaci\u00f3n Caral, la m\u00e1s antigua de Am\u00e9rica, fue presentada el pasado jueves, 13 de diciembre, ante los alumnos y catedr\u00e1ticos del Centro de Historia Comparada de Civilizaciones Antiguas de la Facultad de Historia de la Universidad de Bucarest, en Ruman\u00eda.","breadcrumb":{"@id":"https:\/\/zonacaral.gob.pe\/en\/noticias\/exponen-sobre-la-civilizacion-caral-en-universidad-de-bucarest-rumania\/#breadcrumb"},"inLanguage":"en-US","potentialAction":[{"@type":"ReadAction","target":["https:\/\/zonacaral.gob.pe\/en\/noticias\/exponen-sobre-la-civilizacion-caral-en-universidad-de-bucarest-rumania\/"]}]},{"@type":"ImageObject","inLanguage":"en-US","@id":"https:\/\/zonacaral.gob.pe\/en\/noticias\/exponen-sobre-la-civilizacion-caral-en-universidad-de-bucarest-rumania\/#primaryimage","url":"https:\/\/zonacaral.gob.pe\/wp-content\/uploads\/2018\/12\/rumania.jpg","contentUrl":"https:\/\/zonacaral.gob.pe\/wp-content\/uploads\/2018\/12\/rumania.jpg","width":810,"height":410},{"@type":"BreadcrumbList","@id":"https:\/\/zonacaral.gob.pe\/en\/noticias\/exponen-sobre-la-civilizacion-caral-en-universidad-de-bucarest-rumania\/#breadcrumb","itemListElement":[{"@type":"ListItem","position":1,"name":"Portada","item":"https:\/\/zonacaral.gob.pe\/"},{"@type":"ListItem","position":2,"name":"Exponen sobre la civilizaci\u00f3n Caral en Universidad de Bucarest &#8211; Ruman\u00eda"}]},{"@type":"WebSite","@id":"https:\/\/zonacaral.gob.pe\/es\/#website","url":"https:\/\/zonacaral.gob.pe\/es\/","name":"Zona Caral","description":"Investigamos, conservamos y difundimos el patrimonio cultural de la Civilizaci\u00f3n Caral, la m\u00e1s antigua de Am\u00e9rica.","potentialAction":[{"@type":"SearchAction","target":{"@type":"EntryPoint","urlTemplate":"https:\/\/zonacaral.gob.pe\/es\/?s={search_term_string}"},"query-input":{"@type":"PropertyValueSpecification","valueRequired":true,"valueName":"search_term_string"}}],"inLanguage":"en-US"},{"@type":"Person","@id":"https:\/\/zonacaral.gob.pe\/es\/#\/schema\/person\/beddb4d22f71a7230c5b90913270a0ee","name":"Zona Caral Administrador","image":{"@type":"ImageObject","inLanguage":"en-US","@id":"https:\/\/secure.gravatar.com\/avatar\/e4be162918a696358376de6446614e0f0f4062bdc5d170d6d540ada3d8b58c12?s=96&d=mm&r=g","url":"https:\/\/secure.gravatar.com\/avatar\/e4be162918a696358376de6446614e0f0f4062bdc5d170d6d540ada3d8b58c12?s=96&d=mm&r=g","contentUrl":"https:\/\/secure.gravatar.com\/avatar\/e4be162918a696358376de6446614e0f0f4062bdc5d170d6d540ada3d8b58c12?s=96&d=mm&r=g","caption":"Zona Caral Administrador"},"sameAs":["https:\/\/zonacaral.gob.pe"],"url":"https:\/\/zonacaral.gob.pe\/en\/noticias\/author\/ad_zonacaral\/"}]}},"_links":{"self":[{"href":"https:\/\/zonacaral.gob.pe\/en\/wp-json\/wp\/v2\/posts\/13799","targetHints":{"allow":["GET"]}}],"collection":[{"href":"https:\/\/zonacaral.gob.pe\/en\/wp-json\/wp\/v2\/posts"}],"about":[{"href":"https:\/\/zonacaral.gob.pe\/en\/wp-json\/wp\/v2\/types\/post"}],"author":[{"embeddable":true,"href":"https:\/\/zonacaral.gob.pe\/en\/wp-json\/wp\/v2\/users\/1"}],"replies":[{"embeddable":true,"href":"https:\/\/zonacaral.gob.pe\/en\/wp-json\/wp\/v2\/comments?post=13799"}],"version-history":[{"count":0,"href":"https:\/\/zonacaral.gob.pe\/en\/wp-json\/wp\/v2\/posts\/13799\/revisions"}],"wp:featuredmedia":[{"embeddable":true,"href":"https:\/\/zonacaral.gob.pe\/en\/wp-json\/wp\/v2\/media\/13800"}],"wp:attachment":[{"href":"https:\/\/zonacaral.gob.pe\/en\/wp-json\/wp\/v2\/media?parent=13799"}],"wp:term":[{"taxonomy":"category","embeddable":true,"href":"https:\/\/zonacaral.gob.pe\/en\/wp-json\/wp\/v2\/categories?post=13799"},{"taxonomy":"post_tag","embeddable":true,"href":"https:\/\/zonacaral.gob.pe\/en\/wp-json\/wp\/v2\/tags?post=13799"}],"curies":[{"name":"wp","href":"https:\/\/api.w.org\/{rel}","templated":true}]}}