{"id":13865,"date":"2019-01-04T18:16:54","date_gmt":"2019-01-04T23:16:54","guid":{"rendered":"http:\/\/www.zonacaral.gob.pe\/?p=13865"},"modified":"2019-01-04T18:16:54","modified_gmt":"2019-01-04T23:16:54","slug":"decenas-de-personas-recibieron-el-ano-nuevo-en-la-ciudad-sagrada-de-caral","status":"publish","type":"post","link":"https:\/\/zonacaral.gob.pe\/en\/noticias\/decenas-de-personas-recibieron-el-ano-nuevo-en-la-ciudad-sagrada-de-caral\/","title":{"rendered":"Decenas de personas recibieron el A\u00f1o Nuevo en la Ciudad Sagrada de Caral"},"content":{"rendered":"<figure class=\"pic-autor\" style=\"color: #4d4d4d; text-align: justify;\"><\/figure>\n<blockquote><p>Con Pago a la Pachamama, m\u00fasicas ancestrales, campamento, entre otras actividades, inici\u00f3 el a\u00f1o en el principal centro urbano de la primera civilizaci\u00f3n de Am\u00e9rica.<\/p><\/blockquote>\n<p>Cerca de 200 personas recibieron el A\u00f1o Nuevo en la Ciudad Sagrada de Caral, ubicado en el valle de Supe, Barranca, la cual se ilumin\u00f3 para acoger a todos los amantes de nuestra cultura, la naturaleza y el misticismo, quienes llegaron desde las dos de la tarde para participar en todas las actividades programadas para despedir el 2018 y recibir, de una manera \u00fanica y diferente, el 2019.<\/p>\n<p>La propuesta, organizada por la Zona Arqueol\u00f3gica Caral, UE 003 del Ministerio de Cultura, tuvo el objetivo de acercar a la poblaci\u00f3n con su riqueza cultural, para que lo protejan y valoren. Asimismo, para que se identifiquen con su pasado y aprendan sobre las ense\u00f1anzas que nos dejaron los antiguos pobladores de la civilizaci\u00f3n m\u00e1s antigua de Am\u00e9rica.<\/p>\n<p>Seg\u00fan lo programado, se ilumin\u00f3 de manera parcial los edificios piramidales y caminos de la Ciudad Sagrada de Caral, por donde realizaron una peregrinaci\u00f3n con la presencia del Se\u00f1or de Caral y su s\u00e9quito. Tambi\u00e9n, se realiz\u00f3 el concierto de m\u00fasica ancestral, con el artista Ruy Hinostroza, y un especial de cuenta cuentos andinos efectuado por la Asociaci\u00f3n Cultural Wasi.<\/p>\n<p>Finalmente, al son de la m\u00fasica de los Sikuris del Centro de Folklore del Centro Cultural de San Marcos, todos los participantes danzaron y cantaron alrededor de la fogata en el al pie del Apu Gozne, donde adem\u00e1s renovaron sus energ\u00edas e hicieron su y participaron en el ritual andino de Pago a la Pachamama, para tener un excelente 2019.<\/p>\n<p>Todos los visitantes tuvieron un \u00e1rea segura para que instalen sus carpas y los servicios b\u00e1sicos a su alcance. Tambi\u00e9n, a los que participaron de nuestro Viaje Educativo, se les brind\u00f3 un buffet, con la rica gastronom\u00eda del lugar, en la cena de A\u00f1o Nuevo, y el acostumbrado brindis.<\/p>\n<p>Cabe recordar que esta actividad, por primera vez, tuvo una invitaci\u00f3n abierta, como una novedosa alternativa para recibir en nuevo a\u00f1o e impulsar el turismo interno, que ayuda al desarrollo de las poblaciones del \u00e1rea norcentral del pa\u00eds.<\/p>\n<p><strong>DATO<\/strong><\/p>\n<p>La Ciudad Sagrada de Caral; \u00c1spero, Ciudad Pesquera de Caral; y Vichama, Ciudad Agropesquera de V\u00e9gueta \u2013 Huaura, abren sus puertas todos los d\u00edas, incluyendo feriados, desde las 10:00 a.m. hasta las 05:00 p.m.<\/p>\n<p>Una mejor manera de conocer estos sitios arqueol\u00f3gicos, es participando en nuestros Viajes Educativos, que organiza, cada fin de semana, la visita a dos sitios arqueol\u00f3gicos a precios m\u00f3dicos. Inf\u00f3rmate m\u00e1s en: 2052-517 \/ 955881340<br \/>\ncorreo: viajeseducativos@zonacaral.gob.pe.<\/p>\n<p><span style=\"color: #1d2129;\">Conoce nuestros programas en:\u00a0<\/span><a style=\"color: #365899;\" href=\"https:\/\/l.facebook.com\/l.php?u=https%3A%2F%2Fbit.ly%2F2Fbj1f5%3Ffbclid%3DIwAR3Jl_k7_BwLAHTZzQYXuCiQ9PCTY50T5Z_1vJHEcEq0XmCA0_w5Li8HxuE&amp;h=AT1kdn1eJgum7JcmpPb8JVVoqeCsnXBG_eTujv_P5MSvSwERL7-wNbZW6y46XpoNhl1MoxZF90xo0g1GYv0ZAw4VjaouwdiuzstVieqLD9QVo3FOUKNR3Fy1Cp7S2BWBGU0KRYJh5eDGydzeBisq9vRbpEfX3BSJAk6-pp2FgDp6TB1t6UyMqGl2M95NE2oPqptVKsygmFiHhiQMmrW3xIEduF3-clVbhiHpizeu-uV-FoAaL8pM5B-2ltd5rqtuUt4-7phmD_rIfgWK7AigUeiD2dmssG4UtaOgifESBBcK1NYuBeZwvpkitaYf3C0IRZgNgUMumtegdMynZ2ttHVwMo48qpsXZeLIktg52qB8nFtAgkgcAq6g7eczNnK2a4V6mX8zMJALb--MzeMxvwRckSw7b_FmAusZXU1ygf4q7FxHR2cMMBbvS7e_sBMECYeQuVWQ5Mp-ZQxrnosbrT7DQemu7vhGWWGhoZLwJvfXGRCjseIJDjn3uDEuZGtavffL6RS-4BOBysZ0ZgmZs_3cny86p4JnCc4clwAl5tnZfDtFOlA39uHzLzaSr3R_urgotaPcVsI1lKx2gJ5a4lE3w1rNS34WnqhHFXXlGyaLL4VY3AMUyKcYVf1r7tXhYXzSgp9ohVlM\" target=\"_blank\" rel=\"noopener nofollow\" data-ft=\"{&quot;tn&quot;:&quot;-U&quot;}\" data-lynx-mode=\"async\">http:\/\/bit.ly\/2Fbj1f5<\/a><span class=\"text_exposed_show\"><br \/>\nVisita la Tienda Caral:\u00a0<a style=\"color: #365899;\" href=\"https:\/\/tienda.zonacaral.gob.pe\/?fbclid=IwAR19ym5M4SLppvsZQzbLz8A9xSRsFBFn6TfCY4XEKljNNNAINGTGVtGyP-Q\" target=\"_blank\" rel=\"noopener nofollow\" data-ft=\"{&quot;tn&quot;:&quot;-U&quot;}\" data-lynx-mode=\"async\" data-lynx-uri=\"https:\/\/l.facebook.com\/l.php?u=https%3A%2F%2Ftienda.zonacaral.gob.pe%2F%3Ffbclid%3DIwAR19ym5M4SLppvsZQzbLz8A9xSRsFBFn6TfCY4XEKljNNNAINGTGVtGyP-Q&amp;h=AT38dK888cV4QeDMGWRsPufT2McORBAbsAijKxnHXMjYoJ8gc-BNeb4MmkOoC0D2vXKXRhpezC9NwkbgAEbPLos-fOqYLSA2orPAUpQSF5tsPaLAjoviOATb3BMjtxiwca-BPlcqxHpeyNRrJ7TNl6sFjEr9DakXsu7nJgm652PoKKyyoiFU0q_Uk0mCa5E5ovYBOdq7ZNojpr-3RvG3i2192MLU_AZTkc7rSa8sV5rLdBIKYzmeFVY6Z_T8EK5T6B5zqkU22d0QH6-eDJcXLPjwDAiwfiWmeGymA0ZvjJAF8pMlcR4UO3YvFRJHonVHy-pY3z3f3Lx51dYVycP88NKVXMty0i6zMus_SxgTFAMyGA0QDf3f179PFwCNdwLmY8o6PSozYd70ar24q2NNMFPHqulF8pS6FWyIrTKM3-LA_L7bOg-vq_7puPEPLdr3iDa8RK9JoUzKr13-SvbxHIvaR7Y3osEOPEehN5AhnfpPi2uv_A_g05L9UgDVPaaZIKzGpESsxy5T6_Xw1mLu2lzKeUV9ZLp12jvfsDCxhTKxdwlkQ4fUlOwGx-AgU9tr9uOKm42ifFCYok5L8ydvR3doH3d8zN4CwErO9qyNZ8pU-s9bRtX8a_DzeC-PU9n_Tz6K05YWHy0\">https:\/\/tienda.zonacaral.gob.pe\/<\/a><\/span><\/p>\n<p><iframe style=\"border: none; overflow: hidden;\" src=\"https:\/\/www.facebook.com\/plugins\/video.php?href=https%3A%2F%2Fwww.facebook.com%2FCARALPERU%2Fvideos%2F307411593226655%2F&amp;show_text=0&amp;width=560\" width=\"560\" height=\"400\" frameborder=\"0\" scrolling=\"no\" allowfullscreen=\"allowfullscreen\"><\/iframe><\/p>\n<p style=\"text-align: justify;\"><span style=\"color: #993300;\"><strong>Fuente<\/strong><strong>: Prensa ZAC<\/strong><\/span><\/p>\n<div style=\"color: #1f1f1f;\">\n<p style=\"text-align: justify;\">Fecha de publicaci\u00f3n: 04\/01\/2019<\/p>\n<\/div>","protected":false},"excerpt":{"rendered":"<p>Con Pago a la Pachamama, m\u00fasicas ancestrales, campamento, entre otras actividades, inici\u00f3 el a\u00f1o en el principal centro urbano de [&hellip;]<\/p>\n","protected":false},"author":1,"featured_media":13866,"comment_status":"closed","ping_status":"open","sticky":false,"template":"","format":"standard","meta":{"_acf_changed":false,"site-sidebar-layout":"default","site-content-layout":"","ast-site-content-layout":"default","site-content-style":"default","site-sidebar-style":"default","ast-global-header-display":"","ast-banner-title-visibility":"","ast-main-header-display":"","ast-hfb-above-header-display":"","ast-hfb-below-header-display":"","ast-hfb-mobile-header-display":"","site-post-title":"","ast-breadcrumbs-content":"","ast-featured-img":"","footer-sml-layout":"","ast-disable-related-posts":"","theme-transparent-header-meta":"","adv-header-id-meta":"","stick-header-meta":"","header-above-stick-meta":"","header-main-stick-meta":"","header-below-stick-meta":"","astra-migrate-meta-layouts":"default","ast-page-background-enabled":"default","ast-page-background-meta":{"desktop":{"background-color":"var(--ast-global-color-5)","background-image":"","background-repeat":"repeat","background-position":"center center","background-size":"auto","background-attachment":"scroll","background-type":"","background-media":"","overlay-type":"","overlay-color":"","overlay-opacity":"","overlay-gradient":""},"tablet":{"background-color":"","background-image":"","background-repeat":"repeat","background-position":"center center","background-size":"auto","background-attachment":"scroll","background-type":"","background-media":"","overlay-type":"","overlay-color":"","overlay-opacity":"","overlay-gradient":""},"mobile":{"background-color":"","background-image":"","background-repeat":"repeat","background-position":"center center","background-size":"auto","background-attachment":"scroll","background-type":"","background-media":"","overlay-type":"","overlay-color":"","overlay-opacity":"","overlay-gradient":""}},"ast-content-background-meta":{"desktop":{"background-color":"var(--ast-global-color-4)","background-image":"","background-repeat":"repeat","background-position":"center center","background-size":"auto","background-attachment":"scroll","background-type":"","background-media":"","overlay-type":"","overlay-color":"","overlay-opacity":"","overlay-gradient":""},"tablet":{"background-color":"var(--ast-global-color-4)","background-image":"","background-repeat":"repeat","background-position":"center center","background-size":"auto","background-attachment":"scroll","background-type":"","background-media":"","overlay-type":"","overlay-color":"","overlay-opacity":"","overlay-gradient":""},"mobile":{"background-color":"var(--ast-global-color-4)","background-image":"","background-repeat":"repeat","background-position":"center center","background-size":"auto","background-attachment":"scroll","background-type":"","background-media":"","overlay-type":"","overlay-color":"","overlay-opacity":"","overlay-gradient":""}},"footnotes":""},"categories":[208],"tags":[143,63,55],"class_list":["post-13865","post","type-post","status-publish","format-standard","has-post-thumbnail","hentry","category-noticias","tag-ano-nuevo","tag-aspero","tag-caral"],"acf":[],"yoast_head":"<!-- This site is optimized with the Yoast SEO plugin v27.3 - https:\/\/yoast.com\/product\/yoast-seo-wordpress\/ -->\n<title>Decenas de personas recibieron el A\u00f1o Nuevo en la Ciudad Sagrada de Caral<\/title>\n<meta name=\"description\" content=\"Con Pago a la Pachamama, m\u00fasicas ancestrales, campamento, entre otras actividades, inici\u00f3 el a\u00f1o en el principal centro urbano de la primera civilizaci\u00f3n de Am\u00e9rica.\" \/>\n<meta name=\"robots\" content=\"index, follow, max-snippet:-1, max-image-preview:large, max-video-preview:-1\" \/>\n<link rel=\"canonical\" href=\"https:\/\/zonacaral.gob.pe\/en\/noticias\/decenas-de-personas-recibieron-el-ano-nuevo-en-la-ciudad-sagrada-de-caral\/\" \/>\n<meta property=\"og:locale\" content=\"en_US\" \/>\n<meta property=\"og:type\" content=\"article\" \/>\n<meta property=\"og:title\" content=\"Decenas de personas recibieron el A\u00f1o Nuevo en la Ciudad Sagrada de Caral\" \/>\n<meta property=\"og:description\" content=\"Con Pago a la Pachamama, m\u00fasicas ancestrales, campamento, entre otras actividades, inici\u00f3 el a\u00f1o en el principal centro urbano de la primera civilizaci\u00f3n de Am\u00e9rica.\" \/>\n<meta property=\"og:url\" content=\"https:\/\/zonacaral.gob.pe\/en\/noticias\/decenas-de-personas-recibieron-el-ano-nuevo-en-la-ciudad-sagrada-de-caral\/\" \/>\n<meta property=\"og:site_name\" content=\"Zona Caral\" \/>\n<meta property=\"article:published_time\" content=\"2019-01-04T23:16:54+00:00\" \/>\n<meta property=\"og:image\" content=\"https:\/\/zonacaral.gob.pe\/wp-content\/uploads\/2019\/01\/ano-nuevo.jpg\" \/>\n\t<meta property=\"og:image:width\" content=\"810\" \/>\n\t<meta property=\"og:image:height\" content=\"410\" \/>\n\t<meta property=\"og:image:type\" content=\"image\/jpeg\" \/>\n<meta name=\"author\" content=\"Zona Caral Administrador\" \/>\n<meta name=\"twitter:card\" content=\"summary_large_image\" \/>\n<meta name=\"twitter:label1\" content=\"Written by\" \/>\n\t<meta name=\"twitter:data1\" content=\"Zona Caral Administrador\" \/>\n\t<meta name=\"twitter:label2\" content=\"Est. reading time\" \/>\n\t<meta name=\"twitter:data2\" content=\"2 minutes\" \/>\n<script type=\"application\/ld+json\" class=\"yoast-schema-graph\">{\"@context\":\"https:\\\/\\\/schema.org\",\"@graph\":[{\"@type\":\"Article\",\"@id\":\"https:\\\/\\\/zonacaral.gob.pe\\\/es\\\/noticias\\\/decenas-de-personas-recibieron-el-ano-nuevo-en-la-ciudad-sagrada-de-caral\\\/#article\",\"isPartOf\":{\"@id\":\"https:\\\/\\\/zonacaral.gob.pe\\\/es\\\/noticias\\\/decenas-de-personas-recibieron-el-ano-nuevo-en-la-ciudad-sagrada-de-caral\\\/\"},\"author\":{\"name\":\"Zona Caral Administrador\",\"@id\":\"https:\\\/\\\/zonacaral.gob.pe\\\/es\\\/#\\\/schema\\\/person\\\/beddb4d22f71a7230c5b90913270a0ee\"},\"headline\":\"Decenas de personas recibieron el A\u00f1o Nuevo en la Ciudad Sagrada de Caral\",\"datePublished\":\"2019-01-04T23:16:54+00:00\",\"mainEntityOfPage\":{\"@id\":\"https:\\\/\\\/zonacaral.gob.pe\\\/es\\\/noticias\\\/decenas-de-personas-recibieron-el-ano-nuevo-en-la-ciudad-sagrada-de-caral\\\/\"},\"wordCount\":499,\"image\":{\"@id\":\"https:\\\/\\\/zonacaral.gob.pe\\\/es\\\/noticias\\\/decenas-de-personas-recibieron-el-ano-nuevo-en-la-ciudad-sagrada-de-caral\\\/#primaryimage\"},\"thumbnailUrl\":\"https:\\\/\\\/zonacaral.gob.pe\\\/wp-content\\\/uploads\\\/2019\\\/01\\\/ano-nuevo.jpg\",\"keywords\":[\"a\u00f1o nuevo\",\"Aspero\",\"caral\"],\"articleSection\":[\"noticias\"],\"inLanguage\":\"en-US\"},{\"@type\":\"WebPage\",\"@id\":\"https:\\\/\\\/zonacaral.gob.pe\\\/es\\\/noticias\\\/decenas-de-personas-recibieron-el-ano-nuevo-en-la-ciudad-sagrada-de-caral\\\/\",\"url\":\"https:\\\/\\\/zonacaral.gob.pe\\\/es\\\/noticias\\\/decenas-de-personas-recibieron-el-ano-nuevo-en-la-ciudad-sagrada-de-caral\\\/\",\"name\":\"Decenas de personas recibieron el A\u00f1o Nuevo en la Ciudad Sagrada de Caral\",\"isPartOf\":{\"@id\":\"https:\\\/\\\/zonacaral.gob.pe\\\/es\\\/#website\"},\"primaryImageOfPage\":{\"@id\":\"https:\\\/\\\/zonacaral.gob.pe\\\/es\\\/noticias\\\/decenas-de-personas-recibieron-el-ano-nuevo-en-la-ciudad-sagrada-de-caral\\\/#primaryimage\"},\"image\":{\"@id\":\"https:\\\/\\\/zonacaral.gob.pe\\\/es\\\/noticias\\\/decenas-de-personas-recibieron-el-ano-nuevo-en-la-ciudad-sagrada-de-caral\\\/#primaryimage\"},\"thumbnailUrl\":\"https:\\\/\\\/zonacaral.gob.pe\\\/wp-content\\\/uploads\\\/2019\\\/01\\\/ano-nuevo.jpg\",\"datePublished\":\"2019-01-04T23:16:54+00:00\",\"author\":{\"@id\":\"https:\\\/\\\/zonacaral.gob.pe\\\/es\\\/#\\\/schema\\\/person\\\/beddb4d22f71a7230c5b90913270a0ee\"},\"description\":\"Con Pago a la Pachamama, m\u00fasicas ancestrales, campamento, entre otras actividades, inici\u00f3 el a\u00f1o en el principal centro urbano de la primera civilizaci\u00f3n de Am\u00e9rica.\",\"breadcrumb\":{\"@id\":\"https:\\\/\\\/zonacaral.gob.pe\\\/es\\\/noticias\\\/decenas-de-personas-recibieron-el-ano-nuevo-en-la-ciudad-sagrada-de-caral\\\/#breadcrumb\"},\"inLanguage\":\"en-US\",\"potentialAction\":[{\"@type\":\"ReadAction\",\"target\":[\"https:\\\/\\\/zonacaral.gob.pe\\\/es\\\/noticias\\\/decenas-de-personas-recibieron-el-ano-nuevo-en-la-ciudad-sagrada-de-caral\\\/\"]}]},{\"@type\":\"ImageObject\",\"inLanguage\":\"en-US\",\"@id\":\"https:\\\/\\\/zonacaral.gob.pe\\\/es\\\/noticias\\\/decenas-de-personas-recibieron-el-ano-nuevo-en-la-ciudad-sagrada-de-caral\\\/#primaryimage\",\"url\":\"https:\\\/\\\/zonacaral.gob.pe\\\/wp-content\\\/uploads\\\/2019\\\/01\\\/ano-nuevo.jpg\",\"contentUrl\":\"https:\\\/\\\/zonacaral.gob.pe\\\/wp-content\\\/uploads\\\/2019\\\/01\\\/ano-nuevo.jpg\",\"width\":810,\"height\":410},{\"@type\":\"BreadcrumbList\",\"@id\":\"https:\\\/\\\/zonacaral.gob.pe\\\/es\\\/noticias\\\/decenas-de-personas-recibieron-el-ano-nuevo-en-la-ciudad-sagrada-de-caral\\\/#breadcrumb\",\"itemListElement\":[{\"@type\":\"ListItem\",\"position\":1,\"name\":\"Portada\",\"item\":\"https:\\\/\\\/zonacaral.gob.pe\\\/\"},{\"@type\":\"ListItem\",\"position\":2,\"name\":\"Decenas de personas recibieron el A\u00f1o Nuevo en la Ciudad Sagrada de Caral\"}]},{\"@type\":\"WebSite\",\"@id\":\"https:\\\/\\\/zonacaral.gob.pe\\\/es\\\/#website\",\"url\":\"https:\\\/\\\/zonacaral.gob.pe\\\/es\\\/\",\"name\":\"Zona Caral\",\"description\":\"Investigamos, conservamos y difundimos el patrimonio cultural de la Civilizaci\u00f3n Caral, la m\u00e1s antigua de Am\u00e9rica.\",\"potentialAction\":[{\"@type\":\"SearchAction\",\"target\":{\"@type\":\"EntryPoint\",\"urlTemplate\":\"https:\\\/\\\/zonacaral.gob.pe\\\/es\\\/?s={search_term_string}\"},\"query-input\":{\"@type\":\"PropertyValueSpecification\",\"valueRequired\":true,\"valueName\":\"search_term_string\"}}],\"inLanguage\":\"en-US\"},{\"@type\":\"Person\",\"@id\":\"https:\\\/\\\/zonacaral.gob.pe\\\/es\\\/#\\\/schema\\\/person\\\/beddb4d22f71a7230c5b90913270a0ee\",\"name\":\"Zona Caral Administrador\",\"image\":{\"@type\":\"ImageObject\",\"inLanguage\":\"en-US\",\"@id\":\"https:\\\/\\\/secure.gravatar.com\\\/avatar\\\/e4be162918a696358376de6446614e0f0f4062bdc5d170d6d540ada3d8b58c12?s=96&d=mm&r=g\",\"url\":\"https:\\\/\\\/secure.gravatar.com\\\/avatar\\\/e4be162918a696358376de6446614e0f0f4062bdc5d170d6d540ada3d8b58c12?s=96&d=mm&r=g\",\"contentUrl\":\"https:\\\/\\\/secure.gravatar.com\\\/avatar\\\/e4be162918a696358376de6446614e0f0f4062bdc5d170d6d540ada3d8b58c12?s=96&d=mm&r=g\",\"caption\":\"Zona Caral Administrador\"},\"sameAs\":[\"https:\\\/\\\/zonacaral.gob.pe\"],\"url\":\"https:\\\/\\\/zonacaral.gob.pe\\\/en\\\/noticias\\\/author\\\/ad_zonacaral\\\/\"}]}<\/script>\n<!-- \/ Yoast SEO plugin. -->","yoast_head_json":{"title":"Decenas de personas recibieron el A\u00f1o Nuevo en la Ciudad Sagrada de Caral","description":"Con Pago a la Pachamama, m\u00fasicas ancestrales, campamento, entre otras actividades, inici\u00f3 el a\u00f1o en el principal centro urbano de la primera civilizaci\u00f3n de Am\u00e9rica.","robots":{"index":"index","follow":"follow","max-snippet":"max-snippet:-1","max-image-preview":"max-image-preview:large","max-video-preview":"max-video-preview:-1"},"canonical":"https:\/\/zonacaral.gob.pe\/en\/noticias\/decenas-de-personas-recibieron-el-ano-nuevo-en-la-ciudad-sagrada-de-caral\/","og_locale":"en_US","og_type":"article","og_title":"Decenas de personas recibieron el A\u00f1o Nuevo en la Ciudad Sagrada de Caral","og_description":"Con Pago a la Pachamama, m\u00fasicas ancestrales, campamento, entre otras actividades, inici\u00f3 el a\u00f1o en el principal centro urbano de la primera civilizaci\u00f3n de Am\u00e9rica.","og_url":"https:\/\/zonacaral.gob.pe\/en\/noticias\/decenas-de-personas-recibieron-el-ano-nuevo-en-la-ciudad-sagrada-de-caral\/","og_site_name":"Zona Caral","article_published_time":"2019-01-04T23:16:54+00:00","og_image":[{"width":810,"height":410,"url":"https:\/\/zonacaral.gob.pe\/wp-content\/uploads\/2019\/01\/ano-nuevo.jpg","type":"image\/jpeg"}],"author":"Zona Caral Administrador","twitter_card":"summary_large_image","twitter_misc":{"Written by":"Zona Caral Administrador","Est. reading time":"2 minutes"},"schema":{"@context":"https:\/\/schema.org","@graph":[{"@type":"Article","@id":"https:\/\/zonacaral.gob.pe\/es\/noticias\/decenas-de-personas-recibieron-el-ano-nuevo-en-la-ciudad-sagrada-de-caral\/#article","isPartOf":{"@id":"https:\/\/zonacaral.gob.pe\/es\/noticias\/decenas-de-personas-recibieron-el-ano-nuevo-en-la-ciudad-sagrada-de-caral\/"},"author":{"name":"Zona Caral Administrador","@id":"https:\/\/zonacaral.gob.pe\/es\/#\/schema\/person\/beddb4d22f71a7230c5b90913270a0ee"},"headline":"Decenas de personas recibieron el A\u00f1o Nuevo en la Ciudad Sagrada de Caral","datePublished":"2019-01-04T23:16:54+00:00","mainEntityOfPage":{"@id":"https:\/\/zonacaral.gob.pe\/es\/noticias\/decenas-de-personas-recibieron-el-ano-nuevo-en-la-ciudad-sagrada-de-caral\/"},"wordCount":499,"image":{"@id":"https:\/\/zonacaral.gob.pe\/es\/noticias\/decenas-de-personas-recibieron-el-ano-nuevo-en-la-ciudad-sagrada-de-caral\/#primaryimage"},"thumbnailUrl":"https:\/\/zonacaral.gob.pe\/wp-content\/uploads\/2019\/01\/ano-nuevo.jpg","keywords":["a\u00f1o nuevo","Aspero","caral"],"articleSection":["noticias"],"inLanguage":"en-US"},{"@type":"WebPage","@id":"https:\/\/zonacaral.gob.pe\/es\/noticias\/decenas-de-personas-recibieron-el-ano-nuevo-en-la-ciudad-sagrada-de-caral\/","url":"https:\/\/zonacaral.gob.pe\/es\/noticias\/decenas-de-personas-recibieron-el-ano-nuevo-en-la-ciudad-sagrada-de-caral\/","name":"Decenas de personas recibieron el A\u00f1o Nuevo en la Ciudad Sagrada de Caral","isPartOf":{"@id":"https:\/\/zonacaral.gob.pe\/es\/#website"},"primaryImageOfPage":{"@id":"https:\/\/zonacaral.gob.pe\/es\/noticias\/decenas-de-personas-recibieron-el-ano-nuevo-en-la-ciudad-sagrada-de-caral\/#primaryimage"},"image":{"@id":"https:\/\/zonacaral.gob.pe\/es\/noticias\/decenas-de-personas-recibieron-el-ano-nuevo-en-la-ciudad-sagrada-de-caral\/#primaryimage"},"thumbnailUrl":"https:\/\/zonacaral.gob.pe\/wp-content\/uploads\/2019\/01\/ano-nuevo.jpg","datePublished":"2019-01-04T23:16:54+00:00","author":{"@id":"https:\/\/zonacaral.gob.pe\/es\/#\/schema\/person\/beddb4d22f71a7230c5b90913270a0ee"},"description":"Con Pago a la Pachamama, m\u00fasicas ancestrales, campamento, entre otras actividades, inici\u00f3 el a\u00f1o en el principal centro urbano de la primera civilizaci\u00f3n de Am\u00e9rica.","breadcrumb":{"@id":"https:\/\/zonacaral.gob.pe\/es\/noticias\/decenas-de-personas-recibieron-el-ano-nuevo-en-la-ciudad-sagrada-de-caral\/#breadcrumb"},"inLanguage":"en-US","potentialAction":[{"@type":"ReadAction","target":["https:\/\/zonacaral.gob.pe\/es\/noticias\/decenas-de-personas-recibieron-el-ano-nuevo-en-la-ciudad-sagrada-de-caral\/"]}]},{"@type":"ImageObject","inLanguage":"en-US","@id":"https:\/\/zonacaral.gob.pe\/es\/noticias\/decenas-de-personas-recibieron-el-ano-nuevo-en-la-ciudad-sagrada-de-caral\/#primaryimage","url":"https:\/\/zonacaral.gob.pe\/wp-content\/uploads\/2019\/01\/ano-nuevo.jpg","contentUrl":"https:\/\/zonacaral.gob.pe\/wp-content\/uploads\/2019\/01\/ano-nuevo.jpg","width":810,"height":410},{"@type":"BreadcrumbList","@id":"https:\/\/zonacaral.gob.pe\/es\/noticias\/decenas-de-personas-recibieron-el-ano-nuevo-en-la-ciudad-sagrada-de-caral\/#breadcrumb","itemListElement":[{"@type":"ListItem","position":1,"name":"Portada","item":"https:\/\/zonacaral.gob.pe\/"},{"@type":"ListItem","position":2,"name":"Decenas de personas recibieron el A\u00f1o Nuevo en la Ciudad Sagrada de Caral"}]},{"@type":"WebSite","@id":"https:\/\/zonacaral.gob.pe\/es\/#website","url":"https:\/\/zonacaral.gob.pe\/es\/","name":"Zona Caral","description":"Investigamos, conservamos y difundimos el patrimonio cultural de la Civilizaci\u00f3n Caral, la m\u00e1s antigua de Am\u00e9rica.","potentialAction":[{"@type":"SearchAction","target":{"@type":"EntryPoint","urlTemplate":"https:\/\/zonacaral.gob.pe\/es\/?s={search_term_string}"},"query-input":{"@type":"PropertyValueSpecification","valueRequired":true,"valueName":"search_term_string"}}],"inLanguage":"en-US"},{"@type":"Person","@id":"https:\/\/zonacaral.gob.pe\/es\/#\/schema\/person\/beddb4d22f71a7230c5b90913270a0ee","name":"Zona Caral Administrador","image":{"@type":"ImageObject","inLanguage":"en-US","@id":"https:\/\/secure.gravatar.com\/avatar\/e4be162918a696358376de6446614e0f0f4062bdc5d170d6d540ada3d8b58c12?s=96&d=mm&r=g","url":"https:\/\/secure.gravatar.com\/avatar\/e4be162918a696358376de6446614e0f0f4062bdc5d170d6d540ada3d8b58c12?s=96&d=mm&r=g","contentUrl":"https:\/\/secure.gravatar.com\/avatar\/e4be162918a696358376de6446614e0f0f4062bdc5d170d6d540ada3d8b58c12?s=96&d=mm&r=g","caption":"Zona Caral Administrador"},"sameAs":["https:\/\/zonacaral.gob.pe"],"url":"https:\/\/zonacaral.gob.pe\/en\/noticias\/author\/ad_zonacaral\/"}]}},"_links":{"self":[{"href":"https:\/\/zonacaral.gob.pe\/en\/wp-json\/wp\/v2\/posts\/13865","targetHints":{"allow":["GET"]}}],"collection":[{"href":"https:\/\/zonacaral.gob.pe\/en\/wp-json\/wp\/v2\/posts"}],"about":[{"href":"https:\/\/zonacaral.gob.pe\/en\/wp-json\/wp\/v2\/types\/post"}],"author":[{"embeddable":true,"href":"https:\/\/zonacaral.gob.pe\/en\/wp-json\/wp\/v2\/users\/1"}],"replies":[{"embeddable":true,"href":"https:\/\/zonacaral.gob.pe\/en\/wp-json\/wp\/v2\/comments?post=13865"}],"version-history":[{"count":0,"href":"https:\/\/zonacaral.gob.pe\/en\/wp-json\/wp\/v2\/posts\/13865\/revisions"}],"wp:featuredmedia":[{"embeddable":true,"href":"https:\/\/zonacaral.gob.pe\/en\/wp-json\/wp\/v2\/media\/13866"}],"wp:attachment":[{"href":"https:\/\/zonacaral.gob.pe\/en\/wp-json\/wp\/v2\/media?parent=13865"}],"wp:term":[{"taxonomy":"category","embeddable":true,"href":"https:\/\/zonacaral.gob.pe\/en\/wp-json\/wp\/v2\/categories?post=13865"},{"taxonomy":"post_tag","embeddable":true,"href":"https:\/\/zonacaral.gob.pe\/en\/wp-json\/wp\/v2\/tags?post=13865"}],"curies":[{"name":"wp","href":"https:\/\/api.w.org\/{rel}","templated":true}]}}