{"id":13913,"date":"2019-01-17T15:36:01","date_gmt":"2019-01-17T20:36:01","guid":{"rendered":"http:\/\/www.zonacaral.gob.pe\/?p=13913"},"modified":"2019-01-17T15:36:01","modified_gmt":"2019-01-17T20:36:01","slug":"retocaral-conocer-caral-aspero-y-vichama-en-solo-un-dia","status":"publish","type":"post","link":"https:\/\/zonacaral.gob.pe\/en\/noticias\/retocaral-conocer-caral-aspero-y-vichama-en-solo-un-dia\/","title":{"rendered":"#RetoCaral: conocer Caral, \u00c1spero y Vichama en s\u00f3lo un d\u00eda"},"content":{"rendered":"<figure class=\"pic-autor\" style=\"color: #4d4d4d; text-align: justify;\"><\/figure>\n<blockquote><p>\u00bfEres amante de la aventura, de la naturaleza y de nuestro pa\u00eds? Te retamos a realizar este viaje<\/p><\/blockquote>\n<p>El \u201cReto Caral\u201d busca que la poblaci\u00f3n, en general, se interese m\u00e1s por nuestra cultura visitando tres sitios arqueol\u00f3gicos de la Civilizaci\u00f3n Caral, ubicados al norte de Lima, es decir: La Ciudad Sagrada de Caral; \u00c1spero, la Ciudad Pesquera de Caral; y Vichama, la Ciudad Agropesquera de V\u00e9gueta.<\/p>\n<p>El m\u00e1s cercano, el que podr\u00eda ser tu primer destino, a s\u00f3lo dos horas y media de la capital, es Vichama, ubicado en el distrito de V\u00e9gueta, provincia de Huaura. Edificado frente al mar hace 3800 a\u00f1os, cuenta en sus muros una historia de cambio clim\u00e1tico por el que habr\u00edan atravesado.<\/p>\n<p>Tu segundo destino podr\u00eda ser la Ciudad Sagrada de Caral, nuestro Patrimonio Mundial. Est\u00e1 ubicado en el valle de Supe, a la altura del kil\u00f3metro 184 de la Panamericana Norte. Es reconocida por sus impresionantes y monumentales construcciones piramidales e innumerables conocimientos que dejaron para el desarrollo de las posteriores culturas.<br \/>\nLuego, como \u00faltimo destino, a 45 minutos hacia al norte en Supe Puerto, encontrar\u00e1s a \u00c1spero, Ciudad Pesquera de Caral. Habr\u00eda funcionado como puerto mar\u00edtimo donde se captaba la anchoveta, principal recurso marino.<\/p>\n<p>Recorre estos lugares arqueol\u00f3gicos en s\u00f3lo un d\u00eda, publica tus fotos y etiquet\u00e1ndonos usando el hashtag #RetoCaral. Los que cumplan con estos requisitos ingresar\u00e1n a un sorteo especial. M\u00e1s detalles al tlf. (01) 205 2509 o escribe un correo a prensa@zonacaral.gob.pe.<\/p>\n<p><strong>DATOS<\/strong><\/p>\n<p>Por la distancia y tiempo, te recomendamos partir de Lima cerca de las 6:00 a.m., tomando todas las precauciones del caso. La atenci\u00f3n en todos estos lugares es de 10:00 a.m. a 5:00 p.m.<br \/>\nLos sitios arqueol\u00f3gicos de Caral, \u00c1spero y Vichama, cuentan con un sendero interpretativo, circuito para personas con discapacidad motora, gu\u00edas locales, lugares de esparcimiento como centros de interpretaci\u00f3n, comedores, servicios b\u00e1sicos y expo venta de productos artesanales.<\/p>\n<p>La gastronom\u00eda es variada, puedes degustar: para el desayuno un tradicional tamal supano o degustar de las salchichas de Supe y Huacho. Tambi\u00e9n podr\u00edas considerar los chicharrones acompa\u00f1ados de pan, jugo o una bebida caliente. Para el almuerzo puedes preguntar por un delicioso ceviche de corvina dorada, lenguado o lisa, hasta un ceviche de pato, entre otros platos propios del lugar.<\/p>\n<p>La Zona Arqueol\u00f3gica Caral, ha lanzado su p\u00e1gina web de venta de recuerdos o publicaciones \u201cTienda Caral\u201d, ingresa a: <a href=\"https:\/\/tienda.zonacaral.gob.pe\">https:\/\/tienda.zonacaral.gob.pe<\/a><br \/>\nAsimismo, organiza viajes a los sitios arqueol\u00f3gicos mencionados, cada fin de semana. Inf\u00f3rmate m\u00e1s en: <a href=\"\/en\/www.zonacaral.gob.pe\/viajes-educativos-2\/%20\/\">zonacaral.gob.pe\/viajes-educativos-2\/<\/a><\/p>\n<p style=\"text-align: justify;\"><span style=\"color: #993300;\"><strong>Fuente<\/strong><strong>: Prensa ZAC<\/strong><\/span><\/p>\n<div style=\"color: #1f1f1f;\">\n<p style=\"text-align: justify;\">Fecha de publicaci\u00f3n: 17\/01\/2019<\/p>\n<\/div>","protected":false},"excerpt":{"rendered":"<p>\u00bfEres amante de la aventura, de la naturaleza y de nuestro pa\u00eds? Te retamos a realizar este viaje El \u201cReto [&hellip;]<\/p>\n","protected":false},"author":1,"featured_media":13914,"comment_status":"closed","ping_status":"open","sticky":false,"template":"","format":"standard","meta":{"_acf_changed":false,"site-sidebar-layout":"default","site-content-layout":"","ast-site-content-layout":"default","site-content-style":"default","site-sidebar-style":"default","ast-global-header-display":"","ast-banner-title-visibility":"","ast-main-header-display":"","ast-hfb-above-header-display":"","ast-hfb-below-header-display":"","ast-hfb-mobile-header-display":"","site-post-title":"","ast-breadcrumbs-content":"","ast-featured-img":"","footer-sml-layout":"","ast-disable-related-posts":"","theme-transparent-header-meta":"","adv-header-id-meta":"","stick-header-meta":"","header-above-stick-meta":"","header-main-stick-meta":"","header-below-stick-meta":"","astra-migrate-meta-layouts":"default","ast-page-background-enabled":"default","ast-page-background-meta":{"desktop":{"background-color":"var(--ast-global-color-5)","background-image":"","background-repeat":"repeat","background-position":"center center","background-size":"auto","background-attachment":"scroll","background-type":"","background-media":"","overlay-type":"","overlay-color":"","overlay-opacity":"","overlay-gradient":""},"tablet":{"background-color":"","background-image":"","background-repeat":"repeat","background-position":"center center","background-size":"auto","background-attachment":"scroll","background-type":"","background-media":"","overlay-type":"","overlay-color":"","overlay-opacity":"","overlay-gradient":""},"mobile":{"background-color":"","background-image":"","background-repeat":"repeat","background-position":"center center","background-size":"auto","background-attachment":"scroll","background-type":"","background-media":"","overlay-type":"","overlay-color":"","overlay-opacity":"","overlay-gradient":""}},"ast-content-background-meta":{"desktop":{"background-color":"var(--ast-global-color-4)","background-image":"","background-repeat":"repeat","background-position":"center center","background-size":"auto","background-attachment":"scroll","background-type":"","background-media":"","overlay-type":"","overlay-color":"","overlay-opacity":"","overlay-gradient":""},"tablet":{"background-color":"var(--ast-global-color-4)","background-image":"","background-repeat":"repeat","background-position":"center center","background-size":"auto","background-attachment":"scroll","background-type":"","background-media":"","overlay-type":"","overlay-color":"","overlay-opacity":"","overlay-gradient":""},"mobile":{"background-color":"var(--ast-global-color-4)","background-image":"","background-repeat":"repeat","background-position":"center center","background-size":"auto","background-attachment":"scroll","background-type":"","background-media":"","overlay-type":"","overlay-color":"","overlay-opacity":"","overlay-gradient":""}},"footnotes":""},"categories":[208],"tags":[63,55,61],"class_list":["post-13913","post","type-post","status-publish","format-standard","has-post-thumbnail","hentry","category-noticias","tag-aspero","tag-caral","tag-vichama"],"acf":[],"yoast_head":"<!-- This site is optimized with the Yoast SEO plugin v27.3 - https:\/\/yoast.com\/product\/yoast-seo-wordpress\/ -->\n<title>#RetoCaral: conocer Caral, \u00c1spero y Vichama en s\u00f3lo un d\u00eda<\/title>\n<meta name=\"description\" content=\"\u00bfEres amante de la aventura, de la naturaleza y de nuestro pa\u00eds? Te retamos a realizar este viaje. El \u201cReto Caral\u201d busca que la poblaci\u00f3n, en general, se interese m\u00e1s por nuestra cultura visitando tres sitios arqueol\u00f3gicos de la Civilizaci\u00f3n Caral,\" \/>\n<meta name=\"robots\" content=\"index, follow, max-snippet:-1, max-image-preview:large, max-video-preview:-1\" \/>\n<link rel=\"canonical\" href=\"https:\/\/zonacaral.gob.pe\/en\/noticias\/retocaral-conocer-caral-aspero-y-vichama-en-solo-un-dia\/\" \/>\n<meta property=\"og:locale\" content=\"en_US\" \/>\n<meta property=\"og:type\" content=\"article\" \/>\n<meta property=\"og:title\" content=\"#RetoCaral: conocer Caral, \u00c1spero y Vichama en s\u00f3lo un d\u00eda\" \/>\n<meta property=\"og:description\" content=\"\u00bfEres amante de la aventura, de la naturaleza y de nuestro pa\u00eds? Te retamos a realizar este viaje. El \u201cReto Caral\u201d busca que la poblaci\u00f3n, en general, se interese m\u00e1s por nuestra cultura visitando tres sitios arqueol\u00f3gicos de la Civilizaci\u00f3n Caral,\" \/>\n<meta property=\"og:url\" content=\"https:\/\/zonacaral.gob.pe\/en\/noticias\/retocaral-conocer-caral-aspero-y-vichama-en-solo-un-dia\/\" \/>\n<meta property=\"og:site_name\" content=\"Zona Caral\" \/>\n<meta property=\"article:published_time\" content=\"2019-01-17T20:36:01+00:00\" \/>\n<meta property=\"og:image\" content=\"https:\/\/zonacaral.gob.pe\/wp-content\/uploads\/2019\/01\/reto-caral-1.jpg\" \/>\n\t<meta property=\"og:image:width\" content=\"810\" \/>\n\t<meta property=\"og:image:height\" content=\"410\" \/>\n\t<meta property=\"og:image:type\" content=\"image\/jpeg\" \/>\n<meta name=\"author\" content=\"Zona Caral Administrador\" \/>\n<meta name=\"twitter:card\" content=\"summary_large_image\" \/>\n<meta name=\"twitter:label1\" content=\"Written by\" \/>\n\t<meta name=\"twitter:data1\" content=\"Zona Caral Administrador\" \/>\n\t<meta name=\"twitter:label2\" content=\"Est. reading time\" \/>\n\t<meta name=\"twitter:data2\" content=\"2 minutes\" \/>\n<script type=\"application\/ld+json\" class=\"yoast-schema-graph\">{\"@context\":\"https:\\\/\\\/schema.org\",\"@graph\":[{\"@type\":\"Article\",\"@id\":\"https:\\\/\\\/zonacaral.gob.pe\\\/es\\\/noticias\\\/retocaral-conocer-caral-aspero-y-vichama-en-solo-un-dia\\\/#article\",\"isPartOf\":{\"@id\":\"https:\\\/\\\/zonacaral.gob.pe\\\/es\\\/noticias\\\/retocaral-conocer-caral-aspero-y-vichama-en-solo-un-dia\\\/\"},\"author\":{\"name\":\"Zona Caral Administrador\",\"@id\":\"https:\\\/\\\/zonacaral.gob.pe\\\/es\\\/#\\\/schema\\\/person\\\/beddb4d22f71a7230c5b90913270a0ee\"},\"headline\":\"#RetoCaral: conocer Caral, \u00c1spero y Vichama en s\u00f3lo un d\u00eda\",\"datePublished\":\"2019-01-17T20:36:01+00:00\",\"mainEntityOfPage\":{\"@id\":\"https:\\\/\\\/zonacaral.gob.pe\\\/es\\\/noticias\\\/retocaral-conocer-caral-aspero-y-vichama-en-solo-un-dia\\\/\"},\"wordCount\":472,\"image\":{\"@id\":\"https:\\\/\\\/zonacaral.gob.pe\\\/es\\\/noticias\\\/retocaral-conocer-caral-aspero-y-vichama-en-solo-un-dia\\\/#primaryimage\"},\"thumbnailUrl\":\"https:\\\/\\\/zonacaral.gob.pe\\\/wp-content\\\/uploads\\\/2019\\\/01\\\/reto-caral-1.jpg\",\"keywords\":[\"Aspero\",\"caral\",\"vichama\"],\"articleSection\":[\"noticias\"],\"inLanguage\":\"en-US\"},{\"@type\":\"WebPage\",\"@id\":\"https:\\\/\\\/zonacaral.gob.pe\\\/es\\\/noticias\\\/retocaral-conocer-caral-aspero-y-vichama-en-solo-un-dia\\\/\",\"url\":\"https:\\\/\\\/zonacaral.gob.pe\\\/es\\\/noticias\\\/retocaral-conocer-caral-aspero-y-vichama-en-solo-un-dia\\\/\",\"name\":\"#RetoCaral: conocer Caral, \u00c1spero y Vichama en s\u00f3lo un d\u00eda\",\"isPartOf\":{\"@id\":\"https:\\\/\\\/zonacaral.gob.pe\\\/es\\\/#website\"},\"primaryImageOfPage\":{\"@id\":\"https:\\\/\\\/zonacaral.gob.pe\\\/es\\\/noticias\\\/retocaral-conocer-caral-aspero-y-vichama-en-solo-un-dia\\\/#primaryimage\"},\"image\":{\"@id\":\"https:\\\/\\\/zonacaral.gob.pe\\\/es\\\/noticias\\\/retocaral-conocer-caral-aspero-y-vichama-en-solo-un-dia\\\/#primaryimage\"},\"thumbnailUrl\":\"https:\\\/\\\/zonacaral.gob.pe\\\/wp-content\\\/uploads\\\/2019\\\/01\\\/reto-caral-1.jpg\",\"datePublished\":\"2019-01-17T20:36:01+00:00\",\"author\":{\"@id\":\"https:\\\/\\\/zonacaral.gob.pe\\\/es\\\/#\\\/schema\\\/person\\\/beddb4d22f71a7230c5b90913270a0ee\"},\"description\":\"\u00bfEres amante de la aventura, de la naturaleza y de nuestro pa\u00eds? Te retamos a realizar este viaje. El \u201cReto Caral\u201d busca que la poblaci\u00f3n, en general, se interese m\u00e1s por nuestra cultura visitando tres sitios arqueol\u00f3gicos de la Civilizaci\u00f3n Caral,\",\"breadcrumb\":{\"@id\":\"https:\\\/\\\/zonacaral.gob.pe\\\/es\\\/noticias\\\/retocaral-conocer-caral-aspero-y-vichama-en-solo-un-dia\\\/#breadcrumb\"},\"inLanguage\":\"en-US\",\"potentialAction\":[{\"@type\":\"ReadAction\",\"target\":[\"https:\\\/\\\/zonacaral.gob.pe\\\/es\\\/noticias\\\/retocaral-conocer-caral-aspero-y-vichama-en-solo-un-dia\\\/\"]}]},{\"@type\":\"ImageObject\",\"inLanguage\":\"en-US\",\"@id\":\"https:\\\/\\\/zonacaral.gob.pe\\\/es\\\/noticias\\\/retocaral-conocer-caral-aspero-y-vichama-en-solo-un-dia\\\/#primaryimage\",\"url\":\"https:\\\/\\\/zonacaral.gob.pe\\\/wp-content\\\/uploads\\\/2019\\\/01\\\/reto-caral-1.jpg\",\"contentUrl\":\"https:\\\/\\\/zonacaral.gob.pe\\\/wp-content\\\/uploads\\\/2019\\\/01\\\/reto-caral-1.jpg\",\"width\":810,\"height\":410},{\"@type\":\"BreadcrumbList\",\"@id\":\"https:\\\/\\\/zonacaral.gob.pe\\\/es\\\/noticias\\\/retocaral-conocer-caral-aspero-y-vichama-en-solo-un-dia\\\/#breadcrumb\",\"itemListElement\":[{\"@type\":\"ListItem\",\"position\":1,\"name\":\"Portada\",\"item\":\"https:\\\/\\\/zonacaral.gob.pe\\\/\"},{\"@type\":\"ListItem\",\"position\":2,\"name\":\"#RetoCaral: conocer Caral, \u00c1spero y Vichama en s\u00f3lo un d\u00eda\"}]},{\"@type\":\"WebSite\",\"@id\":\"https:\\\/\\\/zonacaral.gob.pe\\\/es\\\/#website\",\"url\":\"https:\\\/\\\/zonacaral.gob.pe\\\/es\\\/\",\"name\":\"Zona Caral\",\"description\":\"Investigamos, conservamos y difundimos el patrimonio cultural de la Civilizaci\u00f3n Caral, la m\u00e1s antigua de Am\u00e9rica.\",\"potentialAction\":[{\"@type\":\"SearchAction\",\"target\":{\"@type\":\"EntryPoint\",\"urlTemplate\":\"https:\\\/\\\/zonacaral.gob.pe\\\/es\\\/?s={search_term_string}\"},\"query-input\":{\"@type\":\"PropertyValueSpecification\",\"valueRequired\":true,\"valueName\":\"search_term_string\"}}],\"inLanguage\":\"en-US\"},{\"@type\":\"Person\",\"@id\":\"https:\\\/\\\/zonacaral.gob.pe\\\/es\\\/#\\\/schema\\\/person\\\/beddb4d22f71a7230c5b90913270a0ee\",\"name\":\"Zona Caral Administrador\",\"image\":{\"@type\":\"ImageObject\",\"inLanguage\":\"en-US\",\"@id\":\"https:\\\/\\\/secure.gravatar.com\\\/avatar\\\/e4be162918a696358376de6446614e0f0f4062bdc5d170d6d540ada3d8b58c12?s=96&d=mm&r=g\",\"url\":\"https:\\\/\\\/secure.gravatar.com\\\/avatar\\\/e4be162918a696358376de6446614e0f0f4062bdc5d170d6d540ada3d8b58c12?s=96&d=mm&r=g\",\"contentUrl\":\"https:\\\/\\\/secure.gravatar.com\\\/avatar\\\/e4be162918a696358376de6446614e0f0f4062bdc5d170d6d540ada3d8b58c12?s=96&d=mm&r=g\",\"caption\":\"Zona Caral Administrador\"},\"sameAs\":[\"https:\\\/\\\/zonacaral.gob.pe\"],\"url\":\"https:\\\/\\\/zonacaral.gob.pe\\\/en\\\/noticias\\\/author\\\/ad_zonacaral\\\/\"}]}<\/script>\n<!-- \/ Yoast SEO plugin. -->","yoast_head_json":{"title":"#RetoCaral: conocer Caral, \u00c1spero y Vichama en s\u00f3lo un d\u00eda","description":"\u00bfEres amante de la aventura, de la naturaleza y de nuestro pa\u00eds? Te retamos a realizar este viaje. El \u201cReto Caral\u201d busca que la poblaci\u00f3n, en general, se interese m\u00e1s por nuestra cultura visitando tres sitios arqueol\u00f3gicos de la Civilizaci\u00f3n Caral,","robots":{"index":"index","follow":"follow","max-snippet":"max-snippet:-1","max-image-preview":"max-image-preview:large","max-video-preview":"max-video-preview:-1"},"canonical":"https:\/\/zonacaral.gob.pe\/en\/noticias\/retocaral-conocer-caral-aspero-y-vichama-en-solo-un-dia\/","og_locale":"en_US","og_type":"article","og_title":"#RetoCaral: conocer Caral, \u00c1spero y Vichama en s\u00f3lo un d\u00eda","og_description":"\u00bfEres amante de la aventura, de la naturaleza y de nuestro pa\u00eds? Te retamos a realizar este viaje. El \u201cReto Caral\u201d busca que la poblaci\u00f3n, en general, se interese m\u00e1s por nuestra cultura visitando tres sitios arqueol\u00f3gicos de la Civilizaci\u00f3n Caral,","og_url":"https:\/\/zonacaral.gob.pe\/en\/noticias\/retocaral-conocer-caral-aspero-y-vichama-en-solo-un-dia\/","og_site_name":"Zona Caral","article_published_time":"2019-01-17T20:36:01+00:00","og_image":[{"width":810,"height":410,"url":"https:\/\/zonacaral.gob.pe\/wp-content\/uploads\/2019\/01\/reto-caral-1.jpg","type":"image\/jpeg"}],"author":"Zona Caral Administrador","twitter_card":"summary_large_image","twitter_misc":{"Written by":"Zona Caral Administrador","Est. reading time":"2 minutes"},"schema":{"@context":"https:\/\/schema.org","@graph":[{"@type":"Article","@id":"https:\/\/zonacaral.gob.pe\/es\/noticias\/retocaral-conocer-caral-aspero-y-vichama-en-solo-un-dia\/#article","isPartOf":{"@id":"https:\/\/zonacaral.gob.pe\/es\/noticias\/retocaral-conocer-caral-aspero-y-vichama-en-solo-un-dia\/"},"author":{"name":"Zona Caral Administrador","@id":"https:\/\/zonacaral.gob.pe\/es\/#\/schema\/person\/beddb4d22f71a7230c5b90913270a0ee"},"headline":"#RetoCaral: conocer Caral, \u00c1spero y Vichama en s\u00f3lo un d\u00eda","datePublished":"2019-01-17T20:36:01+00:00","mainEntityOfPage":{"@id":"https:\/\/zonacaral.gob.pe\/es\/noticias\/retocaral-conocer-caral-aspero-y-vichama-en-solo-un-dia\/"},"wordCount":472,"image":{"@id":"https:\/\/zonacaral.gob.pe\/es\/noticias\/retocaral-conocer-caral-aspero-y-vichama-en-solo-un-dia\/#primaryimage"},"thumbnailUrl":"https:\/\/zonacaral.gob.pe\/wp-content\/uploads\/2019\/01\/reto-caral-1.jpg","keywords":["Aspero","caral","vichama"],"articleSection":["noticias"],"inLanguage":"en-US"},{"@type":"WebPage","@id":"https:\/\/zonacaral.gob.pe\/es\/noticias\/retocaral-conocer-caral-aspero-y-vichama-en-solo-un-dia\/","url":"https:\/\/zonacaral.gob.pe\/es\/noticias\/retocaral-conocer-caral-aspero-y-vichama-en-solo-un-dia\/","name":"#RetoCaral: conocer Caral, \u00c1spero y Vichama en s\u00f3lo un d\u00eda","isPartOf":{"@id":"https:\/\/zonacaral.gob.pe\/es\/#website"},"primaryImageOfPage":{"@id":"https:\/\/zonacaral.gob.pe\/es\/noticias\/retocaral-conocer-caral-aspero-y-vichama-en-solo-un-dia\/#primaryimage"},"image":{"@id":"https:\/\/zonacaral.gob.pe\/es\/noticias\/retocaral-conocer-caral-aspero-y-vichama-en-solo-un-dia\/#primaryimage"},"thumbnailUrl":"https:\/\/zonacaral.gob.pe\/wp-content\/uploads\/2019\/01\/reto-caral-1.jpg","datePublished":"2019-01-17T20:36:01+00:00","author":{"@id":"https:\/\/zonacaral.gob.pe\/es\/#\/schema\/person\/beddb4d22f71a7230c5b90913270a0ee"},"description":"\u00bfEres amante de la aventura, de la naturaleza y de nuestro pa\u00eds? Te retamos a realizar este viaje. El \u201cReto Caral\u201d busca que la poblaci\u00f3n, en general, se interese m\u00e1s por nuestra cultura visitando tres sitios arqueol\u00f3gicos de la Civilizaci\u00f3n Caral,","breadcrumb":{"@id":"https:\/\/zonacaral.gob.pe\/es\/noticias\/retocaral-conocer-caral-aspero-y-vichama-en-solo-un-dia\/#breadcrumb"},"inLanguage":"en-US","potentialAction":[{"@type":"ReadAction","target":["https:\/\/zonacaral.gob.pe\/es\/noticias\/retocaral-conocer-caral-aspero-y-vichama-en-solo-un-dia\/"]}]},{"@type":"ImageObject","inLanguage":"en-US","@id":"https:\/\/zonacaral.gob.pe\/es\/noticias\/retocaral-conocer-caral-aspero-y-vichama-en-solo-un-dia\/#primaryimage","url":"https:\/\/zonacaral.gob.pe\/wp-content\/uploads\/2019\/01\/reto-caral-1.jpg","contentUrl":"https:\/\/zonacaral.gob.pe\/wp-content\/uploads\/2019\/01\/reto-caral-1.jpg","width":810,"height":410},{"@type":"BreadcrumbList","@id":"https:\/\/zonacaral.gob.pe\/es\/noticias\/retocaral-conocer-caral-aspero-y-vichama-en-solo-un-dia\/#breadcrumb","itemListElement":[{"@type":"ListItem","position":1,"name":"Portada","item":"https:\/\/zonacaral.gob.pe\/"},{"@type":"ListItem","position":2,"name":"#RetoCaral: conocer Caral, \u00c1spero y Vichama en s\u00f3lo un d\u00eda"}]},{"@type":"WebSite","@id":"https:\/\/zonacaral.gob.pe\/es\/#website","url":"https:\/\/zonacaral.gob.pe\/es\/","name":"Zona Caral","description":"Investigamos, conservamos y difundimos el patrimonio cultural de la Civilizaci\u00f3n Caral, la m\u00e1s antigua de Am\u00e9rica.","potentialAction":[{"@type":"SearchAction","target":{"@type":"EntryPoint","urlTemplate":"https:\/\/zonacaral.gob.pe\/es\/?s={search_term_string}"},"query-input":{"@type":"PropertyValueSpecification","valueRequired":true,"valueName":"search_term_string"}}],"inLanguage":"en-US"},{"@type":"Person","@id":"https:\/\/zonacaral.gob.pe\/es\/#\/schema\/person\/beddb4d22f71a7230c5b90913270a0ee","name":"Zona Caral Administrador","image":{"@type":"ImageObject","inLanguage":"en-US","@id":"https:\/\/secure.gravatar.com\/avatar\/e4be162918a696358376de6446614e0f0f4062bdc5d170d6d540ada3d8b58c12?s=96&d=mm&r=g","url":"https:\/\/secure.gravatar.com\/avatar\/e4be162918a696358376de6446614e0f0f4062bdc5d170d6d540ada3d8b58c12?s=96&d=mm&r=g","contentUrl":"https:\/\/secure.gravatar.com\/avatar\/e4be162918a696358376de6446614e0f0f4062bdc5d170d6d540ada3d8b58c12?s=96&d=mm&r=g","caption":"Zona Caral Administrador"},"sameAs":["https:\/\/zonacaral.gob.pe"],"url":"https:\/\/zonacaral.gob.pe\/en\/noticias\/author\/ad_zonacaral\/"}]}},"_links":{"self":[{"href":"https:\/\/zonacaral.gob.pe\/en\/wp-json\/wp\/v2\/posts\/13913","targetHints":{"allow":["GET"]}}],"collection":[{"href":"https:\/\/zonacaral.gob.pe\/en\/wp-json\/wp\/v2\/posts"}],"about":[{"href":"https:\/\/zonacaral.gob.pe\/en\/wp-json\/wp\/v2\/types\/post"}],"author":[{"embeddable":true,"href":"https:\/\/zonacaral.gob.pe\/en\/wp-json\/wp\/v2\/users\/1"}],"replies":[{"embeddable":true,"href":"https:\/\/zonacaral.gob.pe\/en\/wp-json\/wp\/v2\/comments?post=13913"}],"version-history":[{"count":0,"href":"https:\/\/zonacaral.gob.pe\/en\/wp-json\/wp\/v2\/posts\/13913\/revisions"}],"wp:featuredmedia":[{"embeddable":true,"href":"https:\/\/zonacaral.gob.pe\/en\/wp-json\/wp\/v2\/media\/13914"}],"wp:attachment":[{"href":"https:\/\/zonacaral.gob.pe\/en\/wp-json\/wp\/v2\/media?parent=13913"}],"wp:term":[{"taxonomy":"category","embeddable":true,"href":"https:\/\/zonacaral.gob.pe\/en\/wp-json\/wp\/v2\/categories?post=13913"},{"taxonomy":"post_tag","embeddable":true,"href":"https:\/\/zonacaral.gob.pe\/en\/wp-json\/wp\/v2\/tags?post=13913"}],"curies":[{"name":"wp","href":"https:\/\/api.w.org\/{rel}","templated":true}]}}