{"id":13942,"date":"2019-02-01T16:23:33","date_gmt":"2019-02-01T21:23:33","guid":{"rendered":"http:\/\/www.zonacaral.gob.pe\/?p=13942"},"modified":"2019-02-01T16:23:33","modified_gmt":"2019-02-01T21:23:33","slug":"atencion-inician-los-talleres-gratuitos-en-el-sitio-arqueologico-de-vichama","status":"publish","type":"post","link":"https:\/\/zonacaral.gob.pe\/en\/noticias\/atencion-inician-los-talleres-gratuitos-en-el-sitio-arqueologico-de-vichama\/","title":{"rendered":"Atenci\u00f3n: inician los talleres gratuitos en el sitio arqueol\u00f3gico de Vichama"},"content":{"rendered":"<figure class=\"pic-autor\" style=\"color: #4d4d4d; text-align: justify;\"><\/figure>\n<blockquote><p>Aprovecha las vacaciones o tus d\u00edas libres para conocer m\u00e1s de nuestra cultura con estos talleres 100% did\u00e1cticos.<\/p><\/blockquote>\n<p>La Zona Arqueol\u00f3gica Caral, UE 003 de Ministerio de Cultura, te invita este s\u00e1bado 2 y s\u00e1bado 9 de febrero, a participar de los talleres gratuitos de verano en el sitio arqueol\u00f3gico de Vichama, Ciudad Agropesquera de V\u00e9gueta, ubicado en la provincia de Huaura (Barranca \u2013 Lima).<\/p>\n<p>Las actividades denominadas: <strong>\u201cTALLER CULTURAL ART\u00cdSTICO PARA LOS NI\u00d1OS DE V\u00c9GUETA &#8211; VERANO 2019\u201d<\/strong>, se crearon con el objetivo de que la poblaci\u00f3n se identifique con su patrimonio cultural y la protejan. Asimismo, buscan transmitir los conocimientos que se produjeron en este importante sitio arqueol\u00f3gico, hace 3800 a\u00f1os.<\/p>\n<p><strong>ACTIVIDADES PROGRAMADAS<\/strong><\/p>\n<ul>\n<li>\u00a0S\u00e1bado 2 de febrero: Elaboraci\u00f3n de estatuillas \u00abModelando las Esculturas de Vichama de V\u00e9gueta.<\/li>\n<\/ul>\n<p>Lugar: Recepci\u00f3n del sitio arqueol\u00f3gico de Vichama.<\/p>\n<p>Hora: de 9:00 a.m. a 12:00 m.<\/p>\n<ul>\n<li>S\u00e1bado 9 de febrero: \u00abModelando las Esculturas de Vichama de V\u00e9gueta\u00bb: Pintado y horneado de las estatuillas.<\/li>\n<\/ul>\n<p>Lugar: \u00e1rea de recepci\u00f3n del sitio arqueol\u00f3gico Vichama.<\/p>\n<p>Hora: de 9:00 am a 12:00 m<\/p>\n<p>Vichama, fue puesto en valor hace 12 a\u00f1os, gracias a los trabajos de la Zona Arqueol\u00f3gica Caral, liderados por la doctora Ruth Shady; y hoy nos cuenta su importante historia de desarrollo. Los pobladores de este sitio elaboraron impresionantes relieves murales en sus edificios p\u00fablicos, con dise\u00f1os de seres antropomorfos e ictiomorfos, que se vinculan a una historia de cambio clim\u00e1tico.<\/p>\n<p><strong>DATOS<\/strong><\/p>\n<p>Se recomienda llevar bloqueador solar, sobrero de ala ancha, lentes de sol con protecci\u00f3n UV, agua y dinero en efectivo.<\/p>\n<p>Esta zona arqueol\u00f3gica est\u00e1 abierta al p\u00fablico de lunes a domingo, incluidos los d\u00edas feriados, de 9:00 a.m. a 5:00 p.m. El costo de ingreso es de S\/. 11.00 adultos, S\/. 4.00 estudiantes universitarios y profesores con identificaci\u00f3n, S\/. 1.00 ni\u00f1os (hasta los 12 a\u00f1os) y adultos mayores.<br \/>\nDesde Lima, Vichama se encuentra a dos horas y media, a la altura del kil\u00f3metro 159 de la Panamericana Norte. Sin embargo, una mejor manera de conocer Vichama es participando de los Viajes Educativos que organizamos. Inf\u00f3rmate m\u00e1s llamando al 205-2517 \/ 955-881-340 o en la web: <a href=\"\/en\/www.zonacaral.gob.pe\/viajes-educativos\/inscripciones\/\">zonacaral.gob.pe\/viajes-educativos\/inscripciones<\/a>.<\/p>\n<p>Compra alguna publicaci\u00f3n o recuerdo en: <a href=\"https:\/\/tienda.zonacaral.gob.pe\/%20\">https:\/\/tienda.zonacaral.gob.pe\/ <\/a><\/p>\n<p style=\"text-align: justify;\"><span style=\"color: #993300;\"><strong>Fuente<\/strong><strong>: Prensa ZAC<\/strong><\/span><\/p>\n<div style=\"color: #1f1f1f;\">\n<p style=\"text-align: justify;\">Fecha de publicaci\u00f3n: 01\/02\/2019<\/p>\n<\/div>","protected":false},"excerpt":{"rendered":"<p>Aprovecha las vacaciones o tus d\u00edas libres para conocer m\u00e1s de nuestra cultura con estos talleres 100% did\u00e1cticos. La Zona [&hellip;]<\/p>\n","protected":false},"author":1,"featured_media":13945,"comment_status":"closed","ping_status":"open","sticky":false,"template":"","format":"standard","meta":{"_acf_changed":false,"site-sidebar-layout":"default","site-content-layout":"","ast-site-content-layout":"default","site-content-style":"default","site-sidebar-style":"default","ast-global-header-display":"","ast-banner-title-visibility":"","ast-main-header-display":"","ast-hfb-above-header-display":"","ast-hfb-below-header-display":"","ast-hfb-mobile-header-display":"","site-post-title":"","ast-breadcrumbs-content":"","ast-featured-img":"","footer-sml-layout":"","ast-disable-related-posts":"","theme-transparent-header-meta":"","adv-header-id-meta":"","stick-header-meta":"","header-above-stick-meta":"","header-main-stick-meta":"","header-below-stick-meta":"","astra-migrate-meta-layouts":"default","ast-page-background-enabled":"default","ast-page-background-meta":{"desktop":{"background-color":"var(--ast-global-color-5)","background-image":"","background-repeat":"repeat","background-position":"center center","background-size":"auto","background-attachment":"scroll","background-type":"","background-media":"","overlay-type":"","overlay-color":"","overlay-opacity":"","overlay-gradient":""},"tablet":{"background-color":"","background-image":"","background-repeat":"repeat","background-position":"center center","background-size":"auto","background-attachment":"scroll","background-type":"","background-media":"","overlay-type":"","overlay-color":"","overlay-opacity":"","overlay-gradient":""},"mobile":{"background-color":"","background-image":"","background-repeat":"repeat","background-position":"center center","background-size":"auto","background-attachment":"scroll","background-type":"","background-media":"","overlay-type":"","overlay-color":"","overlay-opacity":"","overlay-gradient":""}},"ast-content-background-meta":{"desktop":{"background-color":"var(--ast-global-color-4)","background-image":"","background-repeat":"repeat","background-position":"center center","background-size":"auto","background-attachment":"scroll","background-type":"","background-media":"","overlay-type":"","overlay-color":"","overlay-opacity":"","overlay-gradient":""},"tablet":{"background-color":"var(--ast-global-color-4)","background-image":"","background-repeat":"repeat","background-position":"center center","background-size":"auto","background-attachment":"scroll","background-type":"","background-media":"","overlay-type":"","overlay-color":"","overlay-opacity":"","overlay-gradient":""},"mobile":{"background-color":"var(--ast-global-color-4)","background-image":"","background-repeat":"repeat","background-position":"center center","background-size":"auto","background-attachment":"scroll","background-type":"","background-media":"","overlay-type":"","overlay-color":"","overlay-opacity":"","overlay-gradient":""}},"footnotes":""},"categories":[208],"tags":[55],"class_list":["post-13942","post","type-post","status-publish","format-standard","has-post-thumbnail","hentry","category-noticias","tag-caral"],"acf":[],"yoast_head":"<!-- This site is optimized with the Yoast SEO plugin v27.3 - https:\/\/yoast.com\/product\/yoast-seo-wordpress\/ -->\n<title>Atenci\u00f3n: inician los talleres gratuitos en el sitio arqueol\u00f3gico de Vichama<\/title>\n<meta name=\"description\" content=\"Aprovecha las vacaciones o tus d\u00edas libres para conocer m\u00e1s de nuestra cultura con estos talleres 100% did\u00e1cticos.\" \/>\n<meta name=\"robots\" content=\"index, follow, max-snippet:-1, max-image-preview:large, max-video-preview:-1\" \/>\n<link rel=\"canonical\" href=\"https:\/\/zonacaral.gob.pe\/en\/noticias\/atencion-inician-los-talleres-gratuitos-en-el-sitio-arqueologico-de-vichama\/\" \/>\n<meta property=\"og:locale\" content=\"en_US\" \/>\n<meta property=\"og:type\" content=\"article\" \/>\n<meta property=\"og:title\" content=\"Atenci\u00f3n: inician los talleres gratuitos en el sitio arqueol\u00f3gico de Vichama\" \/>\n<meta property=\"og:description\" content=\"Aprovecha las vacaciones o tus d\u00edas libres para conocer m\u00e1s de nuestra cultura con estos talleres 100% did\u00e1cticos.\" \/>\n<meta property=\"og:url\" content=\"https:\/\/zonacaral.gob.pe\/en\/noticias\/atencion-inician-los-talleres-gratuitos-en-el-sitio-arqueologico-de-vichama\/\" \/>\n<meta property=\"og:site_name\" content=\"Zona Caral\" \/>\n<meta property=\"article:published_time\" content=\"2019-02-01T21:23:33+00:00\" \/>\n<meta property=\"og:image\" content=\"https:\/\/zonacaral.gob.pe\/wp-content\/uploads\/2019\/02\/talleres-2.jpg\" \/>\n\t<meta property=\"og:image:width\" content=\"810\" \/>\n\t<meta property=\"og:image:height\" content=\"410\" \/>\n\t<meta property=\"og:image:type\" content=\"image\/jpeg\" \/>\n<meta name=\"author\" content=\"Zona Caral Administrador\" \/>\n<meta name=\"twitter:card\" content=\"summary_large_image\" \/>\n<meta name=\"twitter:label1\" content=\"Written by\" \/>\n\t<meta name=\"twitter:data1\" content=\"Zona Caral Administrador\" \/>\n\t<meta name=\"twitter:label2\" content=\"Est. reading time\" \/>\n\t<meta name=\"twitter:data2\" content=\"2 minutes\" \/>\n<script type=\"application\/ld+json\" class=\"yoast-schema-graph\">{\"@context\":\"https:\\\/\\\/schema.org\",\"@graph\":[{\"@type\":\"Article\",\"@id\":\"https:\\\/\\\/zonacaral.gob.pe\\\/es\\\/noticias\\\/atencion-inician-los-talleres-gratuitos-en-el-sitio-arqueologico-de-vichama\\\/#article\",\"isPartOf\":{\"@id\":\"https:\\\/\\\/zonacaral.gob.pe\\\/es\\\/noticias\\\/atencion-inician-los-talleres-gratuitos-en-el-sitio-arqueologico-de-vichama\\\/\"},\"author\":{\"name\":\"Zona Caral Administrador\",\"@id\":\"https:\\\/\\\/zonacaral.gob.pe\\\/es\\\/#\\\/schema\\\/person\\\/beddb4d22f71a7230c5b90913270a0ee\"},\"headline\":\"Atenci\u00f3n: inician los talleres gratuitos en el sitio arqueol\u00f3gico de Vichama\",\"datePublished\":\"2019-02-01T21:23:33+00:00\",\"mainEntityOfPage\":{\"@id\":\"https:\\\/\\\/zonacaral.gob.pe\\\/es\\\/noticias\\\/atencion-inician-los-talleres-gratuitos-en-el-sitio-arqueologico-de-vichama\\\/\"},\"wordCount\":409,\"image\":{\"@id\":\"https:\\\/\\\/zonacaral.gob.pe\\\/es\\\/noticias\\\/atencion-inician-los-talleres-gratuitos-en-el-sitio-arqueologico-de-vichama\\\/#primaryimage\"},\"thumbnailUrl\":\"https:\\\/\\\/zonacaral.gob.pe\\\/wp-content\\\/uploads\\\/2019\\\/02\\\/talleres-2.jpg\",\"keywords\":[\"caral\"],\"articleSection\":[\"noticias\"],\"inLanguage\":\"en-US\"},{\"@type\":\"WebPage\",\"@id\":\"https:\\\/\\\/zonacaral.gob.pe\\\/es\\\/noticias\\\/atencion-inician-los-talleres-gratuitos-en-el-sitio-arqueologico-de-vichama\\\/\",\"url\":\"https:\\\/\\\/zonacaral.gob.pe\\\/es\\\/noticias\\\/atencion-inician-los-talleres-gratuitos-en-el-sitio-arqueologico-de-vichama\\\/\",\"name\":\"Atenci\u00f3n: inician los talleres gratuitos en el sitio arqueol\u00f3gico de Vichama\",\"isPartOf\":{\"@id\":\"https:\\\/\\\/zonacaral.gob.pe\\\/es\\\/#website\"},\"primaryImageOfPage\":{\"@id\":\"https:\\\/\\\/zonacaral.gob.pe\\\/es\\\/noticias\\\/atencion-inician-los-talleres-gratuitos-en-el-sitio-arqueologico-de-vichama\\\/#primaryimage\"},\"image\":{\"@id\":\"https:\\\/\\\/zonacaral.gob.pe\\\/es\\\/noticias\\\/atencion-inician-los-talleres-gratuitos-en-el-sitio-arqueologico-de-vichama\\\/#primaryimage\"},\"thumbnailUrl\":\"https:\\\/\\\/zonacaral.gob.pe\\\/wp-content\\\/uploads\\\/2019\\\/02\\\/talleres-2.jpg\",\"datePublished\":\"2019-02-01T21:23:33+00:00\",\"author\":{\"@id\":\"https:\\\/\\\/zonacaral.gob.pe\\\/es\\\/#\\\/schema\\\/person\\\/beddb4d22f71a7230c5b90913270a0ee\"},\"description\":\"Aprovecha las vacaciones o tus d\u00edas libres para conocer m\u00e1s de nuestra cultura con estos talleres 100% did\u00e1cticos.\",\"breadcrumb\":{\"@id\":\"https:\\\/\\\/zonacaral.gob.pe\\\/es\\\/noticias\\\/atencion-inician-los-talleres-gratuitos-en-el-sitio-arqueologico-de-vichama\\\/#breadcrumb\"},\"inLanguage\":\"en-US\",\"potentialAction\":[{\"@type\":\"ReadAction\",\"target\":[\"https:\\\/\\\/zonacaral.gob.pe\\\/es\\\/noticias\\\/atencion-inician-los-talleres-gratuitos-en-el-sitio-arqueologico-de-vichama\\\/\"]}]},{\"@type\":\"ImageObject\",\"inLanguage\":\"en-US\",\"@id\":\"https:\\\/\\\/zonacaral.gob.pe\\\/es\\\/noticias\\\/atencion-inician-los-talleres-gratuitos-en-el-sitio-arqueologico-de-vichama\\\/#primaryimage\",\"url\":\"https:\\\/\\\/zonacaral.gob.pe\\\/wp-content\\\/uploads\\\/2019\\\/02\\\/talleres-2.jpg\",\"contentUrl\":\"https:\\\/\\\/zonacaral.gob.pe\\\/wp-content\\\/uploads\\\/2019\\\/02\\\/talleres-2.jpg\",\"width\":810,\"height\":410},{\"@type\":\"BreadcrumbList\",\"@id\":\"https:\\\/\\\/zonacaral.gob.pe\\\/es\\\/noticias\\\/atencion-inician-los-talleres-gratuitos-en-el-sitio-arqueologico-de-vichama\\\/#breadcrumb\",\"itemListElement\":[{\"@type\":\"ListItem\",\"position\":1,\"name\":\"Portada\",\"item\":\"https:\\\/\\\/zonacaral.gob.pe\\\/\"},{\"@type\":\"ListItem\",\"position\":2,\"name\":\"Atenci\u00f3n: inician los talleres gratuitos en el sitio arqueol\u00f3gico de Vichama\"}]},{\"@type\":\"WebSite\",\"@id\":\"https:\\\/\\\/zonacaral.gob.pe\\\/es\\\/#website\",\"url\":\"https:\\\/\\\/zonacaral.gob.pe\\\/es\\\/\",\"name\":\"Zona Caral\",\"description\":\"Investigamos, conservamos y difundimos el patrimonio cultural de la Civilizaci\u00f3n Caral, la m\u00e1s antigua de Am\u00e9rica.\",\"potentialAction\":[{\"@type\":\"SearchAction\",\"target\":{\"@type\":\"EntryPoint\",\"urlTemplate\":\"https:\\\/\\\/zonacaral.gob.pe\\\/es\\\/?s={search_term_string}\"},\"query-input\":{\"@type\":\"PropertyValueSpecification\",\"valueRequired\":true,\"valueName\":\"search_term_string\"}}],\"inLanguage\":\"en-US\"},{\"@type\":\"Person\",\"@id\":\"https:\\\/\\\/zonacaral.gob.pe\\\/es\\\/#\\\/schema\\\/person\\\/beddb4d22f71a7230c5b90913270a0ee\",\"name\":\"Zona Caral Administrador\",\"image\":{\"@type\":\"ImageObject\",\"inLanguage\":\"en-US\",\"@id\":\"https:\\\/\\\/secure.gravatar.com\\\/avatar\\\/e4be162918a696358376de6446614e0f0f4062bdc5d170d6d540ada3d8b58c12?s=96&d=mm&r=g\",\"url\":\"https:\\\/\\\/secure.gravatar.com\\\/avatar\\\/e4be162918a696358376de6446614e0f0f4062bdc5d170d6d540ada3d8b58c12?s=96&d=mm&r=g\",\"contentUrl\":\"https:\\\/\\\/secure.gravatar.com\\\/avatar\\\/e4be162918a696358376de6446614e0f0f4062bdc5d170d6d540ada3d8b58c12?s=96&d=mm&r=g\",\"caption\":\"Zona Caral Administrador\"},\"sameAs\":[\"https:\\\/\\\/zonacaral.gob.pe\"],\"url\":\"https:\\\/\\\/zonacaral.gob.pe\\\/en\\\/noticias\\\/author\\\/ad_zonacaral\\\/\"}]}<\/script>\n<!-- \/ Yoast SEO plugin. -->","yoast_head_json":{"title":"Atenci\u00f3n: inician los talleres gratuitos en el sitio arqueol\u00f3gico de Vichama","description":"Aprovecha las vacaciones o tus d\u00edas libres para conocer m\u00e1s de nuestra cultura con estos talleres 100% did\u00e1cticos.","robots":{"index":"index","follow":"follow","max-snippet":"max-snippet:-1","max-image-preview":"max-image-preview:large","max-video-preview":"max-video-preview:-1"},"canonical":"https:\/\/zonacaral.gob.pe\/en\/noticias\/atencion-inician-los-talleres-gratuitos-en-el-sitio-arqueologico-de-vichama\/","og_locale":"en_US","og_type":"article","og_title":"Atenci\u00f3n: inician los talleres gratuitos en el sitio arqueol\u00f3gico de Vichama","og_description":"Aprovecha las vacaciones o tus d\u00edas libres para conocer m\u00e1s de nuestra cultura con estos talleres 100% did\u00e1cticos.","og_url":"https:\/\/zonacaral.gob.pe\/en\/noticias\/atencion-inician-los-talleres-gratuitos-en-el-sitio-arqueologico-de-vichama\/","og_site_name":"Zona Caral","article_published_time":"2019-02-01T21:23:33+00:00","og_image":[{"width":810,"height":410,"url":"https:\/\/zonacaral.gob.pe\/wp-content\/uploads\/2019\/02\/talleres-2.jpg","type":"image\/jpeg"}],"author":"Zona Caral Administrador","twitter_card":"summary_large_image","twitter_misc":{"Written by":"Zona Caral Administrador","Est. reading time":"2 minutes"},"schema":{"@context":"https:\/\/schema.org","@graph":[{"@type":"Article","@id":"https:\/\/zonacaral.gob.pe\/es\/noticias\/atencion-inician-los-talleres-gratuitos-en-el-sitio-arqueologico-de-vichama\/#article","isPartOf":{"@id":"https:\/\/zonacaral.gob.pe\/es\/noticias\/atencion-inician-los-talleres-gratuitos-en-el-sitio-arqueologico-de-vichama\/"},"author":{"name":"Zona Caral Administrador","@id":"https:\/\/zonacaral.gob.pe\/es\/#\/schema\/person\/beddb4d22f71a7230c5b90913270a0ee"},"headline":"Atenci\u00f3n: inician los talleres gratuitos en el sitio arqueol\u00f3gico de Vichama","datePublished":"2019-02-01T21:23:33+00:00","mainEntityOfPage":{"@id":"https:\/\/zonacaral.gob.pe\/es\/noticias\/atencion-inician-los-talleres-gratuitos-en-el-sitio-arqueologico-de-vichama\/"},"wordCount":409,"image":{"@id":"https:\/\/zonacaral.gob.pe\/es\/noticias\/atencion-inician-los-talleres-gratuitos-en-el-sitio-arqueologico-de-vichama\/#primaryimage"},"thumbnailUrl":"https:\/\/zonacaral.gob.pe\/wp-content\/uploads\/2019\/02\/talleres-2.jpg","keywords":["caral"],"articleSection":["noticias"],"inLanguage":"en-US"},{"@type":"WebPage","@id":"https:\/\/zonacaral.gob.pe\/es\/noticias\/atencion-inician-los-talleres-gratuitos-en-el-sitio-arqueologico-de-vichama\/","url":"https:\/\/zonacaral.gob.pe\/es\/noticias\/atencion-inician-los-talleres-gratuitos-en-el-sitio-arqueologico-de-vichama\/","name":"Atenci\u00f3n: inician los talleres gratuitos en el sitio arqueol\u00f3gico de Vichama","isPartOf":{"@id":"https:\/\/zonacaral.gob.pe\/es\/#website"},"primaryImageOfPage":{"@id":"https:\/\/zonacaral.gob.pe\/es\/noticias\/atencion-inician-los-talleres-gratuitos-en-el-sitio-arqueologico-de-vichama\/#primaryimage"},"image":{"@id":"https:\/\/zonacaral.gob.pe\/es\/noticias\/atencion-inician-los-talleres-gratuitos-en-el-sitio-arqueologico-de-vichama\/#primaryimage"},"thumbnailUrl":"https:\/\/zonacaral.gob.pe\/wp-content\/uploads\/2019\/02\/talleres-2.jpg","datePublished":"2019-02-01T21:23:33+00:00","author":{"@id":"https:\/\/zonacaral.gob.pe\/es\/#\/schema\/person\/beddb4d22f71a7230c5b90913270a0ee"},"description":"Aprovecha las vacaciones o tus d\u00edas libres para conocer m\u00e1s de nuestra cultura con estos talleres 100% did\u00e1cticos.","breadcrumb":{"@id":"https:\/\/zonacaral.gob.pe\/es\/noticias\/atencion-inician-los-talleres-gratuitos-en-el-sitio-arqueologico-de-vichama\/#breadcrumb"},"inLanguage":"en-US","potentialAction":[{"@type":"ReadAction","target":["https:\/\/zonacaral.gob.pe\/es\/noticias\/atencion-inician-los-talleres-gratuitos-en-el-sitio-arqueologico-de-vichama\/"]}]},{"@type":"ImageObject","inLanguage":"en-US","@id":"https:\/\/zonacaral.gob.pe\/es\/noticias\/atencion-inician-los-talleres-gratuitos-en-el-sitio-arqueologico-de-vichama\/#primaryimage","url":"https:\/\/zonacaral.gob.pe\/wp-content\/uploads\/2019\/02\/talleres-2.jpg","contentUrl":"https:\/\/zonacaral.gob.pe\/wp-content\/uploads\/2019\/02\/talleres-2.jpg","width":810,"height":410},{"@type":"BreadcrumbList","@id":"https:\/\/zonacaral.gob.pe\/es\/noticias\/atencion-inician-los-talleres-gratuitos-en-el-sitio-arqueologico-de-vichama\/#breadcrumb","itemListElement":[{"@type":"ListItem","position":1,"name":"Portada","item":"https:\/\/zonacaral.gob.pe\/"},{"@type":"ListItem","position":2,"name":"Atenci\u00f3n: inician los talleres gratuitos en el sitio arqueol\u00f3gico de Vichama"}]},{"@type":"WebSite","@id":"https:\/\/zonacaral.gob.pe\/es\/#website","url":"https:\/\/zonacaral.gob.pe\/es\/","name":"Zona Caral","description":"Investigamos, conservamos y difundimos el patrimonio cultural de la Civilizaci\u00f3n Caral, la m\u00e1s antigua de Am\u00e9rica.","potentialAction":[{"@type":"SearchAction","target":{"@type":"EntryPoint","urlTemplate":"https:\/\/zonacaral.gob.pe\/es\/?s={search_term_string}"},"query-input":{"@type":"PropertyValueSpecification","valueRequired":true,"valueName":"search_term_string"}}],"inLanguage":"en-US"},{"@type":"Person","@id":"https:\/\/zonacaral.gob.pe\/es\/#\/schema\/person\/beddb4d22f71a7230c5b90913270a0ee","name":"Zona Caral Administrador","image":{"@type":"ImageObject","inLanguage":"en-US","@id":"https:\/\/secure.gravatar.com\/avatar\/e4be162918a696358376de6446614e0f0f4062bdc5d170d6d540ada3d8b58c12?s=96&d=mm&r=g","url":"https:\/\/secure.gravatar.com\/avatar\/e4be162918a696358376de6446614e0f0f4062bdc5d170d6d540ada3d8b58c12?s=96&d=mm&r=g","contentUrl":"https:\/\/secure.gravatar.com\/avatar\/e4be162918a696358376de6446614e0f0f4062bdc5d170d6d540ada3d8b58c12?s=96&d=mm&r=g","caption":"Zona Caral Administrador"},"sameAs":["https:\/\/zonacaral.gob.pe"],"url":"https:\/\/zonacaral.gob.pe\/en\/noticias\/author\/ad_zonacaral\/"}]}},"_links":{"self":[{"href":"https:\/\/zonacaral.gob.pe\/en\/wp-json\/wp\/v2\/posts\/13942","targetHints":{"allow":["GET"]}}],"collection":[{"href":"https:\/\/zonacaral.gob.pe\/en\/wp-json\/wp\/v2\/posts"}],"about":[{"href":"https:\/\/zonacaral.gob.pe\/en\/wp-json\/wp\/v2\/types\/post"}],"author":[{"embeddable":true,"href":"https:\/\/zonacaral.gob.pe\/en\/wp-json\/wp\/v2\/users\/1"}],"replies":[{"embeddable":true,"href":"https:\/\/zonacaral.gob.pe\/en\/wp-json\/wp\/v2\/comments?post=13942"}],"version-history":[{"count":0,"href":"https:\/\/zonacaral.gob.pe\/en\/wp-json\/wp\/v2\/posts\/13942\/revisions"}],"wp:featuredmedia":[{"embeddable":true,"href":"https:\/\/zonacaral.gob.pe\/en\/wp-json\/wp\/v2\/media\/13945"}],"wp:attachment":[{"href":"https:\/\/zonacaral.gob.pe\/en\/wp-json\/wp\/v2\/media?parent=13942"}],"wp:term":[{"taxonomy":"category","embeddable":true,"href":"https:\/\/zonacaral.gob.pe\/en\/wp-json\/wp\/v2\/categories?post=13942"},{"taxonomy":"post_tag","embeddable":true,"href":"https:\/\/zonacaral.gob.pe\/en\/wp-json\/wp\/v2\/tags?post=13942"}],"curies":[{"name":"wp","href":"https:\/\/api.w.org\/{rel}","templated":true}]}}