{"id":13953,"date":"2019-02-04T18:12:40","date_gmt":"2019-02-04T23:12:40","guid":{"rendered":"http:\/\/www.zonacaral.gob.pe\/?p=13953"},"modified":"2019-02-04T18:12:40","modified_gmt":"2019-02-04T23:12:40","slug":"biblioteca-nacional-doctora-ruth-shady-brindo-exposicion-magistral-de-historia-y-la-civilizacion-caral","status":"publish","type":"post","link":"https:\/\/zonacaral.gob.pe\/en\/noticias\/biblioteca-nacional-doctora-ruth-shady-brindo-exposicion-magistral-de-historia-y-la-civilizacion-caral\/","title":{"rendered":"Biblioteca Nacional: doctora Ruth Shady brind\u00f3 exposici\u00f3n magistral de historia y la civilizaci\u00f3n Caral"},"content":{"rendered":"<figure class=\"pic-autor\" style=\"color: #4d4d4d; text-align: justify;\"><\/figure>\n<blockquote><p>En el evento organizado por dicha instituci\u00f3n, como parte de los cursos gratuitos que ofrecen sobre \u201cHistoria y Arte: Rumbo al Bicentenario\u201d.<\/p><\/blockquote>\n<p>La doctora Ruth Shady, directora de la Zona Arqueol\u00f3gica Caral, UE 003 del Ministerio de Cultura, brind\u00f3 una exposici\u00f3n magistral sobre historia y la Civilizaci\u00f3n Caral, a m\u00e1s de 400 personas, entre estudiantes universitarios, docentes, gestores culturales, historiadores, investigadores y p\u00fablico general, quienes se dieron cita, desde muy temprano, en la Biblioteca Nacional del Per\u00fa, sede San Borja.<\/p>\n<p>En su presentaci\u00f3n, la doctora Shady Sol\u00eds, sostuvo que es importante conocer nuestra historia \u201cpara generar reflexiones, saber qu\u00e9 es lo que nosotros fuimos en el pasado, que logros alcanzamos, por qu\u00e9 los hicimos, c\u00f3mo estamos ahora y qu\u00e9 cambios debemos promover, conociendo esa historia milenaria\u201d.<\/p>\n<p>\u201cNuestros antepasados buscaron generar una serie de tecnolog\u00edas y es as\u00ed como se fueron generando las distintas culturas\u2026 teniendo en cuenta las condiciones (geogr\u00e1ficas) muy especiales que tiene el Per\u00fa, por ejemplo, se encuentra atravesada por la Cordillera de los Andes, m\u00e1s una serie de fen\u00f3menos como el Anticicl\u00f3n del Pacifico Sur, los vientos alisios\u201d, agreg\u00f3.<\/p>\n<p>La arque\u00f3loga Ruth Shady expuso sobre la importancia que le dieron nuestros antepasados al manejo y cuidado de la tierra y el agua, y de c\u00f3mo fueron form\u00e1ndose las diferentes culturas en nuestro pa\u00eds, con gran interacci\u00f3n sociocultural que atraves\u00f3 las fronteras.<\/p>\n<p>Adem\u00e1s, present\u00f3 las investigaciones y hallazgos que realiz\u00f3 junto a su equipo, multidisciplinario, desde hace 25 a\u00f1os, entorno a Caral, la primera civilizaci\u00f3n de Am\u00e9rica, cuyo centro urbano principal fue la Ciudad Sagrada de Caral, edificada en el \u00e1rea norcentral del pa\u00eds, hace 5000 a\u00f1os.<\/p>\n<p>Al respecto, detall\u00f3 el por qu\u00e9 se llama civilizaci\u00f3n a Caral y todos avatares por los que pas\u00f3 para llegar a rescatar esa parte principal de nuestra historia y del desarrollo de nuestro pa\u00eds, pues sus diferentes conocimientos, t\u00e9cnicas constructivas, manejo territorial y relaciones interregionales, entre otras cosas, sirvieron para que nazcan y crezcan las posteriores culturas.<\/p>\n<p>Los asistentes realizaron diferentes preguntas a la doctora Shady, sobre su exposici\u00f3n y la felicitaron por su importante labor, ovacion\u00e1ndola con una serie de aplausos y gestos de admiraci\u00f3n. Uno de ellos, el de una menor de edad, llamada Mariely, quien pidi\u00f3 a su mam\u00e1 asistir al evento, pues quer\u00eda conocer sobre nuestra cultura y a la catedr\u00e1tica sanmarquina.<\/p>\n<p>\u201cVi sobre Caral en Internet, le\u00ed sobre ella y hoy quise venir a conocerla. Espero viajar a Caral y descubrir cosas tambi\u00e9n\u201d, dijo tras sacarse una foto con la arque\u00f3loga.<\/p>\n<p><strong>DATO<\/strong><\/p>\n<p>La Zona Arqueol\u00f3gica Caral, realiza cada fin de semana excursiones organizadas a los sitios arqueol\u00f3gicos de la Ciudad Sagrada de Caral, \u00c1spero y Vichama, con el objetivo de difundir y promover la protecci\u00f3n de nuestro patrimonio cultural. M\u00e1s informaci\u00f3n en: 2052-517 \/ 955881340 o en la web: zonacaral.gob.pe\/viajes-educativos\/inscripciones. Tambi\u00e9n puedes escribirnos a: viajeseducativos@zonacaral.gob.pe.<\/p>\n<p>Puedes comprar alguna publicaci\u00f3n o recuerdo en: <a href=\"https:\/\/tienda.zonacaral.gob.pe\/\">https:\/\/tienda.zonacaral.gob.pe\/<\/a><\/p>\n<p><strong>MIRA LA EXPOSICI\u00d3N AQU\u00cd:<\/strong><\/p>\n<p><iframe style=\"border: none; overflow: hidden;\" src=\"https:\/\/www.facebook.com\/plugins\/video.php?href=https%3A%2F%2Fwww.facebook.com%2FCARALPERU%2Fvideos%2F954753618246307%2F&amp;show_text=0&amp;width=560\" width=\"560\" height=\"400\" frameborder=\"0\" scrolling=\"no\" allowfullscreen=\"allowfullscreen\"><\/iframe><\/p>\n<p style=\"text-align: justify;\"><span style=\"color: #993300;\"><strong>Fuente<\/strong><strong>: Prensa ZAC<\/strong><\/span><\/p>\n<div style=\"color: #1f1f1f;\">\n<p style=\"text-align: justify;\">Fecha de publicaci\u00f3n: 04\/02\/2019<\/p>\n<\/div>","protected":false},"excerpt":{"rendered":"<p>En el evento organizado por dicha instituci\u00f3n, como parte de los cursos gratuitos que ofrecen sobre \u201cHistoria y Arte: Rumbo [&hellip;]<\/p>\n","protected":false},"author":1,"featured_media":13957,"comment_status":"closed","ping_status":"open","sticky":false,"template":"","format":"standard","meta":{"_acf_changed":false,"site-sidebar-layout":"default","site-content-layout":"","ast-site-content-layout":"default","site-content-style":"default","site-sidebar-style":"default","ast-global-header-display":"","ast-banner-title-visibility":"","ast-main-header-display":"","ast-hfb-above-header-display":"","ast-hfb-below-header-display":"","ast-hfb-mobile-header-display":"","site-post-title":"","ast-breadcrumbs-content":"","ast-featured-img":"","footer-sml-layout":"","ast-disable-related-posts":"","theme-transparent-header-meta":"","adv-header-id-meta":"","stick-header-meta":"","header-above-stick-meta":"","header-main-stick-meta":"","header-below-stick-meta":"","astra-migrate-meta-layouts":"default","ast-page-background-enabled":"default","ast-page-background-meta":{"desktop":{"background-color":"var(--ast-global-color-5)","background-image":"","background-repeat":"repeat","background-position":"center center","background-size":"auto","background-attachment":"scroll","background-type":"","background-media":"","overlay-type":"","overlay-color":"","overlay-opacity":"","overlay-gradient":""},"tablet":{"background-color":"","background-image":"","background-repeat":"repeat","background-position":"center center","background-size":"auto","background-attachment":"scroll","background-type":"","background-media":"","overlay-type":"","overlay-color":"","overlay-opacity":"","overlay-gradient":""},"mobile":{"background-color":"","background-image":"","background-repeat":"repeat","background-position":"center center","background-size":"auto","background-attachment":"scroll","background-type":"","background-media":"","overlay-type":"","overlay-color":"","overlay-opacity":"","overlay-gradient":""}},"ast-content-background-meta":{"desktop":{"background-color":"var(--ast-global-color-4)","background-image":"","background-repeat":"repeat","background-position":"center center","background-size":"auto","background-attachment":"scroll","background-type":"","background-media":"","overlay-type":"","overlay-color":"","overlay-opacity":"","overlay-gradient":""},"tablet":{"background-color":"var(--ast-global-color-4)","background-image":"","background-repeat":"repeat","background-position":"center center","background-size":"auto","background-attachment":"scroll","background-type":"","background-media":"","overlay-type":"","overlay-color":"","overlay-opacity":"","overlay-gradient":""},"mobile":{"background-color":"var(--ast-global-color-4)","background-image":"","background-repeat":"repeat","background-position":"center center","background-size":"auto","background-attachment":"scroll","background-type":"","background-media":"","overlay-type":"","overlay-color":"","overlay-opacity":"","overlay-gradient":""}},"footnotes":""},"categories":[208],"tags":[55,82],"class_list":["post-13953","post","type-post","status-publish","format-standard","has-post-thumbnail","hentry","category-noticias","tag-caral","tag-ruth-shady"],"acf":[],"yoast_head":"<!-- This site is optimized with the Yoast SEO plugin v27.3 - https:\/\/yoast.com\/product\/yoast-seo-wordpress\/ -->\n<title>Biblioteca Nacional: doctora Ruth Shady brind\u00f3 exposici\u00f3n magistral de historia y la civilizaci\u00f3n Caral<\/title>\n<meta name=\"description\" content=\"En el evento organizado por dicha instituci\u00f3n, como parte de los cursos gratuitos que ofrecen sobre \u201cHistoria y Arte: Rumbo al Bicentenario\u201d.\" \/>\n<meta name=\"robots\" content=\"index, follow, max-snippet:-1, max-image-preview:large, max-video-preview:-1\" \/>\n<link rel=\"canonical\" href=\"https:\/\/zonacaral.gob.pe\/en\/noticias\/biblioteca-nacional-doctora-ruth-shady-brindo-exposicion-magistral-de-historia-y-la-civilizacion-caral\/\" \/>\n<meta property=\"og:locale\" content=\"en_US\" \/>\n<meta property=\"og:type\" content=\"article\" \/>\n<meta property=\"og:title\" content=\"Biblioteca Nacional: doctora Ruth Shady brind\u00f3 exposici\u00f3n magistral de historia y la civilizaci\u00f3n Caral\" \/>\n<meta property=\"og:description\" content=\"En el evento organizado por dicha instituci\u00f3n, como parte de los cursos gratuitos que ofrecen sobre \u201cHistoria y Arte: Rumbo al Bicentenario\u201d.\" \/>\n<meta property=\"og:url\" content=\"https:\/\/zonacaral.gob.pe\/en\/noticias\/biblioteca-nacional-doctora-ruth-shady-brindo-exposicion-magistral-de-historia-y-la-civilizacion-caral\/\" \/>\n<meta property=\"og:site_name\" content=\"Zona Caral\" \/>\n<meta property=\"article:published_time\" content=\"2019-02-04T23:12:40+00:00\" \/>\n<meta property=\"og:image\" content=\"https:\/\/zonacaral.gob.pe\/wp-content\/uploads\/2019\/02\/dra-biblioteca.jpg\" \/>\n\t<meta property=\"og:image:width\" content=\"810\" \/>\n\t<meta property=\"og:image:height\" content=\"410\" \/>\n\t<meta property=\"og:image:type\" content=\"image\/jpeg\" \/>\n<meta name=\"author\" content=\"Zona Caral Administrador\" \/>\n<meta name=\"twitter:card\" content=\"summary_large_image\" \/>\n<meta name=\"twitter:label1\" content=\"Written by\" \/>\n\t<meta name=\"twitter:data1\" content=\"Zona Caral Administrador\" \/>\n\t<meta name=\"twitter:label2\" content=\"Est. reading time\" \/>\n\t<meta name=\"twitter:data2\" content=\"3 minutes\" \/>\n<script type=\"application\/ld+json\" class=\"yoast-schema-graph\">{\"@context\":\"https:\\\/\\\/schema.org\",\"@graph\":[{\"@type\":\"Article\",\"@id\":\"https:\\\/\\\/zonacaral.gob.pe\\\/es\\\/noticias\\\/biblioteca-nacional-doctora-ruth-shady-brindo-exposicion-magistral-de-historia-y-la-civilizacion-caral\\\/#article\",\"isPartOf\":{\"@id\":\"https:\\\/\\\/zonacaral.gob.pe\\\/es\\\/noticias\\\/biblioteca-nacional-doctora-ruth-shady-brindo-exposicion-magistral-de-historia-y-la-civilizacion-caral\\\/\"},\"author\":{\"name\":\"Zona Caral Administrador\",\"@id\":\"https:\\\/\\\/zonacaral.gob.pe\\\/es\\\/#\\\/schema\\\/person\\\/beddb4d22f71a7230c5b90913270a0ee\"},\"headline\":\"Biblioteca Nacional: doctora Ruth Shady brind\u00f3 exposici\u00f3n magistral de historia y la civilizaci\u00f3n Caral\",\"datePublished\":\"2019-02-04T23:12:40+00:00\",\"mainEntityOfPage\":{\"@id\":\"https:\\\/\\\/zonacaral.gob.pe\\\/es\\\/noticias\\\/biblioteca-nacional-doctora-ruth-shady-brindo-exposicion-magistral-de-historia-y-la-civilizacion-caral\\\/\"},\"wordCount\":552,\"image\":{\"@id\":\"https:\\\/\\\/zonacaral.gob.pe\\\/es\\\/noticias\\\/biblioteca-nacional-doctora-ruth-shady-brindo-exposicion-magistral-de-historia-y-la-civilizacion-caral\\\/#primaryimage\"},\"thumbnailUrl\":\"https:\\\/\\\/zonacaral.gob.pe\\\/wp-content\\\/uploads\\\/2019\\\/02\\\/dra-biblioteca.jpg\",\"keywords\":[\"caral\",\"Ruth Shady\"],\"articleSection\":[\"noticias\"],\"inLanguage\":\"en-US\"},{\"@type\":\"WebPage\",\"@id\":\"https:\\\/\\\/zonacaral.gob.pe\\\/es\\\/noticias\\\/biblioteca-nacional-doctora-ruth-shady-brindo-exposicion-magistral-de-historia-y-la-civilizacion-caral\\\/\",\"url\":\"https:\\\/\\\/zonacaral.gob.pe\\\/es\\\/noticias\\\/biblioteca-nacional-doctora-ruth-shady-brindo-exposicion-magistral-de-historia-y-la-civilizacion-caral\\\/\",\"name\":\"Biblioteca Nacional: doctora Ruth Shady brind\u00f3 exposici\u00f3n magistral de historia y la civilizaci\u00f3n Caral\",\"isPartOf\":{\"@id\":\"https:\\\/\\\/zonacaral.gob.pe\\\/es\\\/#website\"},\"primaryImageOfPage\":{\"@id\":\"https:\\\/\\\/zonacaral.gob.pe\\\/es\\\/noticias\\\/biblioteca-nacional-doctora-ruth-shady-brindo-exposicion-magistral-de-historia-y-la-civilizacion-caral\\\/#primaryimage\"},\"image\":{\"@id\":\"https:\\\/\\\/zonacaral.gob.pe\\\/es\\\/noticias\\\/biblioteca-nacional-doctora-ruth-shady-brindo-exposicion-magistral-de-historia-y-la-civilizacion-caral\\\/#primaryimage\"},\"thumbnailUrl\":\"https:\\\/\\\/zonacaral.gob.pe\\\/wp-content\\\/uploads\\\/2019\\\/02\\\/dra-biblioteca.jpg\",\"datePublished\":\"2019-02-04T23:12:40+00:00\",\"author\":{\"@id\":\"https:\\\/\\\/zonacaral.gob.pe\\\/es\\\/#\\\/schema\\\/person\\\/beddb4d22f71a7230c5b90913270a0ee\"},\"description\":\"En el evento organizado por dicha instituci\u00f3n, como parte de los cursos gratuitos que ofrecen sobre \u201cHistoria y Arte: Rumbo al Bicentenario\u201d.\",\"breadcrumb\":{\"@id\":\"https:\\\/\\\/zonacaral.gob.pe\\\/es\\\/noticias\\\/biblioteca-nacional-doctora-ruth-shady-brindo-exposicion-magistral-de-historia-y-la-civilizacion-caral\\\/#breadcrumb\"},\"inLanguage\":\"en-US\",\"potentialAction\":[{\"@type\":\"ReadAction\",\"target\":[\"https:\\\/\\\/zonacaral.gob.pe\\\/es\\\/noticias\\\/biblioteca-nacional-doctora-ruth-shady-brindo-exposicion-magistral-de-historia-y-la-civilizacion-caral\\\/\"]}]},{\"@type\":\"ImageObject\",\"inLanguage\":\"en-US\",\"@id\":\"https:\\\/\\\/zonacaral.gob.pe\\\/es\\\/noticias\\\/biblioteca-nacional-doctora-ruth-shady-brindo-exposicion-magistral-de-historia-y-la-civilizacion-caral\\\/#primaryimage\",\"url\":\"https:\\\/\\\/zonacaral.gob.pe\\\/wp-content\\\/uploads\\\/2019\\\/02\\\/dra-biblioteca.jpg\",\"contentUrl\":\"https:\\\/\\\/zonacaral.gob.pe\\\/wp-content\\\/uploads\\\/2019\\\/02\\\/dra-biblioteca.jpg\",\"width\":810,\"height\":410},{\"@type\":\"BreadcrumbList\",\"@id\":\"https:\\\/\\\/zonacaral.gob.pe\\\/es\\\/noticias\\\/biblioteca-nacional-doctora-ruth-shady-brindo-exposicion-magistral-de-historia-y-la-civilizacion-caral\\\/#breadcrumb\",\"itemListElement\":[{\"@type\":\"ListItem\",\"position\":1,\"name\":\"Portada\",\"item\":\"https:\\\/\\\/zonacaral.gob.pe\\\/\"},{\"@type\":\"ListItem\",\"position\":2,\"name\":\"Biblioteca Nacional: doctora Ruth Shady brind\u00f3 exposici\u00f3n magistral de historia y la civilizaci\u00f3n Caral\"}]},{\"@type\":\"WebSite\",\"@id\":\"https:\\\/\\\/zonacaral.gob.pe\\\/es\\\/#website\",\"url\":\"https:\\\/\\\/zonacaral.gob.pe\\\/es\\\/\",\"name\":\"Zona Caral\",\"description\":\"Investigamos, conservamos y difundimos el patrimonio cultural de la Civilizaci\u00f3n Caral, la m\u00e1s antigua de Am\u00e9rica.\",\"potentialAction\":[{\"@type\":\"SearchAction\",\"target\":{\"@type\":\"EntryPoint\",\"urlTemplate\":\"https:\\\/\\\/zonacaral.gob.pe\\\/es\\\/?s={search_term_string}\"},\"query-input\":{\"@type\":\"PropertyValueSpecification\",\"valueRequired\":true,\"valueName\":\"search_term_string\"}}],\"inLanguage\":\"en-US\"},{\"@type\":\"Person\",\"@id\":\"https:\\\/\\\/zonacaral.gob.pe\\\/es\\\/#\\\/schema\\\/person\\\/beddb4d22f71a7230c5b90913270a0ee\",\"name\":\"Zona Caral Administrador\",\"image\":{\"@type\":\"ImageObject\",\"inLanguage\":\"en-US\",\"@id\":\"https:\\\/\\\/secure.gravatar.com\\\/avatar\\\/e4be162918a696358376de6446614e0f0f4062bdc5d170d6d540ada3d8b58c12?s=96&d=mm&r=g\",\"url\":\"https:\\\/\\\/secure.gravatar.com\\\/avatar\\\/e4be162918a696358376de6446614e0f0f4062bdc5d170d6d540ada3d8b58c12?s=96&d=mm&r=g\",\"contentUrl\":\"https:\\\/\\\/secure.gravatar.com\\\/avatar\\\/e4be162918a696358376de6446614e0f0f4062bdc5d170d6d540ada3d8b58c12?s=96&d=mm&r=g\",\"caption\":\"Zona Caral Administrador\"},\"sameAs\":[\"https:\\\/\\\/zonacaral.gob.pe\"],\"url\":\"https:\\\/\\\/zonacaral.gob.pe\\\/en\\\/noticias\\\/author\\\/ad_zonacaral\\\/\"}]}<\/script>\n<!-- \/ Yoast SEO plugin. -->","yoast_head_json":{"title":"Biblioteca Nacional: doctora Ruth Shady brind\u00f3 exposici\u00f3n magistral de historia y la civilizaci\u00f3n Caral","description":"En el evento organizado por dicha instituci\u00f3n, como parte de los cursos gratuitos que ofrecen sobre \u201cHistoria y Arte: Rumbo al Bicentenario\u201d.","robots":{"index":"index","follow":"follow","max-snippet":"max-snippet:-1","max-image-preview":"max-image-preview:large","max-video-preview":"max-video-preview:-1"},"canonical":"https:\/\/zonacaral.gob.pe\/en\/noticias\/biblioteca-nacional-doctora-ruth-shady-brindo-exposicion-magistral-de-historia-y-la-civilizacion-caral\/","og_locale":"en_US","og_type":"article","og_title":"Biblioteca Nacional: doctora Ruth Shady brind\u00f3 exposici\u00f3n magistral de historia y la civilizaci\u00f3n Caral","og_description":"En el evento organizado por dicha instituci\u00f3n, como parte de los cursos gratuitos que ofrecen sobre \u201cHistoria y Arte: Rumbo al Bicentenario\u201d.","og_url":"https:\/\/zonacaral.gob.pe\/en\/noticias\/biblioteca-nacional-doctora-ruth-shady-brindo-exposicion-magistral-de-historia-y-la-civilizacion-caral\/","og_site_name":"Zona Caral","article_published_time":"2019-02-04T23:12:40+00:00","og_image":[{"width":810,"height":410,"url":"https:\/\/zonacaral.gob.pe\/wp-content\/uploads\/2019\/02\/dra-biblioteca.jpg","type":"image\/jpeg"}],"author":"Zona Caral Administrador","twitter_card":"summary_large_image","twitter_misc":{"Written by":"Zona Caral Administrador","Est. reading time":"3 minutes"},"schema":{"@context":"https:\/\/schema.org","@graph":[{"@type":"Article","@id":"https:\/\/zonacaral.gob.pe\/es\/noticias\/biblioteca-nacional-doctora-ruth-shady-brindo-exposicion-magistral-de-historia-y-la-civilizacion-caral\/#article","isPartOf":{"@id":"https:\/\/zonacaral.gob.pe\/es\/noticias\/biblioteca-nacional-doctora-ruth-shady-brindo-exposicion-magistral-de-historia-y-la-civilizacion-caral\/"},"author":{"name":"Zona Caral Administrador","@id":"https:\/\/zonacaral.gob.pe\/es\/#\/schema\/person\/beddb4d22f71a7230c5b90913270a0ee"},"headline":"Biblioteca Nacional: doctora Ruth Shady brind\u00f3 exposici\u00f3n magistral de historia y la civilizaci\u00f3n Caral","datePublished":"2019-02-04T23:12:40+00:00","mainEntityOfPage":{"@id":"https:\/\/zonacaral.gob.pe\/es\/noticias\/biblioteca-nacional-doctora-ruth-shady-brindo-exposicion-magistral-de-historia-y-la-civilizacion-caral\/"},"wordCount":552,"image":{"@id":"https:\/\/zonacaral.gob.pe\/es\/noticias\/biblioteca-nacional-doctora-ruth-shady-brindo-exposicion-magistral-de-historia-y-la-civilizacion-caral\/#primaryimage"},"thumbnailUrl":"https:\/\/zonacaral.gob.pe\/wp-content\/uploads\/2019\/02\/dra-biblioteca.jpg","keywords":["caral","Ruth Shady"],"articleSection":["noticias"],"inLanguage":"en-US"},{"@type":"WebPage","@id":"https:\/\/zonacaral.gob.pe\/es\/noticias\/biblioteca-nacional-doctora-ruth-shady-brindo-exposicion-magistral-de-historia-y-la-civilizacion-caral\/","url":"https:\/\/zonacaral.gob.pe\/es\/noticias\/biblioteca-nacional-doctora-ruth-shady-brindo-exposicion-magistral-de-historia-y-la-civilizacion-caral\/","name":"Biblioteca Nacional: doctora Ruth Shady brind\u00f3 exposici\u00f3n magistral de historia y la civilizaci\u00f3n Caral","isPartOf":{"@id":"https:\/\/zonacaral.gob.pe\/es\/#website"},"primaryImageOfPage":{"@id":"https:\/\/zonacaral.gob.pe\/es\/noticias\/biblioteca-nacional-doctora-ruth-shady-brindo-exposicion-magistral-de-historia-y-la-civilizacion-caral\/#primaryimage"},"image":{"@id":"https:\/\/zonacaral.gob.pe\/es\/noticias\/biblioteca-nacional-doctora-ruth-shady-brindo-exposicion-magistral-de-historia-y-la-civilizacion-caral\/#primaryimage"},"thumbnailUrl":"https:\/\/zonacaral.gob.pe\/wp-content\/uploads\/2019\/02\/dra-biblioteca.jpg","datePublished":"2019-02-04T23:12:40+00:00","author":{"@id":"https:\/\/zonacaral.gob.pe\/es\/#\/schema\/person\/beddb4d22f71a7230c5b90913270a0ee"},"description":"En el evento organizado por dicha instituci\u00f3n, como parte de los cursos gratuitos que ofrecen sobre \u201cHistoria y Arte: Rumbo al Bicentenario\u201d.","breadcrumb":{"@id":"https:\/\/zonacaral.gob.pe\/es\/noticias\/biblioteca-nacional-doctora-ruth-shady-brindo-exposicion-magistral-de-historia-y-la-civilizacion-caral\/#breadcrumb"},"inLanguage":"en-US","potentialAction":[{"@type":"ReadAction","target":["https:\/\/zonacaral.gob.pe\/es\/noticias\/biblioteca-nacional-doctora-ruth-shady-brindo-exposicion-magistral-de-historia-y-la-civilizacion-caral\/"]}]},{"@type":"ImageObject","inLanguage":"en-US","@id":"https:\/\/zonacaral.gob.pe\/es\/noticias\/biblioteca-nacional-doctora-ruth-shady-brindo-exposicion-magistral-de-historia-y-la-civilizacion-caral\/#primaryimage","url":"https:\/\/zonacaral.gob.pe\/wp-content\/uploads\/2019\/02\/dra-biblioteca.jpg","contentUrl":"https:\/\/zonacaral.gob.pe\/wp-content\/uploads\/2019\/02\/dra-biblioteca.jpg","width":810,"height":410},{"@type":"BreadcrumbList","@id":"https:\/\/zonacaral.gob.pe\/es\/noticias\/biblioteca-nacional-doctora-ruth-shady-brindo-exposicion-magistral-de-historia-y-la-civilizacion-caral\/#breadcrumb","itemListElement":[{"@type":"ListItem","position":1,"name":"Portada","item":"https:\/\/zonacaral.gob.pe\/"},{"@type":"ListItem","position":2,"name":"Biblioteca Nacional: doctora Ruth Shady brind\u00f3 exposici\u00f3n magistral de historia y la civilizaci\u00f3n Caral"}]},{"@type":"WebSite","@id":"https:\/\/zonacaral.gob.pe\/es\/#website","url":"https:\/\/zonacaral.gob.pe\/es\/","name":"Zona Caral","description":"Investigamos, conservamos y difundimos el patrimonio cultural de la Civilizaci\u00f3n Caral, la m\u00e1s antigua de Am\u00e9rica.","potentialAction":[{"@type":"SearchAction","target":{"@type":"EntryPoint","urlTemplate":"https:\/\/zonacaral.gob.pe\/es\/?s={search_term_string}"},"query-input":{"@type":"PropertyValueSpecification","valueRequired":true,"valueName":"search_term_string"}}],"inLanguage":"en-US"},{"@type":"Person","@id":"https:\/\/zonacaral.gob.pe\/es\/#\/schema\/person\/beddb4d22f71a7230c5b90913270a0ee","name":"Zona Caral Administrador","image":{"@type":"ImageObject","inLanguage":"en-US","@id":"https:\/\/secure.gravatar.com\/avatar\/e4be162918a696358376de6446614e0f0f4062bdc5d170d6d540ada3d8b58c12?s=96&d=mm&r=g","url":"https:\/\/secure.gravatar.com\/avatar\/e4be162918a696358376de6446614e0f0f4062bdc5d170d6d540ada3d8b58c12?s=96&d=mm&r=g","contentUrl":"https:\/\/secure.gravatar.com\/avatar\/e4be162918a696358376de6446614e0f0f4062bdc5d170d6d540ada3d8b58c12?s=96&d=mm&r=g","caption":"Zona Caral Administrador"},"sameAs":["https:\/\/zonacaral.gob.pe"],"url":"https:\/\/zonacaral.gob.pe\/en\/noticias\/author\/ad_zonacaral\/"}]}},"_links":{"self":[{"href":"https:\/\/zonacaral.gob.pe\/en\/wp-json\/wp\/v2\/posts\/13953","targetHints":{"allow":["GET"]}}],"collection":[{"href":"https:\/\/zonacaral.gob.pe\/en\/wp-json\/wp\/v2\/posts"}],"about":[{"href":"https:\/\/zonacaral.gob.pe\/en\/wp-json\/wp\/v2\/types\/post"}],"author":[{"embeddable":true,"href":"https:\/\/zonacaral.gob.pe\/en\/wp-json\/wp\/v2\/users\/1"}],"replies":[{"embeddable":true,"href":"https:\/\/zonacaral.gob.pe\/en\/wp-json\/wp\/v2\/comments?post=13953"}],"version-history":[{"count":0,"href":"https:\/\/zonacaral.gob.pe\/en\/wp-json\/wp\/v2\/posts\/13953\/revisions"}],"wp:featuredmedia":[{"embeddable":true,"href":"https:\/\/zonacaral.gob.pe\/en\/wp-json\/wp\/v2\/media\/13957"}],"wp:attachment":[{"href":"https:\/\/zonacaral.gob.pe\/en\/wp-json\/wp\/v2\/media?parent=13953"}],"wp:term":[{"taxonomy":"category","embeddable":true,"href":"https:\/\/zonacaral.gob.pe\/en\/wp-json\/wp\/v2\/categories?post=13953"},{"taxonomy":"post_tag","embeddable":true,"href":"https:\/\/zonacaral.gob.pe\/en\/wp-json\/wp\/v2\/tags?post=13953"}],"curies":[{"name":"wp","href":"https:\/\/api.w.org\/{rel}","templated":true}]}}