{"id":13993,"date":"2019-02-18T12:01:11","date_gmt":"2019-02-18T17:01:11","guid":{"rendered":"http:\/\/www.zonacaral.gob.pe\/?p=13993"},"modified":"2019-02-18T12:01:11","modified_gmt":"2019-02-18T17:01:11","slug":"ruth-shady-ganadora-del-premio-nacional-por-las-mujeres-en-la-ciencia-del-concytec","status":"publish","type":"post","link":"https:\/\/zonacaral.gob.pe\/en\/noticias\/ruth-shady-ganadora-del-premio-nacional-por-las-mujeres-en-la-ciencia-del-concytec\/","title":{"rendered":"Ruth Shady, ganadora del premio NACIONAL \u201cPor las mujeres en la Ciencia\u201d del CONCYTEC"},"content":{"rendered":"<figure class=\"pic-autor\" style=\"color: #4d4d4d; text-align: justify;\"><\/figure>\n<blockquote><p>En concurso anual que busca empoderar a las mujeres en el campo de la ciencia y la tecnolog\u00eda.<\/p><\/blockquote>\n<p>La antrop\u00f3loga, arque\u00f3loga y educadora sanmarquina, Ruth Shady Sol\u00eds, gan\u00f3 el Premio Nacional L\u2019Or\u00e9al \u2013 UNESCO \u2013 CONCYTEC \u2013 ANC \u2013 \u201cPor las mujeres en la Ciencia\u201d 2018, promovido por el Fondo Nacional de Desarrollo Cient\u00edfico, Tecnol\u00f3gico y de Innovaci\u00f3n Tecnol\u00f3gica \u2013 FONDECYT, en el campo cient\u00edfico de Arqueolog\u00eda.<\/p>\n<p>Shady Sol\u00eds, directora de la Zona Arqueol\u00f3gica Caral, UE 003 del Ministerio de Cultura, se ha dedicado, desde el inicio de su carrera, a la investigaci\u00f3n de las sociedades andinas, a la puesta en valor del patrimonio arqueol\u00f3gico peruano y al tratamiento del mismo como un eje para el desarrollo social orientado al bienestar com\u00fan.<\/p>\n<p>Asimismo, el premio, es un merecido reconocimiento a su labor, en las investigaciones y hallazgos, en la Ciudad Sagrada de Caral, desde 1994, y en los diferentes centros urbanos que pertenecen a la civilizaci\u00f3n Caral, la m\u00e1s antigua de Am\u00e9rica.<\/p>\n<p>A lo largo de su carrera, la doctora Ruth Shady, ha sido reconocida por diversas instituciones, como la Presidencia del Consejo de Ministros, el Congreso de la Rep\u00fablica, entre otras entidades p\u00fablicas y privadas, las cuales valoran su importante aporte al patrimonio cultural del pa\u00eds.<\/p>\n<p>Del mismo modo, desde el 2012, es Punto Focal Peruano del programa Mujeres para la Ciencia de la Red Interamericana de Academias de Ciencias (IANAS, por sus siglas en ingl\u00e9s), desde donde promueve diversas acciones para impulsar la participaci\u00f3n de las mujeres en la ciencia.<\/p>\n<p>Cabe resaltar que, anualmente, el FONDECYT otorga dos premios con el objetivo estimular y reconocer el liderazgo, la excelencia cient\u00edfica y excepcional contribuci\u00f3n de las mujeres en la ciencia, con una trayectoria comprobada en actividades de investigaci\u00f3n.<\/p>\n<p>En ese sentido, otra de las ganadoras de este importante reconocimiento es Luz Mar\u00eda Paucar Menacho, doctora en Tecnolog\u00eda de Alimentos, en el campo cient\u00edfico de Ciencias de la Vida. Ella es profesora principal a dedicaci\u00f3n exclusiva de la Facultad de Ingenier\u00eda, Departamento Acad\u00e9mico de Ingenier\u00eda Agroindustrial de la Universidad Nacional del Santa, en Nuevo Chimbote.<\/p>\n<p><strong>DECLARACIONES<\/strong><\/p>\n<p>Al respecto, el director general de L&#8217;OREAL en Per\u00fa, Renato Abramovich, sostuvo: \u201cEstamos seguros que la mujer cumple un rol fundamental en el desarrollo de la ciencia y desde L\u2019Or\u00e9al tenemos la misi\u00f3n de difundirlo, visibilizarlo y potenciarlo para que cada vez sea mayor la participaci\u00f3n de la mujer en el campo cient\u00edfico. Estamos seguros que nuestras ganadoras ser\u00e1n gu\u00eda e inspiraci\u00f3n para muchas j\u00f3venes estudiantes en el pa\u00eds\u201d.<\/p>\n<p>Por su lado, Magaly Robalino Campos, representante de UNESCO en Per\u00fa dijo que \u201cuna de las principales prioridades de la UNESCO, en el marco de la Agenda para el Desarrollo Sostenible, es promover la igualdad entre ni\u00f1os y ni\u00f1as, hombres y mujeres\u201d.<\/p>\n<p>\u201cPara esto, es fundamental garantizar el acceso y la plena participaci\u00f3n de ni\u00f1as y mujeres en todos los \u00e1mbitos, promoviendo su talento y creatividad. La UNESCO est\u00e1 convencida del rol fundamental que cumplen las mujeres y las ni\u00f1as en las comunidades de ciencia y tecnolog\u00eda y que su participaci\u00f3n debe fortalecerse todos los d\u00edas\u201d, acot\u00f3.<\/p>\n<p>A su turno, Fabiola Le\u00f3n\u2013Velarde, presidenta del CONCYTEC, precis\u00f3 que este premio suma significativamente a las diversas acciones afirmativas que realiza la instituci\u00f3n que dirige a fin de motivar que m\u00e1s mujeres opten por una carrera cient\u00edfica y a la vez haya m\u00e1s ganadoras en los concursos que se financian.<\/p>\n<p>\u201cY estamos conformando un Consejo Consultivo que nos ayude a pensar en las mejores estrategias que debemos continuar poniendo en acci\u00f3n para que nos permitan dar m\u00e1s valor al conocimiento y aporte de las mujeres cient\u00edficas. Necesitamos m\u00e1s mujeres como Luz Mar\u00eda Paucar y Ruth Shady, que son un ejemplo para las nuevas generaciones y un gran orgullo para el pa\u00eds\u201d, agreg\u00f3.<\/p>\n<p><strong>DATO<\/strong><\/p>\n<p>Este a\u00f1o, la Ciudad Sagrada de Caral, nuestro Patrimonio Mundial, cumple 25 a\u00f1os de investigaci\u00f3n, conservaci\u00f3n y difusi\u00f3n. Las celebraciones de este importante acontecimiento se realizar\u00e1n el viernes 25 y s\u00e1bado 26 de octubre.<\/p>\n<p>Conoce m\u00e1s sobre Caral, viajando con nosotros. Inf\u00f3rmate en: 2052-517 \/ 955881340 o en la web: zonacaral.gob.pe\/viajes-educativos\/inscripciones. Tambi\u00e9n puedes escribirnos a: viajeseducativos@zonacaral.gob.pe.<\/p>\n<p>Puedes comprar nuestras publicaciones o alg\u00fan recuerdo en: <a href=\"https:\/\/tienda.zonacaral.gob.pe\/\">https:\/\/tienda.zonacaral.gob.pe\/<\/a>.<\/p>\n<p style=\"text-align: justify;\"><span style=\"color: #993300;\"><strong>Fuente<\/strong><strong>: Prensa ZAC<\/strong><\/span><\/p>\n<div style=\"color: #1f1f1f;\">\n<p style=\"text-align: justify;\">Fecha de publicaci\u00f3n: 18\/02\/2019<\/p>\n<\/div>","protected":false},"excerpt":{"rendered":"<p>En concurso anual que busca empoderar a las mujeres en el campo de la ciencia y la tecnolog\u00eda. La antrop\u00f3loga, [&hellip;]<\/p>\n","protected":false},"author":1,"featured_media":13994,"comment_status":"closed","ping_status":"open","sticky":false,"template":"","format":"standard","meta":{"_acf_changed":false,"site-sidebar-layout":"default","site-content-layout":"","ast-site-content-layout":"default","site-content-style":"default","site-sidebar-style":"default","ast-global-header-display":"","ast-banner-title-visibility":"","ast-main-header-display":"","ast-hfb-above-header-display":"","ast-hfb-below-header-display":"","ast-hfb-mobile-header-display":"","site-post-title":"","ast-breadcrumbs-content":"","ast-featured-img":"","footer-sml-layout":"","ast-disable-related-posts":"","theme-transparent-header-meta":"","adv-header-id-meta":"","stick-header-meta":"","header-above-stick-meta":"","header-main-stick-meta":"","header-below-stick-meta":"","astra-migrate-meta-layouts":"default","ast-page-background-enabled":"default","ast-page-background-meta":{"desktop":{"background-color":"var(--ast-global-color-5)","background-image":"","background-repeat":"repeat","background-position":"center center","background-size":"auto","background-attachment":"scroll","background-type":"","background-media":"","overlay-type":"","overlay-color":"","overlay-opacity":"","overlay-gradient":""},"tablet":{"background-color":"","background-image":"","background-repeat":"repeat","background-position":"center center","background-size":"auto","background-attachment":"scroll","background-type":"","background-media":"","overlay-type":"","overlay-color":"","overlay-opacity":"","overlay-gradient":""},"mobile":{"background-color":"","background-image":"","background-repeat":"repeat","background-position":"center center","background-size":"auto","background-attachment":"scroll","background-type":"","background-media":"","overlay-type":"","overlay-color":"","overlay-opacity":"","overlay-gradient":""}},"ast-content-background-meta":{"desktop":{"background-color":"var(--ast-global-color-4)","background-image":"","background-repeat":"repeat","background-position":"center center","background-size":"auto","background-attachment":"scroll","background-type":"","background-media":"","overlay-type":"","overlay-color":"","overlay-opacity":"","overlay-gradient":""},"tablet":{"background-color":"var(--ast-global-color-4)","background-image":"","background-repeat":"repeat","background-position":"center center","background-size":"auto","background-attachment":"scroll","background-type":"","background-media":"","overlay-type":"","overlay-color":"","overlay-opacity":"","overlay-gradient":""},"mobile":{"background-color":"var(--ast-global-color-4)","background-image":"","background-repeat":"repeat","background-position":"center center","background-size":"auto","background-attachment":"scroll","background-type":"","background-media":"","overlay-type":"","overlay-color":"","overlay-opacity":"","overlay-gradient":""}},"footnotes":""},"categories":[208],"tags":[127,141,82],"class_list":["post-13993","post","type-post","status-publish","format-standard","has-post-thumbnail","hentry","category-noticias","tag-arqueologia","tag-concytec","tag-ruth-shady"],"acf":[],"yoast_head":"<!-- This site is optimized with the Yoast SEO plugin v27.3 - https:\/\/yoast.com\/product\/yoast-seo-wordpress\/ -->\n<title>Ruth Shady, ganadora del premio NACIONAL \u201cPor las mujeres en la Ciencia\u201d del CONCYTEC<\/title>\n<meta name=\"description\" content=\"En concurso anual que busca empoderar a las mujeres en el campo de la ciencia y la tecnolog\u00eda.\" \/>\n<meta name=\"robots\" content=\"index, follow, max-snippet:-1, max-image-preview:large, max-video-preview:-1\" \/>\n<link rel=\"canonical\" href=\"https:\/\/zonacaral.gob.pe\/en\/noticias\/ruth-shady-ganadora-del-premio-nacional-por-las-mujeres-en-la-ciencia-del-concytec\/\" \/>\n<meta property=\"og:locale\" content=\"en_US\" \/>\n<meta property=\"og:type\" content=\"article\" \/>\n<meta property=\"og:title\" content=\"Ruth Shady, ganadora del premio NACIONAL \u201cPor las mujeres en la Ciencia\u201d del CONCYTEC\" \/>\n<meta property=\"og:description\" content=\"En concurso anual que busca empoderar a las mujeres en el campo de la ciencia y la tecnolog\u00eda.\" \/>\n<meta property=\"og:url\" content=\"https:\/\/zonacaral.gob.pe\/en\/noticias\/ruth-shady-ganadora-del-premio-nacional-por-las-mujeres-en-la-ciencia-del-concytec\/\" \/>\n<meta property=\"og:site_name\" content=\"Zona Caral\" \/>\n<meta property=\"article:published_time\" content=\"2019-02-18T17:01:11+00:00\" \/>\n<meta property=\"og:image\" content=\"https:\/\/zonacaral.gob.pe\/wp-content\/uploads\/2019\/02\/Ruth-shady-premio-loreal.jpg\" \/>\n\t<meta property=\"og:image:width\" content=\"810\" \/>\n\t<meta property=\"og:image:height\" content=\"410\" \/>\n\t<meta property=\"og:image:type\" content=\"image\/jpeg\" \/>\n<meta name=\"author\" content=\"Zona Caral Administrador\" \/>\n<meta name=\"twitter:card\" content=\"summary_large_image\" \/>\n<meta name=\"twitter:label1\" content=\"Written by\" \/>\n\t<meta name=\"twitter:data1\" content=\"Zona Caral Administrador\" \/>\n\t<meta name=\"twitter:label2\" content=\"Est. reading time\" \/>\n\t<meta name=\"twitter:data2\" content=\"4 minutes\" \/>\n<script type=\"application\/ld+json\" class=\"yoast-schema-graph\">{\"@context\":\"https:\\\/\\\/schema.org\",\"@graph\":[{\"@type\":\"Article\",\"@id\":\"https:\\\/\\\/zonacaral.gob.pe\\\/es\\\/noticias\\\/ruth-shady-ganadora-del-premio-nacional-por-las-mujeres-en-la-ciencia-del-concytec\\\/#article\",\"isPartOf\":{\"@id\":\"https:\\\/\\\/zonacaral.gob.pe\\\/es\\\/noticias\\\/ruth-shady-ganadora-del-premio-nacional-por-las-mujeres-en-la-ciencia-del-concytec\\\/\"},\"author\":{\"name\":\"Zona Caral Administrador\",\"@id\":\"https:\\\/\\\/zonacaral.gob.pe\\\/es\\\/#\\\/schema\\\/person\\\/beddb4d22f71a7230c5b90913270a0ee\"},\"headline\":\"Ruth Shady, ganadora del premio NACIONAL \u201cPor las mujeres en la Ciencia\u201d del CONCYTEC\",\"datePublished\":\"2019-02-18T17:01:11+00:00\",\"mainEntityOfPage\":{\"@id\":\"https:\\\/\\\/zonacaral.gob.pe\\\/es\\\/noticias\\\/ruth-shady-ganadora-del-premio-nacional-por-las-mujeres-en-la-ciencia-del-concytec\\\/\"},\"wordCount\":785,\"image\":{\"@id\":\"https:\\\/\\\/zonacaral.gob.pe\\\/es\\\/noticias\\\/ruth-shady-ganadora-del-premio-nacional-por-las-mujeres-en-la-ciencia-del-concytec\\\/#primaryimage\"},\"thumbnailUrl\":\"https:\\\/\\\/zonacaral.gob.pe\\\/wp-content\\\/uploads\\\/2019\\\/02\\\/Ruth-shady-premio-loreal.jpg\",\"keywords\":[\"arqueolog\u00eda\",\"concytec\",\"Ruth Shady\"],\"articleSection\":[\"noticias\"],\"inLanguage\":\"en-US\"},{\"@type\":\"WebPage\",\"@id\":\"https:\\\/\\\/zonacaral.gob.pe\\\/es\\\/noticias\\\/ruth-shady-ganadora-del-premio-nacional-por-las-mujeres-en-la-ciencia-del-concytec\\\/\",\"url\":\"https:\\\/\\\/zonacaral.gob.pe\\\/es\\\/noticias\\\/ruth-shady-ganadora-del-premio-nacional-por-las-mujeres-en-la-ciencia-del-concytec\\\/\",\"name\":\"Ruth Shady, ganadora del premio NACIONAL \u201cPor las mujeres en la Ciencia\u201d del CONCYTEC\",\"isPartOf\":{\"@id\":\"https:\\\/\\\/zonacaral.gob.pe\\\/es\\\/#website\"},\"primaryImageOfPage\":{\"@id\":\"https:\\\/\\\/zonacaral.gob.pe\\\/es\\\/noticias\\\/ruth-shady-ganadora-del-premio-nacional-por-las-mujeres-en-la-ciencia-del-concytec\\\/#primaryimage\"},\"image\":{\"@id\":\"https:\\\/\\\/zonacaral.gob.pe\\\/es\\\/noticias\\\/ruth-shady-ganadora-del-premio-nacional-por-las-mujeres-en-la-ciencia-del-concytec\\\/#primaryimage\"},\"thumbnailUrl\":\"https:\\\/\\\/zonacaral.gob.pe\\\/wp-content\\\/uploads\\\/2019\\\/02\\\/Ruth-shady-premio-loreal.jpg\",\"datePublished\":\"2019-02-18T17:01:11+00:00\",\"author\":{\"@id\":\"https:\\\/\\\/zonacaral.gob.pe\\\/es\\\/#\\\/schema\\\/person\\\/beddb4d22f71a7230c5b90913270a0ee\"},\"description\":\"En concurso anual que busca empoderar a las mujeres en el campo de la ciencia y la tecnolog\u00eda.\",\"breadcrumb\":{\"@id\":\"https:\\\/\\\/zonacaral.gob.pe\\\/es\\\/noticias\\\/ruth-shady-ganadora-del-premio-nacional-por-las-mujeres-en-la-ciencia-del-concytec\\\/#breadcrumb\"},\"inLanguage\":\"en-US\",\"potentialAction\":[{\"@type\":\"ReadAction\",\"target\":[\"https:\\\/\\\/zonacaral.gob.pe\\\/es\\\/noticias\\\/ruth-shady-ganadora-del-premio-nacional-por-las-mujeres-en-la-ciencia-del-concytec\\\/\"]}]},{\"@type\":\"ImageObject\",\"inLanguage\":\"en-US\",\"@id\":\"https:\\\/\\\/zonacaral.gob.pe\\\/es\\\/noticias\\\/ruth-shady-ganadora-del-premio-nacional-por-las-mujeres-en-la-ciencia-del-concytec\\\/#primaryimage\",\"url\":\"https:\\\/\\\/zonacaral.gob.pe\\\/wp-content\\\/uploads\\\/2019\\\/02\\\/Ruth-shady-premio-loreal.jpg\",\"contentUrl\":\"https:\\\/\\\/zonacaral.gob.pe\\\/wp-content\\\/uploads\\\/2019\\\/02\\\/Ruth-shady-premio-loreal.jpg\",\"width\":810,\"height\":410},{\"@type\":\"BreadcrumbList\",\"@id\":\"https:\\\/\\\/zonacaral.gob.pe\\\/es\\\/noticias\\\/ruth-shady-ganadora-del-premio-nacional-por-las-mujeres-en-la-ciencia-del-concytec\\\/#breadcrumb\",\"itemListElement\":[{\"@type\":\"ListItem\",\"position\":1,\"name\":\"Portada\",\"item\":\"https:\\\/\\\/zonacaral.gob.pe\\\/\"},{\"@type\":\"ListItem\",\"position\":2,\"name\":\"Ruth Shady, ganadora del premio NACIONAL \u201cPor las mujeres en la Ciencia\u201d del CONCYTEC\"}]},{\"@type\":\"WebSite\",\"@id\":\"https:\\\/\\\/zonacaral.gob.pe\\\/es\\\/#website\",\"url\":\"https:\\\/\\\/zonacaral.gob.pe\\\/es\\\/\",\"name\":\"Zona Caral\",\"description\":\"Investigamos, conservamos y difundimos el patrimonio cultural de la Civilizaci\u00f3n Caral, la m\u00e1s antigua de Am\u00e9rica.\",\"potentialAction\":[{\"@type\":\"SearchAction\",\"target\":{\"@type\":\"EntryPoint\",\"urlTemplate\":\"https:\\\/\\\/zonacaral.gob.pe\\\/es\\\/?s={search_term_string}\"},\"query-input\":{\"@type\":\"PropertyValueSpecification\",\"valueRequired\":true,\"valueName\":\"search_term_string\"}}],\"inLanguage\":\"en-US\"},{\"@type\":\"Person\",\"@id\":\"https:\\\/\\\/zonacaral.gob.pe\\\/es\\\/#\\\/schema\\\/person\\\/beddb4d22f71a7230c5b90913270a0ee\",\"name\":\"Zona Caral Administrador\",\"image\":{\"@type\":\"ImageObject\",\"inLanguage\":\"en-US\",\"@id\":\"https:\\\/\\\/secure.gravatar.com\\\/avatar\\\/e4be162918a696358376de6446614e0f0f4062bdc5d170d6d540ada3d8b58c12?s=96&d=mm&r=g\",\"url\":\"https:\\\/\\\/secure.gravatar.com\\\/avatar\\\/e4be162918a696358376de6446614e0f0f4062bdc5d170d6d540ada3d8b58c12?s=96&d=mm&r=g\",\"contentUrl\":\"https:\\\/\\\/secure.gravatar.com\\\/avatar\\\/e4be162918a696358376de6446614e0f0f4062bdc5d170d6d540ada3d8b58c12?s=96&d=mm&r=g\",\"caption\":\"Zona Caral Administrador\"},\"sameAs\":[\"https:\\\/\\\/zonacaral.gob.pe\"],\"url\":\"https:\\\/\\\/zonacaral.gob.pe\\\/en\\\/noticias\\\/author\\\/ad_zonacaral\\\/\"}]}<\/script>\n<!-- \/ Yoast SEO plugin. -->","yoast_head_json":{"title":"Ruth Shady, ganadora del premio NACIONAL \u201cPor las mujeres en la Ciencia\u201d del CONCYTEC","description":"En concurso anual que busca empoderar a las mujeres en el campo de la ciencia y la tecnolog\u00eda.","robots":{"index":"index","follow":"follow","max-snippet":"max-snippet:-1","max-image-preview":"max-image-preview:large","max-video-preview":"max-video-preview:-1"},"canonical":"https:\/\/zonacaral.gob.pe\/en\/noticias\/ruth-shady-ganadora-del-premio-nacional-por-las-mujeres-en-la-ciencia-del-concytec\/","og_locale":"en_US","og_type":"article","og_title":"Ruth Shady, ganadora del premio NACIONAL \u201cPor las mujeres en la Ciencia\u201d del CONCYTEC","og_description":"En concurso anual que busca empoderar a las mujeres en el campo de la ciencia y la tecnolog\u00eda.","og_url":"https:\/\/zonacaral.gob.pe\/en\/noticias\/ruth-shady-ganadora-del-premio-nacional-por-las-mujeres-en-la-ciencia-del-concytec\/","og_site_name":"Zona Caral","article_published_time":"2019-02-18T17:01:11+00:00","og_image":[{"width":810,"height":410,"url":"https:\/\/zonacaral.gob.pe\/wp-content\/uploads\/2019\/02\/Ruth-shady-premio-loreal.jpg","type":"image\/jpeg"}],"author":"Zona Caral Administrador","twitter_card":"summary_large_image","twitter_misc":{"Written by":"Zona Caral Administrador","Est. reading time":"4 minutes"},"schema":{"@context":"https:\/\/schema.org","@graph":[{"@type":"Article","@id":"https:\/\/zonacaral.gob.pe\/es\/noticias\/ruth-shady-ganadora-del-premio-nacional-por-las-mujeres-en-la-ciencia-del-concytec\/#article","isPartOf":{"@id":"https:\/\/zonacaral.gob.pe\/es\/noticias\/ruth-shady-ganadora-del-premio-nacional-por-las-mujeres-en-la-ciencia-del-concytec\/"},"author":{"name":"Zona Caral Administrador","@id":"https:\/\/zonacaral.gob.pe\/es\/#\/schema\/person\/beddb4d22f71a7230c5b90913270a0ee"},"headline":"Ruth Shady, ganadora del premio NACIONAL \u201cPor las mujeres en la Ciencia\u201d del CONCYTEC","datePublished":"2019-02-18T17:01:11+00:00","mainEntityOfPage":{"@id":"https:\/\/zonacaral.gob.pe\/es\/noticias\/ruth-shady-ganadora-del-premio-nacional-por-las-mujeres-en-la-ciencia-del-concytec\/"},"wordCount":785,"image":{"@id":"https:\/\/zonacaral.gob.pe\/es\/noticias\/ruth-shady-ganadora-del-premio-nacional-por-las-mujeres-en-la-ciencia-del-concytec\/#primaryimage"},"thumbnailUrl":"https:\/\/zonacaral.gob.pe\/wp-content\/uploads\/2019\/02\/Ruth-shady-premio-loreal.jpg","keywords":["arqueolog\u00eda","concytec","Ruth Shady"],"articleSection":["noticias"],"inLanguage":"en-US"},{"@type":"WebPage","@id":"https:\/\/zonacaral.gob.pe\/es\/noticias\/ruth-shady-ganadora-del-premio-nacional-por-las-mujeres-en-la-ciencia-del-concytec\/","url":"https:\/\/zonacaral.gob.pe\/es\/noticias\/ruth-shady-ganadora-del-premio-nacional-por-las-mujeres-en-la-ciencia-del-concytec\/","name":"Ruth Shady, ganadora del premio NACIONAL \u201cPor las mujeres en la Ciencia\u201d del CONCYTEC","isPartOf":{"@id":"https:\/\/zonacaral.gob.pe\/es\/#website"},"primaryImageOfPage":{"@id":"https:\/\/zonacaral.gob.pe\/es\/noticias\/ruth-shady-ganadora-del-premio-nacional-por-las-mujeres-en-la-ciencia-del-concytec\/#primaryimage"},"image":{"@id":"https:\/\/zonacaral.gob.pe\/es\/noticias\/ruth-shady-ganadora-del-premio-nacional-por-las-mujeres-en-la-ciencia-del-concytec\/#primaryimage"},"thumbnailUrl":"https:\/\/zonacaral.gob.pe\/wp-content\/uploads\/2019\/02\/Ruth-shady-premio-loreal.jpg","datePublished":"2019-02-18T17:01:11+00:00","author":{"@id":"https:\/\/zonacaral.gob.pe\/es\/#\/schema\/person\/beddb4d22f71a7230c5b90913270a0ee"},"description":"En concurso anual que busca empoderar a las mujeres en el campo de la ciencia y la tecnolog\u00eda.","breadcrumb":{"@id":"https:\/\/zonacaral.gob.pe\/es\/noticias\/ruth-shady-ganadora-del-premio-nacional-por-las-mujeres-en-la-ciencia-del-concytec\/#breadcrumb"},"inLanguage":"en-US","potentialAction":[{"@type":"ReadAction","target":["https:\/\/zonacaral.gob.pe\/es\/noticias\/ruth-shady-ganadora-del-premio-nacional-por-las-mujeres-en-la-ciencia-del-concytec\/"]}]},{"@type":"ImageObject","inLanguage":"en-US","@id":"https:\/\/zonacaral.gob.pe\/es\/noticias\/ruth-shady-ganadora-del-premio-nacional-por-las-mujeres-en-la-ciencia-del-concytec\/#primaryimage","url":"https:\/\/zonacaral.gob.pe\/wp-content\/uploads\/2019\/02\/Ruth-shady-premio-loreal.jpg","contentUrl":"https:\/\/zonacaral.gob.pe\/wp-content\/uploads\/2019\/02\/Ruth-shady-premio-loreal.jpg","width":810,"height":410},{"@type":"BreadcrumbList","@id":"https:\/\/zonacaral.gob.pe\/es\/noticias\/ruth-shady-ganadora-del-premio-nacional-por-las-mujeres-en-la-ciencia-del-concytec\/#breadcrumb","itemListElement":[{"@type":"ListItem","position":1,"name":"Portada","item":"https:\/\/zonacaral.gob.pe\/"},{"@type":"ListItem","position":2,"name":"Ruth Shady, ganadora del premio NACIONAL \u201cPor las mujeres en la Ciencia\u201d del CONCYTEC"}]},{"@type":"WebSite","@id":"https:\/\/zonacaral.gob.pe\/es\/#website","url":"https:\/\/zonacaral.gob.pe\/es\/","name":"Zona Caral","description":"Investigamos, conservamos y difundimos el patrimonio cultural de la Civilizaci\u00f3n Caral, la m\u00e1s antigua de Am\u00e9rica.","potentialAction":[{"@type":"SearchAction","target":{"@type":"EntryPoint","urlTemplate":"https:\/\/zonacaral.gob.pe\/es\/?s={search_term_string}"},"query-input":{"@type":"PropertyValueSpecification","valueRequired":true,"valueName":"search_term_string"}}],"inLanguage":"en-US"},{"@type":"Person","@id":"https:\/\/zonacaral.gob.pe\/es\/#\/schema\/person\/beddb4d22f71a7230c5b90913270a0ee","name":"Zona Caral Administrador","image":{"@type":"ImageObject","inLanguage":"en-US","@id":"https:\/\/secure.gravatar.com\/avatar\/e4be162918a696358376de6446614e0f0f4062bdc5d170d6d540ada3d8b58c12?s=96&d=mm&r=g","url":"https:\/\/secure.gravatar.com\/avatar\/e4be162918a696358376de6446614e0f0f4062bdc5d170d6d540ada3d8b58c12?s=96&d=mm&r=g","contentUrl":"https:\/\/secure.gravatar.com\/avatar\/e4be162918a696358376de6446614e0f0f4062bdc5d170d6d540ada3d8b58c12?s=96&d=mm&r=g","caption":"Zona Caral Administrador"},"sameAs":["https:\/\/zonacaral.gob.pe"],"url":"https:\/\/zonacaral.gob.pe\/en\/noticias\/author\/ad_zonacaral\/"}]}},"_links":{"self":[{"href":"https:\/\/zonacaral.gob.pe\/en\/wp-json\/wp\/v2\/posts\/13993","targetHints":{"allow":["GET"]}}],"collection":[{"href":"https:\/\/zonacaral.gob.pe\/en\/wp-json\/wp\/v2\/posts"}],"about":[{"href":"https:\/\/zonacaral.gob.pe\/en\/wp-json\/wp\/v2\/types\/post"}],"author":[{"embeddable":true,"href":"https:\/\/zonacaral.gob.pe\/en\/wp-json\/wp\/v2\/users\/1"}],"replies":[{"embeddable":true,"href":"https:\/\/zonacaral.gob.pe\/en\/wp-json\/wp\/v2\/comments?post=13993"}],"version-history":[{"count":0,"href":"https:\/\/zonacaral.gob.pe\/en\/wp-json\/wp\/v2\/posts\/13993\/revisions"}],"wp:featuredmedia":[{"embeddable":true,"href":"https:\/\/zonacaral.gob.pe\/en\/wp-json\/wp\/v2\/media\/13994"}],"wp:attachment":[{"href":"https:\/\/zonacaral.gob.pe\/en\/wp-json\/wp\/v2\/media?parent=13993"}],"wp:term":[{"taxonomy":"category","embeddable":true,"href":"https:\/\/zonacaral.gob.pe\/en\/wp-json\/wp\/v2\/categories?post=13993"},{"taxonomy":"post_tag","embeddable":true,"href":"https:\/\/zonacaral.gob.pe\/en\/wp-json\/wp\/v2\/tags?post=13993"}],"curies":[{"name":"wp","href":"https:\/\/api.w.org\/{rel}","templated":true}]}}