{"id":14028,"date":"2019-03-11T18:11:44","date_gmt":"2019-03-11T23:11:44","guid":{"rendered":"http:\/\/www.zonacaral.gob.pe\/?p=14028"},"modified":"2019-03-11T18:11:44","modified_gmt":"2019-03-11T23:11:44","slug":"ruth-shady-con-la-mayor-intervencion-de-la-mujer-se-podra-lograr-mejores-condiciones-de-vida","status":"publish","type":"post","link":"https:\/\/zonacaral.gob.pe\/en\/noticias\/ruth-shady-con-la-mayor-intervencion-de-la-mujer-se-podra-lograr-mejores-condiciones-de-vida\/","title":{"rendered":"Ruth Shady: con la mayor intervenci\u00f3n de la mujer \u2028se podr\u00e1 lograr mejores condiciones de vida"},"content":{"rendered":"<figure class=\"pic-autor\" style=\"color: #4d4d4d; text-align: justify;\"><\/figure>\n<blockquote><p>En homenaje a las mujeres, en el marco del D\u00eda Internacional de las Mujeres, organizado por la Academia Nacional de Ciencias, la Universidad Ricardo Palma y el Colegio de Periodistas de Lima.<\/p><\/blockquote>\n<p>La doctora Ruth Shady Sol\u00eds, directora de la Zona Arqueol\u00f3gica Caral, UE 003 del Ministerio de Cultura, recibi\u00f3 un sentido homenaje, en el marco del D\u00eda de la Mujer, por su destacada labor profesional en la rama de la Arqueolog\u00eda, el pasado viernes, 8 de marzo, en el Centro Cultural Ccori Wasi.<\/p>\n<p>\u201cAgradezco a la organizaci\u00f3n el reconocimiento como expresi\u00f3n significativa del rol que la mujer ha empezado a tener en nuestra sociedad para promover los cambios que se requieren mediante la complementariedad de ambos g\u00e9neros para el \u2018Buen Vivir\u2019, como se dec\u00eda, hacia y transmit\u00eda en nuestras sociedades ancestrales. Con la mayor intervenci\u00f3n de la mujer se podr\u00e1 lograr mejores condiciones de vida en los seres humanos dejando de lado el exclusivo beneficio individualista\u201d, dijo.<\/p>\n<p>La arque\u00f3loga sanmarquina exhort\u00f3 a la poblaci\u00f3n a dejar de lado el individualismo, \u201cque al estilo de los neandertales, donde un individuo masculino se impon\u00eda ante los dem\u00e1s sin importarle sus parientes o vecinos con quienes conviv\u00eda en un territorio guiado con la fuerza en su accionar para cazar a otras especies y por sus inter\u00e9s individualista de imponerse ante los otros\u201d.<\/p>\n<p>En ese sentido, indic\u00f3 que las investigaciones arqueol\u00f3gicas demostraron que \u201cel Homo Sapiens pudo sobrevivir ante la agresividad del Neandertal y logr\u00f3 vencerlo. Y frente a la crisis clim\u00e1tica pudo continuar viviendo. Entendi\u00f3 los problemas y asumi\u00f3 que solo no podr\u00eda darle soluci\u00f3n. Junt\u00f3 esfuerzos, hombres y mujeres, acudiendo no s\u00f3lo a la cacer\u00eda de animales sino tambi\u00e9n a la recolecci\u00f3n de plantas y cultivo de estas, complementando actividades en beneficio compartido de ambos g\u00e9neros\u201d.<\/p>\n<p>Al respecto, agreg\u00f3 que \u201cno debemos retroceder ni dejar que se reactive el genoma neandertalencis\u201d, de irrespeto a los otros. \u201cJuntemos esfuerzos para vivir en un mundo mejor, sin agresiones ni violencia. Fomentemos el desarrollo armonioso mediante la atenci\u00f3n a lo cognitivo y emocional. Seamos perseverantes, planifiquemos nuestras actividades y realicemos todo con disciplina, calidad, \u00e9tica y responsabilidad social\u201d, concluy\u00f3.<\/p>\n<p>La doctora Shady Sol\u00eds, recibi\u00f3 el homenaje de la Academia Nacional de Ciencias, la Universidad Ricardo Palma y el Colegio de Periodistas de Lima, junto a otras 11 mujeres, de las \u00e1reas de las Ciencias, la Docencia y el Periodismo Especializado, como, por ejemplo: Nicole Bernex, Magdalena Pavlich Herrera, Olga Lock, A\u00edda Vadillo Guti\u00e9rrez, Vera Alleman Haeghebaert, Milly Ah\u00f3n Olgu\u00edn, Teresa Edwards Ames, Zoraida Portillo, Carmen Barrantes Takata y Cristina Miranda Beas. Y como invitada ilustre, se reconoci\u00f3 a la doctora Nydia Susana Piedra, Presidenta de la Federaci\u00f3n Nacional de Periodistas del Ecuador.<\/p>\n<p>En la actividad, particip\u00f3 el Presidente de la Academia Nacional de Ciencias, doctor Gustavo Gonzalo Rengifo, el licenciado Ricardo Burgos Rojas, decano del Colegio de Periodistas de Lima y la doctora Ver\u00f3nica Rub\u00edn de Celis Massa, directora del Instituto de Ciencia y Tecnolog\u00eda, en representaci\u00f3n del doctor Iv\u00e1n Rodr\u00edguez Ch\u00e1vez, Rector de la Universidad Ricardo Palma.<\/p>\n<h4>DATO<\/h4>\n<p>Viaja a conocer la civilizaci\u00f3n Caral, con nuestros viajes organizados. M\u00e1s informaci\u00f3n en: 2052-517 \/ 955881340 o en la web: <a href=\"\/en\/www.zonacaral.gob.pe\/viajes-educativos\/inscripciones\/\">zonacaral.gob.pe\/viajes-educativos\/inscripciones<\/a>. Escr\u00edbenos a: viajeseducativos@zonacaral.gob.pe. Adquiere nuestras publicaciones o alg\u00fan recuerdo en: <a href=\"https:\/\/tienda.zonacaral.gob.pe\/\">https:\/\/tienda.zonacaral.gob.pe\/<\/a>.<\/p>\n<p><iframe style=\"border: none; overflow: hidden;\" src=\"https:\/\/www.facebook.com\/plugins\/video.php?href=https%3A%2F%2Fwww.facebook.com%2FCARALPERU%2Fvideos%2F613022799123555%2F&amp;show_text=0&amp;width=560\" width=\"560\" height=\"400\" frameborder=\"0\" scrolling=\"no\" allowfullscreen=\"allowfullscreen\"><\/iframe><\/p>\n<p style=\"text-align: justify;\"><span style=\"color: #993300;\"><strong>Fuente<\/strong><strong>: Prensa ZAC<\/strong><\/span><\/p>\n<div style=\"color: #1f1f1f;\">\n<p style=\"text-align: justify;\">Fecha de publicaci\u00f3n: 11\/03\/2019<\/p>\n<\/div>","protected":false},"excerpt":{"rendered":"<p>En homenaje a las mujeres, en el marco del D\u00eda Internacional de las Mujeres, organizado por la Academia Nacional de [&hellip;]<\/p>\n","protected":false},"author":1,"featured_media":14030,"comment_status":"closed","ping_status":"open","sticky":false,"template":"","format":"standard","meta":{"_acf_changed":false,"site-sidebar-layout":"default","site-content-layout":"","ast-site-content-layout":"default","site-content-style":"default","site-sidebar-style":"default","ast-global-header-display":"","ast-banner-title-visibility":"","ast-main-header-display":"","ast-hfb-above-header-display":"","ast-hfb-below-header-display":"","ast-hfb-mobile-header-display":"","site-post-title":"","ast-breadcrumbs-content":"","ast-featured-img":"","footer-sml-layout":"","ast-disable-related-posts":"","theme-transparent-header-meta":"","adv-header-id-meta":"","stick-header-meta":"","header-above-stick-meta":"","header-main-stick-meta":"","header-below-stick-meta":"","astra-migrate-meta-layouts":"default","ast-page-background-enabled":"default","ast-page-background-meta":{"desktop":{"background-color":"var(--ast-global-color-5)","background-image":"","background-repeat":"repeat","background-position":"center center","background-size":"auto","background-attachment":"scroll","background-type":"","background-media":"","overlay-type":"","overlay-color":"","overlay-opacity":"","overlay-gradient":""},"tablet":{"background-color":"","background-image":"","background-repeat":"repeat","background-position":"center center","background-size":"auto","background-attachment":"scroll","background-type":"","background-media":"","overlay-type":"","overlay-color":"","overlay-opacity":"","overlay-gradient":""},"mobile":{"background-color":"","background-image":"","background-repeat":"repeat","background-position":"center center","background-size":"auto","background-attachment":"scroll","background-type":"","background-media":"","overlay-type":"","overlay-color":"","overlay-opacity":"","overlay-gradient":""}},"ast-content-background-meta":{"desktop":{"background-color":"var(--ast-global-color-4)","background-image":"","background-repeat":"repeat","background-position":"center center","background-size":"auto","background-attachment":"scroll","background-type":"","background-media":"","overlay-type":"","overlay-color":"","overlay-opacity":"","overlay-gradient":""},"tablet":{"background-color":"var(--ast-global-color-4)","background-image":"","background-repeat":"repeat","background-position":"center center","background-size":"auto","background-attachment":"scroll","background-type":"","background-media":"","overlay-type":"","overlay-color":"","overlay-opacity":"","overlay-gradient":""},"mobile":{"background-color":"var(--ast-global-color-4)","background-image":"","background-repeat":"repeat","background-position":"center center","background-size":"auto","background-attachment":"scroll","background-type":"","background-media":"","overlay-type":"","overlay-color":"","overlay-opacity":"","overlay-gradient":""}},"footnotes":""},"categories":[208],"tags":[55,65,82],"class_list":["post-14028","post","type-post","status-publish","format-standard","has-post-thumbnail","hentry","category-noticias","tag-caral","tag-mujer","tag-ruth-shady"],"acf":[],"yoast_head":"<!-- This site is optimized with the Yoast SEO plugin v27.3 - https:\/\/yoast.com\/product\/yoast-seo-wordpress\/ -->\n<title>Ruth Shady: con la mayor intervenci\u00f3n de la mujer \u2028se podr\u00e1 lograr mejores condiciones de vida<\/title>\n<meta name=\"description\" content=\"En homenaje a las mujeres, en el marco del D\u00eda Internacional de las Mujeres, organizado por la Academia Nacional de Ciencias, la Universidad Ricardo Palma y el Colegio de Periodistas de Lima.\" \/>\n<meta name=\"robots\" content=\"index, follow, max-snippet:-1, max-image-preview:large, max-video-preview:-1\" \/>\n<link rel=\"canonical\" href=\"https:\/\/zonacaral.gob.pe\/en\/noticias\/ruth-shady-con-la-mayor-intervencion-de-la-mujer-se-podra-lograr-mejores-condiciones-de-vida\/\" \/>\n<meta property=\"og:locale\" content=\"en_US\" \/>\n<meta property=\"og:type\" content=\"article\" \/>\n<meta property=\"og:title\" content=\"Ruth Shady: con la mayor intervenci\u00f3n de la mujer \u2028se podr\u00e1 lograr mejores condiciones de vida\" \/>\n<meta property=\"og:description\" content=\"En homenaje a las mujeres, en el marco del D\u00eda Internacional de las Mujeres, organizado por la Academia Nacional de Ciencias, la Universidad Ricardo Palma y el Colegio de Periodistas de Lima.\" \/>\n<meta property=\"og:url\" content=\"https:\/\/zonacaral.gob.pe\/en\/noticias\/ruth-shady-con-la-mayor-intervencion-de-la-mujer-se-podra-lograr-mejores-condiciones-de-vida\/\" \/>\n<meta property=\"og:site_name\" content=\"Zona Caral\" \/>\n<meta property=\"article:published_time\" content=\"2019-03-11T23:11:44+00:00\" \/>\n<meta property=\"og:image\" content=\"https:\/\/zonacaral.gob.pe\/wp-content\/uploads\/2019\/03\/doctora-dia-de-la-mujer-2.jpg\" \/>\n\t<meta property=\"og:image:width\" content=\"810\" \/>\n\t<meta property=\"og:image:height\" content=\"410\" \/>\n\t<meta property=\"og:image:type\" content=\"image\/jpeg\" \/>\n<meta name=\"author\" content=\"Zona Caral Administrador\" \/>\n<meta name=\"twitter:card\" content=\"summary_large_image\" \/>\n<meta name=\"twitter:label1\" content=\"Written by\" \/>\n\t<meta name=\"twitter:data1\" content=\"Zona Caral Administrador\" \/>\n\t<meta name=\"twitter:label2\" content=\"Est. reading time\" \/>\n\t<meta name=\"twitter:data2\" content=\"3 minutes\" \/>\n<script type=\"application\/ld+json\" class=\"yoast-schema-graph\">{\"@context\":\"https:\\\/\\\/schema.org\",\"@graph\":[{\"@type\":\"Article\",\"@id\":\"https:\\\/\\\/zonacaral.gob.pe\\\/es\\\/noticias\\\/ruth-shady-con-la-mayor-intervencion-de-la-mujer-se-podra-lograr-mejores-condiciones-de-vida\\\/#article\",\"isPartOf\":{\"@id\":\"https:\\\/\\\/zonacaral.gob.pe\\\/es\\\/noticias\\\/ruth-shady-con-la-mayor-intervencion-de-la-mujer-se-podra-lograr-mejores-condiciones-de-vida\\\/\"},\"author\":{\"name\":\"Zona Caral Administrador\",\"@id\":\"https:\\\/\\\/zonacaral.gob.pe\\\/es\\\/#\\\/schema\\\/person\\\/beddb4d22f71a7230c5b90913270a0ee\"},\"headline\":\"Ruth Shady: con la mayor intervenci\u00f3n de la mujer \\u2028se podr\u00e1 lograr mejores condiciones de vida\",\"datePublished\":\"2019-03-11T23:11:44+00:00\",\"mainEntityOfPage\":{\"@id\":\"https:\\\/\\\/zonacaral.gob.pe\\\/es\\\/noticias\\\/ruth-shady-con-la-mayor-intervencion-de-la-mujer-se-podra-lograr-mejores-condiciones-de-vida\\\/\"},\"wordCount\":612,\"image\":{\"@id\":\"https:\\\/\\\/zonacaral.gob.pe\\\/es\\\/noticias\\\/ruth-shady-con-la-mayor-intervencion-de-la-mujer-se-podra-lograr-mejores-condiciones-de-vida\\\/#primaryimage\"},\"thumbnailUrl\":\"https:\\\/\\\/zonacaral.gob.pe\\\/wp-content\\\/uploads\\\/2019\\\/03\\\/doctora-dia-de-la-mujer-2.jpg\",\"keywords\":[\"caral\",\"mujer\",\"Ruth Shady\"],\"articleSection\":[\"noticias\"],\"inLanguage\":\"en-US\"},{\"@type\":\"WebPage\",\"@id\":\"https:\\\/\\\/zonacaral.gob.pe\\\/es\\\/noticias\\\/ruth-shady-con-la-mayor-intervencion-de-la-mujer-se-podra-lograr-mejores-condiciones-de-vida\\\/\",\"url\":\"https:\\\/\\\/zonacaral.gob.pe\\\/es\\\/noticias\\\/ruth-shady-con-la-mayor-intervencion-de-la-mujer-se-podra-lograr-mejores-condiciones-de-vida\\\/\",\"name\":\"Ruth Shady: con la mayor intervenci\u00f3n de la mujer \\u2028se podr\u00e1 lograr mejores condiciones de vida\",\"isPartOf\":{\"@id\":\"https:\\\/\\\/zonacaral.gob.pe\\\/es\\\/#website\"},\"primaryImageOfPage\":{\"@id\":\"https:\\\/\\\/zonacaral.gob.pe\\\/es\\\/noticias\\\/ruth-shady-con-la-mayor-intervencion-de-la-mujer-se-podra-lograr-mejores-condiciones-de-vida\\\/#primaryimage\"},\"image\":{\"@id\":\"https:\\\/\\\/zonacaral.gob.pe\\\/es\\\/noticias\\\/ruth-shady-con-la-mayor-intervencion-de-la-mujer-se-podra-lograr-mejores-condiciones-de-vida\\\/#primaryimage\"},\"thumbnailUrl\":\"https:\\\/\\\/zonacaral.gob.pe\\\/wp-content\\\/uploads\\\/2019\\\/03\\\/doctora-dia-de-la-mujer-2.jpg\",\"datePublished\":\"2019-03-11T23:11:44+00:00\",\"author\":{\"@id\":\"https:\\\/\\\/zonacaral.gob.pe\\\/es\\\/#\\\/schema\\\/person\\\/beddb4d22f71a7230c5b90913270a0ee\"},\"description\":\"En homenaje a las mujeres, en el marco del D\u00eda Internacional de las Mujeres, organizado por la Academia Nacional de Ciencias, la Universidad Ricardo Palma y el Colegio de Periodistas de Lima.\",\"breadcrumb\":{\"@id\":\"https:\\\/\\\/zonacaral.gob.pe\\\/es\\\/noticias\\\/ruth-shady-con-la-mayor-intervencion-de-la-mujer-se-podra-lograr-mejores-condiciones-de-vida\\\/#breadcrumb\"},\"inLanguage\":\"en-US\",\"potentialAction\":[{\"@type\":\"ReadAction\",\"target\":[\"https:\\\/\\\/zonacaral.gob.pe\\\/es\\\/noticias\\\/ruth-shady-con-la-mayor-intervencion-de-la-mujer-se-podra-lograr-mejores-condiciones-de-vida\\\/\"]}]},{\"@type\":\"ImageObject\",\"inLanguage\":\"en-US\",\"@id\":\"https:\\\/\\\/zonacaral.gob.pe\\\/es\\\/noticias\\\/ruth-shady-con-la-mayor-intervencion-de-la-mujer-se-podra-lograr-mejores-condiciones-de-vida\\\/#primaryimage\",\"url\":\"https:\\\/\\\/zonacaral.gob.pe\\\/wp-content\\\/uploads\\\/2019\\\/03\\\/doctora-dia-de-la-mujer-2.jpg\",\"contentUrl\":\"https:\\\/\\\/zonacaral.gob.pe\\\/wp-content\\\/uploads\\\/2019\\\/03\\\/doctora-dia-de-la-mujer-2.jpg\",\"width\":810,\"height\":410},{\"@type\":\"BreadcrumbList\",\"@id\":\"https:\\\/\\\/zonacaral.gob.pe\\\/es\\\/noticias\\\/ruth-shady-con-la-mayor-intervencion-de-la-mujer-se-podra-lograr-mejores-condiciones-de-vida\\\/#breadcrumb\",\"itemListElement\":[{\"@type\":\"ListItem\",\"position\":1,\"name\":\"Portada\",\"item\":\"https:\\\/\\\/zonacaral.gob.pe\\\/\"},{\"@type\":\"ListItem\",\"position\":2,\"name\":\"Ruth Shady: con la mayor intervenci\u00f3n de la mujer \\u2028se podr\u00e1 lograr mejores condiciones de vida\"}]},{\"@type\":\"WebSite\",\"@id\":\"https:\\\/\\\/zonacaral.gob.pe\\\/es\\\/#website\",\"url\":\"https:\\\/\\\/zonacaral.gob.pe\\\/es\\\/\",\"name\":\"Zona Caral\",\"description\":\"Investigamos, conservamos y difundimos el patrimonio cultural de la Civilizaci\u00f3n Caral, la m\u00e1s antigua de Am\u00e9rica.\",\"potentialAction\":[{\"@type\":\"SearchAction\",\"target\":{\"@type\":\"EntryPoint\",\"urlTemplate\":\"https:\\\/\\\/zonacaral.gob.pe\\\/es\\\/?s={search_term_string}\"},\"query-input\":{\"@type\":\"PropertyValueSpecification\",\"valueRequired\":true,\"valueName\":\"search_term_string\"}}],\"inLanguage\":\"en-US\"},{\"@type\":\"Person\",\"@id\":\"https:\\\/\\\/zonacaral.gob.pe\\\/es\\\/#\\\/schema\\\/person\\\/beddb4d22f71a7230c5b90913270a0ee\",\"name\":\"Zona Caral Administrador\",\"image\":{\"@type\":\"ImageObject\",\"inLanguage\":\"en-US\",\"@id\":\"https:\\\/\\\/secure.gravatar.com\\\/avatar\\\/e4be162918a696358376de6446614e0f0f4062bdc5d170d6d540ada3d8b58c12?s=96&d=mm&r=g\",\"url\":\"https:\\\/\\\/secure.gravatar.com\\\/avatar\\\/e4be162918a696358376de6446614e0f0f4062bdc5d170d6d540ada3d8b58c12?s=96&d=mm&r=g\",\"contentUrl\":\"https:\\\/\\\/secure.gravatar.com\\\/avatar\\\/e4be162918a696358376de6446614e0f0f4062bdc5d170d6d540ada3d8b58c12?s=96&d=mm&r=g\",\"caption\":\"Zona Caral Administrador\"},\"sameAs\":[\"https:\\\/\\\/zonacaral.gob.pe\"],\"url\":\"https:\\\/\\\/zonacaral.gob.pe\\\/en\\\/noticias\\\/author\\\/ad_zonacaral\\\/\"}]}<\/script>\n<!-- \/ Yoast SEO plugin. -->","yoast_head_json":{"title":"Ruth Shady: con la mayor intervenci\u00f3n de la mujer \u2028se podr\u00e1 lograr mejores condiciones de vida","description":"En homenaje a las mujeres, en el marco del D\u00eda Internacional de las Mujeres, organizado por la Academia Nacional de Ciencias, la Universidad Ricardo Palma y el Colegio de Periodistas de Lima.","robots":{"index":"index","follow":"follow","max-snippet":"max-snippet:-1","max-image-preview":"max-image-preview:large","max-video-preview":"max-video-preview:-1"},"canonical":"https:\/\/zonacaral.gob.pe\/en\/noticias\/ruth-shady-con-la-mayor-intervencion-de-la-mujer-se-podra-lograr-mejores-condiciones-de-vida\/","og_locale":"en_US","og_type":"article","og_title":"Ruth Shady: con la mayor intervenci\u00f3n de la mujer \u2028se podr\u00e1 lograr mejores condiciones de vida","og_description":"En homenaje a las mujeres, en el marco del D\u00eda Internacional de las Mujeres, organizado por la Academia Nacional de Ciencias, la Universidad Ricardo Palma y el Colegio de Periodistas de Lima.","og_url":"https:\/\/zonacaral.gob.pe\/en\/noticias\/ruth-shady-con-la-mayor-intervencion-de-la-mujer-se-podra-lograr-mejores-condiciones-de-vida\/","og_site_name":"Zona Caral","article_published_time":"2019-03-11T23:11:44+00:00","og_image":[{"width":810,"height":410,"url":"https:\/\/zonacaral.gob.pe\/wp-content\/uploads\/2019\/03\/doctora-dia-de-la-mujer-2.jpg","type":"image\/jpeg"}],"author":"Zona Caral Administrador","twitter_card":"summary_large_image","twitter_misc":{"Written by":"Zona Caral Administrador","Est. reading time":"3 minutes"},"schema":{"@context":"https:\/\/schema.org","@graph":[{"@type":"Article","@id":"https:\/\/zonacaral.gob.pe\/es\/noticias\/ruth-shady-con-la-mayor-intervencion-de-la-mujer-se-podra-lograr-mejores-condiciones-de-vida\/#article","isPartOf":{"@id":"https:\/\/zonacaral.gob.pe\/es\/noticias\/ruth-shady-con-la-mayor-intervencion-de-la-mujer-se-podra-lograr-mejores-condiciones-de-vida\/"},"author":{"name":"Zona Caral Administrador","@id":"https:\/\/zonacaral.gob.pe\/es\/#\/schema\/person\/beddb4d22f71a7230c5b90913270a0ee"},"headline":"Ruth Shady: con la mayor intervenci\u00f3n de la mujer \u2028se podr\u00e1 lograr mejores condiciones de vida","datePublished":"2019-03-11T23:11:44+00:00","mainEntityOfPage":{"@id":"https:\/\/zonacaral.gob.pe\/es\/noticias\/ruth-shady-con-la-mayor-intervencion-de-la-mujer-se-podra-lograr-mejores-condiciones-de-vida\/"},"wordCount":612,"image":{"@id":"https:\/\/zonacaral.gob.pe\/es\/noticias\/ruth-shady-con-la-mayor-intervencion-de-la-mujer-se-podra-lograr-mejores-condiciones-de-vida\/#primaryimage"},"thumbnailUrl":"https:\/\/zonacaral.gob.pe\/wp-content\/uploads\/2019\/03\/doctora-dia-de-la-mujer-2.jpg","keywords":["caral","mujer","Ruth Shady"],"articleSection":["noticias"],"inLanguage":"en-US"},{"@type":"WebPage","@id":"https:\/\/zonacaral.gob.pe\/es\/noticias\/ruth-shady-con-la-mayor-intervencion-de-la-mujer-se-podra-lograr-mejores-condiciones-de-vida\/","url":"https:\/\/zonacaral.gob.pe\/es\/noticias\/ruth-shady-con-la-mayor-intervencion-de-la-mujer-se-podra-lograr-mejores-condiciones-de-vida\/","name":"Ruth Shady: con la mayor intervenci\u00f3n de la mujer \u2028se podr\u00e1 lograr mejores condiciones de vida","isPartOf":{"@id":"https:\/\/zonacaral.gob.pe\/es\/#website"},"primaryImageOfPage":{"@id":"https:\/\/zonacaral.gob.pe\/es\/noticias\/ruth-shady-con-la-mayor-intervencion-de-la-mujer-se-podra-lograr-mejores-condiciones-de-vida\/#primaryimage"},"image":{"@id":"https:\/\/zonacaral.gob.pe\/es\/noticias\/ruth-shady-con-la-mayor-intervencion-de-la-mujer-se-podra-lograr-mejores-condiciones-de-vida\/#primaryimage"},"thumbnailUrl":"https:\/\/zonacaral.gob.pe\/wp-content\/uploads\/2019\/03\/doctora-dia-de-la-mujer-2.jpg","datePublished":"2019-03-11T23:11:44+00:00","author":{"@id":"https:\/\/zonacaral.gob.pe\/es\/#\/schema\/person\/beddb4d22f71a7230c5b90913270a0ee"},"description":"En homenaje a las mujeres, en el marco del D\u00eda Internacional de las Mujeres, organizado por la Academia Nacional de Ciencias, la Universidad Ricardo Palma y el Colegio de Periodistas de Lima.","breadcrumb":{"@id":"https:\/\/zonacaral.gob.pe\/es\/noticias\/ruth-shady-con-la-mayor-intervencion-de-la-mujer-se-podra-lograr-mejores-condiciones-de-vida\/#breadcrumb"},"inLanguage":"en-US","potentialAction":[{"@type":"ReadAction","target":["https:\/\/zonacaral.gob.pe\/es\/noticias\/ruth-shady-con-la-mayor-intervencion-de-la-mujer-se-podra-lograr-mejores-condiciones-de-vida\/"]}]},{"@type":"ImageObject","inLanguage":"en-US","@id":"https:\/\/zonacaral.gob.pe\/es\/noticias\/ruth-shady-con-la-mayor-intervencion-de-la-mujer-se-podra-lograr-mejores-condiciones-de-vida\/#primaryimage","url":"https:\/\/zonacaral.gob.pe\/wp-content\/uploads\/2019\/03\/doctora-dia-de-la-mujer-2.jpg","contentUrl":"https:\/\/zonacaral.gob.pe\/wp-content\/uploads\/2019\/03\/doctora-dia-de-la-mujer-2.jpg","width":810,"height":410},{"@type":"BreadcrumbList","@id":"https:\/\/zonacaral.gob.pe\/es\/noticias\/ruth-shady-con-la-mayor-intervencion-de-la-mujer-se-podra-lograr-mejores-condiciones-de-vida\/#breadcrumb","itemListElement":[{"@type":"ListItem","position":1,"name":"Portada","item":"https:\/\/zonacaral.gob.pe\/"},{"@type":"ListItem","position":2,"name":"Ruth Shady: con la mayor intervenci\u00f3n de la mujer \u2028se podr\u00e1 lograr mejores condiciones de vida"}]},{"@type":"WebSite","@id":"https:\/\/zonacaral.gob.pe\/es\/#website","url":"https:\/\/zonacaral.gob.pe\/es\/","name":"Zona Caral","description":"Investigamos, conservamos y difundimos el patrimonio cultural de la Civilizaci\u00f3n Caral, la m\u00e1s antigua de Am\u00e9rica.","potentialAction":[{"@type":"SearchAction","target":{"@type":"EntryPoint","urlTemplate":"https:\/\/zonacaral.gob.pe\/es\/?s={search_term_string}"},"query-input":{"@type":"PropertyValueSpecification","valueRequired":true,"valueName":"search_term_string"}}],"inLanguage":"en-US"},{"@type":"Person","@id":"https:\/\/zonacaral.gob.pe\/es\/#\/schema\/person\/beddb4d22f71a7230c5b90913270a0ee","name":"Zona Caral Administrador","image":{"@type":"ImageObject","inLanguage":"en-US","@id":"https:\/\/secure.gravatar.com\/avatar\/e4be162918a696358376de6446614e0f0f4062bdc5d170d6d540ada3d8b58c12?s=96&d=mm&r=g","url":"https:\/\/secure.gravatar.com\/avatar\/e4be162918a696358376de6446614e0f0f4062bdc5d170d6d540ada3d8b58c12?s=96&d=mm&r=g","contentUrl":"https:\/\/secure.gravatar.com\/avatar\/e4be162918a696358376de6446614e0f0f4062bdc5d170d6d540ada3d8b58c12?s=96&d=mm&r=g","caption":"Zona Caral Administrador"},"sameAs":["https:\/\/zonacaral.gob.pe"],"url":"https:\/\/zonacaral.gob.pe\/en\/noticias\/author\/ad_zonacaral\/"}]}},"_links":{"self":[{"href":"https:\/\/zonacaral.gob.pe\/en\/wp-json\/wp\/v2\/posts\/14028","targetHints":{"allow":["GET"]}}],"collection":[{"href":"https:\/\/zonacaral.gob.pe\/en\/wp-json\/wp\/v2\/posts"}],"about":[{"href":"https:\/\/zonacaral.gob.pe\/en\/wp-json\/wp\/v2\/types\/post"}],"author":[{"embeddable":true,"href":"https:\/\/zonacaral.gob.pe\/en\/wp-json\/wp\/v2\/users\/1"}],"replies":[{"embeddable":true,"href":"https:\/\/zonacaral.gob.pe\/en\/wp-json\/wp\/v2\/comments?post=14028"}],"version-history":[{"count":0,"href":"https:\/\/zonacaral.gob.pe\/en\/wp-json\/wp\/v2\/posts\/14028\/revisions"}],"wp:featuredmedia":[{"embeddable":true,"href":"https:\/\/zonacaral.gob.pe\/en\/wp-json\/wp\/v2\/media\/14030"}],"wp:attachment":[{"href":"https:\/\/zonacaral.gob.pe\/en\/wp-json\/wp\/v2\/media?parent=14028"}],"wp:term":[{"taxonomy":"category","embeddable":true,"href":"https:\/\/zonacaral.gob.pe\/en\/wp-json\/wp\/v2\/categories?post=14028"},{"taxonomy":"post_tag","embeddable":true,"href":"https:\/\/zonacaral.gob.pe\/en\/wp-json\/wp\/v2\/tags?post=14028"}],"curies":[{"name":"wp","href":"https:\/\/api.w.org\/{rel}","templated":true}]}}