{"id":14114,"date":"2019-04-10T15:46:17","date_gmt":"2019-04-10T20:46:17","guid":{"rendered":"http:\/\/www.zonacaral.gob.pe\/?p=14114"},"modified":"2019-04-10T15:46:17","modified_gmt":"2019-04-10T20:46:17","slug":"aniversario-de-aspero-con-exito-se-desarrollo-concurso-escolar-de-pintura-en-supe","status":"publish","type":"post","link":"https:\/\/zonacaral.gob.pe\/en\/noticias\/aniversario-de-aspero-con-exito-se-desarrollo-concurso-escolar-de-pintura-en-supe\/","title":{"rendered":"Aniversario de \u00c1spero: con \u00e9xito se desarroll\u00f3 concurso escolar de pintura en El Molino &#8211; Supe"},"content":{"rendered":"<figure class=\"pic-autor\" style=\"color: #4d4d4d; text-align: justify;\"><\/figure>\n<p style=\"text-align: justify;\">La Zona Arqueol\u00f3gica Caral, unidad ejecutora del Ministerio de Cultura, desarroll\u00f3 con \u00e9xito el <strong>\u201cIII Concurso de Pintura: Nuestro Patrimonio Milenario a Colores\u201d<\/strong>, en las instalaciones de la Instituci\u00f3n Educativa Inicial N\u00b0 20536, ubicado en el Centro Poblado de El Molino, distrito de Supe &#8211; Barranca.<\/p>\n<p style=\"text-align: justify;\">La actividad, desarrollada por el XIV Aniversario de \u00c1spero, ciudad pesquera de la civilizaci\u00f3n Caral, busc\u00f3 que los alumnos, a trav\u00e9s del dibujo y la pintura, conozcan y aprendan sobre el cuidado del patrimonio cultural y se identifiquen con ella.<\/p>\n<p style=\"text-align: justify;\">Cabe se\u00f1alar que, para el concurso se coordinaron charlas sobre la civilizaci\u00f3n Caral y una visita guiada, con el apoyo de los orientadores tur\u00edsticos locales (OTL) de \u00c1spero, en el sitio arqueol\u00f3gico El Molino.<\/p>\n<p style=\"text-align: justify;\">El personal auxiliar y t\u00e9cnico del asentamiento, acondicionaron un circuito tur\u00edstico y mostraron los hallazgos hechos en el lugar, para que la visita sea m\u00e1s did\u00e1ctica para los alumnos y profesores.<\/p>\n<p style=\"text-align: justify;\">Las actividades se desarrollaron gracias al trabajo de los arque\u00f3logos de El Molino, Miguel Valqui G\u00fcimack y Alfonso Ponciano Gonzales, en coordinaci\u00f3n con la directora del mencionado centro educativo, Licenciada Herta Medrano Trinidad, y con la supervisi\u00f3n del jefe sede de \u00c1spero, Licenciado David Palomino.<\/p>\n<p style=\"text-align: justify;\">Tambi\u00e9n se cont\u00f3 con el apoyo de la profesora Hilda Celestino Jara, representante del Patronato de la Ciudad Sagrada de Caral; la Magistrada. Milagros Asto Mendonza, especialista de educaci\u00f3n inicial de la UGEL N\u00b016 &#8211; Barranca; el representante de Relaciones Comunitarias de la ZAC, Everardo Vitonera Herrera, quienes participaron, adem\u00e1s, como jurados del concurso.<\/p>\n<h4 style=\"text-align: justify;\">DATO<\/h4>\n<p style=\"text-align: justify;\">El aniversario de \u00c1spero se desarrollar\u00e1 los d\u00edas viernes 26 y s\u00e1bado 27 de abril, en Supe Puerto \u2013 Barranca, para la cual se ha programado diversas actividades culturales gratuitas, como el Pago a la Cochamama y el \u00c1spero Raymi. Conoce m\u00e1s de este programa <a href=\"http:\/\/www.zonacaral.gob.pe\/aspero\/aspero-2\/index.html\">aqu\u00ed<\/a>.<\/p>\n<p style=\"text-align: justify;\">Tambi\u00e9n puedes conocer la civilizaci\u00f3n Caral, participando de nuestros Viajes Educativos. M\u00e1s informaci\u00f3n al: 205-2517 \/ 955881340 o en la <a href=\"http:\/\/www.zonacaral.gob.pe\/viajes-educativos-2\/planea-tu-visita.html\">web<\/a>. Tambi\u00e9n puedes escribirnos a: viajeseducativos@zonacaral.gob.pe.<\/p>\n<p style=\"text-align: justify;\">Puedes comprar alg\u00fan recuerdo en: <a href=\"https:\/\/tienda.zonacaral.gob.pe\/\">https:\/\/tienda.zonacaral.gob.pe\/<\/a><\/p>\n<p style=\"text-align: justify;\"><strong>\u00a1El Molino, Era de Pando, Piedra Parada y \u00c1spero te esperan este 26 y 27 de abril!<\/strong><\/p>\n<p style=\"text-align: justify;\">Conoce m\u00e1s de la civilizaci\u00f3n Caral\u00a0\u00a0<a href=\"\/en\/www.zonacaral.gob.pe\/caralperu\/civilizacion\/civilizacionmundial.html\/\">aqu\u00ed<\/a>.<\/p>\n<p style=\"text-align: justify;\"><span style=\"color: #993300;\"><strong>Fuente<\/strong><strong>: Prensa ZAC<\/strong><\/span><\/p>\n<div style=\"color: #1f1f1f;\">\n<p style=\"text-align: justify;\">Fecha de publicaci\u00f3n: 10\/04\/2019<\/p>\n<\/div>","protected":false},"excerpt":{"rendered":"<p>La Zona Arqueol\u00f3gica Caral, unidad ejecutora del Ministerio de Cultura, desarroll\u00f3 con \u00e9xito el \u201cIII Concurso de Pintura: Nuestro Patrimonio [&hellip;]<\/p>\n","protected":false},"author":1,"featured_media":14118,"comment_status":"closed","ping_status":"open","sticky":false,"template":"","format":"standard","meta":{"_acf_changed":false,"site-sidebar-layout":"default","site-content-layout":"","ast-site-content-layout":"default","site-content-style":"default","site-sidebar-style":"default","ast-global-header-display":"","ast-banner-title-visibility":"","ast-main-header-display":"","ast-hfb-above-header-display":"","ast-hfb-below-header-display":"","ast-hfb-mobile-header-display":"","site-post-title":"","ast-breadcrumbs-content":"","ast-featured-img":"","footer-sml-layout":"","ast-disable-related-posts":"","theme-transparent-header-meta":"","adv-header-id-meta":"","stick-header-meta":"","header-above-stick-meta":"","header-main-stick-meta":"","header-below-stick-meta":"","astra-migrate-meta-layouts":"default","ast-page-background-enabled":"default","ast-page-background-meta":{"desktop":{"background-color":"var(--ast-global-color-5)","background-image":"","background-repeat":"repeat","background-position":"center center","background-size":"auto","background-attachment":"scroll","background-type":"","background-media":"","overlay-type":"","overlay-color":"","overlay-opacity":"","overlay-gradient":""},"tablet":{"background-color":"","background-image":"","background-repeat":"repeat","background-position":"center center","background-size":"auto","background-attachment":"scroll","background-type":"","background-media":"","overlay-type":"","overlay-color":"","overlay-opacity":"","overlay-gradient":""},"mobile":{"background-color":"","background-image":"","background-repeat":"repeat","background-position":"center center","background-size":"auto","background-attachment":"scroll","background-type":"","background-media":"","overlay-type":"","overlay-color":"","overlay-opacity":"","overlay-gradient":""}},"ast-content-background-meta":{"desktop":{"background-color":"var(--ast-global-color-4)","background-image":"","background-repeat":"repeat","background-position":"center center","background-size":"auto","background-attachment":"scroll","background-type":"","background-media":"","overlay-type":"","overlay-color":"","overlay-opacity":"","overlay-gradient":""},"tablet":{"background-color":"var(--ast-global-color-4)","background-image":"","background-repeat":"repeat","background-position":"center center","background-size":"auto","background-attachment":"scroll","background-type":"","background-media":"","overlay-type":"","overlay-color":"","overlay-opacity":"","overlay-gradient":""},"mobile":{"background-color":"var(--ast-global-color-4)","background-image":"","background-repeat":"repeat","background-position":"center center","background-size":"auto","background-attachment":"scroll","background-type":"","background-media":"","overlay-type":"","overlay-color":"","overlay-opacity":"","overlay-gradient":""}},"footnotes":""},"categories":[208],"tags":[55],"class_list":["post-14114","post","type-post","status-publish","format-standard","has-post-thumbnail","hentry","category-noticias","tag-caral"],"acf":[],"yoast_head":"<!-- This site is optimized with the Yoast SEO plugin v27.3 - https:\/\/yoast.com\/product\/yoast-seo-wordpress\/ -->\n<title>Aniversario de \u00c1spero: con \u00e9xito se desarroll\u00f3 concurso escolar de pintura en El Molino - Supe<\/title>\n<meta name=\"description\" content=\"La Zona Arqueol\u00f3gica Caral, unidad ejecutora del Ministerio de Cultura, desarroll\u00f3 con \u00e9xito el \u201cIII Concurso de Pintura: Nuestro Patrimonio Milenario a Colores\u201d, en las instalaciones de la Instituci\u00f3n Educativa Inicial N\u00b0 20536, ubicado en el Centro Poblado de El Molino, distrito de Supe - Barranca.\" \/>\n<meta name=\"robots\" content=\"index, follow, max-snippet:-1, max-image-preview:large, max-video-preview:-1\" \/>\n<link rel=\"canonical\" href=\"https:\/\/zonacaral.gob.pe\/en\/noticias\/aniversario-de-aspero-con-exito-se-desarrollo-concurso-escolar-de-pintura-en-supe\/\" \/>\n<meta property=\"og:locale\" content=\"en_US\" \/>\n<meta property=\"og:type\" content=\"article\" \/>\n<meta property=\"og:title\" content=\"Aniversario de \u00c1spero: con \u00e9xito se desarroll\u00f3 concurso escolar de pintura en El Molino - Supe\" \/>\n<meta property=\"og:description\" content=\"La Zona Arqueol\u00f3gica Caral, unidad ejecutora del Ministerio de Cultura, desarroll\u00f3 con \u00e9xito el \u201cIII Concurso de Pintura: Nuestro Patrimonio Milenario a Colores\u201d, en las instalaciones de la Instituci\u00f3n Educativa Inicial N\u00b0 20536, ubicado en el Centro Poblado de El Molino, distrito de Supe - Barranca.\" \/>\n<meta property=\"og:url\" content=\"https:\/\/zonacaral.gob.pe\/en\/noticias\/aniversario-de-aspero-con-exito-se-desarrollo-concurso-escolar-de-pintura-en-supe\/\" \/>\n<meta property=\"og:site_name\" content=\"Zona Caral\" \/>\n<meta property=\"article:published_time\" content=\"2019-04-10T20:46:17+00:00\" \/>\n<meta property=\"og:image\" content=\"https:\/\/zonacaral.gob.pe\/wp-content\/uploads\/2019\/04\/concurso-pintura-aspero-2.jpg\" \/>\n\t<meta property=\"og:image:width\" content=\"810\" \/>\n\t<meta property=\"og:image:height\" content=\"410\" \/>\n\t<meta property=\"og:image:type\" content=\"image\/jpeg\" \/>\n<meta name=\"author\" content=\"Zona Caral Administrador\" \/>\n<meta name=\"twitter:card\" content=\"summary_large_image\" \/>\n<meta name=\"twitter:label1\" content=\"Written by\" \/>\n\t<meta name=\"twitter:data1\" content=\"Zona Caral Administrador\" \/>\n\t<meta name=\"twitter:label2\" content=\"Est. reading time\" \/>\n\t<meta name=\"twitter:data2\" content=\"2 minutes\" \/>\n<script type=\"application\/ld+json\" class=\"yoast-schema-graph\">{\"@context\":\"https:\\\/\\\/schema.org\",\"@graph\":[{\"@type\":\"Article\",\"@id\":\"https:\\\/\\\/zonacaral.gob.pe\\\/es\\\/noticias\\\/aniversario-de-aspero-con-exito-se-desarrollo-concurso-escolar-de-pintura-en-supe\\\/#article\",\"isPartOf\":{\"@id\":\"https:\\\/\\\/zonacaral.gob.pe\\\/es\\\/noticias\\\/aniversario-de-aspero-con-exito-se-desarrollo-concurso-escolar-de-pintura-en-supe\\\/\"},\"author\":{\"name\":\"Zona Caral Administrador\",\"@id\":\"https:\\\/\\\/zonacaral.gob.pe\\\/es\\\/#\\\/schema\\\/person\\\/beddb4d22f71a7230c5b90913270a0ee\"},\"headline\":\"Aniversario de \u00c1spero: con \u00e9xito se desarroll\u00f3 concurso escolar de pintura en El Molino &#8211; Supe\",\"datePublished\":\"2019-04-10T20:46:17+00:00\",\"mainEntityOfPage\":{\"@id\":\"https:\\\/\\\/zonacaral.gob.pe\\\/es\\\/noticias\\\/aniversario-de-aspero-con-exito-se-desarrollo-concurso-escolar-de-pintura-en-supe\\\/\"},\"wordCount\":405,\"image\":{\"@id\":\"https:\\\/\\\/zonacaral.gob.pe\\\/es\\\/noticias\\\/aniversario-de-aspero-con-exito-se-desarrollo-concurso-escolar-de-pintura-en-supe\\\/#primaryimage\"},\"thumbnailUrl\":\"https:\\\/\\\/zonacaral.gob.pe\\\/wp-content\\\/uploads\\\/2019\\\/04\\\/concurso-pintura-aspero-2.jpg\",\"keywords\":[\"caral\"],\"articleSection\":[\"noticias\"],\"inLanguage\":\"en-US\"},{\"@type\":\"WebPage\",\"@id\":\"https:\\\/\\\/zonacaral.gob.pe\\\/es\\\/noticias\\\/aniversario-de-aspero-con-exito-se-desarrollo-concurso-escolar-de-pintura-en-supe\\\/\",\"url\":\"https:\\\/\\\/zonacaral.gob.pe\\\/es\\\/noticias\\\/aniversario-de-aspero-con-exito-se-desarrollo-concurso-escolar-de-pintura-en-supe\\\/\",\"name\":\"Aniversario de \u00c1spero: con \u00e9xito se desarroll\u00f3 concurso escolar de pintura en El Molino - Supe\",\"isPartOf\":{\"@id\":\"https:\\\/\\\/zonacaral.gob.pe\\\/es\\\/#website\"},\"primaryImageOfPage\":{\"@id\":\"https:\\\/\\\/zonacaral.gob.pe\\\/es\\\/noticias\\\/aniversario-de-aspero-con-exito-se-desarrollo-concurso-escolar-de-pintura-en-supe\\\/#primaryimage\"},\"image\":{\"@id\":\"https:\\\/\\\/zonacaral.gob.pe\\\/es\\\/noticias\\\/aniversario-de-aspero-con-exito-se-desarrollo-concurso-escolar-de-pintura-en-supe\\\/#primaryimage\"},\"thumbnailUrl\":\"https:\\\/\\\/zonacaral.gob.pe\\\/wp-content\\\/uploads\\\/2019\\\/04\\\/concurso-pintura-aspero-2.jpg\",\"datePublished\":\"2019-04-10T20:46:17+00:00\",\"author\":{\"@id\":\"https:\\\/\\\/zonacaral.gob.pe\\\/es\\\/#\\\/schema\\\/person\\\/beddb4d22f71a7230c5b90913270a0ee\"},\"description\":\"La Zona Arqueol\u00f3gica Caral, unidad ejecutora del Ministerio de Cultura, desarroll\u00f3 con \u00e9xito el \u201cIII Concurso de Pintura: Nuestro Patrimonio Milenario a Colores\u201d, en las instalaciones de la Instituci\u00f3n Educativa Inicial N\u00b0 20536, ubicado en el Centro Poblado de El Molino, distrito de Supe - Barranca.\",\"breadcrumb\":{\"@id\":\"https:\\\/\\\/zonacaral.gob.pe\\\/es\\\/noticias\\\/aniversario-de-aspero-con-exito-se-desarrollo-concurso-escolar-de-pintura-en-supe\\\/#breadcrumb\"},\"inLanguage\":\"en-US\",\"potentialAction\":[{\"@type\":\"ReadAction\",\"target\":[\"https:\\\/\\\/zonacaral.gob.pe\\\/es\\\/noticias\\\/aniversario-de-aspero-con-exito-se-desarrollo-concurso-escolar-de-pintura-en-supe\\\/\"]}]},{\"@type\":\"ImageObject\",\"inLanguage\":\"en-US\",\"@id\":\"https:\\\/\\\/zonacaral.gob.pe\\\/es\\\/noticias\\\/aniversario-de-aspero-con-exito-se-desarrollo-concurso-escolar-de-pintura-en-supe\\\/#primaryimage\",\"url\":\"https:\\\/\\\/zonacaral.gob.pe\\\/wp-content\\\/uploads\\\/2019\\\/04\\\/concurso-pintura-aspero-2.jpg\",\"contentUrl\":\"https:\\\/\\\/zonacaral.gob.pe\\\/wp-content\\\/uploads\\\/2019\\\/04\\\/concurso-pintura-aspero-2.jpg\",\"width\":810,\"height\":410},{\"@type\":\"BreadcrumbList\",\"@id\":\"https:\\\/\\\/zonacaral.gob.pe\\\/es\\\/noticias\\\/aniversario-de-aspero-con-exito-se-desarrollo-concurso-escolar-de-pintura-en-supe\\\/#breadcrumb\",\"itemListElement\":[{\"@type\":\"ListItem\",\"position\":1,\"name\":\"Portada\",\"item\":\"https:\\\/\\\/zonacaral.gob.pe\\\/\"},{\"@type\":\"ListItem\",\"position\":2,\"name\":\"Aniversario de \u00c1spero: con \u00e9xito se desarroll\u00f3 concurso escolar de pintura en El Molino &#8211; Supe\"}]},{\"@type\":\"WebSite\",\"@id\":\"https:\\\/\\\/zonacaral.gob.pe\\\/es\\\/#website\",\"url\":\"https:\\\/\\\/zonacaral.gob.pe\\\/es\\\/\",\"name\":\"Zona Caral\",\"description\":\"Investigamos, conservamos y difundimos el patrimonio cultural de la Civilizaci\u00f3n Caral, la m\u00e1s antigua de Am\u00e9rica.\",\"potentialAction\":[{\"@type\":\"SearchAction\",\"target\":{\"@type\":\"EntryPoint\",\"urlTemplate\":\"https:\\\/\\\/zonacaral.gob.pe\\\/es\\\/?s={search_term_string}\"},\"query-input\":{\"@type\":\"PropertyValueSpecification\",\"valueRequired\":true,\"valueName\":\"search_term_string\"}}],\"inLanguage\":\"en-US\"},{\"@type\":\"Person\",\"@id\":\"https:\\\/\\\/zonacaral.gob.pe\\\/es\\\/#\\\/schema\\\/person\\\/beddb4d22f71a7230c5b90913270a0ee\",\"name\":\"Zona Caral Administrador\",\"image\":{\"@type\":\"ImageObject\",\"inLanguage\":\"en-US\",\"@id\":\"https:\\\/\\\/secure.gravatar.com\\\/avatar\\\/e4be162918a696358376de6446614e0f0f4062bdc5d170d6d540ada3d8b58c12?s=96&d=mm&r=g\",\"url\":\"https:\\\/\\\/secure.gravatar.com\\\/avatar\\\/e4be162918a696358376de6446614e0f0f4062bdc5d170d6d540ada3d8b58c12?s=96&d=mm&r=g\",\"contentUrl\":\"https:\\\/\\\/secure.gravatar.com\\\/avatar\\\/e4be162918a696358376de6446614e0f0f4062bdc5d170d6d540ada3d8b58c12?s=96&d=mm&r=g\",\"caption\":\"Zona Caral Administrador\"},\"sameAs\":[\"https:\\\/\\\/zonacaral.gob.pe\"],\"url\":\"https:\\\/\\\/zonacaral.gob.pe\\\/en\\\/noticias\\\/author\\\/ad_zonacaral\\\/\"}]}<\/script>\n<!-- \/ Yoast SEO plugin. -->","yoast_head_json":{"title":"Aniversario de \u00c1spero: con \u00e9xito se desarroll\u00f3 concurso escolar de pintura en El Molino - Supe","description":"La Zona Arqueol\u00f3gica Caral, unidad ejecutora del Ministerio de Cultura, desarroll\u00f3 con \u00e9xito el \u201cIII Concurso de Pintura: Nuestro Patrimonio Milenario a Colores\u201d, en las instalaciones de la Instituci\u00f3n Educativa Inicial N\u00b0 20536, ubicado en el Centro Poblado de El Molino, distrito de Supe - Barranca.","robots":{"index":"index","follow":"follow","max-snippet":"max-snippet:-1","max-image-preview":"max-image-preview:large","max-video-preview":"max-video-preview:-1"},"canonical":"https:\/\/zonacaral.gob.pe\/en\/noticias\/aniversario-de-aspero-con-exito-se-desarrollo-concurso-escolar-de-pintura-en-supe\/","og_locale":"en_US","og_type":"article","og_title":"Aniversario de \u00c1spero: con \u00e9xito se desarroll\u00f3 concurso escolar de pintura en El Molino - Supe","og_description":"La Zona Arqueol\u00f3gica Caral, unidad ejecutora del Ministerio de Cultura, desarroll\u00f3 con \u00e9xito el \u201cIII Concurso de Pintura: Nuestro Patrimonio Milenario a Colores\u201d, en las instalaciones de la Instituci\u00f3n Educativa Inicial N\u00b0 20536, ubicado en el Centro Poblado de El Molino, distrito de Supe - Barranca.","og_url":"https:\/\/zonacaral.gob.pe\/en\/noticias\/aniversario-de-aspero-con-exito-se-desarrollo-concurso-escolar-de-pintura-en-supe\/","og_site_name":"Zona Caral","article_published_time":"2019-04-10T20:46:17+00:00","og_image":[{"width":810,"height":410,"url":"https:\/\/zonacaral.gob.pe\/wp-content\/uploads\/2019\/04\/concurso-pintura-aspero-2.jpg","type":"image\/jpeg"}],"author":"Zona Caral Administrador","twitter_card":"summary_large_image","twitter_misc":{"Written by":"Zona Caral Administrador","Est. reading time":"2 minutes"},"schema":{"@context":"https:\/\/schema.org","@graph":[{"@type":"Article","@id":"https:\/\/zonacaral.gob.pe\/es\/noticias\/aniversario-de-aspero-con-exito-se-desarrollo-concurso-escolar-de-pintura-en-supe\/#article","isPartOf":{"@id":"https:\/\/zonacaral.gob.pe\/es\/noticias\/aniversario-de-aspero-con-exito-se-desarrollo-concurso-escolar-de-pintura-en-supe\/"},"author":{"name":"Zona Caral Administrador","@id":"https:\/\/zonacaral.gob.pe\/es\/#\/schema\/person\/beddb4d22f71a7230c5b90913270a0ee"},"headline":"Aniversario de \u00c1spero: con \u00e9xito se desarroll\u00f3 concurso escolar de pintura en El Molino &#8211; Supe","datePublished":"2019-04-10T20:46:17+00:00","mainEntityOfPage":{"@id":"https:\/\/zonacaral.gob.pe\/es\/noticias\/aniversario-de-aspero-con-exito-se-desarrollo-concurso-escolar-de-pintura-en-supe\/"},"wordCount":405,"image":{"@id":"https:\/\/zonacaral.gob.pe\/es\/noticias\/aniversario-de-aspero-con-exito-se-desarrollo-concurso-escolar-de-pintura-en-supe\/#primaryimage"},"thumbnailUrl":"https:\/\/zonacaral.gob.pe\/wp-content\/uploads\/2019\/04\/concurso-pintura-aspero-2.jpg","keywords":["caral"],"articleSection":["noticias"],"inLanguage":"en-US"},{"@type":"WebPage","@id":"https:\/\/zonacaral.gob.pe\/es\/noticias\/aniversario-de-aspero-con-exito-se-desarrollo-concurso-escolar-de-pintura-en-supe\/","url":"https:\/\/zonacaral.gob.pe\/es\/noticias\/aniversario-de-aspero-con-exito-se-desarrollo-concurso-escolar-de-pintura-en-supe\/","name":"Aniversario de \u00c1spero: con \u00e9xito se desarroll\u00f3 concurso escolar de pintura en El Molino - Supe","isPartOf":{"@id":"https:\/\/zonacaral.gob.pe\/es\/#website"},"primaryImageOfPage":{"@id":"https:\/\/zonacaral.gob.pe\/es\/noticias\/aniversario-de-aspero-con-exito-se-desarrollo-concurso-escolar-de-pintura-en-supe\/#primaryimage"},"image":{"@id":"https:\/\/zonacaral.gob.pe\/es\/noticias\/aniversario-de-aspero-con-exito-se-desarrollo-concurso-escolar-de-pintura-en-supe\/#primaryimage"},"thumbnailUrl":"https:\/\/zonacaral.gob.pe\/wp-content\/uploads\/2019\/04\/concurso-pintura-aspero-2.jpg","datePublished":"2019-04-10T20:46:17+00:00","author":{"@id":"https:\/\/zonacaral.gob.pe\/es\/#\/schema\/person\/beddb4d22f71a7230c5b90913270a0ee"},"description":"La Zona Arqueol\u00f3gica Caral, unidad ejecutora del Ministerio de Cultura, desarroll\u00f3 con \u00e9xito el \u201cIII Concurso de Pintura: Nuestro Patrimonio Milenario a Colores\u201d, en las instalaciones de la Instituci\u00f3n Educativa Inicial N\u00b0 20536, ubicado en el Centro Poblado de El Molino, distrito de Supe - Barranca.","breadcrumb":{"@id":"https:\/\/zonacaral.gob.pe\/es\/noticias\/aniversario-de-aspero-con-exito-se-desarrollo-concurso-escolar-de-pintura-en-supe\/#breadcrumb"},"inLanguage":"en-US","potentialAction":[{"@type":"ReadAction","target":["https:\/\/zonacaral.gob.pe\/es\/noticias\/aniversario-de-aspero-con-exito-se-desarrollo-concurso-escolar-de-pintura-en-supe\/"]}]},{"@type":"ImageObject","inLanguage":"en-US","@id":"https:\/\/zonacaral.gob.pe\/es\/noticias\/aniversario-de-aspero-con-exito-se-desarrollo-concurso-escolar-de-pintura-en-supe\/#primaryimage","url":"https:\/\/zonacaral.gob.pe\/wp-content\/uploads\/2019\/04\/concurso-pintura-aspero-2.jpg","contentUrl":"https:\/\/zonacaral.gob.pe\/wp-content\/uploads\/2019\/04\/concurso-pintura-aspero-2.jpg","width":810,"height":410},{"@type":"BreadcrumbList","@id":"https:\/\/zonacaral.gob.pe\/es\/noticias\/aniversario-de-aspero-con-exito-se-desarrollo-concurso-escolar-de-pintura-en-supe\/#breadcrumb","itemListElement":[{"@type":"ListItem","position":1,"name":"Portada","item":"https:\/\/zonacaral.gob.pe\/"},{"@type":"ListItem","position":2,"name":"Aniversario de \u00c1spero: con \u00e9xito se desarroll\u00f3 concurso escolar de pintura en El Molino &#8211; Supe"}]},{"@type":"WebSite","@id":"https:\/\/zonacaral.gob.pe\/es\/#website","url":"https:\/\/zonacaral.gob.pe\/es\/","name":"Zona Caral","description":"Investigamos, conservamos y difundimos el patrimonio cultural de la Civilizaci\u00f3n Caral, la m\u00e1s antigua de Am\u00e9rica.","potentialAction":[{"@type":"SearchAction","target":{"@type":"EntryPoint","urlTemplate":"https:\/\/zonacaral.gob.pe\/es\/?s={search_term_string}"},"query-input":{"@type":"PropertyValueSpecification","valueRequired":true,"valueName":"search_term_string"}}],"inLanguage":"en-US"},{"@type":"Person","@id":"https:\/\/zonacaral.gob.pe\/es\/#\/schema\/person\/beddb4d22f71a7230c5b90913270a0ee","name":"Zona Caral Administrador","image":{"@type":"ImageObject","inLanguage":"en-US","@id":"https:\/\/secure.gravatar.com\/avatar\/e4be162918a696358376de6446614e0f0f4062bdc5d170d6d540ada3d8b58c12?s=96&d=mm&r=g","url":"https:\/\/secure.gravatar.com\/avatar\/e4be162918a696358376de6446614e0f0f4062bdc5d170d6d540ada3d8b58c12?s=96&d=mm&r=g","contentUrl":"https:\/\/secure.gravatar.com\/avatar\/e4be162918a696358376de6446614e0f0f4062bdc5d170d6d540ada3d8b58c12?s=96&d=mm&r=g","caption":"Zona Caral Administrador"},"sameAs":["https:\/\/zonacaral.gob.pe"],"url":"https:\/\/zonacaral.gob.pe\/en\/noticias\/author\/ad_zonacaral\/"}]}},"_links":{"self":[{"href":"https:\/\/zonacaral.gob.pe\/en\/wp-json\/wp\/v2\/posts\/14114","targetHints":{"allow":["GET"]}}],"collection":[{"href":"https:\/\/zonacaral.gob.pe\/en\/wp-json\/wp\/v2\/posts"}],"about":[{"href":"https:\/\/zonacaral.gob.pe\/en\/wp-json\/wp\/v2\/types\/post"}],"author":[{"embeddable":true,"href":"https:\/\/zonacaral.gob.pe\/en\/wp-json\/wp\/v2\/users\/1"}],"replies":[{"embeddable":true,"href":"https:\/\/zonacaral.gob.pe\/en\/wp-json\/wp\/v2\/comments?post=14114"}],"version-history":[{"count":0,"href":"https:\/\/zonacaral.gob.pe\/en\/wp-json\/wp\/v2\/posts\/14114\/revisions"}],"wp:featuredmedia":[{"embeddable":true,"href":"https:\/\/zonacaral.gob.pe\/en\/wp-json\/wp\/v2\/media\/14118"}],"wp:attachment":[{"href":"https:\/\/zonacaral.gob.pe\/en\/wp-json\/wp\/v2\/media?parent=14114"}],"wp:term":[{"taxonomy":"category","embeddable":true,"href":"https:\/\/zonacaral.gob.pe\/en\/wp-json\/wp\/v2\/categories?post=14114"},{"taxonomy":"post_tag","embeddable":true,"href":"https:\/\/zonacaral.gob.pe\/en\/wp-json\/wp\/v2\/tags?post=14114"}],"curies":[{"name":"wp","href":"https:\/\/api.w.org\/{rel}","templated":true}]}}