{"id":14150,"date":"2019-04-15T18:33:19","date_gmt":"2019-04-15T23:33:19","guid":{"rendered":"http:\/\/www.zonacaral.gob.pe\/?p=14150"},"modified":"2019-04-15T18:33:19","modified_gmt":"2019-04-15T23:33:19","slug":"aniversario-de-aspero-concurso-de-pintura-y-recorrido-en-sitio-arqueologico-era-de-pando","status":"publish","type":"post","link":"https:\/\/zonacaral.gob.pe\/en\/noticias\/aniversario-de-aspero-concurso-de-pintura-y-recorrido-en-sitio-arqueologico-era-de-pando\/","title":{"rendered":"Aniversario de \u00c1spero:  concurso de pintura y recorrido en sitio arqueol\u00f3gico Era de Pando"},"content":{"rendered":"<figure class=\"pic-autor\" style=\"color: #4d4d4d; text-align: justify;\"><\/figure>\n<p>Contin\u00faan las actividades culturales por el 14\u00ba aniversario de \u00c1spero. Las actividades centrales de este evento se realizar\u00e1n el viernes 26 y s\u00e1bado 27 de abril.<\/p>\n<p>Supe 2019. La Zona Arqueol\u00f3gica Caral, unidad ejecutora del Ministerio de Cultura, organiz\u00f3, en el Centro Poblado de Liman, ubicado en Supe \u2013 Barranca, el III Concurso de Pintura: \u201cNuestro Patrimonio a Colores\u201d, en el marco de las actividades culturales programadas por el XVI Aniversario de \u00c1spero, ciudad pesquera de la civilizaci\u00f3n Caral.<\/p>\n<p>Este evento, fue desarrollado los d\u00edas 8 y 9 de abril, y cont\u00f3 con la participaci\u00f3n de los alumnos de la Instituci\u00f3n Educativa Liman y de la Instituci\u00f3n Educativo N\u00ba 20859, del mencionado centro poblado.<\/p>\n<p>Adem\u00e1s, tras esta actividad, los estudiantes, acompa\u00f1ados de sus padres y profesores, visitaron el sitio arqueol\u00f3gico Era de Pando, perteneciente a la civilizaci\u00f3n Caral (a\u00fan no abierta al p\u00fablico). All\u00ed fueron recibidos por una representaci\u00f3n de los antiguos pobladores, quienes les dieron la bienvenida. Asimismo, acompa\u00f1ados de un gu\u00eda, recorrieron el sitio y conocieron los principales edificios que conformaron este asentamiento, y aprendieron su valor cultural.<\/p>\n<p>La visita tuvo el objetivo de dar a conocer los avances de las investigaciones en Era de Pando y que los pobladores, cercanos a este sitio arqueol\u00f3gico, se identifiquen con ella, y conozcan la importancia de proteger y poner en valor el patrimonio cultural de su localidad.<\/p>\n<p>Cabe desatacar que el concurso cont\u00f3 con el apoyo de la UGEL N\u00aa 16 de Barranca, la cual promueve las actividades culturales e identidad de su patrimonio arqueol\u00f3gico local. Asimismo, se tuvo como jurados del concurso de pintura a los representantes de la Casa de la Cultura de la Municipalidad de Barranca y del Patronato de la Ciudad Sagrada de Caral.<\/p>\n<h4>DATO<\/h4>\n<p>El sitio arqueol\u00f3gico Era de Pando es investigado por la Zona Arqueol\u00f3gica Caral, desde el 2011. Se han identificado 48 subsectores, convirti\u00e9dolo en el segundo asentamiento m\u00e1s grande despu\u00e9s de la Ciudad Sagrada de Caral. En este lugar se encuentran edificios monumentales, edificios menores, zonas de residencias y plazas circulares circunscritas en una plataforma cuadrangular, todas ligadas al periodo Formativo inicial y Formativo Temprano. Conoce m\u00e1s de la civilizaci\u00f3n Caral aqu\u00ed.<\/p>\n<p>El aniversario de \u00c1spero se desarrollar\u00e1 los d\u00edas viernes 26 y s\u00e1bado 27 de abril, en Supe Puerto \u2013 Barranca, para la cual se ha programado diversas actividades culturales gratuitas, como el Pago a la Cochamama y el \u00c1spero Raymi. Conoce m\u00e1s de este programa <strong><a href=\"http:\/\/www.zonacaral.gob.pe\/aspero\/aspero-2\/index.html\">aqu\u00ed<\/a><\/strong>.<\/p>\n<p>Tambi\u00e9n puedes conocer la civilizaci\u00f3n Caral, participando de nuestros Viajes Educativos. M\u00e1s informaci\u00f3n al: 205-2517 \/ 955881340 o en la web. Tambi\u00e9n puedes escribirnos a: viajeseducativos@zonacaral.gob.pe.<br \/>\nPuedes comprar alg\u00fan recuerdo en: https:\/\/tienda.zonacaral.gob.pe\/<\/p>\n<p>\u00a1El Molino, Era de Pando, Piedra Parada y \u00c1spero te esperan este 26 y 27 de abril!<\/p>\n<p style=\"text-align: justify;\"><span style=\"color: #993300;\"><strong>Fuente<\/strong><strong>: Prensa ZAC<\/strong><\/span><\/p>\n<div style=\"color: #1f1f1f;\">\n<p style=\"text-align: justify;\">Fecha de publicaci\u00f3n: 15\/04\/2019<\/p>\n<\/div>","protected":false},"excerpt":{"rendered":"<p>Contin\u00faan las actividades culturales por el 14\u00ba aniversario de \u00c1spero. Las actividades centrales de este evento se realizar\u00e1n el viernes [&hellip;]<\/p>\n","protected":false},"author":1,"featured_media":14151,"comment_status":"closed","ping_status":"open","sticky":false,"template":"","format":"standard","meta":{"_acf_changed":false,"site-sidebar-layout":"default","site-content-layout":"","ast-site-content-layout":"default","site-content-style":"default","site-sidebar-style":"default","ast-global-header-display":"","ast-banner-title-visibility":"","ast-main-header-display":"","ast-hfb-above-header-display":"","ast-hfb-below-header-display":"","ast-hfb-mobile-header-display":"","site-post-title":"","ast-breadcrumbs-content":"","ast-featured-img":"","footer-sml-layout":"","ast-disable-related-posts":"","theme-transparent-header-meta":"","adv-header-id-meta":"","stick-header-meta":"","header-above-stick-meta":"","header-main-stick-meta":"","header-below-stick-meta":"","astra-migrate-meta-layouts":"default","ast-page-background-enabled":"default","ast-page-background-meta":{"desktop":{"background-color":"var(--ast-global-color-5)","background-image":"","background-repeat":"repeat","background-position":"center center","background-size":"auto","background-attachment":"scroll","background-type":"","background-media":"","overlay-type":"","overlay-color":"","overlay-opacity":"","overlay-gradient":""},"tablet":{"background-color":"","background-image":"","background-repeat":"repeat","background-position":"center center","background-size":"auto","background-attachment":"scroll","background-type":"","background-media":"","overlay-type":"","overlay-color":"","overlay-opacity":"","overlay-gradient":""},"mobile":{"background-color":"","background-image":"","background-repeat":"repeat","background-position":"center center","background-size":"auto","background-attachment":"scroll","background-type":"","background-media":"","overlay-type":"","overlay-color":"","overlay-opacity":"","overlay-gradient":""}},"ast-content-background-meta":{"desktop":{"background-color":"var(--ast-global-color-4)","background-image":"","background-repeat":"repeat","background-position":"center center","background-size":"auto","background-attachment":"scroll","background-type":"","background-media":"","overlay-type":"","overlay-color":"","overlay-opacity":"","overlay-gradient":""},"tablet":{"background-color":"var(--ast-global-color-4)","background-image":"","background-repeat":"repeat","background-position":"center center","background-size":"auto","background-attachment":"scroll","background-type":"","background-media":"","overlay-type":"","overlay-color":"","overlay-opacity":"","overlay-gradient":""},"mobile":{"background-color":"var(--ast-global-color-4)","background-image":"","background-repeat":"repeat","background-position":"center center","background-size":"auto","background-attachment":"scroll","background-type":"","background-media":"","overlay-type":"","overlay-color":"","overlay-opacity":"","overlay-gradient":""}},"footnotes":""},"categories":[208],"tags":[55],"class_list":["post-14150","post","type-post","status-publish","format-standard","has-post-thumbnail","hentry","category-noticias","tag-caral"],"acf":[],"yoast_head":"<!-- This site is optimized with the Yoast SEO plugin v27.3 - https:\/\/yoast.com\/product\/yoast-seo-wordpress\/ -->\n<title>Aniversario de \u00c1spero: concurso de pintura y recorrido en sitio arqueol\u00f3gico Era de Pando<\/title>\n<meta name=\"description\" content=\"Contin\u00faan las actividades culturales por el 14\u00ba aniversario de \u00c1spero. Las actividades centrales de este evento se realizar\u00e1n el viernes 26 y s\u00e1bado 27 de abril.\" \/>\n<meta name=\"robots\" content=\"index, follow, max-snippet:-1, max-image-preview:large, max-video-preview:-1\" \/>\n<link rel=\"canonical\" href=\"https:\/\/zonacaral.gob.pe\/en\/noticias\/aniversario-de-aspero-concurso-de-pintura-y-recorrido-en-sitio-arqueologico-era-de-pando\/\" \/>\n<meta property=\"og:locale\" content=\"en_US\" \/>\n<meta property=\"og:type\" content=\"article\" \/>\n<meta property=\"og:title\" content=\"Aniversario de \u00c1spero: concurso de pintura y recorrido en sitio arqueol\u00f3gico Era de Pando\" \/>\n<meta property=\"og:description\" content=\"Contin\u00faan las actividades culturales por el 14\u00ba aniversario de \u00c1spero. Las actividades centrales de este evento se realizar\u00e1n el viernes 26 y s\u00e1bado 27 de abril.\" \/>\n<meta property=\"og:url\" content=\"https:\/\/zonacaral.gob.pe\/en\/noticias\/aniversario-de-aspero-concurso-de-pintura-y-recorrido-en-sitio-arqueologico-era-de-pando\/\" \/>\n<meta property=\"og:site_name\" content=\"Zona Caral\" \/>\n<meta property=\"article:published_time\" content=\"2019-04-15T23:33:19+00:00\" \/>\n<meta property=\"og:image\" content=\"https:\/\/zonacaral.gob.pe\/wp-content\/uploads\/2019\/04\/era-de-pando.jpg\" \/>\n\t<meta property=\"og:image:width\" content=\"810\" \/>\n\t<meta property=\"og:image:height\" content=\"410\" \/>\n\t<meta property=\"og:image:type\" content=\"image\/jpeg\" \/>\n<meta name=\"author\" content=\"Zona Caral Administrador\" \/>\n<meta name=\"twitter:card\" content=\"summary_large_image\" \/>\n<meta name=\"twitter:label1\" content=\"Written by\" \/>\n\t<meta name=\"twitter:data1\" content=\"Zona Caral Administrador\" \/>\n\t<meta name=\"twitter:label2\" content=\"Est. reading time\" \/>\n\t<meta name=\"twitter:data2\" content=\"2 minutes\" \/>\n<script type=\"application\/ld+json\" class=\"yoast-schema-graph\">{\"@context\":\"https:\\\/\\\/schema.org\",\"@graph\":[{\"@type\":\"Article\",\"@id\":\"https:\\\/\\\/zonacaral.gob.pe\\\/es\\\/noticias\\\/aniversario-de-aspero-concurso-de-pintura-y-recorrido-en-sitio-arqueologico-era-de-pando\\\/#article\",\"isPartOf\":{\"@id\":\"https:\\\/\\\/zonacaral.gob.pe\\\/es\\\/noticias\\\/aniversario-de-aspero-concurso-de-pintura-y-recorrido-en-sitio-arqueologico-era-de-pando\\\/\"},\"author\":{\"name\":\"Zona Caral Administrador\",\"@id\":\"https:\\\/\\\/zonacaral.gob.pe\\\/es\\\/#\\\/schema\\\/person\\\/beddb4d22f71a7230c5b90913270a0ee\"},\"headline\":\"Aniversario de \u00c1spero: concurso de pintura y recorrido en sitio arqueol\u00f3gico Era de Pando\",\"datePublished\":\"2019-04-15T23:33:19+00:00\",\"mainEntityOfPage\":{\"@id\":\"https:\\\/\\\/zonacaral.gob.pe\\\/es\\\/noticias\\\/aniversario-de-aspero-concurso-de-pintura-y-recorrido-en-sitio-arqueologico-era-de-pando\\\/\"},\"wordCount\":502,\"image\":{\"@id\":\"https:\\\/\\\/zonacaral.gob.pe\\\/es\\\/noticias\\\/aniversario-de-aspero-concurso-de-pintura-y-recorrido-en-sitio-arqueologico-era-de-pando\\\/#primaryimage\"},\"thumbnailUrl\":\"https:\\\/\\\/zonacaral.gob.pe\\\/wp-content\\\/uploads\\\/2019\\\/04\\\/era-de-pando.jpg\",\"keywords\":[\"caral\"],\"articleSection\":[\"noticias\"],\"inLanguage\":\"en-US\"},{\"@type\":\"WebPage\",\"@id\":\"https:\\\/\\\/zonacaral.gob.pe\\\/es\\\/noticias\\\/aniversario-de-aspero-concurso-de-pintura-y-recorrido-en-sitio-arqueologico-era-de-pando\\\/\",\"url\":\"https:\\\/\\\/zonacaral.gob.pe\\\/es\\\/noticias\\\/aniversario-de-aspero-concurso-de-pintura-y-recorrido-en-sitio-arqueologico-era-de-pando\\\/\",\"name\":\"Aniversario de \u00c1spero: concurso de pintura y recorrido en sitio arqueol\u00f3gico Era de Pando\",\"isPartOf\":{\"@id\":\"https:\\\/\\\/zonacaral.gob.pe\\\/es\\\/#website\"},\"primaryImageOfPage\":{\"@id\":\"https:\\\/\\\/zonacaral.gob.pe\\\/es\\\/noticias\\\/aniversario-de-aspero-concurso-de-pintura-y-recorrido-en-sitio-arqueologico-era-de-pando\\\/#primaryimage\"},\"image\":{\"@id\":\"https:\\\/\\\/zonacaral.gob.pe\\\/es\\\/noticias\\\/aniversario-de-aspero-concurso-de-pintura-y-recorrido-en-sitio-arqueologico-era-de-pando\\\/#primaryimage\"},\"thumbnailUrl\":\"https:\\\/\\\/zonacaral.gob.pe\\\/wp-content\\\/uploads\\\/2019\\\/04\\\/era-de-pando.jpg\",\"datePublished\":\"2019-04-15T23:33:19+00:00\",\"author\":{\"@id\":\"https:\\\/\\\/zonacaral.gob.pe\\\/es\\\/#\\\/schema\\\/person\\\/beddb4d22f71a7230c5b90913270a0ee\"},\"description\":\"Contin\u00faan las actividades culturales por el 14\u00ba aniversario de \u00c1spero. Las actividades centrales de este evento se realizar\u00e1n el viernes 26 y s\u00e1bado 27 de abril.\",\"breadcrumb\":{\"@id\":\"https:\\\/\\\/zonacaral.gob.pe\\\/es\\\/noticias\\\/aniversario-de-aspero-concurso-de-pintura-y-recorrido-en-sitio-arqueologico-era-de-pando\\\/#breadcrumb\"},\"inLanguage\":\"en-US\",\"potentialAction\":[{\"@type\":\"ReadAction\",\"target\":[\"https:\\\/\\\/zonacaral.gob.pe\\\/es\\\/noticias\\\/aniversario-de-aspero-concurso-de-pintura-y-recorrido-en-sitio-arqueologico-era-de-pando\\\/\"]}]},{\"@type\":\"ImageObject\",\"inLanguage\":\"en-US\",\"@id\":\"https:\\\/\\\/zonacaral.gob.pe\\\/es\\\/noticias\\\/aniversario-de-aspero-concurso-de-pintura-y-recorrido-en-sitio-arqueologico-era-de-pando\\\/#primaryimage\",\"url\":\"https:\\\/\\\/zonacaral.gob.pe\\\/wp-content\\\/uploads\\\/2019\\\/04\\\/era-de-pando.jpg\",\"contentUrl\":\"https:\\\/\\\/zonacaral.gob.pe\\\/wp-content\\\/uploads\\\/2019\\\/04\\\/era-de-pando.jpg\",\"width\":810,\"height\":410},{\"@type\":\"BreadcrumbList\",\"@id\":\"https:\\\/\\\/zonacaral.gob.pe\\\/es\\\/noticias\\\/aniversario-de-aspero-concurso-de-pintura-y-recorrido-en-sitio-arqueologico-era-de-pando\\\/#breadcrumb\",\"itemListElement\":[{\"@type\":\"ListItem\",\"position\":1,\"name\":\"Portada\",\"item\":\"https:\\\/\\\/zonacaral.gob.pe\\\/\"},{\"@type\":\"ListItem\",\"position\":2,\"name\":\"Aniversario de \u00c1spero: concurso de pintura y recorrido en sitio arqueol\u00f3gico Era de Pando\"}]},{\"@type\":\"WebSite\",\"@id\":\"https:\\\/\\\/zonacaral.gob.pe\\\/es\\\/#website\",\"url\":\"https:\\\/\\\/zonacaral.gob.pe\\\/es\\\/\",\"name\":\"Zona Caral\",\"description\":\"Investigamos, conservamos y difundimos el patrimonio cultural de la Civilizaci\u00f3n Caral, la m\u00e1s antigua de Am\u00e9rica.\",\"potentialAction\":[{\"@type\":\"SearchAction\",\"target\":{\"@type\":\"EntryPoint\",\"urlTemplate\":\"https:\\\/\\\/zonacaral.gob.pe\\\/es\\\/?s={search_term_string}\"},\"query-input\":{\"@type\":\"PropertyValueSpecification\",\"valueRequired\":true,\"valueName\":\"search_term_string\"}}],\"inLanguage\":\"en-US\"},{\"@type\":\"Person\",\"@id\":\"https:\\\/\\\/zonacaral.gob.pe\\\/es\\\/#\\\/schema\\\/person\\\/beddb4d22f71a7230c5b90913270a0ee\",\"name\":\"Zona Caral Administrador\",\"image\":{\"@type\":\"ImageObject\",\"inLanguage\":\"en-US\",\"@id\":\"https:\\\/\\\/secure.gravatar.com\\\/avatar\\\/e4be162918a696358376de6446614e0f0f4062bdc5d170d6d540ada3d8b58c12?s=96&d=mm&r=g\",\"url\":\"https:\\\/\\\/secure.gravatar.com\\\/avatar\\\/e4be162918a696358376de6446614e0f0f4062bdc5d170d6d540ada3d8b58c12?s=96&d=mm&r=g\",\"contentUrl\":\"https:\\\/\\\/secure.gravatar.com\\\/avatar\\\/e4be162918a696358376de6446614e0f0f4062bdc5d170d6d540ada3d8b58c12?s=96&d=mm&r=g\",\"caption\":\"Zona Caral Administrador\"},\"sameAs\":[\"https:\\\/\\\/zonacaral.gob.pe\"],\"url\":\"https:\\\/\\\/zonacaral.gob.pe\\\/en\\\/noticias\\\/author\\\/ad_zonacaral\\\/\"}]}<\/script>\n<!-- \/ Yoast SEO plugin. -->","yoast_head_json":{"title":"Aniversario de \u00c1spero: concurso de pintura y recorrido en sitio arqueol\u00f3gico Era de Pando","description":"Contin\u00faan las actividades culturales por el 14\u00ba aniversario de \u00c1spero. Las actividades centrales de este evento se realizar\u00e1n el viernes 26 y s\u00e1bado 27 de abril.","robots":{"index":"index","follow":"follow","max-snippet":"max-snippet:-1","max-image-preview":"max-image-preview:large","max-video-preview":"max-video-preview:-1"},"canonical":"https:\/\/zonacaral.gob.pe\/en\/noticias\/aniversario-de-aspero-concurso-de-pintura-y-recorrido-en-sitio-arqueologico-era-de-pando\/","og_locale":"en_US","og_type":"article","og_title":"Aniversario de \u00c1spero: concurso de pintura y recorrido en sitio arqueol\u00f3gico Era de Pando","og_description":"Contin\u00faan las actividades culturales por el 14\u00ba aniversario de \u00c1spero. Las actividades centrales de este evento se realizar\u00e1n el viernes 26 y s\u00e1bado 27 de abril.","og_url":"https:\/\/zonacaral.gob.pe\/en\/noticias\/aniversario-de-aspero-concurso-de-pintura-y-recorrido-en-sitio-arqueologico-era-de-pando\/","og_site_name":"Zona Caral","article_published_time":"2019-04-15T23:33:19+00:00","og_image":[{"width":810,"height":410,"url":"https:\/\/zonacaral.gob.pe\/wp-content\/uploads\/2019\/04\/era-de-pando.jpg","type":"image\/jpeg"}],"author":"Zona Caral Administrador","twitter_card":"summary_large_image","twitter_misc":{"Written by":"Zona Caral Administrador","Est. reading time":"2 minutes"},"schema":{"@context":"https:\/\/schema.org","@graph":[{"@type":"Article","@id":"https:\/\/zonacaral.gob.pe\/es\/noticias\/aniversario-de-aspero-concurso-de-pintura-y-recorrido-en-sitio-arqueologico-era-de-pando\/#article","isPartOf":{"@id":"https:\/\/zonacaral.gob.pe\/es\/noticias\/aniversario-de-aspero-concurso-de-pintura-y-recorrido-en-sitio-arqueologico-era-de-pando\/"},"author":{"name":"Zona Caral Administrador","@id":"https:\/\/zonacaral.gob.pe\/es\/#\/schema\/person\/beddb4d22f71a7230c5b90913270a0ee"},"headline":"Aniversario de \u00c1spero: concurso de pintura y recorrido en sitio arqueol\u00f3gico Era de Pando","datePublished":"2019-04-15T23:33:19+00:00","mainEntityOfPage":{"@id":"https:\/\/zonacaral.gob.pe\/es\/noticias\/aniversario-de-aspero-concurso-de-pintura-y-recorrido-en-sitio-arqueologico-era-de-pando\/"},"wordCount":502,"image":{"@id":"https:\/\/zonacaral.gob.pe\/es\/noticias\/aniversario-de-aspero-concurso-de-pintura-y-recorrido-en-sitio-arqueologico-era-de-pando\/#primaryimage"},"thumbnailUrl":"https:\/\/zonacaral.gob.pe\/wp-content\/uploads\/2019\/04\/era-de-pando.jpg","keywords":["caral"],"articleSection":["noticias"],"inLanguage":"en-US"},{"@type":"WebPage","@id":"https:\/\/zonacaral.gob.pe\/es\/noticias\/aniversario-de-aspero-concurso-de-pintura-y-recorrido-en-sitio-arqueologico-era-de-pando\/","url":"https:\/\/zonacaral.gob.pe\/es\/noticias\/aniversario-de-aspero-concurso-de-pintura-y-recorrido-en-sitio-arqueologico-era-de-pando\/","name":"Aniversario de \u00c1spero: concurso de pintura y recorrido en sitio arqueol\u00f3gico Era de Pando","isPartOf":{"@id":"https:\/\/zonacaral.gob.pe\/es\/#website"},"primaryImageOfPage":{"@id":"https:\/\/zonacaral.gob.pe\/es\/noticias\/aniversario-de-aspero-concurso-de-pintura-y-recorrido-en-sitio-arqueologico-era-de-pando\/#primaryimage"},"image":{"@id":"https:\/\/zonacaral.gob.pe\/es\/noticias\/aniversario-de-aspero-concurso-de-pintura-y-recorrido-en-sitio-arqueologico-era-de-pando\/#primaryimage"},"thumbnailUrl":"https:\/\/zonacaral.gob.pe\/wp-content\/uploads\/2019\/04\/era-de-pando.jpg","datePublished":"2019-04-15T23:33:19+00:00","author":{"@id":"https:\/\/zonacaral.gob.pe\/es\/#\/schema\/person\/beddb4d22f71a7230c5b90913270a0ee"},"description":"Contin\u00faan las actividades culturales por el 14\u00ba aniversario de \u00c1spero. Las actividades centrales de este evento se realizar\u00e1n el viernes 26 y s\u00e1bado 27 de abril.","breadcrumb":{"@id":"https:\/\/zonacaral.gob.pe\/es\/noticias\/aniversario-de-aspero-concurso-de-pintura-y-recorrido-en-sitio-arqueologico-era-de-pando\/#breadcrumb"},"inLanguage":"en-US","potentialAction":[{"@type":"ReadAction","target":["https:\/\/zonacaral.gob.pe\/es\/noticias\/aniversario-de-aspero-concurso-de-pintura-y-recorrido-en-sitio-arqueologico-era-de-pando\/"]}]},{"@type":"ImageObject","inLanguage":"en-US","@id":"https:\/\/zonacaral.gob.pe\/es\/noticias\/aniversario-de-aspero-concurso-de-pintura-y-recorrido-en-sitio-arqueologico-era-de-pando\/#primaryimage","url":"https:\/\/zonacaral.gob.pe\/wp-content\/uploads\/2019\/04\/era-de-pando.jpg","contentUrl":"https:\/\/zonacaral.gob.pe\/wp-content\/uploads\/2019\/04\/era-de-pando.jpg","width":810,"height":410},{"@type":"BreadcrumbList","@id":"https:\/\/zonacaral.gob.pe\/es\/noticias\/aniversario-de-aspero-concurso-de-pintura-y-recorrido-en-sitio-arqueologico-era-de-pando\/#breadcrumb","itemListElement":[{"@type":"ListItem","position":1,"name":"Portada","item":"https:\/\/zonacaral.gob.pe\/"},{"@type":"ListItem","position":2,"name":"Aniversario de \u00c1spero: concurso de pintura y recorrido en sitio arqueol\u00f3gico Era de Pando"}]},{"@type":"WebSite","@id":"https:\/\/zonacaral.gob.pe\/es\/#website","url":"https:\/\/zonacaral.gob.pe\/es\/","name":"Zona Caral","description":"Investigamos, conservamos y difundimos el patrimonio cultural de la Civilizaci\u00f3n Caral, la m\u00e1s antigua de Am\u00e9rica.","potentialAction":[{"@type":"SearchAction","target":{"@type":"EntryPoint","urlTemplate":"https:\/\/zonacaral.gob.pe\/es\/?s={search_term_string}"},"query-input":{"@type":"PropertyValueSpecification","valueRequired":true,"valueName":"search_term_string"}}],"inLanguage":"en-US"},{"@type":"Person","@id":"https:\/\/zonacaral.gob.pe\/es\/#\/schema\/person\/beddb4d22f71a7230c5b90913270a0ee","name":"Zona Caral Administrador","image":{"@type":"ImageObject","inLanguage":"en-US","@id":"https:\/\/secure.gravatar.com\/avatar\/e4be162918a696358376de6446614e0f0f4062bdc5d170d6d540ada3d8b58c12?s=96&d=mm&r=g","url":"https:\/\/secure.gravatar.com\/avatar\/e4be162918a696358376de6446614e0f0f4062bdc5d170d6d540ada3d8b58c12?s=96&d=mm&r=g","contentUrl":"https:\/\/secure.gravatar.com\/avatar\/e4be162918a696358376de6446614e0f0f4062bdc5d170d6d540ada3d8b58c12?s=96&d=mm&r=g","caption":"Zona Caral Administrador"},"sameAs":["https:\/\/zonacaral.gob.pe"],"url":"https:\/\/zonacaral.gob.pe\/en\/noticias\/author\/ad_zonacaral\/"}]}},"_links":{"self":[{"href":"https:\/\/zonacaral.gob.pe\/en\/wp-json\/wp\/v2\/posts\/14150","targetHints":{"allow":["GET"]}}],"collection":[{"href":"https:\/\/zonacaral.gob.pe\/en\/wp-json\/wp\/v2\/posts"}],"about":[{"href":"https:\/\/zonacaral.gob.pe\/en\/wp-json\/wp\/v2\/types\/post"}],"author":[{"embeddable":true,"href":"https:\/\/zonacaral.gob.pe\/en\/wp-json\/wp\/v2\/users\/1"}],"replies":[{"embeddable":true,"href":"https:\/\/zonacaral.gob.pe\/en\/wp-json\/wp\/v2\/comments?post=14150"}],"version-history":[{"count":0,"href":"https:\/\/zonacaral.gob.pe\/en\/wp-json\/wp\/v2\/posts\/14150\/revisions"}],"wp:featuredmedia":[{"embeddable":true,"href":"https:\/\/zonacaral.gob.pe\/en\/wp-json\/wp\/v2\/media\/14151"}],"wp:attachment":[{"href":"https:\/\/zonacaral.gob.pe\/en\/wp-json\/wp\/v2\/media?parent=14150"}],"wp:term":[{"taxonomy":"category","embeddable":true,"href":"https:\/\/zonacaral.gob.pe\/en\/wp-json\/wp\/v2\/categories?post=14150"},{"taxonomy":"post_tag","embeddable":true,"href":"https:\/\/zonacaral.gob.pe\/en\/wp-json\/wp\/v2\/tags?post=14150"}],"curies":[{"name":"wp","href":"https:\/\/api.w.org\/{rel}","templated":true}]}}