{"id":14205,"date":"2019-04-22T10:34:55","date_gmt":"2019-04-22T15:34:55","guid":{"rendered":"http:\/\/www.zonacaral.gob.pe\/?p=14205"},"modified":"2019-04-22T10:34:55","modified_gmt":"2019-04-22T15:34:55","slug":"conoce-y-disfruta-del-aspero-raymi-con-nuestro-viaje-educativo","status":"publish","type":"post","link":"https:\/\/zonacaral.gob.pe\/en\/noticias\/conoce-y-disfruta-del-aspero-raymi-con-nuestro-viaje-educativo\/","title":{"rendered":"Conoce y disfruta del \u00c1spero Raymi con nuestro Viaje Educativo"},"content":{"rendered":"<figure class=\"pic-autor\" style=\"color: #4d4d4d; text-align: justify;\"><\/figure>\n<blockquote><p>Al conmemorarse el XIV Aniversario de \u00c1spero, ciudad pesquera de la civilizaci\u00f3n Caral, invitamos a la poblaci\u00f3n a participar del denominado \u201c\u00c1spero Raymi\u201d o Fiesta de \u00c1spero, a realizarse el s\u00e1bado, 27 de abril, en el centro de recepci\u00f3n del mencionado sitio arqueol\u00f3gico, ubicado en Supe Puerto \u2013 Barranca.<\/p><\/blockquote>\n<p>Como cada a\u00f1o, la Zona Arqueol\u00f3gica Caral, con el apoyo de diversas instituciones privadas y del Estado, ha elaborado un nutrido programa de actividades culturales gratuitas que iniciar\u00e1n el viernes 26 y terminar\u00e1n el s\u00e1bado 27, nuestro d\u00eda central.<\/p>\n<p>Por tal motivo, dise\u00f1amos un viaje, de un solo d\u00eda, para todos los que deseen formar parte de este importante evento.<\/p>\n<h4>ACTIVIDADES DE VIAJE &#8211; S\u00c1BADO 27<\/h4>\n<p>La salida es, de Lima (Ministerio de Cultura), a las 5:30 a.m. hacia la Ciudad Sagrada de Caral, principal centro urbano de la civilizaci\u00f3n m\u00e1s antigua de Am\u00e9rica.\u2028\u2028Luego de conocer este impresionante lugar, el paseo continuar\u00e1 con la visita a \u00c1spero, el cual los esperar\u00e1 con los brazos abiertos. Aqu\u00ed, adem\u00e1s de recorrer el sitio arqueol\u00f3gico, y conocer su importante historia y valor cultural, disfrutar\u00e1n de las actividades que se han programado para celebrar los 14 a\u00f1os de \u00c1spero.<\/p>\n<p>Asimismo, podr\u00e1n conocer la gastronom\u00eda y artesan\u00eda de los diferentes distritos de la provincia de Barranca. El regreso a Lima est\u00e1 previsto para las 8:00 p.m., a la explanada del mencionado ministerio.<\/p>\n<p>Todos los interesados de participar en este viaje excepcional, deben comunicarse con el Programa de Viajes Educativos que organiza la Zona Arqueol\u00f3gica Caral, a los n\u00fameros: 205-2517 \/ 955881340 o enviar un correo a: <a href=\"\/en\/viajeseducativos@zonacaral.gob.pe\/\">viajeseducativos@zonacaral.gob.pe<\/a>.<br \/>\nConoce el itinerario completo <a href=\"\/en\/www.zonacaral.gob.pe\/viajes-educativos-2\/Programa-14-ASPERO.pdf%20\/\">aqu\u00ed<\/a>.<\/p>\n<h4>DATOS<\/h4>\n<p>Cabe se\u00f1alar que las celebraciones por el aniversario de \u00c1spero, del viernes 26, son: desde las 4:45p.m., en la Plaza Grau de Supe Puerto, se desarrollar\u00e1 el Gran Corso y Pasacalle Escolar \u201cRevalorando Nuestro Pasado Milenario\u201d, en el cual los participantes, en su mayor\u00eda colegios de los distritos de Supe Puerto, Supe y Barranca, realizan un colorido desfile con vestimentas y adornos hechos de objetos reciclados.<\/p>\n<p>Luego, desde las 8:00 p.m., en el sitio arqueol\u00f3gico \u00c1spero, se realizar\u00e1 el tradicional \u201cPago a la Cochamama\u201d, con la participaci\u00f3n de artistas quienes representar\u00e1n a la Dama de los Cuatro Tupus y su s\u00e9quito. Asimismo, un chamana se har\u00e1 cargo de ritual de pago, que involucra a todos los visitantes. El evento terminar\u00e1 con una presentaci\u00f3n de danzantes.<\/p>\n<h4>M\u00c1S SOBRE \u00c1SPERO<\/h4>\n<p>Hace 14 a\u00f1os, la Zona Arqueol\u00f3gica Caral viene trabajando en la investigaci\u00f3n, conservaci\u00f3n y difusi\u00f3n de \u00c1spero, sitio que habr\u00eda sido de mucha importancia para el desarrollo de los diferentes asentamientos del \u00e1rea norcentral del pa\u00eds, que pertenecieron a la civilizaci\u00f3n Caral.<\/p>\n<p>\u00c1spero est\u00e1 ubicado en el distrito de Supe Puerto, provincia de Barranca, a la altura del kil\u00f3metro 191 de la Panamericana Norte. Est\u00e1 abierto al p\u00fablico, durante todo el a\u00f1o, de 9:00 a.m. a 4:00 p.m., de lunes a viernes, y de 9:00 a.m. a 6:00 p.m., los s\u00e1bados y domingos (incluyendo feriados).<\/p>\n<p>Conoce m\u00e1s sobre \u00c1spero <a href=\"http:\/\/www.zonacaral.gob.pe\/aspero\/aspero-2\/mundo\/index.html\">aqu\u00ed<\/a>. Participa de todas nuestras actividades <a href=\"http:\/\/www.zonacaral.gob.pe\/aspero\/aspero-2\/index.html\">aqu\u00ed<\/a>.<\/p>\n<p style=\"text-align: justify;\"><span style=\"color: #993300;\"><strong>Fuente<\/strong><strong>: Prensa ZAC<\/strong><\/span><\/p>\n<div style=\"color: #1f1f1f;\">\n<p style=\"text-align: justify;\">Fecha de publicaci\u00f3n: 22\/04\/2019<\/p>\n<\/div>","protected":false},"excerpt":{"rendered":"<p>Al conmemorarse el XIV Aniversario de \u00c1spero, ciudad pesquera de la civilizaci\u00f3n Caral, invitamos a la poblaci\u00f3n a participar del [&hellip;]<\/p>\n","protected":false},"author":1,"featured_media":14208,"comment_status":"closed","ping_status":"open","sticky":false,"template":"","format":"standard","meta":{"_acf_changed":false,"site-sidebar-layout":"default","site-content-layout":"","ast-site-content-layout":"default","site-content-style":"default","site-sidebar-style":"default","ast-global-header-display":"","ast-banner-title-visibility":"","ast-main-header-display":"","ast-hfb-above-header-display":"","ast-hfb-below-header-display":"","ast-hfb-mobile-header-display":"","site-post-title":"","ast-breadcrumbs-content":"","ast-featured-img":"","footer-sml-layout":"","ast-disable-related-posts":"","theme-transparent-header-meta":"","adv-header-id-meta":"","stick-header-meta":"","header-above-stick-meta":"","header-main-stick-meta":"","header-below-stick-meta":"","astra-migrate-meta-layouts":"default","ast-page-background-enabled":"default","ast-page-background-meta":{"desktop":{"background-color":"var(--ast-global-color-5)","background-image":"","background-repeat":"repeat","background-position":"center center","background-size":"auto","background-attachment":"scroll","background-type":"","background-media":"","overlay-type":"","overlay-color":"","overlay-opacity":"","overlay-gradient":""},"tablet":{"background-color":"","background-image":"","background-repeat":"repeat","background-position":"center center","background-size":"auto","background-attachment":"scroll","background-type":"","background-media":"","overlay-type":"","overlay-color":"","overlay-opacity":"","overlay-gradient":""},"mobile":{"background-color":"","background-image":"","background-repeat":"repeat","background-position":"center center","background-size":"auto","background-attachment":"scroll","background-type":"","background-media":"","overlay-type":"","overlay-color":"","overlay-opacity":"","overlay-gradient":""}},"ast-content-background-meta":{"desktop":{"background-color":"var(--ast-global-color-4)","background-image":"","background-repeat":"repeat","background-position":"center center","background-size":"auto","background-attachment":"scroll","background-type":"","background-media":"","overlay-type":"","overlay-color":"","overlay-opacity":"","overlay-gradient":""},"tablet":{"background-color":"var(--ast-global-color-4)","background-image":"","background-repeat":"repeat","background-position":"center center","background-size":"auto","background-attachment":"scroll","background-type":"","background-media":"","overlay-type":"","overlay-color":"","overlay-opacity":"","overlay-gradient":""},"mobile":{"background-color":"var(--ast-global-color-4)","background-image":"","background-repeat":"repeat","background-position":"center center","background-size":"auto","background-attachment":"scroll","background-type":"","background-media":"","overlay-type":"","overlay-color":"","overlay-opacity":"","overlay-gradient":""}},"footnotes":""},"categories":[208],"tags":[78,63,71],"class_list":["post-14205","post","type-post","status-publish","format-standard","has-post-thumbnail","hentry","category-noticias","tag-aniverario","tag-aspero","tag-viajes-educativos"],"acf":[],"yoast_head":"<!-- This site is optimized with the Yoast SEO plugin v27.3 - https:\/\/yoast.com\/product\/yoast-seo-wordpress\/ -->\n<title>Conoce y disfruta del \u00c1spero Raymi con nuestro Viaje Educativo<\/title>\n<meta name=\"description\" content=\"Al conmemorarse el XIV Aniversario de \u00c1spero, ciudad pesquera de la civilizaci\u00f3n Caral, invitamos a la poblaci\u00f3n a participar del denominado \u201c\u00c1spero Raymi\u201d o Fiesta de \u00c1spero, a realizarse el s\u00e1bado, 27 de abril, en el centro de recepci\u00f3n del mencionado sitio arqueol\u00f3gico, ubicado en Supe Puerto \u2013 Barranca.\" \/>\n<meta name=\"robots\" content=\"index, follow, max-snippet:-1, max-image-preview:large, max-video-preview:-1\" \/>\n<link rel=\"canonical\" href=\"https:\/\/zonacaral.gob.pe\/en\/noticias\/conoce-y-disfruta-del-aspero-raymi-con-nuestro-viaje-educativo\/\" \/>\n<meta property=\"og:locale\" content=\"en_US\" \/>\n<meta property=\"og:type\" content=\"article\" \/>\n<meta property=\"og:title\" content=\"Conoce y disfruta del \u00c1spero Raymi con nuestro Viaje Educativo\" \/>\n<meta property=\"og:description\" content=\"Al conmemorarse el XIV Aniversario de \u00c1spero, ciudad pesquera de la civilizaci\u00f3n Caral, invitamos a la poblaci\u00f3n a participar del denominado \u201c\u00c1spero Raymi\u201d o Fiesta de \u00c1spero, a realizarse el s\u00e1bado, 27 de abril, en el centro de recepci\u00f3n del mencionado sitio arqueol\u00f3gico, ubicado en Supe Puerto \u2013 Barranca.\" \/>\n<meta property=\"og:url\" content=\"https:\/\/zonacaral.gob.pe\/en\/noticias\/conoce-y-disfruta-del-aspero-raymi-con-nuestro-viaje-educativo\/\" \/>\n<meta property=\"og:site_name\" content=\"Zona Caral\" \/>\n<meta property=\"article:published_time\" content=\"2019-04-22T15:34:55+00:00\" \/>\n<meta property=\"og:image\" content=\"https:\/\/zonacaral.gob.pe\/wp-content\/uploads\/2019\/04\/ani-aspero-viaje.jpg\" \/>\n\t<meta property=\"og:image:width\" content=\"810\" \/>\n\t<meta property=\"og:image:height\" content=\"410\" \/>\n\t<meta property=\"og:image:type\" content=\"image\/jpeg\" \/>\n<meta name=\"author\" content=\"Zona Caral Administrador\" \/>\n<meta name=\"twitter:card\" content=\"summary_large_image\" \/>\n<meta name=\"twitter:label1\" content=\"Written by\" \/>\n\t<meta name=\"twitter:data1\" content=\"Zona Caral Administrador\" \/>\n\t<meta name=\"twitter:label2\" content=\"Est. reading time\" \/>\n\t<meta name=\"twitter:data2\" content=\"3 minutes\" \/>\n<script type=\"application\/ld+json\" class=\"yoast-schema-graph\">{\"@context\":\"https:\\\/\\\/schema.org\",\"@graph\":[{\"@type\":\"Article\",\"@id\":\"https:\\\/\\\/zonacaral.gob.pe\\\/es\\\/noticias\\\/conoce-y-disfruta-del-aspero-raymi-con-nuestro-viaje-educativo\\\/#article\",\"isPartOf\":{\"@id\":\"https:\\\/\\\/zonacaral.gob.pe\\\/es\\\/noticias\\\/conoce-y-disfruta-del-aspero-raymi-con-nuestro-viaje-educativo\\\/\"},\"author\":{\"name\":\"Zona Caral Administrador\",\"@id\":\"https:\\\/\\\/zonacaral.gob.pe\\\/es\\\/#\\\/schema\\\/person\\\/beddb4d22f71a7230c5b90913270a0ee\"},\"headline\":\"Conoce y disfruta del \u00c1spero Raymi con nuestro Viaje Educativo\",\"datePublished\":\"2019-04-22T15:34:55+00:00\",\"mainEntityOfPage\":{\"@id\":\"https:\\\/\\\/zonacaral.gob.pe\\\/es\\\/noticias\\\/conoce-y-disfruta-del-aspero-raymi-con-nuestro-viaje-educativo\\\/\"},\"wordCount\":559,\"image\":{\"@id\":\"https:\\\/\\\/zonacaral.gob.pe\\\/es\\\/noticias\\\/conoce-y-disfruta-del-aspero-raymi-con-nuestro-viaje-educativo\\\/#primaryimage\"},\"thumbnailUrl\":\"https:\\\/\\\/zonacaral.gob.pe\\\/wp-content\\\/uploads\\\/2019\\\/04\\\/ani-aspero-viaje.jpg\",\"keywords\":[\"aniverario\",\"Aspero\",\"viajes educativos\"],\"articleSection\":[\"noticias\"],\"inLanguage\":\"en-US\"},{\"@type\":\"WebPage\",\"@id\":\"https:\\\/\\\/zonacaral.gob.pe\\\/es\\\/noticias\\\/conoce-y-disfruta-del-aspero-raymi-con-nuestro-viaje-educativo\\\/\",\"url\":\"https:\\\/\\\/zonacaral.gob.pe\\\/es\\\/noticias\\\/conoce-y-disfruta-del-aspero-raymi-con-nuestro-viaje-educativo\\\/\",\"name\":\"Conoce y disfruta del \u00c1spero Raymi con nuestro Viaje Educativo\",\"isPartOf\":{\"@id\":\"https:\\\/\\\/zonacaral.gob.pe\\\/es\\\/#website\"},\"primaryImageOfPage\":{\"@id\":\"https:\\\/\\\/zonacaral.gob.pe\\\/es\\\/noticias\\\/conoce-y-disfruta-del-aspero-raymi-con-nuestro-viaje-educativo\\\/#primaryimage\"},\"image\":{\"@id\":\"https:\\\/\\\/zonacaral.gob.pe\\\/es\\\/noticias\\\/conoce-y-disfruta-del-aspero-raymi-con-nuestro-viaje-educativo\\\/#primaryimage\"},\"thumbnailUrl\":\"https:\\\/\\\/zonacaral.gob.pe\\\/wp-content\\\/uploads\\\/2019\\\/04\\\/ani-aspero-viaje.jpg\",\"datePublished\":\"2019-04-22T15:34:55+00:00\",\"author\":{\"@id\":\"https:\\\/\\\/zonacaral.gob.pe\\\/es\\\/#\\\/schema\\\/person\\\/beddb4d22f71a7230c5b90913270a0ee\"},\"description\":\"Al conmemorarse el XIV Aniversario de \u00c1spero, ciudad pesquera de la civilizaci\u00f3n Caral, invitamos a la poblaci\u00f3n a participar del denominado \u201c\u00c1spero Raymi\u201d o Fiesta de \u00c1spero, a realizarse el s\u00e1bado, 27 de abril, en el centro de recepci\u00f3n del mencionado sitio arqueol\u00f3gico, ubicado en Supe Puerto \u2013 Barranca.\",\"breadcrumb\":{\"@id\":\"https:\\\/\\\/zonacaral.gob.pe\\\/es\\\/noticias\\\/conoce-y-disfruta-del-aspero-raymi-con-nuestro-viaje-educativo\\\/#breadcrumb\"},\"inLanguage\":\"en-US\",\"potentialAction\":[{\"@type\":\"ReadAction\",\"target\":[\"https:\\\/\\\/zonacaral.gob.pe\\\/es\\\/noticias\\\/conoce-y-disfruta-del-aspero-raymi-con-nuestro-viaje-educativo\\\/\"]}]},{\"@type\":\"ImageObject\",\"inLanguage\":\"en-US\",\"@id\":\"https:\\\/\\\/zonacaral.gob.pe\\\/es\\\/noticias\\\/conoce-y-disfruta-del-aspero-raymi-con-nuestro-viaje-educativo\\\/#primaryimage\",\"url\":\"https:\\\/\\\/zonacaral.gob.pe\\\/wp-content\\\/uploads\\\/2019\\\/04\\\/ani-aspero-viaje.jpg\",\"contentUrl\":\"https:\\\/\\\/zonacaral.gob.pe\\\/wp-content\\\/uploads\\\/2019\\\/04\\\/ani-aspero-viaje.jpg\",\"width\":810,\"height\":410},{\"@type\":\"BreadcrumbList\",\"@id\":\"https:\\\/\\\/zonacaral.gob.pe\\\/es\\\/noticias\\\/conoce-y-disfruta-del-aspero-raymi-con-nuestro-viaje-educativo\\\/#breadcrumb\",\"itemListElement\":[{\"@type\":\"ListItem\",\"position\":1,\"name\":\"Portada\",\"item\":\"https:\\\/\\\/zonacaral.gob.pe\\\/\"},{\"@type\":\"ListItem\",\"position\":2,\"name\":\"Conoce y disfruta del \u00c1spero Raymi con nuestro Viaje Educativo\"}]},{\"@type\":\"WebSite\",\"@id\":\"https:\\\/\\\/zonacaral.gob.pe\\\/es\\\/#website\",\"url\":\"https:\\\/\\\/zonacaral.gob.pe\\\/es\\\/\",\"name\":\"Zona Caral\",\"description\":\"Investigamos, conservamos y difundimos el patrimonio cultural de la Civilizaci\u00f3n Caral, la m\u00e1s antigua de Am\u00e9rica.\",\"potentialAction\":[{\"@type\":\"SearchAction\",\"target\":{\"@type\":\"EntryPoint\",\"urlTemplate\":\"https:\\\/\\\/zonacaral.gob.pe\\\/es\\\/?s={search_term_string}\"},\"query-input\":{\"@type\":\"PropertyValueSpecification\",\"valueRequired\":true,\"valueName\":\"search_term_string\"}}],\"inLanguage\":\"en-US\"},{\"@type\":\"Person\",\"@id\":\"https:\\\/\\\/zonacaral.gob.pe\\\/es\\\/#\\\/schema\\\/person\\\/beddb4d22f71a7230c5b90913270a0ee\",\"name\":\"Zona Caral Administrador\",\"image\":{\"@type\":\"ImageObject\",\"inLanguage\":\"en-US\",\"@id\":\"https:\\\/\\\/secure.gravatar.com\\\/avatar\\\/e4be162918a696358376de6446614e0f0f4062bdc5d170d6d540ada3d8b58c12?s=96&d=mm&r=g\",\"url\":\"https:\\\/\\\/secure.gravatar.com\\\/avatar\\\/e4be162918a696358376de6446614e0f0f4062bdc5d170d6d540ada3d8b58c12?s=96&d=mm&r=g\",\"contentUrl\":\"https:\\\/\\\/secure.gravatar.com\\\/avatar\\\/e4be162918a696358376de6446614e0f0f4062bdc5d170d6d540ada3d8b58c12?s=96&d=mm&r=g\",\"caption\":\"Zona Caral Administrador\"},\"sameAs\":[\"https:\\\/\\\/zonacaral.gob.pe\"],\"url\":\"https:\\\/\\\/zonacaral.gob.pe\\\/en\\\/noticias\\\/author\\\/ad_zonacaral\\\/\"}]}<\/script>\n<!-- \/ Yoast SEO plugin. -->","yoast_head_json":{"title":"Conoce y disfruta del \u00c1spero Raymi con nuestro Viaje Educativo","description":"Al conmemorarse el XIV Aniversario de \u00c1spero, ciudad pesquera de la civilizaci\u00f3n Caral, invitamos a la poblaci\u00f3n a participar del denominado \u201c\u00c1spero Raymi\u201d o Fiesta de \u00c1spero, a realizarse el s\u00e1bado, 27 de abril, en el centro de recepci\u00f3n del mencionado sitio arqueol\u00f3gico, ubicado en Supe Puerto \u2013 Barranca.","robots":{"index":"index","follow":"follow","max-snippet":"max-snippet:-1","max-image-preview":"max-image-preview:large","max-video-preview":"max-video-preview:-1"},"canonical":"https:\/\/zonacaral.gob.pe\/en\/noticias\/conoce-y-disfruta-del-aspero-raymi-con-nuestro-viaje-educativo\/","og_locale":"en_US","og_type":"article","og_title":"Conoce y disfruta del \u00c1spero Raymi con nuestro Viaje Educativo","og_description":"Al conmemorarse el XIV Aniversario de \u00c1spero, ciudad pesquera de la civilizaci\u00f3n Caral, invitamos a la poblaci\u00f3n a participar del denominado \u201c\u00c1spero Raymi\u201d o Fiesta de \u00c1spero, a realizarse el s\u00e1bado, 27 de abril, en el centro de recepci\u00f3n del mencionado sitio arqueol\u00f3gico, ubicado en Supe Puerto \u2013 Barranca.","og_url":"https:\/\/zonacaral.gob.pe\/en\/noticias\/conoce-y-disfruta-del-aspero-raymi-con-nuestro-viaje-educativo\/","og_site_name":"Zona Caral","article_published_time":"2019-04-22T15:34:55+00:00","og_image":[{"width":810,"height":410,"url":"https:\/\/zonacaral.gob.pe\/wp-content\/uploads\/2019\/04\/ani-aspero-viaje.jpg","type":"image\/jpeg"}],"author":"Zona Caral Administrador","twitter_card":"summary_large_image","twitter_misc":{"Written by":"Zona Caral Administrador","Est. reading time":"3 minutes"},"schema":{"@context":"https:\/\/schema.org","@graph":[{"@type":"Article","@id":"https:\/\/zonacaral.gob.pe\/es\/noticias\/conoce-y-disfruta-del-aspero-raymi-con-nuestro-viaje-educativo\/#article","isPartOf":{"@id":"https:\/\/zonacaral.gob.pe\/es\/noticias\/conoce-y-disfruta-del-aspero-raymi-con-nuestro-viaje-educativo\/"},"author":{"name":"Zona Caral Administrador","@id":"https:\/\/zonacaral.gob.pe\/es\/#\/schema\/person\/beddb4d22f71a7230c5b90913270a0ee"},"headline":"Conoce y disfruta del \u00c1spero Raymi con nuestro Viaje Educativo","datePublished":"2019-04-22T15:34:55+00:00","mainEntityOfPage":{"@id":"https:\/\/zonacaral.gob.pe\/es\/noticias\/conoce-y-disfruta-del-aspero-raymi-con-nuestro-viaje-educativo\/"},"wordCount":559,"image":{"@id":"https:\/\/zonacaral.gob.pe\/es\/noticias\/conoce-y-disfruta-del-aspero-raymi-con-nuestro-viaje-educativo\/#primaryimage"},"thumbnailUrl":"https:\/\/zonacaral.gob.pe\/wp-content\/uploads\/2019\/04\/ani-aspero-viaje.jpg","keywords":["aniverario","Aspero","viajes educativos"],"articleSection":["noticias"],"inLanguage":"en-US"},{"@type":"WebPage","@id":"https:\/\/zonacaral.gob.pe\/es\/noticias\/conoce-y-disfruta-del-aspero-raymi-con-nuestro-viaje-educativo\/","url":"https:\/\/zonacaral.gob.pe\/es\/noticias\/conoce-y-disfruta-del-aspero-raymi-con-nuestro-viaje-educativo\/","name":"Conoce y disfruta del \u00c1spero Raymi con nuestro Viaje Educativo","isPartOf":{"@id":"https:\/\/zonacaral.gob.pe\/es\/#website"},"primaryImageOfPage":{"@id":"https:\/\/zonacaral.gob.pe\/es\/noticias\/conoce-y-disfruta-del-aspero-raymi-con-nuestro-viaje-educativo\/#primaryimage"},"image":{"@id":"https:\/\/zonacaral.gob.pe\/es\/noticias\/conoce-y-disfruta-del-aspero-raymi-con-nuestro-viaje-educativo\/#primaryimage"},"thumbnailUrl":"https:\/\/zonacaral.gob.pe\/wp-content\/uploads\/2019\/04\/ani-aspero-viaje.jpg","datePublished":"2019-04-22T15:34:55+00:00","author":{"@id":"https:\/\/zonacaral.gob.pe\/es\/#\/schema\/person\/beddb4d22f71a7230c5b90913270a0ee"},"description":"Al conmemorarse el XIV Aniversario de \u00c1spero, ciudad pesquera de la civilizaci\u00f3n Caral, invitamos a la poblaci\u00f3n a participar del denominado \u201c\u00c1spero Raymi\u201d o Fiesta de \u00c1spero, a realizarse el s\u00e1bado, 27 de abril, en el centro de recepci\u00f3n del mencionado sitio arqueol\u00f3gico, ubicado en Supe Puerto \u2013 Barranca.","breadcrumb":{"@id":"https:\/\/zonacaral.gob.pe\/es\/noticias\/conoce-y-disfruta-del-aspero-raymi-con-nuestro-viaje-educativo\/#breadcrumb"},"inLanguage":"en-US","potentialAction":[{"@type":"ReadAction","target":["https:\/\/zonacaral.gob.pe\/es\/noticias\/conoce-y-disfruta-del-aspero-raymi-con-nuestro-viaje-educativo\/"]}]},{"@type":"ImageObject","inLanguage":"en-US","@id":"https:\/\/zonacaral.gob.pe\/es\/noticias\/conoce-y-disfruta-del-aspero-raymi-con-nuestro-viaje-educativo\/#primaryimage","url":"https:\/\/zonacaral.gob.pe\/wp-content\/uploads\/2019\/04\/ani-aspero-viaje.jpg","contentUrl":"https:\/\/zonacaral.gob.pe\/wp-content\/uploads\/2019\/04\/ani-aspero-viaje.jpg","width":810,"height":410},{"@type":"BreadcrumbList","@id":"https:\/\/zonacaral.gob.pe\/es\/noticias\/conoce-y-disfruta-del-aspero-raymi-con-nuestro-viaje-educativo\/#breadcrumb","itemListElement":[{"@type":"ListItem","position":1,"name":"Portada","item":"https:\/\/zonacaral.gob.pe\/"},{"@type":"ListItem","position":2,"name":"Conoce y disfruta del \u00c1spero Raymi con nuestro Viaje Educativo"}]},{"@type":"WebSite","@id":"https:\/\/zonacaral.gob.pe\/es\/#website","url":"https:\/\/zonacaral.gob.pe\/es\/","name":"Zona Caral","description":"Investigamos, conservamos y difundimos el patrimonio cultural de la Civilizaci\u00f3n Caral, la m\u00e1s antigua de Am\u00e9rica.","potentialAction":[{"@type":"SearchAction","target":{"@type":"EntryPoint","urlTemplate":"https:\/\/zonacaral.gob.pe\/es\/?s={search_term_string}"},"query-input":{"@type":"PropertyValueSpecification","valueRequired":true,"valueName":"search_term_string"}}],"inLanguage":"en-US"},{"@type":"Person","@id":"https:\/\/zonacaral.gob.pe\/es\/#\/schema\/person\/beddb4d22f71a7230c5b90913270a0ee","name":"Zona Caral Administrador","image":{"@type":"ImageObject","inLanguage":"en-US","@id":"https:\/\/secure.gravatar.com\/avatar\/e4be162918a696358376de6446614e0f0f4062bdc5d170d6d540ada3d8b58c12?s=96&d=mm&r=g","url":"https:\/\/secure.gravatar.com\/avatar\/e4be162918a696358376de6446614e0f0f4062bdc5d170d6d540ada3d8b58c12?s=96&d=mm&r=g","contentUrl":"https:\/\/secure.gravatar.com\/avatar\/e4be162918a696358376de6446614e0f0f4062bdc5d170d6d540ada3d8b58c12?s=96&d=mm&r=g","caption":"Zona Caral Administrador"},"sameAs":["https:\/\/zonacaral.gob.pe"],"url":"https:\/\/zonacaral.gob.pe\/en\/noticias\/author\/ad_zonacaral\/"}]}},"_links":{"self":[{"href":"https:\/\/zonacaral.gob.pe\/en\/wp-json\/wp\/v2\/posts\/14205","targetHints":{"allow":["GET"]}}],"collection":[{"href":"https:\/\/zonacaral.gob.pe\/en\/wp-json\/wp\/v2\/posts"}],"about":[{"href":"https:\/\/zonacaral.gob.pe\/en\/wp-json\/wp\/v2\/types\/post"}],"author":[{"embeddable":true,"href":"https:\/\/zonacaral.gob.pe\/en\/wp-json\/wp\/v2\/users\/1"}],"replies":[{"embeddable":true,"href":"https:\/\/zonacaral.gob.pe\/en\/wp-json\/wp\/v2\/comments?post=14205"}],"version-history":[{"count":0,"href":"https:\/\/zonacaral.gob.pe\/en\/wp-json\/wp\/v2\/posts\/14205\/revisions"}],"wp:featuredmedia":[{"embeddable":true,"href":"https:\/\/zonacaral.gob.pe\/en\/wp-json\/wp\/v2\/media\/14208"}],"wp:attachment":[{"href":"https:\/\/zonacaral.gob.pe\/en\/wp-json\/wp\/v2\/media?parent=14205"}],"wp:term":[{"taxonomy":"category","embeddable":true,"href":"https:\/\/zonacaral.gob.pe\/en\/wp-json\/wp\/v2\/categories?post=14205"},{"taxonomy":"post_tag","embeddable":true,"href":"https:\/\/zonacaral.gob.pe\/en\/wp-json\/wp\/v2\/tags?post=14205"}],"curies":[{"name":"wp","href":"https:\/\/api.w.org\/{rel}","templated":true}]}}