{"id":14228,"date":"2019-04-23T17:46:42","date_gmt":"2019-04-23T22:46:42","guid":{"rendered":"http:\/\/www.zonacaral.gob.pe\/?p=14228"},"modified":"2019-04-23T17:46:42","modified_gmt":"2019-04-23T22:46:42","slug":"aspero-raymi-2019-la-fiesta-de-la-ciudad-pesquera-de-la-civilizacion-caral","status":"publish","type":"post","link":"https:\/\/zonacaral.gob.pe\/en\/noticias\/aspero-raymi-2019-la-fiesta-de-la-ciudad-pesquera-de-la-civilizacion-caral\/","title":{"rendered":"\u00c1spero Raymi 2019: la fiesta de la ciudad pesquera de la civilizaci\u00f3n Caral"},"content":{"rendered":"<figure class=\"pic-autor\" style=\"color: #4d4d4d; text-align: justify;\"><\/figure>\n<blockquote>\n<p style=\"text-align: justify;\">Celebraci\u00f3n tradicional de convergencia que busca fomentar la integraci\u00f3n social en el \u00e1rea norcentral del pa\u00eds.<\/p>\n<\/blockquote>\n<p style=\"text-align: justify;\">La Zona Arqueol\u00f3gica Caral, unidad ejecutora del Ministerio de Cultura, invita a la poblaci\u00f3n, en general, a participar de las actividades culturales gratuitas, denominadas \u201c\u00c1spero Raymi 2019\u201d, que se desarrollar\u00e1n el viernes 26 y s\u00e1bado 27 de abril, en el distrito de Supe Puerto \u2013 Barranca.<\/p>\n<p style=\"text-align: justify;\">El evento se realiza en el marco del 14\u00ba Aniversario del sitio arqueol\u00f3gico \u00c1spero, conocido como la ciudad pesquera de la civilizaci\u00f3n Caral, la m\u00e1s antigua de Am\u00e9rica, con 5000 a\u00f1os de antig\u00fcedad.<\/p>\n<p style=\"text-align: justify;\">La importancia de \u00c1spero para el Per\u00fa, se debe a su producci\u00f3n marina, tecnolog\u00eda pesquera y excelentes relaciones con otras comunidades. El mar fue una fuente principal para el intercambio a trav\u00e9s de la implementaci\u00f3n de redes comerciales. Las interacciones incluyeron el intercambio de bienes, conocimientos y experiencias, en un marco de beneficio compartido y de respeto intercultural, a las costumbres, ideolog\u00edas e idiomas.<\/p>\n<p style=\"text-align: justify;\">Las investigaciones han revelado que los pobladores de \u00c1spero consum\u00edan anchoveta seca y salada, entre otros peces y especies marinas, como las machas y el choro zapato. Entre los productos agr\u00edcolas consumidos se ha registrado achira, guayaba, pacae, frijol, pallar y zapallo. Entre los instrumentos de pesca resaltan: las redes hechas de algod\u00f3n, las pesas l\u00edticas y los flotadores de mate, adem\u00e1s de anzuelos elaborados con valvas de choros.<\/p>\n<p style=\"text-align: justify;\">Por tal motivo, hemos dise\u00f1ado una nutrida agenda para que la poblaci\u00f3n disfrute conociendo nuestra cultura:<\/p>\n<h4 style=\"text-align: justify;\">ACTIVIDADES DEL VIERNES 26<\/h4>\n<p style=\"text-align: justify;\">Desde las 4:45 p.m., en la Plaza Grau de Supe Puerto, se desarrollar\u00e1 el Gran Corso y Pasacalle Escolar <strong>\u201cRevalorando Nuestro Pasado Milenario\u201d<\/strong>, en el que los participantes, en su mayor\u00eda colegios de los distritos de Supe Puerto, Supe y Barranca, realizan un colorido desfile con vestimentas y adornos hechos de objetos reciclados.<\/p>\n<p style=\"text-align: justify;\">Luego, desde las 8:00 p.m., en el sitio arqueol\u00f3gico \u00c1spero, se realizar\u00e1 el tradicional <strong>\u201cPago a la Cochamama\u201d<\/strong>, con la participaci\u00f3n de artistas que representar\u00e1n a la Dama de los Cuatro Tupus y su s\u00e9quito. Asimismo, una \u201cchamana\u201d se har\u00e1 cargo de ritual de pago, que involucra a todos los visitantes. El evento terminar\u00e1 con la presentaci\u00f3n de danzas peruanas.<\/p>\n<h4 style=\"text-align: justify;\">ACTIVIDADES DEL S\u00c1BADO 27<\/h4>\n<p style=\"text-align: justify;\">Desde las 9:00 a.m., en el sitio arqueol\u00f3gico, se realizar\u00e1 la visita gratuita en el \u201cCentro de Interpretaci\u00f3n\u201d y a la ciudad pesquera \u00c1spero, dirigido por la doctora <strong>Ruth Shady<\/strong>, directora de la Zona Arqueol\u00f3gica Caral. El objetivo es mostrar los resultados de la investigaci\u00f3n y conservaci\u00f3n de los monumentos.<\/p>\n<p style=\"text-align: justify;\">En el mismo lugar, en las instalaciones del Centro de Recepci\u00f3n, se realizar\u00e1 el <strong>\u201cCatu \u00c1spero\u201d<\/strong> o expo-feria: \u201cProducci\u00f3n social actual\u201d, exposici\u00f3n y venta de productos agroecol\u00f3gicos y artesanales de los pobladores de Supe Puerto, Supe, Barranca, Carquin y V\u00e9gueta. Asimismo, el \u201cX Festival de la Anchoveta, pescados y mariscos\u201d: venta y degustaci\u00f3n de platos de la gastronom\u00eda local, se resalta el valor nutricional de la anchoveta para el desarrollo humano.<\/p>\n<p style=\"text-align: justify;\">En este lugar tendremos la participaci\u00f3n del programa nacional <strong><a href=\"http:\/\/www.acomerpescado.gob.pe\/\">\u201cA Comer Pescado\u201d<\/a><\/strong>, del Ministerio de la Producci\u00f3n, sum\u00e1ndose a nuestros esfuerzos, har\u00e1 demostraciones de cocina en vivo para promover el valor nutricional y consumo de anchoveta.<\/p>\n<p style=\"text-align: justify;\">Como actividades complementarias, se realizar\u00e1 el II Concurso de Cometas <strong>\u201cPintando los Cielos\u201d<\/strong>, el II Concurso de Maqueta <strong>\u201cPaisaje Cultural y Recurso Pesquero en \u00c1spero\u201d<\/strong>, el III Concurso de Cer\u00e1mica <strong>\u201cAplicando el Arte de la Sociedad del \u00c1spero\u201d<\/strong> y el Variet\u00e9 de teatro, para todos los ni\u00f1os.<\/p>\n<p style=\"text-align: justify;\">Estas actividades terminan con el Festival Art\u00edstico <strong>\u201cLo Mejor de Mi Tierra\u201d<\/strong>, con<br \/>\nla presentaci\u00f3n de las expresiones art\u00edsticas y culturales de personajes ilustres de Supe Puerto y de artistas invitados de la provincia de Barranca.<\/p>\n<p style=\"text-align: justify;\">Vista nuestra <a href=\"http:\/\/www.zonacaral.gob.pe\/aspero\/aspero-2\/index.html\">Agenda Caral<\/a>.<\/p>\n<h4 style=\"text-align: justify;\">DATO<\/h4>\n<p style=\"text-align: justify;\">Conoce \u00c1spero, Vichama y la Ciudad Sagrada de Caral con los Viajes Educativos que organiza la Zona Arqueol\u00f3gica Caral (ZAC), a los n\u00fameros: 205-2517 \/ 955881340 o enviar un correo a:<br \/>\n<a href=\"\/en\/viajeseducativos@zonacaral.gob.pe\/\">viajeseducativos@zonacaral.gob.pe<\/a>.<\/p>\n<p style=\"text-align: justify;\">Hace 14 a\u00f1os, la ZAC trabaja en la investigaci\u00f3n, conservaci\u00f3n y difusi\u00f3n de \u00c1spero, ubicado a la altura del kil\u00f3metro 191 de la Panamericana Norte. Atiende al p\u00fablico, durante todo el a\u00f1o, de 9:00 a.m. a 4:00 p.m., de lunes a viernes, y de 9:00 a.m. a 6:00 p.m., los s\u00e1bados y domingos (incluyendo feriados).<\/p>\n<p><iframe src=\"https:\/\/www.youtube.com\/embed\/TFALppS_-sM\" width=\"560\" height=\"400\" frameborder=\"0\" allowfullscreen=\"allowfullscreen\"><\/iframe><\/p>\n<p style=\"text-align: justify;\"><span style=\"color: #993300;\"><strong>Fuente<\/strong><strong>: Prensa ZAC<\/strong><\/span><\/p>\n<div style=\"color: #1f1f1f;\">\n<p style=\"text-align: justify;\">Fecha de publicaci\u00f3n: 23\/04\/2019<\/p>\n<\/div>","protected":false},"excerpt":{"rendered":"<p>Celebraci\u00f3n tradicional de convergencia que busca fomentar la integraci\u00f3n social en el \u00e1rea norcentral del pa\u00eds. La Zona Arqueol\u00f3gica Caral, [&hellip;]<\/p>\n","protected":false},"author":1,"featured_media":14232,"comment_status":"closed","ping_status":"open","sticky":false,"template":"","format":"standard","meta":{"_acf_changed":false,"site-sidebar-layout":"default","site-content-layout":"","ast-site-content-layout":"default","site-content-style":"default","site-sidebar-style":"default","ast-global-header-display":"","ast-banner-title-visibility":"","ast-main-header-display":"","ast-hfb-above-header-display":"","ast-hfb-below-header-display":"","ast-hfb-mobile-header-display":"","site-post-title":"","ast-breadcrumbs-content":"","ast-featured-img":"","footer-sml-layout":"","ast-disable-related-posts":"","theme-transparent-header-meta":"","adv-header-id-meta":"","stick-header-meta":"","header-above-stick-meta":"","header-main-stick-meta":"","header-below-stick-meta":"","astra-migrate-meta-layouts":"default","ast-page-background-enabled":"default","ast-page-background-meta":{"desktop":{"background-color":"var(--ast-global-color-5)","background-image":"","background-repeat":"repeat","background-position":"center center","background-size":"auto","background-attachment":"scroll","background-type":"","background-media":"","overlay-type":"","overlay-color":"","overlay-opacity":"","overlay-gradient":""},"tablet":{"background-color":"","background-image":"","background-repeat":"repeat","background-position":"center center","background-size":"auto","background-attachment":"scroll","background-type":"","background-media":"","overlay-type":"","overlay-color":"","overlay-opacity":"","overlay-gradient":""},"mobile":{"background-color":"","background-image":"","background-repeat":"repeat","background-position":"center center","background-size":"auto","background-attachment":"scroll","background-type":"","background-media":"","overlay-type":"","overlay-color":"","overlay-opacity":"","overlay-gradient":""}},"ast-content-background-meta":{"desktop":{"background-color":"var(--ast-global-color-4)","background-image":"","background-repeat":"repeat","background-position":"center center","background-size":"auto","background-attachment":"scroll","background-type":"","background-media":"","overlay-type":"","overlay-color":"","overlay-opacity":"","overlay-gradient":""},"tablet":{"background-color":"var(--ast-global-color-4)","background-image":"","background-repeat":"repeat","background-position":"center center","background-size":"auto","background-attachment":"scroll","background-type":"","background-media":"","overlay-type":"","overlay-color":"","overlay-opacity":"","overlay-gradient":""},"mobile":{"background-color":"var(--ast-global-color-4)","background-image":"","background-repeat":"repeat","background-position":"center center","background-size":"auto","background-attachment":"scroll","background-type":"","background-media":"","overlay-type":"","overlay-color":"","overlay-opacity":"","overlay-gradient":""}},"footnotes":""},"categories":[208],"tags":[78,63,71],"class_list":["post-14228","post","type-post","status-publish","format-standard","has-post-thumbnail","hentry","category-noticias","tag-aniverario","tag-aspero","tag-viajes-educativos"],"acf":[],"yoast_head":"<!-- This site is optimized with the Yoast SEO plugin v27.3 - https:\/\/yoast.com\/product\/yoast-seo-wordpress\/ -->\n<title>\u00c1spero Raymi 2019: la fiesta de la ciudad pesquera de la civilizaci\u00f3n Caral<\/title>\n<meta name=\"description\" content=\"Celebraci\u00f3n tradicional de convergencia que busca fomentar la integraci\u00f3n social en el \u00e1rea norcentral del pa\u00eds. La Zona Arqueol\u00f3gica Caral, unidad ejecutora del Ministerio de Cultura, invita a la poblaci\u00f3n, en general, a participar de las actividades culturales gratuitas, denominadas \u201c\u00c1spero Raymi 2019\u201d, que se desarrollar\u00e1n el viernes 26 y s\u00e1bado 27 de abril, en el distrito de Supe Puerto \u2013 Barranca.\" \/>\n<meta name=\"robots\" content=\"index, follow, max-snippet:-1, max-image-preview:large, max-video-preview:-1\" \/>\n<link rel=\"canonical\" href=\"https:\/\/zonacaral.gob.pe\/en\/noticias\/aspero-raymi-2019-la-fiesta-de-la-ciudad-pesquera-de-la-civilizacion-caral\/\" \/>\n<meta property=\"og:locale\" content=\"en_US\" \/>\n<meta property=\"og:type\" content=\"article\" \/>\n<meta property=\"og:title\" content=\"\u00c1spero Raymi 2019: la fiesta de la ciudad pesquera de la civilizaci\u00f3n Caral\" \/>\n<meta property=\"og:description\" content=\"Celebraci\u00f3n tradicional de convergencia que busca fomentar la integraci\u00f3n social en el \u00e1rea norcentral del pa\u00eds. La Zona Arqueol\u00f3gica Caral, unidad ejecutora del Ministerio de Cultura, invita a la poblaci\u00f3n, en general, a participar de las actividades culturales gratuitas, denominadas \u201c\u00c1spero Raymi 2019\u201d, que se desarrollar\u00e1n el viernes 26 y s\u00e1bado 27 de abril, en el distrito de Supe Puerto \u2013 Barranca.\" \/>\n<meta property=\"og:url\" content=\"https:\/\/zonacaral.gob.pe\/en\/noticias\/aspero-raymi-2019-la-fiesta-de-la-ciudad-pesquera-de-la-civilizacion-caral\/\" \/>\n<meta property=\"og:site_name\" content=\"Zona Caral\" \/>\n<meta property=\"article:published_time\" content=\"2019-04-23T22:46:42+00:00\" \/>\n<meta property=\"og:image\" content=\"https:\/\/zonacaral.gob.pe\/wp-content\/uploads\/2019\/04\/actividades-aspero-aniversario-4.jpg\" \/>\n\t<meta property=\"og:image:width\" content=\"810\" \/>\n\t<meta property=\"og:image:height\" content=\"410\" \/>\n\t<meta property=\"og:image:type\" content=\"image\/jpeg\" \/>\n<meta name=\"author\" content=\"Zona Caral Administrador\" \/>\n<meta name=\"twitter:card\" content=\"summary_large_image\" \/>\n<meta name=\"twitter:label1\" content=\"Written by\" \/>\n\t<meta name=\"twitter:data1\" content=\"Zona Caral Administrador\" \/>\n\t<meta name=\"twitter:label2\" content=\"Est. reading time\" \/>\n\t<meta name=\"twitter:data2\" content=\"4 minutes\" \/>\n<script type=\"application\/ld+json\" class=\"yoast-schema-graph\">{\"@context\":\"https:\\\/\\\/schema.org\",\"@graph\":[{\"@type\":\"Article\",\"@id\":\"https:\\\/\\\/zonacaral.gob.pe\\\/es\\\/noticias\\\/aspero-raymi-2019-la-fiesta-de-la-ciudad-pesquera-de-la-civilizacion-caral\\\/#article\",\"isPartOf\":{\"@id\":\"https:\\\/\\\/zonacaral.gob.pe\\\/es\\\/noticias\\\/aspero-raymi-2019-la-fiesta-de-la-ciudad-pesquera-de-la-civilizacion-caral\\\/\"},\"author\":{\"name\":\"Zona Caral Administrador\",\"@id\":\"https:\\\/\\\/zonacaral.gob.pe\\\/es\\\/#\\\/schema\\\/person\\\/beddb4d22f71a7230c5b90913270a0ee\"},\"headline\":\"\u00c1spero Raymi 2019: la fiesta de la ciudad pesquera de la civilizaci\u00f3n Caral\",\"datePublished\":\"2019-04-23T22:46:42+00:00\",\"mainEntityOfPage\":{\"@id\":\"https:\\\/\\\/zonacaral.gob.pe\\\/es\\\/noticias\\\/aspero-raymi-2019-la-fiesta-de-la-ciudad-pesquera-de-la-civilizacion-caral\\\/\"},\"wordCount\":770,\"image\":{\"@id\":\"https:\\\/\\\/zonacaral.gob.pe\\\/es\\\/noticias\\\/aspero-raymi-2019-la-fiesta-de-la-ciudad-pesquera-de-la-civilizacion-caral\\\/#primaryimage\"},\"thumbnailUrl\":\"https:\\\/\\\/zonacaral.gob.pe\\\/wp-content\\\/uploads\\\/2019\\\/04\\\/actividades-aspero-aniversario-4.jpg\",\"keywords\":[\"aniverario\",\"Aspero\",\"viajes educativos\"],\"articleSection\":[\"noticias\"],\"inLanguage\":\"en-US\"},{\"@type\":\"WebPage\",\"@id\":\"https:\\\/\\\/zonacaral.gob.pe\\\/es\\\/noticias\\\/aspero-raymi-2019-la-fiesta-de-la-ciudad-pesquera-de-la-civilizacion-caral\\\/\",\"url\":\"https:\\\/\\\/zonacaral.gob.pe\\\/es\\\/noticias\\\/aspero-raymi-2019-la-fiesta-de-la-ciudad-pesquera-de-la-civilizacion-caral\\\/\",\"name\":\"\u00c1spero Raymi 2019: la fiesta de la ciudad pesquera de la civilizaci\u00f3n Caral\",\"isPartOf\":{\"@id\":\"https:\\\/\\\/zonacaral.gob.pe\\\/es\\\/#website\"},\"primaryImageOfPage\":{\"@id\":\"https:\\\/\\\/zonacaral.gob.pe\\\/es\\\/noticias\\\/aspero-raymi-2019-la-fiesta-de-la-ciudad-pesquera-de-la-civilizacion-caral\\\/#primaryimage\"},\"image\":{\"@id\":\"https:\\\/\\\/zonacaral.gob.pe\\\/es\\\/noticias\\\/aspero-raymi-2019-la-fiesta-de-la-ciudad-pesquera-de-la-civilizacion-caral\\\/#primaryimage\"},\"thumbnailUrl\":\"https:\\\/\\\/zonacaral.gob.pe\\\/wp-content\\\/uploads\\\/2019\\\/04\\\/actividades-aspero-aniversario-4.jpg\",\"datePublished\":\"2019-04-23T22:46:42+00:00\",\"author\":{\"@id\":\"https:\\\/\\\/zonacaral.gob.pe\\\/es\\\/#\\\/schema\\\/person\\\/beddb4d22f71a7230c5b90913270a0ee\"},\"description\":\"Celebraci\u00f3n tradicional de convergencia que busca fomentar la integraci\u00f3n social en el \u00e1rea norcentral del pa\u00eds. La Zona Arqueol\u00f3gica Caral, unidad ejecutora del Ministerio de Cultura, invita a la poblaci\u00f3n, en general, a participar de las actividades culturales gratuitas, denominadas \u201c\u00c1spero Raymi 2019\u201d, que se desarrollar\u00e1n el viernes 26 y s\u00e1bado 27 de abril, en el distrito de Supe Puerto \u2013 Barranca.\",\"breadcrumb\":{\"@id\":\"https:\\\/\\\/zonacaral.gob.pe\\\/es\\\/noticias\\\/aspero-raymi-2019-la-fiesta-de-la-ciudad-pesquera-de-la-civilizacion-caral\\\/#breadcrumb\"},\"inLanguage\":\"en-US\",\"potentialAction\":[{\"@type\":\"ReadAction\",\"target\":[\"https:\\\/\\\/zonacaral.gob.pe\\\/es\\\/noticias\\\/aspero-raymi-2019-la-fiesta-de-la-ciudad-pesquera-de-la-civilizacion-caral\\\/\"]}]},{\"@type\":\"ImageObject\",\"inLanguage\":\"en-US\",\"@id\":\"https:\\\/\\\/zonacaral.gob.pe\\\/es\\\/noticias\\\/aspero-raymi-2019-la-fiesta-de-la-ciudad-pesquera-de-la-civilizacion-caral\\\/#primaryimage\",\"url\":\"https:\\\/\\\/zonacaral.gob.pe\\\/wp-content\\\/uploads\\\/2019\\\/04\\\/actividades-aspero-aniversario-4.jpg\",\"contentUrl\":\"https:\\\/\\\/zonacaral.gob.pe\\\/wp-content\\\/uploads\\\/2019\\\/04\\\/actividades-aspero-aniversario-4.jpg\",\"width\":810,\"height\":410},{\"@type\":\"BreadcrumbList\",\"@id\":\"https:\\\/\\\/zonacaral.gob.pe\\\/es\\\/noticias\\\/aspero-raymi-2019-la-fiesta-de-la-ciudad-pesquera-de-la-civilizacion-caral\\\/#breadcrumb\",\"itemListElement\":[{\"@type\":\"ListItem\",\"position\":1,\"name\":\"Portada\",\"item\":\"https:\\\/\\\/zonacaral.gob.pe\\\/\"},{\"@type\":\"ListItem\",\"position\":2,\"name\":\"\u00c1spero Raymi 2019: la fiesta de la ciudad pesquera de la civilizaci\u00f3n Caral\"}]},{\"@type\":\"WebSite\",\"@id\":\"https:\\\/\\\/zonacaral.gob.pe\\\/es\\\/#website\",\"url\":\"https:\\\/\\\/zonacaral.gob.pe\\\/es\\\/\",\"name\":\"Zona Caral\",\"description\":\"Investigamos, conservamos y difundimos el patrimonio cultural de la Civilizaci\u00f3n Caral, la m\u00e1s antigua de Am\u00e9rica.\",\"potentialAction\":[{\"@type\":\"SearchAction\",\"target\":{\"@type\":\"EntryPoint\",\"urlTemplate\":\"https:\\\/\\\/zonacaral.gob.pe\\\/es\\\/?s={search_term_string}\"},\"query-input\":{\"@type\":\"PropertyValueSpecification\",\"valueRequired\":true,\"valueName\":\"search_term_string\"}}],\"inLanguage\":\"en-US\"},{\"@type\":\"Person\",\"@id\":\"https:\\\/\\\/zonacaral.gob.pe\\\/es\\\/#\\\/schema\\\/person\\\/beddb4d22f71a7230c5b90913270a0ee\",\"name\":\"Zona Caral Administrador\",\"image\":{\"@type\":\"ImageObject\",\"inLanguage\":\"en-US\",\"@id\":\"https:\\\/\\\/secure.gravatar.com\\\/avatar\\\/e4be162918a696358376de6446614e0f0f4062bdc5d170d6d540ada3d8b58c12?s=96&d=mm&r=g\",\"url\":\"https:\\\/\\\/secure.gravatar.com\\\/avatar\\\/e4be162918a696358376de6446614e0f0f4062bdc5d170d6d540ada3d8b58c12?s=96&d=mm&r=g\",\"contentUrl\":\"https:\\\/\\\/secure.gravatar.com\\\/avatar\\\/e4be162918a696358376de6446614e0f0f4062bdc5d170d6d540ada3d8b58c12?s=96&d=mm&r=g\",\"caption\":\"Zona Caral Administrador\"},\"sameAs\":[\"https:\\\/\\\/zonacaral.gob.pe\"],\"url\":\"https:\\\/\\\/zonacaral.gob.pe\\\/en\\\/noticias\\\/author\\\/ad_zonacaral\\\/\"}]}<\/script>\n<!-- \/ Yoast SEO plugin. -->","yoast_head_json":{"title":"\u00c1spero Raymi 2019: la fiesta de la ciudad pesquera de la civilizaci\u00f3n Caral","description":"Celebraci\u00f3n tradicional de convergencia que busca fomentar la integraci\u00f3n social en el \u00e1rea norcentral del pa\u00eds. La Zona Arqueol\u00f3gica Caral, unidad ejecutora del Ministerio de Cultura, invita a la poblaci\u00f3n, en general, a participar de las actividades culturales gratuitas, denominadas \u201c\u00c1spero Raymi 2019\u201d, que se desarrollar\u00e1n el viernes 26 y s\u00e1bado 27 de abril, en el distrito de Supe Puerto \u2013 Barranca.","robots":{"index":"index","follow":"follow","max-snippet":"max-snippet:-1","max-image-preview":"max-image-preview:large","max-video-preview":"max-video-preview:-1"},"canonical":"https:\/\/zonacaral.gob.pe\/en\/noticias\/aspero-raymi-2019-la-fiesta-de-la-ciudad-pesquera-de-la-civilizacion-caral\/","og_locale":"en_US","og_type":"article","og_title":"\u00c1spero Raymi 2019: la fiesta de la ciudad pesquera de la civilizaci\u00f3n Caral","og_description":"Celebraci\u00f3n tradicional de convergencia que busca fomentar la integraci\u00f3n social en el \u00e1rea norcentral del pa\u00eds. La Zona Arqueol\u00f3gica Caral, unidad ejecutora del Ministerio de Cultura, invita a la poblaci\u00f3n, en general, a participar de las actividades culturales gratuitas, denominadas \u201c\u00c1spero Raymi 2019\u201d, que se desarrollar\u00e1n el viernes 26 y s\u00e1bado 27 de abril, en el distrito de Supe Puerto \u2013 Barranca.","og_url":"https:\/\/zonacaral.gob.pe\/en\/noticias\/aspero-raymi-2019-la-fiesta-de-la-ciudad-pesquera-de-la-civilizacion-caral\/","og_site_name":"Zona Caral","article_published_time":"2019-04-23T22:46:42+00:00","og_image":[{"width":810,"height":410,"url":"https:\/\/zonacaral.gob.pe\/wp-content\/uploads\/2019\/04\/actividades-aspero-aniversario-4.jpg","type":"image\/jpeg"}],"author":"Zona Caral Administrador","twitter_card":"summary_large_image","twitter_misc":{"Written by":"Zona Caral Administrador","Est. reading time":"4 minutes"},"schema":{"@context":"https:\/\/schema.org","@graph":[{"@type":"Article","@id":"https:\/\/zonacaral.gob.pe\/es\/noticias\/aspero-raymi-2019-la-fiesta-de-la-ciudad-pesquera-de-la-civilizacion-caral\/#article","isPartOf":{"@id":"https:\/\/zonacaral.gob.pe\/es\/noticias\/aspero-raymi-2019-la-fiesta-de-la-ciudad-pesquera-de-la-civilizacion-caral\/"},"author":{"name":"Zona Caral Administrador","@id":"https:\/\/zonacaral.gob.pe\/es\/#\/schema\/person\/beddb4d22f71a7230c5b90913270a0ee"},"headline":"\u00c1spero Raymi 2019: la fiesta de la ciudad pesquera de la civilizaci\u00f3n Caral","datePublished":"2019-04-23T22:46:42+00:00","mainEntityOfPage":{"@id":"https:\/\/zonacaral.gob.pe\/es\/noticias\/aspero-raymi-2019-la-fiesta-de-la-ciudad-pesquera-de-la-civilizacion-caral\/"},"wordCount":770,"image":{"@id":"https:\/\/zonacaral.gob.pe\/es\/noticias\/aspero-raymi-2019-la-fiesta-de-la-ciudad-pesquera-de-la-civilizacion-caral\/#primaryimage"},"thumbnailUrl":"https:\/\/zonacaral.gob.pe\/wp-content\/uploads\/2019\/04\/actividades-aspero-aniversario-4.jpg","keywords":["aniverario","Aspero","viajes educativos"],"articleSection":["noticias"],"inLanguage":"en-US"},{"@type":"WebPage","@id":"https:\/\/zonacaral.gob.pe\/es\/noticias\/aspero-raymi-2019-la-fiesta-de-la-ciudad-pesquera-de-la-civilizacion-caral\/","url":"https:\/\/zonacaral.gob.pe\/es\/noticias\/aspero-raymi-2019-la-fiesta-de-la-ciudad-pesquera-de-la-civilizacion-caral\/","name":"\u00c1spero Raymi 2019: la fiesta de la ciudad pesquera de la civilizaci\u00f3n Caral","isPartOf":{"@id":"https:\/\/zonacaral.gob.pe\/es\/#website"},"primaryImageOfPage":{"@id":"https:\/\/zonacaral.gob.pe\/es\/noticias\/aspero-raymi-2019-la-fiesta-de-la-ciudad-pesquera-de-la-civilizacion-caral\/#primaryimage"},"image":{"@id":"https:\/\/zonacaral.gob.pe\/es\/noticias\/aspero-raymi-2019-la-fiesta-de-la-ciudad-pesquera-de-la-civilizacion-caral\/#primaryimage"},"thumbnailUrl":"https:\/\/zonacaral.gob.pe\/wp-content\/uploads\/2019\/04\/actividades-aspero-aniversario-4.jpg","datePublished":"2019-04-23T22:46:42+00:00","author":{"@id":"https:\/\/zonacaral.gob.pe\/es\/#\/schema\/person\/beddb4d22f71a7230c5b90913270a0ee"},"description":"Celebraci\u00f3n tradicional de convergencia que busca fomentar la integraci\u00f3n social en el \u00e1rea norcentral del pa\u00eds. La Zona Arqueol\u00f3gica Caral, unidad ejecutora del Ministerio de Cultura, invita a la poblaci\u00f3n, en general, a participar de las actividades culturales gratuitas, denominadas \u201c\u00c1spero Raymi 2019\u201d, que se desarrollar\u00e1n el viernes 26 y s\u00e1bado 27 de abril, en el distrito de Supe Puerto \u2013 Barranca.","breadcrumb":{"@id":"https:\/\/zonacaral.gob.pe\/es\/noticias\/aspero-raymi-2019-la-fiesta-de-la-ciudad-pesquera-de-la-civilizacion-caral\/#breadcrumb"},"inLanguage":"en-US","potentialAction":[{"@type":"ReadAction","target":["https:\/\/zonacaral.gob.pe\/es\/noticias\/aspero-raymi-2019-la-fiesta-de-la-ciudad-pesquera-de-la-civilizacion-caral\/"]}]},{"@type":"ImageObject","inLanguage":"en-US","@id":"https:\/\/zonacaral.gob.pe\/es\/noticias\/aspero-raymi-2019-la-fiesta-de-la-ciudad-pesquera-de-la-civilizacion-caral\/#primaryimage","url":"https:\/\/zonacaral.gob.pe\/wp-content\/uploads\/2019\/04\/actividades-aspero-aniversario-4.jpg","contentUrl":"https:\/\/zonacaral.gob.pe\/wp-content\/uploads\/2019\/04\/actividades-aspero-aniversario-4.jpg","width":810,"height":410},{"@type":"BreadcrumbList","@id":"https:\/\/zonacaral.gob.pe\/es\/noticias\/aspero-raymi-2019-la-fiesta-de-la-ciudad-pesquera-de-la-civilizacion-caral\/#breadcrumb","itemListElement":[{"@type":"ListItem","position":1,"name":"Portada","item":"https:\/\/zonacaral.gob.pe\/"},{"@type":"ListItem","position":2,"name":"\u00c1spero Raymi 2019: la fiesta de la ciudad pesquera de la civilizaci\u00f3n Caral"}]},{"@type":"WebSite","@id":"https:\/\/zonacaral.gob.pe\/es\/#website","url":"https:\/\/zonacaral.gob.pe\/es\/","name":"Zona Caral","description":"Investigamos, conservamos y difundimos el patrimonio cultural de la Civilizaci\u00f3n Caral, la m\u00e1s antigua de Am\u00e9rica.","potentialAction":[{"@type":"SearchAction","target":{"@type":"EntryPoint","urlTemplate":"https:\/\/zonacaral.gob.pe\/es\/?s={search_term_string}"},"query-input":{"@type":"PropertyValueSpecification","valueRequired":true,"valueName":"search_term_string"}}],"inLanguage":"en-US"},{"@type":"Person","@id":"https:\/\/zonacaral.gob.pe\/es\/#\/schema\/person\/beddb4d22f71a7230c5b90913270a0ee","name":"Zona Caral Administrador","image":{"@type":"ImageObject","inLanguage":"en-US","@id":"https:\/\/secure.gravatar.com\/avatar\/e4be162918a696358376de6446614e0f0f4062bdc5d170d6d540ada3d8b58c12?s=96&d=mm&r=g","url":"https:\/\/secure.gravatar.com\/avatar\/e4be162918a696358376de6446614e0f0f4062bdc5d170d6d540ada3d8b58c12?s=96&d=mm&r=g","contentUrl":"https:\/\/secure.gravatar.com\/avatar\/e4be162918a696358376de6446614e0f0f4062bdc5d170d6d540ada3d8b58c12?s=96&d=mm&r=g","caption":"Zona Caral Administrador"},"sameAs":["https:\/\/zonacaral.gob.pe"],"url":"https:\/\/zonacaral.gob.pe\/en\/noticias\/author\/ad_zonacaral\/"}]}},"_links":{"self":[{"href":"https:\/\/zonacaral.gob.pe\/en\/wp-json\/wp\/v2\/posts\/14228","targetHints":{"allow":["GET"]}}],"collection":[{"href":"https:\/\/zonacaral.gob.pe\/en\/wp-json\/wp\/v2\/posts"}],"about":[{"href":"https:\/\/zonacaral.gob.pe\/en\/wp-json\/wp\/v2\/types\/post"}],"author":[{"embeddable":true,"href":"https:\/\/zonacaral.gob.pe\/en\/wp-json\/wp\/v2\/users\/1"}],"replies":[{"embeddable":true,"href":"https:\/\/zonacaral.gob.pe\/en\/wp-json\/wp\/v2\/comments?post=14228"}],"version-history":[{"count":0,"href":"https:\/\/zonacaral.gob.pe\/en\/wp-json\/wp\/v2\/posts\/14228\/revisions"}],"wp:featuredmedia":[{"embeddable":true,"href":"https:\/\/zonacaral.gob.pe\/en\/wp-json\/wp\/v2\/media\/14232"}],"wp:attachment":[{"href":"https:\/\/zonacaral.gob.pe\/en\/wp-json\/wp\/v2\/media?parent=14228"}],"wp:term":[{"taxonomy":"category","embeddable":true,"href":"https:\/\/zonacaral.gob.pe\/en\/wp-json\/wp\/v2\/categories?post=14228"},{"taxonomy":"post_tag","embeddable":true,"href":"https:\/\/zonacaral.gob.pe\/en\/wp-json\/wp\/v2\/tags?post=14228"}],"curies":[{"name":"wp","href":"https:\/\/api.w.org\/{rel}","templated":true}]}}