{"id":14376,"date":"2019-05-16T00:51:43","date_gmt":"2019-05-16T05:51:43","guid":{"rendered":"http:\/\/www.zonacaral.gob.pe\/?p=14376"},"modified":"2019-05-16T00:51:43","modified_gmt":"2019-05-16T05:51:43","slug":"museos-a-tu-alcance-conoce-mas-sobre-caral-este-fin-de-semana","status":"publish","type":"post","link":"https:\/\/zonacaral.gob.pe\/en\/noticias\/museos-a-tu-alcance-conoce-mas-sobre-caral-este-fin-de-semana\/","title":{"rendered":"Museos a tu alcance: conoce m\u00e1s sobre Caral este fin de semana"},"content":{"rendered":"<figure class=\"pic-autor\" style=\"color: #4d4d4d; text-align: justify;\"><\/figure>\n<p style=\"text-align: justify;\">\u00a1Lleg\u00f3 el Mes de los Museos! La Zona Arqueol\u00f3gica Caral (ZAC), unidad ejecutora del Ministerio de Cultura, te espera del 17 al 18 de mayo, en la XVII feria \u201cMuseos a tu Alcance\u201d, organizado por la Municipalidad de Lima, en coordinaci\u00f3n con la Red de Museos del Centro Hist\u00f3rico de Lima.<\/p>\n<p style=\"text-align: justify;\">Esta actividad se realizar\u00e1 en el Museo Metropolitano de Lima, ubicado entre las avenidas 28 de Julio y Garcilaso de la Vega, en el Cercado de Lima. El horario de visita es de 10:00 a.m. a 7:00 p.m. <strong>INGRESO LIBRE<\/strong>.<\/p>\n<p style=\"text-align: justify;\">Cabe destacar que nuestro stand ha sido, por dos a\u00f1os consecutivos, premiado por los organizadores quienes recocieron la informaci\u00f3n y atenci\u00f3n brindada a los visitantes, as\u00ed como tambi\u00e9n el contenido que presentamos, como recursos l\u00fadicos, objetos arqueol\u00f3gicos, entre otros.<\/p>\n<p style=\"text-align: justify;\">La ZAC tiene bajo su direcci\u00f3n la investigaci\u00f3n, conservaci\u00f3n y difusi\u00f3n de los sitios arqueol\u00f3gicos (centros urbanos), que pertenecieron a la civilizaci\u00f3n. En total son 25 asentamientos identificados, de los cuales 12 est\u00e1n en investigaci\u00f3n. De esta cifra, son tres los que est\u00e1n abiertos al p\u00fablico y cuentan con habilitaci\u00f3n tur\u00edstica.<\/p>\n<p style=\"text-align: justify;\">Estos son: la Ciudad Sagrada de Caral (en el valle de Supe); \u00c1spero, ciudad pesquera (en Supe Puerto); y, Vichama, ciudad agropesquera (en V\u00e9gueta-Huaura). \u00bfQuieres conocer estos lugares? Inf\u00f3rmate c\u00f3mo en: 205-2517 \/ 955-881-340 o env\u00eda un correo a:<br \/>\nviajeseducativos@zonacaral.gob.pe.<\/p>\n<h4 style=\"text-align: justify;\">DATOS<\/h4>\n<p style=\"text-align: justify;\">El Mes de los Museos, tiene como fecha central el s\u00e1bado, 18 de mayo, en el que se realizan diferentes actividades gratuitas para fomentar, en el pa\u00eds, la visita a estos lugares culturales.<\/p>\n<p style=\"text-align: justify;\">Ser\u00e1n m\u00e1s de 40 museos que participar\u00e1n mostrando en suma la riqueza cultural de Per\u00fa. Adem\u00e1s, se presentar\u00e1n actividades culturales dirigidas a toda la familia y conferencias especializadas para operadores de museos, donde se dar\u00e1 a conocer los diferentes servicios educativos, proyectos museogr\u00e1ficos, planes museol\u00f3gicos, entre otras iniciativas.<\/p>\n<p style=\"text-align: justify;\"><span style=\"color: #993300;\"><strong>Fuente<\/strong><strong>: Prensa ZAC<\/strong><\/span><\/p>\n<div style=\"color: #1f1f1f;\">\n<p style=\"text-align: justify;\">Fecha de publicaci\u00f3n: 16\/05\/2019<\/p>\n<\/div>","protected":false},"excerpt":{"rendered":"<p>\u00a1Lleg\u00f3 el Mes de los Museos! La Zona Arqueol\u00f3gica Caral (ZAC), unidad ejecutora del Ministerio de Cultura, te espera del [&hellip;]<\/p>\n","protected":false},"author":1,"featured_media":14378,"comment_status":"closed","ping_status":"open","sticky":false,"template":"","format":"standard","meta":{"_acf_changed":false,"site-sidebar-layout":"default","site-content-layout":"","ast-site-content-layout":"default","site-content-style":"default","site-sidebar-style":"default","ast-global-header-display":"","ast-banner-title-visibility":"","ast-main-header-display":"","ast-hfb-above-header-display":"","ast-hfb-below-header-display":"","ast-hfb-mobile-header-display":"","site-post-title":"","ast-breadcrumbs-content":"","ast-featured-img":"","footer-sml-layout":"","ast-disable-related-posts":"","theme-transparent-header-meta":"","adv-header-id-meta":"","stick-header-meta":"","header-above-stick-meta":"","header-main-stick-meta":"","header-below-stick-meta":"","astra-migrate-meta-layouts":"default","ast-page-background-enabled":"default","ast-page-background-meta":{"desktop":{"background-color":"var(--ast-global-color-5)","background-image":"","background-repeat":"repeat","background-position":"center center","background-size":"auto","background-attachment":"scroll","background-type":"","background-media":"","overlay-type":"","overlay-color":"","overlay-opacity":"","overlay-gradient":""},"tablet":{"background-color":"","background-image":"","background-repeat":"repeat","background-position":"center center","background-size":"auto","background-attachment":"scroll","background-type":"","background-media":"","overlay-type":"","overlay-color":"","overlay-opacity":"","overlay-gradient":""},"mobile":{"background-color":"","background-image":"","background-repeat":"repeat","background-position":"center center","background-size":"auto","background-attachment":"scroll","background-type":"","background-media":"","overlay-type":"","overlay-color":"","overlay-opacity":"","overlay-gradient":""}},"ast-content-background-meta":{"desktop":{"background-color":"var(--ast-global-color-4)","background-image":"","background-repeat":"repeat","background-position":"center center","background-size":"auto","background-attachment":"scroll","background-type":"","background-media":"","overlay-type":"","overlay-color":"","overlay-opacity":"","overlay-gradient":""},"tablet":{"background-color":"var(--ast-global-color-4)","background-image":"","background-repeat":"repeat","background-position":"center center","background-size":"auto","background-attachment":"scroll","background-type":"","background-media":"","overlay-type":"","overlay-color":"","overlay-opacity":"","overlay-gradient":""},"mobile":{"background-color":"var(--ast-global-color-4)","background-image":"","background-repeat":"repeat","background-position":"center center","background-size":"auto","background-attachment":"scroll","background-type":"","background-media":"","overlay-type":"","overlay-color":"","overlay-opacity":"","overlay-gradient":""}},"footnotes":""},"categories":[208],"tags":[55,121],"class_list":["post-14376","post","type-post","status-publish","format-standard","has-post-thumbnail","hentry","category-noticias","tag-caral","tag-museos"],"acf":[],"yoast_head":"<!-- This site is optimized with the Yoast SEO plugin v27.3 - https:\/\/yoast.com\/product\/yoast-seo-wordpress\/ -->\n<title>Museos a tu alcance: conoce m\u00e1s sobre Caral este fin de semana<\/title>\n<meta name=\"description\" content=\"\u00a1Lleg\u00f3 el Mes de los Museos! La Zona Arqueol\u00f3gica Caral (ZAC), unidad ejecutora del Ministerio de Cultura, te espera del 17 al 18 de mayo, en la XVII feria \u201cMuseos a tu Alcance\u201d, organizado por la Municipalidad de Lima, en coordinaci\u00f3n con la Red de Museos del Centro Hist\u00f3rico de Lima.\" \/>\n<meta name=\"robots\" content=\"index, follow, max-snippet:-1, max-image-preview:large, max-video-preview:-1\" \/>\n<link rel=\"canonical\" href=\"https:\/\/zonacaral.gob.pe\/en\/noticias\/museos-a-tu-alcance-conoce-mas-sobre-caral-este-fin-de-semana\/\" \/>\n<meta property=\"og:locale\" content=\"en_US\" \/>\n<meta property=\"og:type\" content=\"article\" \/>\n<meta property=\"og:title\" content=\"Museos a tu alcance: conoce m\u00e1s sobre Caral este fin de semana\" \/>\n<meta property=\"og:description\" content=\"\u00a1Lleg\u00f3 el Mes de los Museos! La Zona Arqueol\u00f3gica Caral (ZAC), unidad ejecutora del Ministerio de Cultura, te espera del 17 al 18 de mayo, en la XVII feria \u201cMuseos a tu Alcance\u201d, organizado por la Municipalidad de Lima, en coordinaci\u00f3n con la Red de Museos del Centro Hist\u00f3rico de Lima.\" \/>\n<meta property=\"og:url\" content=\"https:\/\/zonacaral.gob.pe\/en\/noticias\/museos-a-tu-alcance-conoce-mas-sobre-caral-este-fin-de-semana\/\" \/>\n<meta property=\"og:site_name\" content=\"Zona Caral\" \/>\n<meta property=\"article:published_time\" content=\"2019-05-16T05:51:43+00:00\" \/>\n<meta property=\"og:image\" content=\"https:\/\/zonacaral.gob.pe\/wp-content\/uploads\/2019\/05\/museos-a-tu-alcance.jpg\" \/>\n\t<meta property=\"og:image:width\" content=\"810\" \/>\n\t<meta property=\"og:image:height\" content=\"410\" \/>\n\t<meta property=\"og:image:type\" content=\"image\/jpeg\" \/>\n<meta name=\"author\" content=\"Zona Caral Administrador\" \/>\n<meta name=\"twitter:card\" content=\"summary_large_image\" \/>\n<meta name=\"twitter:label1\" content=\"Written by\" \/>\n\t<meta name=\"twitter:data1\" content=\"Zona Caral Administrador\" \/>\n\t<meta name=\"twitter:label2\" content=\"Est. reading time\" \/>\n\t<meta name=\"twitter:data2\" content=\"2 minutes\" \/>\n<script type=\"application\/ld+json\" class=\"yoast-schema-graph\">{\"@context\":\"https:\\\/\\\/schema.org\",\"@graph\":[{\"@type\":\"Article\",\"@id\":\"https:\\\/\\\/zonacaral.gob.pe\\\/es\\\/noticias\\\/museos-a-tu-alcance-conoce-mas-sobre-caral-este-fin-de-semana\\\/#article\",\"isPartOf\":{\"@id\":\"https:\\\/\\\/zonacaral.gob.pe\\\/es\\\/noticias\\\/museos-a-tu-alcance-conoce-mas-sobre-caral-este-fin-de-semana\\\/\"},\"author\":{\"name\":\"Zona Caral Administrador\",\"@id\":\"https:\\\/\\\/zonacaral.gob.pe\\\/es\\\/#\\\/schema\\\/person\\\/beddb4d22f71a7230c5b90913270a0ee\"},\"headline\":\"Museos a tu alcance: conoce m\u00e1s sobre Caral este fin de semana\",\"datePublished\":\"2019-05-16T05:51:43+00:00\",\"mainEntityOfPage\":{\"@id\":\"https:\\\/\\\/zonacaral.gob.pe\\\/es\\\/noticias\\\/museos-a-tu-alcance-conoce-mas-sobre-caral-este-fin-de-semana\\\/\"},\"wordCount\":353,\"image\":{\"@id\":\"https:\\\/\\\/zonacaral.gob.pe\\\/es\\\/noticias\\\/museos-a-tu-alcance-conoce-mas-sobre-caral-este-fin-de-semana\\\/#primaryimage\"},\"thumbnailUrl\":\"https:\\\/\\\/zonacaral.gob.pe\\\/wp-content\\\/uploads\\\/2019\\\/05\\\/museos-a-tu-alcance.jpg\",\"keywords\":[\"caral\",\"museos\"],\"articleSection\":[\"noticias\"],\"inLanguage\":\"en-US\"},{\"@type\":\"WebPage\",\"@id\":\"https:\\\/\\\/zonacaral.gob.pe\\\/es\\\/noticias\\\/museos-a-tu-alcance-conoce-mas-sobre-caral-este-fin-de-semana\\\/\",\"url\":\"https:\\\/\\\/zonacaral.gob.pe\\\/es\\\/noticias\\\/museos-a-tu-alcance-conoce-mas-sobre-caral-este-fin-de-semana\\\/\",\"name\":\"Museos a tu alcance: conoce m\u00e1s sobre Caral este fin de semana\",\"isPartOf\":{\"@id\":\"https:\\\/\\\/zonacaral.gob.pe\\\/es\\\/#website\"},\"primaryImageOfPage\":{\"@id\":\"https:\\\/\\\/zonacaral.gob.pe\\\/es\\\/noticias\\\/museos-a-tu-alcance-conoce-mas-sobre-caral-este-fin-de-semana\\\/#primaryimage\"},\"image\":{\"@id\":\"https:\\\/\\\/zonacaral.gob.pe\\\/es\\\/noticias\\\/museos-a-tu-alcance-conoce-mas-sobre-caral-este-fin-de-semana\\\/#primaryimage\"},\"thumbnailUrl\":\"https:\\\/\\\/zonacaral.gob.pe\\\/wp-content\\\/uploads\\\/2019\\\/05\\\/museos-a-tu-alcance.jpg\",\"datePublished\":\"2019-05-16T05:51:43+00:00\",\"author\":{\"@id\":\"https:\\\/\\\/zonacaral.gob.pe\\\/es\\\/#\\\/schema\\\/person\\\/beddb4d22f71a7230c5b90913270a0ee\"},\"description\":\"\u00a1Lleg\u00f3 el Mes de los Museos! La Zona Arqueol\u00f3gica Caral (ZAC), unidad ejecutora del Ministerio de Cultura, te espera del 17 al 18 de mayo, en la XVII feria \u201cMuseos a tu Alcance\u201d, organizado por la Municipalidad de Lima, en coordinaci\u00f3n con la Red de Museos del Centro Hist\u00f3rico de Lima.\",\"breadcrumb\":{\"@id\":\"https:\\\/\\\/zonacaral.gob.pe\\\/es\\\/noticias\\\/museos-a-tu-alcance-conoce-mas-sobre-caral-este-fin-de-semana\\\/#breadcrumb\"},\"inLanguage\":\"en-US\",\"potentialAction\":[{\"@type\":\"ReadAction\",\"target\":[\"https:\\\/\\\/zonacaral.gob.pe\\\/es\\\/noticias\\\/museos-a-tu-alcance-conoce-mas-sobre-caral-este-fin-de-semana\\\/\"]}]},{\"@type\":\"ImageObject\",\"inLanguage\":\"en-US\",\"@id\":\"https:\\\/\\\/zonacaral.gob.pe\\\/es\\\/noticias\\\/museos-a-tu-alcance-conoce-mas-sobre-caral-este-fin-de-semana\\\/#primaryimage\",\"url\":\"https:\\\/\\\/zonacaral.gob.pe\\\/wp-content\\\/uploads\\\/2019\\\/05\\\/museos-a-tu-alcance.jpg\",\"contentUrl\":\"https:\\\/\\\/zonacaral.gob.pe\\\/wp-content\\\/uploads\\\/2019\\\/05\\\/museos-a-tu-alcance.jpg\",\"width\":810,\"height\":410},{\"@type\":\"BreadcrumbList\",\"@id\":\"https:\\\/\\\/zonacaral.gob.pe\\\/es\\\/noticias\\\/museos-a-tu-alcance-conoce-mas-sobre-caral-este-fin-de-semana\\\/#breadcrumb\",\"itemListElement\":[{\"@type\":\"ListItem\",\"position\":1,\"name\":\"Portada\",\"item\":\"https:\\\/\\\/zonacaral.gob.pe\\\/\"},{\"@type\":\"ListItem\",\"position\":2,\"name\":\"Museos a tu alcance: conoce m\u00e1s sobre Caral este fin de semana\"}]},{\"@type\":\"WebSite\",\"@id\":\"https:\\\/\\\/zonacaral.gob.pe\\\/es\\\/#website\",\"url\":\"https:\\\/\\\/zonacaral.gob.pe\\\/es\\\/\",\"name\":\"Zona Caral\",\"description\":\"Investigamos, conservamos y difundimos el patrimonio cultural de la Civilizaci\u00f3n Caral, la m\u00e1s antigua de Am\u00e9rica.\",\"potentialAction\":[{\"@type\":\"SearchAction\",\"target\":{\"@type\":\"EntryPoint\",\"urlTemplate\":\"https:\\\/\\\/zonacaral.gob.pe\\\/es\\\/?s={search_term_string}\"},\"query-input\":{\"@type\":\"PropertyValueSpecification\",\"valueRequired\":true,\"valueName\":\"search_term_string\"}}],\"inLanguage\":\"en-US\"},{\"@type\":\"Person\",\"@id\":\"https:\\\/\\\/zonacaral.gob.pe\\\/es\\\/#\\\/schema\\\/person\\\/beddb4d22f71a7230c5b90913270a0ee\",\"name\":\"Zona Caral Administrador\",\"image\":{\"@type\":\"ImageObject\",\"inLanguage\":\"en-US\",\"@id\":\"https:\\\/\\\/secure.gravatar.com\\\/avatar\\\/e4be162918a696358376de6446614e0f0f4062bdc5d170d6d540ada3d8b58c12?s=96&d=mm&r=g\",\"url\":\"https:\\\/\\\/secure.gravatar.com\\\/avatar\\\/e4be162918a696358376de6446614e0f0f4062bdc5d170d6d540ada3d8b58c12?s=96&d=mm&r=g\",\"contentUrl\":\"https:\\\/\\\/secure.gravatar.com\\\/avatar\\\/e4be162918a696358376de6446614e0f0f4062bdc5d170d6d540ada3d8b58c12?s=96&d=mm&r=g\",\"caption\":\"Zona Caral Administrador\"},\"sameAs\":[\"https:\\\/\\\/zonacaral.gob.pe\"],\"url\":\"https:\\\/\\\/zonacaral.gob.pe\\\/en\\\/noticias\\\/author\\\/ad_zonacaral\\\/\"}]}<\/script>\n<!-- \/ Yoast SEO plugin. -->","yoast_head_json":{"title":"Museos a tu alcance: conoce m\u00e1s sobre Caral este fin de semana","description":"\u00a1Lleg\u00f3 el Mes de los Museos! La Zona Arqueol\u00f3gica Caral (ZAC), unidad ejecutora del Ministerio de Cultura, te espera del 17 al 18 de mayo, en la XVII feria \u201cMuseos a tu Alcance\u201d, organizado por la Municipalidad de Lima, en coordinaci\u00f3n con la Red de Museos del Centro Hist\u00f3rico de Lima.","robots":{"index":"index","follow":"follow","max-snippet":"max-snippet:-1","max-image-preview":"max-image-preview:large","max-video-preview":"max-video-preview:-1"},"canonical":"https:\/\/zonacaral.gob.pe\/en\/noticias\/museos-a-tu-alcance-conoce-mas-sobre-caral-este-fin-de-semana\/","og_locale":"en_US","og_type":"article","og_title":"Museos a tu alcance: conoce m\u00e1s sobre Caral este fin de semana","og_description":"\u00a1Lleg\u00f3 el Mes de los Museos! La Zona Arqueol\u00f3gica Caral (ZAC), unidad ejecutora del Ministerio de Cultura, te espera del 17 al 18 de mayo, en la XVII feria \u201cMuseos a tu Alcance\u201d, organizado por la Municipalidad de Lima, en coordinaci\u00f3n con la Red de Museos del Centro Hist\u00f3rico de Lima.","og_url":"https:\/\/zonacaral.gob.pe\/en\/noticias\/museos-a-tu-alcance-conoce-mas-sobre-caral-este-fin-de-semana\/","og_site_name":"Zona Caral","article_published_time":"2019-05-16T05:51:43+00:00","og_image":[{"width":810,"height":410,"url":"https:\/\/zonacaral.gob.pe\/wp-content\/uploads\/2019\/05\/museos-a-tu-alcance.jpg","type":"image\/jpeg"}],"author":"Zona Caral Administrador","twitter_card":"summary_large_image","twitter_misc":{"Written by":"Zona Caral Administrador","Est. reading time":"2 minutes"},"schema":{"@context":"https:\/\/schema.org","@graph":[{"@type":"Article","@id":"https:\/\/zonacaral.gob.pe\/es\/noticias\/museos-a-tu-alcance-conoce-mas-sobre-caral-este-fin-de-semana\/#article","isPartOf":{"@id":"https:\/\/zonacaral.gob.pe\/es\/noticias\/museos-a-tu-alcance-conoce-mas-sobre-caral-este-fin-de-semana\/"},"author":{"name":"Zona Caral Administrador","@id":"https:\/\/zonacaral.gob.pe\/es\/#\/schema\/person\/beddb4d22f71a7230c5b90913270a0ee"},"headline":"Museos a tu alcance: conoce m\u00e1s sobre Caral este fin de semana","datePublished":"2019-05-16T05:51:43+00:00","mainEntityOfPage":{"@id":"https:\/\/zonacaral.gob.pe\/es\/noticias\/museos-a-tu-alcance-conoce-mas-sobre-caral-este-fin-de-semana\/"},"wordCount":353,"image":{"@id":"https:\/\/zonacaral.gob.pe\/es\/noticias\/museos-a-tu-alcance-conoce-mas-sobre-caral-este-fin-de-semana\/#primaryimage"},"thumbnailUrl":"https:\/\/zonacaral.gob.pe\/wp-content\/uploads\/2019\/05\/museos-a-tu-alcance.jpg","keywords":["caral","museos"],"articleSection":["noticias"],"inLanguage":"en-US"},{"@type":"WebPage","@id":"https:\/\/zonacaral.gob.pe\/es\/noticias\/museos-a-tu-alcance-conoce-mas-sobre-caral-este-fin-de-semana\/","url":"https:\/\/zonacaral.gob.pe\/es\/noticias\/museos-a-tu-alcance-conoce-mas-sobre-caral-este-fin-de-semana\/","name":"Museos a tu alcance: conoce m\u00e1s sobre Caral este fin de semana","isPartOf":{"@id":"https:\/\/zonacaral.gob.pe\/es\/#website"},"primaryImageOfPage":{"@id":"https:\/\/zonacaral.gob.pe\/es\/noticias\/museos-a-tu-alcance-conoce-mas-sobre-caral-este-fin-de-semana\/#primaryimage"},"image":{"@id":"https:\/\/zonacaral.gob.pe\/es\/noticias\/museos-a-tu-alcance-conoce-mas-sobre-caral-este-fin-de-semana\/#primaryimage"},"thumbnailUrl":"https:\/\/zonacaral.gob.pe\/wp-content\/uploads\/2019\/05\/museos-a-tu-alcance.jpg","datePublished":"2019-05-16T05:51:43+00:00","author":{"@id":"https:\/\/zonacaral.gob.pe\/es\/#\/schema\/person\/beddb4d22f71a7230c5b90913270a0ee"},"description":"\u00a1Lleg\u00f3 el Mes de los Museos! La Zona Arqueol\u00f3gica Caral (ZAC), unidad ejecutora del Ministerio de Cultura, te espera del 17 al 18 de mayo, en la XVII feria \u201cMuseos a tu Alcance\u201d, organizado por la Municipalidad de Lima, en coordinaci\u00f3n con la Red de Museos del Centro Hist\u00f3rico de Lima.","breadcrumb":{"@id":"https:\/\/zonacaral.gob.pe\/es\/noticias\/museos-a-tu-alcance-conoce-mas-sobre-caral-este-fin-de-semana\/#breadcrumb"},"inLanguage":"en-US","potentialAction":[{"@type":"ReadAction","target":["https:\/\/zonacaral.gob.pe\/es\/noticias\/museos-a-tu-alcance-conoce-mas-sobre-caral-este-fin-de-semana\/"]}]},{"@type":"ImageObject","inLanguage":"en-US","@id":"https:\/\/zonacaral.gob.pe\/es\/noticias\/museos-a-tu-alcance-conoce-mas-sobre-caral-este-fin-de-semana\/#primaryimage","url":"https:\/\/zonacaral.gob.pe\/wp-content\/uploads\/2019\/05\/museos-a-tu-alcance.jpg","contentUrl":"https:\/\/zonacaral.gob.pe\/wp-content\/uploads\/2019\/05\/museos-a-tu-alcance.jpg","width":810,"height":410},{"@type":"BreadcrumbList","@id":"https:\/\/zonacaral.gob.pe\/es\/noticias\/museos-a-tu-alcance-conoce-mas-sobre-caral-este-fin-de-semana\/#breadcrumb","itemListElement":[{"@type":"ListItem","position":1,"name":"Portada","item":"https:\/\/zonacaral.gob.pe\/"},{"@type":"ListItem","position":2,"name":"Museos a tu alcance: conoce m\u00e1s sobre Caral este fin de semana"}]},{"@type":"WebSite","@id":"https:\/\/zonacaral.gob.pe\/es\/#website","url":"https:\/\/zonacaral.gob.pe\/es\/","name":"Zona Caral","description":"Investigamos, conservamos y difundimos el patrimonio cultural de la Civilizaci\u00f3n Caral, la m\u00e1s antigua de Am\u00e9rica.","potentialAction":[{"@type":"SearchAction","target":{"@type":"EntryPoint","urlTemplate":"https:\/\/zonacaral.gob.pe\/es\/?s={search_term_string}"},"query-input":{"@type":"PropertyValueSpecification","valueRequired":true,"valueName":"search_term_string"}}],"inLanguage":"en-US"},{"@type":"Person","@id":"https:\/\/zonacaral.gob.pe\/es\/#\/schema\/person\/beddb4d22f71a7230c5b90913270a0ee","name":"Zona Caral Administrador","image":{"@type":"ImageObject","inLanguage":"en-US","@id":"https:\/\/secure.gravatar.com\/avatar\/e4be162918a696358376de6446614e0f0f4062bdc5d170d6d540ada3d8b58c12?s=96&d=mm&r=g","url":"https:\/\/secure.gravatar.com\/avatar\/e4be162918a696358376de6446614e0f0f4062bdc5d170d6d540ada3d8b58c12?s=96&d=mm&r=g","contentUrl":"https:\/\/secure.gravatar.com\/avatar\/e4be162918a696358376de6446614e0f0f4062bdc5d170d6d540ada3d8b58c12?s=96&d=mm&r=g","caption":"Zona Caral Administrador"},"sameAs":["https:\/\/zonacaral.gob.pe"],"url":"https:\/\/zonacaral.gob.pe\/en\/noticias\/author\/ad_zonacaral\/"}]}},"_links":{"self":[{"href":"https:\/\/zonacaral.gob.pe\/en\/wp-json\/wp\/v2\/posts\/14376","targetHints":{"allow":["GET"]}}],"collection":[{"href":"https:\/\/zonacaral.gob.pe\/en\/wp-json\/wp\/v2\/posts"}],"about":[{"href":"https:\/\/zonacaral.gob.pe\/en\/wp-json\/wp\/v2\/types\/post"}],"author":[{"embeddable":true,"href":"https:\/\/zonacaral.gob.pe\/en\/wp-json\/wp\/v2\/users\/1"}],"replies":[{"embeddable":true,"href":"https:\/\/zonacaral.gob.pe\/en\/wp-json\/wp\/v2\/comments?post=14376"}],"version-history":[{"count":0,"href":"https:\/\/zonacaral.gob.pe\/en\/wp-json\/wp\/v2\/posts\/14376\/revisions"}],"wp:featuredmedia":[{"embeddable":true,"href":"https:\/\/zonacaral.gob.pe\/en\/wp-json\/wp\/v2\/media\/14378"}],"wp:attachment":[{"href":"https:\/\/zonacaral.gob.pe\/en\/wp-json\/wp\/v2\/media?parent=14376"}],"wp:term":[{"taxonomy":"category","embeddable":true,"href":"https:\/\/zonacaral.gob.pe\/en\/wp-json\/wp\/v2\/categories?post=14376"},{"taxonomy":"post_tag","embeddable":true,"href":"https:\/\/zonacaral.gob.pe\/en\/wp-json\/wp\/v2\/tags?post=14376"}],"curies":[{"name":"wp","href":"https:\/\/api.w.org\/{rel}","templated":true}]}}