{"id":14377,"date":"2019-05-08T01:12:06","date_gmt":"2019-05-08T06:12:06","guid":{"rendered":"http:\/\/www.zonacaral.gob.pe\/?p=14377"},"modified":"2019-05-08T01:12:06","modified_gmt":"2019-05-08T06:12:06","slug":"doctora-ruth-shady-participo-en-el-congreso-homenaje-internacional-a-anibal-quijano","status":"publish","type":"post","link":"https:\/\/zonacaral.gob.pe\/en\/noticias\/doctora-ruth-shady-participo-en-el-congreso-homenaje-internacional-a-anibal-quijano\/","title":{"rendered":"Doctora Ruth Shady particip\u00f3 en el  Congreso Homenaje Internacional a An\u00edbal Quijano"},"content":{"rendered":"<figure class=\"pic-autor\" style=\"color: #4d4d4d; text-align: justify;\"><\/figure>\n<p style=\"text-align: justify;\">La doctora Ruth Shady Sol\u00eds, arque\u00f3loga y directora de la Zona Arqueol\u00f3gica Caral (ZAC), unidad ejecutora 003 del Ministerio de Cultura, particip\u00f3 como ponente en el Homenaje Internacional al soci\u00f3logo An\u00edbal Quijano, realizado en el auditorio Jos\u00e9 Mar\u00eda Arguedas de la Facultad de Ciencias Sociales de la Universidad Nacional Mayor de San Marcos.<\/p>\n<p style=\"text-align: justify;\">En el homenaje, la doctora Ruth Shady Sol\u00eds dio a conocer el mensaje del soci\u00f3logo en relaci\u00f3n con la historia de Caral: \u201cLa sociedad actual debe conocer su historia para una mejor comprensi\u00f3n de su identidad y elaborar, as\u00ed, una proyecci\u00f3n de vida m\u00e1s adecuada para el futuro\u201d, exhort\u00f3 la doctora Ruth Shady.<br \/>\nJunto a Rita Segato, antrop\u00f3loga y feminista argentina, realizaron luego de la ponencia un elogiado debate sobre \u201cEl Largo Tiempo de Am\u00e9rica y los horizontes descoloniales\u201d, cautivando al p\u00fablico asistente, en el que las dos estuvieron de acuerdo que lo principal es reconstruir con claridad la historia.<\/p>\n<p style=\"text-align: justify;\">La doctora Shady remarc\u00f3 el valor de Caral, en el beneficio compartido, organizaci\u00f3n del colectivo social, equidad de g\u00e9nero, interacci\u00f3n social, el respeto a la naturaleza con la consideraci\u00f3n y gratitud que a\u00fan le tienen a los recursos naturales y esa visi\u00f3n de compartir con armon\u00eda con la naturaleza; adem\u00e1s mencion\u00f3 durante el evento la importancia de conocer nuestra historia promoviendo la investigaci\u00f3n y el desarrollo armonioso.<\/p>\n<p style=\"text-align: justify;\">\u201cAntes hab\u00eda identificaci\u00f3n de la persona con los dem\u00e1s, hoy vemos una visi\u00f3n de la vida compartida que se ha perdido o queda muy poca; de que vale tanto avance en lo pol\u00edtico si no tenemos identificaci\u00f3n con nuestros conciudadanos\u201d, recalc\u00f3 la doctora Ruth Shady Sol\u00eds.<\/p>\n<h4 style=\"text-align: justify;\">DATO<\/h4>\n<p style=\"text-align: justify;\">La civilizaci\u00f3n Caral surgi\u00f3 hace 5000 a\u00f1os, en el \u00e1rea Norcentral del Per\u00fa, en el valle de Supe \u2013 Barranca. De sus diferentes centros urbanos, s\u00f3lo tres est\u00e1n abiertos al turismo: la Ciudad Sagrada de Caral, principal centro urbano; \u00c1spero, ciudad pesquera de Caral; y Vichama, ciudad agropesquera de V\u00e9gueta-Huaura.<\/p>\n<p style=\"text-align: justify;\">Una manera de conocer estos destinos culturales es participando en el programa de difusi\u00f3n cultural Viajes Educativos que organiza la ZAC. Inf\u00f3rmate m\u00e1s llamando al 205 2517 \/ 955881340 o aqu\u00ed.<br \/>\nTambi\u00e9n puedes escribirnos a: viajeseducativos@zonacaral.gob.pe<\/p>\n<p style=\"text-align: justify;\"><span style=\"color: #993300;\"><strong>Fuente<\/strong><strong>: Prensa ZAC<\/strong><\/span><\/p>\n<div style=\"color: #1f1f1f;\">\n<p style=\"text-align: justify;\">Fecha de publicaci\u00f3n: 08\/05\/2019<\/p>\n<\/div>","protected":false},"excerpt":{"rendered":"<p>La doctora Ruth Shady Sol\u00eds, arque\u00f3loga y directora de la Zona Arqueol\u00f3gica Caral (ZAC), unidad ejecutora 003 del Ministerio de [&hellip;]<\/p>\n","protected":false},"author":1,"featured_media":14380,"comment_status":"closed","ping_status":"open","sticky":false,"template":"","format":"standard","meta":{"_acf_changed":false,"site-sidebar-layout":"default","site-content-layout":"","ast-site-content-layout":"default","site-content-style":"default","site-sidebar-style":"default","ast-global-header-display":"","ast-banner-title-visibility":"","ast-main-header-display":"","ast-hfb-above-header-display":"","ast-hfb-below-header-display":"","ast-hfb-mobile-header-display":"","site-post-title":"","ast-breadcrumbs-content":"","ast-featured-img":"","footer-sml-layout":"","ast-disable-related-posts":"","theme-transparent-header-meta":"","adv-header-id-meta":"","stick-header-meta":"","header-above-stick-meta":"","header-main-stick-meta":"","header-below-stick-meta":"","astra-migrate-meta-layouts":"default","ast-page-background-enabled":"default","ast-page-background-meta":{"desktop":{"background-color":"var(--ast-global-color-5)","background-image":"","background-repeat":"repeat","background-position":"center center","background-size":"auto","background-attachment":"scroll","background-type":"","background-media":"","overlay-type":"","overlay-color":"","overlay-opacity":"","overlay-gradient":""},"tablet":{"background-color":"","background-image":"","background-repeat":"repeat","background-position":"center center","background-size":"auto","background-attachment":"scroll","background-type":"","background-media":"","overlay-type":"","overlay-color":"","overlay-opacity":"","overlay-gradient":""},"mobile":{"background-color":"","background-image":"","background-repeat":"repeat","background-position":"center center","background-size":"auto","background-attachment":"scroll","background-type":"","background-media":"","overlay-type":"","overlay-color":"","overlay-opacity":"","overlay-gradient":""}},"ast-content-background-meta":{"desktop":{"background-color":"var(--ast-global-color-4)","background-image":"","background-repeat":"repeat","background-position":"center center","background-size":"auto","background-attachment":"scroll","background-type":"","background-media":"","overlay-type":"","overlay-color":"","overlay-opacity":"","overlay-gradient":""},"tablet":{"background-color":"var(--ast-global-color-4)","background-image":"","background-repeat":"repeat","background-position":"center center","background-size":"auto","background-attachment":"scroll","background-type":"","background-media":"","overlay-type":"","overlay-color":"","overlay-opacity":"","overlay-gradient":""},"mobile":{"background-color":"var(--ast-global-color-4)","background-image":"","background-repeat":"repeat","background-position":"center center","background-size":"auto","background-attachment":"scroll","background-type":"","background-media":"","overlay-type":"","overlay-color":"","overlay-opacity":"","overlay-gradient":""}},"footnotes":""},"categories":[208],"tags":[55,82],"class_list":["post-14377","post","type-post","status-publish","format-standard","has-post-thumbnail","hentry","category-noticias","tag-caral","tag-ruth-shady"],"acf":[],"yoast_head":"<!-- This site is optimized with the Yoast SEO plugin v27.3 - https:\/\/yoast.com\/product\/yoast-seo-wordpress\/ -->\n<title>Doctora Ruth Shady particip\u00f3 en el Congreso Homenaje Internacional a An\u00edbal Quijano<\/title>\n<meta name=\"description\" content=\"La doctora Ruth Shady Sol\u00eds, arque\u00f3loga y directora de la Zona Arqueol\u00f3gica Caral (ZAC), unidad ejecutora 003 del Ministerio de Cultura, particip\u00f3 como ponente en el Homenaje Internacional al soci\u00f3logo An\u00edbal Quijano, realizado en el auditorio Jos\u00e9 Mar\u00eda Arguedas de la Facultad de Ciencias Sociales de la Universidad Nacional Mayor de San Marcos.\" \/>\n<meta name=\"robots\" content=\"index, follow, max-snippet:-1, max-image-preview:large, max-video-preview:-1\" \/>\n<link rel=\"canonical\" href=\"https:\/\/zonacaral.gob.pe\/en\/noticias\/doctora-ruth-shady-participo-en-el-congreso-homenaje-internacional-a-anibal-quijano\/\" \/>\n<meta property=\"og:locale\" content=\"en_US\" \/>\n<meta property=\"og:type\" content=\"article\" \/>\n<meta property=\"og:title\" content=\"Doctora Ruth Shady particip\u00f3 en el Congreso Homenaje Internacional a An\u00edbal Quijano\" \/>\n<meta property=\"og:description\" content=\"La doctora Ruth Shady Sol\u00eds, arque\u00f3loga y directora de la Zona Arqueol\u00f3gica Caral (ZAC), unidad ejecutora 003 del Ministerio de Cultura, particip\u00f3 como ponente en el Homenaje Internacional al soci\u00f3logo An\u00edbal Quijano, realizado en el auditorio Jos\u00e9 Mar\u00eda Arguedas de la Facultad de Ciencias Sociales de la Universidad Nacional Mayor de San Marcos.\" \/>\n<meta property=\"og:url\" content=\"https:\/\/zonacaral.gob.pe\/en\/noticias\/doctora-ruth-shady-participo-en-el-congreso-homenaje-internacional-a-anibal-quijano\/\" \/>\n<meta property=\"og:site_name\" content=\"Zona Caral\" \/>\n<meta property=\"article:published_time\" content=\"2019-05-08T06:12:06+00:00\" \/>\n<meta property=\"og:image\" content=\"https:\/\/zonacaral.gob.pe\/wp-content\/uploads\/2019\/05\/Ruth-shady-san-marcos.jpg\" \/>\n\t<meta property=\"og:image:width\" content=\"810\" \/>\n\t<meta property=\"og:image:height\" content=\"410\" \/>\n\t<meta property=\"og:image:type\" content=\"image\/jpeg\" \/>\n<meta name=\"author\" content=\"Zona Caral Administrador\" \/>\n<meta name=\"twitter:card\" content=\"summary_large_image\" \/>\n<meta name=\"twitter:label1\" content=\"Written by\" \/>\n\t<meta name=\"twitter:data1\" content=\"Zona Caral Administrador\" \/>\n\t<meta name=\"twitter:label2\" content=\"Est. reading time\" \/>\n\t<meta name=\"twitter:data2\" content=\"2 minutes\" \/>\n<script type=\"application\/ld+json\" class=\"yoast-schema-graph\">{\"@context\":\"https:\\\/\\\/schema.org\",\"@graph\":[{\"@type\":\"Article\",\"@id\":\"https:\\\/\\\/zonacaral.gob.pe\\\/es\\\/noticias\\\/doctora-ruth-shady-participo-en-el-congreso-homenaje-internacional-a-anibal-quijano\\\/#article\",\"isPartOf\":{\"@id\":\"https:\\\/\\\/zonacaral.gob.pe\\\/es\\\/noticias\\\/doctora-ruth-shady-participo-en-el-congreso-homenaje-internacional-a-anibal-quijano\\\/\"},\"author\":{\"name\":\"Zona Caral Administrador\",\"@id\":\"https:\\\/\\\/zonacaral.gob.pe\\\/es\\\/#\\\/schema\\\/person\\\/beddb4d22f71a7230c5b90913270a0ee\"},\"headline\":\"Doctora Ruth Shady particip\u00f3 en el Congreso Homenaje Internacional a An\u00edbal Quijano\",\"datePublished\":\"2019-05-08T06:12:06+00:00\",\"mainEntityOfPage\":{\"@id\":\"https:\\\/\\\/zonacaral.gob.pe\\\/es\\\/noticias\\\/doctora-ruth-shady-participo-en-el-congreso-homenaje-internacional-a-anibal-quijano\\\/\"},\"wordCount\":409,\"image\":{\"@id\":\"https:\\\/\\\/zonacaral.gob.pe\\\/es\\\/noticias\\\/doctora-ruth-shady-participo-en-el-congreso-homenaje-internacional-a-anibal-quijano\\\/#primaryimage\"},\"thumbnailUrl\":\"https:\\\/\\\/zonacaral.gob.pe\\\/wp-content\\\/uploads\\\/2019\\\/05\\\/Ruth-shady-san-marcos.jpg\",\"keywords\":[\"caral\",\"Ruth Shady\"],\"articleSection\":[\"noticias\"],\"inLanguage\":\"en-US\"},{\"@type\":\"WebPage\",\"@id\":\"https:\\\/\\\/zonacaral.gob.pe\\\/es\\\/noticias\\\/doctora-ruth-shady-participo-en-el-congreso-homenaje-internacional-a-anibal-quijano\\\/\",\"url\":\"https:\\\/\\\/zonacaral.gob.pe\\\/es\\\/noticias\\\/doctora-ruth-shady-participo-en-el-congreso-homenaje-internacional-a-anibal-quijano\\\/\",\"name\":\"Doctora Ruth Shady particip\u00f3 en el Congreso Homenaje Internacional a An\u00edbal Quijano\",\"isPartOf\":{\"@id\":\"https:\\\/\\\/zonacaral.gob.pe\\\/es\\\/#website\"},\"primaryImageOfPage\":{\"@id\":\"https:\\\/\\\/zonacaral.gob.pe\\\/es\\\/noticias\\\/doctora-ruth-shady-participo-en-el-congreso-homenaje-internacional-a-anibal-quijano\\\/#primaryimage\"},\"image\":{\"@id\":\"https:\\\/\\\/zonacaral.gob.pe\\\/es\\\/noticias\\\/doctora-ruth-shady-participo-en-el-congreso-homenaje-internacional-a-anibal-quijano\\\/#primaryimage\"},\"thumbnailUrl\":\"https:\\\/\\\/zonacaral.gob.pe\\\/wp-content\\\/uploads\\\/2019\\\/05\\\/Ruth-shady-san-marcos.jpg\",\"datePublished\":\"2019-05-08T06:12:06+00:00\",\"author\":{\"@id\":\"https:\\\/\\\/zonacaral.gob.pe\\\/es\\\/#\\\/schema\\\/person\\\/beddb4d22f71a7230c5b90913270a0ee\"},\"description\":\"La doctora Ruth Shady Sol\u00eds, arque\u00f3loga y directora de la Zona Arqueol\u00f3gica Caral (ZAC), unidad ejecutora 003 del Ministerio de Cultura, particip\u00f3 como ponente en el Homenaje Internacional al soci\u00f3logo An\u00edbal Quijano, realizado en el auditorio Jos\u00e9 Mar\u00eda Arguedas de la Facultad de Ciencias Sociales de la Universidad Nacional Mayor de San Marcos.\",\"breadcrumb\":{\"@id\":\"https:\\\/\\\/zonacaral.gob.pe\\\/es\\\/noticias\\\/doctora-ruth-shady-participo-en-el-congreso-homenaje-internacional-a-anibal-quijano\\\/#breadcrumb\"},\"inLanguage\":\"en-US\",\"potentialAction\":[{\"@type\":\"ReadAction\",\"target\":[\"https:\\\/\\\/zonacaral.gob.pe\\\/es\\\/noticias\\\/doctora-ruth-shady-participo-en-el-congreso-homenaje-internacional-a-anibal-quijano\\\/\"]}]},{\"@type\":\"ImageObject\",\"inLanguage\":\"en-US\",\"@id\":\"https:\\\/\\\/zonacaral.gob.pe\\\/es\\\/noticias\\\/doctora-ruth-shady-participo-en-el-congreso-homenaje-internacional-a-anibal-quijano\\\/#primaryimage\",\"url\":\"https:\\\/\\\/zonacaral.gob.pe\\\/wp-content\\\/uploads\\\/2019\\\/05\\\/Ruth-shady-san-marcos.jpg\",\"contentUrl\":\"https:\\\/\\\/zonacaral.gob.pe\\\/wp-content\\\/uploads\\\/2019\\\/05\\\/Ruth-shady-san-marcos.jpg\",\"width\":810,\"height\":410},{\"@type\":\"BreadcrumbList\",\"@id\":\"https:\\\/\\\/zonacaral.gob.pe\\\/es\\\/noticias\\\/doctora-ruth-shady-participo-en-el-congreso-homenaje-internacional-a-anibal-quijano\\\/#breadcrumb\",\"itemListElement\":[{\"@type\":\"ListItem\",\"position\":1,\"name\":\"Portada\",\"item\":\"https:\\\/\\\/zonacaral.gob.pe\\\/\"},{\"@type\":\"ListItem\",\"position\":2,\"name\":\"Doctora Ruth Shady particip\u00f3 en el Congreso Homenaje Internacional a An\u00edbal Quijano\"}]},{\"@type\":\"WebSite\",\"@id\":\"https:\\\/\\\/zonacaral.gob.pe\\\/es\\\/#website\",\"url\":\"https:\\\/\\\/zonacaral.gob.pe\\\/es\\\/\",\"name\":\"Zona Caral\",\"description\":\"Investigamos, conservamos y difundimos el patrimonio cultural de la Civilizaci\u00f3n Caral, la m\u00e1s antigua de Am\u00e9rica.\",\"potentialAction\":[{\"@type\":\"SearchAction\",\"target\":{\"@type\":\"EntryPoint\",\"urlTemplate\":\"https:\\\/\\\/zonacaral.gob.pe\\\/es\\\/?s={search_term_string}\"},\"query-input\":{\"@type\":\"PropertyValueSpecification\",\"valueRequired\":true,\"valueName\":\"search_term_string\"}}],\"inLanguage\":\"en-US\"},{\"@type\":\"Person\",\"@id\":\"https:\\\/\\\/zonacaral.gob.pe\\\/es\\\/#\\\/schema\\\/person\\\/beddb4d22f71a7230c5b90913270a0ee\",\"name\":\"Zona Caral Administrador\",\"image\":{\"@type\":\"ImageObject\",\"inLanguage\":\"en-US\",\"@id\":\"https:\\\/\\\/secure.gravatar.com\\\/avatar\\\/e4be162918a696358376de6446614e0f0f4062bdc5d170d6d540ada3d8b58c12?s=96&d=mm&r=g\",\"url\":\"https:\\\/\\\/secure.gravatar.com\\\/avatar\\\/e4be162918a696358376de6446614e0f0f4062bdc5d170d6d540ada3d8b58c12?s=96&d=mm&r=g\",\"contentUrl\":\"https:\\\/\\\/secure.gravatar.com\\\/avatar\\\/e4be162918a696358376de6446614e0f0f4062bdc5d170d6d540ada3d8b58c12?s=96&d=mm&r=g\",\"caption\":\"Zona Caral Administrador\"},\"sameAs\":[\"https:\\\/\\\/zonacaral.gob.pe\"],\"url\":\"https:\\\/\\\/zonacaral.gob.pe\\\/en\\\/noticias\\\/author\\\/ad_zonacaral\\\/\"}]}<\/script>\n<!-- \/ Yoast SEO plugin. -->","yoast_head_json":{"title":"Doctora Ruth Shady particip\u00f3 en el Congreso Homenaje Internacional a An\u00edbal Quijano","description":"La doctora Ruth Shady Sol\u00eds, arque\u00f3loga y directora de la Zona Arqueol\u00f3gica Caral (ZAC), unidad ejecutora 003 del Ministerio de Cultura, particip\u00f3 como ponente en el Homenaje Internacional al soci\u00f3logo An\u00edbal Quijano, realizado en el auditorio Jos\u00e9 Mar\u00eda Arguedas de la Facultad de Ciencias Sociales de la Universidad Nacional Mayor de San Marcos.","robots":{"index":"index","follow":"follow","max-snippet":"max-snippet:-1","max-image-preview":"max-image-preview:large","max-video-preview":"max-video-preview:-1"},"canonical":"https:\/\/zonacaral.gob.pe\/en\/noticias\/doctora-ruth-shady-participo-en-el-congreso-homenaje-internacional-a-anibal-quijano\/","og_locale":"en_US","og_type":"article","og_title":"Doctora Ruth Shady particip\u00f3 en el Congreso Homenaje Internacional a An\u00edbal Quijano","og_description":"La doctora Ruth Shady Sol\u00eds, arque\u00f3loga y directora de la Zona Arqueol\u00f3gica Caral (ZAC), unidad ejecutora 003 del Ministerio de Cultura, particip\u00f3 como ponente en el Homenaje Internacional al soci\u00f3logo An\u00edbal Quijano, realizado en el auditorio Jos\u00e9 Mar\u00eda Arguedas de la Facultad de Ciencias Sociales de la Universidad Nacional Mayor de San Marcos.","og_url":"https:\/\/zonacaral.gob.pe\/en\/noticias\/doctora-ruth-shady-participo-en-el-congreso-homenaje-internacional-a-anibal-quijano\/","og_site_name":"Zona Caral","article_published_time":"2019-05-08T06:12:06+00:00","og_image":[{"width":810,"height":410,"url":"https:\/\/zonacaral.gob.pe\/wp-content\/uploads\/2019\/05\/Ruth-shady-san-marcos.jpg","type":"image\/jpeg"}],"author":"Zona Caral Administrador","twitter_card":"summary_large_image","twitter_misc":{"Written by":"Zona Caral Administrador","Est. reading time":"2 minutes"},"schema":{"@context":"https:\/\/schema.org","@graph":[{"@type":"Article","@id":"https:\/\/zonacaral.gob.pe\/es\/noticias\/doctora-ruth-shady-participo-en-el-congreso-homenaje-internacional-a-anibal-quijano\/#article","isPartOf":{"@id":"https:\/\/zonacaral.gob.pe\/es\/noticias\/doctora-ruth-shady-participo-en-el-congreso-homenaje-internacional-a-anibal-quijano\/"},"author":{"name":"Zona Caral Administrador","@id":"https:\/\/zonacaral.gob.pe\/es\/#\/schema\/person\/beddb4d22f71a7230c5b90913270a0ee"},"headline":"Doctora Ruth Shady particip\u00f3 en el Congreso Homenaje Internacional a An\u00edbal Quijano","datePublished":"2019-05-08T06:12:06+00:00","mainEntityOfPage":{"@id":"https:\/\/zonacaral.gob.pe\/es\/noticias\/doctora-ruth-shady-participo-en-el-congreso-homenaje-internacional-a-anibal-quijano\/"},"wordCount":409,"image":{"@id":"https:\/\/zonacaral.gob.pe\/es\/noticias\/doctora-ruth-shady-participo-en-el-congreso-homenaje-internacional-a-anibal-quijano\/#primaryimage"},"thumbnailUrl":"https:\/\/zonacaral.gob.pe\/wp-content\/uploads\/2019\/05\/Ruth-shady-san-marcos.jpg","keywords":["caral","Ruth Shady"],"articleSection":["noticias"],"inLanguage":"en-US"},{"@type":"WebPage","@id":"https:\/\/zonacaral.gob.pe\/es\/noticias\/doctora-ruth-shady-participo-en-el-congreso-homenaje-internacional-a-anibal-quijano\/","url":"https:\/\/zonacaral.gob.pe\/es\/noticias\/doctora-ruth-shady-participo-en-el-congreso-homenaje-internacional-a-anibal-quijano\/","name":"Doctora Ruth Shady particip\u00f3 en el Congreso Homenaje Internacional a An\u00edbal Quijano","isPartOf":{"@id":"https:\/\/zonacaral.gob.pe\/es\/#website"},"primaryImageOfPage":{"@id":"https:\/\/zonacaral.gob.pe\/es\/noticias\/doctora-ruth-shady-participo-en-el-congreso-homenaje-internacional-a-anibal-quijano\/#primaryimage"},"image":{"@id":"https:\/\/zonacaral.gob.pe\/es\/noticias\/doctora-ruth-shady-participo-en-el-congreso-homenaje-internacional-a-anibal-quijano\/#primaryimage"},"thumbnailUrl":"https:\/\/zonacaral.gob.pe\/wp-content\/uploads\/2019\/05\/Ruth-shady-san-marcos.jpg","datePublished":"2019-05-08T06:12:06+00:00","author":{"@id":"https:\/\/zonacaral.gob.pe\/es\/#\/schema\/person\/beddb4d22f71a7230c5b90913270a0ee"},"description":"La doctora Ruth Shady Sol\u00eds, arque\u00f3loga y directora de la Zona Arqueol\u00f3gica Caral (ZAC), unidad ejecutora 003 del Ministerio de Cultura, particip\u00f3 como ponente en el Homenaje Internacional al soci\u00f3logo An\u00edbal Quijano, realizado en el auditorio Jos\u00e9 Mar\u00eda Arguedas de la Facultad de Ciencias Sociales de la Universidad Nacional Mayor de San Marcos.","breadcrumb":{"@id":"https:\/\/zonacaral.gob.pe\/es\/noticias\/doctora-ruth-shady-participo-en-el-congreso-homenaje-internacional-a-anibal-quijano\/#breadcrumb"},"inLanguage":"en-US","potentialAction":[{"@type":"ReadAction","target":["https:\/\/zonacaral.gob.pe\/es\/noticias\/doctora-ruth-shady-participo-en-el-congreso-homenaje-internacional-a-anibal-quijano\/"]}]},{"@type":"ImageObject","inLanguage":"en-US","@id":"https:\/\/zonacaral.gob.pe\/es\/noticias\/doctora-ruth-shady-participo-en-el-congreso-homenaje-internacional-a-anibal-quijano\/#primaryimage","url":"https:\/\/zonacaral.gob.pe\/wp-content\/uploads\/2019\/05\/Ruth-shady-san-marcos.jpg","contentUrl":"https:\/\/zonacaral.gob.pe\/wp-content\/uploads\/2019\/05\/Ruth-shady-san-marcos.jpg","width":810,"height":410},{"@type":"BreadcrumbList","@id":"https:\/\/zonacaral.gob.pe\/es\/noticias\/doctora-ruth-shady-participo-en-el-congreso-homenaje-internacional-a-anibal-quijano\/#breadcrumb","itemListElement":[{"@type":"ListItem","position":1,"name":"Portada","item":"https:\/\/zonacaral.gob.pe\/"},{"@type":"ListItem","position":2,"name":"Doctora Ruth Shady particip\u00f3 en el Congreso Homenaje Internacional a An\u00edbal Quijano"}]},{"@type":"WebSite","@id":"https:\/\/zonacaral.gob.pe\/es\/#website","url":"https:\/\/zonacaral.gob.pe\/es\/","name":"Zona Caral","description":"Investigamos, conservamos y difundimos el patrimonio cultural de la Civilizaci\u00f3n Caral, la m\u00e1s antigua de Am\u00e9rica.","potentialAction":[{"@type":"SearchAction","target":{"@type":"EntryPoint","urlTemplate":"https:\/\/zonacaral.gob.pe\/es\/?s={search_term_string}"},"query-input":{"@type":"PropertyValueSpecification","valueRequired":true,"valueName":"search_term_string"}}],"inLanguage":"en-US"},{"@type":"Person","@id":"https:\/\/zonacaral.gob.pe\/es\/#\/schema\/person\/beddb4d22f71a7230c5b90913270a0ee","name":"Zona Caral Administrador","image":{"@type":"ImageObject","inLanguage":"en-US","@id":"https:\/\/secure.gravatar.com\/avatar\/e4be162918a696358376de6446614e0f0f4062bdc5d170d6d540ada3d8b58c12?s=96&d=mm&r=g","url":"https:\/\/secure.gravatar.com\/avatar\/e4be162918a696358376de6446614e0f0f4062bdc5d170d6d540ada3d8b58c12?s=96&d=mm&r=g","contentUrl":"https:\/\/secure.gravatar.com\/avatar\/e4be162918a696358376de6446614e0f0f4062bdc5d170d6d540ada3d8b58c12?s=96&d=mm&r=g","caption":"Zona Caral Administrador"},"sameAs":["https:\/\/zonacaral.gob.pe"],"url":"https:\/\/zonacaral.gob.pe\/en\/noticias\/author\/ad_zonacaral\/"}]}},"_links":{"self":[{"href":"https:\/\/zonacaral.gob.pe\/en\/wp-json\/wp\/v2\/posts\/14377","targetHints":{"allow":["GET"]}}],"collection":[{"href":"https:\/\/zonacaral.gob.pe\/en\/wp-json\/wp\/v2\/posts"}],"about":[{"href":"https:\/\/zonacaral.gob.pe\/en\/wp-json\/wp\/v2\/types\/post"}],"author":[{"embeddable":true,"href":"https:\/\/zonacaral.gob.pe\/en\/wp-json\/wp\/v2\/users\/1"}],"replies":[{"embeddable":true,"href":"https:\/\/zonacaral.gob.pe\/en\/wp-json\/wp\/v2\/comments?post=14377"}],"version-history":[{"count":0,"href":"https:\/\/zonacaral.gob.pe\/en\/wp-json\/wp\/v2\/posts\/14377\/revisions"}],"wp:featuredmedia":[{"embeddable":true,"href":"https:\/\/zonacaral.gob.pe\/en\/wp-json\/wp\/v2\/media\/14380"}],"wp:attachment":[{"href":"https:\/\/zonacaral.gob.pe\/en\/wp-json\/wp\/v2\/media?parent=14377"}],"wp:term":[{"taxonomy":"category","embeddable":true,"href":"https:\/\/zonacaral.gob.pe\/en\/wp-json\/wp\/v2\/categories?post=14377"},{"taxonomy":"post_tag","embeddable":true,"href":"https:\/\/zonacaral.gob.pe\/en\/wp-json\/wp\/v2\/tags?post=14377"}],"curies":[{"name":"wp","href":"https:\/\/api.w.org\/{rel}","templated":true}]}}