{"id":14390,"date":"2019-05-22T14:38:58","date_gmt":"2019-05-22T19:38:58","guid":{"rendered":"http:\/\/www.zonacaral.gob.pe\/?p=14390"},"modified":"2019-05-22T14:38:58","modified_gmt":"2019-05-22T19:38:58","slug":"doctora-ruth-shady-realizo-conferencia-sobre-valores-de-la-civilizacion-caral-en-el-palacio-municipal-de-la-provincia-de-ilo-moquegua","status":"publish","type":"post","link":"https:\/\/zonacaral.gob.pe\/en\/noticias\/doctora-ruth-shady-realizo-conferencia-sobre-valores-de-la-civilizacion-caral-en-el-palacio-municipal-de-la-provincia-de-ilo-moquegua\/","title":{"rendered":"Doctora Ruth Shady realiz\u00f3 conferencia sobre valores de la civilizacion Caral en el Palacio Municipal de la Provincia de Ilo &#8211; Moquegua"},"content":{"rendered":"<figure class=\"pic-autor\" style=\"color: #4d4d4d; text-align: justify;\"><\/figure>\n<p>La Zona Arqueol\u00f3gica Caral (ZAC), unidad ejecutora del Ministerio de Cultura, realiz\u00f3 el pasado viernes 17 de mayo de 2019, una conferencia organizada para presentar la exposici\u00f3n museogr\u00e1fica: \u00abLos Valores de la Civilizaci\u00f3n Caral, Armon\u00eda en las Relaciones Interculturales y con la Naturaleza\u00bb, en la ciudad de Ilo &#8211; Moquegua.<\/p>\n<p>La doctora Ruth Shady Sol\u00eds, directora de la ZAC brind\u00f3 una exposici\u00f3n sobre el desarrollo y la importancia cultural de la civilizaci\u00f3n Caral, considerada la m\u00e1s antigua de Am\u00e9rica (3000 a.C. \u2013 1800 a.C.). Asimismo, inform\u00f3 sobre los hallazgos que se hicieron, en 25 a\u00f1os de investigaci\u00f3n, y el trabajo social que realiza la Zona Arqueol\u00f3gica Caral. Como se ha informado, esta civilizaci\u00f3n se desarroll\u00f3 en un ambiente de armon\u00eda con la naturaleza y las otras comunidades.<\/p>\n<p>\u201cEs necesario que conozcamos nuestra historia y como se manej\u00f3 este territorio, es importante conocer los resultados que se obtuvieron. Si en el pasado forjamos una civilizaci\u00f3n, podemos ser un pa\u00eds desarrollado. Debemos reflexionar sobre nuestro pasado\u201c, sostuvo la doctora Ruth Shady, directora de Zona Arqueol\u00f3gica Caral.<\/p>\n<p style=\"text-align: justify;\"><span style=\"color: #993300;\"><strong>Fuente<\/strong><strong>: Prensa ZAC<\/strong><\/span><\/p>\n<div style=\"color: #1f1f1f;\">\n<p style=\"text-align: justify;\">Fecha de publicaci\u00f3n: 21\/05\/2019<\/p>\n<\/div>","protected":false},"excerpt":{"rendered":"<p>La Zona Arqueol\u00f3gica Caral (ZAC), unidad ejecutora del Ministerio de Cultura, realiz\u00f3 el pasado viernes 17 de mayo de 2019, [&hellip;]<\/p>\n","protected":false},"author":1,"featured_media":14391,"comment_status":"closed","ping_status":"open","sticky":false,"template":"","format":"standard","meta":{"_acf_changed":false,"site-sidebar-layout":"default","site-content-layout":"","ast-site-content-layout":"default","site-content-style":"default","site-sidebar-style":"default","ast-global-header-display":"","ast-banner-title-visibility":"","ast-main-header-display":"","ast-hfb-above-header-display":"","ast-hfb-below-header-display":"","ast-hfb-mobile-header-display":"","site-post-title":"","ast-breadcrumbs-content":"","ast-featured-img":"","footer-sml-layout":"","ast-disable-related-posts":"","theme-transparent-header-meta":"","adv-header-id-meta":"","stick-header-meta":"","header-above-stick-meta":"","header-main-stick-meta":"","header-below-stick-meta":"","astra-migrate-meta-layouts":"default","ast-page-background-enabled":"default","ast-page-background-meta":{"desktop":{"background-color":"var(--ast-global-color-5)","background-image":"","background-repeat":"repeat","background-position":"center center","background-size":"auto","background-attachment":"scroll","background-type":"","background-media":"","overlay-type":"","overlay-color":"","overlay-opacity":"","overlay-gradient":""},"tablet":{"background-color":"","background-image":"","background-repeat":"repeat","background-position":"center center","background-size":"auto","background-attachment":"scroll","background-type":"","background-media":"","overlay-type":"","overlay-color":"","overlay-opacity":"","overlay-gradient":""},"mobile":{"background-color":"","background-image":"","background-repeat":"repeat","background-position":"center center","background-size":"auto","background-attachment":"scroll","background-type":"","background-media":"","overlay-type":"","overlay-color":"","overlay-opacity":"","overlay-gradient":""}},"ast-content-background-meta":{"desktop":{"background-color":"var(--ast-global-color-4)","background-image":"","background-repeat":"repeat","background-position":"center center","background-size":"auto","background-attachment":"scroll","background-type":"","background-media":"","overlay-type":"","overlay-color":"","overlay-opacity":"","overlay-gradient":""},"tablet":{"background-color":"var(--ast-global-color-4)","background-image":"","background-repeat":"repeat","background-position":"center center","background-size":"auto","background-attachment":"scroll","background-type":"","background-media":"","overlay-type":"","overlay-color":"","overlay-opacity":"","overlay-gradient":""},"mobile":{"background-color":"var(--ast-global-color-4)","background-image":"","background-repeat":"repeat","background-position":"center center","background-size":"auto","background-attachment":"scroll","background-type":"","background-media":"","overlay-type":"","overlay-color":"","overlay-opacity":"","overlay-gradient":""}},"footnotes":""},"categories":[208],"tags":[55,121],"class_list":["post-14390","post","type-post","status-publish","format-standard","has-post-thumbnail","hentry","category-noticias","tag-caral","tag-museos"],"acf":[],"yoast_head":"<!-- This site is optimized with the Yoast SEO plugin v27.3 - https:\/\/yoast.com\/product\/yoast-seo-wordpress\/ -->\n<title>La Zona Arqueol\u00f3gica Caral (ZAC), unidad ejecutora del Ministerio de Cultura, realiz\u00f3 el pasado viernes 17 de mayo de 2019, una conferencia organizada para presentar la exposici\u00f3n museogr\u00e1fica: &quot;Los Valores de la Civilizaci\u00f3n Caral, Armon\u00eda en las Relaciones Interculturales y con la Naturaleza&quot;, en la ciudad de Ilo - Moquegua. La doctora Ruth Shady Sol\u00eds, directora de la ZAC brind\u00f3 una exposici\u00f3n sobre el desarrollo y la importancia cultural de la civilizaci\u00f3n Caral, considerada la m\u00e1s antigua de Am\u00e9rica (3000 a.C. \u2013 1800 a.C.). Asimismo, inform\u00f3 sobre los hallazgos que se hicieron, en 25 a\u00f1os de investigaci\u00f3n, y el trabajo social que realiza la Zona Arqueol\u00f3gica Caral. Como se ha informado, esta civilizaci\u00f3n se desarroll\u00f3 en un ambiente de armon\u00eda con la naturaleza y las otras comunidades. \u201cEs necesario que conozcamos nuestra historia y como se manej\u00f3 este territorio, es importante conocer los resultados que se obtuvieron. Si en el pasado forjamos una civilizaci\u00f3n, podemos ser un pa\u00eds desarrollado. Debemos reflexionar sobre nuestro pasado\u201c, sostuvo la doctora Ruth Shady, directora de Zona Arqueol\u00f3gica Caral.<\/title>\n<meta name=\"description\" content=\"La Zona Arqueol\u00f3gica Caral (ZAC), unidad ejecutora del Ministerio de Cultura, realiz\u00f3 el pasado viernes 17 de mayo de 2019, una conferencia organizada para presentar la exposici\u00f3n museogr\u00e1fica: &quot;Los Valores de la Civilizaci\u00f3n Caral, Armon\u00eda en las Relaciones Interculturales y con la Naturaleza&quot;, en la ciudad de Ilo - Moquegua.\" \/>\n<meta name=\"robots\" content=\"index, follow, max-snippet:-1, max-image-preview:large, max-video-preview:-1\" \/>\n<link rel=\"canonical\" href=\"https:\/\/zonacaral.gob.pe\/en\/noticias\/doctora-ruth-shady-realizo-conferencia-sobre-valores-de-la-civilizacion-caral-en-el-palacio-municipal-de-la-provincia-de-ilo-moquegua\/\" \/>\n<meta property=\"og:locale\" content=\"en_US\" \/>\n<meta property=\"og:type\" content=\"article\" \/>\n<meta property=\"og:title\" content=\"La Zona Arqueol\u00f3gica Caral (ZAC), unidad ejecutora del Ministerio de Cultura, realiz\u00f3 el pasado viernes 17 de mayo de 2019, una conferencia organizada para presentar la exposici\u00f3n museogr\u00e1fica: &quot;Los Valores de la Civilizaci\u00f3n Caral, Armon\u00eda en las Relaciones Interculturales y con la Naturaleza&quot;, en la ciudad de Ilo - Moquegua. La doctora Ruth Shady Sol\u00eds, directora de la ZAC brind\u00f3 una exposici\u00f3n sobre el desarrollo y la importancia cultural de la civilizaci\u00f3n Caral, considerada la m\u00e1s antigua de Am\u00e9rica (3000 a.C. \u2013 1800 a.C.). Asimismo, inform\u00f3 sobre los hallazgos que se hicieron, en 25 a\u00f1os de investigaci\u00f3n, y el trabajo social que realiza la Zona Arqueol\u00f3gica Caral. Como se ha informado, esta civilizaci\u00f3n se desarroll\u00f3 en un ambiente de armon\u00eda con la naturaleza y las otras comunidades. \u201cEs necesario que conozcamos nuestra historia y como se manej\u00f3 este territorio, es importante conocer los resultados que se obtuvieron. Si en el pasado forjamos una civilizaci\u00f3n, podemos ser un pa\u00eds desarrollado. Debemos reflexionar sobre nuestro pasado\u201c, sostuvo la doctora Ruth Shady, directora de Zona Arqueol\u00f3gica Caral.\" \/>\n<meta property=\"og:description\" content=\"La Zona Arqueol\u00f3gica Caral (ZAC), unidad ejecutora del Ministerio de Cultura, realiz\u00f3 el pasado viernes 17 de mayo de 2019, una conferencia organizada para presentar la exposici\u00f3n museogr\u00e1fica: &quot;Los Valores de la Civilizaci\u00f3n Caral, Armon\u00eda en las Relaciones Interculturales y con la Naturaleza&quot;, en la ciudad de Ilo - Moquegua.\" \/>\n<meta property=\"og:url\" content=\"https:\/\/zonacaral.gob.pe\/en\/noticias\/doctora-ruth-shady-realizo-conferencia-sobre-valores-de-la-civilizacion-caral-en-el-palacio-municipal-de-la-provincia-de-ilo-moquegua\/\" \/>\n<meta property=\"og:site_name\" content=\"Zona Caral\" \/>\n<meta property=\"article:published_time\" content=\"2019-05-22T19:38:58+00:00\" \/>\n<meta property=\"og:image\" content=\"https:\/\/zonacaral.gob.pe\/wp-content\/uploads\/2019\/05\/ruth-shady-conferencia-ilo.jpg\" \/>\n\t<meta property=\"og:image:width\" content=\"810\" \/>\n\t<meta property=\"og:image:height\" content=\"410\" \/>\n\t<meta property=\"og:image:type\" content=\"image\/jpeg\" \/>\n<meta name=\"author\" content=\"Zona Caral Administrador\" \/>\n<meta name=\"twitter:card\" content=\"summary_large_image\" \/>\n<meta name=\"twitter:label1\" content=\"Written by\" \/>\n\t<meta name=\"twitter:data1\" content=\"Zona Caral Administrador\" \/>\n\t<meta name=\"twitter:label2\" content=\"Est. reading time\" \/>\n\t<meta name=\"twitter:data2\" content=\"1 minute\" \/>\n<script type=\"application\/ld+json\" class=\"yoast-schema-graph\">{\"@context\":\"https:\\\/\\\/schema.org\",\"@graph\":[{\"@type\":\"Article\",\"@id\":\"https:\\\/\\\/zonacaral.gob.pe\\\/es\\\/noticias\\\/doctora-ruth-shady-realizo-conferencia-sobre-valores-de-la-civilizacion-caral-en-el-palacio-municipal-de-la-provincia-de-ilo-moquegua\\\/#article\",\"isPartOf\":{\"@id\":\"https:\\\/\\\/zonacaral.gob.pe\\\/es\\\/noticias\\\/doctora-ruth-shady-realizo-conferencia-sobre-valores-de-la-civilizacion-caral-en-el-palacio-municipal-de-la-provincia-de-ilo-moquegua\\\/\"},\"author\":{\"name\":\"Zona Caral Administrador\",\"@id\":\"https:\\\/\\\/zonacaral.gob.pe\\\/es\\\/#\\\/schema\\\/person\\\/beddb4d22f71a7230c5b90913270a0ee\"},\"headline\":\"Doctora Ruth Shady realiz\u00f3 conferencia sobre valores de la civilizacion Caral en el Palacio Municipal de la Provincia de Ilo &#8211; Moquegua\",\"datePublished\":\"2019-05-22T19:38:58+00:00\",\"mainEntityOfPage\":{\"@id\":\"https:\\\/\\\/zonacaral.gob.pe\\\/es\\\/noticias\\\/doctora-ruth-shady-realizo-conferencia-sobre-valores-de-la-civilizacion-caral-en-el-palacio-municipal-de-la-provincia-de-ilo-moquegua\\\/\"},\"wordCount\":217,\"image\":{\"@id\":\"https:\\\/\\\/zonacaral.gob.pe\\\/es\\\/noticias\\\/doctora-ruth-shady-realizo-conferencia-sobre-valores-de-la-civilizacion-caral-en-el-palacio-municipal-de-la-provincia-de-ilo-moquegua\\\/#primaryimage\"},\"thumbnailUrl\":\"https:\\\/\\\/zonacaral.gob.pe\\\/wp-content\\\/uploads\\\/2019\\\/05\\\/ruth-shady-conferencia-ilo.jpg\",\"keywords\":[\"caral\",\"museos\"],\"articleSection\":[\"noticias\"],\"inLanguage\":\"en-US\"},{\"@type\":\"WebPage\",\"@id\":\"https:\\\/\\\/zonacaral.gob.pe\\\/es\\\/noticias\\\/doctora-ruth-shady-realizo-conferencia-sobre-valores-de-la-civilizacion-caral-en-el-palacio-municipal-de-la-provincia-de-ilo-moquegua\\\/\",\"url\":\"https:\\\/\\\/zonacaral.gob.pe\\\/es\\\/noticias\\\/doctora-ruth-shady-realizo-conferencia-sobre-valores-de-la-civilizacion-caral-en-el-palacio-municipal-de-la-provincia-de-ilo-moquegua\\\/\",\"name\":\"La Zona Arqueol\u00f3gica Caral (ZAC), unidad ejecutora del Ministerio de Cultura, realiz\u00f3 el pasado viernes 17 de mayo de 2019, una conferencia organizada para presentar la exposici\u00f3n museogr\u00e1fica: \\\"Los Valores de la Civilizaci\u00f3n Caral, Armon\u00eda en las Relaciones Interculturales y con la Naturaleza\\\", en la ciudad de Ilo - Moquegua. La doctora Ruth Shady Sol\u00eds, directora de la ZAC brind\u00f3 una exposici\u00f3n sobre el desarrollo y la importancia cultural de la civilizaci\u00f3n Caral, considerada la m\u00e1s antigua de Am\u00e9rica (3000 a.C. \u2013 1800 a.C.). Asimismo, inform\u00f3 sobre los hallazgos que se hicieron, en 25 a\u00f1os de investigaci\u00f3n, y el trabajo social que realiza la Zona Arqueol\u00f3gica Caral. Como se ha informado, esta civilizaci\u00f3n se desarroll\u00f3 en un ambiente de armon\u00eda con la naturaleza y las otras comunidades. \u201cEs necesario que conozcamos nuestra historia y como se manej\u00f3 este territorio, es importante conocer los resultados que se obtuvieron. Si en el pasado forjamos una civilizaci\u00f3n, podemos ser un pa\u00eds desarrollado. Debemos reflexionar sobre nuestro pasado\u201c, sostuvo la doctora Ruth Shady, directora de Zona Arqueol\u00f3gica Caral.\",\"isPartOf\":{\"@id\":\"https:\\\/\\\/zonacaral.gob.pe\\\/es\\\/#website\"},\"primaryImageOfPage\":{\"@id\":\"https:\\\/\\\/zonacaral.gob.pe\\\/es\\\/noticias\\\/doctora-ruth-shady-realizo-conferencia-sobre-valores-de-la-civilizacion-caral-en-el-palacio-municipal-de-la-provincia-de-ilo-moquegua\\\/#primaryimage\"},\"image\":{\"@id\":\"https:\\\/\\\/zonacaral.gob.pe\\\/es\\\/noticias\\\/doctora-ruth-shady-realizo-conferencia-sobre-valores-de-la-civilizacion-caral-en-el-palacio-municipal-de-la-provincia-de-ilo-moquegua\\\/#primaryimage\"},\"thumbnailUrl\":\"https:\\\/\\\/zonacaral.gob.pe\\\/wp-content\\\/uploads\\\/2019\\\/05\\\/ruth-shady-conferencia-ilo.jpg\",\"datePublished\":\"2019-05-22T19:38:58+00:00\",\"author\":{\"@id\":\"https:\\\/\\\/zonacaral.gob.pe\\\/es\\\/#\\\/schema\\\/person\\\/beddb4d22f71a7230c5b90913270a0ee\"},\"description\":\"La Zona Arqueol\u00f3gica Caral (ZAC), unidad ejecutora del Ministerio de Cultura, realiz\u00f3 el pasado viernes 17 de mayo de 2019, una conferencia organizada para presentar la exposici\u00f3n museogr\u00e1fica: \\\"Los Valores de la Civilizaci\u00f3n Caral, Armon\u00eda en las Relaciones Interculturales y con la Naturaleza\\\", en la ciudad de Ilo - Moquegua.\",\"breadcrumb\":{\"@id\":\"https:\\\/\\\/zonacaral.gob.pe\\\/es\\\/noticias\\\/doctora-ruth-shady-realizo-conferencia-sobre-valores-de-la-civilizacion-caral-en-el-palacio-municipal-de-la-provincia-de-ilo-moquegua\\\/#breadcrumb\"},\"inLanguage\":\"en-US\",\"potentialAction\":[{\"@type\":\"ReadAction\",\"target\":[\"https:\\\/\\\/zonacaral.gob.pe\\\/es\\\/noticias\\\/doctora-ruth-shady-realizo-conferencia-sobre-valores-de-la-civilizacion-caral-en-el-palacio-municipal-de-la-provincia-de-ilo-moquegua\\\/\"]}]},{\"@type\":\"ImageObject\",\"inLanguage\":\"en-US\",\"@id\":\"https:\\\/\\\/zonacaral.gob.pe\\\/es\\\/noticias\\\/doctora-ruth-shady-realizo-conferencia-sobre-valores-de-la-civilizacion-caral-en-el-palacio-municipal-de-la-provincia-de-ilo-moquegua\\\/#primaryimage\",\"url\":\"https:\\\/\\\/zonacaral.gob.pe\\\/wp-content\\\/uploads\\\/2019\\\/05\\\/ruth-shady-conferencia-ilo.jpg\",\"contentUrl\":\"https:\\\/\\\/zonacaral.gob.pe\\\/wp-content\\\/uploads\\\/2019\\\/05\\\/ruth-shady-conferencia-ilo.jpg\",\"width\":810,\"height\":410},{\"@type\":\"BreadcrumbList\",\"@id\":\"https:\\\/\\\/zonacaral.gob.pe\\\/es\\\/noticias\\\/doctora-ruth-shady-realizo-conferencia-sobre-valores-de-la-civilizacion-caral-en-el-palacio-municipal-de-la-provincia-de-ilo-moquegua\\\/#breadcrumb\",\"itemListElement\":[{\"@type\":\"ListItem\",\"position\":1,\"name\":\"Portada\",\"item\":\"https:\\\/\\\/zonacaral.gob.pe\\\/\"},{\"@type\":\"ListItem\",\"position\":2,\"name\":\"Doctora Ruth Shady realiz\u00f3 conferencia sobre valores de la civilizacion Caral en el Palacio Municipal de la Provincia de Ilo &#8211; Moquegua\"}]},{\"@type\":\"WebSite\",\"@id\":\"https:\\\/\\\/zonacaral.gob.pe\\\/es\\\/#website\",\"url\":\"https:\\\/\\\/zonacaral.gob.pe\\\/es\\\/\",\"name\":\"Zona Caral\",\"description\":\"Investigamos, conservamos y difundimos el patrimonio cultural de la Civilizaci\u00f3n Caral, la m\u00e1s antigua de Am\u00e9rica.\",\"potentialAction\":[{\"@type\":\"SearchAction\",\"target\":{\"@type\":\"EntryPoint\",\"urlTemplate\":\"https:\\\/\\\/zonacaral.gob.pe\\\/es\\\/?s={search_term_string}\"},\"query-input\":{\"@type\":\"PropertyValueSpecification\",\"valueRequired\":true,\"valueName\":\"search_term_string\"}}],\"inLanguage\":\"en-US\"},{\"@type\":\"Person\",\"@id\":\"https:\\\/\\\/zonacaral.gob.pe\\\/es\\\/#\\\/schema\\\/person\\\/beddb4d22f71a7230c5b90913270a0ee\",\"name\":\"Zona Caral Administrador\",\"image\":{\"@type\":\"ImageObject\",\"inLanguage\":\"en-US\",\"@id\":\"https:\\\/\\\/secure.gravatar.com\\\/avatar\\\/e4be162918a696358376de6446614e0f0f4062bdc5d170d6d540ada3d8b58c12?s=96&d=mm&r=g\",\"url\":\"https:\\\/\\\/secure.gravatar.com\\\/avatar\\\/e4be162918a696358376de6446614e0f0f4062bdc5d170d6d540ada3d8b58c12?s=96&d=mm&r=g\",\"contentUrl\":\"https:\\\/\\\/secure.gravatar.com\\\/avatar\\\/e4be162918a696358376de6446614e0f0f4062bdc5d170d6d540ada3d8b58c12?s=96&d=mm&r=g\",\"caption\":\"Zona Caral Administrador\"},\"sameAs\":[\"https:\\\/\\\/zonacaral.gob.pe\"],\"url\":\"https:\\\/\\\/zonacaral.gob.pe\\\/en\\\/noticias\\\/author\\\/ad_zonacaral\\\/\"}]}<\/script>\n<!-- \/ Yoast SEO plugin. -->","yoast_head_json":{"title":"La Zona Arqueol\u00f3gica Caral (ZAC), unidad ejecutora del Ministerio de Cultura, realiz\u00f3 el pasado viernes 17 de mayo de 2019, una conferencia organizada para presentar la exposici\u00f3n museogr\u00e1fica: \"Los Valores de la Civilizaci\u00f3n Caral, Armon\u00eda en las Relaciones Interculturales y con la Naturaleza\", en la ciudad de Ilo - Moquegua. La doctora Ruth Shady Sol\u00eds, directora de la ZAC brind\u00f3 una exposici\u00f3n sobre el desarrollo y la importancia cultural de la civilizaci\u00f3n Caral, considerada la m\u00e1s antigua de Am\u00e9rica (3000 a.C. \u2013 1800 a.C.). Asimismo, inform\u00f3 sobre los hallazgos que se hicieron, en 25 a\u00f1os de investigaci\u00f3n, y el trabajo social que realiza la Zona Arqueol\u00f3gica Caral. Como se ha informado, esta civilizaci\u00f3n se desarroll\u00f3 en un ambiente de armon\u00eda con la naturaleza y las otras comunidades. \u201cEs necesario que conozcamos nuestra historia y como se manej\u00f3 este territorio, es importante conocer los resultados que se obtuvieron. Si en el pasado forjamos una civilizaci\u00f3n, podemos ser un pa\u00eds desarrollado. Debemos reflexionar sobre nuestro pasado\u201c, sostuvo la doctora Ruth Shady, directora de Zona Arqueol\u00f3gica Caral.","description":"La Zona Arqueol\u00f3gica Caral (ZAC), unidad ejecutora del Ministerio de Cultura, realiz\u00f3 el pasado viernes 17 de mayo de 2019, una conferencia organizada para presentar la exposici\u00f3n museogr\u00e1fica: \"Los Valores de la Civilizaci\u00f3n Caral, Armon\u00eda en las Relaciones Interculturales y con la Naturaleza\", en la ciudad de Ilo - Moquegua.","robots":{"index":"index","follow":"follow","max-snippet":"max-snippet:-1","max-image-preview":"max-image-preview:large","max-video-preview":"max-video-preview:-1"},"canonical":"https:\/\/zonacaral.gob.pe\/en\/noticias\/doctora-ruth-shady-realizo-conferencia-sobre-valores-de-la-civilizacion-caral-en-el-palacio-municipal-de-la-provincia-de-ilo-moquegua\/","og_locale":"en_US","og_type":"article","og_title":"La Zona Arqueol\u00f3gica Caral (ZAC), unidad ejecutora del Ministerio de Cultura, realiz\u00f3 el pasado viernes 17 de mayo de 2019, una conferencia organizada para presentar la exposici\u00f3n museogr\u00e1fica: \"Los Valores de la Civilizaci\u00f3n Caral, Armon\u00eda en las Relaciones Interculturales y con la Naturaleza\", en la ciudad de Ilo - Moquegua. La doctora Ruth Shady Sol\u00eds, directora de la ZAC brind\u00f3 una exposici\u00f3n sobre el desarrollo y la importancia cultural de la civilizaci\u00f3n Caral, considerada la m\u00e1s antigua de Am\u00e9rica (3000 a.C. \u2013 1800 a.C.). Asimismo, inform\u00f3 sobre los hallazgos que se hicieron, en 25 a\u00f1os de investigaci\u00f3n, y el trabajo social que realiza la Zona Arqueol\u00f3gica Caral. Como se ha informado, esta civilizaci\u00f3n se desarroll\u00f3 en un ambiente de armon\u00eda con la naturaleza y las otras comunidades. \u201cEs necesario que conozcamos nuestra historia y como se manej\u00f3 este territorio, es importante conocer los resultados que se obtuvieron. Si en el pasado forjamos una civilizaci\u00f3n, podemos ser un pa\u00eds desarrollado. Debemos reflexionar sobre nuestro pasado\u201c, sostuvo la doctora Ruth Shady, directora de Zona Arqueol\u00f3gica Caral.","og_description":"La Zona Arqueol\u00f3gica Caral (ZAC), unidad ejecutora del Ministerio de Cultura, realiz\u00f3 el pasado viernes 17 de mayo de 2019, una conferencia organizada para presentar la exposici\u00f3n museogr\u00e1fica: \"Los Valores de la Civilizaci\u00f3n Caral, Armon\u00eda en las Relaciones Interculturales y con la Naturaleza\", en la ciudad de Ilo - Moquegua.","og_url":"https:\/\/zonacaral.gob.pe\/en\/noticias\/doctora-ruth-shady-realizo-conferencia-sobre-valores-de-la-civilizacion-caral-en-el-palacio-municipal-de-la-provincia-de-ilo-moquegua\/","og_site_name":"Zona Caral","article_published_time":"2019-05-22T19:38:58+00:00","og_image":[{"width":810,"height":410,"url":"https:\/\/zonacaral.gob.pe\/wp-content\/uploads\/2019\/05\/ruth-shady-conferencia-ilo.jpg","type":"image\/jpeg"}],"author":"Zona Caral Administrador","twitter_card":"summary_large_image","twitter_misc":{"Written by":"Zona Caral Administrador","Est. reading time":"1 minute"},"schema":{"@context":"https:\/\/schema.org","@graph":[{"@type":"Article","@id":"https:\/\/zonacaral.gob.pe\/es\/noticias\/doctora-ruth-shady-realizo-conferencia-sobre-valores-de-la-civilizacion-caral-en-el-palacio-municipal-de-la-provincia-de-ilo-moquegua\/#article","isPartOf":{"@id":"https:\/\/zonacaral.gob.pe\/es\/noticias\/doctora-ruth-shady-realizo-conferencia-sobre-valores-de-la-civilizacion-caral-en-el-palacio-municipal-de-la-provincia-de-ilo-moquegua\/"},"author":{"name":"Zona Caral Administrador","@id":"https:\/\/zonacaral.gob.pe\/es\/#\/schema\/person\/beddb4d22f71a7230c5b90913270a0ee"},"headline":"Doctora Ruth Shady realiz\u00f3 conferencia sobre valores de la civilizacion Caral en el Palacio Municipal de la Provincia de Ilo &#8211; Moquegua","datePublished":"2019-05-22T19:38:58+00:00","mainEntityOfPage":{"@id":"https:\/\/zonacaral.gob.pe\/es\/noticias\/doctora-ruth-shady-realizo-conferencia-sobre-valores-de-la-civilizacion-caral-en-el-palacio-municipal-de-la-provincia-de-ilo-moquegua\/"},"wordCount":217,"image":{"@id":"https:\/\/zonacaral.gob.pe\/es\/noticias\/doctora-ruth-shady-realizo-conferencia-sobre-valores-de-la-civilizacion-caral-en-el-palacio-municipal-de-la-provincia-de-ilo-moquegua\/#primaryimage"},"thumbnailUrl":"https:\/\/zonacaral.gob.pe\/wp-content\/uploads\/2019\/05\/ruth-shady-conferencia-ilo.jpg","keywords":["caral","museos"],"articleSection":["noticias"],"inLanguage":"en-US"},{"@type":"WebPage","@id":"https:\/\/zonacaral.gob.pe\/es\/noticias\/doctora-ruth-shady-realizo-conferencia-sobre-valores-de-la-civilizacion-caral-en-el-palacio-municipal-de-la-provincia-de-ilo-moquegua\/","url":"https:\/\/zonacaral.gob.pe\/es\/noticias\/doctora-ruth-shady-realizo-conferencia-sobre-valores-de-la-civilizacion-caral-en-el-palacio-municipal-de-la-provincia-de-ilo-moquegua\/","name":"La Zona Arqueol\u00f3gica Caral (ZAC), unidad ejecutora del Ministerio de Cultura, realiz\u00f3 el pasado viernes 17 de mayo de 2019, una conferencia organizada para presentar la exposici\u00f3n museogr\u00e1fica: \"Los Valores de la Civilizaci\u00f3n Caral, Armon\u00eda en las Relaciones Interculturales y con la Naturaleza\", en la ciudad de Ilo - Moquegua. La doctora Ruth Shady Sol\u00eds, directora de la ZAC brind\u00f3 una exposici\u00f3n sobre el desarrollo y la importancia cultural de la civilizaci\u00f3n Caral, considerada la m\u00e1s antigua de Am\u00e9rica (3000 a.C. \u2013 1800 a.C.). Asimismo, inform\u00f3 sobre los hallazgos que se hicieron, en 25 a\u00f1os de investigaci\u00f3n, y el trabajo social que realiza la Zona Arqueol\u00f3gica Caral. Como se ha informado, esta civilizaci\u00f3n se desarroll\u00f3 en un ambiente de armon\u00eda con la naturaleza y las otras comunidades. \u201cEs necesario que conozcamos nuestra historia y como se manej\u00f3 este territorio, es importante conocer los resultados que se obtuvieron. Si en el pasado forjamos una civilizaci\u00f3n, podemos ser un pa\u00eds desarrollado. Debemos reflexionar sobre nuestro pasado\u201c, sostuvo la doctora Ruth Shady, directora de Zona Arqueol\u00f3gica Caral.","isPartOf":{"@id":"https:\/\/zonacaral.gob.pe\/es\/#website"},"primaryImageOfPage":{"@id":"https:\/\/zonacaral.gob.pe\/es\/noticias\/doctora-ruth-shady-realizo-conferencia-sobre-valores-de-la-civilizacion-caral-en-el-palacio-municipal-de-la-provincia-de-ilo-moquegua\/#primaryimage"},"image":{"@id":"https:\/\/zonacaral.gob.pe\/es\/noticias\/doctora-ruth-shady-realizo-conferencia-sobre-valores-de-la-civilizacion-caral-en-el-palacio-municipal-de-la-provincia-de-ilo-moquegua\/#primaryimage"},"thumbnailUrl":"https:\/\/zonacaral.gob.pe\/wp-content\/uploads\/2019\/05\/ruth-shady-conferencia-ilo.jpg","datePublished":"2019-05-22T19:38:58+00:00","author":{"@id":"https:\/\/zonacaral.gob.pe\/es\/#\/schema\/person\/beddb4d22f71a7230c5b90913270a0ee"},"description":"La Zona Arqueol\u00f3gica Caral (ZAC), unidad ejecutora del Ministerio de Cultura, realiz\u00f3 el pasado viernes 17 de mayo de 2019, una conferencia organizada para presentar la exposici\u00f3n museogr\u00e1fica: \"Los Valores de la Civilizaci\u00f3n Caral, Armon\u00eda en las Relaciones Interculturales y con la Naturaleza\", en la ciudad de Ilo - Moquegua.","breadcrumb":{"@id":"https:\/\/zonacaral.gob.pe\/es\/noticias\/doctora-ruth-shady-realizo-conferencia-sobre-valores-de-la-civilizacion-caral-en-el-palacio-municipal-de-la-provincia-de-ilo-moquegua\/#breadcrumb"},"inLanguage":"en-US","potentialAction":[{"@type":"ReadAction","target":["https:\/\/zonacaral.gob.pe\/es\/noticias\/doctora-ruth-shady-realizo-conferencia-sobre-valores-de-la-civilizacion-caral-en-el-palacio-municipal-de-la-provincia-de-ilo-moquegua\/"]}]},{"@type":"ImageObject","inLanguage":"en-US","@id":"https:\/\/zonacaral.gob.pe\/es\/noticias\/doctora-ruth-shady-realizo-conferencia-sobre-valores-de-la-civilizacion-caral-en-el-palacio-municipal-de-la-provincia-de-ilo-moquegua\/#primaryimage","url":"https:\/\/zonacaral.gob.pe\/wp-content\/uploads\/2019\/05\/ruth-shady-conferencia-ilo.jpg","contentUrl":"https:\/\/zonacaral.gob.pe\/wp-content\/uploads\/2019\/05\/ruth-shady-conferencia-ilo.jpg","width":810,"height":410},{"@type":"BreadcrumbList","@id":"https:\/\/zonacaral.gob.pe\/es\/noticias\/doctora-ruth-shady-realizo-conferencia-sobre-valores-de-la-civilizacion-caral-en-el-palacio-municipal-de-la-provincia-de-ilo-moquegua\/#breadcrumb","itemListElement":[{"@type":"ListItem","position":1,"name":"Portada","item":"https:\/\/zonacaral.gob.pe\/"},{"@type":"ListItem","position":2,"name":"Doctora Ruth Shady realiz\u00f3 conferencia sobre valores de la civilizacion Caral en el Palacio Municipal de la Provincia de Ilo &#8211; Moquegua"}]},{"@type":"WebSite","@id":"https:\/\/zonacaral.gob.pe\/es\/#website","url":"https:\/\/zonacaral.gob.pe\/es\/","name":"Zona Caral","description":"Investigamos, conservamos y difundimos el patrimonio cultural de la Civilizaci\u00f3n Caral, la m\u00e1s antigua de Am\u00e9rica.","potentialAction":[{"@type":"SearchAction","target":{"@type":"EntryPoint","urlTemplate":"https:\/\/zonacaral.gob.pe\/es\/?s={search_term_string}"},"query-input":{"@type":"PropertyValueSpecification","valueRequired":true,"valueName":"search_term_string"}}],"inLanguage":"en-US"},{"@type":"Person","@id":"https:\/\/zonacaral.gob.pe\/es\/#\/schema\/person\/beddb4d22f71a7230c5b90913270a0ee","name":"Zona Caral Administrador","image":{"@type":"ImageObject","inLanguage":"en-US","@id":"https:\/\/secure.gravatar.com\/avatar\/e4be162918a696358376de6446614e0f0f4062bdc5d170d6d540ada3d8b58c12?s=96&d=mm&r=g","url":"https:\/\/secure.gravatar.com\/avatar\/e4be162918a696358376de6446614e0f0f4062bdc5d170d6d540ada3d8b58c12?s=96&d=mm&r=g","contentUrl":"https:\/\/secure.gravatar.com\/avatar\/e4be162918a696358376de6446614e0f0f4062bdc5d170d6d540ada3d8b58c12?s=96&d=mm&r=g","caption":"Zona Caral Administrador"},"sameAs":["https:\/\/zonacaral.gob.pe"],"url":"https:\/\/zonacaral.gob.pe\/en\/noticias\/author\/ad_zonacaral\/"}]}},"_links":{"self":[{"href":"https:\/\/zonacaral.gob.pe\/en\/wp-json\/wp\/v2\/posts\/14390","targetHints":{"allow":["GET"]}}],"collection":[{"href":"https:\/\/zonacaral.gob.pe\/en\/wp-json\/wp\/v2\/posts"}],"about":[{"href":"https:\/\/zonacaral.gob.pe\/en\/wp-json\/wp\/v2\/types\/post"}],"author":[{"embeddable":true,"href":"https:\/\/zonacaral.gob.pe\/en\/wp-json\/wp\/v2\/users\/1"}],"replies":[{"embeddable":true,"href":"https:\/\/zonacaral.gob.pe\/en\/wp-json\/wp\/v2\/comments?post=14390"}],"version-history":[{"count":0,"href":"https:\/\/zonacaral.gob.pe\/en\/wp-json\/wp\/v2\/posts\/14390\/revisions"}],"wp:featuredmedia":[{"embeddable":true,"href":"https:\/\/zonacaral.gob.pe\/en\/wp-json\/wp\/v2\/media\/14391"}],"wp:attachment":[{"href":"https:\/\/zonacaral.gob.pe\/en\/wp-json\/wp\/v2\/media?parent=14390"}],"wp:term":[{"taxonomy":"category","embeddable":true,"href":"https:\/\/zonacaral.gob.pe\/en\/wp-json\/wp\/v2\/categories?post=14390"},{"taxonomy":"post_tag","embeddable":true,"href":"https:\/\/zonacaral.gob.pe\/en\/wp-json\/wp\/v2\/tags?post=14390"}],"curies":[{"name":"wp","href":"https:\/\/api.w.org\/{rel}","templated":true}]}}