{"id":14393,"date":"2019-05-23T13:01:08","date_gmt":"2019-05-23T18:01:08","guid":{"rendered":"http:\/\/www.zonacaral.gob.pe\/?p=14393"},"modified":"2019-05-23T13:01:08","modified_gmt":"2019-05-23T18:01:08","slug":"la-civilizacion-caral-llego-a-ilo-moquegua","status":"publish","type":"post","link":"https:\/\/zonacaral.gob.pe\/en\/noticias\/la-civilizacion-caral-llego-a-ilo-moquegua\/","title":{"rendered":"La civilizaci\u00f3n Caral lleg\u00f3 a Ilo &#8211; Moquegua"},"content":{"rendered":"<figure class=\"pic-autor\" style=\"color: #4d4d4d; text-align: justify;\"><\/figure>\n<blockquote>\n<p style=\"text-align: justify;\">Se inaugura exposici\u00f3n museogr\u00e1fica que permitir\u00e1 conocer los or\u00edgenes de la civilizaci\u00f3n en Am\u00e9rica y la contribuci\u00f3n de la Civilizaci\u00f3n Caral en ciencia y tecnolog\u00eda.<\/p>\n<\/blockquote>\n<p style=\"text-align: justify;\">La doctora Ruth Shady Sol\u00eds, directora de la Zona Arqueol\u00f3gica Caral (ZAC), Unidad Ejecutora 003 del Ministerio de Cultura, y el alcalde de la Municipalidad Provincial de Ilo, arque\u00f3logo Gerardo Carpio Diaz, inauguraron el pasado 18 de mayo de 2019, la exposici\u00f3n museogr\u00e1fica \u00abLos valores de la civilizaci\u00f3n Caral, armon\u00eda en las relaciones interculturales y con la naturaleza\u00bb, en la ciudad de IIo &#8211; Moquegua.<\/p>\n<p style=\"text-align: justify;\">En esta exposici\u00f3n la poblaci\u00f3n del sur del pa\u00eds podr\u00e1 conocer, valorar e identificarse con la civilizaci\u00f3n Caral, la m\u00e1s antigua de Am\u00e9rica, desarrollada hace 5000 a\u00f1os en el valle de Supe &#8211; Barranca (3000 a.C. \u2013 1800 a.C.), en simult\u00e1neo con las civilizaciones de Mesopotamia y Egipto.<\/p>\n<p style=\"text-align: justify;\">Las investigaciones, realizadas durante veinticinco a\u00f1os, han revelado que la civilizaci\u00f3n Caral se desarroll\u00f3 en un ambiente de armon\u00eda con la naturaleza y otras sociedades. Asimismo, que estableci\u00f3 v\u00edas de relaci\u00f3n interregional, y a larga distancia, en un marco de beneficio compartido y de respeto a las diferentes costumbres, ideolog\u00edas e idiomas de las sociedades andinas,<\/p>\n<p style=\"text-align: justify;\">\u201cLos valores de Caral son muy significativos por estar en relaci\u00f3n con el manejo del territorio. En cada parte del Per\u00fa hubo un desaf\u00edo, un reto que asumir para salir adelante y los pobladores de Caral se dieron cuenta que no pod\u00edan hacerlo de forma individual. Por ello, tuvieron la necesidad de interrelacionarse. Caral es una cultura que tuvo fuerte impacto en otras sociedades\u201d, sostuvo la doctora Ruth Shady.<\/p>\n<p style=\"text-align: justify;\">La muestra, apta para el p\u00fablico en general, est\u00e1 abierta desde el lunes 20 de mayo, hasta el jueves 18 de julio, en la Casa de la Cultura de Ilo, \u00abLuis E. Valc\u00e1rcel\u00bb, ubicada en calle Grau N\u00b0 125. El horario de visita es de lunes a s\u00e1bado de 9:00 a.m. a 5:00 p.m. El ingreso es gratuito.<\/p>\n<p style=\"text-align: justify;\">En la exposici\u00f3n podr\u00e1n ver los testimonios de la organizaci\u00f3n social y pol\u00edtica de los habitantes de Caral; y los conocimientos que produjeron en ciencia, tecnolog\u00eda y arte. Por ejemplo, la singular manera de c\u00f3mo aplicaron tecnolog\u00edas sismorresistentes en sus centros urbanos, construidos con piedra, tierra y materiales org\u00e1nicos, sobre terrazas eriazas.<br \/>\nDel mismo modo, resaltar que en la Ciudad Sagrada de Caral se exhum\u00f3 un ni\u00f1o que recibi\u00f3 un tratamiento funerario tipo \u201cChinchorro\u201d (el cuerpo fue procesado y recubierto con barro antes de ser enterrado). Todo lo mencionado evidenciar\u00eda el intercambio de conocimientos entre los habitantes del centro y del sur del pa\u00eds.<\/p>\n<p style=\"text-align: justify;\">La exposici\u00f3n incluye casi 250 objetos museables, entre ellos esculturas de barro no cocido, que representan a personajes de alta jerarqu\u00eda, vestimentas, herramientas y otros. Asimismo, infograf\u00edas, esculturas hiperrealistas, elementos l\u00fadicos e interactivos tecnol\u00f3gicos.<\/p>\n<h4 style=\"text-align: justify;\">DATO<\/h4>\n<p style=\"text-align: justify;\">La exposici\u00f3n museogr\u00e1fica en Ilo se realiza al conmemorarse los 25 a\u00f1os del inicio de las investigaciones en la Ciudad Sagrada de Caral, y el d\u00e9cimo aniversario de la inscripci\u00f3n de la Ciudad Sagrada de Caral en la Lista de Patrimonio Mundial de la UNESCO.<\/p>\n<p style=\"text-align: justify;\">Asimismo, por el 49\u00b0 aniversario de la creaci\u00f3n pol\u00edtica de la provincia de Ilo y en el 42\u00b0 aniversario del D\u00eda Internacional de los Museos (18 de mayo), fecha conmemorativa establecida por el Consejo Internacional de Museos (ICOM).<\/p>\n<p style=\"text-align: justify;\">Conoce m\u00e1s sobre la Civilizaci\u00f3n Caral visitando los sitios arqueol\u00f3gicos: Ciudad Sagrada de Caral, Patrimonio Mundial; \u00c1spero, ciudad pesquera; y Vichama, ciudad agropesquera, con el programa de difusi\u00f3n cultural \u201cViajes Educativos\u201d que ofrece la Zona Arqueol\u00f3gica Caral. Inf\u00f3rmate en los tel\u00e9fonos: 205-2517 \/ 955881340, en la web: <a href=\"\/en\/www.zonacaral.gob.pe\/\">zonacaral.gob.pe\/<\/a> o en la direcci\u00f3n: viajeseducativos@zonacaral.gob.pe<br \/>\nPuedes apoyar los trabajos de la Zona Arqueol\u00f3gica Caral adquiriendo libros y recuerdos en la Tienda Caral virtual: <a href=\"https:\/\/tienda.zonacaral.gob.pe\">https:\/\/tienda.zonacaral.gob.pe<\/a>.<\/p>\n<p style=\"text-align: justify;\"><span style=\"color: #993300;\"><strong>Fuente<\/strong><strong>: Prensa ZAC<\/strong><\/span><\/p>\n<div style=\"color: #1f1f1f;\">\n<p style=\"text-align: justify;\">Fecha de publicaci\u00f3n: 23\/05\/2019<\/p>\n<\/div>","protected":false},"excerpt":{"rendered":"<p>Se inaugura exposici\u00f3n museogr\u00e1fica que permitir\u00e1 conocer los or\u00edgenes de la civilizaci\u00f3n en Am\u00e9rica y la contribuci\u00f3n de la Civilizaci\u00f3n [&hellip;]<\/p>\n","protected":false},"author":1,"featured_media":14404,"comment_status":"closed","ping_status":"open","sticky":false,"template":"","format":"standard","meta":{"_acf_changed":false,"site-sidebar-layout":"default","site-content-layout":"","ast-site-content-layout":"default","site-content-style":"default","site-sidebar-style":"default","ast-global-header-display":"","ast-banner-title-visibility":"","ast-main-header-display":"","ast-hfb-above-header-display":"","ast-hfb-below-header-display":"","ast-hfb-mobile-header-display":"","site-post-title":"","ast-breadcrumbs-content":"","ast-featured-img":"","footer-sml-layout":"","ast-disable-related-posts":"","theme-transparent-header-meta":"","adv-header-id-meta":"","stick-header-meta":"","header-above-stick-meta":"","header-main-stick-meta":"","header-below-stick-meta":"","astra-migrate-meta-layouts":"default","ast-page-background-enabled":"default","ast-page-background-meta":{"desktop":{"background-color":"var(--ast-global-color-5)","background-image":"","background-repeat":"repeat","background-position":"center center","background-size":"auto","background-attachment":"scroll","background-type":"","background-media":"","overlay-type":"","overlay-color":"","overlay-opacity":"","overlay-gradient":""},"tablet":{"background-color":"","background-image":"","background-repeat":"repeat","background-position":"center center","background-size":"auto","background-attachment":"scroll","background-type":"","background-media":"","overlay-type":"","overlay-color":"","overlay-opacity":"","overlay-gradient":""},"mobile":{"background-color":"","background-image":"","background-repeat":"repeat","background-position":"center center","background-size":"auto","background-attachment":"scroll","background-type":"","background-media":"","overlay-type":"","overlay-color":"","overlay-opacity":"","overlay-gradient":""}},"ast-content-background-meta":{"desktop":{"background-color":"var(--ast-global-color-4)","background-image":"","background-repeat":"repeat","background-position":"center center","background-size":"auto","background-attachment":"scroll","background-type":"","background-media":"","overlay-type":"","overlay-color":"","overlay-opacity":"","overlay-gradient":""},"tablet":{"background-color":"var(--ast-global-color-4)","background-image":"","background-repeat":"repeat","background-position":"center center","background-size":"auto","background-attachment":"scroll","background-type":"","background-media":"","overlay-type":"","overlay-color":"","overlay-opacity":"","overlay-gradient":""},"mobile":{"background-color":"var(--ast-global-color-4)","background-image":"","background-repeat":"repeat","background-position":"center center","background-size":"auto","background-attachment":"scroll","background-type":"","background-media":"","overlay-type":"","overlay-color":"","overlay-opacity":"","overlay-gradient":""}},"footnotes":""},"categories":[208],"tags":[55,121],"class_list":["post-14393","post","type-post","status-publish","format-standard","has-post-thumbnail","hentry","category-noticias","tag-caral","tag-museos"],"acf":[],"yoast_head":"<!-- This site is optimized with the Yoast SEO plugin v27.3 - https:\/\/yoast.com\/product\/yoast-seo-wordpress\/ -->\n<title>La civilizaci\u00f3n Caral lleg\u00f3 a Ilo - Moquegua<\/title>\n<meta name=\"description\" content=\"Se inaugura exposici\u00f3n museogr\u00e1fica que permitir\u00e1 conocer los or\u00edgenes de la civilizaci\u00f3n en Am\u00e9rica y la contribuci\u00f3n de la Civilizaci\u00f3n Caral en ciencia y tecnolog\u00eda. La doctora Ruth Shady Sol\u00eds, directora de la Zona Arqueol\u00f3gica Caral (ZAC), Unidad Ejecutora 003 del Ministerio de Cultura, y el alcalde de la Municipalidad Provincial de Ilo, arque\u00f3logo Gerardo Carpio Diaz, inauguraron el pasado 18 de mayo de 2019, la exposici\u00f3n museogr\u00e1fica &quot;Los valores de la civilizaci\u00f3n Caral, armon\u00eda en las relaciones interculturales y con la naturaleza&quot;, en la ciudad de IIo - Moquegua.\" \/>\n<meta name=\"robots\" content=\"index, follow, max-snippet:-1, max-image-preview:large, max-video-preview:-1\" \/>\n<link rel=\"canonical\" href=\"https:\/\/zonacaral.gob.pe\/en\/noticias\/la-civilizacion-caral-llego-a-ilo-moquegua\/\" \/>\n<meta property=\"og:locale\" content=\"en_US\" \/>\n<meta property=\"og:type\" content=\"article\" \/>\n<meta property=\"og:title\" content=\"La civilizaci\u00f3n Caral lleg\u00f3 a Ilo - Moquegua\" \/>\n<meta property=\"og:description\" content=\"Se inaugura exposici\u00f3n museogr\u00e1fica que permitir\u00e1 conocer los or\u00edgenes de la civilizaci\u00f3n en Am\u00e9rica y la contribuci\u00f3n de la Civilizaci\u00f3n Caral en ciencia y tecnolog\u00eda. La doctora Ruth Shady Sol\u00eds, directora de la Zona Arqueol\u00f3gica Caral (ZAC), Unidad Ejecutora 003 del Ministerio de Cultura, y el alcalde de la Municipalidad Provincial de Ilo, arque\u00f3logo Gerardo Carpio Diaz, inauguraron el pasado 18 de mayo de 2019, la exposici\u00f3n museogr\u00e1fica &quot;Los valores de la civilizaci\u00f3n Caral, armon\u00eda en las relaciones interculturales y con la naturaleza&quot;, en la ciudad de IIo - Moquegua.\" \/>\n<meta property=\"og:url\" content=\"https:\/\/zonacaral.gob.pe\/en\/noticias\/la-civilizacion-caral-llego-a-ilo-moquegua\/\" \/>\n<meta property=\"og:site_name\" content=\"Zona Caral\" \/>\n<meta property=\"article:published_time\" content=\"2019-05-23T18:01:08+00:00\" \/>\n<meta property=\"og:image\" content=\"https:\/\/zonacaral.gob.pe\/wp-content\/uploads\/2019\/05\/expo-ilo-11.jpg\" \/>\n\t<meta property=\"og:image:width\" content=\"810\" \/>\n\t<meta property=\"og:image:height\" content=\"410\" \/>\n\t<meta property=\"og:image:type\" content=\"image\/jpeg\" \/>\n<meta name=\"author\" content=\"Zona Caral Administrador\" \/>\n<meta name=\"twitter:card\" content=\"summary_large_image\" \/>\n<meta name=\"twitter:label1\" content=\"Written by\" \/>\n\t<meta name=\"twitter:data1\" content=\"Zona Caral Administrador\" \/>\n\t<meta name=\"twitter:label2\" content=\"Est. reading time\" \/>\n\t<meta name=\"twitter:data2\" content=\"3 minutes\" \/>\n<script type=\"application\/ld+json\" class=\"yoast-schema-graph\">{\"@context\":\"https:\\\/\\\/schema.org\",\"@graph\":[{\"@type\":\"Article\",\"@id\":\"https:\\\/\\\/zonacaral.gob.pe\\\/en\\\/noticias\\\/la-civilizacion-caral-llego-a-ilo-moquegua\\\/#article\",\"isPartOf\":{\"@id\":\"https:\\\/\\\/zonacaral.gob.pe\\\/en\\\/noticias\\\/la-civilizacion-caral-llego-a-ilo-moquegua\\\/\"},\"author\":{\"name\":\"Zona Caral Administrador\",\"@id\":\"https:\\\/\\\/zonacaral.gob.pe\\\/es\\\/#\\\/schema\\\/person\\\/beddb4d22f71a7230c5b90913270a0ee\"},\"headline\":\"La civilizaci\u00f3n Caral lleg\u00f3 a Ilo &#8211; Moquegua\",\"datePublished\":\"2019-05-23T18:01:08+00:00\",\"mainEntityOfPage\":{\"@id\":\"https:\\\/\\\/zonacaral.gob.pe\\\/en\\\/noticias\\\/la-civilizacion-caral-llego-a-ilo-moquegua\\\/\"},\"wordCount\":693,\"image\":{\"@id\":\"https:\\\/\\\/zonacaral.gob.pe\\\/en\\\/noticias\\\/la-civilizacion-caral-llego-a-ilo-moquegua\\\/#primaryimage\"},\"thumbnailUrl\":\"https:\\\/\\\/zonacaral.gob.pe\\\/wp-content\\\/uploads\\\/2019\\\/05\\\/expo-ilo-11.jpg\",\"keywords\":[\"caral\",\"museos\"],\"articleSection\":[\"noticias\"],\"inLanguage\":\"en-US\"},{\"@type\":\"WebPage\",\"@id\":\"https:\\\/\\\/zonacaral.gob.pe\\\/en\\\/noticias\\\/la-civilizacion-caral-llego-a-ilo-moquegua\\\/\",\"url\":\"https:\\\/\\\/zonacaral.gob.pe\\\/en\\\/noticias\\\/la-civilizacion-caral-llego-a-ilo-moquegua\\\/\",\"name\":\"La civilizaci\u00f3n Caral lleg\u00f3 a Ilo - Moquegua\",\"isPartOf\":{\"@id\":\"https:\\\/\\\/zonacaral.gob.pe\\\/es\\\/#website\"},\"primaryImageOfPage\":{\"@id\":\"https:\\\/\\\/zonacaral.gob.pe\\\/en\\\/noticias\\\/la-civilizacion-caral-llego-a-ilo-moquegua\\\/#primaryimage\"},\"image\":{\"@id\":\"https:\\\/\\\/zonacaral.gob.pe\\\/en\\\/noticias\\\/la-civilizacion-caral-llego-a-ilo-moquegua\\\/#primaryimage\"},\"thumbnailUrl\":\"https:\\\/\\\/zonacaral.gob.pe\\\/wp-content\\\/uploads\\\/2019\\\/05\\\/expo-ilo-11.jpg\",\"datePublished\":\"2019-05-23T18:01:08+00:00\",\"author\":{\"@id\":\"https:\\\/\\\/zonacaral.gob.pe\\\/es\\\/#\\\/schema\\\/person\\\/beddb4d22f71a7230c5b90913270a0ee\"},\"description\":\"Se inaugura exposici\u00f3n museogr\u00e1fica que permitir\u00e1 conocer los or\u00edgenes de la civilizaci\u00f3n en Am\u00e9rica y la contribuci\u00f3n de la Civilizaci\u00f3n Caral en ciencia y tecnolog\u00eda. La doctora Ruth Shady Sol\u00eds, directora de la Zona Arqueol\u00f3gica Caral (ZAC), Unidad Ejecutora 003 del Ministerio de Cultura, y el alcalde de la Municipalidad Provincial de Ilo, arque\u00f3logo Gerardo Carpio Diaz, inauguraron el pasado 18 de mayo de 2019, la exposici\u00f3n museogr\u00e1fica \\\"Los valores de la civilizaci\u00f3n Caral, armon\u00eda en las relaciones interculturales y con la naturaleza\\\", en la ciudad de IIo - Moquegua.\",\"breadcrumb\":{\"@id\":\"https:\\\/\\\/zonacaral.gob.pe\\\/en\\\/noticias\\\/la-civilizacion-caral-llego-a-ilo-moquegua\\\/#breadcrumb\"},\"inLanguage\":\"en-US\",\"potentialAction\":[{\"@type\":\"ReadAction\",\"target\":[\"https:\\\/\\\/zonacaral.gob.pe\\\/en\\\/noticias\\\/la-civilizacion-caral-llego-a-ilo-moquegua\\\/\"]}]},{\"@type\":\"ImageObject\",\"inLanguage\":\"en-US\",\"@id\":\"https:\\\/\\\/zonacaral.gob.pe\\\/en\\\/noticias\\\/la-civilizacion-caral-llego-a-ilo-moquegua\\\/#primaryimage\",\"url\":\"https:\\\/\\\/zonacaral.gob.pe\\\/wp-content\\\/uploads\\\/2019\\\/05\\\/expo-ilo-11.jpg\",\"contentUrl\":\"https:\\\/\\\/zonacaral.gob.pe\\\/wp-content\\\/uploads\\\/2019\\\/05\\\/expo-ilo-11.jpg\",\"width\":810,\"height\":410},{\"@type\":\"BreadcrumbList\",\"@id\":\"https:\\\/\\\/zonacaral.gob.pe\\\/en\\\/noticias\\\/la-civilizacion-caral-llego-a-ilo-moquegua\\\/#breadcrumb\",\"itemListElement\":[{\"@type\":\"ListItem\",\"position\":1,\"name\":\"Portada\",\"item\":\"https:\\\/\\\/zonacaral.gob.pe\\\/\"},{\"@type\":\"ListItem\",\"position\":2,\"name\":\"La civilizaci\u00f3n Caral lleg\u00f3 a Ilo &#8211; Moquegua\"}]},{\"@type\":\"WebSite\",\"@id\":\"https:\\\/\\\/zonacaral.gob.pe\\\/es\\\/#website\",\"url\":\"https:\\\/\\\/zonacaral.gob.pe\\\/es\\\/\",\"name\":\"Zona Caral\",\"description\":\"Investigamos, conservamos y difundimos el patrimonio cultural de la Civilizaci\u00f3n Caral, la m\u00e1s antigua de Am\u00e9rica.\",\"potentialAction\":[{\"@type\":\"SearchAction\",\"target\":{\"@type\":\"EntryPoint\",\"urlTemplate\":\"https:\\\/\\\/zonacaral.gob.pe\\\/es\\\/?s={search_term_string}\"},\"query-input\":{\"@type\":\"PropertyValueSpecification\",\"valueRequired\":true,\"valueName\":\"search_term_string\"}}],\"inLanguage\":\"en-US\"},{\"@type\":\"Person\",\"@id\":\"https:\\\/\\\/zonacaral.gob.pe\\\/es\\\/#\\\/schema\\\/person\\\/beddb4d22f71a7230c5b90913270a0ee\",\"name\":\"Zona Caral Administrador\",\"image\":{\"@type\":\"ImageObject\",\"inLanguage\":\"en-US\",\"@id\":\"https:\\\/\\\/secure.gravatar.com\\\/avatar\\\/e4be162918a696358376de6446614e0f0f4062bdc5d170d6d540ada3d8b58c12?s=96&d=mm&r=g\",\"url\":\"https:\\\/\\\/secure.gravatar.com\\\/avatar\\\/e4be162918a696358376de6446614e0f0f4062bdc5d170d6d540ada3d8b58c12?s=96&d=mm&r=g\",\"contentUrl\":\"https:\\\/\\\/secure.gravatar.com\\\/avatar\\\/e4be162918a696358376de6446614e0f0f4062bdc5d170d6d540ada3d8b58c12?s=96&d=mm&r=g\",\"caption\":\"Zona Caral Administrador\"},\"sameAs\":[\"https:\\\/\\\/zonacaral.gob.pe\"],\"url\":\"https:\\\/\\\/zonacaral.gob.pe\\\/en\\\/noticias\\\/author\\\/ad_zonacaral\\\/\"}]}<\/script>\n<!-- \/ Yoast SEO plugin. -->","yoast_head_json":{"title":"La civilizaci\u00f3n Caral lleg\u00f3 a Ilo - Moquegua","description":"Se inaugura exposici\u00f3n museogr\u00e1fica que permitir\u00e1 conocer los or\u00edgenes de la civilizaci\u00f3n en Am\u00e9rica y la contribuci\u00f3n de la Civilizaci\u00f3n Caral en ciencia y tecnolog\u00eda. La doctora Ruth Shady Sol\u00eds, directora de la Zona Arqueol\u00f3gica Caral (ZAC), Unidad Ejecutora 003 del Ministerio de Cultura, y el alcalde de la Municipalidad Provincial de Ilo, arque\u00f3logo Gerardo Carpio Diaz, inauguraron el pasado 18 de mayo de 2019, la exposici\u00f3n museogr\u00e1fica \"Los valores de la civilizaci\u00f3n Caral, armon\u00eda en las relaciones interculturales y con la naturaleza\", en la ciudad de IIo - Moquegua.","robots":{"index":"index","follow":"follow","max-snippet":"max-snippet:-1","max-image-preview":"max-image-preview:large","max-video-preview":"max-video-preview:-1"},"canonical":"https:\/\/zonacaral.gob.pe\/en\/noticias\/la-civilizacion-caral-llego-a-ilo-moquegua\/","og_locale":"en_US","og_type":"article","og_title":"La civilizaci\u00f3n Caral lleg\u00f3 a Ilo - Moquegua","og_description":"Se inaugura exposici\u00f3n museogr\u00e1fica que permitir\u00e1 conocer los or\u00edgenes de la civilizaci\u00f3n en Am\u00e9rica y la contribuci\u00f3n de la Civilizaci\u00f3n Caral en ciencia y tecnolog\u00eda. La doctora Ruth Shady Sol\u00eds, directora de la Zona Arqueol\u00f3gica Caral (ZAC), Unidad Ejecutora 003 del Ministerio de Cultura, y el alcalde de la Municipalidad Provincial de Ilo, arque\u00f3logo Gerardo Carpio Diaz, inauguraron el pasado 18 de mayo de 2019, la exposici\u00f3n museogr\u00e1fica \"Los valores de la civilizaci\u00f3n Caral, armon\u00eda en las relaciones interculturales y con la naturaleza\", en la ciudad de IIo - Moquegua.","og_url":"https:\/\/zonacaral.gob.pe\/en\/noticias\/la-civilizacion-caral-llego-a-ilo-moquegua\/","og_site_name":"Zona Caral","article_published_time":"2019-05-23T18:01:08+00:00","og_image":[{"width":810,"height":410,"url":"https:\/\/zonacaral.gob.pe\/wp-content\/uploads\/2019\/05\/expo-ilo-11.jpg","type":"image\/jpeg"}],"author":"Zona Caral Administrador","twitter_card":"summary_large_image","twitter_misc":{"Written by":"Zona Caral Administrador","Est. reading time":"3 minutes"},"schema":{"@context":"https:\/\/schema.org","@graph":[{"@type":"Article","@id":"https:\/\/zonacaral.gob.pe\/en\/noticias\/la-civilizacion-caral-llego-a-ilo-moquegua\/#article","isPartOf":{"@id":"https:\/\/zonacaral.gob.pe\/en\/noticias\/la-civilizacion-caral-llego-a-ilo-moquegua\/"},"author":{"name":"Zona Caral Administrador","@id":"https:\/\/zonacaral.gob.pe\/es\/#\/schema\/person\/beddb4d22f71a7230c5b90913270a0ee"},"headline":"La civilizaci\u00f3n Caral lleg\u00f3 a Ilo &#8211; Moquegua","datePublished":"2019-05-23T18:01:08+00:00","mainEntityOfPage":{"@id":"https:\/\/zonacaral.gob.pe\/en\/noticias\/la-civilizacion-caral-llego-a-ilo-moquegua\/"},"wordCount":693,"image":{"@id":"https:\/\/zonacaral.gob.pe\/en\/noticias\/la-civilizacion-caral-llego-a-ilo-moquegua\/#primaryimage"},"thumbnailUrl":"https:\/\/zonacaral.gob.pe\/wp-content\/uploads\/2019\/05\/expo-ilo-11.jpg","keywords":["caral","museos"],"articleSection":["noticias"],"inLanguage":"en-US"},{"@type":"WebPage","@id":"https:\/\/zonacaral.gob.pe\/en\/noticias\/la-civilizacion-caral-llego-a-ilo-moquegua\/","url":"https:\/\/zonacaral.gob.pe\/en\/noticias\/la-civilizacion-caral-llego-a-ilo-moquegua\/","name":"La civilizaci\u00f3n Caral lleg\u00f3 a Ilo - Moquegua","isPartOf":{"@id":"https:\/\/zonacaral.gob.pe\/es\/#website"},"primaryImageOfPage":{"@id":"https:\/\/zonacaral.gob.pe\/en\/noticias\/la-civilizacion-caral-llego-a-ilo-moquegua\/#primaryimage"},"image":{"@id":"https:\/\/zonacaral.gob.pe\/en\/noticias\/la-civilizacion-caral-llego-a-ilo-moquegua\/#primaryimage"},"thumbnailUrl":"https:\/\/zonacaral.gob.pe\/wp-content\/uploads\/2019\/05\/expo-ilo-11.jpg","datePublished":"2019-05-23T18:01:08+00:00","author":{"@id":"https:\/\/zonacaral.gob.pe\/es\/#\/schema\/person\/beddb4d22f71a7230c5b90913270a0ee"},"description":"Se inaugura exposici\u00f3n museogr\u00e1fica que permitir\u00e1 conocer los or\u00edgenes de la civilizaci\u00f3n en Am\u00e9rica y la contribuci\u00f3n de la Civilizaci\u00f3n Caral en ciencia y tecnolog\u00eda. La doctora Ruth Shady Sol\u00eds, directora de la Zona Arqueol\u00f3gica Caral (ZAC), Unidad Ejecutora 003 del Ministerio de Cultura, y el alcalde de la Municipalidad Provincial de Ilo, arque\u00f3logo Gerardo Carpio Diaz, inauguraron el pasado 18 de mayo de 2019, la exposici\u00f3n museogr\u00e1fica \"Los valores de la civilizaci\u00f3n Caral, armon\u00eda en las relaciones interculturales y con la naturaleza\", en la ciudad de IIo - Moquegua.","breadcrumb":{"@id":"https:\/\/zonacaral.gob.pe\/en\/noticias\/la-civilizacion-caral-llego-a-ilo-moquegua\/#breadcrumb"},"inLanguage":"en-US","potentialAction":[{"@type":"ReadAction","target":["https:\/\/zonacaral.gob.pe\/en\/noticias\/la-civilizacion-caral-llego-a-ilo-moquegua\/"]}]},{"@type":"ImageObject","inLanguage":"en-US","@id":"https:\/\/zonacaral.gob.pe\/en\/noticias\/la-civilizacion-caral-llego-a-ilo-moquegua\/#primaryimage","url":"https:\/\/zonacaral.gob.pe\/wp-content\/uploads\/2019\/05\/expo-ilo-11.jpg","contentUrl":"https:\/\/zonacaral.gob.pe\/wp-content\/uploads\/2019\/05\/expo-ilo-11.jpg","width":810,"height":410},{"@type":"BreadcrumbList","@id":"https:\/\/zonacaral.gob.pe\/en\/noticias\/la-civilizacion-caral-llego-a-ilo-moquegua\/#breadcrumb","itemListElement":[{"@type":"ListItem","position":1,"name":"Portada","item":"https:\/\/zonacaral.gob.pe\/"},{"@type":"ListItem","position":2,"name":"La civilizaci\u00f3n Caral lleg\u00f3 a Ilo &#8211; Moquegua"}]},{"@type":"WebSite","@id":"https:\/\/zonacaral.gob.pe\/es\/#website","url":"https:\/\/zonacaral.gob.pe\/es\/","name":"Zona Caral","description":"Investigamos, conservamos y difundimos el patrimonio cultural de la Civilizaci\u00f3n Caral, la m\u00e1s antigua de Am\u00e9rica.","potentialAction":[{"@type":"SearchAction","target":{"@type":"EntryPoint","urlTemplate":"https:\/\/zonacaral.gob.pe\/es\/?s={search_term_string}"},"query-input":{"@type":"PropertyValueSpecification","valueRequired":true,"valueName":"search_term_string"}}],"inLanguage":"en-US"},{"@type":"Person","@id":"https:\/\/zonacaral.gob.pe\/es\/#\/schema\/person\/beddb4d22f71a7230c5b90913270a0ee","name":"Zona Caral Administrador","image":{"@type":"ImageObject","inLanguage":"en-US","@id":"https:\/\/secure.gravatar.com\/avatar\/e4be162918a696358376de6446614e0f0f4062bdc5d170d6d540ada3d8b58c12?s=96&d=mm&r=g","url":"https:\/\/secure.gravatar.com\/avatar\/e4be162918a696358376de6446614e0f0f4062bdc5d170d6d540ada3d8b58c12?s=96&d=mm&r=g","contentUrl":"https:\/\/secure.gravatar.com\/avatar\/e4be162918a696358376de6446614e0f0f4062bdc5d170d6d540ada3d8b58c12?s=96&d=mm&r=g","caption":"Zona Caral Administrador"},"sameAs":["https:\/\/zonacaral.gob.pe"],"url":"https:\/\/zonacaral.gob.pe\/en\/noticias\/author\/ad_zonacaral\/"}]}},"_links":{"self":[{"href":"https:\/\/zonacaral.gob.pe\/en\/wp-json\/wp\/v2\/posts\/14393","targetHints":{"allow":["GET"]}}],"collection":[{"href":"https:\/\/zonacaral.gob.pe\/en\/wp-json\/wp\/v2\/posts"}],"about":[{"href":"https:\/\/zonacaral.gob.pe\/en\/wp-json\/wp\/v2\/types\/post"}],"author":[{"embeddable":true,"href":"https:\/\/zonacaral.gob.pe\/en\/wp-json\/wp\/v2\/users\/1"}],"replies":[{"embeddable":true,"href":"https:\/\/zonacaral.gob.pe\/en\/wp-json\/wp\/v2\/comments?post=14393"}],"version-history":[{"count":0,"href":"https:\/\/zonacaral.gob.pe\/en\/wp-json\/wp\/v2\/posts\/14393\/revisions"}],"wp:featuredmedia":[{"embeddable":true,"href":"https:\/\/zonacaral.gob.pe\/en\/wp-json\/wp\/v2\/media\/14404"}],"wp:attachment":[{"href":"https:\/\/zonacaral.gob.pe\/en\/wp-json\/wp\/v2\/media?parent=14393"}],"wp:term":[{"taxonomy":"category","embeddable":true,"href":"https:\/\/zonacaral.gob.pe\/en\/wp-json\/wp\/v2\/categories?post=14393"},{"taxonomy":"post_tag","embeddable":true,"href":"https:\/\/zonacaral.gob.pe\/en\/wp-json\/wp\/v2\/tags?post=14393"}],"curies":[{"name":"wp","href":"https:\/\/api.w.org\/{rel}","templated":true}]}}