{"id":14409,"date":"2019-05-28T16:48:56","date_gmt":"2019-05-28T21:48:56","guid":{"rendered":"http:\/\/www.zonacaral.gob.pe\/?p=14409"},"modified":"2019-05-28T16:48:56","modified_gmt":"2019-05-28T21:48:56","slug":"zona-arqueologica-caral-participo-en-foro-internacional-innovacion-en-la-gestion-de-destinos-turisticos-sostenibles-y-competitivos","status":"publish","type":"post","link":"https:\/\/zonacaral.gob.pe\/en\/noticias\/zona-arqueologica-caral-participo-en-foro-internacional-innovacion-en-la-gestion-de-destinos-turisticos-sostenibles-y-competitivos\/","title":{"rendered":"Zona Arqueol\u00f3gica Caral particip\u00f3 en Foro Internacional \u201cInnovaci\u00f3n en la gesti\u00f3n de destinos tur\u00edsticos sostenibles y competitivos\u201d"},"content":{"rendered":"<figure class=\"pic-autor\" style=\"color: #4d4d4d; text-align: justify;\"><\/figure>\n<p>La Zona Arqueol\u00f3gica Caral, unidad ejecutora 003 del Ministerio de Cultura, particip\u00f3 en el Foro Turistech Internacional Summit Lima &#8211; \u201cInnovaci\u00f3n en la Gesti\u00f3n de Destinos Tur\u00edsticos Sostenibles y Competitivos\u201d, organizado por el Ministerio de Comercio Exterior y Turismo (MINCETUR), la Escuela Profesional de Administraci\u00f3n de Turismo de la Universidad Nacional Mayor de San Marcos, y la consultora Turistech, especialista en estrategias digitales e innovadoras para el turismo.<\/p>\n<p>El mag\u00edster<strong> Carlos Leyva Arroyo<\/strong>, subdirector de Relaciones Comunitarias de la Zona Arqueol\u00f3gica Caral, particip\u00f3 como panelista de dicho evento, junto a diversas personalidades del \u00e1mbito cultural y tur\u00edstico, presentando el modelo de gesti\u00f3n que viene ejecutando la Zona Arqueol\u00f3gica Caral hasta la actualidad: un plan maestro que busca el desarrollo territorial con fortalecimiento de la identidad cultural, alentado por el desarrollo sostenible de las poblaciones circundantes a los sitios arqueol\u00f3gicos Ciudad Sagrada de <strong>Caral<\/strong>, <strong>\u00c1spero<\/strong> y <strong>Vichama<\/strong>. \u201cEl objetivo es una mejor calidad de vida para la poblaci\u00f3n de las provincias de Barranca y Huaura; para ello, es necesario involucrar a la comunidad para preservar el sitio arqueol\u00f3gico\u201d, se\u00f1al\u00f3.<\/p>\n<p>El evento se realiz\u00f3 en el\u00a0auditorio del Ministerio de Comercio Exterior y Turismo, Mincetur Per\u00fa.<\/p>\n<h4>DATOS<\/h4>\n<p>Una mejor manera de conocer estos destinos culturales es participando de los Viajes Educativos que organiza la Zona Arqueol\u00f3gica Caral. Inf\u00f3rmate llamando al 2052-517 \/ 955881340 o en la web:\u00a0zonacaral.gob.pe\/viajes-educativos\/inscripciones<\/p>\n<p>Tambi\u00e9n puedes escribirnos a:\u00a0<a href=\"\/en\/viajeseducativos@zonacaral.gob.pe\/\">viajeseducativos@zonacaral.gob.pe<\/a>.<\/p>\n<p>Puedes comprar alg\u00fan recuerdo en la Tienda Caral online:\u00a0<a href=\"https:\/\/tienda.zonacaral.gob.pe\/\">https:\/\/tienda.zonacaral.gob.pe\/<\/a><\/p>\n<p style=\"text-align: justify;\"><span style=\"color: #993300;\"><strong>Fuente<\/strong><strong>: Prensa ZAC<\/strong><\/span><\/p>\n<div style=\"color: #1f1f1f;\">\n<p style=\"text-align: justify;\">Fecha de publicaci\u00f3n: 28\/05\/2019<\/p>\n<\/div>","protected":false},"excerpt":{"rendered":"<p>La Zona Arqueol\u00f3gica Caral, unidad ejecutora 003 del Ministerio de Cultura, particip\u00f3 en el Foro Turistech Internacional Summit Lima &#8211; [&hellip;]<\/p>\n","protected":false},"author":1,"featured_media":14410,"comment_status":"closed","ping_status":"open","sticky":false,"template":"","format":"standard","meta":{"_acf_changed":false,"site-sidebar-layout":"default","site-content-layout":"","ast-site-content-layout":"default","site-content-style":"default","site-sidebar-style":"default","ast-global-header-display":"","ast-banner-title-visibility":"","ast-main-header-display":"","ast-hfb-above-header-display":"","ast-hfb-below-header-display":"","ast-hfb-mobile-header-display":"","site-post-title":"","ast-breadcrumbs-content":"","ast-featured-img":"","footer-sml-layout":"","ast-disable-related-posts":"","theme-transparent-header-meta":"","adv-header-id-meta":"","stick-header-meta":"","header-above-stick-meta":"","header-main-stick-meta":"","header-below-stick-meta":"","astra-migrate-meta-layouts":"default","ast-page-background-enabled":"default","ast-page-background-meta":{"desktop":{"background-color":"var(--ast-global-color-5)","background-image":"","background-repeat":"repeat","background-position":"center center","background-size":"auto","background-attachment":"scroll","background-type":"","background-media":"","overlay-type":"","overlay-color":"","overlay-opacity":"","overlay-gradient":""},"tablet":{"background-color":"","background-image":"","background-repeat":"repeat","background-position":"center center","background-size":"auto","background-attachment":"scroll","background-type":"","background-media":"","overlay-type":"","overlay-color":"","overlay-opacity":"","overlay-gradient":""},"mobile":{"background-color":"","background-image":"","background-repeat":"repeat","background-position":"center center","background-size":"auto","background-attachment":"scroll","background-type":"","background-media":"","overlay-type":"","overlay-color":"","overlay-opacity":"","overlay-gradient":""}},"ast-content-background-meta":{"desktop":{"background-color":"var(--ast-global-color-4)","background-image":"","background-repeat":"repeat","background-position":"center center","background-size":"auto","background-attachment":"scroll","background-type":"","background-media":"","overlay-type":"","overlay-color":"","overlay-opacity":"","overlay-gradient":""},"tablet":{"background-color":"var(--ast-global-color-4)","background-image":"","background-repeat":"repeat","background-position":"center center","background-size":"auto","background-attachment":"scroll","background-type":"","background-media":"","overlay-type":"","overlay-color":"","overlay-opacity":"","overlay-gradient":""},"mobile":{"background-color":"var(--ast-global-color-4)","background-image":"","background-repeat":"repeat","background-position":"center center","background-size":"auto","background-attachment":"scroll","background-type":"","background-media":"","overlay-type":"","overlay-color":"","overlay-opacity":"","overlay-gradient":""}},"footnotes":""},"categories":[208],"tags":[55,106],"class_list":["post-14409","post","type-post","status-publish","format-standard","has-post-thumbnail","hentry","category-noticias","tag-caral","tag-turismo"],"acf":[],"yoast_head":"<!-- This site is optimized with the Yoast SEO plugin v27.3 - https:\/\/yoast.com\/product\/yoast-seo-wordpress\/ -->\n<title>Zona Arqueol\u00f3gica Caral particip\u00f3 en Foro Internacional \u201cInnovaci\u00f3n en la gesti\u00f3n de destinos tur\u00edsticos sostenibles y competitivos\u201d<\/title>\n<meta name=\"description\" content=\"La Zona Arqueol\u00f3gica Caral, unidad ejecutora 003 del Ministerio de Cultura, particip\u00f3 en el Foro Turistech Internacional Summit Lima - \u201cInnovaci\u00f3n en la Gesti\u00f3n de Destinos Tur\u00edsticos Sostenibles y Competitivos\u201d, organizado por el Ministerio de Comercio Exterior y Turismo (MINCETUR), la Escuela Profesional de Administraci\u00f3n de Turismo de la Universidad Nacional Mayor de San Marcos, y la consultora Turistech, especialista en estrategias digitales e innovadoras para el turismo.\" \/>\n<meta name=\"robots\" content=\"index, follow, max-snippet:-1, max-image-preview:large, max-video-preview:-1\" \/>\n<link rel=\"canonical\" href=\"https:\/\/zonacaral.gob.pe\/en\/noticias\/zona-arqueologica-caral-participo-en-foro-internacional-innovacion-en-la-gestion-de-destinos-turisticos-sostenibles-y-competitivos\/\" \/>\n<meta property=\"og:locale\" content=\"en_US\" \/>\n<meta property=\"og:type\" content=\"article\" \/>\n<meta property=\"og:title\" content=\"Zona Arqueol\u00f3gica Caral particip\u00f3 en Foro Internacional \u201cInnovaci\u00f3n en la gesti\u00f3n de destinos tur\u00edsticos sostenibles y competitivos\u201d\" \/>\n<meta property=\"og:description\" content=\"La Zona Arqueol\u00f3gica Caral, unidad ejecutora 003 del Ministerio de Cultura, particip\u00f3 en el Foro Turistech Internacional Summit Lima - \u201cInnovaci\u00f3n en la Gesti\u00f3n de Destinos Tur\u00edsticos Sostenibles y Competitivos\u201d, organizado por el Ministerio de Comercio Exterior y Turismo (MINCETUR), la Escuela Profesional de Administraci\u00f3n de Turismo de la Universidad Nacional Mayor de San Marcos, y la consultora Turistech, especialista en estrategias digitales e innovadoras para el turismo.\" \/>\n<meta property=\"og:url\" content=\"https:\/\/zonacaral.gob.pe\/en\/noticias\/zona-arqueologica-caral-participo-en-foro-internacional-innovacion-en-la-gestion-de-destinos-turisticos-sostenibles-y-competitivos\/\" \/>\n<meta property=\"og:site_name\" content=\"Zona Caral\" \/>\n<meta property=\"article:published_time\" content=\"2019-05-28T21:48:56+00:00\" \/>\n<meta property=\"og:image\" content=\"https:\/\/zonacaral.gob.pe\/wp-content\/uploads\/2019\/05\/foro.jpg\" \/>\n\t<meta property=\"og:image:width\" content=\"810\" \/>\n\t<meta property=\"og:image:height\" content=\"410\" \/>\n\t<meta property=\"og:image:type\" content=\"image\/jpeg\" \/>\n<meta name=\"author\" content=\"Zona Caral Administrador\" \/>\n<meta name=\"twitter:card\" content=\"summary_large_image\" \/>\n<meta name=\"twitter:label1\" content=\"Written by\" \/>\n\t<meta name=\"twitter:data1\" content=\"Zona Caral Administrador\" \/>\n\t<meta name=\"twitter:label2\" content=\"Est. reading time\" \/>\n\t<meta name=\"twitter:data2\" content=\"1 minute\" \/>\n<script type=\"application\/ld+json\" class=\"yoast-schema-graph\">{\"@context\":\"https:\\\/\\\/schema.org\",\"@graph\":[{\"@type\":\"Article\",\"@id\":\"https:\\\/\\\/zonacaral.gob.pe\\\/en\\\/noticias\\\/zona-arqueologica-caral-participo-en-foro-internacional-innovacion-en-la-gestion-de-destinos-turisticos-sostenibles-y-competitivos\\\/#article\",\"isPartOf\":{\"@id\":\"https:\\\/\\\/zonacaral.gob.pe\\\/en\\\/noticias\\\/zona-arqueologica-caral-participo-en-foro-internacional-innovacion-en-la-gestion-de-destinos-turisticos-sostenibles-y-competitivos\\\/\"},\"author\":{\"name\":\"Zona Caral Administrador\",\"@id\":\"https:\\\/\\\/zonacaral.gob.pe\\\/es\\\/#\\\/schema\\\/person\\\/beddb4d22f71a7230c5b90913270a0ee\"},\"headline\":\"Zona Arqueol\u00f3gica Caral particip\u00f3 en Foro Internacional \u201cInnovaci\u00f3n en la gesti\u00f3n de destinos tur\u00edsticos sostenibles y competitivos\u201d\",\"datePublished\":\"2019-05-28T21:48:56+00:00\",\"mainEntityOfPage\":{\"@id\":\"https:\\\/\\\/zonacaral.gob.pe\\\/en\\\/noticias\\\/zona-arqueologica-caral-participo-en-foro-internacional-innovacion-en-la-gestion-de-destinos-turisticos-sostenibles-y-competitivos\\\/\"},\"wordCount\":295,\"image\":{\"@id\":\"https:\\\/\\\/zonacaral.gob.pe\\\/en\\\/noticias\\\/zona-arqueologica-caral-participo-en-foro-internacional-innovacion-en-la-gestion-de-destinos-turisticos-sostenibles-y-competitivos\\\/#primaryimage\"},\"thumbnailUrl\":\"https:\\\/\\\/zonacaral.gob.pe\\\/wp-content\\\/uploads\\\/2019\\\/05\\\/foro.jpg\",\"keywords\":[\"caral\",\"turismo\"],\"articleSection\":[\"noticias\"],\"inLanguage\":\"en-US\"},{\"@type\":\"WebPage\",\"@id\":\"https:\\\/\\\/zonacaral.gob.pe\\\/en\\\/noticias\\\/zona-arqueologica-caral-participo-en-foro-internacional-innovacion-en-la-gestion-de-destinos-turisticos-sostenibles-y-competitivos\\\/\",\"url\":\"https:\\\/\\\/zonacaral.gob.pe\\\/en\\\/noticias\\\/zona-arqueologica-caral-participo-en-foro-internacional-innovacion-en-la-gestion-de-destinos-turisticos-sostenibles-y-competitivos\\\/\",\"name\":\"Zona Arqueol\u00f3gica Caral particip\u00f3 en Foro Internacional \u201cInnovaci\u00f3n en la gesti\u00f3n de destinos tur\u00edsticos sostenibles y competitivos\u201d\",\"isPartOf\":{\"@id\":\"https:\\\/\\\/zonacaral.gob.pe\\\/es\\\/#website\"},\"primaryImageOfPage\":{\"@id\":\"https:\\\/\\\/zonacaral.gob.pe\\\/en\\\/noticias\\\/zona-arqueologica-caral-participo-en-foro-internacional-innovacion-en-la-gestion-de-destinos-turisticos-sostenibles-y-competitivos\\\/#primaryimage\"},\"image\":{\"@id\":\"https:\\\/\\\/zonacaral.gob.pe\\\/en\\\/noticias\\\/zona-arqueologica-caral-participo-en-foro-internacional-innovacion-en-la-gestion-de-destinos-turisticos-sostenibles-y-competitivos\\\/#primaryimage\"},\"thumbnailUrl\":\"https:\\\/\\\/zonacaral.gob.pe\\\/wp-content\\\/uploads\\\/2019\\\/05\\\/foro.jpg\",\"datePublished\":\"2019-05-28T21:48:56+00:00\",\"author\":{\"@id\":\"https:\\\/\\\/zonacaral.gob.pe\\\/es\\\/#\\\/schema\\\/person\\\/beddb4d22f71a7230c5b90913270a0ee\"},\"description\":\"La Zona Arqueol\u00f3gica Caral, unidad ejecutora 003 del Ministerio de Cultura, particip\u00f3 en el Foro Turistech Internacional Summit Lima - \u201cInnovaci\u00f3n en la Gesti\u00f3n de Destinos Tur\u00edsticos Sostenibles y Competitivos\u201d, organizado por el Ministerio de Comercio Exterior y Turismo (MINCETUR), la Escuela Profesional de Administraci\u00f3n de Turismo de la Universidad Nacional Mayor de San Marcos, y la consultora Turistech, especialista en estrategias digitales e innovadoras para el turismo.\",\"breadcrumb\":{\"@id\":\"https:\\\/\\\/zonacaral.gob.pe\\\/en\\\/noticias\\\/zona-arqueologica-caral-participo-en-foro-internacional-innovacion-en-la-gestion-de-destinos-turisticos-sostenibles-y-competitivos\\\/#breadcrumb\"},\"inLanguage\":\"en-US\",\"potentialAction\":[{\"@type\":\"ReadAction\",\"target\":[\"https:\\\/\\\/zonacaral.gob.pe\\\/en\\\/noticias\\\/zona-arqueologica-caral-participo-en-foro-internacional-innovacion-en-la-gestion-de-destinos-turisticos-sostenibles-y-competitivos\\\/\"]}]},{\"@type\":\"ImageObject\",\"inLanguage\":\"en-US\",\"@id\":\"https:\\\/\\\/zonacaral.gob.pe\\\/en\\\/noticias\\\/zona-arqueologica-caral-participo-en-foro-internacional-innovacion-en-la-gestion-de-destinos-turisticos-sostenibles-y-competitivos\\\/#primaryimage\",\"url\":\"https:\\\/\\\/zonacaral.gob.pe\\\/wp-content\\\/uploads\\\/2019\\\/05\\\/foro.jpg\",\"contentUrl\":\"https:\\\/\\\/zonacaral.gob.pe\\\/wp-content\\\/uploads\\\/2019\\\/05\\\/foro.jpg\",\"width\":810,\"height\":410},{\"@type\":\"BreadcrumbList\",\"@id\":\"https:\\\/\\\/zonacaral.gob.pe\\\/en\\\/noticias\\\/zona-arqueologica-caral-participo-en-foro-internacional-innovacion-en-la-gestion-de-destinos-turisticos-sostenibles-y-competitivos\\\/#breadcrumb\",\"itemListElement\":[{\"@type\":\"ListItem\",\"position\":1,\"name\":\"Portada\",\"item\":\"https:\\\/\\\/zonacaral.gob.pe\\\/\"},{\"@type\":\"ListItem\",\"position\":2,\"name\":\"Zona Arqueol\u00f3gica Caral particip\u00f3 en Foro Internacional \u201cInnovaci\u00f3n en la gesti\u00f3n de destinos tur\u00edsticos sostenibles y competitivos\u201d\"}]},{\"@type\":\"WebSite\",\"@id\":\"https:\\\/\\\/zonacaral.gob.pe\\\/es\\\/#website\",\"url\":\"https:\\\/\\\/zonacaral.gob.pe\\\/es\\\/\",\"name\":\"Zona Caral\",\"description\":\"Investigamos, conservamos y difundimos el patrimonio cultural de la Civilizaci\u00f3n Caral, la m\u00e1s antigua de Am\u00e9rica.\",\"potentialAction\":[{\"@type\":\"SearchAction\",\"target\":{\"@type\":\"EntryPoint\",\"urlTemplate\":\"https:\\\/\\\/zonacaral.gob.pe\\\/es\\\/?s={search_term_string}\"},\"query-input\":{\"@type\":\"PropertyValueSpecification\",\"valueRequired\":true,\"valueName\":\"search_term_string\"}}],\"inLanguage\":\"en-US\"},{\"@type\":\"Person\",\"@id\":\"https:\\\/\\\/zonacaral.gob.pe\\\/es\\\/#\\\/schema\\\/person\\\/beddb4d22f71a7230c5b90913270a0ee\",\"name\":\"Zona Caral Administrador\",\"image\":{\"@type\":\"ImageObject\",\"inLanguage\":\"en-US\",\"@id\":\"https:\\\/\\\/secure.gravatar.com\\\/avatar\\\/e4be162918a696358376de6446614e0f0f4062bdc5d170d6d540ada3d8b58c12?s=96&d=mm&r=g\",\"url\":\"https:\\\/\\\/secure.gravatar.com\\\/avatar\\\/e4be162918a696358376de6446614e0f0f4062bdc5d170d6d540ada3d8b58c12?s=96&d=mm&r=g\",\"contentUrl\":\"https:\\\/\\\/secure.gravatar.com\\\/avatar\\\/e4be162918a696358376de6446614e0f0f4062bdc5d170d6d540ada3d8b58c12?s=96&d=mm&r=g\",\"caption\":\"Zona Caral Administrador\"},\"sameAs\":[\"https:\\\/\\\/zonacaral.gob.pe\"],\"url\":\"https:\\\/\\\/zonacaral.gob.pe\\\/en\\\/noticias\\\/author\\\/ad_zonacaral\\\/\"}]}<\/script>\n<!-- \/ Yoast SEO plugin. -->","yoast_head_json":{"title":"Zona Arqueol\u00f3gica Caral particip\u00f3 en Foro Internacional \u201cInnovaci\u00f3n en la gesti\u00f3n de destinos tur\u00edsticos sostenibles y competitivos\u201d","description":"La Zona Arqueol\u00f3gica Caral, unidad ejecutora 003 del Ministerio de Cultura, particip\u00f3 en el Foro Turistech Internacional Summit Lima - \u201cInnovaci\u00f3n en la Gesti\u00f3n de Destinos Tur\u00edsticos Sostenibles y Competitivos\u201d, organizado por el Ministerio de Comercio Exterior y Turismo (MINCETUR), la Escuela Profesional de Administraci\u00f3n de Turismo de la Universidad Nacional Mayor de San Marcos, y la consultora Turistech, especialista en estrategias digitales e innovadoras para el turismo.","robots":{"index":"index","follow":"follow","max-snippet":"max-snippet:-1","max-image-preview":"max-image-preview:large","max-video-preview":"max-video-preview:-1"},"canonical":"https:\/\/zonacaral.gob.pe\/en\/noticias\/zona-arqueologica-caral-participo-en-foro-internacional-innovacion-en-la-gestion-de-destinos-turisticos-sostenibles-y-competitivos\/","og_locale":"en_US","og_type":"article","og_title":"Zona Arqueol\u00f3gica Caral particip\u00f3 en Foro Internacional \u201cInnovaci\u00f3n en la gesti\u00f3n de destinos tur\u00edsticos sostenibles y competitivos\u201d","og_description":"La Zona Arqueol\u00f3gica Caral, unidad ejecutora 003 del Ministerio de Cultura, particip\u00f3 en el Foro Turistech Internacional Summit Lima - \u201cInnovaci\u00f3n en la Gesti\u00f3n de Destinos Tur\u00edsticos Sostenibles y Competitivos\u201d, organizado por el Ministerio de Comercio Exterior y Turismo (MINCETUR), la Escuela Profesional de Administraci\u00f3n de Turismo de la Universidad Nacional Mayor de San Marcos, y la consultora Turistech, especialista en estrategias digitales e innovadoras para el turismo.","og_url":"https:\/\/zonacaral.gob.pe\/en\/noticias\/zona-arqueologica-caral-participo-en-foro-internacional-innovacion-en-la-gestion-de-destinos-turisticos-sostenibles-y-competitivos\/","og_site_name":"Zona Caral","article_published_time":"2019-05-28T21:48:56+00:00","og_image":[{"width":810,"height":410,"url":"https:\/\/zonacaral.gob.pe\/wp-content\/uploads\/2019\/05\/foro.jpg","type":"image\/jpeg"}],"author":"Zona Caral Administrador","twitter_card":"summary_large_image","twitter_misc":{"Written by":"Zona Caral Administrador","Est. reading time":"1 minute"},"schema":{"@context":"https:\/\/schema.org","@graph":[{"@type":"Article","@id":"https:\/\/zonacaral.gob.pe\/en\/noticias\/zona-arqueologica-caral-participo-en-foro-internacional-innovacion-en-la-gestion-de-destinos-turisticos-sostenibles-y-competitivos\/#article","isPartOf":{"@id":"https:\/\/zonacaral.gob.pe\/en\/noticias\/zona-arqueologica-caral-participo-en-foro-internacional-innovacion-en-la-gestion-de-destinos-turisticos-sostenibles-y-competitivos\/"},"author":{"name":"Zona Caral Administrador","@id":"https:\/\/zonacaral.gob.pe\/es\/#\/schema\/person\/beddb4d22f71a7230c5b90913270a0ee"},"headline":"Zona Arqueol\u00f3gica Caral particip\u00f3 en Foro Internacional \u201cInnovaci\u00f3n en la gesti\u00f3n de destinos tur\u00edsticos sostenibles y competitivos\u201d","datePublished":"2019-05-28T21:48:56+00:00","mainEntityOfPage":{"@id":"https:\/\/zonacaral.gob.pe\/en\/noticias\/zona-arqueologica-caral-participo-en-foro-internacional-innovacion-en-la-gestion-de-destinos-turisticos-sostenibles-y-competitivos\/"},"wordCount":295,"image":{"@id":"https:\/\/zonacaral.gob.pe\/en\/noticias\/zona-arqueologica-caral-participo-en-foro-internacional-innovacion-en-la-gestion-de-destinos-turisticos-sostenibles-y-competitivos\/#primaryimage"},"thumbnailUrl":"https:\/\/zonacaral.gob.pe\/wp-content\/uploads\/2019\/05\/foro.jpg","keywords":["caral","turismo"],"articleSection":["noticias"],"inLanguage":"en-US"},{"@type":"WebPage","@id":"https:\/\/zonacaral.gob.pe\/en\/noticias\/zona-arqueologica-caral-participo-en-foro-internacional-innovacion-en-la-gestion-de-destinos-turisticos-sostenibles-y-competitivos\/","url":"https:\/\/zonacaral.gob.pe\/en\/noticias\/zona-arqueologica-caral-participo-en-foro-internacional-innovacion-en-la-gestion-de-destinos-turisticos-sostenibles-y-competitivos\/","name":"Zona Arqueol\u00f3gica Caral particip\u00f3 en Foro Internacional \u201cInnovaci\u00f3n en la gesti\u00f3n de destinos tur\u00edsticos sostenibles y competitivos\u201d","isPartOf":{"@id":"https:\/\/zonacaral.gob.pe\/es\/#website"},"primaryImageOfPage":{"@id":"https:\/\/zonacaral.gob.pe\/en\/noticias\/zona-arqueologica-caral-participo-en-foro-internacional-innovacion-en-la-gestion-de-destinos-turisticos-sostenibles-y-competitivos\/#primaryimage"},"image":{"@id":"https:\/\/zonacaral.gob.pe\/en\/noticias\/zona-arqueologica-caral-participo-en-foro-internacional-innovacion-en-la-gestion-de-destinos-turisticos-sostenibles-y-competitivos\/#primaryimage"},"thumbnailUrl":"https:\/\/zonacaral.gob.pe\/wp-content\/uploads\/2019\/05\/foro.jpg","datePublished":"2019-05-28T21:48:56+00:00","author":{"@id":"https:\/\/zonacaral.gob.pe\/es\/#\/schema\/person\/beddb4d22f71a7230c5b90913270a0ee"},"description":"La Zona Arqueol\u00f3gica Caral, unidad ejecutora 003 del Ministerio de Cultura, particip\u00f3 en el Foro Turistech Internacional Summit Lima - \u201cInnovaci\u00f3n en la Gesti\u00f3n de Destinos Tur\u00edsticos Sostenibles y Competitivos\u201d, organizado por el Ministerio de Comercio Exterior y Turismo (MINCETUR), la Escuela Profesional de Administraci\u00f3n de Turismo de la Universidad Nacional Mayor de San Marcos, y la consultora Turistech, especialista en estrategias digitales e innovadoras para el turismo.","breadcrumb":{"@id":"https:\/\/zonacaral.gob.pe\/en\/noticias\/zona-arqueologica-caral-participo-en-foro-internacional-innovacion-en-la-gestion-de-destinos-turisticos-sostenibles-y-competitivos\/#breadcrumb"},"inLanguage":"en-US","potentialAction":[{"@type":"ReadAction","target":["https:\/\/zonacaral.gob.pe\/en\/noticias\/zona-arqueologica-caral-participo-en-foro-internacional-innovacion-en-la-gestion-de-destinos-turisticos-sostenibles-y-competitivos\/"]}]},{"@type":"ImageObject","inLanguage":"en-US","@id":"https:\/\/zonacaral.gob.pe\/en\/noticias\/zona-arqueologica-caral-participo-en-foro-internacional-innovacion-en-la-gestion-de-destinos-turisticos-sostenibles-y-competitivos\/#primaryimage","url":"https:\/\/zonacaral.gob.pe\/wp-content\/uploads\/2019\/05\/foro.jpg","contentUrl":"https:\/\/zonacaral.gob.pe\/wp-content\/uploads\/2019\/05\/foro.jpg","width":810,"height":410},{"@type":"BreadcrumbList","@id":"https:\/\/zonacaral.gob.pe\/en\/noticias\/zona-arqueologica-caral-participo-en-foro-internacional-innovacion-en-la-gestion-de-destinos-turisticos-sostenibles-y-competitivos\/#breadcrumb","itemListElement":[{"@type":"ListItem","position":1,"name":"Portada","item":"https:\/\/zonacaral.gob.pe\/"},{"@type":"ListItem","position":2,"name":"Zona Arqueol\u00f3gica Caral particip\u00f3 en Foro Internacional \u201cInnovaci\u00f3n en la gesti\u00f3n de destinos tur\u00edsticos sostenibles y competitivos\u201d"}]},{"@type":"WebSite","@id":"https:\/\/zonacaral.gob.pe\/es\/#website","url":"https:\/\/zonacaral.gob.pe\/es\/","name":"Zona Caral","description":"Investigamos, conservamos y difundimos el patrimonio cultural de la Civilizaci\u00f3n Caral, la m\u00e1s antigua de Am\u00e9rica.","potentialAction":[{"@type":"SearchAction","target":{"@type":"EntryPoint","urlTemplate":"https:\/\/zonacaral.gob.pe\/es\/?s={search_term_string}"},"query-input":{"@type":"PropertyValueSpecification","valueRequired":true,"valueName":"search_term_string"}}],"inLanguage":"en-US"},{"@type":"Person","@id":"https:\/\/zonacaral.gob.pe\/es\/#\/schema\/person\/beddb4d22f71a7230c5b90913270a0ee","name":"Zona Caral Administrador","image":{"@type":"ImageObject","inLanguage":"en-US","@id":"https:\/\/secure.gravatar.com\/avatar\/e4be162918a696358376de6446614e0f0f4062bdc5d170d6d540ada3d8b58c12?s=96&d=mm&r=g","url":"https:\/\/secure.gravatar.com\/avatar\/e4be162918a696358376de6446614e0f0f4062bdc5d170d6d540ada3d8b58c12?s=96&d=mm&r=g","contentUrl":"https:\/\/secure.gravatar.com\/avatar\/e4be162918a696358376de6446614e0f0f4062bdc5d170d6d540ada3d8b58c12?s=96&d=mm&r=g","caption":"Zona Caral Administrador"},"sameAs":["https:\/\/zonacaral.gob.pe"],"url":"https:\/\/zonacaral.gob.pe\/en\/noticias\/author\/ad_zonacaral\/"}]}},"_links":{"self":[{"href":"https:\/\/zonacaral.gob.pe\/en\/wp-json\/wp\/v2\/posts\/14409","targetHints":{"allow":["GET"]}}],"collection":[{"href":"https:\/\/zonacaral.gob.pe\/en\/wp-json\/wp\/v2\/posts"}],"about":[{"href":"https:\/\/zonacaral.gob.pe\/en\/wp-json\/wp\/v2\/types\/post"}],"author":[{"embeddable":true,"href":"https:\/\/zonacaral.gob.pe\/en\/wp-json\/wp\/v2\/users\/1"}],"replies":[{"embeddable":true,"href":"https:\/\/zonacaral.gob.pe\/en\/wp-json\/wp\/v2\/comments?post=14409"}],"version-history":[{"count":0,"href":"https:\/\/zonacaral.gob.pe\/en\/wp-json\/wp\/v2\/posts\/14409\/revisions"}],"wp:featuredmedia":[{"embeddable":true,"href":"https:\/\/zonacaral.gob.pe\/en\/wp-json\/wp\/v2\/media\/14410"}],"wp:attachment":[{"href":"https:\/\/zonacaral.gob.pe\/en\/wp-json\/wp\/v2\/media?parent=14409"}],"wp:term":[{"taxonomy":"category","embeddable":true,"href":"https:\/\/zonacaral.gob.pe\/en\/wp-json\/wp\/v2\/categories?post=14409"},{"taxonomy":"post_tag","embeddable":true,"href":"https:\/\/zonacaral.gob.pe\/en\/wp-json\/wp\/v2\/tags?post=14409"}],"curies":[{"name":"wp","href":"https:\/\/api.w.org\/{rel}","templated":true}]}}