{"id":14412,"date":"2019-05-28T18:44:22","date_gmt":"2019-05-28T23:44:22","guid":{"rendered":"http:\/\/www.zonacaral.gob.pe\/?p=14412"},"modified":"2019-05-28T18:44:22","modified_gmt":"2019-05-28T23:44:22","slug":"conoce-caral-la-civilizacion-mas-antigua-de-america","status":"publish","type":"post","link":"https:\/\/zonacaral.gob.pe\/en\/noticias\/conoce-caral-la-civilizacion-mas-antigua-de-america\/","title":{"rendered":"Conoce Caral, la civilizaci\u00f3n m\u00e1s antigua de Am\u00e9rica"},"content":{"rendered":"<figure class=\"pic-autor\" style=\"color: #4d4d4d; text-align: justify;\"><\/figure>\n<blockquote><p>Primer domingo de cada mes el ingreso es gratuito.<br \/>\nSeg\u00fan Ley N\u00ba 30599, se dispone el acceso gratuito, el primer domingo de cada mes, para todos los ciudadanos peruanos, a los sitios arqueol\u00f3gicos, museos y lugares hist\u00f3ricos administrados por el Estado.<\/p><\/blockquote>\n<p>Este domingo, 2 de junio, ingresa gratis a los sitios arqueol\u00f3gicos Ciudad Sagrada de Caral, Patrimonio Mundial; \u00c1spero, ciudad pesquera de Caral y Vichama, ciudad agropesquera de V\u00e9gueta, ubicados en las provincias de Barranca y Huaura, en la regi\u00f3n Lima.<\/p>\n<p>Los antiguos pobladores de estos centros urbanos, hace 5000 a\u00f1os, forjaron la primera civilizaci\u00f3n de Am\u00e9rica, produjeron conocimiento y su aplicaci\u00f3n en el sistema de registro y astronom\u00eda, tecnolog\u00eda agr\u00edcola y el manejo gen\u00e9tico del algod\u00f3n, seguridad alimentaria, tecnolog\u00eda constructiva, eficacia energ\u00e9tica y mec\u00e1nica de fluidos, arte, entre muchos otros aprendizajes, que ayudaron al desarrollo de las dem\u00e1s culturas del Per\u00fa.<\/p>\n<p>Aprovecha este fin de semana, re\u00fanete con tu familia o amigos y emprende un viaje al pasado; adem\u00e1s, disfruta de la naturaleza y de la gastronom\u00eda local.<\/p>\n<p>El ingreso, gratuito para todo el p\u00fablico nacional, es de 9:00 a.m. a 6:00 p.m. Sin embargo, se pide la colaboraci\u00f3n de un sol como pago para los gu\u00edas locales quienes se encargar\u00e1n de contarte toda de historia de desarrollo y el importante trabajo de investigaci\u00f3n, conservaci\u00f3n y difusi\u00f3n que hace la Zona Arqueol\u00f3gica Caral, UE 003 del Ministerio de Cultura.<\/p>\n<h4>\u00bfQU\u00c9 CONOCER\u00c1S?<\/h4>\n<p>&#8211; La Ciudad Sagrada de Caral, nuestro Patrimonio Mundial, est\u00e1 ubicado en el valle de Supe, Barranca. Este lugar destaca por la monumentalidad de sus construcciones piramidales, edificadas hace 5000 mil a\u00f1os. En el lugar se habilit\u00f3 un Centro de Interpretaci\u00f3n donde ver\u00e1s algunos de los hallazgos y, un \u201cT\u00fanel de la Ciencia\u201d, con la informaci\u00f3n recuperada en 25 a\u00f1os de investigaciones.<\/p>\n<p>&#8211; \u00c1spero (ubicado en Supe Puerto, Barranca), es reconocido por ser uno de los puertos pesqueros m\u00e1s antiguos de la regi\u00f3n, principal actividad de sus habitantes quienes idearon t\u00e9cnicas de pesca y de conservaci\u00f3n del pescado. Otro hallazgo, muy importante para el pa\u00eds, fue la Dama de los Cuatro Tupus: una mujer de alta jerarqu\u00eda, enterrada con diversos adornos, que comprueba que hace miles de a\u00f1os existi\u00f3 la equidad de g\u00e9nero.<\/p>\n<p>&#8211; Vichama (ubicado en V\u00e9gueta-Huacho, Huaura) te impactar\u00e1 con sus impresionantes relieves murales que los pobladores de esta ciudad agropesquera, hace 3800 a\u00f1os, hicieron en sus edificios p\u00fablicos, con dise\u00f1os de seres antropomorfos e ictiomorfos, que se vinculan a una historia de cambio clim\u00e1tico.<br \/>\nTanto \u00c1spero, como Vichama, est\u00e1n ubicados cerca del litoral, por lo que los paisajes se tornan m\u00e1s hermosos y puedes aprovechar en visitar sus limpias playas.<\/p>\n<h4>DATOS<\/h4>\n<p>Una mejor manera de conocer estos destinos culturales es participando de los Viajes Educativos que organizamos. Inf\u00f3rmate m\u00e1s llamando al 2052-517 \/ 955881340 o en la web:\u00a0zonacaral.gob.pe\/viajes-educativos\/inscripciones<\/p>\n<p>Tambi\u00e9n puedes escribirnos a:\u00a0<a href=\"\/en\/viajeseducativos@zonacaral.gob.pe\/\">viajeseducativos@zonacaral.gob.pe<\/a>.<\/p>\n<p>Puedes apoyar la investigaci\u00f3n comprado alg\u00fan recuerdo en la Tienda Caral online:\u00a0<a href=\"https:\/\/tienda.zonacaral.gob.pe\/\">https:\/\/tienda.zonacaral.gob.pe\/<\/a><\/p>\n<p style=\"text-align: justify;\"><a href=\"https:\/\/tienda.zonacaral.gob.pe\/\"><span style=\"color: #993300;\"><strong>Fuente<\/strong><strong>: Prensa ZAC<\/strong><\/span><\/a><\/p>\n<div style=\"color: #1f1f1f;\">\n<p style=\"text-align: justify;\">Fecha de publicaci\u00f3n: 28\/05\/2019<\/p>\n<\/div>","protected":false},"excerpt":{"rendered":"<p>Primer domingo de cada mes el ingreso es gratuito. Seg\u00fan Ley N\u00ba 30599, se dispone el acceso gratuito, el primer [&hellip;]<\/p>\n","protected":false},"author":1,"featured_media":14413,"comment_status":"closed","ping_status":"open","sticky":false,"template":"","format":"standard","meta":{"_acf_changed":false,"site-sidebar-layout":"default","site-content-layout":"","ast-site-content-layout":"default","site-content-style":"default","site-sidebar-style":"default","ast-global-header-display":"","ast-banner-title-visibility":"","ast-main-header-display":"","ast-hfb-above-header-display":"","ast-hfb-below-header-display":"","ast-hfb-mobile-header-display":"","site-post-title":"","ast-breadcrumbs-content":"","ast-featured-img":"","footer-sml-layout":"","ast-disable-related-posts":"","theme-transparent-header-meta":"","adv-header-id-meta":"","stick-header-meta":"","header-above-stick-meta":"","header-main-stick-meta":"","header-below-stick-meta":"","astra-migrate-meta-layouts":"default","ast-page-background-enabled":"default","ast-page-background-meta":{"desktop":{"background-color":"var(--ast-global-color-5)","background-image":"","background-repeat":"repeat","background-position":"center center","background-size":"auto","background-attachment":"scroll","background-type":"","background-media":"","overlay-type":"","overlay-color":"","overlay-opacity":"","overlay-gradient":""},"tablet":{"background-color":"","background-image":"","background-repeat":"repeat","background-position":"center center","background-size":"auto","background-attachment":"scroll","background-type":"","background-media":"","overlay-type":"","overlay-color":"","overlay-opacity":"","overlay-gradient":""},"mobile":{"background-color":"","background-image":"","background-repeat":"repeat","background-position":"center center","background-size":"auto","background-attachment":"scroll","background-type":"","background-media":"","overlay-type":"","overlay-color":"","overlay-opacity":"","overlay-gradient":""}},"ast-content-background-meta":{"desktop":{"background-color":"var(--ast-global-color-4)","background-image":"","background-repeat":"repeat","background-position":"center center","background-size":"auto","background-attachment":"scroll","background-type":"","background-media":"","overlay-type":"","overlay-color":"","overlay-opacity":"","overlay-gradient":""},"tablet":{"background-color":"var(--ast-global-color-4)","background-image":"","background-repeat":"repeat","background-position":"center center","background-size":"auto","background-attachment":"scroll","background-type":"","background-media":"","overlay-type":"","overlay-color":"","overlay-opacity":"","overlay-gradient":""},"mobile":{"background-color":"var(--ast-global-color-4)","background-image":"","background-repeat":"repeat","background-position":"center center","background-size":"auto","background-attachment":"scroll","background-type":"","background-media":"","overlay-type":"","overlay-color":"","overlay-opacity":"","overlay-gradient":""}},"footnotes":""},"categories":[208],"tags":[55],"class_list":["post-14412","post","type-post","status-publish","format-standard","has-post-thumbnail","hentry","category-noticias","tag-caral"],"acf":[],"yoast_head":"<!-- This site is optimized with the Yoast SEO plugin v27.3 - https:\/\/yoast.com\/product\/yoast-seo-wordpress\/ -->\n<title>Conoce Caral, la civilizaci\u00f3n m\u00e1s antigua de Am\u00e9rica<\/title>\n<meta name=\"description\" content=\"Primer domingo de cada mes el ingreso es gratuito. Seg\u00fan Ley N\u00ba 30599, se dispone el acceso gratuito, el primer domingo de cada mes, para todos los ciudadanos peruanos, a los sitios arqueol\u00f3gicos, museos y lugares hist\u00f3ricos administrados por el Estado.\" \/>\n<meta name=\"robots\" content=\"index, follow, max-snippet:-1, max-image-preview:large, max-video-preview:-1\" \/>\n<link rel=\"canonical\" href=\"https:\/\/zonacaral.gob.pe\/en\/noticias\/conoce-caral-la-civilizacion-mas-antigua-de-america\/\" \/>\n<meta property=\"og:locale\" content=\"en_US\" \/>\n<meta property=\"og:type\" content=\"article\" \/>\n<meta property=\"og:title\" content=\"Conoce Caral, la civilizaci\u00f3n m\u00e1s antigua de Am\u00e9rica\" \/>\n<meta property=\"og:description\" content=\"Primer domingo de cada mes el ingreso es gratuito. Seg\u00fan Ley N\u00ba 30599, se dispone el acceso gratuito, el primer domingo de cada mes, para todos los ciudadanos peruanos, a los sitios arqueol\u00f3gicos, museos y lugares hist\u00f3ricos administrados por el Estado.\" \/>\n<meta property=\"og:url\" content=\"https:\/\/zonacaral.gob.pe\/en\/noticias\/conoce-caral-la-civilizacion-mas-antigua-de-america\/\" \/>\n<meta property=\"og:site_name\" content=\"Zona Caral\" \/>\n<meta property=\"article:published_time\" content=\"2019-05-28T23:44:22+00:00\" \/>\n<meta property=\"og:image\" content=\"https:\/\/zonacaral.gob.pe\/wp-content\/uploads\/2019\/05\/ENTRADA-LIBRE.jpg\" \/>\n\t<meta property=\"og:image:width\" content=\"810\" \/>\n\t<meta property=\"og:image:height\" content=\"410\" \/>\n\t<meta property=\"og:image:type\" content=\"image\/jpeg\" \/>\n<meta name=\"author\" content=\"Zona Caral Administrador\" \/>\n<meta name=\"twitter:card\" content=\"summary_large_image\" \/>\n<meta name=\"twitter:label1\" content=\"Written by\" \/>\n\t<meta name=\"twitter:data1\" content=\"Zona Caral Administrador\" \/>\n\t<meta name=\"twitter:label2\" content=\"Est. reading time\" \/>\n\t<meta name=\"twitter:data2\" content=\"3 minutes\" \/>\n<script type=\"application\/ld+json\" class=\"yoast-schema-graph\">{\"@context\":\"https:\\\/\\\/schema.org\",\"@graph\":[{\"@type\":\"Article\",\"@id\":\"https:\\\/\\\/zonacaral.gob.pe\\\/es\\\/noticias\\\/conoce-caral-la-civilizacion-mas-antigua-de-america\\\/#article\",\"isPartOf\":{\"@id\":\"https:\\\/\\\/zonacaral.gob.pe\\\/es\\\/noticias\\\/conoce-caral-la-civilizacion-mas-antigua-de-america\\\/\"},\"author\":{\"name\":\"Zona Caral Administrador\",\"@id\":\"https:\\\/\\\/zonacaral.gob.pe\\\/es\\\/#\\\/schema\\\/person\\\/beddb4d22f71a7230c5b90913270a0ee\"},\"headline\":\"Conoce Caral, la civilizaci\u00f3n m\u00e1s antigua de Am\u00e9rica\",\"datePublished\":\"2019-05-28T23:44:22+00:00\",\"mainEntityOfPage\":{\"@id\":\"https:\\\/\\\/zonacaral.gob.pe\\\/es\\\/noticias\\\/conoce-caral-la-civilizacion-mas-antigua-de-america\\\/\"},\"wordCount\":559,\"image\":{\"@id\":\"https:\\\/\\\/zonacaral.gob.pe\\\/es\\\/noticias\\\/conoce-caral-la-civilizacion-mas-antigua-de-america\\\/#primaryimage\"},\"thumbnailUrl\":\"https:\\\/\\\/zonacaral.gob.pe\\\/wp-content\\\/uploads\\\/2019\\\/05\\\/ENTRADA-LIBRE.jpg\",\"keywords\":[\"caral\"],\"articleSection\":[\"noticias\"],\"inLanguage\":\"en-US\"},{\"@type\":\"WebPage\",\"@id\":\"https:\\\/\\\/zonacaral.gob.pe\\\/es\\\/noticias\\\/conoce-caral-la-civilizacion-mas-antigua-de-america\\\/\",\"url\":\"https:\\\/\\\/zonacaral.gob.pe\\\/es\\\/noticias\\\/conoce-caral-la-civilizacion-mas-antigua-de-america\\\/\",\"name\":\"Conoce Caral, la civilizaci\u00f3n m\u00e1s antigua de Am\u00e9rica\",\"isPartOf\":{\"@id\":\"https:\\\/\\\/zonacaral.gob.pe\\\/es\\\/#website\"},\"primaryImageOfPage\":{\"@id\":\"https:\\\/\\\/zonacaral.gob.pe\\\/es\\\/noticias\\\/conoce-caral-la-civilizacion-mas-antigua-de-america\\\/#primaryimage\"},\"image\":{\"@id\":\"https:\\\/\\\/zonacaral.gob.pe\\\/es\\\/noticias\\\/conoce-caral-la-civilizacion-mas-antigua-de-america\\\/#primaryimage\"},\"thumbnailUrl\":\"https:\\\/\\\/zonacaral.gob.pe\\\/wp-content\\\/uploads\\\/2019\\\/05\\\/ENTRADA-LIBRE.jpg\",\"datePublished\":\"2019-05-28T23:44:22+00:00\",\"author\":{\"@id\":\"https:\\\/\\\/zonacaral.gob.pe\\\/es\\\/#\\\/schema\\\/person\\\/beddb4d22f71a7230c5b90913270a0ee\"},\"description\":\"Primer domingo de cada mes el ingreso es gratuito. Seg\u00fan Ley N\u00ba 30599, se dispone el acceso gratuito, el primer domingo de cada mes, para todos los ciudadanos peruanos, a los sitios arqueol\u00f3gicos, museos y lugares hist\u00f3ricos administrados por el Estado.\",\"breadcrumb\":{\"@id\":\"https:\\\/\\\/zonacaral.gob.pe\\\/es\\\/noticias\\\/conoce-caral-la-civilizacion-mas-antigua-de-america\\\/#breadcrumb\"},\"inLanguage\":\"en-US\",\"potentialAction\":[{\"@type\":\"ReadAction\",\"target\":[\"https:\\\/\\\/zonacaral.gob.pe\\\/es\\\/noticias\\\/conoce-caral-la-civilizacion-mas-antigua-de-america\\\/\"]}]},{\"@type\":\"ImageObject\",\"inLanguage\":\"en-US\",\"@id\":\"https:\\\/\\\/zonacaral.gob.pe\\\/es\\\/noticias\\\/conoce-caral-la-civilizacion-mas-antigua-de-america\\\/#primaryimage\",\"url\":\"https:\\\/\\\/zonacaral.gob.pe\\\/wp-content\\\/uploads\\\/2019\\\/05\\\/ENTRADA-LIBRE.jpg\",\"contentUrl\":\"https:\\\/\\\/zonacaral.gob.pe\\\/wp-content\\\/uploads\\\/2019\\\/05\\\/ENTRADA-LIBRE.jpg\",\"width\":810,\"height\":410},{\"@type\":\"BreadcrumbList\",\"@id\":\"https:\\\/\\\/zonacaral.gob.pe\\\/es\\\/noticias\\\/conoce-caral-la-civilizacion-mas-antigua-de-america\\\/#breadcrumb\",\"itemListElement\":[{\"@type\":\"ListItem\",\"position\":1,\"name\":\"Portada\",\"item\":\"https:\\\/\\\/zonacaral.gob.pe\\\/\"},{\"@type\":\"ListItem\",\"position\":2,\"name\":\"Conoce Caral, la civilizaci\u00f3n m\u00e1s antigua de Am\u00e9rica\"}]},{\"@type\":\"WebSite\",\"@id\":\"https:\\\/\\\/zonacaral.gob.pe\\\/es\\\/#website\",\"url\":\"https:\\\/\\\/zonacaral.gob.pe\\\/es\\\/\",\"name\":\"Zona Caral\",\"description\":\"Investigamos, conservamos y difundimos el patrimonio cultural de la Civilizaci\u00f3n Caral, la m\u00e1s antigua de Am\u00e9rica.\",\"potentialAction\":[{\"@type\":\"SearchAction\",\"target\":{\"@type\":\"EntryPoint\",\"urlTemplate\":\"https:\\\/\\\/zonacaral.gob.pe\\\/es\\\/?s={search_term_string}\"},\"query-input\":{\"@type\":\"PropertyValueSpecification\",\"valueRequired\":true,\"valueName\":\"search_term_string\"}}],\"inLanguage\":\"en-US\"},{\"@type\":\"Person\",\"@id\":\"https:\\\/\\\/zonacaral.gob.pe\\\/es\\\/#\\\/schema\\\/person\\\/beddb4d22f71a7230c5b90913270a0ee\",\"name\":\"Zona Caral Administrador\",\"image\":{\"@type\":\"ImageObject\",\"inLanguage\":\"en-US\",\"@id\":\"https:\\\/\\\/secure.gravatar.com\\\/avatar\\\/e4be162918a696358376de6446614e0f0f4062bdc5d170d6d540ada3d8b58c12?s=96&d=mm&r=g\",\"url\":\"https:\\\/\\\/secure.gravatar.com\\\/avatar\\\/e4be162918a696358376de6446614e0f0f4062bdc5d170d6d540ada3d8b58c12?s=96&d=mm&r=g\",\"contentUrl\":\"https:\\\/\\\/secure.gravatar.com\\\/avatar\\\/e4be162918a696358376de6446614e0f0f4062bdc5d170d6d540ada3d8b58c12?s=96&d=mm&r=g\",\"caption\":\"Zona Caral Administrador\"},\"sameAs\":[\"https:\\\/\\\/zonacaral.gob.pe\"],\"url\":\"https:\\\/\\\/zonacaral.gob.pe\\\/en\\\/noticias\\\/author\\\/ad_zonacaral\\\/\"}]}<\/script>\n<!-- \/ Yoast SEO plugin. -->","yoast_head_json":{"title":"Conoce Caral, la civilizaci\u00f3n m\u00e1s antigua de Am\u00e9rica","description":"Primer domingo de cada mes el ingreso es gratuito. Seg\u00fan Ley N\u00ba 30599, se dispone el acceso gratuito, el primer domingo de cada mes, para todos los ciudadanos peruanos, a los sitios arqueol\u00f3gicos, museos y lugares hist\u00f3ricos administrados por el Estado.","robots":{"index":"index","follow":"follow","max-snippet":"max-snippet:-1","max-image-preview":"max-image-preview:large","max-video-preview":"max-video-preview:-1"},"canonical":"https:\/\/zonacaral.gob.pe\/en\/noticias\/conoce-caral-la-civilizacion-mas-antigua-de-america\/","og_locale":"en_US","og_type":"article","og_title":"Conoce Caral, la civilizaci\u00f3n m\u00e1s antigua de Am\u00e9rica","og_description":"Primer domingo de cada mes el ingreso es gratuito. Seg\u00fan Ley N\u00ba 30599, se dispone el acceso gratuito, el primer domingo de cada mes, para todos los ciudadanos peruanos, a los sitios arqueol\u00f3gicos, museos y lugares hist\u00f3ricos administrados por el Estado.","og_url":"https:\/\/zonacaral.gob.pe\/en\/noticias\/conoce-caral-la-civilizacion-mas-antigua-de-america\/","og_site_name":"Zona Caral","article_published_time":"2019-05-28T23:44:22+00:00","og_image":[{"width":810,"height":410,"url":"https:\/\/zonacaral.gob.pe\/wp-content\/uploads\/2019\/05\/ENTRADA-LIBRE.jpg","type":"image\/jpeg"}],"author":"Zona Caral Administrador","twitter_card":"summary_large_image","twitter_misc":{"Written by":"Zona Caral Administrador","Est. reading time":"3 minutes"},"schema":{"@context":"https:\/\/schema.org","@graph":[{"@type":"Article","@id":"https:\/\/zonacaral.gob.pe\/es\/noticias\/conoce-caral-la-civilizacion-mas-antigua-de-america\/#article","isPartOf":{"@id":"https:\/\/zonacaral.gob.pe\/es\/noticias\/conoce-caral-la-civilizacion-mas-antigua-de-america\/"},"author":{"name":"Zona Caral Administrador","@id":"https:\/\/zonacaral.gob.pe\/es\/#\/schema\/person\/beddb4d22f71a7230c5b90913270a0ee"},"headline":"Conoce Caral, la civilizaci\u00f3n m\u00e1s antigua de Am\u00e9rica","datePublished":"2019-05-28T23:44:22+00:00","mainEntityOfPage":{"@id":"https:\/\/zonacaral.gob.pe\/es\/noticias\/conoce-caral-la-civilizacion-mas-antigua-de-america\/"},"wordCount":559,"image":{"@id":"https:\/\/zonacaral.gob.pe\/es\/noticias\/conoce-caral-la-civilizacion-mas-antigua-de-america\/#primaryimage"},"thumbnailUrl":"https:\/\/zonacaral.gob.pe\/wp-content\/uploads\/2019\/05\/ENTRADA-LIBRE.jpg","keywords":["caral"],"articleSection":["noticias"],"inLanguage":"en-US"},{"@type":"WebPage","@id":"https:\/\/zonacaral.gob.pe\/es\/noticias\/conoce-caral-la-civilizacion-mas-antigua-de-america\/","url":"https:\/\/zonacaral.gob.pe\/es\/noticias\/conoce-caral-la-civilizacion-mas-antigua-de-america\/","name":"Conoce Caral, la civilizaci\u00f3n m\u00e1s antigua de Am\u00e9rica","isPartOf":{"@id":"https:\/\/zonacaral.gob.pe\/es\/#website"},"primaryImageOfPage":{"@id":"https:\/\/zonacaral.gob.pe\/es\/noticias\/conoce-caral-la-civilizacion-mas-antigua-de-america\/#primaryimage"},"image":{"@id":"https:\/\/zonacaral.gob.pe\/es\/noticias\/conoce-caral-la-civilizacion-mas-antigua-de-america\/#primaryimage"},"thumbnailUrl":"https:\/\/zonacaral.gob.pe\/wp-content\/uploads\/2019\/05\/ENTRADA-LIBRE.jpg","datePublished":"2019-05-28T23:44:22+00:00","author":{"@id":"https:\/\/zonacaral.gob.pe\/es\/#\/schema\/person\/beddb4d22f71a7230c5b90913270a0ee"},"description":"Primer domingo de cada mes el ingreso es gratuito. Seg\u00fan Ley N\u00ba 30599, se dispone el acceso gratuito, el primer domingo de cada mes, para todos los ciudadanos peruanos, a los sitios arqueol\u00f3gicos, museos y lugares hist\u00f3ricos administrados por el Estado.","breadcrumb":{"@id":"https:\/\/zonacaral.gob.pe\/es\/noticias\/conoce-caral-la-civilizacion-mas-antigua-de-america\/#breadcrumb"},"inLanguage":"en-US","potentialAction":[{"@type":"ReadAction","target":["https:\/\/zonacaral.gob.pe\/es\/noticias\/conoce-caral-la-civilizacion-mas-antigua-de-america\/"]}]},{"@type":"ImageObject","inLanguage":"en-US","@id":"https:\/\/zonacaral.gob.pe\/es\/noticias\/conoce-caral-la-civilizacion-mas-antigua-de-america\/#primaryimage","url":"https:\/\/zonacaral.gob.pe\/wp-content\/uploads\/2019\/05\/ENTRADA-LIBRE.jpg","contentUrl":"https:\/\/zonacaral.gob.pe\/wp-content\/uploads\/2019\/05\/ENTRADA-LIBRE.jpg","width":810,"height":410},{"@type":"BreadcrumbList","@id":"https:\/\/zonacaral.gob.pe\/es\/noticias\/conoce-caral-la-civilizacion-mas-antigua-de-america\/#breadcrumb","itemListElement":[{"@type":"ListItem","position":1,"name":"Portada","item":"https:\/\/zonacaral.gob.pe\/"},{"@type":"ListItem","position":2,"name":"Conoce Caral, la civilizaci\u00f3n m\u00e1s antigua de Am\u00e9rica"}]},{"@type":"WebSite","@id":"https:\/\/zonacaral.gob.pe\/es\/#website","url":"https:\/\/zonacaral.gob.pe\/es\/","name":"Zona Caral","description":"Investigamos, conservamos y difundimos el patrimonio cultural de la Civilizaci\u00f3n Caral, la m\u00e1s antigua de Am\u00e9rica.","potentialAction":[{"@type":"SearchAction","target":{"@type":"EntryPoint","urlTemplate":"https:\/\/zonacaral.gob.pe\/es\/?s={search_term_string}"},"query-input":{"@type":"PropertyValueSpecification","valueRequired":true,"valueName":"search_term_string"}}],"inLanguage":"en-US"},{"@type":"Person","@id":"https:\/\/zonacaral.gob.pe\/es\/#\/schema\/person\/beddb4d22f71a7230c5b90913270a0ee","name":"Zona Caral Administrador","image":{"@type":"ImageObject","inLanguage":"en-US","@id":"https:\/\/secure.gravatar.com\/avatar\/e4be162918a696358376de6446614e0f0f4062bdc5d170d6d540ada3d8b58c12?s=96&d=mm&r=g","url":"https:\/\/secure.gravatar.com\/avatar\/e4be162918a696358376de6446614e0f0f4062bdc5d170d6d540ada3d8b58c12?s=96&d=mm&r=g","contentUrl":"https:\/\/secure.gravatar.com\/avatar\/e4be162918a696358376de6446614e0f0f4062bdc5d170d6d540ada3d8b58c12?s=96&d=mm&r=g","caption":"Zona Caral Administrador"},"sameAs":["https:\/\/zonacaral.gob.pe"],"url":"https:\/\/zonacaral.gob.pe\/en\/noticias\/author\/ad_zonacaral\/"}]}},"_links":{"self":[{"href":"https:\/\/zonacaral.gob.pe\/en\/wp-json\/wp\/v2\/posts\/14412","targetHints":{"allow":["GET"]}}],"collection":[{"href":"https:\/\/zonacaral.gob.pe\/en\/wp-json\/wp\/v2\/posts"}],"about":[{"href":"https:\/\/zonacaral.gob.pe\/en\/wp-json\/wp\/v2\/types\/post"}],"author":[{"embeddable":true,"href":"https:\/\/zonacaral.gob.pe\/en\/wp-json\/wp\/v2\/users\/1"}],"replies":[{"embeddable":true,"href":"https:\/\/zonacaral.gob.pe\/en\/wp-json\/wp\/v2\/comments?post=14412"}],"version-history":[{"count":0,"href":"https:\/\/zonacaral.gob.pe\/en\/wp-json\/wp\/v2\/posts\/14412\/revisions"}],"wp:featuredmedia":[{"embeddable":true,"href":"https:\/\/zonacaral.gob.pe\/en\/wp-json\/wp\/v2\/media\/14413"}],"wp:attachment":[{"href":"https:\/\/zonacaral.gob.pe\/en\/wp-json\/wp\/v2\/media?parent=14412"}],"wp:term":[{"taxonomy":"category","embeddable":true,"href":"https:\/\/zonacaral.gob.pe\/en\/wp-json\/wp\/v2\/categories?post=14412"},{"taxonomy":"post_tag","embeddable":true,"href":"https:\/\/zonacaral.gob.pe\/en\/wp-json\/wp\/v2\/tags?post=14412"}],"curies":[{"name":"wp","href":"https:\/\/api.w.org\/{rel}","templated":true}]}}