{"id":14419,"date":"2019-06-07T17:31:40","date_gmt":"2019-06-07T22:31:40","guid":{"rendered":"http:\/\/www.zonacaral.gob.pe\/?p=14419"},"modified":"2019-06-07T17:31:40","modified_gmt":"2019-06-07T22:31:40","slug":"la-zona-arqueologica-caral-invita-a-participar-en-los-talleres-de-ceramica-para-ninos","status":"publish","type":"post","link":"https:\/\/zonacaral.gob.pe\/en\/noticias\/la-zona-arqueologica-caral-invita-a-participar-en-los-talleres-de-ceramica-para-ninos\/","title":{"rendered":"La Zona Arqueol\u00f3gica Caral invita a participar en los talleres de cer\u00e1mica para ni\u00f1os"},"content":{"rendered":"<figure class=\"pic-autor\" style=\"color: #4d4d4d; text-align: justify;\"><\/figure>\n<blockquote><p>La Zona Arqueol\u00f3gica Caral (ZAC), unidad ejecutora 003 del Ministerio de Cultura organiza junto al Comit\u00e9 de Deporte y Cultura del centro poblado San Nicol\u00e1s del distrito de Supe, en la provincia de Barranca, un taller de cer\u00e1mica para ni\u00f1os de 6 a 12 a\u00f1os, con el lema <strong>\u201cRevalorando lo nuestro<\/strong>\u201d.<\/p><\/blockquote>\n<p>El profesor Mois\u00e9s Paucar, a cargo del taller, ense\u00f1ar\u00e1 de manera entretenida y did\u00e1ctica, una de las t\u00e9cnicas artesanales m\u00e1s antiguas de la historia. A trav\u00e9s del modelado en arcilla y utilizando recursos iconogr\u00e1ficos y elementos de la tradici\u00f3n Caral, los ni\u00f1os aprender\u00e1n sobre la importancia y la trascendencia de la Civilizaci\u00f3n Caral. Asimismo, reconocer\u00e1n la iconograf\u00eda registrada en los centros urbanos, como expresi\u00f3n de la memoria de nuestros ancestros.<\/p>\n<p>El taller forma parte del programa de responsabilidad social de la ZAC <strong>\u201cCer\u00e1mica funcional y decorativa en el valle de Supe\u201d<\/strong>, concebido en beneficio de la poblaci\u00f3n que habita en el \u00e1rea de influencia de los sitios arqueol\u00f3gicos que investiga, para promover la producci\u00f3n artesanal como una forma importante de expresi\u00f3n cultural.<\/p>\n<p>Las clases se realizar\u00e1n los d\u00edas martes, de 3:30 p.m. a 5:00 p.m., en el local del complejo deportivo del centro poblado San Nicol\u00e1s, en el distrito de Supe. El taller es gratuito.<br \/>\nEst\u00e1n abiertas las inscripciones \u00a1Te esperamos!<\/p>\n<h4>DATO<\/h4>\n<p>Desde hace 25 a\u00f1os la Zona Arqueol\u00f3gica Caral se dedica a las actividades de investigaci\u00f3n, conservaci\u00f3n y difusi\u00f3n, al pa\u00eds y al mundo, de los valores sociales y culturales de Caral, la civilizaci\u00f3n m\u00e1s antigua de Am\u00e9rica;\u00a0y a la aplicaci\u00f3n de un programa de desarrollo socioecon\u00f3mico en las poblaciones del entorno, sobre la base de la puesta en valor del patrimonio arqueol\u00f3gico.<\/p>\n<p style=\"text-align: justify;\"><a href=\"https:\/\/tienda.zonacaral.gob.pe\/\"><span style=\"color: #993300;\"><strong>Fuente<\/strong><strong>: Prensa ZAC<\/strong><\/span><\/a><\/p>\n<div style=\"color: #1f1f1f;\">\n<p style=\"text-align: justify;\">Fecha de publicaci\u00f3n: 07\/06\/2019<\/p>\n<\/div>","protected":false},"excerpt":{"rendered":"<p>La Zona Arqueol\u00f3gica Caral (ZAC), unidad ejecutora 003 del Ministerio de Cultura organiza junto al Comit\u00e9 de Deporte y Cultura [&hellip;]<\/p>\n","protected":false},"author":1,"featured_media":14420,"comment_status":"closed","ping_status":"open","sticky":false,"template":"","format":"standard","meta":{"_acf_changed":false,"site-sidebar-layout":"default","site-content-layout":"","ast-site-content-layout":"default","site-content-style":"default","site-sidebar-style":"default","ast-global-header-display":"","ast-banner-title-visibility":"","ast-main-header-display":"","ast-hfb-above-header-display":"","ast-hfb-below-header-display":"","ast-hfb-mobile-header-display":"","site-post-title":"","ast-breadcrumbs-content":"","ast-featured-img":"","footer-sml-layout":"","ast-disable-related-posts":"","theme-transparent-header-meta":"","adv-header-id-meta":"","stick-header-meta":"","header-above-stick-meta":"","header-main-stick-meta":"","header-below-stick-meta":"","astra-migrate-meta-layouts":"default","ast-page-background-enabled":"default","ast-page-background-meta":{"desktop":{"background-color":"var(--ast-global-color-5)","background-image":"","background-repeat":"repeat","background-position":"center center","background-size":"auto","background-attachment":"scroll","background-type":"","background-media":"","overlay-type":"","overlay-color":"","overlay-opacity":"","overlay-gradient":""},"tablet":{"background-color":"","background-image":"","background-repeat":"repeat","background-position":"center center","background-size":"auto","background-attachment":"scroll","background-type":"","background-media":"","overlay-type":"","overlay-color":"","overlay-opacity":"","overlay-gradient":""},"mobile":{"background-color":"","background-image":"","background-repeat":"repeat","background-position":"center center","background-size":"auto","background-attachment":"scroll","background-type":"","background-media":"","overlay-type":"","overlay-color":"","overlay-opacity":"","overlay-gradient":""}},"ast-content-background-meta":{"desktop":{"background-color":"var(--ast-global-color-4)","background-image":"","background-repeat":"repeat","background-position":"center center","background-size":"auto","background-attachment":"scroll","background-type":"","background-media":"","overlay-type":"","overlay-color":"","overlay-opacity":"","overlay-gradient":""},"tablet":{"background-color":"var(--ast-global-color-4)","background-image":"","background-repeat":"repeat","background-position":"center center","background-size":"auto","background-attachment":"scroll","background-type":"","background-media":"","overlay-type":"","overlay-color":"","overlay-opacity":"","overlay-gradient":""},"mobile":{"background-color":"var(--ast-global-color-4)","background-image":"","background-repeat":"repeat","background-position":"center center","background-size":"auto","background-attachment":"scroll","background-type":"","background-media":"","overlay-type":"","overlay-color":"","overlay-opacity":"","overlay-gradient":""}},"footnotes":""},"categories":[208],"tags":[55,145,69,61],"class_list":["post-14419","post","type-post","status-publish","format-standard","has-post-thumbnail","hentry","category-noticias","tag-caral","tag-ceramica","tag-taller","tag-vichama"],"acf":[],"yoast_head":"<!-- This site is optimized with the Yoast SEO plugin v27.3 - https:\/\/yoast.com\/product\/yoast-seo-wordpress\/ -->\n<title>La Zona Arqueol\u00f3gica Caral invita a participar en los talleres de cer\u00e1mica para ni\u00f1os<\/title>\n<meta name=\"description\" content=\"La Zona Arqueol\u00f3gica Caral (ZAC), unidad ejecutora 003 del Ministerio de Cultura organiza junto al Comit\u00e9 de Deporte y Cultura del centro poblado San Nicol\u00e1s del distrito de Supe, en la provincia de Barranca, un taller de cer\u00e1mica para ni\u00f1os de 6 a 12 a\u00f1os, con el lema \u201cRevalorando lo nuestro\u201d.\" \/>\n<meta name=\"robots\" content=\"index, follow, max-snippet:-1, max-image-preview:large, max-video-preview:-1\" \/>\n<link rel=\"canonical\" href=\"https:\/\/zonacaral.gob.pe\/en\/noticias\/la-zona-arqueologica-caral-invita-a-participar-en-los-talleres-de-ceramica-para-ninos\/\" \/>\n<meta property=\"og:locale\" content=\"en_US\" \/>\n<meta property=\"og:type\" content=\"article\" \/>\n<meta property=\"og:title\" content=\"La Zona Arqueol\u00f3gica Caral invita a participar en los talleres de cer\u00e1mica para ni\u00f1os\" \/>\n<meta property=\"og:description\" content=\"La Zona Arqueol\u00f3gica Caral (ZAC), unidad ejecutora 003 del Ministerio de Cultura organiza junto al Comit\u00e9 de Deporte y Cultura del centro poblado San Nicol\u00e1s del distrito de Supe, en la provincia de Barranca, un taller de cer\u00e1mica para ni\u00f1os de 6 a 12 a\u00f1os, con el lema \u201cRevalorando lo nuestro\u201d.\" \/>\n<meta property=\"og:url\" content=\"https:\/\/zonacaral.gob.pe\/en\/noticias\/la-zona-arqueologica-caral-invita-a-participar-en-los-talleres-de-ceramica-para-ninos\/\" \/>\n<meta property=\"og:site_name\" content=\"Zona Caral\" \/>\n<meta property=\"article:published_time\" content=\"2019-06-07T22:31:40+00:00\" \/>\n<meta property=\"og:image\" content=\"https:\/\/zonacaral.gob.pe\/wp-content\/uploads\/2019\/06\/taller-ceramica.jpg\" \/>\n\t<meta property=\"og:image:width\" content=\"810\" \/>\n\t<meta property=\"og:image:height\" content=\"410\" \/>\n\t<meta property=\"og:image:type\" content=\"image\/jpeg\" \/>\n<meta name=\"author\" content=\"Zona Caral Administrador\" \/>\n<meta name=\"twitter:card\" content=\"summary_large_image\" \/>\n<meta name=\"twitter:label1\" content=\"Written by\" \/>\n\t<meta name=\"twitter:data1\" content=\"Zona Caral Administrador\" \/>\n\t<meta name=\"twitter:label2\" content=\"Est. reading time\" \/>\n\t<meta name=\"twitter:data2\" content=\"2 minutes\" \/>\n<script type=\"application\/ld+json\" class=\"yoast-schema-graph\">{\"@context\":\"https:\\\/\\\/schema.org\",\"@graph\":[{\"@type\":\"Article\",\"@id\":\"https:\\\/\\\/zonacaral.gob.pe\\\/es\\\/noticias\\\/la-zona-arqueologica-caral-invita-a-participar-en-los-talleres-de-ceramica-para-ninos\\\/#article\",\"isPartOf\":{\"@id\":\"https:\\\/\\\/zonacaral.gob.pe\\\/es\\\/noticias\\\/la-zona-arqueologica-caral-invita-a-participar-en-los-talleres-de-ceramica-para-ninos\\\/\"},\"author\":{\"name\":\"Zona Caral Administrador\",\"@id\":\"https:\\\/\\\/zonacaral.gob.pe\\\/es\\\/#\\\/schema\\\/person\\\/beddb4d22f71a7230c5b90913270a0ee\"},\"headline\":\"La Zona Arqueol\u00f3gica Caral invita a participar en los talleres de cer\u00e1mica para ni\u00f1os\",\"datePublished\":\"2019-06-07T22:31:40+00:00\",\"mainEntityOfPage\":{\"@id\":\"https:\\\/\\\/zonacaral.gob.pe\\\/es\\\/noticias\\\/la-zona-arqueologica-caral-invita-a-participar-en-los-talleres-de-ceramica-para-ninos\\\/\"},\"wordCount\":336,\"image\":{\"@id\":\"https:\\\/\\\/zonacaral.gob.pe\\\/es\\\/noticias\\\/la-zona-arqueologica-caral-invita-a-participar-en-los-talleres-de-ceramica-para-ninos\\\/#primaryimage\"},\"thumbnailUrl\":\"https:\\\/\\\/zonacaral.gob.pe\\\/wp-content\\\/uploads\\\/2019\\\/06\\\/taller-ceramica.jpg\",\"keywords\":[\"caral\",\"ceramica\",\"taller\",\"vichama\"],\"articleSection\":[\"noticias\"],\"inLanguage\":\"en-US\"},{\"@type\":\"WebPage\",\"@id\":\"https:\\\/\\\/zonacaral.gob.pe\\\/es\\\/noticias\\\/la-zona-arqueologica-caral-invita-a-participar-en-los-talleres-de-ceramica-para-ninos\\\/\",\"url\":\"https:\\\/\\\/zonacaral.gob.pe\\\/es\\\/noticias\\\/la-zona-arqueologica-caral-invita-a-participar-en-los-talleres-de-ceramica-para-ninos\\\/\",\"name\":\"La Zona Arqueol\u00f3gica Caral invita a participar en los talleres de cer\u00e1mica para ni\u00f1os\",\"isPartOf\":{\"@id\":\"https:\\\/\\\/zonacaral.gob.pe\\\/es\\\/#website\"},\"primaryImageOfPage\":{\"@id\":\"https:\\\/\\\/zonacaral.gob.pe\\\/es\\\/noticias\\\/la-zona-arqueologica-caral-invita-a-participar-en-los-talleres-de-ceramica-para-ninos\\\/#primaryimage\"},\"image\":{\"@id\":\"https:\\\/\\\/zonacaral.gob.pe\\\/es\\\/noticias\\\/la-zona-arqueologica-caral-invita-a-participar-en-los-talleres-de-ceramica-para-ninos\\\/#primaryimage\"},\"thumbnailUrl\":\"https:\\\/\\\/zonacaral.gob.pe\\\/wp-content\\\/uploads\\\/2019\\\/06\\\/taller-ceramica.jpg\",\"datePublished\":\"2019-06-07T22:31:40+00:00\",\"author\":{\"@id\":\"https:\\\/\\\/zonacaral.gob.pe\\\/es\\\/#\\\/schema\\\/person\\\/beddb4d22f71a7230c5b90913270a0ee\"},\"description\":\"La Zona Arqueol\u00f3gica Caral (ZAC), unidad ejecutora 003 del Ministerio de Cultura organiza junto al Comit\u00e9 de Deporte y Cultura del centro poblado San Nicol\u00e1s del distrito de Supe, en la provincia de Barranca, un taller de cer\u00e1mica para ni\u00f1os de 6 a 12 a\u00f1os, con el lema \u201cRevalorando lo nuestro\u201d.\",\"breadcrumb\":{\"@id\":\"https:\\\/\\\/zonacaral.gob.pe\\\/es\\\/noticias\\\/la-zona-arqueologica-caral-invita-a-participar-en-los-talleres-de-ceramica-para-ninos\\\/#breadcrumb\"},\"inLanguage\":\"en-US\",\"potentialAction\":[{\"@type\":\"ReadAction\",\"target\":[\"https:\\\/\\\/zonacaral.gob.pe\\\/es\\\/noticias\\\/la-zona-arqueologica-caral-invita-a-participar-en-los-talleres-de-ceramica-para-ninos\\\/\"]}]},{\"@type\":\"ImageObject\",\"inLanguage\":\"en-US\",\"@id\":\"https:\\\/\\\/zonacaral.gob.pe\\\/es\\\/noticias\\\/la-zona-arqueologica-caral-invita-a-participar-en-los-talleres-de-ceramica-para-ninos\\\/#primaryimage\",\"url\":\"https:\\\/\\\/zonacaral.gob.pe\\\/wp-content\\\/uploads\\\/2019\\\/06\\\/taller-ceramica.jpg\",\"contentUrl\":\"https:\\\/\\\/zonacaral.gob.pe\\\/wp-content\\\/uploads\\\/2019\\\/06\\\/taller-ceramica.jpg\",\"width\":810,\"height\":410},{\"@type\":\"BreadcrumbList\",\"@id\":\"https:\\\/\\\/zonacaral.gob.pe\\\/es\\\/noticias\\\/la-zona-arqueologica-caral-invita-a-participar-en-los-talleres-de-ceramica-para-ninos\\\/#breadcrumb\",\"itemListElement\":[{\"@type\":\"ListItem\",\"position\":1,\"name\":\"Portada\",\"item\":\"https:\\\/\\\/zonacaral.gob.pe\\\/\"},{\"@type\":\"ListItem\",\"position\":2,\"name\":\"La Zona Arqueol\u00f3gica Caral invita a participar en los talleres de cer\u00e1mica para ni\u00f1os\"}]},{\"@type\":\"WebSite\",\"@id\":\"https:\\\/\\\/zonacaral.gob.pe\\\/es\\\/#website\",\"url\":\"https:\\\/\\\/zonacaral.gob.pe\\\/es\\\/\",\"name\":\"Zona Caral\",\"description\":\"Investigamos, conservamos y difundimos el patrimonio cultural de la Civilizaci\u00f3n Caral, la m\u00e1s antigua de Am\u00e9rica.\",\"potentialAction\":[{\"@type\":\"SearchAction\",\"target\":{\"@type\":\"EntryPoint\",\"urlTemplate\":\"https:\\\/\\\/zonacaral.gob.pe\\\/es\\\/?s={search_term_string}\"},\"query-input\":{\"@type\":\"PropertyValueSpecification\",\"valueRequired\":true,\"valueName\":\"search_term_string\"}}],\"inLanguage\":\"en-US\"},{\"@type\":\"Person\",\"@id\":\"https:\\\/\\\/zonacaral.gob.pe\\\/es\\\/#\\\/schema\\\/person\\\/beddb4d22f71a7230c5b90913270a0ee\",\"name\":\"Zona Caral Administrador\",\"image\":{\"@type\":\"ImageObject\",\"inLanguage\":\"en-US\",\"@id\":\"https:\\\/\\\/secure.gravatar.com\\\/avatar\\\/e4be162918a696358376de6446614e0f0f4062bdc5d170d6d540ada3d8b58c12?s=96&d=mm&r=g\",\"url\":\"https:\\\/\\\/secure.gravatar.com\\\/avatar\\\/e4be162918a696358376de6446614e0f0f4062bdc5d170d6d540ada3d8b58c12?s=96&d=mm&r=g\",\"contentUrl\":\"https:\\\/\\\/secure.gravatar.com\\\/avatar\\\/e4be162918a696358376de6446614e0f0f4062bdc5d170d6d540ada3d8b58c12?s=96&d=mm&r=g\",\"caption\":\"Zona Caral Administrador\"},\"sameAs\":[\"https:\\\/\\\/zonacaral.gob.pe\"],\"url\":\"https:\\\/\\\/zonacaral.gob.pe\\\/en\\\/noticias\\\/author\\\/ad_zonacaral\\\/\"}]}<\/script>\n<!-- \/ Yoast SEO plugin. -->","yoast_head_json":{"title":"La Zona Arqueol\u00f3gica Caral invita a participar en los talleres de cer\u00e1mica para ni\u00f1os","description":"La Zona Arqueol\u00f3gica Caral (ZAC), unidad ejecutora 003 del Ministerio de Cultura organiza junto al Comit\u00e9 de Deporte y Cultura del centro poblado San Nicol\u00e1s del distrito de Supe, en la provincia de Barranca, un taller de cer\u00e1mica para ni\u00f1os de 6 a 12 a\u00f1os, con el lema \u201cRevalorando lo nuestro\u201d.","robots":{"index":"index","follow":"follow","max-snippet":"max-snippet:-1","max-image-preview":"max-image-preview:large","max-video-preview":"max-video-preview:-1"},"canonical":"https:\/\/zonacaral.gob.pe\/en\/noticias\/la-zona-arqueologica-caral-invita-a-participar-en-los-talleres-de-ceramica-para-ninos\/","og_locale":"en_US","og_type":"article","og_title":"La Zona Arqueol\u00f3gica Caral invita a participar en los talleres de cer\u00e1mica para ni\u00f1os","og_description":"La Zona Arqueol\u00f3gica Caral (ZAC), unidad ejecutora 003 del Ministerio de Cultura organiza junto al Comit\u00e9 de Deporte y Cultura del centro poblado San Nicol\u00e1s del distrito de Supe, en la provincia de Barranca, un taller de cer\u00e1mica para ni\u00f1os de 6 a 12 a\u00f1os, con el lema \u201cRevalorando lo nuestro\u201d.","og_url":"https:\/\/zonacaral.gob.pe\/en\/noticias\/la-zona-arqueologica-caral-invita-a-participar-en-los-talleres-de-ceramica-para-ninos\/","og_site_name":"Zona Caral","article_published_time":"2019-06-07T22:31:40+00:00","og_image":[{"width":810,"height":410,"url":"https:\/\/zonacaral.gob.pe\/wp-content\/uploads\/2019\/06\/taller-ceramica.jpg","type":"image\/jpeg"}],"author":"Zona Caral Administrador","twitter_card":"summary_large_image","twitter_misc":{"Written by":"Zona Caral Administrador","Est. reading time":"2 minutes"},"schema":{"@context":"https:\/\/schema.org","@graph":[{"@type":"Article","@id":"https:\/\/zonacaral.gob.pe\/es\/noticias\/la-zona-arqueologica-caral-invita-a-participar-en-los-talleres-de-ceramica-para-ninos\/#article","isPartOf":{"@id":"https:\/\/zonacaral.gob.pe\/es\/noticias\/la-zona-arqueologica-caral-invita-a-participar-en-los-talleres-de-ceramica-para-ninos\/"},"author":{"name":"Zona Caral Administrador","@id":"https:\/\/zonacaral.gob.pe\/es\/#\/schema\/person\/beddb4d22f71a7230c5b90913270a0ee"},"headline":"La Zona Arqueol\u00f3gica Caral invita a participar en los talleres de cer\u00e1mica para ni\u00f1os","datePublished":"2019-06-07T22:31:40+00:00","mainEntityOfPage":{"@id":"https:\/\/zonacaral.gob.pe\/es\/noticias\/la-zona-arqueologica-caral-invita-a-participar-en-los-talleres-de-ceramica-para-ninos\/"},"wordCount":336,"image":{"@id":"https:\/\/zonacaral.gob.pe\/es\/noticias\/la-zona-arqueologica-caral-invita-a-participar-en-los-talleres-de-ceramica-para-ninos\/#primaryimage"},"thumbnailUrl":"https:\/\/zonacaral.gob.pe\/wp-content\/uploads\/2019\/06\/taller-ceramica.jpg","keywords":["caral","ceramica","taller","vichama"],"articleSection":["noticias"],"inLanguage":"en-US"},{"@type":"WebPage","@id":"https:\/\/zonacaral.gob.pe\/es\/noticias\/la-zona-arqueologica-caral-invita-a-participar-en-los-talleres-de-ceramica-para-ninos\/","url":"https:\/\/zonacaral.gob.pe\/es\/noticias\/la-zona-arqueologica-caral-invita-a-participar-en-los-talleres-de-ceramica-para-ninos\/","name":"La Zona Arqueol\u00f3gica Caral invita a participar en los talleres de cer\u00e1mica para ni\u00f1os","isPartOf":{"@id":"https:\/\/zonacaral.gob.pe\/es\/#website"},"primaryImageOfPage":{"@id":"https:\/\/zonacaral.gob.pe\/es\/noticias\/la-zona-arqueologica-caral-invita-a-participar-en-los-talleres-de-ceramica-para-ninos\/#primaryimage"},"image":{"@id":"https:\/\/zonacaral.gob.pe\/es\/noticias\/la-zona-arqueologica-caral-invita-a-participar-en-los-talleres-de-ceramica-para-ninos\/#primaryimage"},"thumbnailUrl":"https:\/\/zonacaral.gob.pe\/wp-content\/uploads\/2019\/06\/taller-ceramica.jpg","datePublished":"2019-06-07T22:31:40+00:00","author":{"@id":"https:\/\/zonacaral.gob.pe\/es\/#\/schema\/person\/beddb4d22f71a7230c5b90913270a0ee"},"description":"La Zona Arqueol\u00f3gica Caral (ZAC), unidad ejecutora 003 del Ministerio de Cultura organiza junto al Comit\u00e9 de Deporte y Cultura del centro poblado San Nicol\u00e1s del distrito de Supe, en la provincia de Barranca, un taller de cer\u00e1mica para ni\u00f1os de 6 a 12 a\u00f1os, con el lema \u201cRevalorando lo nuestro\u201d.","breadcrumb":{"@id":"https:\/\/zonacaral.gob.pe\/es\/noticias\/la-zona-arqueologica-caral-invita-a-participar-en-los-talleres-de-ceramica-para-ninos\/#breadcrumb"},"inLanguage":"en-US","potentialAction":[{"@type":"ReadAction","target":["https:\/\/zonacaral.gob.pe\/es\/noticias\/la-zona-arqueologica-caral-invita-a-participar-en-los-talleres-de-ceramica-para-ninos\/"]}]},{"@type":"ImageObject","inLanguage":"en-US","@id":"https:\/\/zonacaral.gob.pe\/es\/noticias\/la-zona-arqueologica-caral-invita-a-participar-en-los-talleres-de-ceramica-para-ninos\/#primaryimage","url":"https:\/\/zonacaral.gob.pe\/wp-content\/uploads\/2019\/06\/taller-ceramica.jpg","contentUrl":"https:\/\/zonacaral.gob.pe\/wp-content\/uploads\/2019\/06\/taller-ceramica.jpg","width":810,"height":410},{"@type":"BreadcrumbList","@id":"https:\/\/zonacaral.gob.pe\/es\/noticias\/la-zona-arqueologica-caral-invita-a-participar-en-los-talleres-de-ceramica-para-ninos\/#breadcrumb","itemListElement":[{"@type":"ListItem","position":1,"name":"Portada","item":"https:\/\/zonacaral.gob.pe\/"},{"@type":"ListItem","position":2,"name":"La Zona Arqueol\u00f3gica Caral invita a participar en los talleres de cer\u00e1mica para ni\u00f1os"}]},{"@type":"WebSite","@id":"https:\/\/zonacaral.gob.pe\/es\/#website","url":"https:\/\/zonacaral.gob.pe\/es\/","name":"Zona Caral","description":"Investigamos, conservamos y difundimos el patrimonio cultural de la Civilizaci\u00f3n Caral, la m\u00e1s antigua de Am\u00e9rica.","potentialAction":[{"@type":"SearchAction","target":{"@type":"EntryPoint","urlTemplate":"https:\/\/zonacaral.gob.pe\/es\/?s={search_term_string}"},"query-input":{"@type":"PropertyValueSpecification","valueRequired":true,"valueName":"search_term_string"}}],"inLanguage":"en-US"},{"@type":"Person","@id":"https:\/\/zonacaral.gob.pe\/es\/#\/schema\/person\/beddb4d22f71a7230c5b90913270a0ee","name":"Zona Caral Administrador","image":{"@type":"ImageObject","inLanguage":"en-US","@id":"https:\/\/secure.gravatar.com\/avatar\/e4be162918a696358376de6446614e0f0f4062bdc5d170d6d540ada3d8b58c12?s=96&d=mm&r=g","url":"https:\/\/secure.gravatar.com\/avatar\/e4be162918a696358376de6446614e0f0f4062bdc5d170d6d540ada3d8b58c12?s=96&d=mm&r=g","contentUrl":"https:\/\/secure.gravatar.com\/avatar\/e4be162918a696358376de6446614e0f0f4062bdc5d170d6d540ada3d8b58c12?s=96&d=mm&r=g","caption":"Zona Caral Administrador"},"sameAs":["https:\/\/zonacaral.gob.pe"],"url":"https:\/\/zonacaral.gob.pe\/en\/noticias\/author\/ad_zonacaral\/"}]}},"_links":{"self":[{"href":"https:\/\/zonacaral.gob.pe\/en\/wp-json\/wp\/v2\/posts\/14419","targetHints":{"allow":["GET"]}}],"collection":[{"href":"https:\/\/zonacaral.gob.pe\/en\/wp-json\/wp\/v2\/posts"}],"about":[{"href":"https:\/\/zonacaral.gob.pe\/en\/wp-json\/wp\/v2\/types\/post"}],"author":[{"embeddable":true,"href":"https:\/\/zonacaral.gob.pe\/en\/wp-json\/wp\/v2\/users\/1"}],"replies":[{"embeddable":true,"href":"https:\/\/zonacaral.gob.pe\/en\/wp-json\/wp\/v2\/comments?post=14419"}],"version-history":[{"count":0,"href":"https:\/\/zonacaral.gob.pe\/en\/wp-json\/wp\/v2\/posts\/14419\/revisions"}],"wp:featuredmedia":[{"embeddable":true,"href":"https:\/\/zonacaral.gob.pe\/en\/wp-json\/wp\/v2\/media\/14420"}],"wp:attachment":[{"href":"https:\/\/zonacaral.gob.pe\/en\/wp-json\/wp\/v2\/media?parent=14419"}],"wp:term":[{"taxonomy":"category","embeddable":true,"href":"https:\/\/zonacaral.gob.pe\/en\/wp-json\/wp\/v2\/categories?post=14419"},{"taxonomy":"post_tag","embeddable":true,"href":"https:\/\/zonacaral.gob.pe\/en\/wp-json\/wp\/v2\/tags?post=14419"}],"curies":[{"name":"wp","href":"https:\/\/api.w.org\/{rel}","templated":true}]}}