{"id":14424,"date":"2019-06-11T10:57:06","date_gmt":"2019-06-11T15:57:06","guid":{"rendered":"http:\/\/www.zonacaral.gob.pe\/?p=14424"},"modified":"2019-06-11T10:57:06","modified_gmt":"2019-06-11T15:57:06","slug":"escolares-de-ilo-asisten-a-exposicion-museografica-los-valores-de-la-civilizacion-caral-armonia-en-las-relaciones-interculturales-y-con-la-naturaleza","status":"publish","type":"post","link":"https:\/\/zonacaral.gob.pe\/en\/noticias\/escolares-de-ilo-asisten-a-exposicion-museografica-los-valores-de-la-civilizacion-caral-armonia-en-las-relaciones-interculturales-y-con-la-naturaleza\/","title":{"rendered":"Escolares de Ilo asisten a exposici\u00f3n museografica \u201cLos  Valores de la Civilizaci\u00f3n Caral, armon\u00eda en las relaciones interculturales y con la naturaleza \u201c."},"content":{"rendered":"<figure class=\"pic-autor\" style=\"color: #4d4d4d; text-align: justify;\"><\/figure>\n<blockquote>\n<p style=\"text-align: justify;\">M\u00e1s de dos mil escolares asistieron desde su inauguraci\u00f3n, en la Casa de la Cultura de la Municipalidad Provincial de Ilo, a la exposici\u00f3n museogr\u00e1fica \u201cLos Valores de la Civilizaci\u00f3n Caral, armon\u00eda en las relaciones interculturales y con la naturaleza, que se viene presentando con \u00e9xito.<\/p>\n<\/blockquote>\n<p style=\"text-align: justify;\">En coordinaci\u00f3n con la UGEL-ILO y la Subdirecci\u00f3n de Proyecci\u00f3n del Patrimonio Cultural de la Zona Arqueol\u00f3gica Caral (ZAC), unidad ejecutora 003 del Ministerio de Cultura se espera la visita de diversos colegios de la provincia y alrededores con el objetivo de incentivar el fortalecimiento de la identidad cultural de los alumnos.<\/p>\n<p style=\"text-align: justify;\">La exposici\u00f3n museogr\u00e1fica en Ilo se realiza al conmemorase los 25 a\u00f1os del inicio de las investigaciones de la Ciudad Sagrada de Caral, y el d\u00e9cimo aniversario de la inscripci\u00f3n de la Ciudad Sagrada de Caral en la Lista de Patrimonio Mundial de la UNESCO. Esta muestra incluye casi 250 objetos museables, entre ellos esculturas de barro no cocido, que representan a personajes de alta jerarqu\u00eda. Asimismo, infograf\u00edas, esculturas hiperrealistas, elementos l\u00fadicos e interactivos tecnol\u00f3gicos.<\/p>\n<p style=\"text-align: justify;\">La muestra, apta para el p\u00fablico en general, estar\u00e1 abierta hasta el jueves 18 de julio, en la Casa de la Cultura de Ilo, ubicada en calle Grau N\u00b0125. El horario de visita es de lunes a s\u00e1bado de 9:00 a.m a 5:00 p.m. El ingreso es gratuito, para p\u00fablico en general.<\/p>\n<p style=\"text-align: justify;\"><strong>DATO<\/strong><\/p>\n<p style=\"text-align: justify;\">Conoce la Civilizaci\u00f3n Caral a trav\u00e9s del programa de Viajes Educativos que ofrece la Zona Arqueol\u00f3gica Caral. Inf\u00f3rmate en los tel\u00e9fonos: 205-2517\/ 955881340, en la web: zonacaral.gob.pe\/ o en la direcci\u00f3n: <a href=\"mailto:viajeseducativos@zonacaral.gob.pe\">viajeseducativos@zonacaral.gob.pe<\/a><\/p>\n<p style=\"text-align: justify;\"><a href=\"https:\/\/tienda.zonacaral.gob.pe\/\"><span style=\"color: #993300;\"><strong>Fuente<\/strong><strong>: Prensa ZAC<\/strong><\/span><\/a><\/p>\n<div style=\"color: #1f1f1f;\">\n<p style=\"text-align: justify;\">Fecha de publicaci\u00f3n: 11\/06\/2019<\/p>\n<\/div>","protected":false},"excerpt":{"rendered":"<p>M\u00e1s de dos mil escolares asistieron desde su inauguraci\u00f3n, en la Casa de la Cultura de la Municipalidad Provincial de [&hellip;]<\/p>\n","protected":false},"author":1,"featured_media":14425,"comment_status":"closed","ping_status":"open","sticky":false,"template":"","format":"standard","meta":{"_acf_changed":false,"site-sidebar-layout":"default","site-content-layout":"","ast-site-content-layout":"default","site-content-style":"default","site-sidebar-style":"default","ast-global-header-display":"","ast-banner-title-visibility":"","ast-main-header-display":"","ast-hfb-above-header-display":"","ast-hfb-below-header-display":"","ast-hfb-mobile-header-display":"","site-post-title":"","ast-breadcrumbs-content":"","ast-featured-img":"","footer-sml-layout":"","ast-disable-related-posts":"","theme-transparent-header-meta":"","adv-header-id-meta":"","stick-header-meta":"","header-above-stick-meta":"","header-main-stick-meta":"","header-below-stick-meta":"","astra-migrate-meta-layouts":"default","ast-page-background-enabled":"default","ast-page-background-meta":{"desktop":{"background-color":"var(--ast-global-color-5)","background-image":"","background-repeat":"repeat","background-position":"center center","background-size":"auto","background-attachment":"scroll","background-type":"","background-media":"","overlay-type":"","overlay-color":"","overlay-opacity":"","overlay-gradient":""},"tablet":{"background-color":"","background-image":"","background-repeat":"repeat","background-position":"center center","background-size":"auto","background-attachment":"scroll","background-type":"","background-media":"","overlay-type":"","overlay-color":"","overlay-opacity":"","overlay-gradient":""},"mobile":{"background-color":"","background-image":"","background-repeat":"repeat","background-position":"center center","background-size":"auto","background-attachment":"scroll","background-type":"","background-media":"","overlay-type":"","overlay-color":"","overlay-opacity":"","overlay-gradient":""}},"ast-content-background-meta":{"desktop":{"background-color":"var(--ast-global-color-4)","background-image":"","background-repeat":"repeat","background-position":"center center","background-size":"auto","background-attachment":"scroll","background-type":"","background-media":"","overlay-type":"","overlay-color":"","overlay-opacity":"","overlay-gradient":""},"tablet":{"background-color":"var(--ast-global-color-4)","background-image":"","background-repeat":"repeat","background-position":"center center","background-size":"auto","background-attachment":"scroll","background-type":"","background-media":"","overlay-type":"","overlay-color":"","overlay-opacity":"","overlay-gradient":""},"mobile":{"background-color":"var(--ast-global-color-4)","background-image":"","background-repeat":"repeat","background-position":"center center","background-size":"auto","background-attachment":"scroll","background-type":"","background-media":"","overlay-type":"","overlay-color":"","overlay-opacity":"","overlay-gradient":""}},"footnotes":""},"categories":[208],"tags":[55,123,187],"class_list":["post-14424","post","type-post","status-publish","format-standard","has-post-thumbnail","hentry","category-noticias","tag-caral","tag-exposicion","tag-ilo"],"acf":[],"yoast_head":"<!-- This site is optimized with the Yoast SEO plugin v27.3 - https:\/\/yoast.com\/product\/yoast-seo-wordpress\/ -->\n<title>Escolares de Ilo asisten a exposici\u00f3n museografica \u201cLos Valores de la Civilizaci\u00f3n Caral, armon\u00eda en las relaciones interculturales y con la naturaleza \u201c.<\/title>\n<meta name=\"description\" content=\"M\u00e1s de dos mil escolares asistieron desde su inauguraci\u00f3n, en la Casa de la Cultura de la Municipalidad Provincial de Ilo, a la exposici\u00f3n museogr\u00e1fica \u201cLos Valores de la Civilizaci\u00f3n Caral, armon\u00eda en las relaciones interculturales y con la naturaleza, que se viene presentando con \u00e9xito.\" \/>\n<meta name=\"robots\" content=\"index, follow, max-snippet:-1, max-image-preview:large, max-video-preview:-1\" \/>\n<link rel=\"canonical\" href=\"https:\/\/zonacaral.gob.pe\/en\/noticias\/escolares-de-ilo-asisten-a-exposicion-museografica-los-valores-de-la-civilizacion-caral-armonia-en-las-relaciones-interculturales-y-con-la-naturaleza\/\" \/>\n<meta property=\"og:locale\" content=\"en_US\" \/>\n<meta property=\"og:type\" content=\"article\" \/>\n<meta property=\"og:title\" content=\"Escolares de Ilo asisten a exposici\u00f3n museografica \u201cLos Valores de la Civilizaci\u00f3n Caral, armon\u00eda en las relaciones interculturales y con la naturaleza \u201c.\" \/>\n<meta property=\"og:description\" content=\"M\u00e1s de dos mil escolares asistieron desde su inauguraci\u00f3n, en la Casa de la Cultura de la Municipalidad Provincial de Ilo, a la exposici\u00f3n museogr\u00e1fica \u201cLos Valores de la Civilizaci\u00f3n Caral, armon\u00eda en las relaciones interculturales y con la naturaleza, que se viene presentando con \u00e9xito.\" \/>\n<meta property=\"og:url\" content=\"https:\/\/zonacaral.gob.pe\/en\/noticias\/escolares-de-ilo-asisten-a-exposicion-museografica-los-valores-de-la-civilizacion-caral-armonia-en-las-relaciones-interculturales-y-con-la-naturaleza\/\" \/>\n<meta property=\"og:site_name\" content=\"Zona Caral\" \/>\n<meta property=\"article:published_time\" content=\"2019-06-11T15:57:06+00:00\" \/>\n<meta property=\"og:image\" content=\"https:\/\/zonacaral.gob.pe\/wp-content\/uploads\/2019\/06\/caral-ilo-escolares.jpg\" \/>\n\t<meta property=\"og:image:width\" content=\"810\" \/>\n\t<meta property=\"og:image:height\" content=\"410\" \/>\n\t<meta property=\"og:image:type\" content=\"image\/jpeg\" \/>\n<meta name=\"author\" content=\"Zona Caral Administrador\" \/>\n<meta name=\"twitter:card\" content=\"summary_large_image\" \/>\n<meta name=\"twitter:label1\" content=\"Written by\" \/>\n\t<meta name=\"twitter:data1\" content=\"Zona Caral Administrador\" \/>\n\t<meta name=\"twitter:label2\" content=\"Est. reading time\" \/>\n\t<meta name=\"twitter:data2\" content=\"1 minute\" \/>\n<script type=\"application\/ld+json\" class=\"yoast-schema-graph\">{\"@context\":\"https:\\\/\\\/schema.org\",\"@graph\":[{\"@type\":\"Article\",\"@id\":\"https:\\\/\\\/zonacaral.gob.pe\\\/es\\\/noticias\\\/escolares-de-ilo-asisten-a-exposicion-museografica-los-valores-de-la-civilizacion-caral-armonia-en-las-relaciones-interculturales-y-con-la-naturaleza\\\/#article\",\"isPartOf\":{\"@id\":\"https:\\\/\\\/zonacaral.gob.pe\\\/es\\\/noticias\\\/escolares-de-ilo-asisten-a-exposicion-museografica-los-valores-de-la-civilizacion-caral-armonia-en-las-relaciones-interculturales-y-con-la-naturaleza\\\/\"},\"author\":{\"name\":\"Zona Caral Administrador\",\"@id\":\"https:\\\/\\\/zonacaral.gob.pe\\\/es\\\/#\\\/schema\\\/person\\\/beddb4d22f71a7230c5b90913270a0ee\"},\"headline\":\"Escolares de Ilo asisten a exposici\u00f3n museografica \u201cLos Valores de la Civilizaci\u00f3n Caral, armon\u00eda en las relaciones interculturales y con la naturaleza \u201c.\",\"datePublished\":\"2019-06-11T15:57:06+00:00\",\"mainEntityOfPage\":{\"@id\":\"https:\\\/\\\/zonacaral.gob.pe\\\/es\\\/noticias\\\/escolares-de-ilo-asisten-a-exposicion-museografica-los-valores-de-la-civilizacion-caral-armonia-en-las-relaciones-interculturales-y-con-la-naturaleza\\\/\"},\"wordCount\":318,\"image\":{\"@id\":\"https:\\\/\\\/zonacaral.gob.pe\\\/es\\\/noticias\\\/escolares-de-ilo-asisten-a-exposicion-museografica-los-valores-de-la-civilizacion-caral-armonia-en-las-relaciones-interculturales-y-con-la-naturaleza\\\/#primaryimage\"},\"thumbnailUrl\":\"https:\\\/\\\/zonacaral.gob.pe\\\/wp-content\\\/uploads\\\/2019\\\/06\\\/caral-ilo-escolares.jpg\",\"keywords\":[\"caral\",\"exposicion\",\"Ilo\"],\"articleSection\":[\"noticias\"],\"inLanguage\":\"en-US\"},{\"@type\":\"WebPage\",\"@id\":\"https:\\\/\\\/zonacaral.gob.pe\\\/es\\\/noticias\\\/escolares-de-ilo-asisten-a-exposicion-museografica-los-valores-de-la-civilizacion-caral-armonia-en-las-relaciones-interculturales-y-con-la-naturaleza\\\/\",\"url\":\"https:\\\/\\\/zonacaral.gob.pe\\\/es\\\/noticias\\\/escolares-de-ilo-asisten-a-exposicion-museografica-los-valores-de-la-civilizacion-caral-armonia-en-las-relaciones-interculturales-y-con-la-naturaleza\\\/\",\"name\":\"Escolares de Ilo asisten a exposici\u00f3n museografica \u201cLos Valores de la Civilizaci\u00f3n Caral, armon\u00eda en las relaciones interculturales y con la naturaleza \u201c.\",\"isPartOf\":{\"@id\":\"https:\\\/\\\/zonacaral.gob.pe\\\/es\\\/#website\"},\"primaryImageOfPage\":{\"@id\":\"https:\\\/\\\/zonacaral.gob.pe\\\/es\\\/noticias\\\/escolares-de-ilo-asisten-a-exposicion-museografica-los-valores-de-la-civilizacion-caral-armonia-en-las-relaciones-interculturales-y-con-la-naturaleza\\\/#primaryimage\"},\"image\":{\"@id\":\"https:\\\/\\\/zonacaral.gob.pe\\\/es\\\/noticias\\\/escolares-de-ilo-asisten-a-exposicion-museografica-los-valores-de-la-civilizacion-caral-armonia-en-las-relaciones-interculturales-y-con-la-naturaleza\\\/#primaryimage\"},\"thumbnailUrl\":\"https:\\\/\\\/zonacaral.gob.pe\\\/wp-content\\\/uploads\\\/2019\\\/06\\\/caral-ilo-escolares.jpg\",\"datePublished\":\"2019-06-11T15:57:06+00:00\",\"author\":{\"@id\":\"https:\\\/\\\/zonacaral.gob.pe\\\/es\\\/#\\\/schema\\\/person\\\/beddb4d22f71a7230c5b90913270a0ee\"},\"description\":\"M\u00e1s de dos mil escolares asistieron desde su inauguraci\u00f3n, en la Casa de la Cultura de la Municipalidad Provincial de Ilo, a la exposici\u00f3n museogr\u00e1fica \u201cLos Valores de la Civilizaci\u00f3n Caral, armon\u00eda en las relaciones interculturales y con la naturaleza, que se viene presentando con \u00e9xito.\",\"breadcrumb\":{\"@id\":\"https:\\\/\\\/zonacaral.gob.pe\\\/es\\\/noticias\\\/escolares-de-ilo-asisten-a-exposicion-museografica-los-valores-de-la-civilizacion-caral-armonia-en-las-relaciones-interculturales-y-con-la-naturaleza\\\/#breadcrumb\"},\"inLanguage\":\"en-US\",\"potentialAction\":[{\"@type\":\"ReadAction\",\"target\":[\"https:\\\/\\\/zonacaral.gob.pe\\\/es\\\/noticias\\\/escolares-de-ilo-asisten-a-exposicion-museografica-los-valores-de-la-civilizacion-caral-armonia-en-las-relaciones-interculturales-y-con-la-naturaleza\\\/\"]}]},{\"@type\":\"ImageObject\",\"inLanguage\":\"en-US\",\"@id\":\"https:\\\/\\\/zonacaral.gob.pe\\\/es\\\/noticias\\\/escolares-de-ilo-asisten-a-exposicion-museografica-los-valores-de-la-civilizacion-caral-armonia-en-las-relaciones-interculturales-y-con-la-naturaleza\\\/#primaryimage\",\"url\":\"https:\\\/\\\/zonacaral.gob.pe\\\/wp-content\\\/uploads\\\/2019\\\/06\\\/caral-ilo-escolares.jpg\",\"contentUrl\":\"https:\\\/\\\/zonacaral.gob.pe\\\/wp-content\\\/uploads\\\/2019\\\/06\\\/caral-ilo-escolares.jpg\",\"width\":810,\"height\":410},{\"@type\":\"BreadcrumbList\",\"@id\":\"https:\\\/\\\/zonacaral.gob.pe\\\/es\\\/noticias\\\/escolares-de-ilo-asisten-a-exposicion-museografica-los-valores-de-la-civilizacion-caral-armonia-en-las-relaciones-interculturales-y-con-la-naturaleza\\\/#breadcrumb\",\"itemListElement\":[{\"@type\":\"ListItem\",\"position\":1,\"name\":\"Portada\",\"item\":\"https:\\\/\\\/zonacaral.gob.pe\\\/\"},{\"@type\":\"ListItem\",\"position\":2,\"name\":\"Escolares de Ilo asisten a exposici\u00f3n museografica \u201cLos Valores de la Civilizaci\u00f3n Caral, armon\u00eda en las relaciones interculturales y con la naturaleza \u201c.\"}]},{\"@type\":\"WebSite\",\"@id\":\"https:\\\/\\\/zonacaral.gob.pe\\\/es\\\/#website\",\"url\":\"https:\\\/\\\/zonacaral.gob.pe\\\/es\\\/\",\"name\":\"Zona Caral\",\"description\":\"Investigamos, conservamos y difundimos el patrimonio cultural de la Civilizaci\u00f3n Caral, la m\u00e1s antigua de Am\u00e9rica.\",\"potentialAction\":[{\"@type\":\"SearchAction\",\"target\":{\"@type\":\"EntryPoint\",\"urlTemplate\":\"https:\\\/\\\/zonacaral.gob.pe\\\/es\\\/?s={search_term_string}\"},\"query-input\":{\"@type\":\"PropertyValueSpecification\",\"valueRequired\":true,\"valueName\":\"search_term_string\"}}],\"inLanguage\":\"en-US\"},{\"@type\":\"Person\",\"@id\":\"https:\\\/\\\/zonacaral.gob.pe\\\/es\\\/#\\\/schema\\\/person\\\/beddb4d22f71a7230c5b90913270a0ee\",\"name\":\"Zona Caral Administrador\",\"image\":{\"@type\":\"ImageObject\",\"inLanguage\":\"en-US\",\"@id\":\"https:\\\/\\\/secure.gravatar.com\\\/avatar\\\/e4be162918a696358376de6446614e0f0f4062bdc5d170d6d540ada3d8b58c12?s=96&d=mm&r=g\",\"url\":\"https:\\\/\\\/secure.gravatar.com\\\/avatar\\\/e4be162918a696358376de6446614e0f0f4062bdc5d170d6d540ada3d8b58c12?s=96&d=mm&r=g\",\"contentUrl\":\"https:\\\/\\\/secure.gravatar.com\\\/avatar\\\/e4be162918a696358376de6446614e0f0f4062bdc5d170d6d540ada3d8b58c12?s=96&d=mm&r=g\",\"caption\":\"Zona Caral Administrador\"},\"sameAs\":[\"https:\\\/\\\/zonacaral.gob.pe\"],\"url\":\"https:\\\/\\\/zonacaral.gob.pe\\\/en\\\/noticias\\\/author\\\/ad_zonacaral\\\/\"}]}<\/script>\n<!-- \/ Yoast SEO plugin. -->","yoast_head_json":{"title":"Escolares de Ilo asisten a exposici\u00f3n museografica \u201cLos Valores de la Civilizaci\u00f3n Caral, armon\u00eda en las relaciones interculturales y con la naturaleza \u201c.","description":"M\u00e1s de dos mil escolares asistieron desde su inauguraci\u00f3n, en la Casa de la Cultura de la Municipalidad Provincial de Ilo, a la exposici\u00f3n museogr\u00e1fica \u201cLos Valores de la Civilizaci\u00f3n Caral, armon\u00eda en las relaciones interculturales y con la naturaleza, que se viene presentando con \u00e9xito.","robots":{"index":"index","follow":"follow","max-snippet":"max-snippet:-1","max-image-preview":"max-image-preview:large","max-video-preview":"max-video-preview:-1"},"canonical":"https:\/\/zonacaral.gob.pe\/en\/noticias\/escolares-de-ilo-asisten-a-exposicion-museografica-los-valores-de-la-civilizacion-caral-armonia-en-las-relaciones-interculturales-y-con-la-naturaleza\/","og_locale":"en_US","og_type":"article","og_title":"Escolares de Ilo asisten a exposici\u00f3n museografica \u201cLos Valores de la Civilizaci\u00f3n Caral, armon\u00eda en las relaciones interculturales y con la naturaleza \u201c.","og_description":"M\u00e1s de dos mil escolares asistieron desde su inauguraci\u00f3n, en la Casa de la Cultura de la Municipalidad Provincial de Ilo, a la exposici\u00f3n museogr\u00e1fica \u201cLos Valores de la Civilizaci\u00f3n Caral, armon\u00eda en las relaciones interculturales y con la naturaleza, que se viene presentando con \u00e9xito.","og_url":"https:\/\/zonacaral.gob.pe\/en\/noticias\/escolares-de-ilo-asisten-a-exposicion-museografica-los-valores-de-la-civilizacion-caral-armonia-en-las-relaciones-interculturales-y-con-la-naturaleza\/","og_site_name":"Zona Caral","article_published_time":"2019-06-11T15:57:06+00:00","og_image":[{"width":810,"height":410,"url":"https:\/\/zonacaral.gob.pe\/wp-content\/uploads\/2019\/06\/caral-ilo-escolares.jpg","type":"image\/jpeg"}],"author":"Zona Caral Administrador","twitter_card":"summary_large_image","twitter_misc":{"Written by":"Zona Caral Administrador","Est. reading time":"1 minute"},"schema":{"@context":"https:\/\/schema.org","@graph":[{"@type":"Article","@id":"https:\/\/zonacaral.gob.pe\/es\/noticias\/escolares-de-ilo-asisten-a-exposicion-museografica-los-valores-de-la-civilizacion-caral-armonia-en-las-relaciones-interculturales-y-con-la-naturaleza\/#article","isPartOf":{"@id":"https:\/\/zonacaral.gob.pe\/es\/noticias\/escolares-de-ilo-asisten-a-exposicion-museografica-los-valores-de-la-civilizacion-caral-armonia-en-las-relaciones-interculturales-y-con-la-naturaleza\/"},"author":{"name":"Zona Caral Administrador","@id":"https:\/\/zonacaral.gob.pe\/es\/#\/schema\/person\/beddb4d22f71a7230c5b90913270a0ee"},"headline":"Escolares de Ilo asisten a exposici\u00f3n museografica \u201cLos Valores de la Civilizaci\u00f3n Caral, armon\u00eda en las relaciones interculturales y con la naturaleza \u201c.","datePublished":"2019-06-11T15:57:06+00:00","mainEntityOfPage":{"@id":"https:\/\/zonacaral.gob.pe\/es\/noticias\/escolares-de-ilo-asisten-a-exposicion-museografica-los-valores-de-la-civilizacion-caral-armonia-en-las-relaciones-interculturales-y-con-la-naturaleza\/"},"wordCount":318,"image":{"@id":"https:\/\/zonacaral.gob.pe\/es\/noticias\/escolares-de-ilo-asisten-a-exposicion-museografica-los-valores-de-la-civilizacion-caral-armonia-en-las-relaciones-interculturales-y-con-la-naturaleza\/#primaryimage"},"thumbnailUrl":"https:\/\/zonacaral.gob.pe\/wp-content\/uploads\/2019\/06\/caral-ilo-escolares.jpg","keywords":["caral","exposicion","Ilo"],"articleSection":["noticias"],"inLanguage":"en-US"},{"@type":"WebPage","@id":"https:\/\/zonacaral.gob.pe\/es\/noticias\/escolares-de-ilo-asisten-a-exposicion-museografica-los-valores-de-la-civilizacion-caral-armonia-en-las-relaciones-interculturales-y-con-la-naturaleza\/","url":"https:\/\/zonacaral.gob.pe\/es\/noticias\/escolares-de-ilo-asisten-a-exposicion-museografica-los-valores-de-la-civilizacion-caral-armonia-en-las-relaciones-interculturales-y-con-la-naturaleza\/","name":"Escolares de Ilo asisten a exposici\u00f3n museografica \u201cLos Valores de la Civilizaci\u00f3n Caral, armon\u00eda en las relaciones interculturales y con la naturaleza \u201c.","isPartOf":{"@id":"https:\/\/zonacaral.gob.pe\/es\/#website"},"primaryImageOfPage":{"@id":"https:\/\/zonacaral.gob.pe\/es\/noticias\/escolares-de-ilo-asisten-a-exposicion-museografica-los-valores-de-la-civilizacion-caral-armonia-en-las-relaciones-interculturales-y-con-la-naturaleza\/#primaryimage"},"image":{"@id":"https:\/\/zonacaral.gob.pe\/es\/noticias\/escolares-de-ilo-asisten-a-exposicion-museografica-los-valores-de-la-civilizacion-caral-armonia-en-las-relaciones-interculturales-y-con-la-naturaleza\/#primaryimage"},"thumbnailUrl":"https:\/\/zonacaral.gob.pe\/wp-content\/uploads\/2019\/06\/caral-ilo-escolares.jpg","datePublished":"2019-06-11T15:57:06+00:00","author":{"@id":"https:\/\/zonacaral.gob.pe\/es\/#\/schema\/person\/beddb4d22f71a7230c5b90913270a0ee"},"description":"M\u00e1s de dos mil escolares asistieron desde su inauguraci\u00f3n, en la Casa de la Cultura de la Municipalidad Provincial de Ilo, a la exposici\u00f3n museogr\u00e1fica \u201cLos Valores de la Civilizaci\u00f3n Caral, armon\u00eda en las relaciones interculturales y con la naturaleza, que se viene presentando con \u00e9xito.","breadcrumb":{"@id":"https:\/\/zonacaral.gob.pe\/es\/noticias\/escolares-de-ilo-asisten-a-exposicion-museografica-los-valores-de-la-civilizacion-caral-armonia-en-las-relaciones-interculturales-y-con-la-naturaleza\/#breadcrumb"},"inLanguage":"en-US","potentialAction":[{"@type":"ReadAction","target":["https:\/\/zonacaral.gob.pe\/es\/noticias\/escolares-de-ilo-asisten-a-exposicion-museografica-los-valores-de-la-civilizacion-caral-armonia-en-las-relaciones-interculturales-y-con-la-naturaleza\/"]}]},{"@type":"ImageObject","inLanguage":"en-US","@id":"https:\/\/zonacaral.gob.pe\/es\/noticias\/escolares-de-ilo-asisten-a-exposicion-museografica-los-valores-de-la-civilizacion-caral-armonia-en-las-relaciones-interculturales-y-con-la-naturaleza\/#primaryimage","url":"https:\/\/zonacaral.gob.pe\/wp-content\/uploads\/2019\/06\/caral-ilo-escolares.jpg","contentUrl":"https:\/\/zonacaral.gob.pe\/wp-content\/uploads\/2019\/06\/caral-ilo-escolares.jpg","width":810,"height":410},{"@type":"BreadcrumbList","@id":"https:\/\/zonacaral.gob.pe\/es\/noticias\/escolares-de-ilo-asisten-a-exposicion-museografica-los-valores-de-la-civilizacion-caral-armonia-en-las-relaciones-interculturales-y-con-la-naturaleza\/#breadcrumb","itemListElement":[{"@type":"ListItem","position":1,"name":"Portada","item":"https:\/\/zonacaral.gob.pe\/"},{"@type":"ListItem","position":2,"name":"Escolares de Ilo asisten a exposici\u00f3n museografica \u201cLos Valores de la Civilizaci\u00f3n Caral, armon\u00eda en las relaciones interculturales y con la naturaleza \u201c."}]},{"@type":"WebSite","@id":"https:\/\/zonacaral.gob.pe\/es\/#website","url":"https:\/\/zonacaral.gob.pe\/es\/","name":"Zona Caral","description":"Investigamos, conservamos y difundimos el patrimonio cultural de la Civilizaci\u00f3n Caral, la m\u00e1s antigua de Am\u00e9rica.","potentialAction":[{"@type":"SearchAction","target":{"@type":"EntryPoint","urlTemplate":"https:\/\/zonacaral.gob.pe\/es\/?s={search_term_string}"},"query-input":{"@type":"PropertyValueSpecification","valueRequired":true,"valueName":"search_term_string"}}],"inLanguage":"en-US"},{"@type":"Person","@id":"https:\/\/zonacaral.gob.pe\/es\/#\/schema\/person\/beddb4d22f71a7230c5b90913270a0ee","name":"Zona Caral Administrador","image":{"@type":"ImageObject","inLanguage":"en-US","@id":"https:\/\/secure.gravatar.com\/avatar\/e4be162918a696358376de6446614e0f0f4062bdc5d170d6d540ada3d8b58c12?s=96&d=mm&r=g","url":"https:\/\/secure.gravatar.com\/avatar\/e4be162918a696358376de6446614e0f0f4062bdc5d170d6d540ada3d8b58c12?s=96&d=mm&r=g","contentUrl":"https:\/\/secure.gravatar.com\/avatar\/e4be162918a696358376de6446614e0f0f4062bdc5d170d6d540ada3d8b58c12?s=96&d=mm&r=g","caption":"Zona Caral Administrador"},"sameAs":["https:\/\/zonacaral.gob.pe"],"url":"https:\/\/zonacaral.gob.pe\/en\/noticias\/author\/ad_zonacaral\/"}]}},"_links":{"self":[{"href":"https:\/\/zonacaral.gob.pe\/en\/wp-json\/wp\/v2\/posts\/14424","targetHints":{"allow":["GET"]}}],"collection":[{"href":"https:\/\/zonacaral.gob.pe\/en\/wp-json\/wp\/v2\/posts"}],"about":[{"href":"https:\/\/zonacaral.gob.pe\/en\/wp-json\/wp\/v2\/types\/post"}],"author":[{"embeddable":true,"href":"https:\/\/zonacaral.gob.pe\/en\/wp-json\/wp\/v2\/users\/1"}],"replies":[{"embeddable":true,"href":"https:\/\/zonacaral.gob.pe\/en\/wp-json\/wp\/v2\/comments?post=14424"}],"version-history":[{"count":0,"href":"https:\/\/zonacaral.gob.pe\/en\/wp-json\/wp\/v2\/posts\/14424\/revisions"}],"wp:featuredmedia":[{"embeddable":true,"href":"https:\/\/zonacaral.gob.pe\/en\/wp-json\/wp\/v2\/media\/14425"}],"wp:attachment":[{"href":"https:\/\/zonacaral.gob.pe\/en\/wp-json\/wp\/v2\/media?parent=14424"}],"wp:term":[{"taxonomy":"category","embeddable":true,"href":"https:\/\/zonacaral.gob.pe\/en\/wp-json\/wp\/v2\/categories?post=14424"},{"taxonomy":"post_tag","embeddable":true,"href":"https:\/\/zonacaral.gob.pe\/en\/wp-json\/wp\/v2\/tags?post=14424"}],"curies":[{"name":"wp","href":"https:\/\/api.w.org\/{rel}","templated":true}]}}