{"id":14432,"date":"2019-06-13T18:00:30","date_gmt":"2019-06-13T23:00:30","guid":{"rendered":"http:\/\/www.zonacaral.gob.pe\/?p=14432"},"modified":"2019-06-13T18:00:30","modified_gmt":"2019-06-13T23:00:30","slug":"mujeres-empoderadas-se-benefician-con-taller-de-cesteria-en-junco-gracias-al-programa-social-de-la-zona-arqueologica-caral","status":"publish","type":"post","link":"https:\/\/zonacaral.gob.pe\/en\/noticias\/mujeres-empoderadas-se-benefician-con-taller-de-cesteria-en-junco-gracias-al-programa-social-de-la-zona-arqueologica-caral\/","title":{"rendered":"Mujeres empoderadas, se benefician con taller de cester\u00eda en junco gracias al programa social de la Zona Arqueol\u00f3gica Caral"},"content":{"rendered":"<figure class=\"pic-autor\" style=\"color: #4d4d4d; text-align: justify;\"><\/figure>\n<blockquote>\n<p style=\"text-align: justify;\">La Zona Arqueol\u00f3gica Caral, unidad ejecutora 003 del Ministerio de Cultura, mediante la Subdirecci\u00f3n de Relaciones Comunitarias, viene impulsando talleres de cester\u00eda a trav\u00e9s de sus programas sociales, que buscan empoderar a las mujeres supanas, colaborando de manera integral a que se reconozca la igualdad de g\u00e9nero y a promover su desarrollo profesional, benefici\u00e1ndolas con capacitaci\u00f3n gratuita para la realizaci\u00f3n de su peque\u00f1o negocio.<\/p>\n<\/blockquote>\n<p style=\"text-align: justify;\">Es el caso de la se\u00f1ora Meritza Taboada Nieto del distrito de Supe, quien gracias al taller de cester\u00eda que dicta el profesor Mois\u00e9s Paucar, puede salir adelante en la crianza de sus hijos mientras se capacita para convertirse en una futura microempresaria con esp\u00edritu emprendedor.<\/p>\n<p style=\"text-align: justify;\">Hoy son cien mujeres, alumnas del taller, totalmente empoderadas, que realizan trabajos en cester\u00eda en beneficio directo con su comunidad con la intenci\u00f3n de preservar y promover las pr\u00e1cticas ancestrales, heredadas de la Civilizaci\u00f3n Caral. La elaboraci\u00f3n de canastos, bolsos, jarros y otros objetos con junco, fibra natural utilizada como material de confecci\u00f3n, es una tradici\u00f3n que se viene transmitiendo por generaciones.<\/p>\n<p style=\"text-align: justify;\">La misi\u00f3n fundamental de la Zona Arqueologica Caral (ZAC), es promover el desarrollo socioecon\u00f3mico integral y sostenible en las poblaciones del entorno bajo los lineamientos del Plan Maestro, creado en el a\u00f1o 2005, mediante Resoluci\u00f3n Directoral Nacional n.\u00b0 688\/INC, donde establece la mejora de las condiciones socioecon\u00f3micas de las poblaciones de Supe, Barranca y de su \u00e1rea de influencia.<\/p>\n<p style=\"text-align: justify;\">El taller de cester\u00eda con junco se realiza los d\u00edas viernes, de 3:00 p.m. a 5:00 p.m., en el estadio municipal \u201cLos Molinos de San Nicol\u00e1s\u201d, ubicado en Supe, provincia de Barranca &#8211; Lima.<\/p>\n<p style=\"text-align: justify;\"><a href=\"https:\/\/tienda.zonacaral.gob.pe\/\"><span style=\"color: #993300;\"><strong>Fuente<\/strong><strong>: Prensa ZAC<\/strong><\/span><\/a><\/p>\n<div style=\"color: #1f1f1f;\">\n<p style=\"text-align: justify;\">Fecha de publicaci\u00f3n: 12\/06\/2019<\/p>\n<\/div>","protected":false},"excerpt":{"rendered":"<p>La Zona Arqueol\u00f3gica Caral, unidad ejecutora 003 del Ministerio de Cultura, mediante la Subdirecci\u00f3n de Relaciones Comunitarias, viene impulsando talleres [&hellip;]<\/p>\n","protected":false},"author":1,"featured_media":14433,"comment_status":"closed","ping_status":"open","sticky":false,"template":"","format":"standard","meta":{"_acf_changed":false,"site-sidebar-layout":"default","site-content-layout":"","ast-site-content-layout":"default","site-content-style":"default","site-sidebar-style":"default","ast-global-header-display":"","ast-banner-title-visibility":"","ast-main-header-display":"","ast-hfb-above-header-display":"","ast-hfb-below-header-display":"","ast-hfb-mobile-header-display":"","site-post-title":"","ast-breadcrumbs-content":"","ast-featured-img":"","footer-sml-layout":"","ast-disable-related-posts":"","theme-transparent-header-meta":"","adv-header-id-meta":"","stick-header-meta":"","header-above-stick-meta":"","header-main-stick-meta":"","header-below-stick-meta":"","astra-migrate-meta-layouts":"default","ast-page-background-enabled":"default","ast-page-background-meta":{"desktop":{"background-color":"var(--ast-global-color-5)","background-image":"","background-repeat":"repeat","background-position":"center center","background-size":"auto","background-attachment":"scroll","background-type":"","background-media":"","overlay-type":"","overlay-color":"","overlay-opacity":"","overlay-gradient":""},"tablet":{"background-color":"","background-image":"","background-repeat":"repeat","background-position":"center center","background-size":"auto","background-attachment":"scroll","background-type":"","background-media":"","overlay-type":"","overlay-color":"","overlay-opacity":"","overlay-gradient":""},"mobile":{"background-color":"","background-image":"","background-repeat":"repeat","background-position":"center center","background-size":"auto","background-attachment":"scroll","background-type":"","background-media":"","overlay-type":"","overlay-color":"","overlay-opacity":"","overlay-gradient":""}},"ast-content-background-meta":{"desktop":{"background-color":"var(--ast-global-color-4)","background-image":"","background-repeat":"repeat","background-position":"center center","background-size":"auto","background-attachment":"scroll","background-type":"","background-media":"","overlay-type":"","overlay-color":"","overlay-opacity":"","overlay-gradient":""},"tablet":{"background-color":"var(--ast-global-color-4)","background-image":"","background-repeat":"repeat","background-position":"center center","background-size":"auto","background-attachment":"scroll","background-type":"","background-media":"","overlay-type":"","overlay-color":"","overlay-opacity":"","overlay-gradient":""},"mobile":{"background-color":"var(--ast-global-color-4)","background-image":"","background-repeat":"repeat","background-position":"center center","background-size":"auto","background-attachment":"scroll","background-type":"","background-media":"","overlay-type":"","overlay-color":"","overlay-opacity":"","overlay-gradient":""}},"footnotes":""},"categories":[208],"tags":[55,69],"class_list":["post-14432","post","type-post","status-publish","format-standard","has-post-thumbnail","hentry","category-noticias","tag-caral","tag-taller"],"acf":[],"yoast_head":"<!-- This site is optimized with the Yoast SEO plugin v27.3 - https:\/\/yoast.com\/product\/yoast-seo-wordpress\/ -->\n<title>Mujeres empoderadas, se benefician con taller de cester\u00eda en junco gracias al programa social de la Zona Arqueol\u00f3gica Caral<\/title>\n<meta name=\"description\" content=\"La Zona Arqueol\u00f3gica Caral, unidad ejecutora 003 del Ministerio de Cultura, mediante la Subdirecci\u00f3n de Relaciones Comunitarias, viene impulsando talleres de cester\u00eda a trav\u00e9s de sus programas sociales, que buscan empoderar a las mujeres supanas, colaborando de manera integral a que se reconozca la igualdad de g\u00e9nero y a promover su desarrollo profesional, benefici\u00e1ndolas con capacitaci\u00f3n gratuita para la realizaci\u00f3n de su peque\u00f1o negocio.\" \/>\n<meta name=\"robots\" content=\"index, follow, max-snippet:-1, max-image-preview:large, max-video-preview:-1\" \/>\n<link rel=\"canonical\" href=\"https:\/\/zonacaral.gob.pe\/en\/noticias\/mujeres-empoderadas-se-benefician-con-taller-de-cesteria-en-junco-gracias-al-programa-social-de-la-zona-arqueologica-caral\/\" \/>\n<meta property=\"og:locale\" content=\"en_US\" \/>\n<meta property=\"og:type\" content=\"article\" \/>\n<meta property=\"og:title\" content=\"Mujeres empoderadas, se benefician con taller de cester\u00eda en junco gracias al programa social de la Zona Arqueol\u00f3gica Caral\" \/>\n<meta property=\"og:description\" content=\"La Zona Arqueol\u00f3gica Caral, unidad ejecutora 003 del Ministerio de Cultura, mediante la Subdirecci\u00f3n de Relaciones Comunitarias, viene impulsando talleres de cester\u00eda a trav\u00e9s de sus programas sociales, que buscan empoderar a las mujeres supanas, colaborando de manera integral a que se reconozca la igualdad de g\u00e9nero y a promover su desarrollo profesional, benefici\u00e1ndolas con capacitaci\u00f3n gratuita para la realizaci\u00f3n de su peque\u00f1o negocio.\" \/>\n<meta property=\"og:url\" content=\"https:\/\/zonacaral.gob.pe\/en\/noticias\/mujeres-empoderadas-se-benefician-con-taller-de-cesteria-en-junco-gracias-al-programa-social-de-la-zona-arqueologica-caral\/\" \/>\n<meta property=\"og:site_name\" content=\"Zona Caral\" \/>\n<meta property=\"article:published_time\" content=\"2019-06-13T23:00:30+00:00\" \/>\n<meta property=\"og:image\" content=\"https:\/\/zonacaral.gob.pe\/wp-content\/uploads\/2019\/06\/mujeres-empoderadas.jpg\" \/>\n\t<meta property=\"og:image:width\" content=\"810\" \/>\n\t<meta property=\"og:image:height\" content=\"410\" \/>\n\t<meta property=\"og:image:type\" content=\"image\/jpeg\" \/>\n<meta name=\"author\" content=\"Zona Caral Administrador\" \/>\n<meta name=\"twitter:card\" content=\"summary_large_image\" \/>\n<meta name=\"twitter:label1\" content=\"Written by\" \/>\n\t<meta name=\"twitter:data1\" content=\"Zona Caral Administrador\" \/>\n\t<meta name=\"twitter:label2\" content=\"Est. reading time\" \/>\n\t<meta name=\"twitter:data2\" content=\"1 minute\" \/>\n<script type=\"application\/ld+json\" class=\"yoast-schema-graph\">{\"@context\":\"https:\\\/\\\/schema.org\",\"@graph\":[{\"@type\":\"Article\",\"@id\":\"https:\\\/\\\/zonacaral.gob.pe\\\/es\\\/noticias\\\/mujeres-empoderadas-se-benefician-con-taller-de-cesteria-en-junco-gracias-al-programa-social-de-la-zona-arqueologica-caral\\\/#article\",\"isPartOf\":{\"@id\":\"https:\\\/\\\/zonacaral.gob.pe\\\/es\\\/noticias\\\/mujeres-empoderadas-se-benefician-con-taller-de-cesteria-en-junco-gracias-al-programa-social-de-la-zona-arqueologica-caral\\\/\"},\"author\":{\"name\":\"Zona Caral Administrador\",\"@id\":\"https:\\\/\\\/zonacaral.gob.pe\\\/es\\\/#\\\/schema\\\/person\\\/beddb4d22f71a7230c5b90913270a0ee\"},\"headline\":\"Mujeres empoderadas, se benefician con taller de cester\u00eda en junco gracias al programa social de la Zona Arqueol\u00f3gica Caral\",\"datePublished\":\"2019-06-13T23:00:30+00:00\",\"mainEntityOfPage\":{\"@id\":\"https:\\\/\\\/zonacaral.gob.pe\\\/es\\\/noticias\\\/mujeres-empoderadas-se-benefician-con-taller-de-cesteria-en-junco-gracias-al-programa-social-de-la-zona-arqueologica-caral\\\/\"},\"wordCount\":319,\"image\":{\"@id\":\"https:\\\/\\\/zonacaral.gob.pe\\\/es\\\/noticias\\\/mujeres-empoderadas-se-benefician-con-taller-de-cesteria-en-junco-gracias-al-programa-social-de-la-zona-arqueologica-caral\\\/#primaryimage\"},\"thumbnailUrl\":\"https:\\\/\\\/zonacaral.gob.pe\\\/wp-content\\\/uploads\\\/2019\\\/06\\\/mujeres-empoderadas.jpg\",\"keywords\":[\"caral\",\"taller\"],\"articleSection\":[\"noticias\"],\"inLanguage\":\"en-US\"},{\"@type\":\"WebPage\",\"@id\":\"https:\\\/\\\/zonacaral.gob.pe\\\/es\\\/noticias\\\/mujeres-empoderadas-se-benefician-con-taller-de-cesteria-en-junco-gracias-al-programa-social-de-la-zona-arqueologica-caral\\\/\",\"url\":\"https:\\\/\\\/zonacaral.gob.pe\\\/es\\\/noticias\\\/mujeres-empoderadas-se-benefician-con-taller-de-cesteria-en-junco-gracias-al-programa-social-de-la-zona-arqueologica-caral\\\/\",\"name\":\"Mujeres empoderadas, se benefician con taller de cester\u00eda en junco gracias al programa social de la Zona Arqueol\u00f3gica Caral\",\"isPartOf\":{\"@id\":\"https:\\\/\\\/zonacaral.gob.pe\\\/es\\\/#website\"},\"primaryImageOfPage\":{\"@id\":\"https:\\\/\\\/zonacaral.gob.pe\\\/es\\\/noticias\\\/mujeres-empoderadas-se-benefician-con-taller-de-cesteria-en-junco-gracias-al-programa-social-de-la-zona-arqueologica-caral\\\/#primaryimage\"},\"image\":{\"@id\":\"https:\\\/\\\/zonacaral.gob.pe\\\/es\\\/noticias\\\/mujeres-empoderadas-se-benefician-con-taller-de-cesteria-en-junco-gracias-al-programa-social-de-la-zona-arqueologica-caral\\\/#primaryimage\"},\"thumbnailUrl\":\"https:\\\/\\\/zonacaral.gob.pe\\\/wp-content\\\/uploads\\\/2019\\\/06\\\/mujeres-empoderadas.jpg\",\"datePublished\":\"2019-06-13T23:00:30+00:00\",\"author\":{\"@id\":\"https:\\\/\\\/zonacaral.gob.pe\\\/es\\\/#\\\/schema\\\/person\\\/beddb4d22f71a7230c5b90913270a0ee\"},\"description\":\"La Zona Arqueol\u00f3gica Caral, unidad ejecutora 003 del Ministerio de Cultura, mediante la Subdirecci\u00f3n de Relaciones Comunitarias, viene impulsando talleres de cester\u00eda a trav\u00e9s de sus programas sociales, que buscan empoderar a las mujeres supanas, colaborando de manera integral a que se reconozca la igualdad de g\u00e9nero y a promover su desarrollo profesional, benefici\u00e1ndolas con capacitaci\u00f3n gratuita para la realizaci\u00f3n de su peque\u00f1o negocio.\",\"breadcrumb\":{\"@id\":\"https:\\\/\\\/zonacaral.gob.pe\\\/es\\\/noticias\\\/mujeres-empoderadas-se-benefician-con-taller-de-cesteria-en-junco-gracias-al-programa-social-de-la-zona-arqueologica-caral\\\/#breadcrumb\"},\"inLanguage\":\"en-US\",\"potentialAction\":[{\"@type\":\"ReadAction\",\"target\":[\"https:\\\/\\\/zonacaral.gob.pe\\\/es\\\/noticias\\\/mujeres-empoderadas-se-benefician-con-taller-de-cesteria-en-junco-gracias-al-programa-social-de-la-zona-arqueologica-caral\\\/\"]}]},{\"@type\":\"ImageObject\",\"inLanguage\":\"en-US\",\"@id\":\"https:\\\/\\\/zonacaral.gob.pe\\\/es\\\/noticias\\\/mujeres-empoderadas-se-benefician-con-taller-de-cesteria-en-junco-gracias-al-programa-social-de-la-zona-arqueologica-caral\\\/#primaryimage\",\"url\":\"https:\\\/\\\/zonacaral.gob.pe\\\/wp-content\\\/uploads\\\/2019\\\/06\\\/mujeres-empoderadas.jpg\",\"contentUrl\":\"https:\\\/\\\/zonacaral.gob.pe\\\/wp-content\\\/uploads\\\/2019\\\/06\\\/mujeres-empoderadas.jpg\",\"width\":810,\"height\":410},{\"@type\":\"BreadcrumbList\",\"@id\":\"https:\\\/\\\/zonacaral.gob.pe\\\/es\\\/noticias\\\/mujeres-empoderadas-se-benefician-con-taller-de-cesteria-en-junco-gracias-al-programa-social-de-la-zona-arqueologica-caral\\\/#breadcrumb\",\"itemListElement\":[{\"@type\":\"ListItem\",\"position\":1,\"name\":\"Portada\",\"item\":\"https:\\\/\\\/zonacaral.gob.pe\\\/\"},{\"@type\":\"ListItem\",\"position\":2,\"name\":\"Mujeres empoderadas, se benefician con taller de cester\u00eda en junco gracias al programa social de la Zona Arqueol\u00f3gica Caral\"}]},{\"@type\":\"WebSite\",\"@id\":\"https:\\\/\\\/zonacaral.gob.pe\\\/es\\\/#website\",\"url\":\"https:\\\/\\\/zonacaral.gob.pe\\\/es\\\/\",\"name\":\"Zona Caral\",\"description\":\"Investigamos, conservamos y difundimos el patrimonio cultural de la Civilizaci\u00f3n Caral, la m\u00e1s antigua de Am\u00e9rica.\",\"potentialAction\":[{\"@type\":\"SearchAction\",\"target\":{\"@type\":\"EntryPoint\",\"urlTemplate\":\"https:\\\/\\\/zonacaral.gob.pe\\\/es\\\/?s={search_term_string}\"},\"query-input\":{\"@type\":\"PropertyValueSpecification\",\"valueRequired\":true,\"valueName\":\"search_term_string\"}}],\"inLanguage\":\"en-US\"},{\"@type\":\"Person\",\"@id\":\"https:\\\/\\\/zonacaral.gob.pe\\\/es\\\/#\\\/schema\\\/person\\\/beddb4d22f71a7230c5b90913270a0ee\",\"name\":\"Zona Caral Administrador\",\"image\":{\"@type\":\"ImageObject\",\"inLanguage\":\"en-US\",\"@id\":\"https:\\\/\\\/secure.gravatar.com\\\/avatar\\\/e4be162918a696358376de6446614e0f0f4062bdc5d170d6d540ada3d8b58c12?s=96&d=mm&r=g\",\"url\":\"https:\\\/\\\/secure.gravatar.com\\\/avatar\\\/e4be162918a696358376de6446614e0f0f4062bdc5d170d6d540ada3d8b58c12?s=96&d=mm&r=g\",\"contentUrl\":\"https:\\\/\\\/secure.gravatar.com\\\/avatar\\\/e4be162918a696358376de6446614e0f0f4062bdc5d170d6d540ada3d8b58c12?s=96&d=mm&r=g\",\"caption\":\"Zona Caral Administrador\"},\"sameAs\":[\"https:\\\/\\\/zonacaral.gob.pe\"],\"url\":\"https:\\\/\\\/zonacaral.gob.pe\\\/en\\\/noticias\\\/author\\\/ad_zonacaral\\\/\"}]}<\/script>\n<!-- \/ Yoast SEO plugin. -->","yoast_head_json":{"title":"Mujeres empoderadas, se benefician con taller de cester\u00eda en junco gracias al programa social de la Zona Arqueol\u00f3gica Caral","description":"La Zona Arqueol\u00f3gica Caral, unidad ejecutora 003 del Ministerio de Cultura, mediante la Subdirecci\u00f3n de Relaciones Comunitarias, viene impulsando talleres de cester\u00eda a trav\u00e9s de sus programas sociales, que buscan empoderar a las mujeres supanas, colaborando de manera integral a que se reconozca la igualdad de g\u00e9nero y a promover su desarrollo profesional, benefici\u00e1ndolas con capacitaci\u00f3n gratuita para la realizaci\u00f3n de su peque\u00f1o negocio.","robots":{"index":"index","follow":"follow","max-snippet":"max-snippet:-1","max-image-preview":"max-image-preview:large","max-video-preview":"max-video-preview:-1"},"canonical":"https:\/\/zonacaral.gob.pe\/en\/noticias\/mujeres-empoderadas-se-benefician-con-taller-de-cesteria-en-junco-gracias-al-programa-social-de-la-zona-arqueologica-caral\/","og_locale":"en_US","og_type":"article","og_title":"Mujeres empoderadas, se benefician con taller de cester\u00eda en junco gracias al programa social de la Zona Arqueol\u00f3gica Caral","og_description":"La Zona Arqueol\u00f3gica Caral, unidad ejecutora 003 del Ministerio de Cultura, mediante la Subdirecci\u00f3n de Relaciones Comunitarias, viene impulsando talleres de cester\u00eda a trav\u00e9s de sus programas sociales, que buscan empoderar a las mujeres supanas, colaborando de manera integral a que se reconozca la igualdad de g\u00e9nero y a promover su desarrollo profesional, benefici\u00e1ndolas con capacitaci\u00f3n gratuita para la realizaci\u00f3n de su peque\u00f1o negocio.","og_url":"https:\/\/zonacaral.gob.pe\/en\/noticias\/mujeres-empoderadas-se-benefician-con-taller-de-cesteria-en-junco-gracias-al-programa-social-de-la-zona-arqueologica-caral\/","og_site_name":"Zona Caral","article_published_time":"2019-06-13T23:00:30+00:00","og_image":[{"width":810,"height":410,"url":"https:\/\/zonacaral.gob.pe\/wp-content\/uploads\/2019\/06\/mujeres-empoderadas.jpg","type":"image\/jpeg"}],"author":"Zona Caral Administrador","twitter_card":"summary_large_image","twitter_misc":{"Written by":"Zona Caral Administrador","Est. reading time":"1 minute"},"schema":{"@context":"https:\/\/schema.org","@graph":[{"@type":"Article","@id":"https:\/\/zonacaral.gob.pe\/es\/noticias\/mujeres-empoderadas-se-benefician-con-taller-de-cesteria-en-junco-gracias-al-programa-social-de-la-zona-arqueologica-caral\/#article","isPartOf":{"@id":"https:\/\/zonacaral.gob.pe\/es\/noticias\/mujeres-empoderadas-se-benefician-con-taller-de-cesteria-en-junco-gracias-al-programa-social-de-la-zona-arqueologica-caral\/"},"author":{"name":"Zona Caral Administrador","@id":"https:\/\/zonacaral.gob.pe\/es\/#\/schema\/person\/beddb4d22f71a7230c5b90913270a0ee"},"headline":"Mujeres empoderadas, se benefician con taller de cester\u00eda en junco gracias al programa social de la Zona Arqueol\u00f3gica Caral","datePublished":"2019-06-13T23:00:30+00:00","mainEntityOfPage":{"@id":"https:\/\/zonacaral.gob.pe\/es\/noticias\/mujeres-empoderadas-se-benefician-con-taller-de-cesteria-en-junco-gracias-al-programa-social-de-la-zona-arqueologica-caral\/"},"wordCount":319,"image":{"@id":"https:\/\/zonacaral.gob.pe\/es\/noticias\/mujeres-empoderadas-se-benefician-con-taller-de-cesteria-en-junco-gracias-al-programa-social-de-la-zona-arqueologica-caral\/#primaryimage"},"thumbnailUrl":"https:\/\/zonacaral.gob.pe\/wp-content\/uploads\/2019\/06\/mujeres-empoderadas.jpg","keywords":["caral","taller"],"articleSection":["noticias"],"inLanguage":"en-US"},{"@type":"WebPage","@id":"https:\/\/zonacaral.gob.pe\/es\/noticias\/mujeres-empoderadas-se-benefician-con-taller-de-cesteria-en-junco-gracias-al-programa-social-de-la-zona-arqueologica-caral\/","url":"https:\/\/zonacaral.gob.pe\/es\/noticias\/mujeres-empoderadas-se-benefician-con-taller-de-cesteria-en-junco-gracias-al-programa-social-de-la-zona-arqueologica-caral\/","name":"Mujeres empoderadas, se benefician con taller de cester\u00eda en junco gracias al programa social de la Zona Arqueol\u00f3gica Caral","isPartOf":{"@id":"https:\/\/zonacaral.gob.pe\/es\/#website"},"primaryImageOfPage":{"@id":"https:\/\/zonacaral.gob.pe\/es\/noticias\/mujeres-empoderadas-se-benefician-con-taller-de-cesteria-en-junco-gracias-al-programa-social-de-la-zona-arqueologica-caral\/#primaryimage"},"image":{"@id":"https:\/\/zonacaral.gob.pe\/es\/noticias\/mujeres-empoderadas-se-benefician-con-taller-de-cesteria-en-junco-gracias-al-programa-social-de-la-zona-arqueologica-caral\/#primaryimage"},"thumbnailUrl":"https:\/\/zonacaral.gob.pe\/wp-content\/uploads\/2019\/06\/mujeres-empoderadas.jpg","datePublished":"2019-06-13T23:00:30+00:00","author":{"@id":"https:\/\/zonacaral.gob.pe\/es\/#\/schema\/person\/beddb4d22f71a7230c5b90913270a0ee"},"description":"La Zona Arqueol\u00f3gica Caral, unidad ejecutora 003 del Ministerio de Cultura, mediante la Subdirecci\u00f3n de Relaciones Comunitarias, viene impulsando talleres de cester\u00eda a trav\u00e9s de sus programas sociales, que buscan empoderar a las mujeres supanas, colaborando de manera integral a que se reconozca la igualdad de g\u00e9nero y a promover su desarrollo profesional, benefici\u00e1ndolas con capacitaci\u00f3n gratuita para la realizaci\u00f3n de su peque\u00f1o negocio.","breadcrumb":{"@id":"https:\/\/zonacaral.gob.pe\/es\/noticias\/mujeres-empoderadas-se-benefician-con-taller-de-cesteria-en-junco-gracias-al-programa-social-de-la-zona-arqueologica-caral\/#breadcrumb"},"inLanguage":"en-US","potentialAction":[{"@type":"ReadAction","target":["https:\/\/zonacaral.gob.pe\/es\/noticias\/mujeres-empoderadas-se-benefician-con-taller-de-cesteria-en-junco-gracias-al-programa-social-de-la-zona-arqueologica-caral\/"]}]},{"@type":"ImageObject","inLanguage":"en-US","@id":"https:\/\/zonacaral.gob.pe\/es\/noticias\/mujeres-empoderadas-se-benefician-con-taller-de-cesteria-en-junco-gracias-al-programa-social-de-la-zona-arqueologica-caral\/#primaryimage","url":"https:\/\/zonacaral.gob.pe\/wp-content\/uploads\/2019\/06\/mujeres-empoderadas.jpg","contentUrl":"https:\/\/zonacaral.gob.pe\/wp-content\/uploads\/2019\/06\/mujeres-empoderadas.jpg","width":810,"height":410},{"@type":"BreadcrumbList","@id":"https:\/\/zonacaral.gob.pe\/es\/noticias\/mujeres-empoderadas-se-benefician-con-taller-de-cesteria-en-junco-gracias-al-programa-social-de-la-zona-arqueologica-caral\/#breadcrumb","itemListElement":[{"@type":"ListItem","position":1,"name":"Portada","item":"https:\/\/zonacaral.gob.pe\/"},{"@type":"ListItem","position":2,"name":"Mujeres empoderadas, se benefician con taller de cester\u00eda en junco gracias al programa social de la Zona Arqueol\u00f3gica Caral"}]},{"@type":"WebSite","@id":"https:\/\/zonacaral.gob.pe\/es\/#website","url":"https:\/\/zonacaral.gob.pe\/es\/","name":"Zona Caral","description":"Investigamos, conservamos y difundimos el patrimonio cultural de la Civilizaci\u00f3n Caral, la m\u00e1s antigua de Am\u00e9rica.","potentialAction":[{"@type":"SearchAction","target":{"@type":"EntryPoint","urlTemplate":"https:\/\/zonacaral.gob.pe\/es\/?s={search_term_string}"},"query-input":{"@type":"PropertyValueSpecification","valueRequired":true,"valueName":"search_term_string"}}],"inLanguage":"en-US"},{"@type":"Person","@id":"https:\/\/zonacaral.gob.pe\/es\/#\/schema\/person\/beddb4d22f71a7230c5b90913270a0ee","name":"Zona Caral Administrador","image":{"@type":"ImageObject","inLanguage":"en-US","@id":"https:\/\/secure.gravatar.com\/avatar\/e4be162918a696358376de6446614e0f0f4062bdc5d170d6d540ada3d8b58c12?s=96&d=mm&r=g","url":"https:\/\/secure.gravatar.com\/avatar\/e4be162918a696358376de6446614e0f0f4062bdc5d170d6d540ada3d8b58c12?s=96&d=mm&r=g","contentUrl":"https:\/\/secure.gravatar.com\/avatar\/e4be162918a696358376de6446614e0f0f4062bdc5d170d6d540ada3d8b58c12?s=96&d=mm&r=g","caption":"Zona Caral Administrador"},"sameAs":["https:\/\/zonacaral.gob.pe"],"url":"https:\/\/zonacaral.gob.pe\/en\/noticias\/author\/ad_zonacaral\/"}]}},"_links":{"self":[{"href":"https:\/\/zonacaral.gob.pe\/en\/wp-json\/wp\/v2\/posts\/14432","targetHints":{"allow":["GET"]}}],"collection":[{"href":"https:\/\/zonacaral.gob.pe\/en\/wp-json\/wp\/v2\/posts"}],"about":[{"href":"https:\/\/zonacaral.gob.pe\/en\/wp-json\/wp\/v2\/types\/post"}],"author":[{"embeddable":true,"href":"https:\/\/zonacaral.gob.pe\/en\/wp-json\/wp\/v2\/users\/1"}],"replies":[{"embeddable":true,"href":"https:\/\/zonacaral.gob.pe\/en\/wp-json\/wp\/v2\/comments?post=14432"}],"version-history":[{"count":0,"href":"https:\/\/zonacaral.gob.pe\/en\/wp-json\/wp\/v2\/posts\/14432\/revisions"}],"wp:featuredmedia":[{"embeddable":true,"href":"https:\/\/zonacaral.gob.pe\/en\/wp-json\/wp\/v2\/media\/14433"}],"wp:attachment":[{"href":"https:\/\/zonacaral.gob.pe\/en\/wp-json\/wp\/v2\/media?parent=14432"}],"wp:term":[{"taxonomy":"category","embeddable":true,"href":"https:\/\/zonacaral.gob.pe\/en\/wp-json\/wp\/v2\/categories?post=14432"},{"taxonomy":"post_tag","embeddable":true,"href":"https:\/\/zonacaral.gob.pe\/en\/wp-json\/wp\/v2\/tags?post=14432"}],"curies":[{"name":"wp","href":"https:\/\/api.w.org\/{rel}","templated":true}]}}