{"id":14722,"date":"2019-09-11T14:47:39","date_gmt":"2019-09-11T19:47:39","guid":{"rendered":"https:\/\/www.zonacaral.gob.pe\/?p=14722"},"modified":"2019-09-11T14:47:39","modified_gmt":"2019-09-11T19:47:39","slug":"declaran-a-caral-como-referente-cultural-y-arquitectonico-de-la-comunidad-andina","status":"publish","type":"post","link":"https:\/\/zonacaral.gob.pe\/en\/noticias\/declaran-a-caral-como-referente-cultural-y-arquitectonico-de-la-comunidad-andina\/","title":{"rendered":"Declaran a Caral como Referente Cultural y Arquitect\u00f3nico de la Comunidad Andina"},"content":{"rendered":"<figure class=\"pic-autor\" style=\"color: #4d4d4d; text-align: justify;\"><\/figure>\n<blockquote>\n<p style=\"text-align: left;\">Por ser un ejemplo de obra excepcional para todos los peruanos y el mundo. Reconocimiento se hizo por representantes de Colombia, Bolivia, Chile, Ecuador y Per\u00fa.<\/p>\n<\/blockquote>\n<p style=\"text-align: justify;\">El Parlamento Andino aprob\u00f3, por unanimidad, el proyecto de \u201cResoluci\u00f3n que declara a la civilizaci\u00f3n Caral y a su Ciudad Sagrada como uno de los Referentes Culturales y Arquitect\u00f3nicos de la Comunidad Andina\u201d, promovido por el parlamentario andino, Alan Fairlie Reinoso, durante la sesi\u00f3n Plenaria realizada el 29 de agosto de 2019, en la ciudad de Bogot\u00e1, Colombia.<\/p>\n<p style=\"text-align: justify;\">\u201cLa resoluci\u00f3n reconoce el invaluable valor hist\u00f3rico y cultural de la civilizaci\u00f3n de Caral y su Ciudad Sagrada, declar\u00e1ndola como referente de la regi\u00f3n andina. Asimismo, destaca la labor de las personas e instituciones que trabajan en la conservaci\u00f3n, protecci\u00f3n y salvaguarda de ese importante patrimonio arqueol\u00f3gico. Se me encarg\u00f3 hacer entrega oficial de la resoluci\u00f3n a la doctora Ruth Shady, directora de la Zona Arqueol\u00f3gica Caral\u201d, se\u00f1al\u00f3 el parlamentario Fairlie.<\/p>\n<p style=\"text-align: justify;\">En coordinaci\u00f3n con la Zona Arqueol\u00f3gica Caral (ZAC), Unidad Ejecutora 003 del Ministerio de Cultura, previa a este nuevo reconocimiento, los parlamentarios andinos recibieron informaci\u00f3n completa sobre la Ciudad Sagrada de Caral, el centro urbano m\u00e1s destacado de la civilizaci\u00f3n Caral, ubicado en el Per\u00fa, espec\u00edficamente, en el distrito de Supe, provincia de Barranca, regi\u00f3n Lima Provincias.<\/p>\n<p style=\"text-align: justify;\">Asimismo, se les entreg\u00f3 los alcances sobre los resultados de las investigaciones que se realizan, desde hace 25 a\u00f1os, en torno a la civilizaci\u00f3n m\u00e1s antigua de Am\u00e9rica, formada en el \u00e1rea norcentral del Per\u00fa, durante el per\u00edodo Formativo Inicial (3000 \u2013 1800 a.C.).<\/p>\n<p style=\"text-align: justify;\">Seg\u00fan los estudios realizados desde 1994 por la arque\u00f3loga Ruth Shady y su equipo multidisciplinario, la civilizaci\u00f3n Caral fue la primera civilizaci\u00f3n peruana y americana. Se le considera uno de los seis focos civilizatorios en el mundo, al lado de Mesopotamia, Egipto, China, India y Mesoam\u00e9rica.<\/p>\n<p style=\"text-align: justify;\">La Ciudad Sagrada de Caral es el testimonio m\u00e1s destacado de la civilizaci\u00f3n Caral. Es impresionante por el dise\u00f1o y la complejidad de sus elementos arquitect\u00f3nicos y espaciales, especialmente sus monumentales edificios de plataformas y plazas circulares hundidas. Est\u00e1 conformada por una zona nuclear con 32 edificios p\u00fablicos y varios conjuntos residenciales, y dos zonas perif\u00e9ricas. Ocupa un espacio aproximado de 66 hect\u00e1reas.<\/p>\n<p style=\"text-align: justify;\">En la actualidad, el equipo de investigaci\u00f3n de la ZAC, liderado por la doctora Ruth Shady, ha identificado 25 centros urbanos relacionados con la civilizaci\u00f3n Caral en el valle de Supe. La investigaci\u00f3n arqueol\u00f3gica en doce de ellos, ha proporcionado evidencias sobre su precoz desarrollo en un ambiente de armon\u00eda con la naturaleza y con otras sociedades. Los hallazgos arqueol\u00f3gicos prueban que establecieron v\u00edas de relaci\u00f3n interregional, y a larga distancia, en un marco de beneficio compartido y de respeto a las diferentes costumbres, ideolog\u00edas e idiomas de las sociedades andinas.<\/p>\n<p style=\"text-align: justify;\">La tradici\u00f3n cultural de la civilizaci\u00f3n Caral no desapareci\u00f3 al t\u00e9rmino de la ocupaci\u00f3n de sus centros urbanos; por el contrario, vasta e influyente, perdur\u00f3 en el desarrollo de las sociedades andinas posteriores, hasta los Incas. Entre sus logros m\u00e1s destacados se encuentran la producci\u00f3n de conocimientos en ciencia y tecnolog\u00eda, aplicados en ingenier\u00eda, agricultura, pesca, arte, entre otros. Por ejemplo, la singular manera de c\u00f3mo aplicaron tecnolog\u00edas sismorresistentes en sus edificaciones, construidas con piedra, tierra y materiales org\u00e1nicos, o la aplicaci\u00f3n del efecto Venturi para acelerar la velocidad del viento en sus \u201caltares de fuego\u201d.<\/p>\n<h4 style=\"text-align: justify;\">DATOS<\/h4>\n<p style=\"text-align: justify;\">El 28 de junio de 2009 el Comit\u00e9 de Patrimonio Mundial de la Organizaci\u00f3n de las Naciones Unidas para la Educaci\u00f3n, la Ciencia y la Cultura (UNESCO) aprob\u00f3 la nominaci\u00f3n de la Ciudad Sagrada de Caral como Patrimonio Mundial, y la incluy\u00f3 en la lista de Patrimonio Mundial el 30 de junio de 2009. Este a\u00f1o, en octubre, la Zona Arqueol\u00f3gica Caral conmemorar\u00e1 los 25 a\u00f1os del inicio de las investigaciones sobre la Civilizaci\u00f3n Caral y de la puesta en valor de la Ciudad Sagrada de Caral.<\/p>\n<p style=\"text-align: justify;\">Como parte de los actos de la declaraci\u00f3n, se donaron los libros: <a href=\"https:\/\/tienda.zonacaral.gob.pe\/los-valores-de-la-civilizacion-caral-reflexiones-para-el-buen-vivir,199956.html\"><strong>\u00abLos Valores de la Civilizaci\u00f3n Caral: reflexiones para el Buen Vivir\u00bb<\/strong><\/a> y <a href=\"https:\/\/tienda.zonacaral.gob.pe\/centros-urbanos-de-la-civilizacion-caral,167966.html\"><strong>\u00abCentros Urbanos de la Civilizaci\u00f3n Caral, 21 a\u00f1os recuperando la historia sobre el Sistema Social\u201d<\/strong><\/a> a la biblioteca del Parlamento Andino \u201cSim\u00f3n Rodr\u00edguez\u201d.<\/p>\n<p style=\"text-align: justify;\">Una buena forma de conocer m\u00e1s sobre la civilizaci\u00f3n Caral y visitar los centros urbanos: Ciudad Sagrada de Caral; \u00c1spero, ciudad pesquera de Caral; y Vichama, ciudad agropesquera de V\u00e9gueta \u2013 Huaura; es participando en el programa de <strong>\u201cViajes Culturales\u201d<\/strong> que organiza la Zona Arqueol\u00f3gica Caral. Informes en: 205-2517 y 955-881-340 o al correo a: <a href=\"\/en\/viajeseducativos@zonacaral.gob.pe\/\">viajeseducativos@zonacaral.gob.pe<\/a><\/p>\n<p><a href=\"https:\/\/tienda.zonacaral.gob.pe\/\"><span style=\"color: #993300;\"><strong>Fuente<\/strong><strong>: Comunicaci\u00f3n e Imagen Institucional ZAC<\/strong><\/span><\/a><\/p>\n<div style=\"color: #1f1f1f;\">\n<p style=\"text-align: justify;\">Fecha de publicaci\u00f3n: 11\/08\/2019<\/p>\n<\/div>","protected":false},"excerpt":{"rendered":"<p>Por ser un ejemplo de obra excepcional para todos los peruanos y el mundo. Reconocimiento se hizo por representantes de [&hellip;]<\/p>\n","protected":false},"author":1,"featured_media":14723,"comment_status":"closed","ping_status":"open","sticky":false,"template":"","format":"standard","meta":{"_acf_changed":false,"site-sidebar-layout":"default","site-content-layout":"","ast-site-content-layout":"default","site-content-style":"default","site-sidebar-style":"default","ast-global-header-display":"","ast-banner-title-visibility":"","ast-main-header-display":"","ast-hfb-above-header-display":"","ast-hfb-below-header-display":"","ast-hfb-mobile-header-display":"","site-post-title":"","ast-breadcrumbs-content":"","ast-featured-img":"","footer-sml-layout":"","ast-disable-related-posts":"","theme-transparent-header-meta":"","adv-header-id-meta":"","stick-header-meta":"","header-above-stick-meta":"","header-main-stick-meta":"","header-below-stick-meta":"","astra-migrate-meta-layouts":"default","ast-page-background-enabled":"default","ast-page-background-meta":{"desktop":{"background-color":"var(--ast-global-color-5)","background-image":"","background-repeat":"repeat","background-position":"center center","background-size":"auto","background-attachment":"scroll","background-type":"","background-media":"","overlay-type":"","overlay-color":"","overlay-opacity":"","overlay-gradient":""},"tablet":{"background-color":"","background-image":"","background-repeat":"repeat","background-position":"center center","background-size":"auto","background-attachment":"scroll","background-type":"","background-media":"","overlay-type":"","overlay-color":"","overlay-opacity":"","overlay-gradient":""},"mobile":{"background-color":"","background-image":"","background-repeat":"repeat","background-position":"center center","background-size":"auto","background-attachment":"scroll","background-type":"","background-media":"","overlay-type":"","overlay-color":"","overlay-opacity":"","overlay-gradient":""}},"ast-content-background-meta":{"desktop":{"background-color":"var(--ast-global-color-4)","background-image":"","background-repeat":"repeat","background-position":"center center","background-size":"auto","background-attachment":"scroll","background-type":"","background-media":"","overlay-type":"","overlay-color":"","overlay-opacity":"","overlay-gradient":""},"tablet":{"background-color":"var(--ast-global-color-4)","background-image":"","background-repeat":"repeat","background-position":"center center","background-size":"auto","background-attachment":"scroll","background-type":"","background-media":"","overlay-type":"","overlay-color":"","overlay-opacity":"","overlay-gradient":""},"mobile":{"background-color":"var(--ast-global-color-4)","background-image":"","background-repeat":"repeat","background-position":"center center","background-size":"auto","background-attachment":"scroll","background-type":"","background-media":"","overlay-type":"","overlay-color":"","overlay-opacity":"","overlay-gradient":""}},"footnotes":""},"categories":[208],"tags":[55,200,72,82],"class_list":["post-14722","post","type-post","status-publish","format-standard","has-post-thumbnail","hentry","category-noticias","tag-caral","tag-comunidad-andina","tag-cultura","tag-ruth-shady"],"acf":[],"yoast_head":"<!-- This site is optimized with the Yoast SEO plugin v27.3 - https:\/\/yoast.com\/product\/yoast-seo-wordpress\/ -->\n<title>Declaran a Caral como Referente Cultural y Arquitect\u00f3nico de la Comunidad Andina<\/title>\n<meta name=\"description\" content=\"Por ser un ejemplo de obra excepcional para todos los peruanos y el mundo. Reconocimiento se hizo por representantes de Colombia, Bolivia, Chile, Ecuador y Per\u00fa. El Parlamento Andino aprob\u00f3, por unanimidad, el proyecto de \u201cResoluci\u00f3n que declara a la civilizaci\u00f3n Caral y a su Ciudad Sagrada como uno de los Referentes Culturales y Arquitect\u00f3nicos de la Comunidad Andina\u201d, promovido por el parlamentario andino, Alan Fairlie Reinoso, durante la sesi\u00f3n Plenaria realizada el 29 de agosto de 2019, en la ciudad de Bogot\u00e1, Colombia.\" \/>\n<meta name=\"robots\" content=\"index, follow, max-snippet:-1, max-image-preview:large, max-video-preview:-1\" \/>\n<link rel=\"canonical\" href=\"https:\/\/zonacaral.gob.pe\/en\/noticias\/declaran-a-caral-como-referente-cultural-y-arquitectonico-de-la-comunidad-andina\/\" \/>\n<meta property=\"og:locale\" content=\"en_US\" \/>\n<meta property=\"og:type\" content=\"article\" \/>\n<meta property=\"og:title\" content=\"Declaran a Caral como Referente Cultural y Arquitect\u00f3nico de la Comunidad Andina\" \/>\n<meta property=\"og:description\" content=\"Por ser un ejemplo de obra excepcional para todos los peruanos y el mundo. Reconocimiento se hizo por representantes de Colombia, Bolivia, Chile, Ecuador y Per\u00fa. El Parlamento Andino aprob\u00f3, por unanimidad, el proyecto de \u201cResoluci\u00f3n que declara a la civilizaci\u00f3n Caral y a su Ciudad Sagrada como uno de los Referentes Culturales y Arquitect\u00f3nicos de la Comunidad Andina\u201d, promovido por el parlamentario andino, Alan Fairlie Reinoso, durante la sesi\u00f3n Plenaria realizada el 29 de agosto de 2019, en la ciudad de Bogot\u00e1, Colombia.\" \/>\n<meta property=\"og:url\" content=\"https:\/\/zonacaral.gob.pe\/en\/noticias\/declaran-a-caral-como-referente-cultural-y-arquitectonico-de-la-comunidad-andina\/\" \/>\n<meta property=\"og:site_name\" content=\"Zona Caral\" \/>\n<meta property=\"article:published_time\" content=\"2019-09-11T19:47:39+00:00\" \/>\n<meta property=\"og:image\" content=\"https:\/\/zonacaral.gob.pe\/wp-content\/uploads\/2019\/09\/comunidad-andina.jpg\" \/>\n\t<meta property=\"og:image:width\" content=\"810\" \/>\n\t<meta property=\"og:image:height\" content=\"410\" \/>\n\t<meta property=\"og:image:type\" content=\"image\/jpeg\" \/>\n<meta name=\"author\" content=\"Zona Caral Administrador\" \/>\n<meta name=\"twitter:card\" content=\"summary_large_image\" \/>\n<meta name=\"twitter:label1\" content=\"Written by\" \/>\n\t<meta name=\"twitter:data1\" content=\"Zona Caral Administrador\" \/>\n\t<meta name=\"twitter:label2\" content=\"Est. reading time\" \/>\n\t<meta name=\"twitter:data2\" content=\"4 minutes\" \/>\n<script type=\"application\/ld+json\" class=\"yoast-schema-graph\">{\"@context\":\"https:\\\/\\\/schema.org\",\"@graph\":[{\"@type\":\"Article\",\"@id\":\"https:\\\/\\\/zonacaral.gob.pe\\\/es\\\/noticias\\\/declaran-a-caral-como-referente-cultural-y-arquitectonico-de-la-comunidad-andina\\\/#article\",\"isPartOf\":{\"@id\":\"https:\\\/\\\/zonacaral.gob.pe\\\/es\\\/noticias\\\/declaran-a-caral-como-referente-cultural-y-arquitectonico-de-la-comunidad-andina\\\/\"},\"author\":{\"name\":\"Zona Caral Administrador\",\"@id\":\"https:\\\/\\\/zonacaral.gob.pe\\\/es\\\/#\\\/schema\\\/person\\\/beddb4d22f71a7230c5b90913270a0ee\"},\"headline\":\"Declaran a Caral como Referente Cultural y Arquitect\u00f3nico de la Comunidad Andina\",\"datePublished\":\"2019-09-11T19:47:39+00:00\",\"mainEntityOfPage\":{\"@id\":\"https:\\\/\\\/zonacaral.gob.pe\\\/es\\\/noticias\\\/declaran-a-caral-como-referente-cultural-y-arquitectonico-de-la-comunidad-andina\\\/\"},\"wordCount\":831,\"image\":{\"@id\":\"https:\\\/\\\/zonacaral.gob.pe\\\/es\\\/noticias\\\/declaran-a-caral-como-referente-cultural-y-arquitectonico-de-la-comunidad-andina\\\/#primaryimage\"},\"thumbnailUrl\":\"https:\\\/\\\/zonacaral.gob.pe\\\/wp-content\\\/uploads\\\/2019\\\/09\\\/comunidad-andina.jpg\",\"keywords\":[\"caral\",\"Comunidad Andina\",\"Cultura\",\"Ruth Shady\"],\"articleSection\":[\"noticias\"],\"inLanguage\":\"en-US\"},{\"@type\":\"WebPage\",\"@id\":\"https:\\\/\\\/zonacaral.gob.pe\\\/es\\\/noticias\\\/declaran-a-caral-como-referente-cultural-y-arquitectonico-de-la-comunidad-andina\\\/\",\"url\":\"https:\\\/\\\/zonacaral.gob.pe\\\/es\\\/noticias\\\/declaran-a-caral-como-referente-cultural-y-arquitectonico-de-la-comunidad-andina\\\/\",\"name\":\"Declaran a Caral como Referente Cultural y Arquitect\u00f3nico de la Comunidad Andina\",\"isPartOf\":{\"@id\":\"https:\\\/\\\/zonacaral.gob.pe\\\/es\\\/#website\"},\"primaryImageOfPage\":{\"@id\":\"https:\\\/\\\/zonacaral.gob.pe\\\/es\\\/noticias\\\/declaran-a-caral-como-referente-cultural-y-arquitectonico-de-la-comunidad-andina\\\/#primaryimage\"},\"image\":{\"@id\":\"https:\\\/\\\/zonacaral.gob.pe\\\/es\\\/noticias\\\/declaran-a-caral-como-referente-cultural-y-arquitectonico-de-la-comunidad-andina\\\/#primaryimage\"},\"thumbnailUrl\":\"https:\\\/\\\/zonacaral.gob.pe\\\/wp-content\\\/uploads\\\/2019\\\/09\\\/comunidad-andina.jpg\",\"datePublished\":\"2019-09-11T19:47:39+00:00\",\"author\":{\"@id\":\"https:\\\/\\\/zonacaral.gob.pe\\\/es\\\/#\\\/schema\\\/person\\\/beddb4d22f71a7230c5b90913270a0ee\"},\"description\":\"Por ser un ejemplo de obra excepcional para todos los peruanos y el mundo. Reconocimiento se hizo por representantes de Colombia, Bolivia, Chile, Ecuador y Per\u00fa. El Parlamento Andino aprob\u00f3, por unanimidad, el proyecto de \u201cResoluci\u00f3n que declara a la civilizaci\u00f3n Caral y a su Ciudad Sagrada como uno de los Referentes Culturales y Arquitect\u00f3nicos de la Comunidad Andina\u201d, promovido por el parlamentario andino, Alan Fairlie Reinoso, durante la sesi\u00f3n Plenaria realizada el 29 de agosto de 2019, en la ciudad de Bogot\u00e1, Colombia.\",\"breadcrumb\":{\"@id\":\"https:\\\/\\\/zonacaral.gob.pe\\\/es\\\/noticias\\\/declaran-a-caral-como-referente-cultural-y-arquitectonico-de-la-comunidad-andina\\\/#breadcrumb\"},\"inLanguage\":\"en-US\",\"potentialAction\":[{\"@type\":\"ReadAction\",\"target\":[\"https:\\\/\\\/zonacaral.gob.pe\\\/es\\\/noticias\\\/declaran-a-caral-como-referente-cultural-y-arquitectonico-de-la-comunidad-andina\\\/\"]}]},{\"@type\":\"ImageObject\",\"inLanguage\":\"en-US\",\"@id\":\"https:\\\/\\\/zonacaral.gob.pe\\\/es\\\/noticias\\\/declaran-a-caral-como-referente-cultural-y-arquitectonico-de-la-comunidad-andina\\\/#primaryimage\",\"url\":\"https:\\\/\\\/zonacaral.gob.pe\\\/wp-content\\\/uploads\\\/2019\\\/09\\\/comunidad-andina.jpg\",\"contentUrl\":\"https:\\\/\\\/zonacaral.gob.pe\\\/wp-content\\\/uploads\\\/2019\\\/09\\\/comunidad-andina.jpg\",\"width\":810,\"height\":410},{\"@type\":\"BreadcrumbList\",\"@id\":\"https:\\\/\\\/zonacaral.gob.pe\\\/es\\\/noticias\\\/declaran-a-caral-como-referente-cultural-y-arquitectonico-de-la-comunidad-andina\\\/#breadcrumb\",\"itemListElement\":[{\"@type\":\"ListItem\",\"position\":1,\"name\":\"Portada\",\"item\":\"https:\\\/\\\/zonacaral.gob.pe\\\/\"},{\"@type\":\"ListItem\",\"position\":2,\"name\":\"Declaran a Caral como Referente Cultural y Arquitect\u00f3nico de la Comunidad Andina\"}]},{\"@type\":\"WebSite\",\"@id\":\"https:\\\/\\\/zonacaral.gob.pe\\\/es\\\/#website\",\"url\":\"https:\\\/\\\/zonacaral.gob.pe\\\/es\\\/\",\"name\":\"Zona Caral\",\"description\":\"Investigamos, conservamos y difundimos el patrimonio cultural de la Civilizaci\u00f3n Caral, la m\u00e1s antigua de Am\u00e9rica.\",\"potentialAction\":[{\"@type\":\"SearchAction\",\"target\":{\"@type\":\"EntryPoint\",\"urlTemplate\":\"https:\\\/\\\/zonacaral.gob.pe\\\/es\\\/?s={search_term_string}\"},\"query-input\":{\"@type\":\"PropertyValueSpecification\",\"valueRequired\":true,\"valueName\":\"search_term_string\"}}],\"inLanguage\":\"en-US\"},{\"@type\":\"Person\",\"@id\":\"https:\\\/\\\/zonacaral.gob.pe\\\/es\\\/#\\\/schema\\\/person\\\/beddb4d22f71a7230c5b90913270a0ee\",\"name\":\"Zona Caral Administrador\",\"image\":{\"@type\":\"ImageObject\",\"inLanguage\":\"en-US\",\"@id\":\"https:\\\/\\\/secure.gravatar.com\\\/avatar\\\/e4be162918a696358376de6446614e0f0f4062bdc5d170d6d540ada3d8b58c12?s=96&d=mm&r=g\",\"url\":\"https:\\\/\\\/secure.gravatar.com\\\/avatar\\\/e4be162918a696358376de6446614e0f0f4062bdc5d170d6d540ada3d8b58c12?s=96&d=mm&r=g\",\"contentUrl\":\"https:\\\/\\\/secure.gravatar.com\\\/avatar\\\/e4be162918a696358376de6446614e0f0f4062bdc5d170d6d540ada3d8b58c12?s=96&d=mm&r=g\",\"caption\":\"Zona Caral Administrador\"},\"sameAs\":[\"https:\\\/\\\/zonacaral.gob.pe\"],\"url\":\"https:\\\/\\\/zonacaral.gob.pe\\\/en\\\/noticias\\\/author\\\/ad_zonacaral\\\/\"}]}<\/script>\n<!-- \/ Yoast SEO plugin. -->","yoast_head_json":{"title":"Declaran a Caral como Referente Cultural y Arquitect\u00f3nico de la Comunidad Andina","description":"Por ser un ejemplo de obra excepcional para todos los peruanos y el mundo. Reconocimiento se hizo por representantes de Colombia, Bolivia, Chile, Ecuador y Per\u00fa. El Parlamento Andino aprob\u00f3, por unanimidad, el proyecto de \u201cResoluci\u00f3n que declara a la civilizaci\u00f3n Caral y a su Ciudad Sagrada como uno de los Referentes Culturales y Arquitect\u00f3nicos de la Comunidad Andina\u201d, promovido por el parlamentario andino, Alan Fairlie Reinoso, durante la sesi\u00f3n Plenaria realizada el 29 de agosto de 2019, en la ciudad de Bogot\u00e1, Colombia.","robots":{"index":"index","follow":"follow","max-snippet":"max-snippet:-1","max-image-preview":"max-image-preview:large","max-video-preview":"max-video-preview:-1"},"canonical":"https:\/\/zonacaral.gob.pe\/en\/noticias\/declaran-a-caral-como-referente-cultural-y-arquitectonico-de-la-comunidad-andina\/","og_locale":"en_US","og_type":"article","og_title":"Declaran a Caral como Referente Cultural y Arquitect\u00f3nico de la Comunidad Andina","og_description":"Por ser un ejemplo de obra excepcional para todos los peruanos y el mundo. Reconocimiento se hizo por representantes de Colombia, Bolivia, Chile, Ecuador y Per\u00fa. El Parlamento Andino aprob\u00f3, por unanimidad, el proyecto de \u201cResoluci\u00f3n que declara a la civilizaci\u00f3n Caral y a su Ciudad Sagrada como uno de los Referentes Culturales y Arquitect\u00f3nicos de la Comunidad Andina\u201d, promovido por el parlamentario andino, Alan Fairlie Reinoso, durante la sesi\u00f3n Plenaria realizada el 29 de agosto de 2019, en la ciudad de Bogot\u00e1, Colombia.","og_url":"https:\/\/zonacaral.gob.pe\/en\/noticias\/declaran-a-caral-como-referente-cultural-y-arquitectonico-de-la-comunidad-andina\/","og_site_name":"Zona Caral","article_published_time":"2019-09-11T19:47:39+00:00","og_image":[{"width":810,"height":410,"url":"https:\/\/zonacaral.gob.pe\/wp-content\/uploads\/2019\/09\/comunidad-andina.jpg","type":"image\/jpeg"}],"author":"Zona Caral Administrador","twitter_card":"summary_large_image","twitter_misc":{"Written by":"Zona Caral Administrador","Est. reading time":"4 minutes"},"schema":{"@context":"https:\/\/schema.org","@graph":[{"@type":"Article","@id":"https:\/\/zonacaral.gob.pe\/es\/noticias\/declaran-a-caral-como-referente-cultural-y-arquitectonico-de-la-comunidad-andina\/#article","isPartOf":{"@id":"https:\/\/zonacaral.gob.pe\/es\/noticias\/declaran-a-caral-como-referente-cultural-y-arquitectonico-de-la-comunidad-andina\/"},"author":{"name":"Zona Caral Administrador","@id":"https:\/\/zonacaral.gob.pe\/es\/#\/schema\/person\/beddb4d22f71a7230c5b90913270a0ee"},"headline":"Declaran a Caral como Referente Cultural y Arquitect\u00f3nico de la Comunidad Andina","datePublished":"2019-09-11T19:47:39+00:00","mainEntityOfPage":{"@id":"https:\/\/zonacaral.gob.pe\/es\/noticias\/declaran-a-caral-como-referente-cultural-y-arquitectonico-de-la-comunidad-andina\/"},"wordCount":831,"image":{"@id":"https:\/\/zonacaral.gob.pe\/es\/noticias\/declaran-a-caral-como-referente-cultural-y-arquitectonico-de-la-comunidad-andina\/#primaryimage"},"thumbnailUrl":"https:\/\/zonacaral.gob.pe\/wp-content\/uploads\/2019\/09\/comunidad-andina.jpg","keywords":["caral","Comunidad Andina","Cultura","Ruth Shady"],"articleSection":["noticias"],"inLanguage":"en-US"},{"@type":"WebPage","@id":"https:\/\/zonacaral.gob.pe\/es\/noticias\/declaran-a-caral-como-referente-cultural-y-arquitectonico-de-la-comunidad-andina\/","url":"https:\/\/zonacaral.gob.pe\/es\/noticias\/declaran-a-caral-como-referente-cultural-y-arquitectonico-de-la-comunidad-andina\/","name":"Declaran a Caral como Referente Cultural y Arquitect\u00f3nico de la Comunidad Andina","isPartOf":{"@id":"https:\/\/zonacaral.gob.pe\/es\/#website"},"primaryImageOfPage":{"@id":"https:\/\/zonacaral.gob.pe\/es\/noticias\/declaran-a-caral-como-referente-cultural-y-arquitectonico-de-la-comunidad-andina\/#primaryimage"},"image":{"@id":"https:\/\/zonacaral.gob.pe\/es\/noticias\/declaran-a-caral-como-referente-cultural-y-arquitectonico-de-la-comunidad-andina\/#primaryimage"},"thumbnailUrl":"https:\/\/zonacaral.gob.pe\/wp-content\/uploads\/2019\/09\/comunidad-andina.jpg","datePublished":"2019-09-11T19:47:39+00:00","author":{"@id":"https:\/\/zonacaral.gob.pe\/es\/#\/schema\/person\/beddb4d22f71a7230c5b90913270a0ee"},"description":"Por ser un ejemplo de obra excepcional para todos los peruanos y el mundo. Reconocimiento se hizo por representantes de Colombia, Bolivia, Chile, Ecuador y Per\u00fa. El Parlamento Andino aprob\u00f3, por unanimidad, el proyecto de \u201cResoluci\u00f3n que declara a la civilizaci\u00f3n Caral y a su Ciudad Sagrada como uno de los Referentes Culturales y Arquitect\u00f3nicos de la Comunidad Andina\u201d, promovido por el parlamentario andino, Alan Fairlie Reinoso, durante la sesi\u00f3n Plenaria realizada el 29 de agosto de 2019, en la ciudad de Bogot\u00e1, Colombia.","breadcrumb":{"@id":"https:\/\/zonacaral.gob.pe\/es\/noticias\/declaran-a-caral-como-referente-cultural-y-arquitectonico-de-la-comunidad-andina\/#breadcrumb"},"inLanguage":"en-US","potentialAction":[{"@type":"ReadAction","target":["https:\/\/zonacaral.gob.pe\/es\/noticias\/declaran-a-caral-como-referente-cultural-y-arquitectonico-de-la-comunidad-andina\/"]}]},{"@type":"ImageObject","inLanguage":"en-US","@id":"https:\/\/zonacaral.gob.pe\/es\/noticias\/declaran-a-caral-como-referente-cultural-y-arquitectonico-de-la-comunidad-andina\/#primaryimage","url":"https:\/\/zonacaral.gob.pe\/wp-content\/uploads\/2019\/09\/comunidad-andina.jpg","contentUrl":"https:\/\/zonacaral.gob.pe\/wp-content\/uploads\/2019\/09\/comunidad-andina.jpg","width":810,"height":410},{"@type":"BreadcrumbList","@id":"https:\/\/zonacaral.gob.pe\/es\/noticias\/declaran-a-caral-como-referente-cultural-y-arquitectonico-de-la-comunidad-andina\/#breadcrumb","itemListElement":[{"@type":"ListItem","position":1,"name":"Portada","item":"https:\/\/zonacaral.gob.pe\/"},{"@type":"ListItem","position":2,"name":"Declaran a Caral como Referente Cultural y Arquitect\u00f3nico de la Comunidad Andina"}]},{"@type":"WebSite","@id":"https:\/\/zonacaral.gob.pe\/es\/#website","url":"https:\/\/zonacaral.gob.pe\/es\/","name":"Zona Caral","description":"Investigamos, conservamos y difundimos el patrimonio cultural de la Civilizaci\u00f3n Caral, la m\u00e1s antigua de Am\u00e9rica.","potentialAction":[{"@type":"SearchAction","target":{"@type":"EntryPoint","urlTemplate":"https:\/\/zonacaral.gob.pe\/es\/?s={search_term_string}"},"query-input":{"@type":"PropertyValueSpecification","valueRequired":true,"valueName":"search_term_string"}}],"inLanguage":"en-US"},{"@type":"Person","@id":"https:\/\/zonacaral.gob.pe\/es\/#\/schema\/person\/beddb4d22f71a7230c5b90913270a0ee","name":"Zona Caral Administrador","image":{"@type":"ImageObject","inLanguage":"en-US","@id":"https:\/\/secure.gravatar.com\/avatar\/e4be162918a696358376de6446614e0f0f4062bdc5d170d6d540ada3d8b58c12?s=96&d=mm&r=g","url":"https:\/\/secure.gravatar.com\/avatar\/e4be162918a696358376de6446614e0f0f4062bdc5d170d6d540ada3d8b58c12?s=96&d=mm&r=g","contentUrl":"https:\/\/secure.gravatar.com\/avatar\/e4be162918a696358376de6446614e0f0f4062bdc5d170d6d540ada3d8b58c12?s=96&d=mm&r=g","caption":"Zona Caral Administrador"},"sameAs":["https:\/\/zonacaral.gob.pe"],"url":"https:\/\/zonacaral.gob.pe\/en\/noticias\/author\/ad_zonacaral\/"}]}},"_links":{"self":[{"href":"https:\/\/zonacaral.gob.pe\/en\/wp-json\/wp\/v2\/posts\/14722","targetHints":{"allow":["GET"]}}],"collection":[{"href":"https:\/\/zonacaral.gob.pe\/en\/wp-json\/wp\/v2\/posts"}],"about":[{"href":"https:\/\/zonacaral.gob.pe\/en\/wp-json\/wp\/v2\/types\/post"}],"author":[{"embeddable":true,"href":"https:\/\/zonacaral.gob.pe\/en\/wp-json\/wp\/v2\/users\/1"}],"replies":[{"embeddable":true,"href":"https:\/\/zonacaral.gob.pe\/en\/wp-json\/wp\/v2\/comments?post=14722"}],"version-history":[{"count":0,"href":"https:\/\/zonacaral.gob.pe\/en\/wp-json\/wp\/v2\/posts\/14722\/revisions"}],"wp:featuredmedia":[{"embeddable":true,"href":"https:\/\/zonacaral.gob.pe\/en\/wp-json\/wp\/v2\/media\/14723"}],"wp:attachment":[{"href":"https:\/\/zonacaral.gob.pe\/en\/wp-json\/wp\/v2\/media?parent=14722"}],"wp:term":[{"taxonomy":"category","embeddable":true,"href":"https:\/\/zonacaral.gob.pe\/en\/wp-json\/wp\/v2\/categories?post=14722"},{"taxonomy":"post_tag","embeddable":true,"href":"https:\/\/zonacaral.gob.pe\/en\/wp-json\/wp\/v2\/tags?post=14722"}],"curies":[{"name":"wp","href":"https:\/\/api.w.org\/{rel}","templated":true}]}}