{"id":17048,"date":"2023-09-27T14:55:36","date_gmt":"2023-09-27T19:55:36","guid":{"rendered":"https:\/\/www.zonacaral.gob.pe\/?p=17048"},"modified":"2023-09-27T14:55:36","modified_gmt":"2023-09-27T19:55:36","slug":"dia-mundial-del-turismo-este-1-de-octubre-ingresa-gratis-a-la-ciudad-sagrada-de-caral-aspero-y-vichama","status":"publish","type":"post","link":"https:\/\/zonacaral.gob.pe\/en\/noticias\/dia-mundial-del-turismo-este-1-de-octubre-ingresa-gratis-a-la-ciudad-sagrada-de-caral-aspero-y-vichama\/","title":{"rendered":"D\u00cdA MUNDIAL DEL TURISMO: este 1 de octubre ingresa gratis a la Ciudad Sagrada de Caral, \u00c1spero y Vichama"},"content":{"rendered":"<figure class=\"pic-autor\" style=\"color: #4d4d4d; text-align: justify;\"><\/figure>\n<div class=\"gmail_default\" style=\"text-align: justify;\">\n<blockquote><p>En nuevo horario de atenci\u00f3n: de 9:00 a. m. a 5:00 p. m.<\/p><\/blockquote>\n<div>\n<p><span style=\"font-weight: 400;\">Con el fin de seguir promoviendo y difundiendo nuestra riqueza cultural; en especial, la desarrollada en el \u00e1rea norcentral del Per\u00fa, la Zona Arqueol\u00f3gica Caral, Unidad Ejecutora 003 del Ministerio de Cultura, invita a la poblaci\u00f3n a celebrar el D\u00eda Mundial del Turismo, ingresando de manera gratuita este 1 de octubre, a los sitios arqueol\u00f3gicos Ciudad Sagrada de Caral, \u00c1spero y Vichama.<\/span><\/p>\n<p><span style=\"font-weight: 400;\">Aprovecha este fin de semana para conocer estos antiguos centros urbanos de la primera civilizaci\u00f3n en el continente americano, desarrollada hace cinco mil a\u00f1os, ubicados en las provincias de Barranca y Huaura, muy cerca de la ciudad de Lima.<\/span><\/p>\n<p><b>Ciudad Sagrada de Caral, Patrimonio Mundial<\/b><\/p>\n<p><span style=\"font-weight: 400;\">Est\u00e1 ubicada en el valle de Supe y es considerada como el principal centro urbano de la civilizaci\u00f3n Caral. Es conocida por sus impresionantes y monumentales edificios piramidales. Conoce su historia, c\u00f3mo vivi\u00f3 y organiz\u00f3 su sociedad, los conocimientos que desarrollaron, y el por qu\u00e9 es considerada como la primera ciudad sostenible de Am\u00e9rica. En 2009, UNESCO le otorg\u00f3 la condici\u00f3n de Patrimonio de la Humanidad.<\/span><\/p>\n<p><b>\u00c1spero, fishing town<\/b><\/p>\n<p><span style=\"font-weight: 400;\">Este imponente centro urbano, contempor\u00e1neo con la Ciudad Sagrada, se encuentra muy cerca al mar, en el distrito de Supe Puerto. Los habitantes de este gran centro urbano, que tuvieron el \u201cMar de Grau\u201d a su disposici\u00f3n, se dedicaron a la producci\u00f3n de tecnolog\u00edas pesqueras y a obtener el variado recurso marino.<\/span><\/p>\n<p><span style=\"font-weight: 400;\">Su t\u00e9cnica de secado y conservaci\u00f3n de pescado, de cocina en piedra o bajo tierra (Pachamanca), nos cuenta c\u00f3mo vivieron sus habitantes; que, adem\u00e1s, lograron intercambiar sus productos con las sociedades del valle de Supe.<\/span><\/p>\n<p><b>V\u00e9gueta, ciudad agropesquera<\/b><\/p>\n<p><span style=\"font-weight: 400;\">Este sitio arqueol\u00f3gico tiene una historia que guarda celosamente entre los muros de sus principales salones ceremoniales. Son relieves escult\u00f3ricos de seres antropomorfos e ictiomorfos, muestran escenas que habr\u00edan afrontado sus antiguos habitantes, tras sufrir las causas de un fuerte cambio clim\u00e1tico que afect\u00f3 a su sociedad y que provoc\u00f3 muertes, sequ\u00eda y hambruna.<\/span><\/p>\n<p><span style=\"font-weight: 400;\">Vichama complementa la informaci\u00f3n recuperada sobre las razones del colapso y posterior reorganizaci\u00f3n de la Civilizaci\u00f3n Caral, hacia los 3800 a\u00f1os antes del presente.<\/span><\/p>\n<p><span style=\"font-weight: 400;\">En cada sitio arqueol\u00f3gico tambi\u00e9n se habilitaron espacios para que los diversos productores artesanales expongan sus productos, los cuales puedes adquirir con toda la garant\u00eda. Muchos de estos productos, como cer\u00e1mica, cester\u00eda y textiles siguen los conocimientos tradicionales, desde Caral.<\/span><\/p>\n<p><b>RUTA CARAL<\/b><\/p>\n<p><span style=\"font-weight: 400;\">La Ciudad Sagrada de Caral, \u00c1spero y Vichama, forman parte de la denominada Ruta Caral, que promueve la Zona Arqueol\u00f3gica Caral. En esta ruta se incluyen los museos comunitarios ubicados en el distrito de Supe, frente a la plaza principal, y en el distrito de V\u00e9gueta, al costado de las oficinas de la Municipalidad.<\/span><\/p>\n<p><span style=\"font-weight: 400;\">En estos lugares se ha implementado una exposici\u00f3n museogr\u00e1fica permanente, donde conocer\u00e1s los diferentes objetos hallados, infograf\u00edas, esculturas hiperrealistas y m\u00e1s detalles de la formaci\u00f3n de la civilizaci\u00f3n en el continente americano.<\/span><\/p>\n<p><b>DATO<\/b><\/p>\n<p><span style=\"font-weight: 400;\">El D\u00eda Mundial del Turismo se conmemora todos los a\u00f1os el 27 de septiembre, con celebraciones dirigidas por la Organizaci\u00f3n Mundial del Turismo &#8211; OMT. Su prop\u00f3sito es el de concienciar a la comunidad internacional acerca del valor social, cultural, pol\u00edtico y econ\u00f3mico del turismo, adem\u00e1s de sobre c\u00f3mo el sector puede contribuir a lograr los Objetivos de Desarrollo Sostenible.<\/span><\/p>\n<p>l sector puede contribuir a lograr los Objetivos de Desarrollo Sostenible.<\/p><\/div>\n<p><strong style=\"font-size: inherit; text-align: justify;\">Fuente: Comunicaci\u00f3n e Imagen Institucional ZAC<\/strong><\/p>\n<\/div>\n<div style=\"color: #1f1f1f;\">\n<div style=\"color: #1f1f1f;\">\n<p style=\"text-align: justify;\">Fecha de publicaci\u00f3n: 27\/09\/2023<\/p>\n<\/div>\n<\/div>","protected":false},"excerpt":{"rendered":"<p>En nuevo horario de atenci\u00f3n: de 9:00 a. m. a 5:00 p. m. Con el fin de seguir promoviendo y [&hellip;]<\/p>\n","protected":false},"author":1,"featured_media":17050,"comment_status":"closed","ping_status":"open","sticky":false,"template":"","format":"standard","meta":{"_acf_changed":false,"site-sidebar-layout":"default","site-content-layout":"","ast-site-content-layout":"default","site-content-style":"default","site-sidebar-style":"default","ast-global-header-display":"","ast-banner-title-visibility":"","ast-main-header-display":"","ast-hfb-above-header-display":"","ast-hfb-below-header-display":"","ast-hfb-mobile-header-display":"","site-post-title":"","ast-breadcrumbs-content":"","ast-featured-img":"","footer-sml-layout":"","ast-disable-related-posts":"","theme-transparent-header-meta":"","adv-header-id-meta":"","stick-header-meta":"","header-above-stick-meta":"","header-main-stick-meta":"","header-below-stick-meta":"","astra-migrate-meta-layouts":"default","ast-page-background-enabled":"default","ast-page-background-meta":{"desktop":{"background-color":"var(--ast-global-color-5)","background-image":"","background-repeat":"repeat","background-position":"center center","background-size":"auto","background-attachment":"scroll","background-type":"","background-media":"","overlay-type":"","overlay-color":"","overlay-opacity":"","overlay-gradient":""},"tablet":{"background-color":"","background-image":"","background-repeat":"repeat","background-position":"center center","background-size":"auto","background-attachment":"scroll","background-type":"","background-media":"","overlay-type":"","overlay-color":"","overlay-opacity":"","overlay-gradient":""},"mobile":{"background-color":"","background-image":"","background-repeat":"repeat","background-position":"center center","background-size":"auto","background-attachment":"scroll","background-type":"","background-media":"","overlay-type":"","overlay-color":"","overlay-opacity":"","overlay-gradient":""}},"ast-content-background-meta":{"desktop":{"background-color":"var(--ast-global-color-4)","background-image":"","background-repeat":"repeat","background-position":"center center","background-size":"auto","background-attachment":"scroll","background-type":"","background-media":"","overlay-type":"","overlay-color":"","overlay-opacity":"","overlay-gradient":""},"tablet":{"background-color":"var(--ast-global-color-4)","background-image":"","background-repeat":"repeat","background-position":"center center","background-size":"auto","background-attachment":"scroll","background-type":"","background-media":"","overlay-type":"","overlay-color":"","overlay-opacity":"","overlay-gradient":""},"mobile":{"background-color":"var(--ast-global-color-4)","background-image":"","background-repeat":"repeat","background-position":"center center","background-size":"auto","background-attachment":"scroll","background-type":"","background-media":"","overlay-type":"","overlay-color":"","overlay-opacity":"","overlay-gradient":""}},"footnotes":""},"categories":[208],"tags":[55,72],"class_list":["post-17048","post","type-post","status-publish","format-standard","has-post-thumbnail","hentry","category-noticias","tag-caral","tag-cultura"],"acf":[],"yoast_head":"<!-- This site is optimized with the Yoast SEO plugin v27.3 - https:\/\/yoast.com\/product\/yoast-seo-wordpress\/ -->\n<title>D\u00cdA MUNDIAL DEL TURISMO: este 1 de octubre ingresa gratis a la Ciudad Sagrada de Caral, \u00c1spero y Vichama<\/title>\n<meta name=\"description\" content=\"Con el fin de seguir promoviendo y difundiendo nuestra riqueza cultural; en especial, la desarrollada en el \u00e1rea norcentral del Per\u00fa, la Zona Arqueol\u00f3gica Caral, Unidad Ejecutora 003 del Ministerio de Cultura, invita a la poblaci\u00f3n a celebrar el D\u00eda Mundial del Turismo, ingresando de manera gratuita este 1 de octubre, a los sitios arqueol\u00f3gicos Ciudad Sagrada de Caral, \u00c1spero y Vichama.\" \/>\n<meta name=\"robots\" content=\"index, follow, max-snippet:-1, max-image-preview:large, max-video-preview:-1\" \/>\n<link rel=\"canonical\" href=\"https:\/\/zonacaral.gob.pe\/en\/noticias\/dia-mundial-del-turismo-este-1-de-octubre-ingresa-gratis-a-la-ciudad-sagrada-de-caral-aspero-y-vichama\/\" \/>\n<meta property=\"og:locale\" content=\"en_US\" \/>\n<meta property=\"og:type\" content=\"article\" \/>\n<meta property=\"og:title\" content=\"D\u00cdA MUNDIAL DEL TURISMO: este 1 de octubre ingresa gratis a la Ciudad Sagrada de Caral, \u00c1spero y Vichama\" \/>\n<meta property=\"og:description\" content=\"Con el fin de seguir promoviendo y difundiendo nuestra riqueza cultural; en especial, la desarrollada en el \u00e1rea norcentral del Per\u00fa, la Zona Arqueol\u00f3gica Caral, Unidad Ejecutora 003 del Ministerio de Cultura, invita a la poblaci\u00f3n a celebrar el D\u00eda Mundial del Turismo, ingresando de manera gratuita este 1 de octubre, a los sitios arqueol\u00f3gicos Ciudad Sagrada de Caral, \u00c1spero y Vichama.\" \/>\n<meta property=\"og:url\" content=\"https:\/\/zonacaral.gob.pe\/en\/noticias\/dia-mundial-del-turismo-este-1-de-octubre-ingresa-gratis-a-la-ciudad-sagrada-de-caral-aspero-y-vichama\/\" \/>\n<meta property=\"og:site_name\" content=\"Zona Caral\" \/>\n<meta property=\"article:published_time\" content=\"2023-09-27T19:55:36+00:00\" \/>\n<meta property=\"og:image\" content=\"https:\/\/zonacaral.gob.pe\/wp-content\/uploads\/2023\/09\/turismo-1.jpg\" \/>\n\t<meta property=\"og:image:width\" content=\"645\" \/>\n\t<meta property=\"og:image:height\" content=\"363\" \/>\n\t<meta property=\"og:image:type\" content=\"image\/jpeg\" \/>\n<meta name=\"author\" content=\"Zona Caral Administrador\" \/>\n<meta name=\"twitter:card\" content=\"summary_large_image\" \/>\n<meta name=\"twitter:label1\" content=\"Written by\" \/>\n\t<meta name=\"twitter:data1\" content=\"Zona Caral Administrador\" \/>\n\t<meta name=\"twitter:label2\" content=\"Est. reading time\" \/>\n\t<meta name=\"twitter:data2\" content=\"3 minutes\" \/>\n<script type=\"application\/ld+json\" class=\"yoast-schema-graph\">{\"@context\":\"https:\\\/\\\/schema.org\",\"@graph\":[{\"@type\":\"Article\",\"@id\":\"https:\\\/\\\/zonacaral.gob.pe\\\/es\\\/noticias\\\/dia-mundial-del-turismo-este-1-de-octubre-ingresa-gratis-a-la-ciudad-sagrada-de-caral-aspero-y-vichama\\\/#article\",\"isPartOf\":{\"@id\":\"https:\\\/\\\/zonacaral.gob.pe\\\/es\\\/noticias\\\/dia-mundial-del-turismo-este-1-de-octubre-ingresa-gratis-a-la-ciudad-sagrada-de-caral-aspero-y-vichama\\\/\"},\"author\":{\"name\":\"Zona Caral Administrador\",\"@id\":\"https:\\\/\\\/zonacaral.gob.pe\\\/es\\\/#\\\/schema\\\/person\\\/beddb4d22f71a7230c5b90913270a0ee\"},\"headline\":\"D\u00cdA MUNDIAL DEL TURISMO: este 1 de octubre ingresa gratis a la Ciudad Sagrada de Caral, \u00c1spero y Vichama\",\"datePublished\":\"2023-09-27T19:55:36+00:00\",\"mainEntityOfPage\":{\"@id\":\"https:\\\/\\\/zonacaral.gob.pe\\\/es\\\/noticias\\\/dia-mundial-del-turismo-este-1-de-octubre-ingresa-gratis-a-la-ciudad-sagrada-de-caral-aspero-y-vichama\\\/\"},\"wordCount\":631,\"image\":{\"@id\":\"https:\\\/\\\/zonacaral.gob.pe\\\/es\\\/noticias\\\/dia-mundial-del-turismo-este-1-de-octubre-ingresa-gratis-a-la-ciudad-sagrada-de-caral-aspero-y-vichama\\\/#primaryimage\"},\"thumbnailUrl\":\"https:\\\/\\\/zonacaral.gob.pe\\\/wp-content\\\/uploads\\\/2023\\\/09\\\/turismo-1.jpg\",\"keywords\":[\"caral\",\"Cultura\"],\"articleSection\":[\"noticias\"],\"inLanguage\":\"en-US\"},{\"@type\":\"WebPage\",\"@id\":\"https:\\\/\\\/zonacaral.gob.pe\\\/es\\\/noticias\\\/dia-mundial-del-turismo-este-1-de-octubre-ingresa-gratis-a-la-ciudad-sagrada-de-caral-aspero-y-vichama\\\/\",\"url\":\"https:\\\/\\\/zonacaral.gob.pe\\\/es\\\/noticias\\\/dia-mundial-del-turismo-este-1-de-octubre-ingresa-gratis-a-la-ciudad-sagrada-de-caral-aspero-y-vichama\\\/\",\"name\":\"D\u00cdA MUNDIAL DEL TURISMO: este 1 de octubre ingresa gratis a la Ciudad Sagrada de Caral, \u00c1spero y Vichama\",\"isPartOf\":{\"@id\":\"https:\\\/\\\/zonacaral.gob.pe\\\/es\\\/#website\"},\"primaryImageOfPage\":{\"@id\":\"https:\\\/\\\/zonacaral.gob.pe\\\/es\\\/noticias\\\/dia-mundial-del-turismo-este-1-de-octubre-ingresa-gratis-a-la-ciudad-sagrada-de-caral-aspero-y-vichama\\\/#primaryimage\"},\"image\":{\"@id\":\"https:\\\/\\\/zonacaral.gob.pe\\\/es\\\/noticias\\\/dia-mundial-del-turismo-este-1-de-octubre-ingresa-gratis-a-la-ciudad-sagrada-de-caral-aspero-y-vichama\\\/#primaryimage\"},\"thumbnailUrl\":\"https:\\\/\\\/zonacaral.gob.pe\\\/wp-content\\\/uploads\\\/2023\\\/09\\\/turismo-1.jpg\",\"datePublished\":\"2023-09-27T19:55:36+00:00\",\"author\":{\"@id\":\"https:\\\/\\\/zonacaral.gob.pe\\\/es\\\/#\\\/schema\\\/person\\\/beddb4d22f71a7230c5b90913270a0ee\"},\"description\":\"Con el fin de seguir promoviendo y difundiendo nuestra riqueza cultural; en especial, la desarrollada en el \u00e1rea norcentral del Per\u00fa, la Zona Arqueol\u00f3gica Caral, Unidad Ejecutora 003 del Ministerio de Cultura, invita a la poblaci\u00f3n a celebrar el D\u00eda Mundial del Turismo, ingresando de manera gratuita este 1 de octubre, a los sitios arqueol\u00f3gicos Ciudad Sagrada de Caral, \u00c1spero y Vichama.\",\"breadcrumb\":{\"@id\":\"https:\\\/\\\/zonacaral.gob.pe\\\/es\\\/noticias\\\/dia-mundial-del-turismo-este-1-de-octubre-ingresa-gratis-a-la-ciudad-sagrada-de-caral-aspero-y-vichama\\\/#breadcrumb\"},\"inLanguage\":\"en-US\",\"potentialAction\":[{\"@type\":\"ReadAction\",\"target\":[\"https:\\\/\\\/zonacaral.gob.pe\\\/es\\\/noticias\\\/dia-mundial-del-turismo-este-1-de-octubre-ingresa-gratis-a-la-ciudad-sagrada-de-caral-aspero-y-vichama\\\/\"]}]},{\"@type\":\"ImageObject\",\"inLanguage\":\"en-US\",\"@id\":\"https:\\\/\\\/zonacaral.gob.pe\\\/es\\\/noticias\\\/dia-mundial-del-turismo-este-1-de-octubre-ingresa-gratis-a-la-ciudad-sagrada-de-caral-aspero-y-vichama\\\/#primaryimage\",\"url\":\"https:\\\/\\\/zonacaral.gob.pe\\\/wp-content\\\/uploads\\\/2023\\\/09\\\/turismo-1.jpg\",\"contentUrl\":\"https:\\\/\\\/zonacaral.gob.pe\\\/wp-content\\\/uploads\\\/2023\\\/09\\\/turismo-1.jpg\",\"width\":645,\"height\":363},{\"@type\":\"BreadcrumbList\",\"@id\":\"https:\\\/\\\/zonacaral.gob.pe\\\/es\\\/noticias\\\/dia-mundial-del-turismo-este-1-de-octubre-ingresa-gratis-a-la-ciudad-sagrada-de-caral-aspero-y-vichama\\\/#breadcrumb\",\"itemListElement\":[{\"@type\":\"ListItem\",\"position\":1,\"name\":\"Portada\",\"item\":\"https:\\\/\\\/zonacaral.gob.pe\\\/\"},{\"@type\":\"ListItem\",\"position\":2,\"name\":\"D\u00cdA MUNDIAL DEL TURISMO: este 1 de octubre ingresa gratis a la Ciudad Sagrada de Caral, \u00c1spero y Vichama\"}]},{\"@type\":\"WebSite\",\"@id\":\"https:\\\/\\\/zonacaral.gob.pe\\\/es\\\/#website\",\"url\":\"https:\\\/\\\/zonacaral.gob.pe\\\/es\\\/\",\"name\":\"Zona Caral\",\"description\":\"Investigamos, conservamos y difundimos el patrimonio cultural de la Civilizaci\u00f3n Caral, la m\u00e1s antigua de Am\u00e9rica.\",\"potentialAction\":[{\"@type\":\"SearchAction\",\"target\":{\"@type\":\"EntryPoint\",\"urlTemplate\":\"https:\\\/\\\/zonacaral.gob.pe\\\/es\\\/?s={search_term_string}\"},\"query-input\":{\"@type\":\"PropertyValueSpecification\",\"valueRequired\":true,\"valueName\":\"search_term_string\"}}],\"inLanguage\":\"en-US\"},{\"@type\":\"Person\",\"@id\":\"https:\\\/\\\/zonacaral.gob.pe\\\/es\\\/#\\\/schema\\\/person\\\/beddb4d22f71a7230c5b90913270a0ee\",\"name\":\"Zona Caral Administrador\",\"image\":{\"@type\":\"ImageObject\",\"inLanguage\":\"en-US\",\"@id\":\"https:\\\/\\\/secure.gravatar.com\\\/avatar\\\/e4be162918a696358376de6446614e0f0f4062bdc5d170d6d540ada3d8b58c12?s=96&d=mm&r=g\",\"url\":\"https:\\\/\\\/secure.gravatar.com\\\/avatar\\\/e4be162918a696358376de6446614e0f0f4062bdc5d170d6d540ada3d8b58c12?s=96&d=mm&r=g\",\"contentUrl\":\"https:\\\/\\\/secure.gravatar.com\\\/avatar\\\/e4be162918a696358376de6446614e0f0f4062bdc5d170d6d540ada3d8b58c12?s=96&d=mm&r=g\",\"caption\":\"Zona Caral Administrador\"},\"sameAs\":[\"https:\\\/\\\/zonacaral.gob.pe\"],\"url\":\"https:\\\/\\\/zonacaral.gob.pe\\\/en\\\/noticias\\\/author\\\/ad_zonacaral\\\/\"}]}<\/script>\n<!-- \/ Yoast SEO plugin. -->","yoast_head_json":{"title":"D\u00cdA MUNDIAL DEL TURISMO: este 1 de octubre ingresa gratis a la Ciudad Sagrada de Caral, \u00c1spero y Vichama","description":"Con el fin de seguir promoviendo y difundiendo nuestra riqueza cultural; en especial, la desarrollada en el \u00e1rea norcentral del Per\u00fa, la Zona Arqueol\u00f3gica Caral, Unidad Ejecutora 003 del Ministerio de Cultura, invita a la poblaci\u00f3n a celebrar el D\u00eda Mundial del Turismo, ingresando de manera gratuita este 1 de octubre, a los sitios arqueol\u00f3gicos Ciudad Sagrada de Caral, \u00c1spero y Vichama.","robots":{"index":"index","follow":"follow","max-snippet":"max-snippet:-1","max-image-preview":"max-image-preview:large","max-video-preview":"max-video-preview:-1"},"canonical":"https:\/\/zonacaral.gob.pe\/en\/noticias\/dia-mundial-del-turismo-este-1-de-octubre-ingresa-gratis-a-la-ciudad-sagrada-de-caral-aspero-y-vichama\/","og_locale":"en_US","og_type":"article","og_title":"D\u00cdA MUNDIAL DEL TURISMO: este 1 de octubre ingresa gratis a la Ciudad Sagrada de Caral, \u00c1spero y Vichama","og_description":"Con el fin de seguir promoviendo y difundiendo nuestra riqueza cultural; en especial, la desarrollada en el \u00e1rea norcentral del Per\u00fa, la Zona Arqueol\u00f3gica Caral, Unidad Ejecutora 003 del Ministerio de Cultura, invita a la poblaci\u00f3n a celebrar el D\u00eda Mundial del Turismo, ingresando de manera gratuita este 1 de octubre, a los sitios arqueol\u00f3gicos Ciudad Sagrada de Caral, \u00c1spero y Vichama.","og_url":"https:\/\/zonacaral.gob.pe\/en\/noticias\/dia-mundial-del-turismo-este-1-de-octubre-ingresa-gratis-a-la-ciudad-sagrada-de-caral-aspero-y-vichama\/","og_site_name":"Zona Caral","article_published_time":"2023-09-27T19:55:36+00:00","og_image":[{"width":645,"height":363,"url":"https:\/\/zonacaral.gob.pe\/wp-content\/uploads\/2023\/09\/turismo-1.jpg","type":"image\/jpeg"}],"author":"Zona Caral Administrador","twitter_card":"summary_large_image","twitter_misc":{"Written by":"Zona Caral Administrador","Est. reading time":"3 minutes"},"schema":{"@context":"https:\/\/schema.org","@graph":[{"@type":"Article","@id":"https:\/\/zonacaral.gob.pe\/es\/noticias\/dia-mundial-del-turismo-este-1-de-octubre-ingresa-gratis-a-la-ciudad-sagrada-de-caral-aspero-y-vichama\/#article","isPartOf":{"@id":"https:\/\/zonacaral.gob.pe\/es\/noticias\/dia-mundial-del-turismo-este-1-de-octubre-ingresa-gratis-a-la-ciudad-sagrada-de-caral-aspero-y-vichama\/"},"author":{"name":"Zona Caral Administrador","@id":"https:\/\/zonacaral.gob.pe\/es\/#\/schema\/person\/beddb4d22f71a7230c5b90913270a0ee"},"headline":"D\u00cdA MUNDIAL DEL TURISMO: este 1 de octubre ingresa gratis a la Ciudad Sagrada de Caral, \u00c1spero y Vichama","datePublished":"2023-09-27T19:55:36+00:00","mainEntityOfPage":{"@id":"https:\/\/zonacaral.gob.pe\/es\/noticias\/dia-mundial-del-turismo-este-1-de-octubre-ingresa-gratis-a-la-ciudad-sagrada-de-caral-aspero-y-vichama\/"},"wordCount":631,"image":{"@id":"https:\/\/zonacaral.gob.pe\/es\/noticias\/dia-mundial-del-turismo-este-1-de-octubre-ingresa-gratis-a-la-ciudad-sagrada-de-caral-aspero-y-vichama\/#primaryimage"},"thumbnailUrl":"https:\/\/zonacaral.gob.pe\/wp-content\/uploads\/2023\/09\/turismo-1.jpg","keywords":["caral","Cultura"],"articleSection":["noticias"],"inLanguage":"en-US"},{"@type":"WebPage","@id":"https:\/\/zonacaral.gob.pe\/es\/noticias\/dia-mundial-del-turismo-este-1-de-octubre-ingresa-gratis-a-la-ciudad-sagrada-de-caral-aspero-y-vichama\/","url":"https:\/\/zonacaral.gob.pe\/es\/noticias\/dia-mundial-del-turismo-este-1-de-octubre-ingresa-gratis-a-la-ciudad-sagrada-de-caral-aspero-y-vichama\/","name":"D\u00cdA MUNDIAL DEL TURISMO: este 1 de octubre ingresa gratis a la Ciudad Sagrada de Caral, \u00c1spero y Vichama","isPartOf":{"@id":"https:\/\/zonacaral.gob.pe\/es\/#website"},"primaryImageOfPage":{"@id":"https:\/\/zonacaral.gob.pe\/es\/noticias\/dia-mundial-del-turismo-este-1-de-octubre-ingresa-gratis-a-la-ciudad-sagrada-de-caral-aspero-y-vichama\/#primaryimage"},"image":{"@id":"https:\/\/zonacaral.gob.pe\/es\/noticias\/dia-mundial-del-turismo-este-1-de-octubre-ingresa-gratis-a-la-ciudad-sagrada-de-caral-aspero-y-vichama\/#primaryimage"},"thumbnailUrl":"https:\/\/zonacaral.gob.pe\/wp-content\/uploads\/2023\/09\/turismo-1.jpg","datePublished":"2023-09-27T19:55:36+00:00","author":{"@id":"https:\/\/zonacaral.gob.pe\/es\/#\/schema\/person\/beddb4d22f71a7230c5b90913270a0ee"},"description":"Con el fin de seguir promoviendo y difundiendo nuestra riqueza cultural; en especial, la desarrollada en el \u00e1rea norcentral del Per\u00fa, la Zona Arqueol\u00f3gica Caral, Unidad Ejecutora 003 del Ministerio de Cultura, invita a la poblaci\u00f3n a celebrar el D\u00eda Mundial del Turismo, ingresando de manera gratuita este 1 de octubre, a los sitios arqueol\u00f3gicos Ciudad Sagrada de Caral, \u00c1spero y Vichama.","breadcrumb":{"@id":"https:\/\/zonacaral.gob.pe\/es\/noticias\/dia-mundial-del-turismo-este-1-de-octubre-ingresa-gratis-a-la-ciudad-sagrada-de-caral-aspero-y-vichama\/#breadcrumb"},"inLanguage":"en-US","potentialAction":[{"@type":"ReadAction","target":["https:\/\/zonacaral.gob.pe\/es\/noticias\/dia-mundial-del-turismo-este-1-de-octubre-ingresa-gratis-a-la-ciudad-sagrada-de-caral-aspero-y-vichama\/"]}]},{"@type":"ImageObject","inLanguage":"en-US","@id":"https:\/\/zonacaral.gob.pe\/es\/noticias\/dia-mundial-del-turismo-este-1-de-octubre-ingresa-gratis-a-la-ciudad-sagrada-de-caral-aspero-y-vichama\/#primaryimage","url":"https:\/\/zonacaral.gob.pe\/wp-content\/uploads\/2023\/09\/turismo-1.jpg","contentUrl":"https:\/\/zonacaral.gob.pe\/wp-content\/uploads\/2023\/09\/turismo-1.jpg","width":645,"height":363},{"@type":"BreadcrumbList","@id":"https:\/\/zonacaral.gob.pe\/es\/noticias\/dia-mundial-del-turismo-este-1-de-octubre-ingresa-gratis-a-la-ciudad-sagrada-de-caral-aspero-y-vichama\/#breadcrumb","itemListElement":[{"@type":"ListItem","position":1,"name":"Portada","item":"https:\/\/zonacaral.gob.pe\/"},{"@type":"ListItem","position":2,"name":"D\u00cdA MUNDIAL DEL TURISMO: este 1 de octubre ingresa gratis a la Ciudad Sagrada de Caral, \u00c1spero y Vichama"}]},{"@type":"WebSite","@id":"https:\/\/zonacaral.gob.pe\/es\/#website","url":"https:\/\/zonacaral.gob.pe\/es\/","name":"Zona Caral","description":"Investigamos, conservamos y difundimos el patrimonio cultural de la Civilizaci\u00f3n Caral, la m\u00e1s antigua de Am\u00e9rica.","potentialAction":[{"@type":"SearchAction","target":{"@type":"EntryPoint","urlTemplate":"https:\/\/zonacaral.gob.pe\/es\/?s={search_term_string}"},"query-input":{"@type":"PropertyValueSpecification","valueRequired":true,"valueName":"search_term_string"}}],"inLanguage":"en-US"},{"@type":"Person","@id":"https:\/\/zonacaral.gob.pe\/es\/#\/schema\/person\/beddb4d22f71a7230c5b90913270a0ee","name":"Zona Caral Administrador","image":{"@type":"ImageObject","inLanguage":"en-US","@id":"https:\/\/secure.gravatar.com\/avatar\/e4be162918a696358376de6446614e0f0f4062bdc5d170d6d540ada3d8b58c12?s=96&d=mm&r=g","url":"https:\/\/secure.gravatar.com\/avatar\/e4be162918a696358376de6446614e0f0f4062bdc5d170d6d540ada3d8b58c12?s=96&d=mm&r=g","contentUrl":"https:\/\/secure.gravatar.com\/avatar\/e4be162918a696358376de6446614e0f0f4062bdc5d170d6d540ada3d8b58c12?s=96&d=mm&r=g","caption":"Zona Caral Administrador"},"sameAs":["https:\/\/zonacaral.gob.pe"],"url":"https:\/\/zonacaral.gob.pe\/en\/noticias\/author\/ad_zonacaral\/"}]}},"_links":{"self":[{"href":"https:\/\/zonacaral.gob.pe\/en\/wp-json\/wp\/v2\/posts\/17048","targetHints":{"allow":["GET"]}}],"collection":[{"href":"https:\/\/zonacaral.gob.pe\/en\/wp-json\/wp\/v2\/posts"}],"about":[{"href":"https:\/\/zonacaral.gob.pe\/en\/wp-json\/wp\/v2\/types\/post"}],"author":[{"embeddable":true,"href":"https:\/\/zonacaral.gob.pe\/en\/wp-json\/wp\/v2\/users\/1"}],"replies":[{"embeddable":true,"href":"https:\/\/zonacaral.gob.pe\/en\/wp-json\/wp\/v2\/comments?post=17048"}],"version-history":[{"count":0,"href":"https:\/\/zonacaral.gob.pe\/en\/wp-json\/wp\/v2\/posts\/17048\/revisions"}],"wp:featuredmedia":[{"embeddable":true,"href":"https:\/\/zonacaral.gob.pe\/en\/wp-json\/wp\/v2\/media\/17050"}],"wp:attachment":[{"href":"https:\/\/zonacaral.gob.pe\/en\/wp-json\/wp\/v2\/media?parent=17048"}],"wp:term":[{"taxonomy":"category","embeddable":true,"href":"https:\/\/zonacaral.gob.pe\/en\/wp-json\/wp\/v2\/categories?post=17048"},{"taxonomy":"post_tag","embeddable":true,"href":"https:\/\/zonacaral.gob.pe\/en\/wp-json\/wp\/v2\/tags?post=17048"}],"curies":[{"name":"wp","href":"https:\/\/api.w.org\/{rel}","templated":true}]}}