{"id":17084,"date":"2023-10-05T11:06:54","date_gmt":"2023-10-05T16:06:54","guid":{"rendered":"https:\/\/www.zonacaral.gob.pe\/?p=17084"},"modified":"2023-10-05T11:06:54","modified_gmt":"2023-10-05T16:06:54","slug":"artista-peruana-pinta-cuadros-inspirados-en-caral-para-exponerlos-en-ee-uu-2","status":"publish","type":"post","link":"https:\/\/zonacaral.gob.pe\/en\/noticias\/artista-peruana-pinta-cuadros-inspirados-en-caral-para-exponerlos-en-ee-uu-2\/","title":{"rendered":"Destacados investigadores brindar\u00e1n conferencias gratuitas sobre la historia milenaria prehisp\u00e1nica del Per\u00fa"},"content":{"rendered":"<figure class=\"pic-autor\" style=\"color: #4d4d4d; text-align: justify;\"><\/figure>\n<div class=\"gmail_default\" style=\"text-align: justify;\">\n<blockquote>\n<p><i><span style=\"font-weight: 400;\">Miradas expertas y anal\u00edticas que abarcar\u00e1n desde el desarrollo de la civilizaci\u00f3n Caral (3000 a. C.) hasta el periodo Inca (1440 d. C).<\/span><\/i><\/p>\n<\/blockquote>\n<p><span style=\"font-weight: 400;\">Los d\u00edas mi\u00e9rcoles 11, jueves 12 y viernes 13 de octubre destacados arque\u00f3logos e investigadores peruanos participar\u00e1n del evento \u00abEl Futuro del Pasado: Un Balance Cr\u00edtico de la Historia Milenaria Prehisp\u00e1nica del Per\u00fa\u00bb, en el que presentar\u00e1n los resultados de sus investigaciones sobre el milenario y complejo desarrollo cultural del Per\u00fa.<\/span><\/p>\n<p><span style=\"font-weight: 400;\">Este importante encuentro arqueol\u00f3gico, abierto al p\u00fablico en general, se realizar\u00e1 en el Sal\u00f3n General del Centro Cultural de Universidad Nacional Mayor de San Marcos (avenida Nicol\u00e1s de Pi\u00e9rola 1222, Parque Universitario, Lima). Tambi\u00e9n ser\u00e1 transmitido por las plataformas de Zoom y Facebook Live. Inscripciones:<\/span><a href=\"https:\/\/bit.ly\/Conferencia_Arqueolog%C3%ADaSocial\"> <span style=\"font-weight: 400;\"><span style=\"color: #6b0505;\">https:\/\/bit.ly\/Conferencia_Arqueolog\u00edaSocial<\/span><\/span><\/a><span style=\"font-weight: 400;\"> (Se entregar\u00e1n certificados).<\/span><\/p>\n<p><span style=\"font-weight: 400;\">El evento \u00abEl Futuro del Pasado: Un Balance Cr\u00edtico de la Historia Milenaria Prehisp\u00e1nica del Per\u00fa\u00bb, organizado por la Zona Arqueol\u00f3gica Caral, Unidad Ejecutora 003 del Ministerio de Cultura y la Facultad de Ciencias Sociales de la Universidad Nacional Mayor de San Marcos, tiene como objetivo principal realizar un examen cr\u00edtico de las investigaciones arqueol\u00f3gicas sobre los diferentes momentos del largo y muy din\u00e1mico pasado prehisp\u00e1nico del territorio que hoy ocupa nuestro pa\u00eds.<\/span><\/p>\n<p><span style=\"font-weight: 400;\">La evaluaci\u00f3n propuesta permitir\u00e1 ubicar las coordenadas sociales, culturales, pol\u00edticas, econ\u00f3micas y tecnol\u00f3gicas que hicieron posible el surgimiento y desarrollo de sociedades complejas en un contexto ecol\u00f3gico megadiverso como el andino-amaz\u00f3nico.<\/span><\/p>\n<p><span style=\"font-weight: 400;\">Por ello se ha convocado la participaci\u00f3n de un selecto grupo de investigadores e investigadoras de distintas y prestigiosas instituciones de nuestro pa\u00eds, que desde sus particulares perspectivas y reflexiones te\u00f3ricas enriquecer\u00e1n el debate y el conocimiento de aquellas sociedades que durante milenios habitaron en lo que hoy denominamos Per\u00fa.<\/span><\/p>\n<p><b>Participan:<\/b><\/p>\n<p><span style=\"font-weight: 400;\">En estos tres d\u00edas de evento se tendr\u00e1 la participaci\u00f3n de la doctora Ruth Shady Sol\u00eds, directora de la Zona Arqueol\u00f3gica Caral, Unidad Ejecutora 003 del Ministerio de Cultura del Per\u00fa; el Dr. Heraclio Bonilla Mayta, historiador y antrop\u00f3logo peruano el Dr. Peter Kaulicke Roermann, Profesor Principal de la Secci\u00f3n Arqueolog\u00eda, Departamento de Humanidades de la Pontificia Universidad Cat\u00f3lica del Per\u00fa; el Mag. Gori Tumi Echevarr\u00eda L\u00f3pez, presidente de la Asociaci\u00f3n Peruana de Arte Rupestre (APAR).<\/span><\/p>\n<p><span style=\"font-weight: 400;\">Tambi\u00e9n participan el Dr. Jorge Silva Sifuentes, director de la Unidad de Posgrado de la Facultad de Ciencias Sociales de la Universidad Nacional Mayor de San Marcos (UNMSM), el Mag. Juan Pablo Villanueva Hidalgo, profesor e investigador asociado de la UNMSM; la destacada historiadora. Maritza Villavicencio; el Dr. Daniel Castillo Ben\u00edtez; el director del Centro de Investigaci\u00f3n para la Arqueolog\u00eda y el Desarrollo, Johny Isla Cuadrado; el Dr. Jonathan Palacios; el Dr. Jos\u00e9 Ochatoma Paravicino, Profesor Principal de la Universidad Nacional de San Crist\u00f3bal de Huamanga; la doctora Martha Cabrera Romero, Profesora Principal de la Universidad Nacional de San Crist\u00f3bal de Huamanga; el Dr. Carlos Elera Ar\u00e9valo, director del Museo Nacional de Sic\u00e1n, de Ferre\u00f1afe; el Mag. Carlos Wester La Torre, director del Museo Arqueol\u00f3gico Nacional Br\u00fcning, de Lambayeque; y la Dra. Luisa D\u00edaz Arriola, directora del Departamento Acad\u00e9mico de Arqueolog\u00eda de la Facultad de Ciencias Sociales de la UNMSM.<\/span><\/p>\n<p><span style=\"font-weight: 400;\">Conoce el programa completo aqu\u00ed: <span style=\"color: #6b0505;\">https:\/\/bit.ly\/Programa_ConferenciaArqueologia<\/span><\/span><\/p>\n<p><span style=\"color: #6b0505;\"><strong style=\"font-size: inherit; text-align: justify;\">Fuente: Comunicaci\u00f3n e Imagen Institucional ZAC<\/strong><\/span><\/p>\n<\/div>\n<div style=\"color: #1f1f1f;\">\n<div style=\"color: #1f1f1f;\">\n<p style=\"text-align: justify;\">Fecha de publicaci\u00f3n: 05\/10\/2023<\/p>\n<\/div>\n<\/div>\n\n\n<p><\/p>","protected":false},"excerpt":{"rendered":"<p>Miradas expertas y anal\u00edticas que abarcar\u00e1n desde el desarrollo de la civilizaci\u00f3n Caral (3000 a. C.) hasta el periodo Inca [&hellip;]<\/p>\n","protected":false},"author":1,"featured_media":17087,"comment_status":"closed","ping_status":"open","sticky":false,"template":"","format":"standard","meta":{"_acf_changed":false,"site-sidebar-layout":"default","site-content-layout":"","ast-site-content-layout":"default","site-content-style":"default","site-sidebar-style":"default","ast-global-header-display":"","ast-banner-title-visibility":"","ast-main-header-display":"","ast-hfb-above-header-display":"","ast-hfb-below-header-display":"","ast-hfb-mobile-header-display":"","site-post-title":"","ast-breadcrumbs-content":"","ast-featured-img":"","footer-sml-layout":"","ast-disable-related-posts":"","theme-transparent-header-meta":"","adv-header-id-meta":"","stick-header-meta":"","header-above-stick-meta":"","header-main-stick-meta":"","header-below-stick-meta":"","astra-migrate-meta-layouts":"default","ast-page-background-enabled":"default","ast-page-background-meta":{"desktop":{"background-color":"var(--ast-global-color-5)","background-image":"","background-repeat":"repeat","background-position":"center center","background-size":"auto","background-attachment":"scroll","background-type":"","background-media":"","overlay-type":"","overlay-color":"","overlay-opacity":"","overlay-gradient":""},"tablet":{"background-color":"","background-image":"","background-repeat":"repeat","background-position":"center center","background-size":"auto","background-attachment":"scroll","background-type":"","background-media":"","overlay-type":"","overlay-color":"","overlay-opacity":"","overlay-gradient":""},"mobile":{"background-color":"","background-image":"","background-repeat":"repeat","background-position":"center center","background-size":"auto","background-attachment":"scroll","background-type":"","background-media":"","overlay-type":"","overlay-color":"","overlay-opacity":"","overlay-gradient":""}},"ast-content-background-meta":{"desktop":{"background-color":"var(--ast-global-color-4)","background-image":"","background-repeat":"repeat","background-position":"center center","background-size":"auto","background-attachment":"scroll","background-type":"","background-media":"","overlay-type":"","overlay-color":"","overlay-opacity":"","overlay-gradient":""},"tablet":{"background-color":"var(--ast-global-color-4)","background-image":"","background-repeat":"repeat","background-position":"center center","background-size":"auto","background-attachment":"scroll","background-type":"","background-media":"","overlay-type":"","overlay-color":"","overlay-opacity":"","overlay-gradient":""},"mobile":{"background-color":"var(--ast-global-color-4)","background-image":"","background-repeat":"repeat","background-position":"center center","background-size":"auto","background-attachment":"scroll","background-type":"","background-media":"","overlay-type":"","overlay-color":"","overlay-opacity":"","overlay-gradient":""}},"footnotes":""},"categories":[208],"tags":[55,72],"class_list":["post-17084","post","type-post","status-publish","format-standard","has-post-thumbnail","hentry","category-noticias","tag-caral","tag-cultura"],"acf":[],"yoast_head":"<!-- This site is optimized with the Yoast SEO plugin v27.3 - https:\/\/yoast.com\/product\/yoast-seo-wordpress\/ -->\n<title>Destacados investigadores brindar\u00e1n conferencias gratuitas sobre la historia milenaria prehisp\u00e1nica del Per\u00fa<\/title>\n<meta name=\"description\" content=\"Los d\u00edas mi\u00e9rcoles 11, jueves 12 y viernes 13 de octubre destacados arque\u00f3logos e investigadores peruanos participar\u00e1n del evento \u00abEl Futuro del Pasado: Un Balance Cr\u00edtico de la Historia Milenaria Prehisp\u00e1nica del Per\u00fa\u00bb, en el que presentar\u00e1n los resultados de sus investigaciones sobre el milenario y complejo desarrollo cultural del Per\u00fa.\" \/>\n<meta name=\"robots\" content=\"index, follow, max-snippet:-1, max-image-preview:large, max-video-preview:-1\" \/>\n<link rel=\"canonical\" href=\"https:\/\/zonacaral.gob.pe\/en\/noticias\/artista-peruana-pinta-cuadros-inspirados-en-caral-para-exponerlos-en-ee-uu-2\/\" \/>\n<meta property=\"og:locale\" content=\"en_US\" \/>\n<meta property=\"og:type\" content=\"article\" \/>\n<meta property=\"og:title\" content=\"Destacados investigadores brindar\u00e1n conferencias gratuitas sobre la historia milenaria prehisp\u00e1nica del Per\u00fa\" \/>\n<meta property=\"og:description\" content=\"Los d\u00edas mi\u00e9rcoles 11, jueves 12 y viernes 13 de octubre destacados arque\u00f3logos e investigadores peruanos participar\u00e1n del evento \u00abEl Futuro del Pasado: Un Balance Cr\u00edtico de la Historia Milenaria Prehisp\u00e1nica del Per\u00fa\u00bb, en el que presentar\u00e1n los resultados de sus investigaciones sobre el milenario y complejo desarrollo cultural del Per\u00fa.\" \/>\n<meta property=\"og:url\" content=\"https:\/\/zonacaral.gob.pe\/en\/noticias\/artista-peruana-pinta-cuadros-inspirados-en-caral-para-exponerlos-en-ee-uu-2\/\" \/>\n<meta property=\"og:site_name\" content=\"Zona Caral\" \/>\n<meta property=\"article:published_time\" content=\"2023-10-05T16:06:54+00:00\" \/>\n<meta property=\"og:image\" content=\"https:\/\/zonacaral.gob.pe\/wp-content\/uploads\/2023\/10\/evento-arqueologia.jpg\" \/>\n\t<meta property=\"og:image:width\" content=\"1170\" \/>\n\t<meta property=\"og:image:height\" content=\"610\" \/>\n\t<meta property=\"og:image:type\" content=\"image\/jpeg\" \/>\n<meta name=\"author\" content=\"Zona Caral Administrador\" \/>\n<meta name=\"twitter:card\" content=\"summary_large_image\" \/>\n<meta name=\"twitter:label1\" content=\"Written by\" \/>\n\t<meta name=\"twitter:data1\" content=\"Zona Caral Administrador\" \/>\n\t<meta name=\"twitter:label2\" content=\"Est. reading time\" \/>\n\t<meta name=\"twitter:data2\" content=\"3 minutes\" \/>\n<script type=\"application\/ld+json\" class=\"yoast-schema-graph\">{\"@context\":\"https:\\\/\\\/schema.org\",\"@graph\":[{\"@type\":\"Article\",\"@id\":\"https:\\\/\\\/zonacaral.gob.pe\\\/es\\\/noticias\\\/artista-peruana-pinta-cuadros-inspirados-en-caral-para-exponerlos-en-ee-uu-2\\\/#article\",\"isPartOf\":{\"@id\":\"https:\\\/\\\/zonacaral.gob.pe\\\/es\\\/noticias\\\/artista-peruana-pinta-cuadros-inspirados-en-caral-para-exponerlos-en-ee-uu-2\\\/\"},\"author\":{\"name\":\"Zona Caral Administrador\",\"@id\":\"https:\\\/\\\/zonacaral.gob.pe\\\/es\\\/#\\\/schema\\\/person\\\/beddb4d22f71a7230c5b90913270a0ee\"},\"headline\":\"Destacados investigadores brindar\u00e1n conferencias gratuitas sobre la historia milenaria prehisp\u00e1nica del Per\u00fa\",\"datePublished\":\"2023-10-05T16:06:54+00:00\",\"mainEntityOfPage\":{\"@id\":\"https:\\\/\\\/zonacaral.gob.pe\\\/es\\\/noticias\\\/artista-peruana-pinta-cuadros-inspirados-en-caral-para-exponerlos-en-ee-uu-2\\\/\"},\"wordCount\":596,\"image\":{\"@id\":\"https:\\\/\\\/zonacaral.gob.pe\\\/es\\\/noticias\\\/artista-peruana-pinta-cuadros-inspirados-en-caral-para-exponerlos-en-ee-uu-2\\\/#primaryimage\"},\"thumbnailUrl\":\"https:\\\/\\\/zonacaral.gob.pe\\\/wp-content\\\/uploads\\\/2023\\\/10\\\/evento-arqueologia.jpg\",\"keywords\":[\"caral\",\"Cultura\"],\"articleSection\":[\"noticias\"],\"inLanguage\":\"en-US\"},{\"@type\":\"WebPage\",\"@id\":\"https:\\\/\\\/zonacaral.gob.pe\\\/es\\\/noticias\\\/artista-peruana-pinta-cuadros-inspirados-en-caral-para-exponerlos-en-ee-uu-2\\\/\",\"url\":\"https:\\\/\\\/zonacaral.gob.pe\\\/es\\\/noticias\\\/artista-peruana-pinta-cuadros-inspirados-en-caral-para-exponerlos-en-ee-uu-2\\\/\",\"name\":\"Destacados investigadores brindar\u00e1n conferencias gratuitas sobre la historia milenaria prehisp\u00e1nica del Per\u00fa\",\"isPartOf\":{\"@id\":\"https:\\\/\\\/zonacaral.gob.pe\\\/es\\\/#website\"},\"primaryImageOfPage\":{\"@id\":\"https:\\\/\\\/zonacaral.gob.pe\\\/es\\\/noticias\\\/artista-peruana-pinta-cuadros-inspirados-en-caral-para-exponerlos-en-ee-uu-2\\\/#primaryimage\"},\"image\":{\"@id\":\"https:\\\/\\\/zonacaral.gob.pe\\\/es\\\/noticias\\\/artista-peruana-pinta-cuadros-inspirados-en-caral-para-exponerlos-en-ee-uu-2\\\/#primaryimage\"},\"thumbnailUrl\":\"https:\\\/\\\/zonacaral.gob.pe\\\/wp-content\\\/uploads\\\/2023\\\/10\\\/evento-arqueologia.jpg\",\"datePublished\":\"2023-10-05T16:06:54+00:00\",\"author\":{\"@id\":\"https:\\\/\\\/zonacaral.gob.pe\\\/es\\\/#\\\/schema\\\/person\\\/beddb4d22f71a7230c5b90913270a0ee\"},\"description\":\"Los d\u00edas mi\u00e9rcoles 11, jueves 12 y viernes 13 de octubre destacados arque\u00f3logos e investigadores peruanos participar\u00e1n del evento \u00abEl Futuro del Pasado: Un Balance Cr\u00edtico de la Historia Milenaria Prehisp\u00e1nica del Per\u00fa\u00bb, en el que presentar\u00e1n los resultados de sus investigaciones sobre el milenario y complejo desarrollo cultural del Per\u00fa.\",\"breadcrumb\":{\"@id\":\"https:\\\/\\\/zonacaral.gob.pe\\\/es\\\/noticias\\\/artista-peruana-pinta-cuadros-inspirados-en-caral-para-exponerlos-en-ee-uu-2\\\/#breadcrumb\"},\"inLanguage\":\"en-US\",\"potentialAction\":[{\"@type\":\"ReadAction\",\"target\":[\"https:\\\/\\\/zonacaral.gob.pe\\\/es\\\/noticias\\\/artista-peruana-pinta-cuadros-inspirados-en-caral-para-exponerlos-en-ee-uu-2\\\/\"]}]},{\"@type\":\"ImageObject\",\"inLanguage\":\"en-US\",\"@id\":\"https:\\\/\\\/zonacaral.gob.pe\\\/es\\\/noticias\\\/artista-peruana-pinta-cuadros-inspirados-en-caral-para-exponerlos-en-ee-uu-2\\\/#primaryimage\",\"url\":\"https:\\\/\\\/zonacaral.gob.pe\\\/wp-content\\\/uploads\\\/2023\\\/10\\\/evento-arqueologia.jpg\",\"contentUrl\":\"https:\\\/\\\/zonacaral.gob.pe\\\/wp-content\\\/uploads\\\/2023\\\/10\\\/evento-arqueologia.jpg\",\"width\":1170,\"height\":610},{\"@type\":\"BreadcrumbList\",\"@id\":\"https:\\\/\\\/zonacaral.gob.pe\\\/es\\\/noticias\\\/artista-peruana-pinta-cuadros-inspirados-en-caral-para-exponerlos-en-ee-uu-2\\\/#breadcrumb\",\"itemListElement\":[{\"@type\":\"ListItem\",\"position\":1,\"name\":\"Portada\",\"item\":\"https:\\\/\\\/zonacaral.gob.pe\\\/\"},{\"@type\":\"ListItem\",\"position\":2,\"name\":\"Destacados investigadores brindar\u00e1n conferencias gratuitas sobre la historia milenaria prehisp\u00e1nica del Per\u00fa\"}]},{\"@type\":\"WebSite\",\"@id\":\"https:\\\/\\\/zonacaral.gob.pe\\\/es\\\/#website\",\"url\":\"https:\\\/\\\/zonacaral.gob.pe\\\/es\\\/\",\"name\":\"Zona Caral\",\"description\":\"Investigamos, conservamos y difundimos el patrimonio cultural de la Civilizaci\u00f3n Caral, la m\u00e1s antigua de Am\u00e9rica.\",\"potentialAction\":[{\"@type\":\"SearchAction\",\"target\":{\"@type\":\"EntryPoint\",\"urlTemplate\":\"https:\\\/\\\/zonacaral.gob.pe\\\/es\\\/?s={search_term_string}\"},\"query-input\":{\"@type\":\"PropertyValueSpecification\",\"valueRequired\":true,\"valueName\":\"search_term_string\"}}],\"inLanguage\":\"en-US\"},{\"@type\":\"Person\",\"@id\":\"https:\\\/\\\/zonacaral.gob.pe\\\/es\\\/#\\\/schema\\\/person\\\/beddb4d22f71a7230c5b90913270a0ee\",\"name\":\"Zona Caral Administrador\",\"image\":{\"@type\":\"ImageObject\",\"inLanguage\":\"en-US\",\"@id\":\"https:\\\/\\\/secure.gravatar.com\\\/avatar\\\/e4be162918a696358376de6446614e0f0f4062bdc5d170d6d540ada3d8b58c12?s=96&d=mm&r=g\",\"url\":\"https:\\\/\\\/secure.gravatar.com\\\/avatar\\\/e4be162918a696358376de6446614e0f0f4062bdc5d170d6d540ada3d8b58c12?s=96&d=mm&r=g\",\"contentUrl\":\"https:\\\/\\\/secure.gravatar.com\\\/avatar\\\/e4be162918a696358376de6446614e0f0f4062bdc5d170d6d540ada3d8b58c12?s=96&d=mm&r=g\",\"caption\":\"Zona Caral Administrador\"},\"sameAs\":[\"https:\\\/\\\/zonacaral.gob.pe\"],\"url\":\"https:\\\/\\\/zonacaral.gob.pe\\\/en\\\/noticias\\\/author\\\/ad_zonacaral\\\/\"}]}<\/script>\n<!-- \/ Yoast SEO plugin. -->","yoast_head_json":{"title":"Destacados investigadores brindar\u00e1n conferencias gratuitas sobre la historia milenaria prehisp\u00e1nica del Per\u00fa","description":"Los d\u00edas mi\u00e9rcoles 11, jueves 12 y viernes 13 de octubre destacados arque\u00f3logos e investigadores peruanos participar\u00e1n del evento \u00abEl Futuro del Pasado: Un Balance Cr\u00edtico de la Historia Milenaria Prehisp\u00e1nica del Per\u00fa\u00bb, en el que presentar\u00e1n los resultados de sus investigaciones sobre el milenario y complejo desarrollo cultural del Per\u00fa.","robots":{"index":"index","follow":"follow","max-snippet":"max-snippet:-1","max-image-preview":"max-image-preview:large","max-video-preview":"max-video-preview:-1"},"canonical":"https:\/\/zonacaral.gob.pe\/en\/noticias\/artista-peruana-pinta-cuadros-inspirados-en-caral-para-exponerlos-en-ee-uu-2\/","og_locale":"en_US","og_type":"article","og_title":"Destacados investigadores brindar\u00e1n conferencias gratuitas sobre la historia milenaria prehisp\u00e1nica del Per\u00fa","og_description":"Los d\u00edas mi\u00e9rcoles 11, jueves 12 y viernes 13 de octubre destacados arque\u00f3logos e investigadores peruanos participar\u00e1n del evento \u00abEl Futuro del Pasado: Un Balance Cr\u00edtico de la Historia Milenaria Prehisp\u00e1nica del Per\u00fa\u00bb, en el que presentar\u00e1n los resultados de sus investigaciones sobre el milenario y complejo desarrollo cultural del Per\u00fa.","og_url":"https:\/\/zonacaral.gob.pe\/en\/noticias\/artista-peruana-pinta-cuadros-inspirados-en-caral-para-exponerlos-en-ee-uu-2\/","og_site_name":"Zona Caral","article_published_time":"2023-10-05T16:06:54+00:00","og_image":[{"width":1170,"height":610,"url":"https:\/\/zonacaral.gob.pe\/wp-content\/uploads\/2023\/10\/evento-arqueologia.jpg","type":"image\/jpeg"}],"author":"Zona Caral Administrador","twitter_card":"summary_large_image","twitter_misc":{"Written by":"Zona Caral Administrador","Est. reading time":"3 minutes"},"schema":{"@context":"https:\/\/schema.org","@graph":[{"@type":"Article","@id":"https:\/\/zonacaral.gob.pe\/es\/noticias\/artista-peruana-pinta-cuadros-inspirados-en-caral-para-exponerlos-en-ee-uu-2\/#article","isPartOf":{"@id":"https:\/\/zonacaral.gob.pe\/es\/noticias\/artista-peruana-pinta-cuadros-inspirados-en-caral-para-exponerlos-en-ee-uu-2\/"},"author":{"name":"Zona Caral Administrador","@id":"https:\/\/zonacaral.gob.pe\/es\/#\/schema\/person\/beddb4d22f71a7230c5b90913270a0ee"},"headline":"Destacados investigadores brindar\u00e1n conferencias gratuitas sobre la historia milenaria prehisp\u00e1nica del Per\u00fa","datePublished":"2023-10-05T16:06:54+00:00","mainEntityOfPage":{"@id":"https:\/\/zonacaral.gob.pe\/es\/noticias\/artista-peruana-pinta-cuadros-inspirados-en-caral-para-exponerlos-en-ee-uu-2\/"},"wordCount":596,"image":{"@id":"https:\/\/zonacaral.gob.pe\/es\/noticias\/artista-peruana-pinta-cuadros-inspirados-en-caral-para-exponerlos-en-ee-uu-2\/#primaryimage"},"thumbnailUrl":"https:\/\/zonacaral.gob.pe\/wp-content\/uploads\/2023\/10\/evento-arqueologia.jpg","keywords":["caral","Cultura"],"articleSection":["noticias"],"inLanguage":"en-US"},{"@type":"WebPage","@id":"https:\/\/zonacaral.gob.pe\/es\/noticias\/artista-peruana-pinta-cuadros-inspirados-en-caral-para-exponerlos-en-ee-uu-2\/","url":"https:\/\/zonacaral.gob.pe\/es\/noticias\/artista-peruana-pinta-cuadros-inspirados-en-caral-para-exponerlos-en-ee-uu-2\/","name":"Destacados investigadores brindar\u00e1n conferencias gratuitas sobre la historia milenaria prehisp\u00e1nica del Per\u00fa","isPartOf":{"@id":"https:\/\/zonacaral.gob.pe\/es\/#website"},"primaryImageOfPage":{"@id":"https:\/\/zonacaral.gob.pe\/es\/noticias\/artista-peruana-pinta-cuadros-inspirados-en-caral-para-exponerlos-en-ee-uu-2\/#primaryimage"},"image":{"@id":"https:\/\/zonacaral.gob.pe\/es\/noticias\/artista-peruana-pinta-cuadros-inspirados-en-caral-para-exponerlos-en-ee-uu-2\/#primaryimage"},"thumbnailUrl":"https:\/\/zonacaral.gob.pe\/wp-content\/uploads\/2023\/10\/evento-arqueologia.jpg","datePublished":"2023-10-05T16:06:54+00:00","author":{"@id":"https:\/\/zonacaral.gob.pe\/es\/#\/schema\/person\/beddb4d22f71a7230c5b90913270a0ee"},"description":"Los d\u00edas mi\u00e9rcoles 11, jueves 12 y viernes 13 de octubre destacados arque\u00f3logos e investigadores peruanos participar\u00e1n del evento \u00abEl Futuro del Pasado: Un Balance Cr\u00edtico de la Historia Milenaria Prehisp\u00e1nica del Per\u00fa\u00bb, en el que presentar\u00e1n los resultados de sus investigaciones sobre el milenario y complejo desarrollo cultural del Per\u00fa.","breadcrumb":{"@id":"https:\/\/zonacaral.gob.pe\/es\/noticias\/artista-peruana-pinta-cuadros-inspirados-en-caral-para-exponerlos-en-ee-uu-2\/#breadcrumb"},"inLanguage":"en-US","potentialAction":[{"@type":"ReadAction","target":["https:\/\/zonacaral.gob.pe\/es\/noticias\/artista-peruana-pinta-cuadros-inspirados-en-caral-para-exponerlos-en-ee-uu-2\/"]}]},{"@type":"ImageObject","inLanguage":"en-US","@id":"https:\/\/zonacaral.gob.pe\/es\/noticias\/artista-peruana-pinta-cuadros-inspirados-en-caral-para-exponerlos-en-ee-uu-2\/#primaryimage","url":"https:\/\/zonacaral.gob.pe\/wp-content\/uploads\/2023\/10\/evento-arqueologia.jpg","contentUrl":"https:\/\/zonacaral.gob.pe\/wp-content\/uploads\/2023\/10\/evento-arqueologia.jpg","width":1170,"height":610},{"@type":"BreadcrumbList","@id":"https:\/\/zonacaral.gob.pe\/es\/noticias\/artista-peruana-pinta-cuadros-inspirados-en-caral-para-exponerlos-en-ee-uu-2\/#breadcrumb","itemListElement":[{"@type":"ListItem","position":1,"name":"Portada","item":"https:\/\/zonacaral.gob.pe\/"},{"@type":"ListItem","position":2,"name":"Destacados investigadores brindar\u00e1n conferencias gratuitas sobre la historia milenaria prehisp\u00e1nica del Per\u00fa"}]},{"@type":"WebSite","@id":"https:\/\/zonacaral.gob.pe\/es\/#website","url":"https:\/\/zonacaral.gob.pe\/es\/","name":"Zona Caral","description":"Investigamos, conservamos y difundimos el patrimonio cultural de la Civilizaci\u00f3n Caral, la m\u00e1s antigua de Am\u00e9rica.","potentialAction":[{"@type":"SearchAction","target":{"@type":"EntryPoint","urlTemplate":"https:\/\/zonacaral.gob.pe\/es\/?s={search_term_string}"},"query-input":{"@type":"PropertyValueSpecification","valueRequired":true,"valueName":"search_term_string"}}],"inLanguage":"en-US"},{"@type":"Person","@id":"https:\/\/zonacaral.gob.pe\/es\/#\/schema\/person\/beddb4d22f71a7230c5b90913270a0ee","name":"Zona Caral Administrador","image":{"@type":"ImageObject","inLanguage":"en-US","@id":"https:\/\/secure.gravatar.com\/avatar\/e4be162918a696358376de6446614e0f0f4062bdc5d170d6d540ada3d8b58c12?s=96&d=mm&r=g","url":"https:\/\/secure.gravatar.com\/avatar\/e4be162918a696358376de6446614e0f0f4062bdc5d170d6d540ada3d8b58c12?s=96&d=mm&r=g","contentUrl":"https:\/\/secure.gravatar.com\/avatar\/e4be162918a696358376de6446614e0f0f4062bdc5d170d6d540ada3d8b58c12?s=96&d=mm&r=g","caption":"Zona Caral Administrador"},"sameAs":["https:\/\/zonacaral.gob.pe"],"url":"https:\/\/zonacaral.gob.pe\/en\/noticias\/author\/ad_zonacaral\/"}]}},"_links":{"self":[{"href":"https:\/\/zonacaral.gob.pe\/en\/wp-json\/wp\/v2\/posts\/17084","targetHints":{"allow":["GET"]}}],"collection":[{"href":"https:\/\/zonacaral.gob.pe\/en\/wp-json\/wp\/v2\/posts"}],"about":[{"href":"https:\/\/zonacaral.gob.pe\/en\/wp-json\/wp\/v2\/types\/post"}],"author":[{"embeddable":true,"href":"https:\/\/zonacaral.gob.pe\/en\/wp-json\/wp\/v2\/users\/1"}],"replies":[{"embeddable":true,"href":"https:\/\/zonacaral.gob.pe\/en\/wp-json\/wp\/v2\/comments?post=17084"}],"version-history":[{"count":0,"href":"https:\/\/zonacaral.gob.pe\/en\/wp-json\/wp\/v2\/posts\/17084\/revisions"}],"wp:featuredmedia":[{"embeddable":true,"href":"https:\/\/zonacaral.gob.pe\/en\/wp-json\/wp\/v2\/media\/17087"}],"wp:attachment":[{"href":"https:\/\/zonacaral.gob.pe\/en\/wp-json\/wp\/v2\/media?parent=17084"}],"wp:term":[{"taxonomy":"category","embeddable":true,"href":"https:\/\/zonacaral.gob.pe\/en\/wp-json\/wp\/v2\/categories?post=17084"},{"taxonomy":"post_tag","embeddable":true,"href":"https:\/\/zonacaral.gob.pe\/en\/wp-json\/wp\/v2\/tags?post=17084"}],"curies":[{"name":"wp","href":"https:\/\/api.w.org\/{rel}","templated":true}]}}