{"id":17093,"date":"2023-10-06T14:37:10","date_gmt":"2023-10-06T19:37:10","guid":{"rendered":"https:\/\/www.zonacaral.gob.pe\/?p=17093"},"modified":"2023-10-06T14:37:10","modified_gmt":"2023-10-06T19:37:10","slug":"difundimos-la-ruta-caral-en-feria-apavit-2023-y-en-la-feria-de-turismo-de-lima","status":"publish","type":"post","link":"https:\/\/zonacaral.gob.pe\/en\/noticias\/difundimos-la-ruta-caral-en-feria-apavit-2023-y-en-la-feria-de-turismo-de-lima\/","title":{"rendered":"Difundimos la Ruta Caral en Feria APAVIT 2023 y en la Feria de Turismo de Lima"},"content":{"rendered":"<figure class=\"pic-autor\" style=\"color: #4d4d4d; text-align: justify;\"><\/figure>\n<div class=\"gmail_default\" style=\"text-align: justify;\">\n<blockquote>\n<p><i><span style=\"font-weight: 400;\">Promoci\u00f3n por el desarrollo social del \u00e1rea norcentral del Per\u00fa.<\/span><\/i><\/p>\n<\/blockquote>\n<p><span style=\"font-weight: 400;\">Con el fin de seguir promoviendo el inter\u00e9s en el desarrollo cultural del Per\u00fa e incentivar las visitas a los sitios arqueol\u00f3gicos de la civilizaci\u00f3n Caral y a los museos comunitarios de los distritos de Supe y de V\u00e9gueta, la <\/span><a href=\"https:\/\/www.instagram.com\/caralperu\/?hl=es\"><span style=\"font-weight: 400;\">Zona Arqueol\u00f3gica Caral<\/span><\/a><span style=\"font-weight: 400;\">, Unidad Ejecutora 003 del Ministerio de Cultura, particip\u00f3 en la \u201cV Feria Nacional e Internacional de Turismo Apavit Per\u00fa 2023\u201d y en la Feria de Turismo de la Municipalidad Metropolitana de Lima.<\/span><\/p>\n<p><span style=\"font-weight: 400;\">En la feria APAVIT, adem\u00e1s de promocionar la Ruta Caral, que contempla la vista a los antiguos centros urbanos Ciudad Sagrada de Caral, Patrimonio Mundial, \u00c1spero y Vichama, se busc\u00f3 formar alianzas con sectores estrat\u00e9gicos para que m\u00e1s amantes de la cultura viajen a conocer las provincias de Barranca y Huaura, y disfrutar de su riqueza cultural, natural y gastron\u00f3mica.<\/span><\/p>\n<p><span style=\"font-weight: 400;\">Este evento se realiz\u00f3 durante los d\u00edas jueves 28 y viernes 29 de septiembre, en el Museo de Arte Contempor\u00e1neo ubicado en el distrito de Barranco. Fue organizado por la Asociaci\u00f3n Peruana de Agencias de Viaje y Turismo (APAVIT), cont\u00f3 con el apoyo del Ministerio de Comercio Exterior y Turismo (MINCETUR), de la Municipalidad de Barranco, entre otras instituciones y empresas.<\/span><\/p>\n<p><span style=\"font-weight: 400;\">Por otro lado, los d\u00edas 29 y 30 de septiembre la Zona Arqueol\u00f3gica Caral, particip\u00f3 en la Feria de Turismo organizada por la Subgerencia de Turismo de la Municipalidad Metropolitana de Lima.<\/span><\/p>\n<p><span style=\"font-weight: 400;\">El evento cont\u00f3 con la participaci\u00f3n de diferentes organizaciones vinculadas a los servicios tur\u00edsticos de la capital, por lo que la ZAC busc\u00f3 promover la visita a los museos comunitarios ubicados en los distritos de Supe (Barranca) y de V\u00e9gueta (Huaura).<\/span><\/p>\n<p><span style=\"font-weight: 400;\">En estos espacios culturales, que son administrados por los municipios respectivos, se ha colocado una exposici\u00f3n museogr\u00e1fica permanente donde se cuenta la historia de desarrollo social y cultural de la civilizaci\u00f3n Caral, y sus valores que son un aporte a la sociedad actual.<\/span><\/p>\n<p><span style=\"font-weight: 400;\">Los visitantes a estas ferias buscaron informarse sobre c\u00f3mo realizar la Ruta Caral, las opciones de traslado desde la ciudad de Lima, costos de ingreso y guiado. Adem\u00e1s, sobre el programa de Viajes Culturales que promueve la ZAC, el cual busca transmitir de una manera diferente y especializada nuestra herencia cultural milenaria.<\/span><\/p>\n<p><strong>DATO<\/strong><\/p>\n<p><span style=\"font-weight: 400;\">Visita los antiguos centros urbanos Ciudad Sagrada de Caral, \u00c1spero y Vichama, de lunes a domingo, incluyendo los d\u00edas feriados, de 9:00 a. m. a 5:00 p. m. (se recomienda que el \u00faltimo grupo ingrese 4:00 p. m.)<\/span><\/p>\n<p><span style=\"color: #6b0505;\"><strong style=\"font-size: inherit; text-align: justify;\">Fuente: Comunicaci\u00f3n e Imagen Institucional ZAC<\/strong><\/span><\/p>\n<\/div>\n<div style=\"color: #1f1f1f;\">\n<div style=\"color: #1f1f1f;\">\n<p style=\"text-align: justify;\">Fecha de publicaci\u00f3n: 06\/10\/2023<\/p>\n<\/div>\n<\/div>\n\n\n<p><\/p>","protected":false},"excerpt":{"rendered":"<p>Promoci\u00f3n por el desarrollo social del \u00e1rea norcentral del Per\u00fa. Con el fin de seguir promoviendo el inter\u00e9s en el [&hellip;]<\/p>\n","protected":false},"author":1,"featured_media":17095,"comment_status":"closed","ping_status":"open","sticky":false,"template":"","format":"standard","meta":{"_acf_changed":false,"site-sidebar-layout":"default","site-content-layout":"","ast-site-content-layout":"default","site-content-style":"default","site-sidebar-style":"default","ast-global-header-display":"","ast-banner-title-visibility":"","ast-main-header-display":"","ast-hfb-above-header-display":"","ast-hfb-below-header-display":"","ast-hfb-mobile-header-display":"","site-post-title":"","ast-breadcrumbs-content":"","ast-featured-img":"","footer-sml-layout":"","ast-disable-related-posts":"","theme-transparent-header-meta":"","adv-header-id-meta":"","stick-header-meta":"","header-above-stick-meta":"","header-main-stick-meta":"","header-below-stick-meta":"","astra-migrate-meta-layouts":"default","ast-page-background-enabled":"default","ast-page-background-meta":{"desktop":{"background-color":"var(--ast-global-color-5)","background-image":"","background-repeat":"repeat","background-position":"center center","background-size":"auto","background-attachment":"scroll","background-type":"","background-media":"","overlay-type":"","overlay-color":"","overlay-opacity":"","overlay-gradient":""},"tablet":{"background-color":"","background-image":"","background-repeat":"repeat","background-position":"center center","background-size":"auto","background-attachment":"scroll","background-type":"","background-media":"","overlay-type":"","overlay-color":"","overlay-opacity":"","overlay-gradient":""},"mobile":{"background-color":"","background-image":"","background-repeat":"repeat","background-position":"center center","background-size":"auto","background-attachment":"scroll","background-type":"","background-media":"","overlay-type":"","overlay-color":"","overlay-opacity":"","overlay-gradient":""}},"ast-content-background-meta":{"desktop":{"background-color":"var(--ast-global-color-4)","background-image":"","background-repeat":"repeat","background-position":"center center","background-size":"auto","background-attachment":"scroll","background-type":"","background-media":"","overlay-type":"","overlay-color":"","overlay-opacity":"","overlay-gradient":""},"tablet":{"background-color":"var(--ast-global-color-4)","background-image":"","background-repeat":"repeat","background-position":"center center","background-size":"auto","background-attachment":"scroll","background-type":"","background-media":"","overlay-type":"","overlay-color":"","overlay-opacity":"","overlay-gradient":""},"mobile":{"background-color":"var(--ast-global-color-4)","background-image":"","background-repeat":"repeat","background-position":"center center","background-size":"auto","background-attachment":"scroll","background-type":"","background-media":"","overlay-type":"","overlay-color":"","overlay-opacity":"","overlay-gradient":""}},"footnotes":""},"categories":[208],"tags":[55,72],"class_list":["post-17093","post","type-post","status-publish","format-standard","has-post-thumbnail","hentry","category-noticias","tag-caral","tag-cultura"],"acf":[],"yoast_head":"<!-- This site is optimized with the Yoast SEO plugin v27.3 - https:\/\/yoast.com\/product\/yoast-seo-wordpress\/ -->\n<title>Difundimos la Ruta Caral en Feria APAVIT 2023 y en la Feria de Turismo de Lima<\/title>\n<meta name=\"description\" content=\"Con el fin de seguir promoviendo el inter\u00e9s en el desarrollo cultural del Per\u00fa e incentivar las visitas a los sitios arqueol\u00f3gicos de la civilizaci\u00f3n Caral y a los museos comunitarios de los distritos de Supe y de V\u00e9gueta, la Zona Arqueol\u00f3gica Caral, Unidad Ejecutora 003 del Ministerio de Cultura, particip\u00f3 en la \u201cV Feria Nacional e Internacional de Turismo Apavit Per\u00fa 2023\u201d y en la Feria de Turismo de la Municipalidad Metropolitana de Lima.\" \/>\n<meta name=\"robots\" content=\"index, follow, max-snippet:-1, max-image-preview:large, max-video-preview:-1\" \/>\n<link rel=\"canonical\" href=\"https:\/\/zonacaral.gob.pe\/en\/noticias\/difundimos-la-ruta-caral-en-feria-apavit-2023-y-en-la-feria-de-turismo-de-lima\/\" \/>\n<meta property=\"og:locale\" content=\"en_US\" \/>\n<meta property=\"og:type\" content=\"article\" \/>\n<meta property=\"og:title\" content=\"Difundimos la Ruta Caral en Feria APAVIT 2023 y en la Feria de Turismo de Lima\" \/>\n<meta property=\"og:description\" content=\"Con el fin de seguir promoviendo el inter\u00e9s en el desarrollo cultural del Per\u00fa e incentivar las visitas a los sitios arqueol\u00f3gicos de la civilizaci\u00f3n Caral y a los museos comunitarios de los distritos de Supe y de V\u00e9gueta, la Zona Arqueol\u00f3gica Caral, Unidad Ejecutora 003 del Ministerio de Cultura, particip\u00f3 en la \u201cV Feria Nacional e Internacional de Turismo Apavit Per\u00fa 2023\u201d y en la Feria de Turismo de la Municipalidad Metropolitana de Lima.\" \/>\n<meta property=\"og:url\" content=\"https:\/\/zonacaral.gob.pe\/en\/noticias\/difundimos-la-ruta-caral-en-feria-apavit-2023-y-en-la-feria-de-turismo-de-lima\/\" \/>\n<meta property=\"og:site_name\" content=\"Zona Caral\" \/>\n<meta property=\"article:published_time\" content=\"2023-10-06T19:37:10+00:00\" \/>\n<meta property=\"og:image\" content=\"https:\/\/zonacaral.gob.pe\/wp-content\/uploads\/2023\/10\/feria-1.png\" \/>\n\t<meta property=\"og:image:width\" content=\"1040\" \/>\n\t<meta property=\"og:image:height\" content=\"640\" \/>\n\t<meta property=\"og:image:type\" content=\"image\/png\" \/>\n<meta name=\"author\" content=\"Zona Caral Administrador\" \/>\n<meta name=\"twitter:card\" content=\"summary_large_image\" \/>\n<meta name=\"twitter:label1\" content=\"Written by\" \/>\n\t<meta name=\"twitter:data1\" content=\"Zona Caral Administrador\" \/>\n\t<meta name=\"twitter:label2\" content=\"Est. reading time\" \/>\n\t<meta name=\"twitter:data2\" content=\"2 minutes\" \/>\n<script type=\"application\/ld+json\" class=\"yoast-schema-graph\">{\"@context\":\"https:\\\/\\\/schema.org\",\"@graph\":[{\"@type\":\"Article\",\"@id\":\"https:\\\/\\\/zonacaral.gob.pe\\\/es\\\/noticias\\\/difundimos-la-ruta-caral-en-feria-apavit-2023-y-en-la-feria-de-turismo-de-lima\\\/#article\",\"isPartOf\":{\"@id\":\"https:\\\/\\\/zonacaral.gob.pe\\\/es\\\/noticias\\\/difundimos-la-ruta-caral-en-feria-apavit-2023-y-en-la-feria-de-turismo-de-lima\\\/\"},\"author\":{\"name\":\"Zona Caral Administrador\",\"@id\":\"https:\\\/\\\/zonacaral.gob.pe\\\/es\\\/#\\\/schema\\\/person\\\/beddb4d22f71a7230c5b90913270a0ee\"},\"headline\":\"Difundimos la Ruta Caral en Feria APAVIT 2023 y en la Feria de Turismo de Lima\",\"datePublished\":\"2023-10-06T19:37:10+00:00\",\"mainEntityOfPage\":{\"@id\":\"https:\\\/\\\/zonacaral.gob.pe\\\/es\\\/noticias\\\/difundimos-la-ruta-caral-en-feria-apavit-2023-y-en-la-feria-de-turismo-de-lima\\\/\"},\"wordCount\":454,\"image\":{\"@id\":\"https:\\\/\\\/zonacaral.gob.pe\\\/es\\\/noticias\\\/difundimos-la-ruta-caral-en-feria-apavit-2023-y-en-la-feria-de-turismo-de-lima\\\/#primaryimage\"},\"thumbnailUrl\":\"https:\\\/\\\/zonacaral.gob.pe\\\/wp-content\\\/uploads\\\/2023\\\/10\\\/feria-1.png\",\"keywords\":[\"caral\",\"Cultura\"],\"articleSection\":[\"noticias\"],\"inLanguage\":\"en-US\"},{\"@type\":\"WebPage\",\"@id\":\"https:\\\/\\\/zonacaral.gob.pe\\\/es\\\/noticias\\\/difundimos-la-ruta-caral-en-feria-apavit-2023-y-en-la-feria-de-turismo-de-lima\\\/\",\"url\":\"https:\\\/\\\/zonacaral.gob.pe\\\/es\\\/noticias\\\/difundimos-la-ruta-caral-en-feria-apavit-2023-y-en-la-feria-de-turismo-de-lima\\\/\",\"name\":\"Difundimos la Ruta Caral en Feria APAVIT 2023 y en la Feria de Turismo de Lima\",\"isPartOf\":{\"@id\":\"https:\\\/\\\/zonacaral.gob.pe\\\/es\\\/#website\"},\"primaryImageOfPage\":{\"@id\":\"https:\\\/\\\/zonacaral.gob.pe\\\/es\\\/noticias\\\/difundimos-la-ruta-caral-en-feria-apavit-2023-y-en-la-feria-de-turismo-de-lima\\\/#primaryimage\"},\"image\":{\"@id\":\"https:\\\/\\\/zonacaral.gob.pe\\\/es\\\/noticias\\\/difundimos-la-ruta-caral-en-feria-apavit-2023-y-en-la-feria-de-turismo-de-lima\\\/#primaryimage\"},\"thumbnailUrl\":\"https:\\\/\\\/zonacaral.gob.pe\\\/wp-content\\\/uploads\\\/2023\\\/10\\\/feria-1.png\",\"datePublished\":\"2023-10-06T19:37:10+00:00\",\"author\":{\"@id\":\"https:\\\/\\\/zonacaral.gob.pe\\\/es\\\/#\\\/schema\\\/person\\\/beddb4d22f71a7230c5b90913270a0ee\"},\"description\":\"Con el fin de seguir promoviendo el inter\u00e9s en el desarrollo cultural del Per\u00fa e incentivar las visitas a los sitios arqueol\u00f3gicos de la civilizaci\u00f3n Caral y a los museos comunitarios de los distritos de Supe y de V\u00e9gueta, la Zona Arqueol\u00f3gica Caral, Unidad Ejecutora 003 del Ministerio de Cultura, particip\u00f3 en la \u201cV Feria Nacional e Internacional de Turismo Apavit Per\u00fa 2023\u201d y en la Feria de Turismo de la Municipalidad Metropolitana de Lima.\",\"breadcrumb\":{\"@id\":\"https:\\\/\\\/zonacaral.gob.pe\\\/es\\\/noticias\\\/difundimos-la-ruta-caral-en-feria-apavit-2023-y-en-la-feria-de-turismo-de-lima\\\/#breadcrumb\"},\"inLanguage\":\"en-US\",\"potentialAction\":[{\"@type\":\"ReadAction\",\"target\":[\"https:\\\/\\\/zonacaral.gob.pe\\\/es\\\/noticias\\\/difundimos-la-ruta-caral-en-feria-apavit-2023-y-en-la-feria-de-turismo-de-lima\\\/\"]}]},{\"@type\":\"ImageObject\",\"inLanguage\":\"en-US\",\"@id\":\"https:\\\/\\\/zonacaral.gob.pe\\\/es\\\/noticias\\\/difundimos-la-ruta-caral-en-feria-apavit-2023-y-en-la-feria-de-turismo-de-lima\\\/#primaryimage\",\"url\":\"https:\\\/\\\/zonacaral.gob.pe\\\/wp-content\\\/uploads\\\/2023\\\/10\\\/feria-1.png\",\"contentUrl\":\"https:\\\/\\\/zonacaral.gob.pe\\\/wp-content\\\/uploads\\\/2023\\\/10\\\/feria-1.png\",\"width\":1040,\"height\":640},{\"@type\":\"BreadcrumbList\",\"@id\":\"https:\\\/\\\/zonacaral.gob.pe\\\/es\\\/noticias\\\/difundimos-la-ruta-caral-en-feria-apavit-2023-y-en-la-feria-de-turismo-de-lima\\\/#breadcrumb\",\"itemListElement\":[{\"@type\":\"ListItem\",\"position\":1,\"name\":\"Portada\",\"item\":\"https:\\\/\\\/zonacaral.gob.pe\\\/\"},{\"@type\":\"ListItem\",\"position\":2,\"name\":\"Difundimos la Ruta Caral en Feria APAVIT 2023 y en la Feria de Turismo de Lima\"}]},{\"@type\":\"WebSite\",\"@id\":\"https:\\\/\\\/zonacaral.gob.pe\\\/es\\\/#website\",\"url\":\"https:\\\/\\\/zonacaral.gob.pe\\\/es\\\/\",\"name\":\"Zona Caral\",\"description\":\"Investigamos, conservamos y difundimos el patrimonio cultural de la Civilizaci\u00f3n Caral, la m\u00e1s antigua de Am\u00e9rica.\",\"potentialAction\":[{\"@type\":\"SearchAction\",\"target\":{\"@type\":\"EntryPoint\",\"urlTemplate\":\"https:\\\/\\\/zonacaral.gob.pe\\\/es\\\/?s={search_term_string}\"},\"query-input\":{\"@type\":\"PropertyValueSpecification\",\"valueRequired\":true,\"valueName\":\"search_term_string\"}}],\"inLanguage\":\"en-US\"},{\"@type\":\"Person\",\"@id\":\"https:\\\/\\\/zonacaral.gob.pe\\\/es\\\/#\\\/schema\\\/person\\\/beddb4d22f71a7230c5b90913270a0ee\",\"name\":\"Zona Caral Administrador\",\"image\":{\"@type\":\"ImageObject\",\"inLanguage\":\"en-US\",\"@id\":\"https:\\\/\\\/secure.gravatar.com\\\/avatar\\\/e4be162918a696358376de6446614e0f0f4062bdc5d170d6d540ada3d8b58c12?s=96&d=mm&r=g\",\"url\":\"https:\\\/\\\/secure.gravatar.com\\\/avatar\\\/e4be162918a696358376de6446614e0f0f4062bdc5d170d6d540ada3d8b58c12?s=96&d=mm&r=g\",\"contentUrl\":\"https:\\\/\\\/secure.gravatar.com\\\/avatar\\\/e4be162918a696358376de6446614e0f0f4062bdc5d170d6d540ada3d8b58c12?s=96&d=mm&r=g\",\"caption\":\"Zona Caral Administrador\"},\"sameAs\":[\"https:\\\/\\\/zonacaral.gob.pe\"],\"url\":\"https:\\\/\\\/zonacaral.gob.pe\\\/en\\\/noticias\\\/author\\\/ad_zonacaral\\\/\"}]}<\/script>\n<!-- \/ Yoast SEO plugin. -->","yoast_head_json":{"title":"Difundimos la Ruta Caral en Feria APAVIT 2023 y en la Feria de Turismo de Lima","description":"Con el fin de seguir promoviendo el inter\u00e9s en el desarrollo cultural del Per\u00fa e incentivar las visitas a los sitios arqueol\u00f3gicos de la civilizaci\u00f3n Caral y a los museos comunitarios de los distritos de Supe y de V\u00e9gueta, la Zona Arqueol\u00f3gica Caral, Unidad Ejecutora 003 del Ministerio de Cultura, particip\u00f3 en la \u201cV Feria Nacional e Internacional de Turismo Apavit Per\u00fa 2023\u201d y en la Feria de Turismo de la Municipalidad Metropolitana de Lima.","robots":{"index":"index","follow":"follow","max-snippet":"max-snippet:-1","max-image-preview":"max-image-preview:large","max-video-preview":"max-video-preview:-1"},"canonical":"https:\/\/zonacaral.gob.pe\/en\/noticias\/difundimos-la-ruta-caral-en-feria-apavit-2023-y-en-la-feria-de-turismo-de-lima\/","og_locale":"en_US","og_type":"article","og_title":"Difundimos la Ruta Caral en Feria APAVIT 2023 y en la Feria de Turismo de Lima","og_description":"Con el fin de seguir promoviendo el inter\u00e9s en el desarrollo cultural del Per\u00fa e incentivar las visitas a los sitios arqueol\u00f3gicos de la civilizaci\u00f3n Caral y a los museos comunitarios de los distritos de Supe y de V\u00e9gueta, la Zona Arqueol\u00f3gica Caral, Unidad Ejecutora 003 del Ministerio de Cultura, particip\u00f3 en la \u201cV Feria Nacional e Internacional de Turismo Apavit Per\u00fa 2023\u201d y en la Feria de Turismo de la Municipalidad Metropolitana de Lima.","og_url":"https:\/\/zonacaral.gob.pe\/en\/noticias\/difundimos-la-ruta-caral-en-feria-apavit-2023-y-en-la-feria-de-turismo-de-lima\/","og_site_name":"Zona Caral","article_published_time":"2023-10-06T19:37:10+00:00","og_image":[{"width":1040,"height":640,"url":"https:\/\/zonacaral.gob.pe\/wp-content\/uploads\/2023\/10\/feria-1.png","type":"image\/png"}],"author":"Zona Caral Administrador","twitter_card":"summary_large_image","twitter_misc":{"Written by":"Zona Caral Administrador","Est. reading time":"2 minutes"},"schema":{"@context":"https:\/\/schema.org","@graph":[{"@type":"Article","@id":"https:\/\/zonacaral.gob.pe\/es\/noticias\/difundimos-la-ruta-caral-en-feria-apavit-2023-y-en-la-feria-de-turismo-de-lima\/#article","isPartOf":{"@id":"https:\/\/zonacaral.gob.pe\/es\/noticias\/difundimos-la-ruta-caral-en-feria-apavit-2023-y-en-la-feria-de-turismo-de-lima\/"},"author":{"name":"Zona Caral Administrador","@id":"https:\/\/zonacaral.gob.pe\/es\/#\/schema\/person\/beddb4d22f71a7230c5b90913270a0ee"},"headline":"Difundimos la Ruta Caral en Feria APAVIT 2023 y en la Feria de Turismo de Lima","datePublished":"2023-10-06T19:37:10+00:00","mainEntityOfPage":{"@id":"https:\/\/zonacaral.gob.pe\/es\/noticias\/difundimos-la-ruta-caral-en-feria-apavit-2023-y-en-la-feria-de-turismo-de-lima\/"},"wordCount":454,"image":{"@id":"https:\/\/zonacaral.gob.pe\/es\/noticias\/difundimos-la-ruta-caral-en-feria-apavit-2023-y-en-la-feria-de-turismo-de-lima\/#primaryimage"},"thumbnailUrl":"https:\/\/zonacaral.gob.pe\/wp-content\/uploads\/2023\/10\/feria-1.png","keywords":["caral","Cultura"],"articleSection":["noticias"],"inLanguage":"en-US"},{"@type":"WebPage","@id":"https:\/\/zonacaral.gob.pe\/es\/noticias\/difundimos-la-ruta-caral-en-feria-apavit-2023-y-en-la-feria-de-turismo-de-lima\/","url":"https:\/\/zonacaral.gob.pe\/es\/noticias\/difundimos-la-ruta-caral-en-feria-apavit-2023-y-en-la-feria-de-turismo-de-lima\/","name":"Difundimos la Ruta Caral en Feria APAVIT 2023 y en la Feria de Turismo de Lima","isPartOf":{"@id":"https:\/\/zonacaral.gob.pe\/es\/#website"},"primaryImageOfPage":{"@id":"https:\/\/zonacaral.gob.pe\/es\/noticias\/difundimos-la-ruta-caral-en-feria-apavit-2023-y-en-la-feria-de-turismo-de-lima\/#primaryimage"},"image":{"@id":"https:\/\/zonacaral.gob.pe\/es\/noticias\/difundimos-la-ruta-caral-en-feria-apavit-2023-y-en-la-feria-de-turismo-de-lima\/#primaryimage"},"thumbnailUrl":"https:\/\/zonacaral.gob.pe\/wp-content\/uploads\/2023\/10\/feria-1.png","datePublished":"2023-10-06T19:37:10+00:00","author":{"@id":"https:\/\/zonacaral.gob.pe\/es\/#\/schema\/person\/beddb4d22f71a7230c5b90913270a0ee"},"description":"Con el fin de seguir promoviendo el inter\u00e9s en el desarrollo cultural del Per\u00fa e incentivar las visitas a los sitios arqueol\u00f3gicos de la civilizaci\u00f3n Caral y a los museos comunitarios de los distritos de Supe y de V\u00e9gueta, la Zona Arqueol\u00f3gica Caral, Unidad Ejecutora 003 del Ministerio de Cultura, particip\u00f3 en la \u201cV Feria Nacional e Internacional de Turismo Apavit Per\u00fa 2023\u201d y en la Feria de Turismo de la Municipalidad Metropolitana de Lima.","breadcrumb":{"@id":"https:\/\/zonacaral.gob.pe\/es\/noticias\/difundimos-la-ruta-caral-en-feria-apavit-2023-y-en-la-feria-de-turismo-de-lima\/#breadcrumb"},"inLanguage":"en-US","potentialAction":[{"@type":"ReadAction","target":["https:\/\/zonacaral.gob.pe\/es\/noticias\/difundimos-la-ruta-caral-en-feria-apavit-2023-y-en-la-feria-de-turismo-de-lima\/"]}]},{"@type":"ImageObject","inLanguage":"en-US","@id":"https:\/\/zonacaral.gob.pe\/es\/noticias\/difundimos-la-ruta-caral-en-feria-apavit-2023-y-en-la-feria-de-turismo-de-lima\/#primaryimage","url":"https:\/\/zonacaral.gob.pe\/wp-content\/uploads\/2023\/10\/feria-1.png","contentUrl":"https:\/\/zonacaral.gob.pe\/wp-content\/uploads\/2023\/10\/feria-1.png","width":1040,"height":640},{"@type":"BreadcrumbList","@id":"https:\/\/zonacaral.gob.pe\/es\/noticias\/difundimos-la-ruta-caral-en-feria-apavit-2023-y-en-la-feria-de-turismo-de-lima\/#breadcrumb","itemListElement":[{"@type":"ListItem","position":1,"name":"Portada","item":"https:\/\/zonacaral.gob.pe\/"},{"@type":"ListItem","position":2,"name":"Difundimos la Ruta Caral en Feria APAVIT 2023 y en la Feria de Turismo de Lima"}]},{"@type":"WebSite","@id":"https:\/\/zonacaral.gob.pe\/es\/#website","url":"https:\/\/zonacaral.gob.pe\/es\/","name":"Zona Caral","description":"Investigamos, conservamos y difundimos el patrimonio cultural de la Civilizaci\u00f3n Caral, la m\u00e1s antigua de Am\u00e9rica.","potentialAction":[{"@type":"SearchAction","target":{"@type":"EntryPoint","urlTemplate":"https:\/\/zonacaral.gob.pe\/es\/?s={search_term_string}"},"query-input":{"@type":"PropertyValueSpecification","valueRequired":true,"valueName":"search_term_string"}}],"inLanguage":"en-US"},{"@type":"Person","@id":"https:\/\/zonacaral.gob.pe\/es\/#\/schema\/person\/beddb4d22f71a7230c5b90913270a0ee","name":"Zona Caral Administrador","image":{"@type":"ImageObject","inLanguage":"en-US","@id":"https:\/\/secure.gravatar.com\/avatar\/e4be162918a696358376de6446614e0f0f4062bdc5d170d6d540ada3d8b58c12?s=96&d=mm&r=g","url":"https:\/\/secure.gravatar.com\/avatar\/e4be162918a696358376de6446614e0f0f4062bdc5d170d6d540ada3d8b58c12?s=96&d=mm&r=g","contentUrl":"https:\/\/secure.gravatar.com\/avatar\/e4be162918a696358376de6446614e0f0f4062bdc5d170d6d540ada3d8b58c12?s=96&d=mm&r=g","caption":"Zona Caral Administrador"},"sameAs":["https:\/\/zonacaral.gob.pe"],"url":"https:\/\/zonacaral.gob.pe\/en\/noticias\/author\/ad_zonacaral\/"}]}},"_links":{"self":[{"href":"https:\/\/zonacaral.gob.pe\/en\/wp-json\/wp\/v2\/posts\/17093","targetHints":{"allow":["GET"]}}],"collection":[{"href":"https:\/\/zonacaral.gob.pe\/en\/wp-json\/wp\/v2\/posts"}],"about":[{"href":"https:\/\/zonacaral.gob.pe\/en\/wp-json\/wp\/v2\/types\/post"}],"author":[{"embeddable":true,"href":"https:\/\/zonacaral.gob.pe\/en\/wp-json\/wp\/v2\/users\/1"}],"replies":[{"embeddable":true,"href":"https:\/\/zonacaral.gob.pe\/en\/wp-json\/wp\/v2\/comments?post=17093"}],"version-history":[{"count":0,"href":"https:\/\/zonacaral.gob.pe\/en\/wp-json\/wp\/v2\/posts\/17093\/revisions"}],"wp:featuredmedia":[{"embeddable":true,"href":"https:\/\/zonacaral.gob.pe\/en\/wp-json\/wp\/v2\/media\/17095"}],"wp:attachment":[{"href":"https:\/\/zonacaral.gob.pe\/en\/wp-json\/wp\/v2\/media?parent=17093"}],"wp:term":[{"taxonomy":"category","embeddable":true,"href":"https:\/\/zonacaral.gob.pe\/en\/wp-json\/wp\/v2\/categories?post=17093"},{"taxonomy":"post_tag","embeddable":true,"href":"https:\/\/zonacaral.gob.pe\/en\/wp-json\/wp\/v2\/tags?post=17093"}],"curies":[{"name":"wp","href":"https:\/\/api.w.org\/{rel}","templated":true}]}}