{"id":17111,"date":"2023-10-11T16:34:19","date_gmt":"2023-10-11T21:34:19","guid":{"rendered":"https:\/\/www.zonacaral.gob.pe\/?p=17111"},"modified":"2023-10-11T16:34:19","modified_gmt":"2023-10-11T21:34:19","slug":"aportamos-al-ecosistema-del-valle-de-supe-con-seis-mil-metros-cuadrados-de-areas-verdes","status":"publish","type":"post","link":"https:\/\/zonacaral.gob.pe\/en\/noticias\/aportamos-al-ecosistema-del-valle-de-supe-con-seis-mil-metros-cuadrados-de-areas-verdes\/","title":{"rendered":"Aportamos al ecosistema del valle de Supe con seis mil metros cuadrados de \u00e1reas verdes"},"content":{"rendered":"<figure class=\"pic-autor\" style=\"color: #4d4d4d; text-align: justify;\"><\/figure>\n<div class=\"gmail_default\" style=\"text-align: justify;\">\n<blockquote>\n<p><i><span style=\"font-weight: 400;\"> Cuidado y protecci\u00f3n de la naturaleza, como se hizo hace cinco mil a\u00f1os, en la civilizaci\u00f3n Caral.<\/span><\/i><\/p>\n<\/blockquote>\n<p><span style=\"font-weight: 400;\">Desde hace casi diez a\u00f1os, la <\/span><a href=\"https:\/\/www.instagram.com\/caralperu\/?hl=es\"><span style=\"font-weight: 400;\">Zona Arqueol\u00f3gica Caral<\/span><\/a><span style=\"font-weight: 400;\"> (ZAC), Unidad Ejecutora 003 del Ministerio de Cultura del Per\u00fa, ha realizado diversas acciones para incrementar las \u00e1reas verdes en el valle de Supe, provincia de Barranca &#8211; regi\u00f3n Lima, con el fin de contribuir a la conservaci\u00f3n de los espacios naturales, en concordancia con el Plan Maestro para un desarrollo integral y sostenible de Supe y Barranca.<\/span><\/p>\n<p><span style=\"font-weight: 400;\">En esa labor, en un \u00e1rea aproximada de seis mil metros cuadrados, se ha cultivado diversas plantas nativas: <\/span><i><span style=\"font-weight: 400;\">Caesalpinia spinosa <\/span><\/i><span style=\"font-weight: 400;\">\u201ctara\u201d, <\/span><i><span style=\"font-weight: 400;\">Schinus molle <\/span><\/i><span style=\"font-weight: 400;\">\u201cmolle serrano\u201d, <\/span><i><span style=\"font-weight: 400;\">Acacia horrida <\/span><\/i><span style=\"font-weight: 400;\">\u201cguaranguillo\u201d y <\/span><i><span style=\"font-weight: 400;\">Sapindus saponaria <\/span><\/i><span style=\"font-weight: 400;\">\u201ccholoque\u201d, entre otros. Todas estas plantas conforman el denominado <\/span><b>\u00ab<\/b><b>Cerco Vivo Civilizaci\u00f3n Caral<\/b><b>\u00bb<\/b><b>.<\/b><\/p>\n<p><span style=\"font-weight: 400;\">Esta labor, que se realiza a trav\u00e9s de la Subdirecci\u00f3n de Relaciones Comunitarias, es ejecutada por el ingeniero Iv\u00e1n Uz\u00e1tegui y cuenta con el apoyo del Proyecto de Forestaci\u00f3n del Gobierno Regional de Lima Provincias, con un fondo especial gestionado por la ZAC, el mismo que posibilit\u00f3 la disponibilidad del sistema de riego y de especies forestales nativas.<\/span><\/p>\n<p><span style=\"font-weight: 400;\">Las plantas sembradas ya han brindado sus frutos, y se convierten en uno de los proyectos ecol\u00f3gicos m\u00e1s importantes realizados en el valle de Supe, pues adem\u00e1s sirve como nicho biol\u00f3gico para especies silvestres, sumidero de carbono, corredor biol\u00f3gico y refugio para aves del lugar.<\/span><\/p>\n<p><span style=\"font-weight: 400;\">Peri\u00f3dicamente, la Zona Arqueol\u00f3gica Caral realiza el cuidado y mantenimiento de las plantas sembradas, y busca ampliar este cerco que puede ser visto en la v\u00eda de acceso al sitio arqueol\u00f3gico, y en los diversos espacios naturales del valle de Supe.<\/span><\/p>\n<p><b>CARAL EN LA ESCUELA \u2013 ECOLOG\u00cdA<\/b><\/p>\n<p><span style=\"font-weight: 400;\">Con el fin de difundir los valores sociales y culturales de la civilizaci\u00f3n Caral; y, adem\u00e1s, promover el cuidado y protecci\u00f3n del medio ambiente y de los sitios arqueol\u00f3gicos, la Zona Arqueol\u00f3gica Caral, a trav\u00e9s de la Subdirecci\u00f3n de Relaciones Comunitarias, impulsa el programa \u201cCaral en la Escuela \u2013 Ecolog\u00eda\u201d.<\/span><\/p>\n<p><span style=\"font-weight: 400;\">Este programa que se desarrolla gracias al convenio suscrito con la Unidad de Gesti\u00f3n Educativa Local (UGEL 16) de Barranca, es una de las estrategias planteadas en el Plan Maestro para concientizar a los estudiantes a trav\u00e9s de la educaci\u00f3n ambiental, poniendo como ejemplo a los valores de la civilizaci\u00f3n Caral. Est\u00e1 dirigido a los estudiantes del cuarto, quinto y sexto grado de primaria de las principales instituciones educativas, comprendidas en nuestras \u00e1reas de influencia, tales como las localidades de: Supe, valle de Supe, Supe Puerto y V\u00e9gueta.<\/span><\/p>\n<p><span style=\"color: #6b0505;\"><strong style=\"font-size: inherit; text-align: justify;\">Fuente: Comunicaci\u00f3n e Imagen Institucional ZAC<\/strong><\/span><\/p>\n<\/div>\n<div style=\"color: #1f1f1f;\">\n<div style=\"color: #1f1f1f;\">\n<p style=\"text-align: justify;\">Fecha de publicaci\u00f3n: 11\/10\/2023<\/p>\n<\/div>\n<\/div>\n\n\n<p><\/p>","protected":false},"excerpt":{"rendered":"<p>Cuidado y protecci\u00f3n de la naturaleza, como se hizo hace cinco mil a\u00f1os, en la civilizaci\u00f3n Caral. Desde hace casi [&hellip;]<\/p>\n","protected":false},"author":1,"featured_media":17117,"comment_status":"closed","ping_status":"open","sticky":false,"template":"","format":"standard","meta":{"_acf_changed":false,"site-sidebar-layout":"default","site-content-layout":"","ast-site-content-layout":"default","site-content-style":"default","site-sidebar-style":"default","ast-global-header-display":"","ast-banner-title-visibility":"","ast-main-header-display":"","ast-hfb-above-header-display":"","ast-hfb-below-header-display":"","ast-hfb-mobile-header-display":"","site-post-title":"","ast-breadcrumbs-content":"","ast-featured-img":"","footer-sml-layout":"","ast-disable-related-posts":"","theme-transparent-header-meta":"","adv-header-id-meta":"","stick-header-meta":"","header-above-stick-meta":"","header-main-stick-meta":"","header-below-stick-meta":"","astra-migrate-meta-layouts":"default","ast-page-background-enabled":"default","ast-page-background-meta":{"desktop":{"background-color":"var(--ast-global-color-5)","background-image":"","background-repeat":"repeat","background-position":"center center","background-size":"auto","background-attachment":"scroll","background-type":"","background-media":"","overlay-type":"","overlay-color":"","overlay-opacity":"","overlay-gradient":""},"tablet":{"background-color":"","background-image":"","background-repeat":"repeat","background-position":"center center","background-size":"auto","background-attachment":"scroll","background-type":"","background-media":"","overlay-type":"","overlay-color":"","overlay-opacity":"","overlay-gradient":""},"mobile":{"background-color":"","background-image":"","background-repeat":"repeat","background-position":"center center","background-size":"auto","background-attachment":"scroll","background-type":"","background-media":"","overlay-type":"","overlay-color":"","overlay-opacity":"","overlay-gradient":""}},"ast-content-background-meta":{"desktop":{"background-color":"var(--ast-global-color-4)","background-image":"","background-repeat":"repeat","background-position":"center center","background-size":"auto","background-attachment":"scroll","background-type":"","background-media":"","overlay-type":"","overlay-color":"","overlay-opacity":"","overlay-gradient":""},"tablet":{"background-color":"var(--ast-global-color-4)","background-image":"","background-repeat":"repeat","background-position":"center center","background-size":"auto","background-attachment":"scroll","background-type":"","background-media":"","overlay-type":"","overlay-color":"","overlay-opacity":"","overlay-gradient":""},"mobile":{"background-color":"var(--ast-global-color-4)","background-image":"","background-repeat":"repeat","background-position":"center center","background-size":"auto","background-attachment":"scroll","background-type":"","background-media":"","overlay-type":"","overlay-color":"","overlay-opacity":"","overlay-gradient":""}},"footnotes":""},"categories":[208],"tags":[55,72],"class_list":["post-17111","post","type-post","status-publish","format-standard","has-post-thumbnail","hentry","category-noticias","tag-caral","tag-cultura"],"acf":[],"yoast_head":"<!-- This site is optimized with the Yoast SEO plugin v27.3 - https:\/\/yoast.com\/product\/yoast-seo-wordpress\/ -->\n<title>Aportamos al ecosistema del valle de Supe con seis mil metros cuadrados de \u00e1reas verdes<\/title>\n<meta name=\"description\" content=\"Desde hace casi diez a\u00f1os, la Zona Arqueol\u00f3gica Caral (ZAC), Unidad Ejecutora 003 del Ministerio de Cultura del Per\u00fa, ha realizado diversas acciones para incrementar las \u00e1reas verdes en el valle de Supe, provincia de Barranca - regi\u00f3n Lima, con el fin de contribuir a la conservaci\u00f3n de los espacios naturales, en concordancia con el Plan Maestro para un desarrollo integral y sostenible de Supe y Barranca.\" \/>\n<meta name=\"robots\" content=\"index, follow, max-snippet:-1, max-image-preview:large, max-video-preview:-1\" \/>\n<link rel=\"canonical\" href=\"https:\/\/zonacaral.gob.pe\/en\/noticias\/aportamos-al-ecosistema-del-valle-de-supe-con-seis-mil-metros-cuadrados-de-areas-verdes\/\" \/>\n<meta property=\"og:locale\" content=\"en_US\" \/>\n<meta property=\"og:type\" content=\"article\" \/>\n<meta property=\"og:title\" content=\"Aportamos al ecosistema del valle de Supe con seis mil metros cuadrados de \u00e1reas verdes\" \/>\n<meta property=\"og:description\" content=\"Desde hace casi diez a\u00f1os, la Zona Arqueol\u00f3gica Caral (ZAC), Unidad Ejecutora 003 del Ministerio de Cultura del Per\u00fa, ha realizado diversas acciones para incrementar las \u00e1reas verdes en el valle de Supe, provincia de Barranca - regi\u00f3n Lima, con el fin de contribuir a la conservaci\u00f3n de los espacios naturales, en concordancia con el Plan Maestro para un desarrollo integral y sostenible de Supe y Barranca.\" \/>\n<meta property=\"og:url\" content=\"https:\/\/zonacaral.gob.pe\/en\/noticias\/aportamos-al-ecosistema-del-valle-de-supe-con-seis-mil-metros-cuadrados-de-areas-verdes\/\" \/>\n<meta property=\"og:site_name\" content=\"Zona Caral\" \/>\n<meta property=\"article:published_time\" content=\"2023-10-11T21:34:19+00:00\" \/>\n<meta property=\"og:image\" content=\"https:\/\/zonacaral.gob.pe\/wp-content\/uploads\/2023\/10\/valle-1.png\" \/>\n\t<meta property=\"og:image:width\" content=\"1040\" \/>\n\t<meta property=\"og:image:height\" content=\"640\" \/>\n\t<meta property=\"og:image:type\" content=\"image\/png\" \/>\n<meta name=\"author\" content=\"Zona Caral Administrador\" \/>\n<meta name=\"twitter:card\" content=\"summary_large_image\" \/>\n<meta name=\"twitter:label1\" content=\"Written by\" \/>\n\t<meta name=\"twitter:data1\" content=\"Zona Caral Administrador\" \/>\n\t<meta name=\"twitter:label2\" content=\"Est. reading time\" \/>\n\t<meta name=\"twitter:data2\" content=\"2 minutes\" \/>\n<script type=\"application\/ld+json\" class=\"yoast-schema-graph\">{\"@context\":\"https:\\\/\\\/schema.org\",\"@graph\":[{\"@type\":\"Article\",\"@id\":\"https:\\\/\\\/zonacaral.gob.pe\\\/es\\\/noticias\\\/aportamos-al-ecosistema-del-valle-de-supe-con-seis-mil-metros-cuadrados-de-areas-verdes\\\/#article\",\"isPartOf\":{\"@id\":\"https:\\\/\\\/zonacaral.gob.pe\\\/es\\\/noticias\\\/aportamos-al-ecosistema-del-valle-de-supe-con-seis-mil-metros-cuadrados-de-areas-verdes\\\/\"},\"author\":{\"name\":\"Zona Caral Administrador\",\"@id\":\"https:\\\/\\\/zonacaral.gob.pe\\\/es\\\/#\\\/schema\\\/person\\\/beddb4d22f71a7230c5b90913270a0ee\"},\"headline\":\"Aportamos al ecosistema del valle de Supe con seis mil metros cuadrados de \u00e1reas verdes\",\"datePublished\":\"2023-10-11T21:34:19+00:00\",\"mainEntityOfPage\":{\"@id\":\"https:\\\/\\\/zonacaral.gob.pe\\\/es\\\/noticias\\\/aportamos-al-ecosistema-del-valle-de-supe-con-seis-mil-metros-cuadrados-de-areas-verdes\\\/\"},\"wordCount\":474,\"image\":{\"@id\":\"https:\\\/\\\/zonacaral.gob.pe\\\/es\\\/noticias\\\/aportamos-al-ecosistema-del-valle-de-supe-con-seis-mil-metros-cuadrados-de-areas-verdes\\\/#primaryimage\"},\"thumbnailUrl\":\"https:\\\/\\\/zonacaral.gob.pe\\\/wp-content\\\/uploads\\\/2023\\\/10\\\/valle-1.png\",\"keywords\":[\"caral\",\"Cultura\"],\"articleSection\":[\"noticias\"],\"inLanguage\":\"en-US\"},{\"@type\":\"WebPage\",\"@id\":\"https:\\\/\\\/zonacaral.gob.pe\\\/es\\\/noticias\\\/aportamos-al-ecosistema-del-valle-de-supe-con-seis-mil-metros-cuadrados-de-areas-verdes\\\/\",\"url\":\"https:\\\/\\\/zonacaral.gob.pe\\\/es\\\/noticias\\\/aportamos-al-ecosistema-del-valle-de-supe-con-seis-mil-metros-cuadrados-de-areas-verdes\\\/\",\"name\":\"Aportamos al ecosistema del valle de Supe con seis mil metros cuadrados de \u00e1reas verdes\",\"isPartOf\":{\"@id\":\"https:\\\/\\\/zonacaral.gob.pe\\\/es\\\/#website\"},\"primaryImageOfPage\":{\"@id\":\"https:\\\/\\\/zonacaral.gob.pe\\\/es\\\/noticias\\\/aportamos-al-ecosistema-del-valle-de-supe-con-seis-mil-metros-cuadrados-de-areas-verdes\\\/#primaryimage\"},\"image\":{\"@id\":\"https:\\\/\\\/zonacaral.gob.pe\\\/es\\\/noticias\\\/aportamos-al-ecosistema-del-valle-de-supe-con-seis-mil-metros-cuadrados-de-areas-verdes\\\/#primaryimage\"},\"thumbnailUrl\":\"https:\\\/\\\/zonacaral.gob.pe\\\/wp-content\\\/uploads\\\/2023\\\/10\\\/valle-1.png\",\"datePublished\":\"2023-10-11T21:34:19+00:00\",\"author\":{\"@id\":\"https:\\\/\\\/zonacaral.gob.pe\\\/es\\\/#\\\/schema\\\/person\\\/beddb4d22f71a7230c5b90913270a0ee\"},\"description\":\"Desde hace casi diez a\u00f1os, la Zona Arqueol\u00f3gica Caral (ZAC), Unidad Ejecutora 003 del Ministerio de Cultura del Per\u00fa, ha realizado diversas acciones para incrementar las \u00e1reas verdes en el valle de Supe, provincia de Barranca - regi\u00f3n Lima, con el fin de contribuir a la conservaci\u00f3n de los espacios naturales, en concordancia con el Plan Maestro para un desarrollo integral y sostenible de Supe y Barranca.\",\"breadcrumb\":{\"@id\":\"https:\\\/\\\/zonacaral.gob.pe\\\/es\\\/noticias\\\/aportamos-al-ecosistema-del-valle-de-supe-con-seis-mil-metros-cuadrados-de-areas-verdes\\\/#breadcrumb\"},\"inLanguage\":\"en-US\",\"potentialAction\":[{\"@type\":\"ReadAction\",\"target\":[\"https:\\\/\\\/zonacaral.gob.pe\\\/es\\\/noticias\\\/aportamos-al-ecosistema-del-valle-de-supe-con-seis-mil-metros-cuadrados-de-areas-verdes\\\/\"]}]},{\"@type\":\"ImageObject\",\"inLanguage\":\"en-US\",\"@id\":\"https:\\\/\\\/zonacaral.gob.pe\\\/es\\\/noticias\\\/aportamos-al-ecosistema-del-valle-de-supe-con-seis-mil-metros-cuadrados-de-areas-verdes\\\/#primaryimage\",\"url\":\"https:\\\/\\\/zonacaral.gob.pe\\\/wp-content\\\/uploads\\\/2023\\\/10\\\/valle-1.png\",\"contentUrl\":\"https:\\\/\\\/zonacaral.gob.pe\\\/wp-content\\\/uploads\\\/2023\\\/10\\\/valle-1.png\",\"width\":1040,\"height\":640},{\"@type\":\"BreadcrumbList\",\"@id\":\"https:\\\/\\\/zonacaral.gob.pe\\\/es\\\/noticias\\\/aportamos-al-ecosistema-del-valle-de-supe-con-seis-mil-metros-cuadrados-de-areas-verdes\\\/#breadcrumb\",\"itemListElement\":[{\"@type\":\"ListItem\",\"position\":1,\"name\":\"Portada\",\"item\":\"https:\\\/\\\/zonacaral.gob.pe\\\/\"},{\"@type\":\"ListItem\",\"position\":2,\"name\":\"Aportamos al ecosistema del valle de Supe con seis mil metros cuadrados de \u00e1reas verdes\"}]},{\"@type\":\"WebSite\",\"@id\":\"https:\\\/\\\/zonacaral.gob.pe\\\/es\\\/#website\",\"url\":\"https:\\\/\\\/zonacaral.gob.pe\\\/es\\\/\",\"name\":\"Zona Caral\",\"description\":\"Investigamos, conservamos y difundimos el patrimonio cultural de la Civilizaci\u00f3n Caral, la m\u00e1s antigua de Am\u00e9rica.\",\"potentialAction\":[{\"@type\":\"SearchAction\",\"target\":{\"@type\":\"EntryPoint\",\"urlTemplate\":\"https:\\\/\\\/zonacaral.gob.pe\\\/es\\\/?s={search_term_string}\"},\"query-input\":{\"@type\":\"PropertyValueSpecification\",\"valueRequired\":true,\"valueName\":\"search_term_string\"}}],\"inLanguage\":\"en-US\"},{\"@type\":\"Person\",\"@id\":\"https:\\\/\\\/zonacaral.gob.pe\\\/es\\\/#\\\/schema\\\/person\\\/beddb4d22f71a7230c5b90913270a0ee\",\"name\":\"Zona Caral Administrador\",\"image\":{\"@type\":\"ImageObject\",\"inLanguage\":\"en-US\",\"@id\":\"https:\\\/\\\/secure.gravatar.com\\\/avatar\\\/e4be162918a696358376de6446614e0f0f4062bdc5d170d6d540ada3d8b58c12?s=96&d=mm&r=g\",\"url\":\"https:\\\/\\\/secure.gravatar.com\\\/avatar\\\/e4be162918a696358376de6446614e0f0f4062bdc5d170d6d540ada3d8b58c12?s=96&d=mm&r=g\",\"contentUrl\":\"https:\\\/\\\/secure.gravatar.com\\\/avatar\\\/e4be162918a696358376de6446614e0f0f4062bdc5d170d6d540ada3d8b58c12?s=96&d=mm&r=g\",\"caption\":\"Zona Caral Administrador\"},\"sameAs\":[\"https:\\\/\\\/zonacaral.gob.pe\"],\"url\":\"https:\\\/\\\/zonacaral.gob.pe\\\/en\\\/noticias\\\/author\\\/ad_zonacaral\\\/\"}]}<\/script>\n<!-- \/ Yoast SEO plugin. -->","yoast_head_json":{"title":"Aportamos al ecosistema del valle de Supe con seis mil metros cuadrados de \u00e1reas verdes","description":"Desde hace casi diez a\u00f1os, la Zona Arqueol\u00f3gica Caral (ZAC), Unidad Ejecutora 003 del Ministerio de Cultura del Per\u00fa, ha realizado diversas acciones para incrementar las \u00e1reas verdes en el valle de Supe, provincia de Barranca - regi\u00f3n Lima, con el fin de contribuir a la conservaci\u00f3n de los espacios naturales, en concordancia con el Plan Maestro para un desarrollo integral y sostenible de Supe y Barranca.","robots":{"index":"index","follow":"follow","max-snippet":"max-snippet:-1","max-image-preview":"max-image-preview:large","max-video-preview":"max-video-preview:-1"},"canonical":"https:\/\/zonacaral.gob.pe\/en\/noticias\/aportamos-al-ecosistema-del-valle-de-supe-con-seis-mil-metros-cuadrados-de-areas-verdes\/","og_locale":"en_US","og_type":"article","og_title":"Aportamos al ecosistema del valle de Supe con seis mil metros cuadrados de \u00e1reas verdes","og_description":"Desde hace casi diez a\u00f1os, la Zona Arqueol\u00f3gica Caral (ZAC), Unidad Ejecutora 003 del Ministerio de Cultura del Per\u00fa, ha realizado diversas acciones para incrementar las \u00e1reas verdes en el valle de Supe, provincia de Barranca - regi\u00f3n Lima, con el fin de contribuir a la conservaci\u00f3n de los espacios naturales, en concordancia con el Plan Maestro para un desarrollo integral y sostenible de Supe y Barranca.","og_url":"https:\/\/zonacaral.gob.pe\/en\/noticias\/aportamos-al-ecosistema-del-valle-de-supe-con-seis-mil-metros-cuadrados-de-areas-verdes\/","og_site_name":"Zona Caral","article_published_time":"2023-10-11T21:34:19+00:00","og_image":[{"width":1040,"height":640,"url":"https:\/\/zonacaral.gob.pe\/wp-content\/uploads\/2023\/10\/valle-1.png","type":"image\/png"}],"author":"Zona Caral Administrador","twitter_card":"summary_large_image","twitter_misc":{"Written by":"Zona Caral Administrador","Est. reading time":"2 minutes"},"schema":{"@context":"https:\/\/schema.org","@graph":[{"@type":"Article","@id":"https:\/\/zonacaral.gob.pe\/es\/noticias\/aportamos-al-ecosistema-del-valle-de-supe-con-seis-mil-metros-cuadrados-de-areas-verdes\/#article","isPartOf":{"@id":"https:\/\/zonacaral.gob.pe\/es\/noticias\/aportamos-al-ecosistema-del-valle-de-supe-con-seis-mil-metros-cuadrados-de-areas-verdes\/"},"author":{"name":"Zona Caral Administrador","@id":"https:\/\/zonacaral.gob.pe\/es\/#\/schema\/person\/beddb4d22f71a7230c5b90913270a0ee"},"headline":"Aportamos al ecosistema del valle de Supe con seis mil metros cuadrados de \u00e1reas verdes","datePublished":"2023-10-11T21:34:19+00:00","mainEntityOfPage":{"@id":"https:\/\/zonacaral.gob.pe\/es\/noticias\/aportamos-al-ecosistema-del-valle-de-supe-con-seis-mil-metros-cuadrados-de-areas-verdes\/"},"wordCount":474,"image":{"@id":"https:\/\/zonacaral.gob.pe\/es\/noticias\/aportamos-al-ecosistema-del-valle-de-supe-con-seis-mil-metros-cuadrados-de-areas-verdes\/#primaryimage"},"thumbnailUrl":"https:\/\/zonacaral.gob.pe\/wp-content\/uploads\/2023\/10\/valle-1.png","keywords":["caral","Cultura"],"articleSection":["noticias"],"inLanguage":"en-US"},{"@type":"WebPage","@id":"https:\/\/zonacaral.gob.pe\/es\/noticias\/aportamos-al-ecosistema-del-valle-de-supe-con-seis-mil-metros-cuadrados-de-areas-verdes\/","url":"https:\/\/zonacaral.gob.pe\/es\/noticias\/aportamos-al-ecosistema-del-valle-de-supe-con-seis-mil-metros-cuadrados-de-areas-verdes\/","name":"Aportamos al ecosistema del valle de Supe con seis mil metros cuadrados de \u00e1reas verdes","isPartOf":{"@id":"https:\/\/zonacaral.gob.pe\/es\/#website"},"primaryImageOfPage":{"@id":"https:\/\/zonacaral.gob.pe\/es\/noticias\/aportamos-al-ecosistema-del-valle-de-supe-con-seis-mil-metros-cuadrados-de-areas-verdes\/#primaryimage"},"image":{"@id":"https:\/\/zonacaral.gob.pe\/es\/noticias\/aportamos-al-ecosistema-del-valle-de-supe-con-seis-mil-metros-cuadrados-de-areas-verdes\/#primaryimage"},"thumbnailUrl":"https:\/\/zonacaral.gob.pe\/wp-content\/uploads\/2023\/10\/valle-1.png","datePublished":"2023-10-11T21:34:19+00:00","author":{"@id":"https:\/\/zonacaral.gob.pe\/es\/#\/schema\/person\/beddb4d22f71a7230c5b90913270a0ee"},"description":"Desde hace casi diez a\u00f1os, la Zona Arqueol\u00f3gica Caral (ZAC), Unidad Ejecutora 003 del Ministerio de Cultura del Per\u00fa, ha realizado diversas acciones para incrementar las \u00e1reas verdes en el valle de Supe, provincia de Barranca - regi\u00f3n Lima, con el fin de contribuir a la conservaci\u00f3n de los espacios naturales, en concordancia con el Plan Maestro para un desarrollo integral y sostenible de Supe y Barranca.","breadcrumb":{"@id":"https:\/\/zonacaral.gob.pe\/es\/noticias\/aportamos-al-ecosistema-del-valle-de-supe-con-seis-mil-metros-cuadrados-de-areas-verdes\/#breadcrumb"},"inLanguage":"en-US","potentialAction":[{"@type":"ReadAction","target":["https:\/\/zonacaral.gob.pe\/es\/noticias\/aportamos-al-ecosistema-del-valle-de-supe-con-seis-mil-metros-cuadrados-de-areas-verdes\/"]}]},{"@type":"ImageObject","inLanguage":"en-US","@id":"https:\/\/zonacaral.gob.pe\/es\/noticias\/aportamos-al-ecosistema-del-valle-de-supe-con-seis-mil-metros-cuadrados-de-areas-verdes\/#primaryimage","url":"https:\/\/zonacaral.gob.pe\/wp-content\/uploads\/2023\/10\/valle-1.png","contentUrl":"https:\/\/zonacaral.gob.pe\/wp-content\/uploads\/2023\/10\/valle-1.png","width":1040,"height":640},{"@type":"BreadcrumbList","@id":"https:\/\/zonacaral.gob.pe\/es\/noticias\/aportamos-al-ecosistema-del-valle-de-supe-con-seis-mil-metros-cuadrados-de-areas-verdes\/#breadcrumb","itemListElement":[{"@type":"ListItem","position":1,"name":"Portada","item":"https:\/\/zonacaral.gob.pe\/"},{"@type":"ListItem","position":2,"name":"Aportamos al ecosistema del valle de Supe con seis mil metros cuadrados de \u00e1reas verdes"}]},{"@type":"WebSite","@id":"https:\/\/zonacaral.gob.pe\/es\/#website","url":"https:\/\/zonacaral.gob.pe\/es\/","name":"Zona Caral","description":"Investigamos, conservamos y difundimos el patrimonio cultural de la Civilizaci\u00f3n Caral, la m\u00e1s antigua de Am\u00e9rica.","potentialAction":[{"@type":"SearchAction","target":{"@type":"EntryPoint","urlTemplate":"https:\/\/zonacaral.gob.pe\/es\/?s={search_term_string}"},"query-input":{"@type":"PropertyValueSpecification","valueRequired":true,"valueName":"search_term_string"}}],"inLanguage":"en-US"},{"@type":"Person","@id":"https:\/\/zonacaral.gob.pe\/es\/#\/schema\/person\/beddb4d22f71a7230c5b90913270a0ee","name":"Zona Caral Administrador","image":{"@type":"ImageObject","inLanguage":"en-US","@id":"https:\/\/secure.gravatar.com\/avatar\/e4be162918a696358376de6446614e0f0f4062bdc5d170d6d540ada3d8b58c12?s=96&d=mm&r=g","url":"https:\/\/secure.gravatar.com\/avatar\/e4be162918a696358376de6446614e0f0f4062bdc5d170d6d540ada3d8b58c12?s=96&d=mm&r=g","contentUrl":"https:\/\/secure.gravatar.com\/avatar\/e4be162918a696358376de6446614e0f0f4062bdc5d170d6d540ada3d8b58c12?s=96&d=mm&r=g","caption":"Zona Caral Administrador"},"sameAs":["https:\/\/zonacaral.gob.pe"],"url":"https:\/\/zonacaral.gob.pe\/en\/noticias\/author\/ad_zonacaral\/"}]}},"_links":{"self":[{"href":"https:\/\/zonacaral.gob.pe\/en\/wp-json\/wp\/v2\/posts\/17111","targetHints":{"allow":["GET"]}}],"collection":[{"href":"https:\/\/zonacaral.gob.pe\/en\/wp-json\/wp\/v2\/posts"}],"about":[{"href":"https:\/\/zonacaral.gob.pe\/en\/wp-json\/wp\/v2\/types\/post"}],"author":[{"embeddable":true,"href":"https:\/\/zonacaral.gob.pe\/en\/wp-json\/wp\/v2\/users\/1"}],"replies":[{"embeddable":true,"href":"https:\/\/zonacaral.gob.pe\/en\/wp-json\/wp\/v2\/comments?post=17111"}],"version-history":[{"count":0,"href":"https:\/\/zonacaral.gob.pe\/en\/wp-json\/wp\/v2\/posts\/17111\/revisions"}],"wp:featuredmedia":[{"embeddable":true,"href":"https:\/\/zonacaral.gob.pe\/en\/wp-json\/wp\/v2\/media\/17117"}],"wp:attachment":[{"href":"https:\/\/zonacaral.gob.pe\/en\/wp-json\/wp\/v2\/media?parent=17111"}],"wp:term":[{"taxonomy":"category","embeddable":true,"href":"https:\/\/zonacaral.gob.pe\/en\/wp-json\/wp\/v2\/categories?post=17111"},{"taxonomy":"post_tag","embeddable":true,"href":"https:\/\/zonacaral.gob.pe\/en\/wp-json\/wp\/v2\/tags?post=17111"}],"curies":[{"name":"wp","href":"https:\/\/api.w.org\/{rel}","templated":true}]}}