{"id":17126,"date":"2023-10-12T08:42:07","date_gmt":"2023-10-12T13:42:07","guid":{"rendered":"https:\/\/www.zonacaral.gob.pe\/?p=17126"},"modified":"2023-10-12T08:42:07","modified_gmt":"2023-10-12T13:42:07","slug":"vegueta-escolares-aprenden-a-elaborar-productos-con-junco","status":"publish","type":"post","link":"https:\/\/zonacaral.gob.pe\/en\/noticias\/vegueta-escolares-aprenden-a-elaborar-productos-con-junco\/","title":{"rendered":"V\u00c9GUETA: escolares aprenden a elaborar productos con junco"},"content":{"rendered":"<figure class=\"pic-autor\" style=\"color: #4d4d4d; text-align: justify;\"><\/figure>\n<div class=\"gmail_default\" style=\"text-align: justify;\">\n<blockquote>\n<p><i><span style=\"font-weight: 400;\">Difusi\u00f3n cultural gratuita.<\/span><\/i><\/p>\n<\/blockquote>\n<p><span style=\"font-weight: 400;\">La <\/span><span style=\"color: #750404;\"><a style=\"color: #750404;\" href=\"https:\/\/www.instagram.com\/caralperu\/?hl=es\"><span style=\"font-weight: 400;\">Zona Arqueol\u00f3gica Caral<\/span><\/a><\/span><span style=\"font-weight: 400;\"> (ZAC), Unidad Ejecutora 003 del Ministerio de Cultura del Per\u00fa, a trav\u00e9s de la Subdirecci\u00f3n de Relaciones Comunitarias, viene impartiendo un curso &#8211; taller de fibra de junco a escolares del nivel primaria, con el fin de seguir motivando el inter\u00e9s en nuestro milenario patrimonio cultural y transmitir los valores de la civilizaci\u00f3n Caral (3000 \u2013 1800 a. C.).<\/span><\/p>\n<p><span style=\"font-weight: 400;\">En septiembre, el profesor Elvis Peralta, personal de la Subdirecci\u00f3n de Relaciones Comunitarias en la provincia de Huaura, y la artesana Lidia Palma, visitaron los colegios San Isidro Labrador (V\u00e9gueta) y General Francisco Vidal (Centro Poblado La Perlita), para ense\u00f1ar a los alumnos de quinto de primaria, la t\u00e9cnica ancestral, y Patrimonio Cultural de la Naci\u00f3n, de tejido de fibra de junco.<\/span><\/p>\n<p><span style=\"font-weight: 400;\">A los estudiantes se les entreg\u00f3 el material de junco, natural y te\u00f1ido, y guiados por la experta en tejido lograron elaborar cestos, paneras, entre otros objetos. Cabe se\u00f1alar que esta propuesta de taller puede ser adoptada como un emprendimiento por los j\u00f3venes estudiantes.<\/span><\/p>\n<p><span style=\"color: #750404;\"><b>JUNCO, INSUMO MILENARIO<\/b><\/span><\/p>\n<p><span style=\"font-weight: 400;\">El junco y la totora fueron uno de los principales productos que los antiguos habitantes de los centros urbanos de Caral obtuvieron de los humedales de Huaura y de Supe. A estos insumos les dieron diversos usos; por ejemplo, fue un material de construcci\u00f3n: al momento de edificar sus viviendas crearon mallas estructurales (sobre postes tej\u00edan un entramado de ca\u00f1as y carrizos en pares entrelazados con fibras de junco).<\/span><\/p>\n<p><span style=\"font-weight: 400;\">Asimismo, el junco sirvi\u00f3 para elaborar las bolsas de \u201cshicra\u201d. Estas fueron usadas para trasladar piedras para la construcci\u00f3n de los edificios piramidales y, adem\u00e1s, formaron parte de los elementos constructivos. En las investigaciones arqueol\u00f3gicas se hallaron estas shicras rellenas de piedras (de diferentes tama\u00f1os), las cuales habr\u00edan ayudado a amortiguar los efectos de los movimientos s\u00edsmicos, y nos permiten apreciar hasta la actualidad la monumentalidad de sus edificaciones.<\/span><\/p>\n<p><span style=\"font-weight: 400;\">Es posible que estos materiales vegetales hayan servido para confeccionar otros objetos, como las esterillas que fueron halladas en contextos de entierros importantes, como el que envolv\u00eda a la Dama de los Cuatro Tupus, recuperada en el sitio arqueol\u00f3gico \u00c1spero. Adem\u00e1s, de, probablemente, haber servido para el intercambio de productos con los habitantes de otros centros urbanos, a corta y larga distancia.<\/span><\/p>\n<p><span style=\"color: #750404;\"><b>EN LA ACTUALIDAD<\/b><\/span><\/p>\n<p><span style=\"font-weight: 400;\">Actualmente, los habitantes aleda\u00f1os a estos humedales, siguiendo sus tradiciones, contin\u00faan extrayendo el junco para elaborar diversos objetos desde monederos, hasta grandes cestas para el uso personal y venta, logrando as\u00ed su desarrollo socioecon\u00f3mico. Los herederos de esta tradici\u00f3n se profesionalizan y forman organizaciones con el fin de seguir transmitiendo estos conocimientos a las nuevas generaciones.<\/span><\/p>\n<p><span style=\"color: #750404;\"><b>DATO<\/b><\/span><\/p>\n<p><span style=\"font-weight: 400;\">La Subdirecci\u00f3n de Relaciones Comunitarias de la Zona Arqueol\u00f3gica Caral, tiene el programa bandera denominado<\/span><span style=\"font-weight: 400;\">&nbsp; <\/span><b>\u00abCaral en la Escuela\u00bb<\/b><span style=\"font-weight: 400;\">, el cual busca impartir en las diferentes escuelas p\u00fablicas de las provincias de Barranca y de Huaura, los conocimientos recuperados sobre el desarrollo de la civilizaci\u00f3n Caral, y as\u00ed motivar la identidad cultural en los escolares.<\/span><\/p>\n<p><span style=\"color: #6b0505;\"><strong style=\"font-size: inherit; text-align: justify;\">Fuente: Comunicaci\u00f3n e Imagen Institucional ZAC<\/strong><\/span><\/p>\n<\/div>\n<div style=\"color: #1f1f1f;\">\n<div style=\"color: #1f1f1f;\">\n<p style=\"text-align: justify;\">Fecha de publicaci\u00f3n: 12\/10\/2023<\/p>\n<\/div>\n<\/div>\n\n\n<p><\/p>","protected":false},"excerpt":{"rendered":"<p>Difusi\u00f3n cultural gratuita. La Zona Arqueol\u00f3gica Caral (ZAC), Unidad Ejecutora 003 del Ministerio de Cultura del Per\u00fa, a trav\u00e9s de [&hellip;]<\/p>\n","protected":false},"author":1,"featured_media":17130,"comment_status":"closed","ping_status":"open","sticky":false,"template":"","format":"standard","meta":{"_acf_changed":false,"site-sidebar-layout":"default","site-content-layout":"","ast-site-content-layout":"default","site-content-style":"default","site-sidebar-style":"default","ast-global-header-display":"","ast-banner-title-visibility":"","ast-main-header-display":"","ast-hfb-above-header-display":"","ast-hfb-below-header-display":"","ast-hfb-mobile-header-display":"","site-post-title":"","ast-breadcrumbs-content":"","ast-featured-img":"","footer-sml-layout":"","ast-disable-related-posts":"","theme-transparent-header-meta":"","adv-header-id-meta":"","stick-header-meta":"","header-above-stick-meta":"","header-main-stick-meta":"","header-below-stick-meta":"","astra-migrate-meta-layouts":"default","ast-page-background-enabled":"default","ast-page-background-meta":{"desktop":{"background-color":"var(--ast-global-color-5)","background-image":"","background-repeat":"repeat","background-position":"center center","background-size":"auto","background-attachment":"scroll","background-type":"","background-media":"","overlay-type":"","overlay-color":"","overlay-opacity":"","overlay-gradient":""},"tablet":{"background-color":"","background-image":"","background-repeat":"repeat","background-position":"center center","background-size":"auto","background-attachment":"scroll","background-type":"","background-media":"","overlay-type":"","overlay-color":"","overlay-opacity":"","overlay-gradient":""},"mobile":{"background-color":"","background-image":"","background-repeat":"repeat","background-position":"center center","background-size":"auto","background-attachment":"scroll","background-type":"","background-media":"","overlay-type":"","overlay-color":"","overlay-opacity":"","overlay-gradient":""}},"ast-content-background-meta":{"desktop":{"background-color":"var(--ast-global-color-4)","background-image":"","background-repeat":"repeat","background-position":"center center","background-size":"auto","background-attachment":"scroll","background-type":"","background-media":"","overlay-type":"","overlay-color":"","overlay-opacity":"","overlay-gradient":""},"tablet":{"background-color":"var(--ast-global-color-4)","background-image":"","background-repeat":"repeat","background-position":"center center","background-size":"auto","background-attachment":"scroll","background-type":"","background-media":"","overlay-type":"","overlay-color":"","overlay-opacity":"","overlay-gradient":""},"mobile":{"background-color":"var(--ast-global-color-4)","background-image":"","background-repeat":"repeat","background-position":"center center","background-size":"auto","background-attachment":"scroll","background-type":"","background-media":"","overlay-type":"","overlay-color":"","overlay-opacity":"","overlay-gradient":""}},"footnotes":""},"categories":[208],"tags":[55,72],"class_list":["post-17126","post","type-post","status-publish","format-standard","has-post-thumbnail","hentry","category-noticias","tag-caral","tag-cultura"],"acf":[],"yoast_head":"<!-- This site is optimized with the Yoast SEO plugin v27.3 - https:\/\/yoast.com\/product\/yoast-seo-wordpress\/ -->\n<title>V\u00c9GUETA: escolares aprenden a elaborar productos con junco<\/title>\n<meta name=\"description\" content=\"La Zona Arqueol\u00f3gica Caral (ZAC), Unidad Ejecutora 003 del Ministerio de Cultura del Per\u00fa, a trav\u00e9s de la Subdirecci\u00f3n de Relaciones Comunitarias, viene impartiendo un curso - taller de fibra de junco a escolares del nivel primaria, con el fin de seguir motivando el inter\u00e9s en nuestro milenario patrimonio cultural y transmitir los valores de la civilizaci\u00f3n Caral (3000 \u2013 1800 a. C.).\" \/>\n<meta name=\"robots\" content=\"index, follow, max-snippet:-1, max-image-preview:large, max-video-preview:-1\" \/>\n<link rel=\"canonical\" href=\"https:\/\/zonacaral.gob.pe\/en\/noticias\/vegueta-escolares-aprenden-a-elaborar-productos-con-junco\/\" \/>\n<meta property=\"og:locale\" content=\"en_US\" \/>\n<meta property=\"og:type\" content=\"article\" \/>\n<meta property=\"og:title\" content=\"V\u00c9GUETA: escolares aprenden a elaborar productos con junco\" \/>\n<meta property=\"og:description\" content=\"La Zona Arqueol\u00f3gica Caral (ZAC), Unidad Ejecutora 003 del Ministerio de Cultura del Per\u00fa, a trav\u00e9s de la Subdirecci\u00f3n de Relaciones Comunitarias, viene impartiendo un curso - taller de fibra de junco a escolares del nivel primaria, con el fin de seguir motivando el inter\u00e9s en nuestro milenario patrimonio cultural y transmitir los valores de la civilizaci\u00f3n Caral (3000 \u2013 1800 a. C.).\" \/>\n<meta property=\"og:url\" content=\"https:\/\/zonacaral.gob.pe\/en\/noticias\/vegueta-escolares-aprenden-a-elaborar-productos-con-junco\/\" \/>\n<meta property=\"og:site_name\" content=\"Zona Caral\" \/>\n<meta property=\"article:published_time\" content=\"2023-10-12T13:42:07+00:00\" \/>\n<meta property=\"og:image\" content=\"https:\/\/zonacaral.gob.pe\/wp-content\/uploads\/2023\/10\/junco-3.png\" \/>\n\t<meta property=\"og:image:width\" content=\"1040\" \/>\n\t<meta property=\"og:image:height\" content=\"640\" \/>\n\t<meta property=\"og:image:type\" content=\"image\/png\" \/>\n<meta name=\"author\" content=\"Zona Caral Administrador\" \/>\n<meta name=\"twitter:card\" content=\"summary_large_image\" \/>\n<meta name=\"twitter:label1\" content=\"Written by\" \/>\n\t<meta name=\"twitter:data1\" content=\"Zona Caral Administrador\" \/>\n\t<meta name=\"twitter:label2\" content=\"Est. reading time\" \/>\n\t<meta name=\"twitter:data2\" content=\"3 minutes\" \/>\n<script type=\"application\/ld+json\" class=\"yoast-schema-graph\">{\"@context\":\"https:\\\/\\\/schema.org\",\"@graph\":[{\"@type\":\"Article\",\"@id\":\"https:\\\/\\\/zonacaral.gob.pe\\\/es\\\/noticias\\\/vegueta-escolares-aprenden-a-elaborar-productos-con-junco\\\/#article\",\"isPartOf\":{\"@id\":\"https:\\\/\\\/zonacaral.gob.pe\\\/es\\\/noticias\\\/vegueta-escolares-aprenden-a-elaborar-productos-con-junco\\\/\"},\"author\":{\"name\":\"Zona Caral Administrador\",\"@id\":\"https:\\\/\\\/zonacaral.gob.pe\\\/es\\\/#\\\/schema\\\/person\\\/beddb4d22f71a7230c5b90913270a0ee\"},\"headline\":\"V\u00c9GUETA: escolares aprenden a elaborar productos con junco\",\"datePublished\":\"2023-10-12T13:42:07+00:00\",\"mainEntityOfPage\":{\"@id\":\"https:\\\/\\\/zonacaral.gob.pe\\\/es\\\/noticias\\\/vegueta-escolares-aprenden-a-elaborar-productos-con-junco\\\/\"},\"wordCount\":541,\"image\":{\"@id\":\"https:\\\/\\\/zonacaral.gob.pe\\\/es\\\/noticias\\\/vegueta-escolares-aprenden-a-elaborar-productos-con-junco\\\/#primaryimage\"},\"thumbnailUrl\":\"https:\\\/\\\/zonacaral.gob.pe\\\/wp-content\\\/uploads\\\/2023\\\/10\\\/junco-3.png\",\"keywords\":[\"caral\",\"Cultura\"],\"articleSection\":[\"noticias\"],\"inLanguage\":\"en-US\"},{\"@type\":\"WebPage\",\"@id\":\"https:\\\/\\\/zonacaral.gob.pe\\\/es\\\/noticias\\\/vegueta-escolares-aprenden-a-elaborar-productos-con-junco\\\/\",\"url\":\"https:\\\/\\\/zonacaral.gob.pe\\\/es\\\/noticias\\\/vegueta-escolares-aprenden-a-elaborar-productos-con-junco\\\/\",\"name\":\"V\u00c9GUETA: escolares aprenden a elaborar productos con junco\",\"isPartOf\":{\"@id\":\"https:\\\/\\\/zonacaral.gob.pe\\\/es\\\/#website\"},\"primaryImageOfPage\":{\"@id\":\"https:\\\/\\\/zonacaral.gob.pe\\\/es\\\/noticias\\\/vegueta-escolares-aprenden-a-elaborar-productos-con-junco\\\/#primaryimage\"},\"image\":{\"@id\":\"https:\\\/\\\/zonacaral.gob.pe\\\/es\\\/noticias\\\/vegueta-escolares-aprenden-a-elaborar-productos-con-junco\\\/#primaryimage\"},\"thumbnailUrl\":\"https:\\\/\\\/zonacaral.gob.pe\\\/wp-content\\\/uploads\\\/2023\\\/10\\\/junco-3.png\",\"datePublished\":\"2023-10-12T13:42:07+00:00\",\"author\":{\"@id\":\"https:\\\/\\\/zonacaral.gob.pe\\\/es\\\/#\\\/schema\\\/person\\\/beddb4d22f71a7230c5b90913270a0ee\"},\"description\":\"La Zona Arqueol\u00f3gica Caral (ZAC), Unidad Ejecutora 003 del Ministerio de Cultura del Per\u00fa, a trav\u00e9s de la Subdirecci\u00f3n de Relaciones Comunitarias, viene impartiendo un curso - taller de fibra de junco a escolares del nivel primaria, con el fin de seguir motivando el inter\u00e9s en nuestro milenario patrimonio cultural y transmitir los valores de la civilizaci\u00f3n Caral (3000 \u2013 1800 a. C.).\",\"breadcrumb\":{\"@id\":\"https:\\\/\\\/zonacaral.gob.pe\\\/es\\\/noticias\\\/vegueta-escolares-aprenden-a-elaborar-productos-con-junco\\\/#breadcrumb\"},\"inLanguage\":\"en-US\",\"potentialAction\":[{\"@type\":\"ReadAction\",\"target\":[\"https:\\\/\\\/zonacaral.gob.pe\\\/es\\\/noticias\\\/vegueta-escolares-aprenden-a-elaborar-productos-con-junco\\\/\"]}]},{\"@type\":\"ImageObject\",\"inLanguage\":\"en-US\",\"@id\":\"https:\\\/\\\/zonacaral.gob.pe\\\/es\\\/noticias\\\/vegueta-escolares-aprenden-a-elaborar-productos-con-junco\\\/#primaryimage\",\"url\":\"https:\\\/\\\/zonacaral.gob.pe\\\/wp-content\\\/uploads\\\/2023\\\/10\\\/junco-3.png\",\"contentUrl\":\"https:\\\/\\\/zonacaral.gob.pe\\\/wp-content\\\/uploads\\\/2023\\\/10\\\/junco-3.png\",\"width\":1040,\"height\":640},{\"@type\":\"BreadcrumbList\",\"@id\":\"https:\\\/\\\/zonacaral.gob.pe\\\/es\\\/noticias\\\/vegueta-escolares-aprenden-a-elaborar-productos-con-junco\\\/#breadcrumb\",\"itemListElement\":[{\"@type\":\"ListItem\",\"position\":1,\"name\":\"Portada\",\"item\":\"https:\\\/\\\/zonacaral.gob.pe\\\/\"},{\"@type\":\"ListItem\",\"position\":2,\"name\":\"V\u00c9GUETA: escolares aprenden a elaborar productos con junco\"}]},{\"@type\":\"WebSite\",\"@id\":\"https:\\\/\\\/zonacaral.gob.pe\\\/es\\\/#website\",\"url\":\"https:\\\/\\\/zonacaral.gob.pe\\\/es\\\/\",\"name\":\"Zona Caral\",\"description\":\"Investigamos, conservamos y difundimos el patrimonio cultural de la Civilizaci\u00f3n Caral, la m\u00e1s antigua de Am\u00e9rica.\",\"potentialAction\":[{\"@type\":\"SearchAction\",\"target\":{\"@type\":\"EntryPoint\",\"urlTemplate\":\"https:\\\/\\\/zonacaral.gob.pe\\\/es\\\/?s={search_term_string}\"},\"query-input\":{\"@type\":\"PropertyValueSpecification\",\"valueRequired\":true,\"valueName\":\"search_term_string\"}}],\"inLanguage\":\"en-US\"},{\"@type\":\"Person\",\"@id\":\"https:\\\/\\\/zonacaral.gob.pe\\\/es\\\/#\\\/schema\\\/person\\\/beddb4d22f71a7230c5b90913270a0ee\",\"name\":\"Zona Caral Administrador\",\"image\":{\"@type\":\"ImageObject\",\"inLanguage\":\"en-US\",\"@id\":\"https:\\\/\\\/secure.gravatar.com\\\/avatar\\\/e4be162918a696358376de6446614e0f0f4062bdc5d170d6d540ada3d8b58c12?s=96&d=mm&r=g\",\"url\":\"https:\\\/\\\/secure.gravatar.com\\\/avatar\\\/e4be162918a696358376de6446614e0f0f4062bdc5d170d6d540ada3d8b58c12?s=96&d=mm&r=g\",\"contentUrl\":\"https:\\\/\\\/secure.gravatar.com\\\/avatar\\\/e4be162918a696358376de6446614e0f0f4062bdc5d170d6d540ada3d8b58c12?s=96&d=mm&r=g\",\"caption\":\"Zona Caral Administrador\"},\"sameAs\":[\"https:\\\/\\\/zonacaral.gob.pe\"],\"url\":\"https:\\\/\\\/zonacaral.gob.pe\\\/en\\\/noticias\\\/author\\\/ad_zonacaral\\\/\"}]}<\/script>\n<!-- \/ Yoast SEO plugin. -->","yoast_head_json":{"title":"V\u00c9GUETA: escolares aprenden a elaborar productos con junco","description":"La Zona Arqueol\u00f3gica Caral (ZAC), Unidad Ejecutora 003 del Ministerio de Cultura del Per\u00fa, a trav\u00e9s de la Subdirecci\u00f3n de Relaciones Comunitarias, viene impartiendo un curso - taller de fibra de junco a escolares del nivel primaria, con el fin de seguir motivando el inter\u00e9s en nuestro milenario patrimonio cultural y transmitir los valores de la civilizaci\u00f3n Caral (3000 \u2013 1800 a. C.).","robots":{"index":"index","follow":"follow","max-snippet":"max-snippet:-1","max-image-preview":"max-image-preview:large","max-video-preview":"max-video-preview:-1"},"canonical":"https:\/\/zonacaral.gob.pe\/en\/noticias\/vegueta-escolares-aprenden-a-elaborar-productos-con-junco\/","og_locale":"en_US","og_type":"article","og_title":"V\u00c9GUETA: escolares aprenden a elaborar productos con junco","og_description":"La Zona Arqueol\u00f3gica Caral (ZAC), Unidad Ejecutora 003 del Ministerio de Cultura del Per\u00fa, a trav\u00e9s de la Subdirecci\u00f3n de Relaciones Comunitarias, viene impartiendo un curso - taller de fibra de junco a escolares del nivel primaria, con el fin de seguir motivando el inter\u00e9s en nuestro milenario patrimonio cultural y transmitir los valores de la civilizaci\u00f3n Caral (3000 \u2013 1800 a. C.).","og_url":"https:\/\/zonacaral.gob.pe\/en\/noticias\/vegueta-escolares-aprenden-a-elaborar-productos-con-junco\/","og_site_name":"Zona Caral","article_published_time":"2023-10-12T13:42:07+00:00","og_image":[{"width":1040,"height":640,"url":"https:\/\/zonacaral.gob.pe\/wp-content\/uploads\/2023\/10\/junco-3.png","type":"image\/png"}],"author":"Zona Caral Administrador","twitter_card":"summary_large_image","twitter_misc":{"Written by":"Zona Caral Administrador","Est. reading time":"3 minutes"},"schema":{"@context":"https:\/\/schema.org","@graph":[{"@type":"Article","@id":"https:\/\/zonacaral.gob.pe\/es\/noticias\/vegueta-escolares-aprenden-a-elaborar-productos-con-junco\/#article","isPartOf":{"@id":"https:\/\/zonacaral.gob.pe\/es\/noticias\/vegueta-escolares-aprenden-a-elaborar-productos-con-junco\/"},"author":{"name":"Zona Caral Administrador","@id":"https:\/\/zonacaral.gob.pe\/es\/#\/schema\/person\/beddb4d22f71a7230c5b90913270a0ee"},"headline":"V\u00c9GUETA: escolares aprenden a elaborar productos con junco","datePublished":"2023-10-12T13:42:07+00:00","mainEntityOfPage":{"@id":"https:\/\/zonacaral.gob.pe\/es\/noticias\/vegueta-escolares-aprenden-a-elaborar-productos-con-junco\/"},"wordCount":541,"image":{"@id":"https:\/\/zonacaral.gob.pe\/es\/noticias\/vegueta-escolares-aprenden-a-elaborar-productos-con-junco\/#primaryimage"},"thumbnailUrl":"https:\/\/zonacaral.gob.pe\/wp-content\/uploads\/2023\/10\/junco-3.png","keywords":["caral","Cultura"],"articleSection":["noticias"],"inLanguage":"en-US"},{"@type":"WebPage","@id":"https:\/\/zonacaral.gob.pe\/es\/noticias\/vegueta-escolares-aprenden-a-elaborar-productos-con-junco\/","url":"https:\/\/zonacaral.gob.pe\/es\/noticias\/vegueta-escolares-aprenden-a-elaborar-productos-con-junco\/","name":"V\u00c9GUETA: escolares aprenden a elaborar productos con junco","isPartOf":{"@id":"https:\/\/zonacaral.gob.pe\/es\/#website"},"primaryImageOfPage":{"@id":"https:\/\/zonacaral.gob.pe\/es\/noticias\/vegueta-escolares-aprenden-a-elaborar-productos-con-junco\/#primaryimage"},"image":{"@id":"https:\/\/zonacaral.gob.pe\/es\/noticias\/vegueta-escolares-aprenden-a-elaborar-productos-con-junco\/#primaryimage"},"thumbnailUrl":"https:\/\/zonacaral.gob.pe\/wp-content\/uploads\/2023\/10\/junco-3.png","datePublished":"2023-10-12T13:42:07+00:00","author":{"@id":"https:\/\/zonacaral.gob.pe\/es\/#\/schema\/person\/beddb4d22f71a7230c5b90913270a0ee"},"description":"La Zona Arqueol\u00f3gica Caral (ZAC), Unidad Ejecutora 003 del Ministerio de Cultura del Per\u00fa, a trav\u00e9s de la Subdirecci\u00f3n de Relaciones Comunitarias, viene impartiendo un curso - taller de fibra de junco a escolares del nivel primaria, con el fin de seguir motivando el inter\u00e9s en nuestro milenario patrimonio cultural y transmitir los valores de la civilizaci\u00f3n Caral (3000 \u2013 1800 a. C.).","breadcrumb":{"@id":"https:\/\/zonacaral.gob.pe\/es\/noticias\/vegueta-escolares-aprenden-a-elaborar-productos-con-junco\/#breadcrumb"},"inLanguage":"en-US","potentialAction":[{"@type":"ReadAction","target":["https:\/\/zonacaral.gob.pe\/es\/noticias\/vegueta-escolares-aprenden-a-elaborar-productos-con-junco\/"]}]},{"@type":"ImageObject","inLanguage":"en-US","@id":"https:\/\/zonacaral.gob.pe\/es\/noticias\/vegueta-escolares-aprenden-a-elaborar-productos-con-junco\/#primaryimage","url":"https:\/\/zonacaral.gob.pe\/wp-content\/uploads\/2023\/10\/junco-3.png","contentUrl":"https:\/\/zonacaral.gob.pe\/wp-content\/uploads\/2023\/10\/junco-3.png","width":1040,"height":640},{"@type":"BreadcrumbList","@id":"https:\/\/zonacaral.gob.pe\/es\/noticias\/vegueta-escolares-aprenden-a-elaborar-productos-con-junco\/#breadcrumb","itemListElement":[{"@type":"ListItem","position":1,"name":"Portada","item":"https:\/\/zonacaral.gob.pe\/"},{"@type":"ListItem","position":2,"name":"V\u00c9GUETA: escolares aprenden a elaborar productos con junco"}]},{"@type":"WebSite","@id":"https:\/\/zonacaral.gob.pe\/es\/#website","url":"https:\/\/zonacaral.gob.pe\/es\/","name":"Zona Caral","description":"Investigamos, conservamos y difundimos el patrimonio cultural de la Civilizaci\u00f3n Caral, la m\u00e1s antigua de Am\u00e9rica.","potentialAction":[{"@type":"SearchAction","target":{"@type":"EntryPoint","urlTemplate":"https:\/\/zonacaral.gob.pe\/es\/?s={search_term_string}"},"query-input":{"@type":"PropertyValueSpecification","valueRequired":true,"valueName":"search_term_string"}}],"inLanguage":"en-US"},{"@type":"Person","@id":"https:\/\/zonacaral.gob.pe\/es\/#\/schema\/person\/beddb4d22f71a7230c5b90913270a0ee","name":"Zona Caral Administrador","image":{"@type":"ImageObject","inLanguage":"en-US","@id":"https:\/\/secure.gravatar.com\/avatar\/e4be162918a696358376de6446614e0f0f4062bdc5d170d6d540ada3d8b58c12?s=96&d=mm&r=g","url":"https:\/\/secure.gravatar.com\/avatar\/e4be162918a696358376de6446614e0f0f4062bdc5d170d6d540ada3d8b58c12?s=96&d=mm&r=g","contentUrl":"https:\/\/secure.gravatar.com\/avatar\/e4be162918a696358376de6446614e0f0f4062bdc5d170d6d540ada3d8b58c12?s=96&d=mm&r=g","caption":"Zona Caral Administrador"},"sameAs":["https:\/\/zonacaral.gob.pe"],"url":"https:\/\/zonacaral.gob.pe\/en\/noticias\/author\/ad_zonacaral\/"}]}},"_links":{"self":[{"href":"https:\/\/zonacaral.gob.pe\/en\/wp-json\/wp\/v2\/posts\/17126","targetHints":{"allow":["GET"]}}],"collection":[{"href":"https:\/\/zonacaral.gob.pe\/en\/wp-json\/wp\/v2\/posts"}],"about":[{"href":"https:\/\/zonacaral.gob.pe\/en\/wp-json\/wp\/v2\/types\/post"}],"author":[{"embeddable":true,"href":"https:\/\/zonacaral.gob.pe\/en\/wp-json\/wp\/v2\/users\/1"}],"replies":[{"embeddable":true,"href":"https:\/\/zonacaral.gob.pe\/en\/wp-json\/wp\/v2\/comments?post=17126"}],"version-history":[{"count":0,"href":"https:\/\/zonacaral.gob.pe\/en\/wp-json\/wp\/v2\/posts\/17126\/revisions"}],"wp:featuredmedia":[{"embeddable":true,"href":"https:\/\/zonacaral.gob.pe\/en\/wp-json\/wp\/v2\/media\/17130"}],"wp:attachment":[{"href":"https:\/\/zonacaral.gob.pe\/en\/wp-json\/wp\/v2\/media?parent=17126"}],"wp:term":[{"taxonomy":"category","embeddable":true,"href":"https:\/\/zonacaral.gob.pe\/en\/wp-json\/wp\/v2\/categories?post=17126"},{"taxonomy":"post_tag","embeddable":true,"href":"https:\/\/zonacaral.gob.pe\/en\/wp-json\/wp\/v2\/tags?post=17126"}],"curies":[{"name":"wp","href":"https:\/\/api.w.org\/{rel}","templated":true}]}}