{"id":17167,"date":"2023-10-18T14:10:57","date_gmt":"2023-10-18T19:10:57","guid":{"rendered":"https:\/\/www.zonacaral.gob.pe\/?p=17167"},"modified":"2023-10-18T14:10:57","modified_gmt":"2023-10-18T19:10:57","slug":"comunicado-8","status":"publish","type":"post","link":"https:\/\/zonacaral.gob.pe\/en\/noticias\/comunicado-8\/","title":{"rendered":"COMUNICADO"},"content":{"rendered":"<figure class=\"pic-autor\" style=\"color: #4d4d4d; text-align: justify;\"><\/figure>\n<div class=\"gmail_default\" style=\"text-align: justify;\">\n<p><span style=\"font-weight: 400;\">La Zona Arqueol\u00f3gica Caral (ZAC), Unidad Ejecutora 003 del Ministerio de Cultura, comunica que, ante la falta de resguardo policial permanente en los sitios arqueol\u00f3gicos de la civilizaci\u00f3n Caral; en especial, en la Ciudad Sagrada de Caral, Patrimonio Mundial, hecho denunciado ante diversos medios de comunicaci\u00f3n, ha decidido:<\/span><\/p>\n<ul>\n<li><span style=\"font-weight: 400;\">SUSPENDER, por este a\u00f1o, el evento cultural anual \u201cCaral Raymi\u201d, programado para los d\u00edas viernes 27 y s\u00e1bado 28 de octubre, con el fin de conmemorar el vig\u00e9simo noveno aniversario del inicio de la investigaci\u00f3n, la conservaci\u00f3n y la difusi\u00f3n de la Ciudad Sagrada de Caral, principal centro urbano de la civilizaci\u00f3n m\u00e1s antigua de Am\u00e9rica: Caral.\u00a0<\/span><\/li>\n<li><span style=\"font-weight: 400;\">La decisi\u00f3n busca garantizar la seguridad a los cientos de visitantes que se congregan cada a\u00f1o en el valle de Supe, provincia de Barranca, para participar de esta festividad tradicional andina.\u00a0<\/span><\/li>\n<li><span style=\"font-weight: 400;\">REITERAMOS el pedido urgente a las autoridades respectivas y a los ministerios del Interior y de Comercio Exterior y Turismo, de reactivar el servicio permanente de resguardo policial en los sitios arqueol\u00f3gicos de la civilizaci\u00f3n Caral que antes exist\u00eda.<\/span><\/li>\n<\/ul>\n<p><span style=\"font-weight: 400;\">La doctora Ruth Shady Sol\u00eds, y el equipo laboral de la ZAC, lamentan que hasta el momento no se haya dado respuesta a los reiterados oficios enviados a las instituciones del Estado: Poder Ejecutivo, Legislativo, gobierno local y regional, solicitando el resguardo policial para salvaguardar la integridad de los visitantes y del personal que labora en los sitios arqueol\u00f3gicos.<\/span><\/p>\n<p><span style=\"font-weight: 400;\">Sin embargo, precisamos que las actividades que se han ido ejecutando, como los concursos escolares, en el marco de las celebraciones por el aniversario de Caral, continuar\u00e1n de acuerdo al cronograma aprobado.<\/span><\/p>\n<p><span style=\"font-weight: 400;\">Esperamos que en el menor tiempo posible se reponga, de manera permanente, el resguardo policial en la Ciudad Sagrada de Caral, y en los otros once asentamientos arqueol\u00f3gicos.<\/span><\/p>\n<p><span style=\"font-weight: 400;\">\u00a0<\/span><\/p>\n<p style=\"text-align: right;\"><span style=\"font-weight: 400;\">Lima, 18 de octubre de 2023<\/span><span style=\"font-weight: 400;\">\u00a0<\/span><\/p>\n<\/div>\n<div style=\"color: #1f1f1f;\">\n<p><span style=\"color: #870000;\"><strong style=\"font-size: inherit; text-align: justify;\">Fuente: Comunicaci\u00f3n e Imagen Institucional ZAC<\/strong><\/span><\/p>\n<div style=\"color: #1f1f1f;\">\n<p style=\"text-align: justify;\">Fecha de publicaci\u00f3n: 18\/10\/2023<\/p>\n<\/div>\n<\/div>\n\n\n<p><\/p>","protected":false},"excerpt":{"rendered":"<p>La Zona Arqueol\u00f3gica Caral (ZAC), Unidad Ejecutora 003 del Ministerio de Cultura, comunica que, ante la falta de resguardo policial [&hellip;]<\/p>\n","protected":false},"author":1,"featured_media":17169,"comment_status":"closed","ping_status":"open","sticky":false,"template":"","format":"standard","meta":{"_acf_changed":false,"site-sidebar-layout":"default","site-content-layout":"","ast-site-content-layout":"default","site-content-style":"default","site-sidebar-style":"default","ast-global-header-display":"","ast-banner-title-visibility":"","ast-main-header-display":"","ast-hfb-above-header-display":"","ast-hfb-below-header-display":"","ast-hfb-mobile-header-display":"","site-post-title":"","ast-breadcrumbs-content":"","ast-featured-img":"","footer-sml-layout":"","ast-disable-related-posts":"","theme-transparent-header-meta":"","adv-header-id-meta":"","stick-header-meta":"","header-above-stick-meta":"","header-main-stick-meta":"","header-below-stick-meta":"","astra-migrate-meta-layouts":"default","ast-page-background-enabled":"default","ast-page-background-meta":{"desktop":{"background-color":"var(--ast-global-color-5)","background-image":"","background-repeat":"repeat","background-position":"center center","background-size":"auto","background-attachment":"scroll","background-type":"","background-media":"","overlay-type":"","overlay-color":"","overlay-opacity":"","overlay-gradient":""},"tablet":{"background-color":"","background-image":"","background-repeat":"repeat","background-position":"center center","background-size":"auto","background-attachment":"scroll","background-type":"","background-media":"","overlay-type":"","overlay-color":"","overlay-opacity":"","overlay-gradient":""},"mobile":{"background-color":"","background-image":"","background-repeat":"repeat","background-position":"center center","background-size":"auto","background-attachment":"scroll","background-type":"","background-media":"","overlay-type":"","overlay-color":"","overlay-opacity":"","overlay-gradient":""}},"ast-content-background-meta":{"desktop":{"background-color":"var(--ast-global-color-4)","background-image":"","background-repeat":"repeat","background-position":"center center","background-size":"auto","background-attachment":"scroll","background-type":"","background-media":"","overlay-type":"","overlay-color":"","overlay-opacity":"","overlay-gradient":""},"tablet":{"background-color":"var(--ast-global-color-4)","background-image":"","background-repeat":"repeat","background-position":"center center","background-size":"auto","background-attachment":"scroll","background-type":"","background-media":"","overlay-type":"","overlay-color":"","overlay-opacity":"","overlay-gradient":""},"mobile":{"background-color":"var(--ast-global-color-4)","background-image":"","background-repeat":"repeat","background-position":"center center","background-size":"auto","background-attachment":"scroll","background-type":"","background-media":"","overlay-type":"","overlay-color":"","overlay-opacity":"","overlay-gradient":""}},"footnotes":""},"categories":[208],"tags":[55,72],"class_list":["post-17167","post","type-post","status-publish","format-standard","has-post-thumbnail","hentry","category-noticias","tag-caral","tag-cultura"],"acf":[],"yoast_head":"<!-- This site is optimized with the Yoast SEO plugin v27.3 - https:\/\/yoast.com\/product\/yoast-seo-wordpress\/ -->\n<title>COMUNICADO<\/title>\n<meta name=\"description\" content=\"La Zona Arqueol\u00f3gica Caral (ZAC), Unidad Ejecutora 003 del Ministerio de Cultura, comunica que, ante la falta de resguardo policial permanente en los sitios arqueol\u00f3gicos de la civilizaci\u00f3n Caral; en especial, en la Ciudad Sagrada de Caral, Patrimonio Mundial, hecho denunciado ante diversos medios de comunicaci\u00f3n, ha decidido:\" \/>\n<meta name=\"robots\" content=\"index, follow, max-snippet:-1, max-image-preview:large, max-video-preview:-1\" \/>\n<link rel=\"canonical\" href=\"https:\/\/zonacaral.gob.pe\/en\/noticias\/comunicado-8\/\" \/>\n<meta property=\"og:locale\" content=\"en_US\" \/>\n<meta property=\"og:type\" content=\"article\" \/>\n<meta property=\"og:title\" content=\"COMUNICADO\" \/>\n<meta property=\"og:description\" content=\"La Zona Arqueol\u00f3gica Caral (ZAC), Unidad Ejecutora 003 del Ministerio de Cultura, comunica que, ante la falta de resguardo policial permanente en los sitios arqueol\u00f3gicos de la civilizaci\u00f3n Caral; en especial, en la Ciudad Sagrada de Caral, Patrimonio Mundial, hecho denunciado ante diversos medios de comunicaci\u00f3n, ha decidido:\" \/>\n<meta property=\"og:url\" content=\"https:\/\/zonacaral.gob.pe\/en\/noticias\/comunicado-8\/\" \/>\n<meta property=\"og:site_name\" content=\"Zona Caral\" \/>\n<meta property=\"article:published_time\" content=\"2023-10-18T19:10:57+00:00\" \/>\n<meta property=\"og:image\" content=\"https:\/\/zonacaral.gob.pe\/wp-content\/uploads\/2023\/10\/CARAL.png\" \/>\n\t<meta property=\"og:image:width\" content=\"1000\" \/>\n\t<meta property=\"og:image:height\" content=\"600\" \/>\n\t<meta property=\"og:image:type\" content=\"image\/png\" \/>\n<meta name=\"author\" content=\"Zona Caral Administrador\" \/>\n<meta name=\"twitter:card\" content=\"summary_large_image\" \/>\n<meta name=\"twitter:label1\" content=\"Written by\" \/>\n\t<meta name=\"twitter:data1\" content=\"Zona Caral Administrador\" \/>\n\t<meta name=\"twitter:label2\" content=\"Est. reading time\" \/>\n\t<meta name=\"twitter:data2\" content=\"2 minutes\" \/>\n<script type=\"application\/ld+json\" class=\"yoast-schema-graph\">{\"@context\":\"https:\\\/\\\/schema.org\",\"@graph\":[{\"@type\":\"Article\",\"@id\":\"https:\\\/\\\/zonacaral.gob.pe\\\/es\\\/noticias\\\/comunicado-8\\\/#article\",\"isPartOf\":{\"@id\":\"https:\\\/\\\/zonacaral.gob.pe\\\/es\\\/noticias\\\/comunicado-8\\\/\"},\"author\":{\"name\":\"Zona Caral Administrador\",\"@id\":\"https:\\\/\\\/zonacaral.gob.pe\\\/es\\\/#\\\/schema\\\/person\\\/beddb4d22f71a7230c5b90913270a0ee\"},\"headline\":\"COMUNICADO\",\"datePublished\":\"2023-10-18T19:10:57+00:00\",\"mainEntityOfPage\":{\"@id\":\"https:\\\/\\\/zonacaral.gob.pe\\\/es\\\/noticias\\\/comunicado-8\\\/\"},\"wordCount\":330,\"image\":{\"@id\":\"https:\\\/\\\/zonacaral.gob.pe\\\/es\\\/noticias\\\/comunicado-8\\\/#primaryimage\"},\"thumbnailUrl\":\"https:\\\/\\\/zonacaral.gob.pe\\\/wp-content\\\/uploads\\\/2023\\\/10\\\/CARAL.png\",\"keywords\":[\"caral\",\"Cultura\"],\"articleSection\":[\"noticias\"],\"inLanguage\":\"en-US\"},{\"@type\":\"WebPage\",\"@id\":\"https:\\\/\\\/zonacaral.gob.pe\\\/es\\\/noticias\\\/comunicado-8\\\/\",\"url\":\"https:\\\/\\\/zonacaral.gob.pe\\\/es\\\/noticias\\\/comunicado-8\\\/\",\"name\":\"COMUNICADO\",\"isPartOf\":{\"@id\":\"https:\\\/\\\/zonacaral.gob.pe\\\/es\\\/#website\"},\"primaryImageOfPage\":{\"@id\":\"https:\\\/\\\/zonacaral.gob.pe\\\/es\\\/noticias\\\/comunicado-8\\\/#primaryimage\"},\"image\":{\"@id\":\"https:\\\/\\\/zonacaral.gob.pe\\\/es\\\/noticias\\\/comunicado-8\\\/#primaryimage\"},\"thumbnailUrl\":\"https:\\\/\\\/zonacaral.gob.pe\\\/wp-content\\\/uploads\\\/2023\\\/10\\\/CARAL.png\",\"datePublished\":\"2023-10-18T19:10:57+00:00\",\"author\":{\"@id\":\"https:\\\/\\\/zonacaral.gob.pe\\\/es\\\/#\\\/schema\\\/person\\\/beddb4d22f71a7230c5b90913270a0ee\"},\"description\":\"La Zona Arqueol\u00f3gica Caral (ZAC), Unidad Ejecutora 003 del Ministerio de Cultura, comunica que, ante la falta de resguardo policial permanente en los sitios arqueol\u00f3gicos de la civilizaci\u00f3n Caral; en especial, en la Ciudad Sagrada de Caral, Patrimonio Mundial, hecho denunciado ante diversos medios de comunicaci\u00f3n, ha decidido:\",\"breadcrumb\":{\"@id\":\"https:\\\/\\\/zonacaral.gob.pe\\\/es\\\/noticias\\\/comunicado-8\\\/#breadcrumb\"},\"inLanguage\":\"en-US\",\"potentialAction\":[{\"@type\":\"ReadAction\",\"target\":[\"https:\\\/\\\/zonacaral.gob.pe\\\/es\\\/noticias\\\/comunicado-8\\\/\"]}]},{\"@type\":\"ImageObject\",\"inLanguage\":\"en-US\",\"@id\":\"https:\\\/\\\/zonacaral.gob.pe\\\/es\\\/noticias\\\/comunicado-8\\\/#primaryimage\",\"url\":\"https:\\\/\\\/zonacaral.gob.pe\\\/wp-content\\\/uploads\\\/2023\\\/10\\\/CARAL.png\",\"contentUrl\":\"https:\\\/\\\/zonacaral.gob.pe\\\/wp-content\\\/uploads\\\/2023\\\/10\\\/CARAL.png\",\"width\":1000,\"height\":600},{\"@type\":\"BreadcrumbList\",\"@id\":\"https:\\\/\\\/zonacaral.gob.pe\\\/es\\\/noticias\\\/comunicado-8\\\/#breadcrumb\",\"itemListElement\":[{\"@type\":\"ListItem\",\"position\":1,\"name\":\"Portada\",\"item\":\"https:\\\/\\\/zonacaral.gob.pe\\\/\"},{\"@type\":\"ListItem\",\"position\":2,\"name\":\"COMUNICADO\"}]},{\"@type\":\"WebSite\",\"@id\":\"https:\\\/\\\/zonacaral.gob.pe\\\/es\\\/#website\",\"url\":\"https:\\\/\\\/zonacaral.gob.pe\\\/es\\\/\",\"name\":\"Zona Caral\",\"description\":\"Investigamos, conservamos y difundimos el patrimonio cultural de la Civilizaci\u00f3n Caral, la m\u00e1s antigua de Am\u00e9rica.\",\"potentialAction\":[{\"@type\":\"SearchAction\",\"target\":{\"@type\":\"EntryPoint\",\"urlTemplate\":\"https:\\\/\\\/zonacaral.gob.pe\\\/es\\\/?s={search_term_string}\"},\"query-input\":{\"@type\":\"PropertyValueSpecification\",\"valueRequired\":true,\"valueName\":\"search_term_string\"}}],\"inLanguage\":\"en-US\"},{\"@type\":\"Person\",\"@id\":\"https:\\\/\\\/zonacaral.gob.pe\\\/es\\\/#\\\/schema\\\/person\\\/beddb4d22f71a7230c5b90913270a0ee\",\"name\":\"Zona Caral Administrador\",\"image\":{\"@type\":\"ImageObject\",\"inLanguage\":\"en-US\",\"@id\":\"https:\\\/\\\/secure.gravatar.com\\\/avatar\\\/e4be162918a696358376de6446614e0f0f4062bdc5d170d6d540ada3d8b58c12?s=96&d=mm&r=g\",\"url\":\"https:\\\/\\\/secure.gravatar.com\\\/avatar\\\/e4be162918a696358376de6446614e0f0f4062bdc5d170d6d540ada3d8b58c12?s=96&d=mm&r=g\",\"contentUrl\":\"https:\\\/\\\/secure.gravatar.com\\\/avatar\\\/e4be162918a696358376de6446614e0f0f4062bdc5d170d6d540ada3d8b58c12?s=96&d=mm&r=g\",\"caption\":\"Zona Caral Administrador\"},\"sameAs\":[\"https:\\\/\\\/zonacaral.gob.pe\"],\"url\":\"https:\\\/\\\/zonacaral.gob.pe\\\/en\\\/noticias\\\/author\\\/ad_zonacaral\\\/\"}]}<\/script>\n<!-- \/ Yoast SEO plugin. -->","yoast_head_json":{"title":"COMUNICADO","description":"La Zona Arqueol\u00f3gica Caral (ZAC), Unidad Ejecutora 003 del Ministerio de Cultura, comunica que, ante la falta de resguardo policial permanente en los sitios arqueol\u00f3gicos de la civilizaci\u00f3n Caral; en especial, en la Ciudad Sagrada de Caral, Patrimonio Mundial, hecho denunciado ante diversos medios de comunicaci\u00f3n, ha decidido:","robots":{"index":"index","follow":"follow","max-snippet":"max-snippet:-1","max-image-preview":"max-image-preview:large","max-video-preview":"max-video-preview:-1"},"canonical":"https:\/\/zonacaral.gob.pe\/en\/noticias\/comunicado-8\/","og_locale":"en_US","og_type":"article","og_title":"COMUNICADO","og_description":"La Zona Arqueol\u00f3gica Caral (ZAC), Unidad Ejecutora 003 del Ministerio de Cultura, comunica que, ante la falta de resguardo policial permanente en los sitios arqueol\u00f3gicos de la civilizaci\u00f3n Caral; en especial, en la Ciudad Sagrada de Caral, Patrimonio Mundial, hecho denunciado ante diversos medios de comunicaci\u00f3n, ha decidido:","og_url":"https:\/\/zonacaral.gob.pe\/en\/noticias\/comunicado-8\/","og_site_name":"Zona Caral","article_published_time":"2023-10-18T19:10:57+00:00","og_image":[{"width":1000,"height":600,"url":"https:\/\/zonacaral.gob.pe\/wp-content\/uploads\/2023\/10\/CARAL.png","type":"image\/png"}],"author":"Zona Caral Administrador","twitter_card":"summary_large_image","twitter_misc":{"Written by":"Zona Caral Administrador","Est. reading time":"2 minutes"},"schema":{"@context":"https:\/\/schema.org","@graph":[{"@type":"Article","@id":"https:\/\/zonacaral.gob.pe\/es\/noticias\/comunicado-8\/#article","isPartOf":{"@id":"https:\/\/zonacaral.gob.pe\/es\/noticias\/comunicado-8\/"},"author":{"name":"Zona Caral Administrador","@id":"https:\/\/zonacaral.gob.pe\/es\/#\/schema\/person\/beddb4d22f71a7230c5b90913270a0ee"},"headline":"COMUNICADO","datePublished":"2023-10-18T19:10:57+00:00","mainEntityOfPage":{"@id":"https:\/\/zonacaral.gob.pe\/es\/noticias\/comunicado-8\/"},"wordCount":330,"image":{"@id":"https:\/\/zonacaral.gob.pe\/es\/noticias\/comunicado-8\/#primaryimage"},"thumbnailUrl":"https:\/\/zonacaral.gob.pe\/wp-content\/uploads\/2023\/10\/CARAL.png","keywords":["caral","Cultura"],"articleSection":["noticias"],"inLanguage":"en-US"},{"@type":"WebPage","@id":"https:\/\/zonacaral.gob.pe\/es\/noticias\/comunicado-8\/","url":"https:\/\/zonacaral.gob.pe\/es\/noticias\/comunicado-8\/","name":"COMUNICADO","isPartOf":{"@id":"https:\/\/zonacaral.gob.pe\/es\/#website"},"primaryImageOfPage":{"@id":"https:\/\/zonacaral.gob.pe\/es\/noticias\/comunicado-8\/#primaryimage"},"image":{"@id":"https:\/\/zonacaral.gob.pe\/es\/noticias\/comunicado-8\/#primaryimage"},"thumbnailUrl":"https:\/\/zonacaral.gob.pe\/wp-content\/uploads\/2023\/10\/CARAL.png","datePublished":"2023-10-18T19:10:57+00:00","author":{"@id":"https:\/\/zonacaral.gob.pe\/es\/#\/schema\/person\/beddb4d22f71a7230c5b90913270a0ee"},"description":"La Zona Arqueol\u00f3gica Caral (ZAC), Unidad Ejecutora 003 del Ministerio de Cultura, comunica que, ante la falta de resguardo policial permanente en los sitios arqueol\u00f3gicos de la civilizaci\u00f3n Caral; en especial, en la Ciudad Sagrada de Caral, Patrimonio Mundial, hecho denunciado ante diversos medios de comunicaci\u00f3n, ha decidido:","breadcrumb":{"@id":"https:\/\/zonacaral.gob.pe\/es\/noticias\/comunicado-8\/#breadcrumb"},"inLanguage":"en-US","potentialAction":[{"@type":"ReadAction","target":["https:\/\/zonacaral.gob.pe\/es\/noticias\/comunicado-8\/"]}]},{"@type":"ImageObject","inLanguage":"en-US","@id":"https:\/\/zonacaral.gob.pe\/es\/noticias\/comunicado-8\/#primaryimage","url":"https:\/\/zonacaral.gob.pe\/wp-content\/uploads\/2023\/10\/CARAL.png","contentUrl":"https:\/\/zonacaral.gob.pe\/wp-content\/uploads\/2023\/10\/CARAL.png","width":1000,"height":600},{"@type":"BreadcrumbList","@id":"https:\/\/zonacaral.gob.pe\/es\/noticias\/comunicado-8\/#breadcrumb","itemListElement":[{"@type":"ListItem","position":1,"name":"Portada","item":"https:\/\/zonacaral.gob.pe\/"},{"@type":"ListItem","position":2,"name":"COMUNICADO"}]},{"@type":"WebSite","@id":"https:\/\/zonacaral.gob.pe\/es\/#website","url":"https:\/\/zonacaral.gob.pe\/es\/","name":"Zona Caral","description":"Investigamos, conservamos y difundimos el patrimonio cultural de la Civilizaci\u00f3n Caral, la m\u00e1s antigua de Am\u00e9rica.","potentialAction":[{"@type":"SearchAction","target":{"@type":"EntryPoint","urlTemplate":"https:\/\/zonacaral.gob.pe\/es\/?s={search_term_string}"},"query-input":{"@type":"PropertyValueSpecification","valueRequired":true,"valueName":"search_term_string"}}],"inLanguage":"en-US"},{"@type":"Person","@id":"https:\/\/zonacaral.gob.pe\/es\/#\/schema\/person\/beddb4d22f71a7230c5b90913270a0ee","name":"Zona Caral Administrador","image":{"@type":"ImageObject","inLanguage":"en-US","@id":"https:\/\/secure.gravatar.com\/avatar\/e4be162918a696358376de6446614e0f0f4062bdc5d170d6d540ada3d8b58c12?s=96&d=mm&r=g","url":"https:\/\/secure.gravatar.com\/avatar\/e4be162918a696358376de6446614e0f0f4062bdc5d170d6d540ada3d8b58c12?s=96&d=mm&r=g","contentUrl":"https:\/\/secure.gravatar.com\/avatar\/e4be162918a696358376de6446614e0f0f4062bdc5d170d6d540ada3d8b58c12?s=96&d=mm&r=g","caption":"Zona Caral Administrador"},"sameAs":["https:\/\/zonacaral.gob.pe"],"url":"https:\/\/zonacaral.gob.pe\/en\/noticias\/author\/ad_zonacaral\/"}]}},"_links":{"self":[{"href":"https:\/\/zonacaral.gob.pe\/en\/wp-json\/wp\/v2\/posts\/17167","targetHints":{"allow":["GET"]}}],"collection":[{"href":"https:\/\/zonacaral.gob.pe\/en\/wp-json\/wp\/v2\/posts"}],"about":[{"href":"https:\/\/zonacaral.gob.pe\/en\/wp-json\/wp\/v2\/types\/post"}],"author":[{"embeddable":true,"href":"https:\/\/zonacaral.gob.pe\/en\/wp-json\/wp\/v2\/users\/1"}],"replies":[{"embeddable":true,"href":"https:\/\/zonacaral.gob.pe\/en\/wp-json\/wp\/v2\/comments?post=17167"}],"version-history":[{"count":0,"href":"https:\/\/zonacaral.gob.pe\/en\/wp-json\/wp\/v2\/posts\/17167\/revisions"}],"wp:featuredmedia":[{"embeddable":true,"href":"https:\/\/zonacaral.gob.pe\/en\/wp-json\/wp\/v2\/media\/17169"}],"wp:attachment":[{"href":"https:\/\/zonacaral.gob.pe\/en\/wp-json\/wp\/v2\/media?parent=17167"}],"wp:term":[{"taxonomy":"category","embeddable":true,"href":"https:\/\/zonacaral.gob.pe\/en\/wp-json\/wp\/v2\/categories?post=17167"},{"taxonomy":"post_tag","embeddable":true,"href":"https:\/\/zonacaral.gob.pe\/en\/wp-json\/wp\/v2\/tags?post=17167"}],"curies":[{"name":"wp","href":"https:\/\/api.w.org\/{rel}","templated":true}]}}