{"id":17179,"date":"2023-10-24T14:59:09","date_gmt":"2023-10-24T19:59:09","guid":{"rendered":"https:\/\/www.zonacaral.gob.pe\/?p=17179"},"modified":"2023-10-24T14:59:09","modified_gmt":"2023-10-24T19:59:09","slug":"ninos-jovenes-y-adultos-aprendieron-a-elaborar-esculturas-de-caral","status":"publish","type":"post","link":"https:\/\/zonacaral.gob.pe\/en\/noticias\/ninos-jovenes-y-adultos-aprendieron-a-elaborar-esculturas-de-caral\/","title":{"rendered":"Ni\u00f1os, j\u00f3venes y adultos aprendieron a elaborar esculturas de Caral"},"content":{"rendered":"<figure class=\"pic-autor\" style=\"color: #4d4d4d; text-align: justify;\"><\/figure>\n<div class=\"gmail_default\" style=\"text-align: justify;\">\n<blockquote>\n<p><i><span style=\"font-weight: 400;\">Entretenimiento cultural para todos.<\/span><\/i><\/p>\n<\/blockquote>\n<p><span style=\"font-weight: 400;\">Casi 150 personas, entre ni\u00f1os, j\u00f3venes, adultos y adultos mayores, se dieron cita en el Ministerio de Cultura para conocer m\u00e1s de cerca c\u00f3mo se desarroll\u00f3, hace cinco mil a\u00f1os, la civilizaci\u00f3n Caral y; en especial, <\/span><span style=\"font-weight: 400;\">para aprender a elaborar una escultura de arcilla, como las que se hallaron en la Ciudad Sagrada de Caral, centro urbano m\u00e1s destacado de este foco civilizatorio.<\/span><\/p>\n<p><span style=\"font-weight: 400;\">Este taller, familiar y gratuito, denominado \u201cEsculturas de Caral: modelado en arcilla\u201d, se realiz\u00f3 para conmemorar el 29\u00b0 aniversario del inicio de la investigaci\u00f3n, conservaci\u00f3n y puesta en valor de la Ciudad Sagrada de Caral; la cual comenz\u00f3 en 1994 por la doctora Ruth Shady Sol\u00eds, directora de la Zona Arqueol\u00f3gica Caral (ZAC), Unidad Ejecutora 003 del Ministerio de Cultura.<\/span><\/p>\n<p><span style=\"font-weight: 400;\">Los participantes de este nuevo evento, organizado por el Museo Caral, a trav\u00e9s de su programa \u201cCaral para Todos\u201d, recibieron los materiales y fueron guiados por nuestras talleristas para que aprendan a elaborar una \u2018r\u00e9plica\u2019 de las esculturas de arcilla halladas en Caral. La figura principal a elaborar fue la representaci\u00f3n de la m\u00e1xima autoridad de esta civilizaci\u00f3n: el \u2018Huno\u2019.<\/span><\/p>\n<p><span style=\"font-weight: 400;\">El taller, adem\u00e1s de ense\u00f1arnos c\u00f3mo se desarroll\u00f3 hace miles de a\u00f1os la civilizaci\u00f3n Caral, los conocimientos que se produjeron, entre otros aspectos, tambi\u00e9n motiva la creatividad, estimula el desarrollo motriz, aumenta la concentraci\u00f3n, promueve la paciencia, la identidad cultural, y se suma a las actividades saludables y accesibles de la Zona Arqueol\u00f3gica Caral.<\/span><\/p>\n<p><span style=\"font-weight: 400;\">De este modo, todos los asistentes conocieron un poco m\u00e1s de la civilizaci\u00f3n Caral, y se llevaron a casa un hermoso recuerdo que pueden usar como adorno o regalo.<\/span><\/p>\n<p><span style=\"color: #820c0c;\"><strong>DATO<\/strong><\/span><\/p>\n<p><span style=\"font-weight: 400;\">El programa \u201cCaral para Todos\u201d, de la Subdirecci\u00f3n de Proyecci\u00f3n de Patrimonio Cultural, realiza, de manera mensual y presencial, diversos talleres gratuitos y familiares en los ambientes del Ministerio de Cultura, ubicado en el distrito de San Borja \u2013 Lima.<\/span><\/p>\n<p><span style=\"font-weight: 400;\">El pr\u00f3ximo taller a desarrollarse ser\u00e1 el jueves, 30 de noviembre de 2023, y tratar\u00e1 sobre la t\u00e9cnica ancestral de tejido de shicra, Patrimonio Cultural de la Naci\u00f3n. M\u00e1s detalles en: <a href=\"https:\/\/wa.me\/message\/EJFL5LRNIHH2C1\">955 881 340<\/a>.<\/span><\/p>\n<p><span style=\"font-weight: 400;\">\u00danete a nuestra comunidad virtual, en este link de WhatsApp: <\/span><span style=\"color: #820c0c;\"><a style=\"color: #820c0c;\" href=\"https:\/\/bit.ly\/Caralparatodos_Comunidad\"><span style=\"font-weight: 400;\">https:\/\/bit.ly\/Caralparatodos_Comunidad<\/span><\/a><\/span><\/p>\n<p><span style=\"color: #850707;\"><strong style=\"font-size: inherit; text-align: justify;\">Fuente: Comunicaci\u00f3n e Imagen Institucional ZAC<\/strong><\/span><\/p>\n<\/div>\n<div style=\"color: #1f1f1f;\">\n<div style=\"color: #1f1f1f;\">\n<p style=\"text-align: justify;\">Fecha de publicaci\u00f3n: 24\/10\/2023<\/p>\n<\/div>\n<\/div>\n\n\n<p><\/p>","protected":false},"excerpt":{"rendered":"<p>Entretenimiento cultural para todos. Casi 150 personas, entre ni\u00f1os, j\u00f3venes, adultos y adultos mayores, se dieron cita en el Ministerio [&hellip;]<\/p>\n","protected":false},"author":1,"featured_media":17185,"comment_status":"closed","ping_status":"open","sticky":false,"template":"","format":"standard","meta":{"_acf_changed":false,"site-sidebar-layout":"default","site-content-layout":"","ast-site-content-layout":"default","site-content-style":"default","site-sidebar-style":"default","ast-global-header-display":"","ast-banner-title-visibility":"","ast-main-header-display":"","ast-hfb-above-header-display":"","ast-hfb-below-header-display":"","ast-hfb-mobile-header-display":"","site-post-title":"","ast-breadcrumbs-content":"","ast-featured-img":"","footer-sml-layout":"","ast-disable-related-posts":"","theme-transparent-header-meta":"","adv-header-id-meta":"","stick-header-meta":"","header-above-stick-meta":"","header-main-stick-meta":"","header-below-stick-meta":"","astra-migrate-meta-layouts":"default","ast-page-background-enabled":"default","ast-page-background-meta":{"desktop":{"background-color":"var(--ast-global-color-5)","background-image":"","background-repeat":"repeat","background-position":"center center","background-size":"auto","background-attachment":"scroll","background-type":"","background-media":"","overlay-type":"","overlay-color":"","overlay-opacity":"","overlay-gradient":""},"tablet":{"background-color":"","background-image":"","background-repeat":"repeat","background-position":"center center","background-size":"auto","background-attachment":"scroll","background-type":"","background-media":"","overlay-type":"","overlay-color":"","overlay-opacity":"","overlay-gradient":""},"mobile":{"background-color":"","background-image":"","background-repeat":"repeat","background-position":"center center","background-size":"auto","background-attachment":"scroll","background-type":"","background-media":"","overlay-type":"","overlay-color":"","overlay-opacity":"","overlay-gradient":""}},"ast-content-background-meta":{"desktop":{"background-color":"var(--ast-global-color-4)","background-image":"","background-repeat":"repeat","background-position":"center center","background-size":"auto","background-attachment":"scroll","background-type":"","background-media":"","overlay-type":"","overlay-color":"","overlay-opacity":"","overlay-gradient":""},"tablet":{"background-color":"var(--ast-global-color-4)","background-image":"","background-repeat":"repeat","background-position":"center center","background-size":"auto","background-attachment":"scroll","background-type":"","background-media":"","overlay-type":"","overlay-color":"","overlay-opacity":"","overlay-gradient":""},"mobile":{"background-color":"var(--ast-global-color-4)","background-image":"","background-repeat":"repeat","background-position":"center center","background-size":"auto","background-attachment":"scroll","background-type":"","background-media":"","overlay-type":"","overlay-color":"","overlay-opacity":"","overlay-gradient":""}},"footnotes":""},"categories":[208],"tags":[55,72],"class_list":["post-17179","post","type-post","status-publish","format-standard","has-post-thumbnail","hentry","category-noticias","tag-caral","tag-cultura"],"acf":[],"yoast_head":"<!-- This site is optimized with the Yoast SEO plugin v27.3 - https:\/\/yoast.com\/product\/yoast-seo-wordpress\/ -->\n<title>Ni\u00f1os, j\u00f3venes y adultos aprendieron a elaborar esculturas de Caral<\/title>\n<meta name=\"description\" content=\"Casi 150 personas, entre ni\u00f1os, j\u00f3venes, adultos y adultos mayores, se dieron cita en el Ministerio de Cultura para conocer m\u00e1s de cerca c\u00f3mo se desarroll\u00f3, hace cinco mil a\u00f1os, la civilizaci\u00f3n Caral y; en especial, para aprender a elaborar, usando arcilla, una escultura \u2018caralina\u2019 inspir\u00e1ndose en los hallazgos realizados en la Ciudad Sagrada, principal centro urbano de este foco civilizatorio.\" \/>\n<meta name=\"robots\" content=\"index, follow, max-snippet:-1, max-image-preview:large, max-video-preview:-1\" \/>\n<link rel=\"canonical\" href=\"https:\/\/zonacaral.gob.pe\/en\/noticias\/ninos-jovenes-y-adultos-aprendieron-a-elaborar-esculturas-de-caral\/\" \/>\n<meta property=\"og:locale\" content=\"en_US\" \/>\n<meta property=\"og:type\" content=\"article\" \/>\n<meta property=\"og:title\" content=\"Ni\u00f1os, j\u00f3venes y adultos aprendieron a elaborar esculturas de Caral\" \/>\n<meta property=\"og:description\" content=\"Casi 150 personas, entre ni\u00f1os, j\u00f3venes, adultos y adultos mayores, se dieron cita en el Ministerio de Cultura para conocer m\u00e1s de cerca c\u00f3mo se desarroll\u00f3, hace cinco mil a\u00f1os, la civilizaci\u00f3n Caral y; en especial, para aprender a elaborar, usando arcilla, una escultura \u2018caralina\u2019 inspir\u00e1ndose en los hallazgos realizados en la Ciudad Sagrada, principal centro urbano de este foco civilizatorio.\" \/>\n<meta property=\"og:url\" content=\"https:\/\/zonacaral.gob.pe\/en\/noticias\/ninos-jovenes-y-adultos-aprendieron-a-elaborar-esculturas-de-caral\/\" \/>\n<meta property=\"og:site_name\" content=\"Zona Caral\" \/>\n<meta property=\"article:published_time\" content=\"2023-10-24T19:59:09+00:00\" \/>\n<meta property=\"og:image\" content=\"https:\/\/zonacaral.gob.pe\/wp-content\/uploads\/2023\/10\/TALLER-ESCULTURAS-1.jpg\" \/>\n\t<meta property=\"og:image:width\" content=\"1000\" \/>\n\t<meta property=\"og:image:height\" content=\"600\" \/>\n\t<meta property=\"og:image:type\" content=\"image\/jpeg\" \/>\n<meta name=\"author\" content=\"Zona Caral Administrador\" \/>\n<meta name=\"twitter:card\" content=\"summary_large_image\" \/>\n<meta name=\"twitter:label1\" content=\"Written by\" \/>\n\t<meta name=\"twitter:data1\" content=\"Zona Caral Administrador\" \/>\n\t<meta name=\"twitter:label2\" content=\"Est. reading time\" \/>\n\t<meta name=\"twitter:data2\" content=\"2 minutes\" \/>\n<script type=\"application\/ld+json\" class=\"yoast-schema-graph\">{\"@context\":\"https:\\\/\\\/schema.org\",\"@graph\":[{\"@type\":\"Article\",\"@id\":\"https:\\\/\\\/zonacaral.gob.pe\\\/es\\\/noticias\\\/ninos-jovenes-y-adultos-aprendieron-a-elaborar-esculturas-de-caral\\\/#article\",\"isPartOf\":{\"@id\":\"https:\\\/\\\/zonacaral.gob.pe\\\/es\\\/noticias\\\/ninos-jovenes-y-adultos-aprendieron-a-elaborar-esculturas-de-caral\\\/\"},\"author\":{\"name\":\"Zona Caral Administrador\",\"@id\":\"https:\\\/\\\/zonacaral.gob.pe\\\/es\\\/#\\\/schema\\\/person\\\/beddb4d22f71a7230c5b90913270a0ee\"},\"headline\":\"Ni\u00f1os, j\u00f3venes y adultos aprendieron a elaborar esculturas de Caral\",\"datePublished\":\"2023-10-24T19:59:09+00:00\",\"mainEntityOfPage\":{\"@id\":\"https:\\\/\\\/zonacaral.gob.pe\\\/es\\\/noticias\\\/ninos-jovenes-y-adultos-aprendieron-a-elaborar-esculturas-de-caral\\\/\"},\"wordCount\":405,\"image\":{\"@id\":\"https:\\\/\\\/zonacaral.gob.pe\\\/es\\\/noticias\\\/ninos-jovenes-y-adultos-aprendieron-a-elaborar-esculturas-de-caral\\\/#primaryimage\"},\"thumbnailUrl\":\"https:\\\/\\\/zonacaral.gob.pe\\\/wp-content\\\/uploads\\\/2023\\\/10\\\/TALLER-ESCULTURAS-1.jpg\",\"keywords\":[\"caral\",\"Cultura\"],\"articleSection\":[\"noticias\"],\"inLanguage\":\"en-US\"},{\"@type\":\"WebPage\",\"@id\":\"https:\\\/\\\/zonacaral.gob.pe\\\/es\\\/noticias\\\/ninos-jovenes-y-adultos-aprendieron-a-elaborar-esculturas-de-caral\\\/\",\"url\":\"https:\\\/\\\/zonacaral.gob.pe\\\/es\\\/noticias\\\/ninos-jovenes-y-adultos-aprendieron-a-elaborar-esculturas-de-caral\\\/\",\"name\":\"Ni\u00f1os, j\u00f3venes y adultos aprendieron a elaborar esculturas de Caral\",\"isPartOf\":{\"@id\":\"https:\\\/\\\/zonacaral.gob.pe\\\/es\\\/#website\"},\"primaryImageOfPage\":{\"@id\":\"https:\\\/\\\/zonacaral.gob.pe\\\/es\\\/noticias\\\/ninos-jovenes-y-adultos-aprendieron-a-elaborar-esculturas-de-caral\\\/#primaryimage\"},\"image\":{\"@id\":\"https:\\\/\\\/zonacaral.gob.pe\\\/es\\\/noticias\\\/ninos-jovenes-y-adultos-aprendieron-a-elaborar-esculturas-de-caral\\\/#primaryimage\"},\"thumbnailUrl\":\"https:\\\/\\\/zonacaral.gob.pe\\\/wp-content\\\/uploads\\\/2023\\\/10\\\/TALLER-ESCULTURAS-1.jpg\",\"datePublished\":\"2023-10-24T19:59:09+00:00\",\"author\":{\"@id\":\"https:\\\/\\\/zonacaral.gob.pe\\\/es\\\/#\\\/schema\\\/person\\\/beddb4d22f71a7230c5b90913270a0ee\"},\"description\":\"Casi 150 personas, entre ni\u00f1os, j\u00f3venes, adultos y adultos mayores, se dieron cita en el Ministerio de Cultura para conocer m\u00e1s de cerca c\u00f3mo se desarroll\u00f3, hace cinco mil a\u00f1os, la civilizaci\u00f3n Caral y; en especial, para aprender a elaborar, usando arcilla, una escultura \u2018caralina\u2019 inspir\u00e1ndose en los hallazgos realizados en la Ciudad Sagrada, principal centro urbano de este foco civilizatorio.\",\"breadcrumb\":{\"@id\":\"https:\\\/\\\/zonacaral.gob.pe\\\/es\\\/noticias\\\/ninos-jovenes-y-adultos-aprendieron-a-elaborar-esculturas-de-caral\\\/#breadcrumb\"},\"inLanguage\":\"en-US\",\"potentialAction\":[{\"@type\":\"ReadAction\",\"target\":[\"https:\\\/\\\/zonacaral.gob.pe\\\/es\\\/noticias\\\/ninos-jovenes-y-adultos-aprendieron-a-elaborar-esculturas-de-caral\\\/\"]}]},{\"@type\":\"ImageObject\",\"inLanguage\":\"en-US\",\"@id\":\"https:\\\/\\\/zonacaral.gob.pe\\\/es\\\/noticias\\\/ninos-jovenes-y-adultos-aprendieron-a-elaborar-esculturas-de-caral\\\/#primaryimage\",\"url\":\"https:\\\/\\\/zonacaral.gob.pe\\\/wp-content\\\/uploads\\\/2023\\\/10\\\/TALLER-ESCULTURAS-1.jpg\",\"contentUrl\":\"https:\\\/\\\/zonacaral.gob.pe\\\/wp-content\\\/uploads\\\/2023\\\/10\\\/TALLER-ESCULTURAS-1.jpg\",\"width\":1000,\"height\":600},{\"@type\":\"BreadcrumbList\",\"@id\":\"https:\\\/\\\/zonacaral.gob.pe\\\/es\\\/noticias\\\/ninos-jovenes-y-adultos-aprendieron-a-elaborar-esculturas-de-caral\\\/#breadcrumb\",\"itemListElement\":[{\"@type\":\"ListItem\",\"position\":1,\"name\":\"Portada\",\"item\":\"https:\\\/\\\/zonacaral.gob.pe\\\/\"},{\"@type\":\"ListItem\",\"position\":2,\"name\":\"Ni\u00f1os, j\u00f3venes y adultos aprendieron a elaborar esculturas de Caral\"}]},{\"@type\":\"WebSite\",\"@id\":\"https:\\\/\\\/zonacaral.gob.pe\\\/es\\\/#website\",\"url\":\"https:\\\/\\\/zonacaral.gob.pe\\\/es\\\/\",\"name\":\"Zona Caral\",\"description\":\"Investigamos, conservamos y difundimos el patrimonio cultural de la Civilizaci\u00f3n Caral, la m\u00e1s antigua de Am\u00e9rica.\",\"potentialAction\":[{\"@type\":\"SearchAction\",\"target\":{\"@type\":\"EntryPoint\",\"urlTemplate\":\"https:\\\/\\\/zonacaral.gob.pe\\\/es\\\/?s={search_term_string}\"},\"query-input\":{\"@type\":\"PropertyValueSpecification\",\"valueRequired\":true,\"valueName\":\"search_term_string\"}}],\"inLanguage\":\"en-US\"},{\"@type\":\"Person\",\"@id\":\"https:\\\/\\\/zonacaral.gob.pe\\\/es\\\/#\\\/schema\\\/person\\\/beddb4d22f71a7230c5b90913270a0ee\",\"name\":\"Zona Caral Administrador\",\"image\":{\"@type\":\"ImageObject\",\"inLanguage\":\"en-US\",\"@id\":\"https:\\\/\\\/secure.gravatar.com\\\/avatar\\\/e4be162918a696358376de6446614e0f0f4062bdc5d170d6d540ada3d8b58c12?s=96&d=mm&r=g\",\"url\":\"https:\\\/\\\/secure.gravatar.com\\\/avatar\\\/e4be162918a696358376de6446614e0f0f4062bdc5d170d6d540ada3d8b58c12?s=96&d=mm&r=g\",\"contentUrl\":\"https:\\\/\\\/secure.gravatar.com\\\/avatar\\\/e4be162918a696358376de6446614e0f0f4062bdc5d170d6d540ada3d8b58c12?s=96&d=mm&r=g\",\"caption\":\"Zona Caral Administrador\"},\"sameAs\":[\"https:\\\/\\\/zonacaral.gob.pe\"],\"url\":\"https:\\\/\\\/zonacaral.gob.pe\\\/en\\\/noticias\\\/author\\\/ad_zonacaral\\\/\"}]}<\/script>\n<!-- \/ Yoast SEO plugin. -->","yoast_head_json":{"title":"Ni\u00f1os, j\u00f3venes y adultos aprendieron a elaborar esculturas de Caral","description":"Casi 150 personas, entre ni\u00f1os, j\u00f3venes, adultos y adultos mayores, se dieron cita en el Ministerio de Cultura para conocer m\u00e1s de cerca c\u00f3mo se desarroll\u00f3, hace cinco mil a\u00f1os, la civilizaci\u00f3n Caral y; en especial, para aprender a elaborar, usando arcilla, una escultura \u2018caralina\u2019 inspir\u00e1ndose en los hallazgos realizados en la Ciudad Sagrada, principal centro urbano de este foco civilizatorio.","robots":{"index":"index","follow":"follow","max-snippet":"max-snippet:-1","max-image-preview":"max-image-preview:large","max-video-preview":"max-video-preview:-1"},"canonical":"https:\/\/zonacaral.gob.pe\/en\/noticias\/ninos-jovenes-y-adultos-aprendieron-a-elaborar-esculturas-de-caral\/","og_locale":"en_US","og_type":"article","og_title":"Ni\u00f1os, j\u00f3venes y adultos aprendieron a elaborar esculturas de Caral","og_description":"Casi 150 personas, entre ni\u00f1os, j\u00f3venes, adultos y adultos mayores, se dieron cita en el Ministerio de Cultura para conocer m\u00e1s de cerca c\u00f3mo se desarroll\u00f3, hace cinco mil a\u00f1os, la civilizaci\u00f3n Caral y; en especial, para aprender a elaborar, usando arcilla, una escultura \u2018caralina\u2019 inspir\u00e1ndose en los hallazgos realizados en la Ciudad Sagrada, principal centro urbano de este foco civilizatorio.","og_url":"https:\/\/zonacaral.gob.pe\/en\/noticias\/ninos-jovenes-y-adultos-aprendieron-a-elaborar-esculturas-de-caral\/","og_site_name":"Zona Caral","article_published_time":"2023-10-24T19:59:09+00:00","og_image":[{"width":1000,"height":600,"url":"https:\/\/zonacaral.gob.pe\/wp-content\/uploads\/2023\/10\/TALLER-ESCULTURAS-1.jpg","type":"image\/jpeg"}],"author":"Zona Caral Administrador","twitter_card":"summary_large_image","twitter_misc":{"Written by":"Zona Caral Administrador","Est. reading time":"2 minutes"},"schema":{"@context":"https:\/\/schema.org","@graph":[{"@type":"Article","@id":"https:\/\/zonacaral.gob.pe\/es\/noticias\/ninos-jovenes-y-adultos-aprendieron-a-elaborar-esculturas-de-caral\/#article","isPartOf":{"@id":"https:\/\/zonacaral.gob.pe\/es\/noticias\/ninos-jovenes-y-adultos-aprendieron-a-elaborar-esculturas-de-caral\/"},"author":{"name":"Zona Caral Administrador","@id":"https:\/\/zonacaral.gob.pe\/es\/#\/schema\/person\/beddb4d22f71a7230c5b90913270a0ee"},"headline":"Ni\u00f1os, j\u00f3venes y adultos aprendieron a elaborar esculturas de Caral","datePublished":"2023-10-24T19:59:09+00:00","mainEntityOfPage":{"@id":"https:\/\/zonacaral.gob.pe\/es\/noticias\/ninos-jovenes-y-adultos-aprendieron-a-elaborar-esculturas-de-caral\/"},"wordCount":405,"image":{"@id":"https:\/\/zonacaral.gob.pe\/es\/noticias\/ninos-jovenes-y-adultos-aprendieron-a-elaborar-esculturas-de-caral\/#primaryimage"},"thumbnailUrl":"https:\/\/zonacaral.gob.pe\/wp-content\/uploads\/2023\/10\/TALLER-ESCULTURAS-1.jpg","keywords":["caral","Cultura"],"articleSection":["noticias"],"inLanguage":"en-US"},{"@type":"WebPage","@id":"https:\/\/zonacaral.gob.pe\/es\/noticias\/ninos-jovenes-y-adultos-aprendieron-a-elaborar-esculturas-de-caral\/","url":"https:\/\/zonacaral.gob.pe\/es\/noticias\/ninos-jovenes-y-adultos-aprendieron-a-elaborar-esculturas-de-caral\/","name":"Ni\u00f1os, j\u00f3venes y adultos aprendieron a elaborar esculturas de Caral","isPartOf":{"@id":"https:\/\/zonacaral.gob.pe\/es\/#website"},"primaryImageOfPage":{"@id":"https:\/\/zonacaral.gob.pe\/es\/noticias\/ninos-jovenes-y-adultos-aprendieron-a-elaborar-esculturas-de-caral\/#primaryimage"},"image":{"@id":"https:\/\/zonacaral.gob.pe\/es\/noticias\/ninos-jovenes-y-adultos-aprendieron-a-elaborar-esculturas-de-caral\/#primaryimage"},"thumbnailUrl":"https:\/\/zonacaral.gob.pe\/wp-content\/uploads\/2023\/10\/TALLER-ESCULTURAS-1.jpg","datePublished":"2023-10-24T19:59:09+00:00","author":{"@id":"https:\/\/zonacaral.gob.pe\/es\/#\/schema\/person\/beddb4d22f71a7230c5b90913270a0ee"},"description":"Casi 150 personas, entre ni\u00f1os, j\u00f3venes, adultos y adultos mayores, se dieron cita en el Ministerio de Cultura para conocer m\u00e1s de cerca c\u00f3mo se desarroll\u00f3, hace cinco mil a\u00f1os, la civilizaci\u00f3n Caral y; en especial, para aprender a elaborar, usando arcilla, una escultura \u2018caralina\u2019 inspir\u00e1ndose en los hallazgos realizados en la Ciudad Sagrada, principal centro urbano de este foco civilizatorio.","breadcrumb":{"@id":"https:\/\/zonacaral.gob.pe\/es\/noticias\/ninos-jovenes-y-adultos-aprendieron-a-elaborar-esculturas-de-caral\/#breadcrumb"},"inLanguage":"en-US","potentialAction":[{"@type":"ReadAction","target":["https:\/\/zonacaral.gob.pe\/es\/noticias\/ninos-jovenes-y-adultos-aprendieron-a-elaborar-esculturas-de-caral\/"]}]},{"@type":"ImageObject","inLanguage":"en-US","@id":"https:\/\/zonacaral.gob.pe\/es\/noticias\/ninos-jovenes-y-adultos-aprendieron-a-elaborar-esculturas-de-caral\/#primaryimage","url":"https:\/\/zonacaral.gob.pe\/wp-content\/uploads\/2023\/10\/TALLER-ESCULTURAS-1.jpg","contentUrl":"https:\/\/zonacaral.gob.pe\/wp-content\/uploads\/2023\/10\/TALLER-ESCULTURAS-1.jpg","width":1000,"height":600},{"@type":"BreadcrumbList","@id":"https:\/\/zonacaral.gob.pe\/es\/noticias\/ninos-jovenes-y-adultos-aprendieron-a-elaborar-esculturas-de-caral\/#breadcrumb","itemListElement":[{"@type":"ListItem","position":1,"name":"Portada","item":"https:\/\/zonacaral.gob.pe\/"},{"@type":"ListItem","position":2,"name":"Ni\u00f1os, j\u00f3venes y adultos aprendieron a elaborar esculturas de Caral"}]},{"@type":"WebSite","@id":"https:\/\/zonacaral.gob.pe\/es\/#website","url":"https:\/\/zonacaral.gob.pe\/es\/","name":"Zona Caral","description":"Investigamos, conservamos y difundimos el patrimonio cultural de la Civilizaci\u00f3n Caral, la m\u00e1s antigua de Am\u00e9rica.","potentialAction":[{"@type":"SearchAction","target":{"@type":"EntryPoint","urlTemplate":"https:\/\/zonacaral.gob.pe\/es\/?s={search_term_string}"},"query-input":{"@type":"PropertyValueSpecification","valueRequired":true,"valueName":"search_term_string"}}],"inLanguage":"en-US"},{"@type":"Person","@id":"https:\/\/zonacaral.gob.pe\/es\/#\/schema\/person\/beddb4d22f71a7230c5b90913270a0ee","name":"Zona Caral Administrador","image":{"@type":"ImageObject","inLanguage":"en-US","@id":"https:\/\/secure.gravatar.com\/avatar\/e4be162918a696358376de6446614e0f0f4062bdc5d170d6d540ada3d8b58c12?s=96&d=mm&r=g","url":"https:\/\/secure.gravatar.com\/avatar\/e4be162918a696358376de6446614e0f0f4062bdc5d170d6d540ada3d8b58c12?s=96&d=mm&r=g","contentUrl":"https:\/\/secure.gravatar.com\/avatar\/e4be162918a696358376de6446614e0f0f4062bdc5d170d6d540ada3d8b58c12?s=96&d=mm&r=g","caption":"Zona Caral Administrador"},"sameAs":["https:\/\/zonacaral.gob.pe"],"url":"https:\/\/zonacaral.gob.pe\/en\/noticias\/author\/ad_zonacaral\/"}]}},"_links":{"self":[{"href":"https:\/\/zonacaral.gob.pe\/en\/wp-json\/wp\/v2\/posts\/17179","targetHints":{"allow":["GET"]}}],"collection":[{"href":"https:\/\/zonacaral.gob.pe\/en\/wp-json\/wp\/v2\/posts"}],"about":[{"href":"https:\/\/zonacaral.gob.pe\/en\/wp-json\/wp\/v2\/types\/post"}],"author":[{"embeddable":true,"href":"https:\/\/zonacaral.gob.pe\/en\/wp-json\/wp\/v2\/users\/1"}],"replies":[{"embeddable":true,"href":"https:\/\/zonacaral.gob.pe\/en\/wp-json\/wp\/v2\/comments?post=17179"}],"version-history":[{"count":0,"href":"https:\/\/zonacaral.gob.pe\/en\/wp-json\/wp\/v2\/posts\/17179\/revisions"}],"wp:featuredmedia":[{"embeddable":true,"href":"https:\/\/zonacaral.gob.pe\/en\/wp-json\/wp\/v2\/media\/17185"}],"wp:attachment":[{"href":"https:\/\/zonacaral.gob.pe\/en\/wp-json\/wp\/v2\/media?parent=17179"}],"wp:term":[{"taxonomy":"category","embeddable":true,"href":"https:\/\/zonacaral.gob.pe\/en\/wp-json\/wp\/v2\/categories?post=17179"},{"taxonomy":"post_tag","embeddable":true,"href":"https:\/\/zonacaral.gob.pe\/en\/wp-json\/wp\/v2\/tags?post=17179"}],"curies":[{"name":"wp","href":"https:\/\/api.w.org\/{rel}","templated":true}]}}