{"id":17191,"date":"2023-10-25T15:11:29","date_gmt":"2023-10-25T20:11:29","guid":{"rendered":"https:\/\/www.zonacaral.gob.pe\/?p=17191"},"modified":"2023-10-25T15:11:29","modified_gmt":"2023-10-25T20:11:29","slug":"zona-arqueologica-caral-ejecuta-acciones-de-prevencion-ante-el-fenomeno-de-el-nino","status":"publish","type":"post","link":"https:\/\/zonacaral.gob.pe\/en\/noticias\/zona-arqueologica-caral-ejecuta-acciones-de-prevencion-ante-el-fenomeno-de-el-nino\/","title":{"rendered":"Zona Arqueol\u00f3gica Caral ejecuta acciones de prevenci\u00f3n ante el fen\u00f3meno de El Ni\u00f1o"},"content":{"rendered":"<figure class=\"pic-autor\" style=\"color: #4d4d4d; text-align: justify;\"><\/figure>\n<div class=\"gmail_default\" style=\"text-align: justify;\">\n<blockquote>\n<p><i><span style=\"font-weight: 400;\">Cuidamos el patrimonio cultural del Per\u00fa y del mundo.<\/span><\/i><\/p>\n<\/blockquote>\n<p><span style=\"font-weight: 400;\">La Zona Arqueol\u00f3gica Caral (ZAC), Unidad Ejecutora 003 del Ministerio de Cultura, viene realizando diversas acciones de prevenci\u00f3n y mitigaci\u00f3n, bajo un programa y planeamiento estrat\u00e9gico, para proteger los doce sitios arqueol\u00f3gicos que investiga, y que forman parte de la Civilizaci\u00f3n Caral (3000 \u2013 1800 a. C.), de los posibles da\u00f1os que pueda causar el fen\u00f3meno de El Ni\u00f1o, el cual se prev\u00e9 que pueda afectar a nuestro pa\u00eds en noviembre o diciembre de 2023, o en enero de 2024.<\/span><\/p>\n<p><span style=\"font-weight: 400;\">Por ello, gracias al presupuesto adicional otorgado por el Gobierno Central a la ZAC, se ha contratado personal profesional y t\u00e9cnico, para que formen equipos de trabajo con los colaboradores que ya se encuentran desplegados en cada uno de los sitios arqueol\u00f3gicos, ubicados entre el valle de Supe y el valle de Huaura, reforzando as\u00ed nuestra experiencia, de m\u00e1s de 20 a\u00f1os, en labores de protecci\u00f3n del patrimonio cultural.<\/span><\/p>\n<p><span style=\"font-weight: 400;\">Los equipos se encargar\u00e1n de realizar evaluaciones, labores de protecci\u00f3n y acciones de conservaci\u00f3n en los sitios que investigamos: la Ciudad Sagrada de Caral, Patrimonio Mundial; Chupacigarro, Miraya, Lurihuasi, Allpacoto, Pueblo Nuevo, \u00c1spero, Piedra Parada, El Molino, Era de Pando, Vichama y Pe\u00f1ico.&nbsp;<\/span><\/p>\n<p><span style=\"font-weight: 400;\">Asimismo, se dispuso la compra de materiales y equipos necesarios para trabajar en la protecci\u00f3n, permanente y temporal, del respectivo sistema de evacuaci\u00f3n de agua. Tambi\u00e9n en la colocaci\u00f3n de paravientos y techos impermeables, removibles; y el empleo combinado con un sistema de evacuaci\u00f3n de agua, de manera que se tenga un sistema integral de protecci\u00f3n ante el riesgo de da\u00f1o ante un desastre natural.<\/span><\/p>\n<p><span style=\"font-weight: 400;\">Y para la mejor gesti\u00f3n y protecci\u00f3n de los almacenes, donde se guardan los materiales arqueol\u00f3gicos recuperados en campo, adem\u00e1s de acondicionar la infraestructura de \u00e9stos, se ha priorizado la contrataci\u00f3n de profesionales y auxiliares para avanzar en el an\u00e1lisis y disminuir el volumen de almacenamiento.<\/span><\/p>\n<p><span style=\"font-weight: 400;\">Cabe indicar que, adicional a todo lo se\u00f1alado, se viene realizando coordinaciones permanentes con Centro de Operaci\u00f3n de Emergencia del Ministerio de Cultura (COE-MC) y, quincenalmente, con el Centro de Operaciones de Emergencia Nacional (COEN).<\/span><\/p>\n<p><span style=\"font-weight: 400;\">Asimismo, a trav\u00e9s de la Subdirecci\u00f3n de Relaciones Comunitarias, en el valle de Supe, se ha buscado promover trabajos en alianza con los municipios y centros poblados con el fin de lograr acciones para evitar da\u00f1os a las \u00e1reas de cultivos; y, principalmente, a la poblaci\u00f3n.<\/span><\/p>\n<p><span style=\"font-weight: 400;\">Finalmente, para visibilizar todas estas acciones se dispuso que, a trav\u00e9s de las diferentes redes sociales de la instituci\u00f3n y p\u00e1gina web, se comparta la informaci\u00f3n necesaria (en fotos, videos y notas informativas) para sensibilizar a los ciudadanos de cu\u00e1n importante es prevenir y tomar las acciones para reducir el peligro de la afectaci\u00f3n o destrucci\u00f3n del patrimonio arqueol\u00f3gico frente a intensas precipitaciones pluviales u otros eventos relacionados con el fen\u00f3meno de El Ni\u00f1o o de otra \u00edndole. De esta manera tambi\u00e9n contribuimos a&nbsp; conservar y preservar nuestros sitios arqueol\u00f3gicos.<\/span><\/p>\n<p><b>DATO<\/b><\/p>\n<p><span style=\"font-weight: 400;\">A pesar de no contar con un amplio presupuesto, en casi 30 a\u00f1os la Zona Arqueol\u00f3gica Caral (ZAC), dirigido por la doctora Ruth Shady Sol\u00eds, ha venido anticipando diversas acciones para salvaguardar el patrimonio de todos los peruanos, confiando en la experiencia y profesionalismo de su equipo multidisciplinario de campo. Un ejemplo de ello, es haber superado sin inconvenientes los estragos ocasionados por el fen\u00f3meno natural \u201cYaku\u201d, el cual no logr\u00f3 afectar a los antiguos centros urbanos de la primera civilizaci\u00f3n de Am\u00e9rica.<\/span><\/p>\n<p><span style=\"font-weight: 400;\">La ZAC se mantiene firme en su labor de investigar, conservar y difundir nuestra herencia cultural milenaria, desarrollada en el \u00e1rea norcentral del pa\u00eds y; adem\u00e1s, protegerla y defenderla para el beneficio de las sociedades actuales y futuras. <\/span><\/p>\n<p><span style=\"color: #850707;\"><strong style=\"font-size: inherit; text-align: justify;\">Fuente: Comunicaci\u00f3n e Imagen Institucional ZAC<\/strong><\/span><\/p>\n<\/div>\n<div style=\"color: #1f1f1f;\">\n<div style=\"color: #1f1f1f;\">\n<p style=\"text-align: justify;\">Fecha de publicaci\u00f3n: 25\/10\/2023<\/p>\n<\/div>\n<\/div>\n\n\n<p><\/p>","protected":false},"excerpt":{"rendered":"<p>Cuidamos el patrimonio cultural del Per\u00fa y del mundo. La Zona Arqueol\u00f3gica Caral (ZAC), Unidad Ejecutora 003 del Ministerio de [&hellip;]<\/p>\n","protected":false},"author":1,"featured_media":17192,"comment_status":"closed","ping_status":"open","sticky":false,"template":"","format":"standard","meta":{"_acf_changed":false,"site-sidebar-layout":"default","site-content-layout":"","ast-site-content-layout":"default","site-content-style":"default","site-sidebar-style":"default","ast-global-header-display":"","ast-banner-title-visibility":"","ast-main-header-display":"","ast-hfb-above-header-display":"","ast-hfb-below-header-display":"","ast-hfb-mobile-header-display":"","site-post-title":"","ast-breadcrumbs-content":"","ast-featured-img":"","footer-sml-layout":"","ast-disable-related-posts":"","theme-transparent-header-meta":"","adv-header-id-meta":"","stick-header-meta":"","header-above-stick-meta":"","header-main-stick-meta":"","header-below-stick-meta":"","astra-migrate-meta-layouts":"default","ast-page-background-enabled":"default","ast-page-background-meta":{"desktop":{"background-color":"var(--ast-global-color-5)","background-image":"","background-repeat":"repeat","background-position":"center center","background-size":"auto","background-attachment":"scroll","background-type":"","background-media":"","overlay-type":"","overlay-color":"","overlay-opacity":"","overlay-gradient":""},"tablet":{"background-color":"","background-image":"","background-repeat":"repeat","background-position":"center center","background-size":"auto","background-attachment":"scroll","background-type":"","background-media":"","overlay-type":"","overlay-color":"","overlay-opacity":"","overlay-gradient":""},"mobile":{"background-color":"","background-image":"","background-repeat":"repeat","background-position":"center center","background-size":"auto","background-attachment":"scroll","background-type":"","background-media":"","overlay-type":"","overlay-color":"","overlay-opacity":"","overlay-gradient":""}},"ast-content-background-meta":{"desktop":{"background-color":"var(--ast-global-color-4)","background-image":"","background-repeat":"repeat","background-position":"center center","background-size":"auto","background-attachment":"scroll","background-type":"","background-media":"","overlay-type":"","overlay-color":"","overlay-opacity":"","overlay-gradient":""},"tablet":{"background-color":"var(--ast-global-color-4)","background-image":"","background-repeat":"repeat","background-position":"center center","background-size":"auto","background-attachment":"scroll","background-type":"","background-media":"","overlay-type":"","overlay-color":"","overlay-opacity":"","overlay-gradient":""},"mobile":{"background-color":"var(--ast-global-color-4)","background-image":"","background-repeat":"repeat","background-position":"center center","background-size":"auto","background-attachment":"scroll","background-type":"","background-media":"","overlay-type":"","overlay-color":"","overlay-opacity":"","overlay-gradient":""}},"footnotes":""},"categories":[208],"tags":[55,72],"class_list":["post-17191","post","type-post","status-publish","format-standard","has-post-thumbnail","hentry","category-noticias","tag-caral","tag-cultura"],"acf":[],"yoast_head":"<!-- This site is optimized with the Yoast SEO plugin v27.3 - https:\/\/yoast.com\/product\/yoast-seo-wordpress\/ -->\n<title>Zona Arqueol\u00f3gica Caral ejecuta acciones de prevenci\u00f3n ante el fen\u00f3meno de El Ni\u00f1o<\/title>\n<meta name=\"description\" content=\"La Zona Arqueol\u00f3gica Caral (ZAC), Unidad Ejecutora 003 del Ministerio de Cultura, viene realizando diversas acciones de prevenci\u00f3n y mitigaci\u00f3n, bajo un programa y planeamiento estrat\u00e9gico, para proteger los doce sitios arqueol\u00f3gicos que investiga, y que forman parte de la Civilizaci\u00f3n Caral (3000 \u2013 1800 a. C.), de los posibles da\u00f1os que pueda causar el fen\u00f3meno de El Ni\u00f1o, el cual se prev\u00e9 que pueda afectar a nuestro pa\u00eds en noviembre o diciembre de 2023, o en enero de 2024.\" \/>\n<meta name=\"robots\" content=\"index, follow, max-snippet:-1, max-image-preview:large, max-video-preview:-1\" \/>\n<link rel=\"canonical\" href=\"https:\/\/zonacaral.gob.pe\/en\/noticias\/zona-arqueologica-caral-ejecuta-acciones-de-prevencion-ante-el-fenomeno-de-el-nino\/\" \/>\n<meta property=\"og:locale\" content=\"en_US\" \/>\n<meta property=\"og:type\" content=\"article\" \/>\n<meta property=\"og:title\" content=\"Zona Arqueol\u00f3gica Caral ejecuta acciones de prevenci\u00f3n ante el fen\u00f3meno de El Ni\u00f1o\" \/>\n<meta property=\"og:description\" content=\"La Zona Arqueol\u00f3gica Caral (ZAC), Unidad Ejecutora 003 del Ministerio de Cultura, viene realizando diversas acciones de prevenci\u00f3n y mitigaci\u00f3n, bajo un programa y planeamiento estrat\u00e9gico, para proteger los doce sitios arqueol\u00f3gicos que investiga, y que forman parte de la Civilizaci\u00f3n Caral (3000 \u2013 1800 a. C.), de los posibles da\u00f1os que pueda causar el fen\u00f3meno de El Ni\u00f1o, el cual se prev\u00e9 que pueda afectar a nuestro pa\u00eds en noviembre o diciembre de 2023, o en enero de 2024.\" \/>\n<meta property=\"og:url\" content=\"https:\/\/zonacaral.gob.pe\/en\/noticias\/zona-arqueologica-caral-ejecuta-acciones-de-prevencion-ante-el-fenomeno-de-el-nino\/\" \/>\n<meta property=\"og:site_name\" content=\"Zona Caral\" \/>\n<meta property=\"article:published_time\" content=\"2023-10-25T20:11:29+00:00\" \/>\n<meta property=\"og:image\" content=\"https:\/\/zonacaral.gob.pe\/wp-content\/uploads\/2023\/10\/FENOMENO-1.jpg\" \/>\n\t<meta property=\"og:image:width\" content=\"1000\" \/>\n\t<meta property=\"og:image:height\" content=\"600\" \/>\n\t<meta property=\"og:image:type\" content=\"image\/jpeg\" \/>\n<meta name=\"author\" content=\"Zona Caral Administrador\" \/>\n<meta name=\"twitter:card\" content=\"summary_large_image\" \/>\n<meta name=\"twitter:label1\" content=\"Written by\" \/>\n\t<meta name=\"twitter:data1\" content=\"Zona Caral Administrador\" \/>\n\t<meta name=\"twitter:label2\" content=\"Est. reading time\" \/>\n\t<meta name=\"twitter:data2\" content=\"3 minutes\" \/>\n<script type=\"application\/ld+json\" class=\"yoast-schema-graph\">{\"@context\":\"https:\\\/\\\/schema.org\",\"@graph\":[{\"@type\":\"Article\",\"@id\":\"https:\\\/\\\/zonacaral.gob.pe\\\/es\\\/noticias\\\/zona-arqueologica-caral-ejecuta-acciones-de-prevencion-ante-el-fenomeno-de-el-nino\\\/#article\",\"isPartOf\":{\"@id\":\"https:\\\/\\\/zonacaral.gob.pe\\\/es\\\/noticias\\\/zona-arqueologica-caral-ejecuta-acciones-de-prevencion-ante-el-fenomeno-de-el-nino\\\/\"},\"author\":{\"name\":\"Zona Caral Administrador\",\"@id\":\"https:\\\/\\\/zonacaral.gob.pe\\\/es\\\/#\\\/schema\\\/person\\\/beddb4d22f71a7230c5b90913270a0ee\"},\"headline\":\"Zona Arqueol\u00f3gica Caral ejecuta acciones de prevenci\u00f3n ante el fen\u00f3meno de El Ni\u00f1o\",\"datePublished\":\"2023-10-25T20:11:29+00:00\",\"mainEntityOfPage\":{\"@id\":\"https:\\\/\\\/zonacaral.gob.pe\\\/es\\\/noticias\\\/zona-arqueologica-caral-ejecuta-acciones-de-prevencion-ante-el-fenomeno-de-el-nino\\\/\"},\"wordCount\":685,\"image\":{\"@id\":\"https:\\\/\\\/zonacaral.gob.pe\\\/es\\\/noticias\\\/zona-arqueologica-caral-ejecuta-acciones-de-prevencion-ante-el-fenomeno-de-el-nino\\\/#primaryimage\"},\"thumbnailUrl\":\"https:\\\/\\\/zonacaral.gob.pe\\\/wp-content\\\/uploads\\\/2023\\\/10\\\/FENOMENO-1.jpg\",\"keywords\":[\"caral\",\"Cultura\"],\"articleSection\":[\"noticias\"],\"inLanguage\":\"en-US\"},{\"@type\":\"WebPage\",\"@id\":\"https:\\\/\\\/zonacaral.gob.pe\\\/es\\\/noticias\\\/zona-arqueologica-caral-ejecuta-acciones-de-prevencion-ante-el-fenomeno-de-el-nino\\\/\",\"url\":\"https:\\\/\\\/zonacaral.gob.pe\\\/es\\\/noticias\\\/zona-arqueologica-caral-ejecuta-acciones-de-prevencion-ante-el-fenomeno-de-el-nino\\\/\",\"name\":\"Zona Arqueol\u00f3gica Caral ejecuta acciones de prevenci\u00f3n ante el fen\u00f3meno de El Ni\u00f1o\",\"isPartOf\":{\"@id\":\"https:\\\/\\\/zonacaral.gob.pe\\\/es\\\/#website\"},\"primaryImageOfPage\":{\"@id\":\"https:\\\/\\\/zonacaral.gob.pe\\\/es\\\/noticias\\\/zona-arqueologica-caral-ejecuta-acciones-de-prevencion-ante-el-fenomeno-de-el-nino\\\/#primaryimage\"},\"image\":{\"@id\":\"https:\\\/\\\/zonacaral.gob.pe\\\/es\\\/noticias\\\/zona-arqueologica-caral-ejecuta-acciones-de-prevencion-ante-el-fenomeno-de-el-nino\\\/#primaryimage\"},\"thumbnailUrl\":\"https:\\\/\\\/zonacaral.gob.pe\\\/wp-content\\\/uploads\\\/2023\\\/10\\\/FENOMENO-1.jpg\",\"datePublished\":\"2023-10-25T20:11:29+00:00\",\"author\":{\"@id\":\"https:\\\/\\\/zonacaral.gob.pe\\\/es\\\/#\\\/schema\\\/person\\\/beddb4d22f71a7230c5b90913270a0ee\"},\"description\":\"La Zona Arqueol\u00f3gica Caral (ZAC), Unidad Ejecutora 003 del Ministerio de Cultura, viene realizando diversas acciones de prevenci\u00f3n y mitigaci\u00f3n, bajo un programa y planeamiento estrat\u00e9gico, para proteger los doce sitios arqueol\u00f3gicos que investiga, y que forman parte de la Civilizaci\u00f3n Caral (3000 \u2013 1800 a. C.), de los posibles da\u00f1os que pueda causar el fen\u00f3meno de El Ni\u00f1o, el cual se prev\u00e9 que pueda afectar a nuestro pa\u00eds en noviembre o diciembre de 2023, o en enero de 2024.\",\"breadcrumb\":{\"@id\":\"https:\\\/\\\/zonacaral.gob.pe\\\/es\\\/noticias\\\/zona-arqueologica-caral-ejecuta-acciones-de-prevencion-ante-el-fenomeno-de-el-nino\\\/#breadcrumb\"},\"inLanguage\":\"en-US\",\"potentialAction\":[{\"@type\":\"ReadAction\",\"target\":[\"https:\\\/\\\/zonacaral.gob.pe\\\/es\\\/noticias\\\/zona-arqueologica-caral-ejecuta-acciones-de-prevencion-ante-el-fenomeno-de-el-nino\\\/\"]}]},{\"@type\":\"ImageObject\",\"inLanguage\":\"en-US\",\"@id\":\"https:\\\/\\\/zonacaral.gob.pe\\\/es\\\/noticias\\\/zona-arqueologica-caral-ejecuta-acciones-de-prevencion-ante-el-fenomeno-de-el-nino\\\/#primaryimage\",\"url\":\"https:\\\/\\\/zonacaral.gob.pe\\\/wp-content\\\/uploads\\\/2023\\\/10\\\/FENOMENO-1.jpg\",\"contentUrl\":\"https:\\\/\\\/zonacaral.gob.pe\\\/wp-content\\\/uploads\\\/2023\\\/10\\\/FENOMENO-1.jpg\",\"width\":1000,\"height\":600},{\"@type\":\"BreadcrumbList\",\"@id\":\"https:\\\/\\\/zonacaral.gob.pe\\\/es\\\/noticias\\\/zona-arqueologica-caral-ejecuta-acciones-de-prevencion-ante-el-fenomeno-de-el-nino\\\/#breadcrumb\",\"itemListElement\":[{\"@type\":\"ListItem\",\"position\":1,\"name\":\"Portada\",\"item\":\"https:\\\/\\\/zonacaral.gob.pe\\\/\"},{\"@type\":\"ListItem\",\"position\":2,\"name\":\"Zona Arqueol\u00f3gica Caral ejecuta acciones de prevenci\u00f3n ante el fen\u00f3meno de El Ni\u00f1o\"}]},{\"@type\":\"WebSite\",\"@id\":\"https:\\\/\\\/zonacaral.gob.pe\\\/es\\\/#website\",\"url\":\"https:\\\/\\\/zonacaral.gob.pe\\\/es\\\/\",\"name\":\"Zona Caral\",\"description\":\"Investigamos, conservamos y difundimos el patrimonio cultural de la Civilizaci\u00f3n Caral, la m\u00e1s antigua de Am\u00e9rica.\",\"potentialAction\":[{\"@type\":\"SearchAction\",\"target\":{\"@type\":\"EntryPoint\",\"urlTemplate\":\"https:\\\/\\\/zonacaral.gob.pe\\\/es\\\/?s={search_term_string}\"},\"query-input\":{\"@type\":\"PropertyValueSpecification\",\"valueRequired\":true,\"valueName\":\"search_term_string\"}}],\"inLanguage\":\"en-US\"},{\"@type\":\"Person\",\"@id\":\"https:\\\/\\\/zonacaral.gob.pe\\\/es\\\/#\\\/schema\\\/person\\\/beddb4d22f71a7230c5b90913270a0ee\",\"name\":\"Zona Caral Administrador\",\"image\":{\"@type\":\"ImageObject\",\"inLanguage\":\"en-US\",\"@id\":\"https:\\\/\\\/secure.gravatar.com\\\/avatar\\\/e4be162918a696358376de6446614e0f0f4062bdc5d170d6d540ada3d8b58c12?s=96&d=mm&r=g\",\"url\":\"https:\\\/\\\/secure.gravatar.com\\\/avatar\\\/e4be162918a696358376de6446614e0f0f4062bdc5d170d6d540ada3d8b58c12?s=96&d=mm&r=g\",\"contentUrl\":\"https:\\\/\\\/secure.gravatar.com\\\/avatar\\\/e4be162918a696358376de6446614e0f0f4062bdc5d170d6d540ada3d8b58c12?s=96&d=mm&r=g\",\"caption\":\"Zona Caral Administrador\"},\"sameAs\":[\"https:\\\/\\\/zonacaral.gob.pe\"],\"url\":\"https:\\\/\\\/zonacaral.gob.pe\\\/en\\\/noticias\\\/author\\\/ad_zonacaral\\\/\"}]}<\/script>\n<!-- \/ Yoast SEO plugin. -->","yoast_head_json":{"title":"Zona Arqueol\u00f3gica Caral ejecuta acciones de prevenci\u00f3n ante el fen\u00f3meno de El Ni\u00f1o","description":"La Zona Arqueol\u00f3gica Caral (ZAC), Unidad Ejecutora 003 del Ministerio de Cultura, viene realizando diversas acciones de prevenci\u00f3n y mitigaci\u00f3n, bajo un programa y planeamiento estrat\u00e9gico, para proteger los doce sitios arqueol\u00f3gicos que investiga, y que forman parte de la Civilizaci\u00f3n Caral (3000 \u2013 1800 a. C.), de los posibles da\u00f1os que pueda causar el fen\u00f3meno de El Ni\u00f1o, el cual se prev\u00e9 que pueda afectar a nuestro pa\u00eds en noviembre o diciembre de 2023, o en enero de 2024.","robots":{"index":"index","follow":"follow","max-snippet":"max-snippet:-1","max-image-preview":"max-image-preview:large","max-video-preview":"max-video-preview:-1"},"canonical":"https:\/\/zonacaral.gob.pe\/en\/noticias\/zona-arqueologica-caral-ejecuta-acciones-de-prevencion-ante-el-fenomeno-de-el-nino\/","og_locale":"en_US","og_type":"article","og_title":"Zona Arqueol\u00f3gica Caral ejecuta acciones de prevenci\u00f3n ante el fen\u00f3meno de El Ni\u00f1o","og_description":"La Zona Arqueol\u00f3gica Caral (ZAC), Unidad Ejecutora 003 del Ministerio de Cultura, viene realizando diversas acciones de prevenci\u00f3n y mitigaci\u00f3n, bajo un programa y planeamiento estrat\u00e9gico, para proteger los doce sitios arqueol\u00f3gicos que investiga, y que forman parte de la Civilizaci\u00f3n Caral (3000 \u2013 1800 a. C.), de los posibles da\u00f1os que pueda causar el fen\u00f3meno de El Ni\u00f1o, el cual se prev\u00e9 que pueda afectar a nuestro pa\u00eds en noviembre o diciembre de 2023, o en enero de 2024.","og_url":"https:\/\/zonacaral.gob.pe\/en\/noticias\/zona-arqueologica-caral-ejecuta-acciones-de-prevencion-ante-el-fenomeno-de-el-nino\/","og_site_name":"Zona Caral","article_published_time":"2023-10-25T20:11:29+00:00","og_image":[{"width":1000,"height":600,"url":"https:\/\/zonacaral.gob.pe\/wp-content\/uploads\/2023\/10\/FENOMENO-1.jpg","type":"image\/jpeg"}],"author":"Zona Caral Administrador","twitter_card":"summary_large_image","twitter_misc":{"Written by":"Zona Caral Administrador","Est. reading time":"3 minutes"},"schema":{"@context":"https:\/\/schema.org","@graph":[{"@type":"Article","@id":"https:\/\/zonacaral.gob.pe\/es\/noticias\/zona-arqueologica-caral-ejecuta-acciones-de-prevencion-ante-el-fenomeno-de-el-nino\/#article","isPartOf":{"@id":"https:\/\/zonacaral.gob.pe\/es\/noticias\/zona-arqueologica-caral-ejecuta-acciones-de-prevencion-ante-el-fenomeno-de-el-nino\/"},"author":{"name":"Zona Caral Administrador","@id":"https:\/\/zonacaral.gob.pe\/es\/#\/schema\/person\/beddb4d22f71a7230c5b90913270a0ee"},"headline":"Zona Arqueol\u00f3gica Caral ejecuta acciones de prevenci\u00f3n ante el fen\u00f3meno de El Ni\u00f1o","datePublished":"2023-10-25T20:11:29+00:00","mainEntityOfPage":{"@id":"https:\/\/zonacaral.gob.pe\/es\/noticias\/zona-arqueologica-caral-ejecuta-acciones-de-prevencion-ante-el-fenomeno-de-el-nino\/"},"wordCount":685,"image":{"@id":"https:\/\/zonacaral.gob.pe\/es\/noticias\/zona-arqueologica-caral-ejecuta-acciones-de-prevencion-ante-el-fenomeno-de-el-nino\/#primaryimage"},"thumbnailUrl":"https:\/\/zonacaral.gob.pe\/wp-content\/uploads\/2023\/10\/FENOMENO-1.jpg","keywords":["caral","Cultura"],"articleSection":["noticias"],"inLanguage":"en-US"},{"@type":"WebPage","@id":"https:\/\/zonacaral.gob.pe\/es\/noticias\/zona-arqueologica-caral-ejecuta-acciones-de-prevencion-ante-el-fenomeno-de-el-nino\/","url":"https:\/\/zonacaral.gob.pe\/es\/noticias\/zona-arqueologica-caral-ejecuta-acciones-de-prevencion-ante-el-fenomeno-de-el-nino\/","name":"Zona Arqueol\u00f3gica Caral ejecuta acciones de prevenci\u00f3n ante el fen\u00f3meno de El Ni\u00f1o","isPartOf":{"@id":"https:\/\/zonacaral.gob.pe\/es\/#website"},"primaryImageOfPage":{"@id":"https:\/\/zonacaral.gob.pe\/es\/noticias\/zona-arqueologica-caral-ejecuta-acciones-de-prevencion-ante-el-fenomeno-de-el-nino\/#primaryimage"},"image":{"@id":"https:\/\/zonacaral.gob.pe\/es\/noticias\/zona-arqueologica-caral-ejecuta-acciones-de-prevencion-ante-el-fenomeno-de-el-nino\/#primaryimage"},"thumbnailUrl":"https:\/\/zonacaral.gob.pe\/wp-content\/uploads\/2023\/10\/FENOMENO-1.jpg","datePublished":"2023-10-25T20:11:29+00:00","author":{"@id":"https:\/\/zonacaral.gob.pe\/es\/#\/schema\/person\/beddb4d22f71a7230c5b90913270a0ee"},"description":"La Zona Arqueol\u00f3gica Caral (ZAC), Unidad Ejecutora 003 del Ministerio de Cultura, viene realizando diversas acciones de prevenci\u00f3n y mitigaci\u00f3n, bajo un programa y planeamiento estrat\u00e9gico, para proteger los doce sitios arqueol\u00f3gicos que investiga, y que forman parte de la Civilizaci\u00f3n Caral (3000 \u2013 1800 a. C.), de los posibles da\u00f1os que pueda causar el fen\u00f3meno de El Ni\u00f1o, el cual se prev\u00e9 que pueda afectar a nuestro pa\u00eds en noviembre o diciembre de 2023, o en enero de 2024.","breadcrumb":{"@id":"https:\/\/zonacaral.gob.pe\/es\/noticias\/zona-arqueologica-caral-ejecuta-acciones-de-prevencion-ante-el-fenomeno-de-el-nino\/#breadcrumb"},"inLanguage":"en-US","potentialAction":[{"@type":"ReadAction","target":["https:\/\/zonacaral.gob.pe\/es\/noticias\/zona-arqueologica-caral-ejecuta-acciones-de-prevencion-ante-el-fenomeno-de-el-nino\/"]}]},{"@type":"ImageObject","inLanguage":"en-US","@id":"https:\/\/zonacaral.gob.pe\/es\/noticias\/zona-arqueologica-caral-ejecuta-acciones-de-prevencion-ante-el-fenomeno-de-el-nino\/#primaryimage","url":"https:\/\/zonacaral.gob.pe\/wp-content\/uploads\/2023\/10\/FENOMENO-1.jpg","contentUrl":"https:\/\/zonacaral.gob.pe\/wp-content\/uploads\/2023\/10\/FENOMENO-1.jpg","width":1000,"height":600},{"@type":"BreadcrumbList","@id":"https:\/\/zonacaral.gob.pe\/es\/noticias\/zona-arqueologica-caral-ejecuta-acciones-de-prevencion-ante-el-fenomeno-de-el-nino\/#breadcrumb","itemListElement":[{"@type":"ListItem","position":1,"name":"Portada","item":"https:\/\/zonacaral.gob.pe\/"},{"@type":"ListItem","position":2,"name":"Zona Arqueol\u00f3gica Caral ejecuta acciones de prevenci\u00f3n ante el fen\u00f3meno de El Ni\u00f1o"}]},{"@type":"WebSite","@id":"https:\/\/zonacaral.gob.pe\/es\/#website","url":"https:\/\/zonacaral.gob.pe\/es\/","name":"Zona Caral","description":"Investigamos, conservamos y difundimos el patrimonio cultural de la Civilizaci\u00f3n Caral, la m\u00e1s antigua de Am\u00e9rica.","potentialAction":[{"@type":"SearchAction","target":{"@type":"EntryPoint","urlTemplate":"https:\/\/zonacaral.gob.pe\/es\/?s={search_term_string}"},"query-input":{"@type":"PropertyValueSpecification","valueRequired":true,"valueName":"search_term_string"}}],"inLanguage":"en-US"},{"@type":"Person","@id":"https:\/\/zonacaral.gob.pe\/es\/#\/schema\/person\/beddb4d22f71a7230c5b90913270a0ee","name":"Zona Caral Administrador","image":{"@type":"ImageObject","inLanguage":"en-US","@id":"https:\/\/secure.gravatar.com\/avatar\/e4be162918a696358376de6446614e0f0f4062bdc5d170d6d540ada3d8b58c12?s=96&d=mm&r=g","url":"https:\/\/secure.gravatar.com\/avatar\/e4be162918a696358376de6446614e0f0f4062bdc5d170d6d540ada3d8b58c12?s=96&d=mm&r=g","contentUrl":"https:\/\/secure.gravatar.com\/avatar\/e4be162918a696358376de6446614e0f0f4062bdc5d170d6d540ada3d8b58c12?s=96&d=mm&r=g","caption":"Zona Caral Administrador"},"sameAs":["https:\/\/zonacaral.gob.pe"],"url":"https:\/\/zonacaral.gob.pe\/en\/noticias\/author\/ad_zonacaral\/"}]}},"_links":{"self":[{"href":"https:\/\/zonacaral.gob.pe\/en\/wp-json\/wp\/v2\/posts\/17191","targetHints":{"allow":["GET"]}}],"collection":[{"href":"https:\/\/zonacaral.gob.pe\/en\/wp-json\/wp\/v2\/posts"}],"about":[{"href":"https:\/\/zonacaral.gob.pe\/en\/wp-json\/wp\/v2\/types\/post"}],"author":[{"embeddable":true,"href":"https:\/\/zonacaral.gob.pe\/en\/wp-json\/wp\/v2\/users\/1"}],"replies":[{"embeddable":true,"href":"https:\/\/zonacaral.gob.pe\/en\/wp-json\/wp\/v2\/comments?post=17191"}],"version-history":[{"count":0,"href":"https:\/\/zonacaral.gob.pe\/en\/wp-json\/wp\/v2\/posts\/17191\/revisions"}],"wp:featuredmedia":[{"embeddable":true,"href":"https:\/\/zonacaral.gob.pe\/en\/wp-json\/wp\/v2\/media\/17192"}],"wp:attachment":[{"href":"https:\/\/zonacaral.gob.pe\/en\/wp-json\/wp\/v2\/media?parent=17191"}],"wp:term":[{"taxonomy":"category","embeddable":true,"href":"https:\/\/zonacaral.gob.pe\/en\/wp-json\/wp\/v2\/categories?post=17191"},{"taxonomy":"post_tag","embeddable":true,"href":"https:\/\/zonacaral.gob.pe\/en\/wp-json\/wp\/v2\/tags?post=17191"}],"curies":[{"name":"wp","href":"https:\/\/api.w.org\/{rel}","templated":true}]}}