{"id":17225,"date":"2023-11-03T17:04:46","date_gmt":"2023-11-03T22:04:46","guid":{"rendered":"https:\/\/www.zonacaral.gob.pe\/?p=17225"},"modified":"2023-11-03T17:04:46","modified_gmt":"2023-11-03T22:04:46","slug":"zona-arqueologica-caral-se-reunio-con-oci-coen-y-coes-para-informar-acciones-ante-fenomeno-de-el-nino","status":"publish","type":"post","link":"https:\/\/zonacaral.gob.pe\/en\/noticias\/zona-arqueologica-caral-se-reunio-con-oci-coen-y-coes-para-informar-acciones-ante-fenomeno-de-el-nino\/","title":{"rendered":"Zona Arqueol\u00f3gica Caral se reuni\u00f3 con OCI, COEN y COES para informar acciones ante fen\u00f3meno de El Ni\u00f1o"},"content":{"rendered":"<figure class=\"pic-autor\" style=\"color: #4d4d4d; text-align: justify;\"><\/figure>\n<div class=\"gmail_default\" style=\"text-align: justify;\">\n<blockquote>\n<p><i><span style=\"font-weight: 400;\">Gestiones en beneficio de la cultura en Per\u00fa.<\/span><\/i><\/p>\n<\/blockquote>\n<p><span style=\"font-weight: 400;\">Cumpliendo con las normativas correspondientes, la <\/span><a href=\"https:\/\/www.instagram.com\/caralperu\/?hl=es\"><span style=\"font-weight: 400;\">Zona Arqueol\u00f3gica Caral<\/span><\/a><span style=\"font-weight: 400;\"> (ZAC) &#8211; Unidad Ejecutora 003, se ha reunido con representantes del \u00d3rgano de Control Interno (OCI) del Ministerio de Cultura;\u00a0 representantes del Centro de Operaciones de Emergencia Nacional (COEN) y representantes del Centro de Operaciones de Emergencia del Sector Cultura (COES), para brindar la informaci\u00f3n detallada del avance de las gestiones que se realizan, en los doce centros urbanos de la Civilizaci\u00f3n Caral, ante la llegada del fen\u00f3meno de El Ni\u00f1o (FEN).<\/span><\/p>\n<p><span style=\"font-weight: 400;\">En ese sentido, el pasado 27 de octubre, funcionarios de la ZAC, desplazados en los sitios arqueol\u00f3gicos Ciudad Sagrada de Caral, \u00c1spero, Vichama y Pe\u00f1ico, recibieron a los representantes del OCI, a quienes se les present\u00f3 la documentaci\u00f3n solicitada, en el marco de las contrataciones de servicios, que apoyar\u00e1n las<\/span><a href=\"https:\/\/www.gob.pe\/institucion\/caral\/noticias\/856263-zona-arqueologica-caral-ejecuta-acciones-de-prevencion-ante-el-fenomeno-de-el-nino\"> <span style=\"font-weight: 400;\">labores de protecci\u00f3n del patrimonio cultural<\/span><\/a><span style=\"font-weight: 400;\">.<\/span><\/p>\n<p><span style=\"font-weight: 400;\">Personal de la OCI pudo verificar el adecuado cumplimiento de las condiciones en que se dieron las contrataciones, y sobre todo comprobar en campo las funciones que cumple cada uno. En ese sentido, tambi\u00e9n recorrieron los sitios arqueol\u00f3gicos para comprobar que se viene realizando una buena gesti\u00f3n preventiva ante el FEN.<\/span><\/p>\n<p><span style=\"font-weight: 400;\">Por otro lado, personal de la ZAC y el representante del Centro de Operaciones de Emergencia del Sector Cultura \u2013 COES, se reunieron, el 18 de octubre, con funcionarios del COEN, para presentar las labores de setiembre que se han realizado en la prevenci\u00f3n y mitigaci\u00f3n de da\u00f1os ante el fen\u00f3meno de El Ni\u00f1o.<\/span><\/p>\n<p><span style=\"font-weight: 400;\">Esta reuni\u00f3n mensual, busca tener un control y actualizaci\u00f3n sobre las labores que se ejecutan para salvaguardar los sitios arqueol\u00f3gicos, ubicados entre el valle de Supe y de Huaura, vinculados con la primera civilizaci\u00f3n de Am\u00e9rica, en los que investiga, conserva y difunde, desde hace 29 a\u00f1os, la Zona Arqueol\u00f3gica Caral, dirigido por la doctora Ruth Shady Sol\u00eds.<\/span><\/p>\n<p><span style=\"font-weight: 400;\">De esta manera, demostramos que las gestiones de la ZAC, instituci\u00f3n comprometida con el patrimonio cultural del Per\u00fa, se realizan con transparencia y cumpliendo las normativas dictadas por los \u00f3rganos de control del Estado.<\/span><\/p>\n<p><span style=\"color: #850707;\"><strong style=\"font-size: inherit; text-align: justify;\">Fuente: Comunicaci\u00f3n e Imagen Institucional ZAC<\/strong><\/span><\/p>\n<\/div>\n<div style=\"color: #1f1f1f;\">\n<div style=\"color: #1f1f1f;\">\n<p style=\"text-align: justify;\">Fecha de publicaci\u00f3n: 03\/11\/2023<\/p>\n<\/div>\n<\/div>\n\n\n<p><\/p>","protected":false},"excerpt":{"rendered":"<p>Gestiones en beneficio de la cultura en Per\u00fa. Cumpliendo con las normativas correspondientes, la Zona Arqueol\u00f3gica Caral (ZAC) &#8211; Unidad [&hellip;]<\/p>\n","protected":false},"author":1,"featured_media":17226,"comment_status":"closed","ping_status":"open","sticky":false,"template":"","format":"standard","meta":{"_acf_changed":false,"site-sidebar-layout":"default","site-content-layout":"","ast-site-content-layout":"default","site-content-style":"default","site-sidebar-style":"default","ast-global-header-display":"","ast-banner-title-visibility":"","ast-main-header-display":"","ast-hfb-above-header-display":"","ast-hfb-below-header-display":"","ast-hfb-mobile-header-display":"","site-post-title":"","ast-breadcrumbs-content":"","ast-featured-img":"","footer-sml-layout":"","ast-disable-related-posts":"","theme-transparent-header-meta":"","adv-header-id-meta":"","stick-header-meta":"","header-above-stick-meta":"","header-main-stick-meta":"","header-below-stick-meta":"","astra-migrate-meta-layouts":"default","ast-page-background-enabled":"default","ast-page-background-meta":{"desktop":{"background-color":"var(--ast-global-color-5)","background-image":"","background-repeat":"repeat","background-position":"center center","background-size":"auto","background-attachment":"scroll","background-type":"","background-media":"","overlay-type":"","overlay-color":"","overlay-opacity":"","overlay-gradient":""},"tablet":{"background-color":"","background-image":"","background-repeat":"repeat","background-position":"center center","background-size":"auto","background-attachment":"scroll","background-type":"","background-media":"","overlay-type":"","overlay-color":"","overlay-opacity":"","overlay-gradient":""},"mobile":{"background-color":"","background-image":"","background-repeat":"repeat","background-position":"center center","background-size":"auto","background-attachment":"scroll","background-type":"","background-media":"","overlay-type":"","overlay-color":"","overlay-opacity":"","overlay-gradient":""}},"ast-content-background-meta":{"desktop":{"background-color":"var(--ast-global-color-4)","background-image":"","background-repeat":"repeat","background-position":"center center","background-size":"auto","background-attachment":"scroll","background-type":"","background-media":"","overlay-type":"","overlay-color":"","overlay-opacity":"","overlay-gradient":""},"tablet":{"background-color":"var(--ast-global-color-4)","background-image":"","background-repeat":"repeat","background-position":"center center","background-size":"auto","background-attachment":"scroll","background-type":"","background-media":"","overlay-type":"","overlay-color":"","overlay-opacity":"","overlay-gradient":""},"mobile":{"background-color":"var(--ast-global-color-4)","background-image":"","background-repeat":"repeat","background-position":"center center","background-size":"auto","background-attachment":"scroll","background-type":"","background-media":"","overlay-type":"","overlay-color":"","overlay-opacity":"","overlay-gradient":""}},"footnotes":""},"categories":[208],"tags":[55,72],"class_list":["post-17225","post","type-post","status-publish","format-standard","has-post-thumbnail","hentry","category-noticias","tag-caral","tag-cultura"],"acf":[],"yoast_head":"<!-- This site is optimized with the Yoast SEO plugin v27.3 - https:\/\/yoast.com\/product\/yoast-seo-wordpress\/ -->\n<title>Zona Arqueol\u00f3gica Caral se reuni\u00f3 con OCI, COEN y COES para informar acciones ante fen\u00f3meno de El Ni\u00f1o<\/title>\n<meta name=\"description\" content=\"Cumpliendo con las normativas correspondientes, la Zona Arqueol\u00f3gica Caral (ZAC) - Unidad Ejecutora 003, se ha reunido con representantes del \u00d3rgano de Control Interno (OCI) del Ministerio de Cultura;\u00a0 representantes del Centro de Operaciones de Emergencia Nacional (COEN) y representantes del Centro de Operaciones de Emergencia del Sector Cultura (COES), para brindar la informaci\u00f3n detallada del avance de las gestiones que se realizan, en los doce centros urbanos de la Civilizaci\u00f3n Caral, ante la llegada del fen\u00f3meno de El Ni\u00f1o (FEN).\" \/>\n<meta name=\"robots\" content=\"index, follow, max-snippet:-1, max-image-preview:large, max-video-preview:-1\" \/>\n<link rel=\"canonical\" href=\"https:\/\/zonacaral.gob.pe\/en\/noticias\/zona-arqueologica-caral-se-reunio-con-oci-coen-y-coes-para-informar-acciones-ante-fenomeno-de-el-nino\/\" \/>\n<meta property=\"og:locale\" content=\"en_US\" \/>\n<meta property=\"og:type\" content=\"article\" \/>\n<meta property=\"og:title\" content=\"Zona Arqueol\u00f3gica Caral se reuni\u00f3 con OCI, COEN y COES para informar acciones ante fen\u00f3meno de El Ni\u00f1o\" \/>\n<meta property=\"og:description\" content=\"Cumpliendo con las normativas correspondientes, la Zona Arqueol\u00f3gica Caral (ZAC) - Unidad Ejecutora 003, se ha reunido con representantes del \u00d3rgano de Control Interno (OCI) del Ministerio de Cultura;\u00a0 representantes del Centro de Operaciones de Emergencia Nacional (COEN) y representantes del Centro de Operaciones de Emergencia del Sector Cultura (COES), para brindar la informaci\u00f3n detallada del avance de las gestiones que se realizan, en los doce centros urbanos de la Civilizaci\u00f3n Caral, ante la llegada del fen\u00f3meno de El Ni\u00f1o (FEN).\" \/>\n<meta property=\"og:url\" content=\"https:\/\/zonacaral.gob.pe\/en\/noticias\/zona-arqueologica-caral-se-reunio-con-oci-coen-y-coes-para-informar-acciones-ante-fenomeno-de-el-nino\/\" \/>\n<meta property=\"og:site_name\" content=\"Zona Caral\" \/>\n<meta property=\"article:published_time\" content=\"2023-11-03T22:04:46+00:00\" \/>\n<meta property=\"og:image\" content=\"https:\/\/zonacaral.gob.pe\/wp-content\/uploads\/2023\/11\/reunion-fenomeno-nino.png\" \/>\n\t<meta property=\"og:image:width\" content=\"1000\" \/>\n\t<meta property=\"og:image:height\" content=\"600\" \/>\n\t<meta property=\"og:image:type\" content=\"image\/png\" \/>\n<meta name=\"author\" content=\"Zona Caral Administrador\" \/>\n<meta name=\"twitter:card\" content=\"summary_large_image\" \/>\n<meta name=\"twitter:label1\" content=\"Written by\" \/>\n\t<meta name=\"twitter:data1\" content=\"Zona Caral Administrador\" \/>\n\t<meta name=\"twitter:label2\" content=\"Est. reading time\" \/>\n\t<meta name=\"twitter:data2\" content=\"2 minutes\" \/>\n<script type=\"application\/ld+json\" class=\"yoast-schema-graph\">{\"@context\":\"https:\\\/\\\/schema.org\",\"@graph\":[{\"@type\":\"Article\",\"@id\":\"https:\\\/\\\/zonacaral.gob.pe\\\/es\\\/noticias\\\/zona-arqueologica-caral-se-reunio-con-oci-coen-y-coes-para-informar-acciones-ante-fenomeno-de-el-nino\\\/#article\",\"isPartOf\":{\"@id\":\"https:\\\/\\\/zonacaral.gob.pe\\\/es\\\/noticias\\\/zona-arqueologica-caral-se-reunio-con-oci-coen-y-coes-para-informar-acciones-ante-fenomeno-de-el-nino\\\/\"},\"author\":{\"name\":\"Zona Caral Administrador\",\"@id\":\"https:\\\/\\\/zonacaral.gob.pe\\\/es\\\/#\\\/schema\\\/person\\\/beddb4d22f71a7230c5b90913270a0ee\"},\"headline\":\"Zona Arqueol\u00f3gica Caral se reuni\u00f3 con OCI, COEN y COES para informar acciones ante fen\u00f3meno de El Ni\u00f1o\",\"datePublished\":\"2023-11-03T22:04:46+00:00\",\"mainEntityOfPage\":{\"@id\":\"https:\\\/\\\/zonacaral.gob.pe\\\/es\\\/noticias\\\/zona-arqueologica-caral-se-reunio-con-oci-coen-y-coes-para-informar-acciones-ante-fenomeno-de-el-nino\\\/\"},\"wordCount\":396,\"image\":{\"@id\":\"https:\\\/\\\/zonacaral.gob.pe\\\/es\\\/noticias\\\/zona-arqueologica-caral-se-reunio-con-oci-coen-y-coes-para-informar-acciones-ante-fenomeno-de-el-nino\\\/#primaryimage\"},\"thumbnailUrl\":\"https:\\\/\\\/zonacaral.gob.pe\\\/wp-content\\\/uploads\\\/2023\\\/11\\\/reunion-fenomeno-nino.png\",\"keywords\":[\"caral\",\"Cultura\"],\"articleSection\":[\"noticias\"],\"inLanguage\":\"en-US\"},{\"@type\":\"WebPage\",\"@id\":\"https:\\\/\\\/zonacaral.gob.pe\\\/es\\\/noticias\\\/zona-arqueologica-caral-se-reunio-con-oci-coen-y-coes-para-informar-acciones-ante-fenomeno-de-el-nino\\\/\",\"url\":\"https:\\\/\\\/zonacaral.gob.pe\\\/es\\\/noticias\\\/zona-arqueologica-caral-se-reunio-con-oci-coen-y-coes-para-informar-acciones-ante-fenomeno-de-el-nino\\\/\",\"name\":\"Zona Arqueol\u00f3gica Caral se reuni\u00f3 con OCI, COEN y COES para informar acciones ante fen\u00f3meno de El Ni\u00f1o\",\"isPartOf\":{\"@id\":\"https:\\\/\\\/zonacaral.gob.pe\\\/es\\\/#website\"},\"primaryImageOfPage\":{\"@id\":\"https:\\\/\\\/zonacaral.gob.pe\\\/es\\\/noticias\\\/zona-arqueologica-caral-se-reunio-con-oci-coen-y-coes-para-informar-acciones-ante-fenomeno-de-el-nino\\\/#primaryimage\"},\"image\":{\"@id\":\"https:\\\/\\\/zonacaral.gob.pe\\\/es\\\/noticias\\\/zona-arqueologica-caral-se-reunio-con-oci-coen-y-coes-para-informar-acciones-ante-fenomeno-de-el-nino\\\/#primaryimage\"},\"thumbnailUrl\":\"https:\\\/\\\/zonacaral.gob.pe\\\/wp-content\\\/uploads\\\/2023\\\/11\\\/reunion-fenomeno-nino.png\",\"datePublished\":\"2023-11-03T22:04:46+00:00\",\"author\":{\"@id\":\"https:\\\/\\\/zonacaral.gob.pe\\\/es\\\/#\\\/schema\\\/person\\\/beddb4d22f71a7230c5b90913270a0ee\"},\"description\":\"Cumpliendo con las normativas correspondientes, la Zona Arqueol\u00f3gica Caral (ZAC) - Unidad Ejecutora 003, se ha reunido con representantes del \u00d3rgano de Control Interno (OCI) del Ministerio de Cultura;\u00a0 representantes del Centro de Operaciones de Emergencia Nacional (COEN) y representantes del Centro de Operaciones de Emergencia del Sector Cultura (COES), para brindar la informaci\u00f3n detallada del avance de las gestiones que se realizan, en los doce centros urbanos de la Civilizaci\u00f3n Caral, ante la llegada del fen\u00f3meno de El Ni\u00f1o (FEN).\",\"breadcrumb\":{\"@id\":\"https:\\\/\\\/zonacaral.gob.pe\\\/es\\\/noticias\\\/zona-arqueologica-caral-se-reunio-con-oci-coen-y-coes-para-informar-acciones-ante-fenomeno-de-el-nino\\\/#breadcrumb\"},\"inLanguage\":\"en-US\",\"potentialAction\":[{\"@type\":\"ReadAction\",\"target\":[\"https:\\\/\\\/zonacaral.gob.pe\\\/es\\\/noticias\\\/zona-arqueologica-caral-se-reunio-con-oci-coen-y-coes-para-informar-acciones-ante-fenomeno-de-el-nino\\\/\"]}]},{\"@type\":\"ImageObject\",\"inLanguage\":\"en-US\",\"@id\":\"https:\\\/\\\/zonacaral.gob.pe\\\/es\\\/noticias\\\/zona-arqueologica-caral-se-reunio-con-oci-coen-y-coes-para-informar-acciones-ante-fenomeno-de-el-nino\\\/#primaryimage\",\"url\":\"https:\\\/\\\/zonacaral.gob.pe\\\/wp-content\\\/uploads\\\/2023\\\/11\\\/reunion-fenomeno-nino.png\",\"contentUrl\":\"https:\\\/\\\/zonacaral.gob.pe\\\/wp-content\\\/uploads\\\/2023\\\/11\\\/reunion-fenomeno-nino.png\",\"width\":1000,\"height\":600},{\"@type\":\"BreadcrumbList\",\"@id\":\"https:\\\/\\\/zonacaral.gob.pe\\\/es\\\/noticias\\\/zona-arqueologica-caral-se-reunio-con-oci-coen-y-coes-para-informar-acciones-ante-fenomeno-de-el-nino\\\/#breadcrumb\",\"itemListElement\":[{\"@type\":\"ListItem\",\"position\":1,\"name\":\"Portada\",\"item\":\"https:\\\/\\\/zonacaral.gob.pe\\\/\"},{\"@type\":\"ListItem\",\"position\":2,\"name\":\"Zona Arqueol\u00f3gica Caral se reuni\u00f3 con OCI, COEN y COES para informar acciones ante fen\u00f3meno de El Ni\u00f1o\"}]},{\"@type\":\"WebSite\",\"@id\":\"https:\\\/\\\/zonacaral.gob.pe\\\/es\\\/#website\",\"url\":\"https:\\\/\\\/zonacaral.gob.pe\\\/es\\\/\",\"name\":\"Zona Caral\",\"description\":\"Investigamos, conservamos y difundimos el patrimonio cultural de la Civilizaci\u00f3n Caral, la m\u00e1s antigua de Am\u00e9rica.\",\"potentialAction\":[{\"@type\":\"SearchAction\",\"target\":{\"@type\":\"EntryPoint\",\"urlTemplate\":\"https:\\\/\\\/zonacaral.gob.pe\\\/es\\\/?s={search_term_string}\"},\"query-input\":{\"@type\":\"PropertyValueSpecification\",\"valueRequired\":true,\"valueName\":\"search_term_string\"}}],\"inLanguage\":\"en-US\"},{\"@type\":\"Person\",\"@id\":\"https:\\\/\\\/zonacaral.gob.pe\\\/es\\\/#\\\/schema\\\/person\\\/beddb4d22f71a7230c5b90913270a0ee\",\"name\":\"Zona Caral Administrador\",\"image\":{\"@type\":\"ImageObject\",\"inLanguage\":\"en-US\",\"@id\":\"https:\\\/\\\/secure.gravatar.com\\\/avatar\\\/e4be162918a696358376de6446614e0f0f4062bdc5d170d6d540ada3d8b58c12?s=96&d=mm&r=g\",\"url\":\"https:\\\/\\\/secure.gravatar.com\\\/avatar\\\/e4be162918a696358376de6446614e0f0f4062bdc5d170d6d540ada3d8b58c12?s=96&d=mm&r=g\",\"contentUrl\":\"https:\\\/\\\/secure.gravatar.com\\\/avatar\\\/e4be162918a696358376de6446614e0f0f4062bdc5d170d6d540ada3d8b58c12?s=96&d=mm&r=g\",\"caption\":\"Zona Caral Administrador\"},\"sameAs\":[\"https:\\\/\\\/zonacaral.gob.pe\"],\"url\":\"https:\\\/\\\/zonacaral.gob.pe\\\/en\\\/noticias\\\/author\\\/ad_zonacaral\\\/\"}]}<\/script>\n<!-- \/ Yoast SEO plugin. -->","yoast_head_json":{"title":"Zona Arqueol\u00f3gica Caral se reuni\u00f3 con OCI, COEN y COES para informar acciones ante fen\u00f3meno de El Ni\u00f1o","description":"Cumpliendo con las normativas correspondientes, la Zona Arqueol\u00f3gica Caral (ZAC) - Unidad Ejecutora 003, se ha reunido con representantes del \u00d3rgano de Control Interno (OCI) del Ministerio de Cultura;\u00a0 representantes del Centro de Operaciones de Emergencia Nacional (COEN) y representantes del Centro de Operaciones de Emergencia del Sector Cultura (COES), para brindar la informaci\u00f3n detallada del avance de las gestiones que se realizan, en los doce centros urbanos de la Civilizaci\u00f3n Caral, ante la llegada del fen\u00f3meno de El Ni\u00f1o (FEN).","robots":{"index":"index","follow":"follow","max-snippet":"max-snippet:-1","max-image-preview":"max-image-preview:large","max-video-preview":"max-video-preview:-1"},"canonical":"https:\/\/zonacaral.gob.pe\/en\/noticias\/zona-arqueologica-caral-se-reunio-con-oci-coen-y-coes-para-informar-acciones-ante-fenomeno-de-el-nino\/","og_locale":"en_US","og_type":"article","og_title":"Zona Arqueol\u00f3gica Caral se reuni\u00f3 con OCI, COEN y COES para informar acciones ante fen\u00f3meno de El Ni\u00f1o","og_description":"Cumpliendo con las normativas correspondientes, la Zona Arqueol\u00f3gica Caral (ZAC) - Unidad Ejecutora 003, se ha reunido con representantes del \u00d3rgano de Control Interno (OCI) del Ministerio de Cultura;\u00a0 representantes del Centro de Operaciones de Emergencia Nacional (COEN) y representantes del Centro de Operaciones de Emergencia del Sector Cultura (COES), para brindar la informaci\u00f3n detallada del avance de las gestiones que se realizan, en los doce centros urbanos de la Civilizaci\u00f3n Caral, ante la llegada del fen\u00f3meno de El Ni\u00f1o (FEN).","og_url":"https:\/\/zonacaral.gob.pe\/en\/noticias\/zona-arqueologica-caral-se-reunio-con-oci-coen-y-coes-para-informar-acciones-ante-fenomeno-de-el-nino\/","og_site_name":"Zona Caral","article_published_time":"2023-11-03T22:04:46+00:00","og_image":[{"width":1000,"height":600,"url":"https:\/\/zonacaral.gob.pe\/wp-content\/uploads\/2023\/11\/reunion-fenomeno-nino.png","type":"image\/png"}],"author":"Zona Caral Administrador","twitter_card":"summary_large_image","twitter_misc":{"Written by":"Zona Caral Administrador","Est. reading time":"2 minutes"},"schema":{"@context":"https:\/\/schema.org","@graph":[{"@type":"Article","@id":"https:\/\/zonacaral.gob.pe\/es\/noticias\/zona-arqueologica-caral-se-reunio-con-oci-coen-y-coes-para-informar-acciones-ante-fenomeno-de-el-nino\/#article","isPartOf":{"@id":"https:\/\/zonacaral.gob.pe\/es\/noticias\/zona-arqueologica-caral-se-reunio-con-oci-coen-y-coes-para-informar-acciones-ante-fenomeno-de-el-nino\/"},"author":{"name":"Zona Caral Administrador","@id":"https:\/\/zonacaral.gob.pe\/es\/#\/schema\/person\/beddb4d22f71a7230c5b90913270a0ee"},"headline":"Zona Arqueol\u00f3gica Caral se reuni\u00f3 con OCI, COEN y COES para informar acciones ante fen\u00f3meno de El Ni\u00f1o","datePublished":"2023-11-03T22:04:46+00:00","mainEntityOfPage":{"@id":"https:\/\/zonacaral.gob.pe\/es\/noticias\/zona-arqueologica-caral-se-reunio-con-oci-coen-y-coes-para-informar-acciones-ante-fenomeno-de-el-nino\/"},"wordCount":396,"image":{"@id":"https:\/\/zonacaral.gob.pe\/es\/noticias\/zona-arqueologica-caral-se-reunio-con-oci-coen-y-coes-para-informar-acciones-ante-fenomeno-de-el-nino\/#primaryimage"},"thumbnailUrl":"https:\/\/zonacaral.gob.pe\/wp-content\/uploads\/2023\/11\/reunion-fenomeno-nino.png","keywords":["caral","Cultura"],"articleSection":["noticias"],"inLanguage":"en-US"},{"@type":"WebPage","@id":"https:\/\/zonacaral.gob.pe\/es\/noticias\/zona-arqueologica-caral-se-reunio-con-oci-coen-y-coes-para-informar-acciones-ante-fenomeno-de-el-nino\/","url":"https:\/\/zonacaral.gob.pe\/es\/noticias\/zona-arqueologica-caral-se-reunio-con-oci-coen-y-coes-para-informar-acciones-ante-fenomeno-de-el-nino\/","name":"Zona Arqueol\u00f3gica Caral se reuni\u00f3 con OCI, COEN y COES para informar acciones ante fen\u00f3meno de El Ni\u00f1o","isPartOf":{"@id":"https:\/\/zonacaral.gob.pe\/es\/#website"},"primaryImageOfPage":{"@id":"https:\/\/zonacaral.gob.pe\/es\/noticias\/zona-arqueologica-caral-se-reunio-con-oci-coen-y-coes-para-informar-acciones-ante-fenomeno-de-el-nino\/#primaryimage"},"image":{"@id":"https:\/\/zonacaral.gob.pe\/es\/noticias\/zona-arqueologica-caral-se-reunio-con-oci-coen-y-coes-para-informar-acciones-ante-fenomeno-de-el-nino\/#primaryimage"},"thumbnailUrl":"https:\/\/zonacaral.gob.pe\/wp-content\/uploads\/2023\/11\/reunion-fenomeno-nino.png","datePublished":"2023-11-03T22:04:46+00:00","author":{"@id":"https:\/\/zonacaral.gob.pe\/es\/#\/schema\/person\/beddb4d22f71a7230c5b90913270a0ee"},"description":"Cumpliendo con las normativas correspondientes, la Zona Arqueol\u00f3gica Caral (ZAC) - Unidad Ejecutora 003, se ha reunido con representantes del \u00d3rgano de Control Interno (OCI) del Ministerio de Cultura;\u00a0 representantes del Centro de Operaciones de Emergencia Nacional (COEN) y representantes del Centro de Operaciones de Emergencia del Sector Cultura (COES), para brindar la informaci\u00f3n detallada del avance de las gestiones que se realizan, en los doce centros urbanos de la Civilizaci\u00f3n Caral, ante la llegada del fen\u00f3meno de El Ni\u00f1o (FEN).","breadcrumb":{"@id":"https:\/\/zonacaral.gob.pe\/es\/noticias\/zona-arqueologica-caral-se-reunio-con-oci-coen-y-coes-para-informar-acciones-ante-fenomeno-de-el-nino\/#breadcrumb"},"inLanguage":"en-US","potentialAction":[{"@type":"ReadAction","target":["https:\/\/zonacaral.gob.pe\/es\/noticias\/zona-arqueologica-caral-se-reunio-con-oci-coen-y-coes-para-informar-acciones-ante-fenomeno-de-el-nino\/"]}]},{"@type":"ImageObject","inLanguage":"en-US","@id":"https:\/\/zonacaral.gob.pe\/es\/noticias\/zona-arqueologica-caral-se-reunio-con-oci-coen-y-coes-para-informar-acciones-ante-fenomeno-de-el-nino\/#primaryimage","url":"https:\/\/zonacaral.gob.pe\/wp-content\/uploads\/2023\/11\/reunion-fenomeno-nino.png","contentUrl":"https:\/\/zonacaral.gob.pe\/wp-content\/uploads\/2023\/11\/reunion-fenomeno-nino.png","width":1000,"height":600},{"@type":"BreadcrumbList","@id":"https:\/\/zonacaral.gob.pe\/es\/noticias\/zona-arqueologica-caral-se-reunio-con-oci-coen-y-coes-para-informar-acciones-ante-fenomeno-de-el-nino\/#breadcrumb","itemListElement":[{"@type":"ListItem","position":1,"name":"Portada","item":"https:\/\/zonacaral.gob.pe\/"},{"@type":"ListItem","position":2,"name":"Zona Arqueol\u00f3gica Caral se reuni\u00f3 con OCI, COEN y COES para informar acciones ante fen\u00f3meno de El Ni\u00f1o"}]},{"@type":"WebSite","@id":"https:\/\/zonacaral.gob.pe\/es\/#website","url":"https:\/\/zonacaral.gob.pe\/es\/","name":"Zona Caral","description":"Investigamos, conservamos y difundimos el patrimonio cultural de la Civilizaci\u00f3n Caral, la m\u00e1s antigua de Am\u00e9rica.","potentialAction":[{"@type":"SearchAction","target":{"@type":"EntryPoint","urlTemplate":"https:\/\/zonacaral.gob.pe\/es\/?s={search_term_string}"},"query-input":{"@type":"PropertyValueSpecification","valueRequired":true,"valueName":"search_term_string"}}],"inLanguage":"en-US"},{"@type":"Person","@id":"https:\/\/zonacaral.gob.pe\/es\/#\/schema\/person\/beddb4d22f71a7230c5b90913270a0ee","name":"Zona Caral Administrador","image":{"@type":"ImageObject","inLanguage":"en-US","@id":"https:\/\/secure.gravatar.com\/avatar\/e4be162918a696358376de6446614e0f0f4062bdc5d170d6d540ada3d8b58c12?s=96&d=mm&r=g","url":"https:\/\/secure.gravatar.com\/avatar\/e4be162918a696358376de6446614e0f0f4062bdc5d170d6d540ada3d8b58c12?s=96&d=mm&r=g","contentUrl":"https:\/\/secure.gravatar.com\/avatar\/e4be162918a696358376de6446614e0f0f4062bdc5d170d6d540ada3d8b58c12?s=96&d=mm&r=g","caption":"Zona Caral Administrador"},"sameAs":["https:\/\/zonacaral.gob.pe"],"url":"https:\/\/zonacaral.gob.pe\/en\/noticias\/author\/ad_zonacaral\/"}]}},"_links":{"self":[{"href":"https:\/\/zonacaral.gob.pe\/en\/wp-json\/wp\/v2\/posts\/17225","targetHints":{"allow":["GET"]}}],"collection":[{"href":"https:\/\/zonacaral.gob.pe\/en\/wp-json\/wp\/v2\/posts"}],"about":[{"href":"https:\/\/zonacaral.gob.pe\/en\/wp-json\/wp\/v2\/types\/post"}],"author":[{"embeddable":true,"href":"https:\/\/zonacaral.gob.pe\/en\/wp-json\/wp\/v2\/users\/1"}],"replies":[{"embeddable":true,"href":"https:\/\/zonacaral.gob.pe\/en\/wp-json\/wp\/v2\/comments?post=17225"}],"version-history":[{"count":0,"href":"https:\/\/zonacaral.gob.pe\/en\/wp-json\/wp\/v2\/posts\/17225\/revisions"}],"wp:featuredmedia":[{"embeddable":true,"href":"https:\/\/zonacaral.gob.pe\/en\/wp-json\/wp\/v2\/media\/17226"}],"wp:attachment":[{"href":"https:\/\/zonacaral.gob.pe\/en\/wp-json\/wp\/v2\/media?parent=17225"}],"wp:term":[{"taxonomy":"category","embeddable":true,"href":"https:\/\/zonacaral.gob.pe\/en\/wp-json\/wp\/v2\/categories?post=17225"},{"taxonomy":"post_tag","embeddable":true,"href":"https:\/\/zonacaral.gob.pe\/en\/wp-json\/wp\/v2\/tags?post=17225"}],"curies":[{"name":"wp","href":"https:\/\/api.w.org\/{rel}","templated":true}]}}