{"id":17236,"date":"2023-11-27T15:35:02","date_gmt":"2023-11-27T20:35:02","guid":{"rendered":"https:\/\/www.zonacaral.gob.pe\/?p=17236"},"modified":"2023-11-27T15:35:02","modified_gmt":"2023-11-27T20:35:02","slug":"interpretes-del-patrimonio-cultural-de-la-civilizacion-caral-participaron-de-capacitacion-realizada-por-la-municipalidad-provincial-de-barranca","status":"publish","type":"post","link":"https:\/\/zonacaral.gob.pe\/en\/noticias\/interpretes-del-patrimonio-cultural-de-la-civilizacion-caral-participaron-de-capacitacion-realizada-por-la-municipalidad-provincial-de-barranca\/","title":{"rendered":"Int\u00e9rpretes del patrimonio cultural de la civilizaci\u00f3n Caral participaron de capacitaci\u00f3n realizada por la Municipalidad Provincial de Barranca"},"content":{"rendered":"<figure class=\"pic-autor\" style=\"color: #4d4d4d; text-align: justify;\"><\/figure>\n<div class=\"gmail_default\" style=\"text-align: justify;\">\n<blockquote>\n<p><i><span style=\"font-weight: 400;\">Los participantes que fortalecieron sus capacidades vienen prestando servicios en los sitios arqueol\u00f3gicos Ciudad Sagrada de Caral y \u00c1spero.<\/span><\/i><\/p>\n<\/blockquote>\n<p><span style=\"font-weight: 400;\">La <\/span><a href=\"https:\/\/t.me\/Caral_Peru\"><span style=\"font-weight: 400;\">Zona Arqueol\u00f3gica Caral<\/span><\/a><span style=\"font-weight: 400;\"> (ZAC), Unidad Ejecutora 003 del Ministerio de Cultura del Per\u00fa, en simult\u00e1neo con los trabajos de investigaci\u00f3n y conservaci\u00f3n que desarrolla, tambi\u00e9n realiza actividades para la difusi\u00f3n de los valores hist\u00f3ricos y culturales de la civilizaci\u00f3n Caral, y sobre todo, involucra a la sociedad civil y a las autoridades locales, provinciales y regionales en la preservaci\u00f3n y disfrute del patrimonio arqueol\u00f3gico, en beneficio de las generaciones actuales y futuras.<\/span><\/p>\n<p><span style=\"font-weight: 400;\">Es por ello que, en coordinaci\u00f3n con la Municipalidad Provincial de Barranca, se organiz\u00f3 la charla: <\/span><b>\u00abAtenci\u00f3n de visitantes con discapacidad y\/o habilidades especiales\u00bb<\/b><span style=\"font-weight: 400;\">, dirigida a los Int\u00e9rpretes Culturales Locales de la provincia de Barranca, que diariamente asisten a los sitios arqueol\u00f3gicos <\/span><a href=\"https:\/\/www.zonacaral.gob.pe\/ruta-caral\/ciudad-sagrada-de-caral.html\"><span style=\"font-weight: 400;\">Sacred City of Caral<\/span><\/a><span style=\"font-weight: 400;\">, Patrimonio Mundial, y <\/span><a href=\"https:\/\/www.zonacaral.gob.pe\/ruta-caral\/aspero.html\"><span style=\"font-weight: 400;\">\u00c1spero<\/span><\/a><span style=\"font-weight: 400;\">, Ciudad Pesquera de la civilizaci\u00f3n Caral. La capacitaci\u00f3n fue realizada por la Oficina Municipal de Atenci\u00f3n a la Persona con Discapacidad de la Municipalidad Provincial de Barranca (OMAPED Barranca) y cont\u00f3 con la participaci\u00f3n de 21 pobladores del valle de Supe y del distrito de Supe Puerto. Se realiz\u00f3 en las instalaciones del Centro de Recepci\u00f3n del sitio arqueol\u00f3gico \u00c1spero, el pasado jueves 16 de noviembre.<\/span><\/p>\n<p><span style=\"font-weight: 400;\">A trav\u00e9s de la capacitaci\u00f3n, se fortalecieron y ampliaron los conocimientos que los participantes han venido adquiriendo en base a sus propias experiencias en la atenci\u00f3n de personas con movilidad reducida y otras necesidades, a fin de facilitar su participaci\u00f3n y puedan acceder en igualdad de condiciones al circuito de visitantes. Asimismo, se abord\u00f3 c\u00f3mo adecuar los di\u00e1logos y recorridos analizando la movilidad de los visitantes en relaci\u00f3n a la geograf\u00eda de cada sitio arqueol\u00f3gico. El personal de la OMAPED Barranca, liderado por la psic\u00f3loga Mar\u00eda P\u00eda Mej\u00eda Cordero y el se\u00f1or la Junior Tamara Olortigue, estuvo acompa\u00f1ado por la se\u00f1orita Xiomi Quijandr\u00eda, sub coordinadora de Patrimonio Cultural de la Municipalidad Provincial de Barranca.<\/span><\/p>\n<p><span style=\"font-weight: 400;\">Por \u00faltimo, qued\u00f3 abierta la posibilidad de seguir sumando esfuerzos con la Municipalidad Provincial de Barranca para la inclusi\u00f3n de las personas con discapacidad, mediante nuevas&nbsp; capacitaciones al personal de la <\/span><a href=\"https:\/\/www.instagram.com\/caralperu\/?hl=es\"><span style=\"font-weight: 400;\">Zona Arqueol\u00f3gica Caral<\/span><\/a><span style=\"font-weight: 400;\">, a los integrantes de la asociaci\u00f3n Puntapaj y, tambi\u00e9n, mediante la programaci\u00f3n de visitas a los sitios arqueol\u00f3gicos \u00c1spero y Ciudad Sagrada de Caral, Patrimonio Mundial, exclusivamente organizadas para personas con discapacidad.<\/span><\/p>\n<p><b>Dato<\/b><\/p>\n<p><span style=\"font-weight: 400;\">Es importante destacar que toda la actividad tur\u00edstica en la <\/span><a href=\"https:\/\/zonacaral.gob.pe\/en\/gestion-y-proteccion-de-sitios-arqueologicos\/patrimonio-mundial\/#:~:text=La%20Ciudad%20Sagrada%20de%20Caral,30%20de%20junio%20de%202009.\"><span style=\"font-weight: 400;\">Ciudad Sagrada de Caral, Patrimonio Mundial<\/span><\/a><span style=\"font-weight: 400;\">, se realiza en concordancia con la Carta Internacional sobre Turismo Cultural (ICOMOS, 1999), y toma en consideraci\u00f3n las recomendaciones y sugerencias del documento Gesti\u00f3n del turismo en sitios del patrimonio mundial: manual pr\u00e1ctico para administradores de sitios del Patrimonio Mundial. &nbsp; <\/span><\/p>\n<p><span style=\"color: #850707;\"><strong style=\"font-size: inherit; text-align: justify;\">Fuente: Comunicaci\u00f3n e Imagen Institucional ZAC<\/strong><\/span><\/p>\n<\/div>\n<div style=\"color: #1f1f1f;\">\n<div style=\"color: #1f1f1f;\">\n<p style=\"text-align: justify;\">Fecha de publicaci\u00f3n: 27\/11\/2023<\/p>\n<\/div>\n<\/div>\n\n\n<p><\/p>","protected":false},"excerpt":{"rendered":"<p>Los participantes que fortalecieron sus capacidades vienen prestando servicios en los sitios arqueol\u00f3gicos Ciudad Sagrada de Caral y \u00c1spero. La [&hellip;]<\/p>\n","protected":false},"author":1,"featured_media":17237,"comment_status":"closed","ping_status":"open","sticky":false,"template":"","format":"standard","meta":{"_acf_changed":false,"site-sidebar-layout":"default","site-content-layout":"","ast-site-content-layout":"default","site-content-style":"default","site-sidebar-style":"default","ast-global-header-display":"","ast-banner-title-visibility":"","ast-main-header-display":"","ast-hfb-above-header-display":"","ast-hfb-below-header-display":"","ast-hfb-mobile-header-display":"","site-post-title":"","ast-breadcrumbs-content":"","ast-featured-img":"","footer-sml-layout":"","ast-disable-related-posts":"","theme-transparent-header-meta":"","adv-header-id-meta":"","stick-header-meta":"","header-above-stick-meta":"","header-main-stick-meta":"","header-below-stick-meta":"","astra-migrate-meta-layouts":"default","ast-page-background-enabled":"default","ast-page-background-meta":{"desktop":{"background-color":"var(--ast-global-color-5)","background-image":"","background-repeat":"repeat","background-position":"center center","background-size":"auto","background-attachment":"scroll","background-type":"","background-media":"","overlay-type":"","overlay-color":"","overlay-opacity":"","overlay-gradient":""},"tablet":{"background-color":"","background-image":"","background-repeat":"repeat","background-position":"center center","background-size":"auto","background-attachment":"scroll","background-type":"","background-media":"","overlay-type":"","overlay-color":"","overlay-opacity":"","overlay-gradient":""},"mobile":{"background-color":"","background-image":"","background-repeat":"repeat","background-position":"center center","background-size":"auto","background-attachment":"scroll","background-type":"","background-media":"","overlay-type":"","overlay-color":"","overlay-opacity":"","overlay-gradient":""}},"ast-content-background-meta":{"desktop":{"background-color":"var(--ast-global-color-4)","background-image":"","background-repeat":"repeat","background-position":"center center","background-size":"auto","background-attachment":"scroll","background-type":"","background-media":"","overlay-type":"","overlay-color":"","overlay-opacity":"","overlay-gradient":""},"tablet":{"background-color":"var(--ast-global-color-4)","background-image":"","background-repeat":"repeat","background-position":"center center","background-size":"auto","background-attachment":"scroll","background-type":"","background-media":"","overlay-type":"","overlay-color":"","overlay-opacity":"","overlay-gradient":""},"mobile":{"background-color":"var(--ast-global-color-4)","background-image":"","background-repeat":"repeat","background-position":"center center","background-size":"auto","background-attachment":"scroll","background-type":"","background-media":"","overlay-type":"","overlay-color":"","overlay-opacity":"","overlay-gradient":""}},"footnotes":""},"categories":[208],"tags":[55,72],"class_list":["post-17236","post","type-post","status-publish","format-standard","has-post-thumbnail","hentry","category-noticias","tag-caral","tag-cultura"],"acf":[],"yoast_head":"<!-- This site is optimized with the Yoast SEO plugin v27.3 - https:\/\/yoast.com\/product\/yoast-seo-wordpress\/ -->\n<title>Int\u00e9rpretes del patrimonio cultural de la civilizaci\u00f3n Caral participaron de capacitaci\u00f3n realizada por la Municipalidad Provincial de Barranca<\/title>\n<meta name=\"description\" content=\"La Zona Arqueol\u00f3gica Caral (ZAC), Unidad Ejecutora 003 del Ministerio de Cultura del Per\u00fa, en simult\u00e1neo con los trabajos de investigaci\u00f3n y conservaci\u00f3n que desarrolla, tambi\u00e9n realiza actividades para la difusi\u00f3n de los valores hist\u00f3ricos y culturales de la civilizaci\u00f3n Caral, y sobre todo, involucra a la sociedad civil y a las autoridades locales, provinciales y regionales en la preservaci\u00f3n y disfrute del patrimonio arqueol\u00f3gico, en beneficio de las generaciones actuales y futuras.La Ciudad Sagrada de Caral, Patrimonio Mundial y principal centro urbano de la civilizaci\u00f3n Caral (3000 \u2013 1800 a. C.), ha sido reconocida por el Ministerio de Comercio Exterior y Turismo (MINCETUR) con la m\u00e1xima distinci\u00f3n que se entrega a los sitios tur\u00edsticos en el Per\u00fa: la Jerarqu\u00eda 4.\" \/>\n<meta name=\"robots\" content=\"index, follow, max-snippet:-1, max-image-preview:large, max-video-preview:-1\" \/>\n<link rel=\"canonical\" href=\"https:\/\/zonacaral.gob.pe\/en\/noticias\/interpretes-del-patrimonio-cultural-de-la-civilizacion-caral-participaron-de-capacitacion-realizada-por-la-municipalidad-provincial-de-barranca\/\" \/>\n<meta property=\"og:locale\" content=\"en_US\" \/>\n<meta property=\"og:type\" content=\"article\" \/>\n<meta property=\"og:title\" content=\"Int\u00e9rpretes del patrimonio cultural de la civilizaci\u00f3n Caral participaron de capacitaci\u00f3n realizada por la Municipalidad Provincial de Barranca\" \/>\n<meta property=\"og:description\" content=\"La Zona Arqueol\u00f3gica Caral (ZAC), Unidad Ejecutora 003 del Ministerio de Cultura del Per\u00fa, en simult\u00e1neo con los trabajos de investigaci\u00f3n y conservaci\u00f3n que desarrolla, tambi\u00e9n realiza actividades para la difusi\u00f3n de los valores hist\u00f3ricos y culturales de la civilizaci\u00f3n Caral, y sobre todo, involucra a la sociedad civil y a las autoridades locales, provinciales y regionales en la preservaci\u00f3n y disfrute del patrimonio arqueol\u00f3gico, en beneficio de las generaciones actuales y futuras.La Ciudad Sagrada de Caral, Patrimonio Mundial y principal centro urbano de la civilizaci\u00f3n Caral (3000 \u2013 1800 a. C.), ha sido reconocida por el Ministerio de Comercio Exterior y Turismo (MINCETUR) con la m\u00e1xima distinci\u00f3n que se entrega a los sitios tur\u00edsticos en el Per\u00fa: la Jerarqu\u00eda 4.\" \/>\n<meta property=\"og:url\" content=\"https:\/\/zonacaral.gob.pe\/en\/noticias\/interpretes-del-patrimonio-cultural-de-la-civilizacion-caral-participaron-de-capacitacion-realizada-por-la-municipalidad-provincial-de-barranca\/\" \/>\n<meta property=\"og:site_name\" content=\"Zona Caral\" \/>\n<meta property=\"article:published_time\" content=\"2023-11-27T20:35:02+00:00\" \/>\n<meta property=\"og:image\" content=\"https:\/\/zonacaral.gob.pe\/wp-content\/uploads\/2023\/11\/Capacitacion-IPC-1.jpg\" \/>\n\t<meta property=\"og:image:width\" content=\"1030\" \/>\n\t<meta property=\"og:image:height\" content=\"760\" \/>\n\t<meta property=\"og:image:type\" content=\"image\/jpeg\" \/>\n<meta name=\"author\" content=\"Zona Caral Administrador\" \/>\n<meta name=\"twitter:card\" content=\"summary_large_image\" \/>\n<meta name=\"twitter:label1\" content=\"Written by\" \/>\n\t<meta name=\"twitter:data1\" content=\"Zona Caral Administrador\" \/>\n\t<meta name=\"twitter:label2\" content=\"Est. reading time\" \/>\n\t<meta name=\"twitter:data2\" content=\"3 minutes\" \/>\n<script type=\"application\/ld+json\" class=\"yoast-schema-graph\">{\"@context\":\"https:\\\/\\\/schema.org\",\"@graph\":[{\"@type\":\"Article\",\"@id\":\"https:\\\/\\\/zonacaral.gob.pe\\\/es\\\/noticias\\\/interpretes-del-patrimonio-cultural-de-la-civilizacion-caral-participaron-de-capacitacion-realizada-por-la-municipalidad-provincial-de-barranca\\\/#article\",\"isPartOf\":{\"@id\":\"https:\\\/\\\/zonacaral.gob.pe\\\/es\\\/noticias\\\/interpretes-del-patrimonio-cultural-de-la-civilizacion-caral-participaron-de-capacitacion-realizada-por-la-municipalidad-provincial-de-barranca\\\/\"},\"author\":{\"name\":\"Zona Caral Administrador\",\"@id\":\"https:\\\/\\\/zonacaral.gob.pe\\\/es\\\/#\\\/schema\\\/person\\\/beddb4d22f71a7230c5b90913270a0ee\"},\"headline\":\"Int\u00e9rpretes del patrimonio cultural de la civilizaci\u00f3n Caral participaron de capacitaci\u00f3n realizada por la Municipalidad Provincial de Barranca\",\"datePublished\":\"2023-11-27T20:35:02+00:00\",\"mainEntityOfPage\":{\"@id\":\"https:\\\/\\\/zonacaral.gob.pe\\\/es\\\/noticias\\\/interpretes-del-patrimonio-cultural-de-la-civilizacion-caral-participaron-de-capacitacion-realizada-por-la-municipalidad-provincial-de-barranca\\\/\"},\"wordCount\":524,\"image\":{\"@id\":\"https:\\\/\\\/zonacaral.gob.pe\\\/es\\\/noticias\\\/interpretes-del-patrimonio-cultural-de-la-civilizacion-caral-participaron-de-capacitacion-realizada-por-la-municipalidad-provincial-de-barranca\\\/#primaryimage\"},\"thumbnailUrl\":\"https:\\\/\\\/zonacaral.gob.pe\\\/wp-content\\\/uploads\\\/2023\\\/11\\\/Capacitacion-IPC-1.jpg\",\"keywords\":[\"caral\",\"Cultura\"],\"articleSection\":[\"noticias\"],\"inLanguage\":\"en-US\"},{\"@type\":\"WebPage\",\"@id\":\"https:\\\/\\\/zonacaral.gob.pe\\\/es\\\/noticias\\\/interpretes-del-patrimonio-cultural-de-la-civilizacion-caral-participaron-de-capacitacion-realizada-por-la-municipalidad-provincial-de-barranca\\\/\",\"url\":\"https:\\\/\\\/zonacaral.gob.pe\\\/es\\\/noticias\\\/interpretes-del-patrimonio-cultural-de-la-civilizacion-caral-participaron-de-capacitacion-realizada-por-la-municipalidad-provincial-de-barranca\\\/\",\"name\":\"Int\u00e9rpretes del patrimonio cultural de la civilizaci\u00f3n Caral participaron de capacitaci\u00f3n realizada por la Municipalidad Provincial de Barranca\",\"isPartOf\":{\"@id\":\"https:\\\/\\\/zonacaral.gob.pe\\\/es\\\/#website\"},\"primaryImageOfPage\":{\"@id\":\"https:\\\/\\\/zonacaral.gob.pe\\\/es\\\/noticias\\\/interpretes-del-patrimonio-cultural-de-la-civilizacion-caral-participaron-de-capacitacion-realizada-por-la-municipalidad-provincial-de-barranca\\\/#primaryimage\"},\"image\":{\"@id\":\"https:\\\/\\\/zonacaral.gob.pe\\\/es\\\/noticias\\\/interpretes-del-patrimonio-cultural-de-la-civilizacion-caral-participaron-de-capacitacion-realizada-por-la-municipalidad-provincial-de-barranca\\\/#primaryimage\"},\"thumbnailUrl\":\"https:\\\/\\\/zonacaral.gob.pe\\\/wp-content\\\/uploads\\\/2023\\\/11\\\/Capacitacion-IPC-1.jpg\",\"datePublished\":\"2023-11-27T20:35:02+00:00\",\"author\":{\"@id\":\"https:\\\/\\\/zonacaral.gob.pe\\\/es\\\/#\\\/schema\\\/person\\\/beddb4d22f71a7230c5b90913270a0ee\"},\"description\":\"La Zona Arqueol\u00f3gica Caral (ZAC), Unidad Ejecutora 003 del Ministerio de Cultura del Per\u00fa, en simult\u00e1neo con los trabajos de investigaci\u00f3n y conservaci\u00f3n que desarrolla, tambi\u00e9n realiza actividades para la difusi\u00f3n de los valores hist\u00f3ricos y culturales de la civilizaci\u00f3n Caral, y sobre todo, involucra a la sociedad civil y a las autoridades locales, provinciales y regionales en la preservaci\u00f3n y disfrute del patrimonio arqueol\u00f3gico, en beneficio de las generaciones actuales y futuras.La Ciudad Sagrada de Caral, Patrimonio Mundial y principal centro urbano de la civilizaci\u00f3n Caral (3000 \u2013 1800 a. C.), ha sido reconocida por el Ministerio de Comercio Exterior y Turismo (MINCETUR) con la m\u00e1xima distinci\u00f3n que se entrega a los sitios tur\u00edsticos en el Per\u00fa: la Jerarqu\u00eda 4.\",\"breadcrumb\":{\"@id\":\"https:\\\/\\\/zonacaral.gob.pe\\\/es\\\/noticias\\\/interpretes-del-patrimonio-cultural-de-la-civilizacion-caral-participaron-de-capacitacion-realizada-por-la-municipalidad-provincial-de-barranca\\\/#breadcrumb\"},\"inLanguage\":\"en-US\",\"potentialAction\":[{\"@type\":\"ReadAction\",\"target\":[\"https:\\\/\\\/zonacaral.gob.pe\\\/es\\\/noticias\\\/interpretes-del-patrimonio-cultural-de-la-civilizacion-caral-participaron-de-capacitacion-realizada-por-la-municipalidad-provincial-de-barranca\\\/\"]}]},{\"@type\":\"ImageObject\",\"inLanguage\":\"en-US\",\"@id\":\"https:\\\/\\\/zonacaral.gob.pe\\\/es\\\/noticias\\\/interpretes-del-patrimonio-cultural-de-la-civilizacion-caral-participaron-de-capacitacion-realizada-por-la-municipalidad-provincial-de-barranca\\\/#primaryimage\",\"url\":\"https:\\\/\\\/zonacaral.gob.pe\\\/wp-content\\\/uploads\\\/2023\\\/11\\\/Capacitacion-IPC-1.jpg\",\"contentUrl\":\"https:\\\/\\\/zonacaral.gob.pe\\\/wp-content\\\/uploads\\\/2023\\\/11\\\/Capacitacion-IPC-1.jpg\",\"width\":1030,\"height\":760},{\"@type\":\"BreadcrumbList\",\"@id\":\"https:\\\/\\\/zonacaral.gob.pe\\\/es\\\/noticias\\\/interpretes-del-patrimonio-cultural-de-la-civilizacion-caral-participaron-de-capacitacion-realizada-por-la-municipalidad-provincial-de-barranca\\\/#breadcrumb\",\"itemListElement\":[{\"@type\":\"ListItem\",\"position\":1,\"name\":\"Portada\",\"item\":\"https:\\\/\\\/zonacaral.gob.pe\\\/\"},{\"@type\":\"ListItem\",\"position\":2,\"name\":\"Int\u00e9rpretes del patrimonio cultural de la civilizaci\u00f3n Caral participaron de capacitaci\u00f3n realizada por la Municipalidad Provincial de Barranca\"}]},{\"@type\":\"WebSite\",\"@id\":\"https:\\\/\\\/zonacaral.gob.pe\\\/es\\\/#website\",\"url\":\"https:\\\/\\\/zonacaral.gob.pe\\\/es\\\/\",\"name\":\"Zona Caral\",\"description\":\"Investigamos, conservamos y difundimos el patrimonio cultural de la Civilizaci\u00f3n Caral, la m\u00e1s antigua de Am\u00e9rica.\",\"potentialAction\":[{\"@type\":\"SearchAction\",\"target\":{\"@type\":\"EntryPoint\",\"urlTemplate\":\"https:\\\/\\\/zonacaral.gob.pe\\\/es\\\/?s={search_term_string}\"},\"query-input\":{\"@type\":\"PropertyValueSpecification\",\"valueRequired\":true,\"valueName\":\"search_term_string\"}}],\"inLanguage\":\"en-US\"},{\"@type\":\"Person\",\"@id\":\"https:\\\/\\\/zonacaral.gob.pe\\\/es\\\/#\\\/schema\\\/person\\\/beddb4d22f71a7230c5b90913270a0ee\",\"name\":\"Zona Caral Administrador\",\"image\":{\"@type\":\"ImageObject\",\"inLanguage\":\"en-US\",\"@id\":\"https:\\\/\\\/secure.gravatar.com\\\/avatar\\\/e4be162918a696358376de6446614e0f0f4062bdc5d170d6d540ada3d8b58c12?s=96&d=mm&r=g\",\"url\":\"https:\\\/\\\/secure.gravatar.com\\\/avatar\\\/e4be162918a696358376de6446614e0f0f4062bdc5d170d6d540ada3d8b58c12?s=96&d=mm&r=g\",\"contentUrl\":\"https:\\\/\\\/secure.gravatar.com\\\/avatar\\\/e4be162918a696358376de6446614e0f0f4062bdc5d170d6d540ada3d8b58c12?s=96&d=mm&r=g\",\"caption\":\"Zona Caral Administrador\"},\"sameAs\":[\"https:\\\/\\\/zonacaral.gob.pe\"],\"url\":\"https:\\\/\\\/zonacaral.gob.pe\\\/en\\\/noticias\\\/author\\\/ad_zonacaral\\\/\"}]}<\/script>\n<!-- \/ Yoast SEO plugin. -->","yoast_head_json":{"title":"Int\u00e9rpretes del patrimonio cultural de la civilizaci\u00f3n Caral participaron de capacitaci\u00f3n realizada por la Municipalidad Provincial de Barranca","description":"La Zona Arqueol\u00f3gica Caral (ZAC), Unidad Ejecutora 003 del Ministerio de Cultura del Per\u00fa, en simult\u00e1neo con los trabajos de investigaci\u00f3n y conservaci\u00f3n que desarrolla, tambi\u00e9n realiza actividades para la difusi\u00f3n de los valores hist\u00f3ricos y culturales de la civilizaci\u00f3n Caral, y sobre todo, involucra a la sociedad civil y a las autoridades locales, provinciales y regionales en la preservaci\u00f3n y disfrute del patrimonio arqueol\u00f3gico, en beneficio de las generaciones actuales y futuras.La Ciudad Sagrada de Caral, Patrimonio Mundial y principal centro urbano de la civilizaci\u00f3n Caral (3000 \u2013 1800 a. C.), ha sido reconocida por el Ministerio de Comercio Exterior y Turismo (MINCETUR) con la m\u00e1xima distinci\u00f3n que se entrega a los sitios tur\u00edsticos en el Per\u00fa: la Jerarqu\u00eda 4.","robots":{"index":"index","follow":"follow","max-snippet":"max-snippet:-1","max-image-preview":"max-image-preview:large","max-video-preview":"max-video-preview:-1"},"canonical":"https:\/\/zonacaral.gob.pe\/en\/noticias\/interpretes-del-patrimonio-cultural-de-la-civilizacion-caral-participaron-de-capacitacion-realizada-por-la-municipalidad-provincial-de-barranca\/","og_locale":"en_US","og_type":"article","og_title":"Int\u00e9rpretes del patrimonio cultural de la civilizaci\u00f3n Caral participaron de capacitaci\u00f3n realizada por la Municipalidad Provincial de Barranca","og_description":"La Zona Arqueol\u00f3gica Caral (ZAC), Unidad Ejecutora 003 del Ministerio de Cultura del Per\u00fa, en simult\u00e1neo con los trabajos de investigaci\u00f3n y conservaci\u00f3n que desarrolla, tambi\u00e9n realiza actividades para la difusi\u00f3n de los valores hist\u00f3ricos y culturales de la civilizaci\u00f3n Caral, y sobre todo, involucra a la sociedad civil y a las autoridades locales, provinciales y regionales en la preservaci\u00f3n y disfrute del patrimonio arqueol\u00f3gico, en beneficio de las generaciones actuales y futuras.La Ciudad Sagrada de Caral, Patrimonio Mundial y principal centro urbano de la civilizaci\u00f3n Caral (3000 \u2013 1800 a. C.), ha sido reconocida por el Ministerio de Comercio Exterior y Turismo (MINCETUR) con la m\u00e1xima distinci\u00f3n que se entrega a los sitios tur\u00edsticos en el Per\u00fa: la Jerarqu\u00eda 4.","og_url":"https:\/\/zonacaral.gob.pe\/en\/noticias\/interpretes-del-patrimonio-cultural-de-la-civilizacion-caral-participaron-de-capacitacion-realizada-por-la-municipalidad-provincial-de-barranca\/","og_site_name":"Zona Caral","article_published_time":"2023-11-27T20:35:02+00:00","og_image":[{"width":1030,"height":760,"url":"https:\/\/zonacaral.gob.pe\/wp-content\/uploads\/2023\/11\/Capacitacion-IPC-1.jpg","type":"image\/jpeg"}],"author":"Zona Caral Administrador","twitter_card":"summary_large_image","twitter_misc":{"Written by":"Zona Caral Administrador","Est. reading time":"3 minutes"},"schema":{"@context":"https:\/\/schema.org","@graph":[{"@type":"Article","@id":"https:\/\/zonacaral.gob.pe\/es\/noticias\/interpretes-del-patrimonio-cultural-de-la-civilizacion-caral-participaron-de-capacitacion-realizada-por-la-municipalidad-provincial-de-barranca\/#article","isPartOf":{"@id":"https:\/\/zonacaral.gob.pe\/es\/noticias\/interpretes-del-patrimonio-cultural-de-la-civilizacion-caral-participaron-de-capacitacion-realizada-por-la-municipalidad-provincial-de-barranca\/"},"author":{"name":"Zona Caral Administrador","@id":"https:\/\/zonacaral.gob.pe\/es\/#\/schema\/person\/beddb4d22f71a7230c5b90913270a0ee"},"headline":"Int\u00e9rpretes del patrimonio cultural de la civilizaci\u00f3n Caral participaron de capacitaci\u00f3n realizada por la Municipalidad Provincial de Barranca","datePublished":"2023-11-27T20:35:02+00:00","mainEntityOfPage":{"@id":"https:\/\/zonacaral.gob.pe\/es\/noticias\/interpretes-del-patrimonio-cultural-de-la-civilizacion-caral-participaron-de-capacitacion-realizada-por-la-municipalidad-provincial-de-barranca\/"},"wordCount":524,"image":{"@id":"https:\/\/zonacaral.gob.pe\/es\/noticias\/interpretes-del-patrimonio-cultural-de-la-civilizacion-caral-participaron-de-capacitacion-realizada-por-la-municipalidad-provincial-de-barranca\/#primaryimage"},"thumbnailUrl":"https:\/\/zonacaral.gob.pe\/wp-content\/uploads\/2023\/11\/Capacitacion-IPC-1.jpg","keywords":["caral","Cultura"],"articleSection":["noticias"],"inLanguage":"en-US"},{"@type":"WebPage","@id":"https:\/\/zonacaral.gob.pe\/es\/noticias\/interpretes-del-patrimonio-cultural-de-la-civilizacion-caral-participaron-de-capacitacion-realizada-por-la-municipalidad-provincial-de-barranca\/","url":"https:\/\/zonacaral.gob.pe\/es\/noticias\/interpretes-del-patrimonio-cultural-de-la-civilizacion-caral-participaron-de-capacitacion-realizada-por-la-municipalidad-provincial-de-barranca\/","name":"Int\u00e9rpretes del patrimonio cultural de la civilizaci\u00f3n Caral participaron de capacitaci\u00f3n realizada por la Municipalidad Provincial de Barranca","isPartOf":{"@id":"https:\/\/zonacaral.gob.pe\/es\/#website"},"primaryImageOfPage":{"@id":"https:\/\/zonacaral.gob.pe\/es\/noticias\/interpretes-del-patrimonio-cultural-de-la-civilizacion-caral-participaron-de-capacitacion-realizada-por-la-municipalidad-provincial-de-barranca\/#primaryimage"},"image":{"@id":"https:\/\/zonacaral.gob.pe\/es\/noticias\/interpretes-del-patrimonio-cultural-de-la-civilizacion-caral-participaron-de-capacitacion-realizada-por-la-municipalidad-provincial-de-barranca\/#primaryimage"},"thumbnailUrl":"https:\/\/zonacaral.gob.pe\/wp-content\/uploads\/2023\/11\/Capacitacion-IPC-1.jpg","datePublished":"2023-11-27T20:35:02+00:00","author":{"@id":"https:\/\/zonacaral.gob.pe\/es\/#\/schema\/person\/beddb4d22f71a7230c5b90913270a0ee"},"description":"La Zona Arqueol\u00f3gica Caral (ZAC), Unidad Ejecutora 003 del Ministerio de Cultura del Per\u00fa, en simult\u00e1neo con los trabajos de investigaci\u00f3n y conservaci\u00f3n que desarrolla, tambi\u00e9n realiza actividades para la difusi\u00f3n de los valores hist\u00f3ricos y culturales de la civilizaci\u00f3n Caral, y sobre todo, involucra a la sociedad civil y a las autoridades locales, provinciales y regionales en la preservaci\u00f3n y disfrute del patrimonio arqueol\u00f3gico, en beneficio de las generaciones actuales y futuras.La Ciudad Sagrada de Caral, Patrimonio Mundial y principal centro urbano de la civilizaci\u00f3n Caral (3000 \u2013 1800 a. C.), ha sido reconocida por el Ministerio de Comercio Exterior y Turismo (MINCETUR) con la m\u00e1xima distinci\u00f3n que se entrega a los sitios tur\u00edsticos en el Per\u00fa: la Jerarqu\u00eda 4.","breadcrumb":{"@id":"https:\/\/zonacaral.gob.pe\/es\/noticias\/interpretes-del-patrimonio-cultural-de-la-civilizacion-caral-participaron-de-capacitacion-realizada-por-la-municipalidad-provincial-de-barranca\/#breadcrumb"},"inLanguage":"en-US","potentialAction":[{"@type":"ReadAction","target":["https:\/\/zonacaral.gob.pe\/es\/noticias\/interpretes-del-patrimonio-cultural-de-la-civilizacion-caral-participaron-de-capacitacion-realizada-por-la-municipalidad-provincial-de-barranca\/"]}]},{"@type":"ImageObject","inLanguage":"en-US","@id":"https:\/\/zonacaral.gob.pe\/es\/noticias\/interpretes-del-patrimonio-cultural-de-la-civilizacion-caral-participaron-de-capacitacion-realizada-por-la-municipalidad-provincial-de-barranca\/#primaryimage","url":"https:\/\/zonacaral.gob.pe\/wp-content\/uploads\/2023\/11\/Capacitacion-IPC-1.jpg","contentUrl":"https:\/\/zonacaral.gob.pe\/wp-content\/uploads\/2023\/11\/Capacitacion-IPC-1.jpg","width":1030,"height":760},{"@type":"BreadcrumbList","@id":"https:\/\/zonacaral.gob.pe\/es\/noticias\/interpretes-del-patrimonio-cultural-de-la-civilizacion-caral-participaron-de-capacitacion-realizada-por-la-municipalidad-provincial-de-barranca\/#breadcrumb","itemListElement":[{"@type":"ListItem","position":1,"name":"Portada","item":"https:\/\/zonacaral.gob.pe\/"},{"@type":"ListItem","position":2,"name":"Int\u00e9rpretes del patrimonio cultural de la civilizaci\u00f3n Caral participaron de capacitaci\u00f3n realizada por la Municipalidad Provincial de Barranca"}]},{"@type":"WebSite","@id":"https:\/\/zonacaral.gob.pe\/es\/#website","url":"https:\/\/zonacaral.gob.pe\/es\/","name":"Zona Caral","description":"Investigamos, conservamos y difundimos el patrimonio cultural de la Civilizaci\u00f3n Caral, la m\u00e1s antigua de Am\u00e9rica.","potentialAction":[{"@type":"SearchAction","target":{"@type":"EntryPoint","urlTemplate":"https:\/\/zonacaral.gob.pe\/es\/?s={search_term_string}"},"query-input":{"@type":"PropertyValueSpecification","valueRequired":true,"valueName":"search_term_string"}}],"inLanguage":"en-US"},{"@type":"Person","@id":"https:\/\/zonacaral.gob.pe\/es\/#\/schema\/person\/beddb4d22f71a7230c5b90913270a0ee","name":"Zona Caral Administrador","image":{"@type":"ImageObject","inLanguage":"en-US","@id":"https:\/\/secure.gravatar.com\/avatar\/e4be162918a696358376de6446614e0f0f4062bdc5d170d6d540ada3d8b58c12?s=96&d=mm&r=g","url":"https:\/\/secure.gravatar.com\/avatar\/e4be162918a696358376de6446614e0f0f4062bdc5d170d6d540ada3d8b58c12?s=96&d=mm&r=g","contentUrl":"https:\/\/secure.gravatar.com\/avatar\/e4be162918a696358376de6446614e0f0f4062bdc5d170d6d540ada3d8b58c12?s=96&d=mm&r=g","caption":"Zona Caral Administrador"},"sameAs":["https:\/\/zonacaral.gob.pe"],"url":"https:\/\/zonacaral.gob.pe\/en\/noticias\/author\/ad_zonacaral\/"}]}},"_links":{"self":[{"href":"https:\/\/zonacaral.gob.pe\/en\/wp-json\/wp\/v2\/posts\/17236","targetHints":{"allow":["GET"]}}],"collection":[{"href":"https:\/\/zonacaral.gob.pe\/en\/wp-json\/wp\/v2\/posts"}],"about":[{"href":"https:\/\/zonacaral.gob.pe\/en\/wp-json\/wp\/v2\/types\/post"}],"author":[{"embeddable":true,"href":"https:\/\/zonacaral.gob.pe\/en\/wp-json\/wp\/v2\/users\/1"}],"replies":[{"embeddable":true,"href":"https:\/\/zonacaral.gob.pe\/en\/wp-json\/wp\/v2\/comments?post=17236"}],"version-history":[{"count":0,"href":"https:\/\/zonacaral.gob.pe\/en\/wp-json\/wp\/v2\/posts\/17236\/revisions"}],"wp:featuredmedia":[{"embeddable":true,"href":"https:\/\/zonacaral.gob.pe\/en\/wp-json\/wp\/v2\/media\/17237"}],"wp:attachment":[{"href":"https:\/\/zonacaral.gob.pe\/en\/wp-json\/wp\/v2\/media?parent=17236"}],"wp:term":[{"taxonomy":"category","embeddable":true,"href":"https:\/\/zonacaral.gob.pe\/en\/wp-json\/wp\/v2\/categories?post=17236"},{"taxonomy":"post_tag","embeddable":true,"href":"https:\/\/zonacaral.gob.pe\/en\/wp-json\/wp\/v2\/tags?post=17236"}],"curies":[{"name":"wp","href":"https:\/\/api.w.org\/{rel}","templated":true}]}}