{"id":17261,"date":"2023-12-05T12:15:06","date_gmt":"2023-12-05T17:15:06","guid":{"rendered":"https:\/\/www.zonacaral.gob.pe\/?p=17261"},"modified":"2023-12-05T12:15:06","modified_gmt":"2023-12-05T17:15:06","slug":"ruth-shady-recibe-maxima-condecoracion-del-parlamento-andino","status":"publish","type":"post","link":"https:\/\/zonacaral.gob.pe\/en\/noticias\/ruth-shady-recibe-maxima-condecoracion-del-parlamento-andino\/","title":{"rendered":"Ruth Shady recibe m\u00e1xima condecoraci\u00f3n del Parlamento Andino"},"content":{"rendered":"<figure class=\"pic-autor\" style=\"color: #4d4d4d; text-align: justify;\"><\/figure>\n<div class=\"gmail_default\" style=\"text-align: justify;\">\n<blockquote>\n<p><i><span style=\"font-weight: 400;\">\u201cReconocimiento por ser el faro fundamental de la arqueolog\u00eda peruana, iluminar la historia milenaria del Per\u00fa y promover su preservaci\u00f3n\u201d.<\/span><\/i><\/p>\n<\/blockquote>\n<p><span style=\"font-weight: 400;\">El Parlamento Andino, \u00f3rgano supranacional y democr\u00e1tico de la Comunidad Andina, integrado por Per\u00fa, Bolivia, Chile, Ecuador y Colombia, entreg\u00f3 su m\u00e1xima condecoraci\u00f3n \u201cSim\u00f3n Bol\u00edvar a la Integraci\u00f3n Latinoamericana\u201d, a la doctora Ruth Shady Sol\u00eds, directora de la <\/span><a href=\"https:\/\/www.instagram.com\/caralperu\/?hl=es\"><span style=\"font-weight: 400;\">Zona Arqueol\u00f3gica Caral<\/span><\/a><span style=\"font-weight: 400;\">, Unidad Ejecutora 003 del Ministerio de Cultural, por su importante aporte a la arqueolog\u00eda peruana.<\/span><\/p>\n<p><span style=\"font-weight: 400;\">\u201cEsta condecoraci\u00f3n no solo reconoce la encomiable labor acad\u00e9mica y cient\u00edfica de la doctora Shady, sino adem\u00e1s darle un firme respaldo en su lucha por preservar nuestro patrimonio cultural\u201d, se\u00f1al\u00f3 la vicepresidenta de esta instituci\u00f3n Leslye Lazo Vill\u00f3n.<\/span><\/p>\n<p><span style=\"font-weight: 400;\">\u201cGracias doctora por su vocaci\u00f3n, su templanza, su valent\u00eda y su coraje, para continuar perseverando con su trabajo y, a trav\u00e9s de la historia reconocer nuestros or\u00edgenes y, porque como lo ha se\u00f1alado: las mujeres deben participar en promover el cambio y construir una sociedad en la que los seres humanos puedan vivir en armon\u00eda unos con otros y en equilibrio con la naturaleza\u201d, agreg\u00f3.<\/span><\/p>\n<p><span style=\"font-weight: 400;\">Por su lado, la arque\u00f3loga Ruth Shady, tras agradecer la condecoraci\u00f3n recibida, la identificaci\u00f3n y preocupaci\u00f3n por nuestro patrimonio cultural, sostuvo que este reconocimiento es muy importante pues se hace a puertas de conmemorar, el 2024, 30 a\u00f1os del inicio de las investigaciones sobre el desarrollo de la Civilizaci\u00f3n Caral, y la puesta en valor de su principal centro urbano, la Ciudad Sagrada de Caral, Patrimonio Mundial.<\/span><\/p>\n<p><span style=\"font-weight: 400;\">\u201cSomos un equipo y tenemos una visi\u00f3n, de promover el desarrollo integral compartido por todos, y no solo sobre patrimonio, sino como promover los cambios en las poblaciones que estamos trabajando, no es nada sencillo, pero seguimos trabajando\u201d.<\/span><\/p>\n<p><span style=\"font-weight: 400;\">Asimismo, exhort\u00f3 a los integrantes del Parlamento a promover el desarrollo del pa\u00eds y de la comunidad andina, con respeto entre seres humanos y al planeta, en condiciones adecuadas de vida. \u201cSi no cambiamos, destruiremos nuestro planeta. Debemos generar reflexiones\u201d, acot\u00f3.<\/span><\/p>\n<p><span style=\"font-weight: 400;\">El evento cont\u00f3 con la participaci\u00f3n de los parlamentarios Fernando Arce y Gustavo Pacheco, quienes, en representaci\u00f3n de los integrantes del Parlamento Andino, entregaron la medalla y resoluci\u00f3n a la docente sanmarquina e indicaron que este reconocimiento fue una decisi\u00f3n un\u00e1nime del Parlamento.<\/span><\/p>\n<p><span style=\"font-weight: 400;\">Cabe se\u00f1alar que, en el 2019, este \u00f3rgano p\u00fablico entreg\u00f3 una Resoluci\u00f3n que declara a la civilizaci\u00f3n Caral y a su Ciudad Sagrada, como referentes culturales y arqueol\u00f3gicos de la Regi\u00f3n Andina. Asimismo, en el 2020, se devel\u00f3 una placa en la Ciudad Sagrada de Caral, Patrimonio Mundial, reconoci\u00e9ndola como \u201cpionera de la integraci\u00f3n, unidad y fraternidad de nuestros pueblos\u201d.<\/span><\/p>\n<p><span style=\"color: #850707;\"><strong style=\"font-size: inherit; text-align: justify;\">Fuente: Comunicaci\u00f3n e Imagen Institucional ZAC<\/strong><\/span><\/p>\n<\/div>\n<div style=\"color: #1f1f1f;\">\n<div style=\"color: #1f1f1f;\">\n<p style=\"text-align: justify;\">Fecha de publicaci\u00f3n: 05\/12\/2023<\/p>\n<\/div>\n<\/div>\n\n\n<p><\/p>","protected":false},"excerpt":{"rendered":"<p>\u201cReconocimiento por ser el faro fundamental de la arqueolog\u00eda peruana, iluminar la historia milenaria del Per\u00fa y promover su preservaci\u00f3n\u201d. [&hellip;]<\/p>\n","protected":false},"author":1,"featured_media":17265,"comment_status":"closed","ping_status":"open","sticky":false,"template":"","format":"standard","meta":{"_acf_changed":false,"site-sidebar-layout":"default","site-content-layout":"","ast-site-content-layout":"default","site-content-style":"default","site-sidebar-style":"default","ast-global-header-display":"","ast-banner-title-visibility":"","ast-main-header-display":"","ast-hfb-above-header-display":"","ast-hfb-below-header-display":"","ast-hfb-mobile-header-display":"","site-post-title":"","ast-breadcrumbs-content":"","ast-featured-img":"","footer-sml-layout":"","ast-disable-related-posts":"","theme-transparent-header-meta":"","adv-header-id-meta":"","stick-header-meta":"","header-above-stick-meta":"","header-main-stick-meta":"","header-below-stick-meta":"","astra-migrate-meta-layouts":"default","ast-page-background-enabled":"default","ast-page-background-meta":{"desktop":{"background-color":"var(--ast-global-color-5)","background-image":"","background-repeat":"repeat","background-position":"center center","background-size":"auto","background-attachment":"scroll","background-type":"","background-media":"","overlay-type":"","overlay-color":"","overlay-opacity":"","overlay-gradient":""},"tablet":{"background-color":"","background-image":"","background-repeat":"repeat","background-position":"center center","background-size":"auto","background-attachment":"scroll","background-type":"","background-media":"","overlay-type":"","overlay-color":"","overlay-opacity":"","overlay-gradient":""},"mobile":{"background-color":"","background-image":"","background-repeat":"repeat","background-position":"center center","background-size":"auto","background-attachment":"scroll","background-type":"","background-media":"","overlay-type":"","overlay-color":"","overlay-opacity":"","overlay-gradient":""}},"ast-content-background-meta":{"desktop":{"background-color":"var(--ast-global-color-4)","background-image":"","background-repeat":"repeat","background-position":"center center","background-size":"auto","background-attachment":"scroll","background-type":"","background-media":"","overlay-type":"","overlay-color":"","overlay-opacity":"","overlay-gradient":""},"tablet":{"background-color":"var(--ast-global-color-4)","background-image":"","background-repeat":"repeat","background-position":"center center","background-size":"auto","background-attachment":"scroll","background-type":"","background-media":"","overlay-type":"","overlay-color":"","overlay-opacity":"","overlay-gradient":""},"mobile":{"background-color":"var(--ast-global-color-4)","background-image":"","background-repeat":"repeat","background-position":"center center","background-size":"auto","background-attachment":"scroll","background-type":"","background-media":"","overlay-type":"","overlay-color":"","overlay-opacity":"","overlay-gradient":""}},"footnotes":""},"categories":[208],"tags":[55,72],"class_list":["post-17261","post","type-post","status-publish","format-standard","has-post-thumbnail","hentry","category-noticias","tag-caral","tag-cultura"],"acf":[],"yoast_head":"<!-- This site is optimized with the Yoast SEO plugin v27.3 - https:\/\/yoast.com\/product\/yoast-seo-wordpress\/ -->\n<title>Ruth Shady recibe m\u00e1xima condecoraci\u00f3n del Parlamento Andino<\/title>\n<meta name=\"description\" content=\"El Parlamento Andino, \u00f3rgano supranacional y democr\u00e1tico de la Comunidad Andina, integrado por Per\u00fa, Bolivia, Chile, Ecuador y Colombia, entreg\u00f3 su m\u00e1xima condecoraci\u00f3n \u201cSim\u00f3n Bol\u00edvar a la Integraci\u00f3n Latinoamericana\u201d, a la doctora Ruth Shady Sol\u00eds, directora de la Zona Arqueol\u00f3gica Caral, Unidad Ejecutora 003 del Ministerio de Cultural, por su importante aporte a la arqueolog\u00eda peruana.La Zona Arqueol\u00f3gica Caral (ZAC), Unidad Ejecutora 003 del Ministerio de Cultura del Per\u00fa, a trav\u00e9s de su programa \u201cVisitas Guiadas en L\u00ednea\u201d por el Museo Caral, transmiti\u00f3 la historia social y los valores de la Civilizaci\u00f3n Caral, considerada como la primera del continente americano, a cerca de 400 alumnos, de primaria y secundaria, de diferentes ciudades del pa\u00eds.\" \/>\n<meta name=\"robots\" content=\"index, follow, max-snippet:-1, max-image-preview:large, max-video-preview:-1\" \/>\n<link rel=\"canonical\" href=\"https:\/\/zonacaral.gob.pe\/en\/noticias\/ruth-shady-recibe-maxima-condecoracion-del-parlamento-andino\/\" \/>\n<meta property=\"og:locale\" content=\"en_US\" \/>\n<meta property=\"og:type\" content=\"article\" \/>\n<meta property=\"og:title\" content=\"Ruth Shady recibe m\u00e1xima condecoraci\u00f3n del Parlamento Andino\" \/>\n<meta property=\"og:description\" content=\"El Parlamento Andino, \u00f3rgano supranacional y democr\u00e1tico de la Comunidad Andina, integrado por Per\u00fa, Bolivia, Chile, Ecuador y Colombia, entreg\u00f3 su m\u00e1xima condecoraci\u00f3n \u201cSim\u00f3n Bol\u00edvar a la Integraci\u00f3n Latinoamericana\u201d, a la doctora Ruth Shady Sol\u00eds, directora de la Zona Arqueol\u00f3gica Caral, Unidad Ejecutora 003 del Ministerio de Cultural, por su importante aporte a la arqueolog\u00eda peruana.La Zona Arqueol\u00f3gica Caral (ZAC), Unidad Ejecutora 003 del Ministerio de Cultura del Per\u00fa, a trav\u00e9s de su programa \u201cVisitas Guiadas en L\u00ednea\u201d por el Museo Caral, transmiti\u00f3 la historia social y los valores de la Civilizaci\u00f3n Caral, considerada como la primera del continente americano, a cerca de 400 alumnos, de primaria y secundaria, de diferentes ciudades del pa\u00eds.\" \/>\n<meta property=\"og:url\" content=\"https:\/\/zonacaral.gob.pe\/en\/noticias\/ruth-shady-recibe-maxima-condecoracion-del-parlamento-andino\/\" \/>\n<meta property=\"og:site_name\" content=\"Zona Caral\" \/>\n<meta property=\"article:published_time\" content=\"2023-12-05T17:15:06+00:00\" \/>\n<meta property=\"og:image\" content=\"https:\/\/zonacaral.gob.pe\/wp-content\/uploads\/2023\/12\/Parlamento_andino_1.png\" \/>\n\t<meta property=\"og:image:width\" content=\"1000\" \/>\n\t<meta property=\"og:image:height\" content=\"600\" \/>\n\t<meta property=\"og:image:type\" content=\"image\/png\" \/>\n<meta name=\"author\" content=\"Zona Caral Administrador\" \/>\n<meta name=\"twitter:card\" content=\"summary_large_image\" \/>\n<meta name=\"twitter:label1\" content=\"Written by\" \/>\n\t<meta name=\"twitter:data1\" content=\"Zona Caral Administrador\" \/>\n\t<meta name=\"twitter:label2\" content=\"Est. reading time\" \/>\n\t<meta name=\"twitter:data2\" content=\"2 minutes\" \/>\n<script type=\"application\/ld+json\" class=\"yoast-schema-graph\">{\"@context\":\"https:\\\/\\\/schema.org\",\"@graph\":[{\"@type\":\"Article\",\"@id\":\"https:\\\/\\\/zonacaral.gob.pe\\\/es\\\/noticias\\\/ruth-shady-recibe-maxima-condecoracion-del-parlamento-andino\\\/#article\",\"isPartOf\":{\"@id\":\"https:\\\/\\\/zonacaral.gob.pe\\\/es\\\/noticias\\\/ruth-shady-recibe-maxima-condecoracion-del-parlamento-andino\\\/\"},\"author\":{\"name\":\"Zona Caral Administrador\",\"@id\":\"https:\\\/\\\/zonacaral.gob.pe\\\/es\\\/#\\\/schema\\\/person\\\/beddb4d22f71a7230c5b90913270a0ee\"},\"headline\":\"Ruth Shady recibe m\u00e1xima condecoraci\u00f3n del Parlamento Andino\",\"datePublished\":\"2023-12-05T17:15:06+00:00\",\"mainEntityOfPage\":{\"@id\":\"https:\\\/\\\/zonacaral.gob.pe\\\/es\\\/noticias\\\/ruth-shady-recibe-maxima-condecoracion-del-parlamento-andino\\\/\"},\"wordCount\":489,\"image\":{\"@id\":\"https:\\\/\\\/zonacaral.gob.pe\\\/es\\\/noticias\\\/ruth-shady-recibe-maxima-condecoracion-del-parlamento-andino\\\/#primaryimage\"},\"thumbnailUrl\":\"https:\\\/\\\/zonacaral.gob.pe\\\/wp-content\\\/uploads\\\/2023\\\/12\\\/Parlamento_andino_1.png\",\"keywords\":[\"caral\",\"Cultura\"],\"articleSection\":[\"noticias\"],\"inLanguage\":\"en-US\"},{\"@type\":\"WebPage\",\"@id\":\"https:\\\/\\\/zonacaral.gob.pe\\\/es\\\/noticias\\\/ruth-shady-recibe-maxima-condecoracion-del-parlamento-andino\\\/\",\"url\":\"https:\\\/\\\/zonacaral.gob.pe\\\/es\\\/noticias\\\/ruth-shady-recibe-maxima-condecoracion-del-parlamento-andino\\\/\",\"name\":\"Ruth Shady recibe m\u00e1xima condecoraci\u00f3n del Parlamento Andino\",\"isPartOf\":{\"@id\":\"https:\\\/\\\/zonacaral.gob.pe\\\/es\\\/#website\"},\"primaryImageOfPage\":{\"@id\":\"https:\\\/\\\/zonacaral.gob.pe\\\/es\\\/noticias\\\/ruth-shady-recibe-maxima-condecoracion-del-parlamento-andino\\\/#primaryimage\"},\"image\":{\"@id\":\"https:\\\/\\\/zonacaral.gob.pe\\\/es\\\/noticias\\\/ruth-shady-recibe-maxima-condecoracion-del-parlamento-andino\\\/#primaryimage\"},\"thumbnailUrl\":\"https:\\\/\\\/zonacaral.gob.pe\\\/wp-content\\\/uploads\\\/2023\\\/12\\\/Parlamento_andino_1.png\",\"datePublished\":\"2023-12-05T17:15:06+00:00\",\"author\":{\"@id\":\"https:\\\/\\\/zonacaral.gob.pe\\\/es\\\/#\\\/schema\\\/person\\\/beddb4d22f71a7230c5b90913270a0ee\"},\"description\":\"El Parlamento Andino, \u00f3rgano supranacional y democr\u00e1tico de la Comunidad Andina, integrado por Per\u00fa, Bolivia, Chile, Ecuador y Colombia, entreg\u00f3 su m\u00e1xima condecoraci\u00f3n \u201cSim\u00f3n Bol\u00edvar a la Integraci\u00f3n Latinoamericana\u201d, a la doctora Ruth Shady Sol\u00eds, directora de la Zona Arqueol\u00f3gica Caral, Unidad Ejecutora 003 del Ministerio de Cultural, por su importante aporte a la arqueolog\u00eda peruana.La Zona Arqueol\u00f3gica Caral (ZAC), Unidad Ejecutora 003 del Ministerio de Cultura del Per\u00fa, a trav\u00e9s de su programa \u201cVisitas Guiadas en L\u00ednea\u201d por el Museo Caral, transmiti\u00f3 la historia social y los valores de la Civilizaci\u00f3n Caral, considerada como la primera del continente americano, a cerca de 400 alumnos, de primaria y secundaria, de diferentes ciudades del pa\u00eds.\",\"breadcrumb\":{\"@id\":\"https:\\\/\\\/zonacaral.gob.pe\\\/es\\\/noticias\\\/ruth-shady-recibe-maxima-condecoracion-del-parlamento-andino\\\/#breadcrumb\"},\"inLanguage\":\"en-US\",\"potentialAction\":[{\"@type\":\"ReadAction\",\"target\":[\"https:\\\/\\\/zonacaral.gob.pe\\\/es\\\/noticias\\\/ruth-shady-recibe-maxima-condecoracion-del-parlamento-andino\\\/\"]}]},{\"@type\":\"ImageObject\",\"inLanguage\":\"en-US\",\"@id\":\"https:\\\/\\\/zonacaral.gob.pe\\\/es\\\/noticias\\\/ruth-shady-recibe-maxima-condecoracion-del-parlamento-andino\\\/#primaryimage\",\"url\":\"https:\\\/\\\/zonacaral.gob.pe\\\/wp-content\\\/uploads\\\/2023\\\/12\\\/Parlamento_andino_1.png\",\"contentUrl\":\"https:\\\/\\\/zonacaral.gob.pe\\\/wp-content\\\/uploads\\\/2023\\\/12\\\/Parlamento_andino_1.png\",\"width\":1000,\"height\":600},{\"@type\":\"BreadcrumbList\",\"@id\":\"https:\\\/\\\/zonacaral.gob.pe\\\/es\\\/noticias\\\/ruth-shady-recibe-maxima-condecoracion-del-parlamento-andino\\\/#breadcrumb\",\"itemListElement\":[{\"@type\":\"ListItem\",\"position\":1,\"name\":\"Portada\",\"item\":\"https:\\\/\\\/zonacaral.gob.pe\\\/\"},{\"@type\":\"ListItem\",\"position\":2,\"name\":\"Ruth Shady recibe m\u00e1xima condecoraci\u00f3n del Parlamento Andino\"}]},{\"@type\":\"WebSite\",\"@id\":\"https:\\\/\\\/zonacaral.gob.pe\\\/es\\\/#website\",\"url\":\"https:\\\/\\\/zonacaral.gob.pe\\\/es\\\/\",\"name\":\"Zona Caral\",\"description\":\"Investigamos, conservamos y difundimos el patrimonio cultural de la Civilizaci\u00f3n Caral, la m\u00e1s antigua de Am\u00e9rica.\",\"potentialAction\":[{\"@type\":\"SearchAction\",\"target\":{\"@type\":\"EntryPoint\",\"urlTemplate\":\"https:\\\/\\\/zonacaral.gob.pe\\\/es\\\/?s={search_term_string}\"},\"query-input\":{\"@type\":\"PropertyValueSpecification\",\"valueRequired\":true,\"valueName\":\"search_term_string\"}}],\"inLanguage\":\"en-US\"},{\"@type\":\"Person\",\"@id\":\"https:\\\/\\\/zonacaral.gob.pe\\\/es\\\/#\\\/schema\\\/person\\\/beddb4d22f71a7230c5b90913270a0ee\",\"name\":\"Zona Caral Administrador\",\"image\":{\"@type\":\"ImageObject\",\"inLanguage\":\"en-US\",\"@id\":\"https:\\\/\\\/secure.gravatar.com\\\/avatar\\\/e4be162918a696358376de6446614e0f0f4062bdc5d170d6d540ada3d8b58c12?s=96&d=mm&r=g\",\"url\":\"https:\\\/\\\/secure.gravatar.com\\\/avatar\\\/e4be162918a696358376de6446614e0f0f4062bdc5d170d6d540ada3d8b58c12?s=96&d=mm&r=g\",\"contentUrl\":\"https:\\\/\\\/secure.gravatar.com\\\/avatar\\\/e4be162918a696358376de6446614e0f0f4062bdc5d170d6d540ada3d8b58c12?s=96&d=mm&r=g\",\"caption\":\"Zona Caral Administrador\"},\"sameAs\":[\"https:\\\/\\\/zonacaral.gob.pe\"],\"url\":\"https:\\\/\\\/zonacaral.gob.pe\\\/en\\\/noticias\\\/author\\\/ad_zonacaral\\\/\"}]}<\/script>\n<!-- \/ Yoast SEO plugin. -->","yoast_head_json":{"title":"Ruth Shady recibe m\u00e1xima condecoraci\u00f3n del Parlamento Andino","description":"El Parlamento Andino, \u00f3rgano supranacional y democr\u00e1tico de la Comunidad Andina, integrado por Per\u00fa, Bolivia, Chile, Ecuador y Colombia, entreg\u00f3 su m\u00e1xima condecoraci\u00f3n \u201cSim\u00f3n Bol\u00edvar a la Integraci\u00f3n Latinoamericana\u201d, a la doctora Ruth Shady Sol\u00eds, directora de la Zona Arqueol\u00f3gica Caral, Unidad Ejecutora 003 del Ministerio de Cultural, por su importante aporte a la arqueolog\u00eda peruana.La Zona Arqueol\u00f3gica Caral (ZAC), Unidad Ejecutora 003 del Ministerio de Cultura del Per\u00fa, a trav\u00e9s de su programa \u201cVisitas Guiadas en L\u00ednea\u201d por el Museo Caral, transmiti\u00f3 la historia social y los valores de la Civilizaci\u00f3n Caral, considerada como la primera del continente americano, a cerca de 400 alumnos, de primaria y secundaria, de diferentes ciudades del pa\u00eds.","robots":{"index":"index","follow":"follow","max-snippet":"max-snippet:-1","max-image-preview":"max-image-preview:large","max-video-preview":"max-video-preview:-1"},"canonical":"https:\/\/zonacaral.gob.pe\/en\/noticias\/ruth-shady-recibe-maxima-condecoracion-del-parlamento-andino\/","og_locale":"en_US","og_type":"article","og_title":"Ruth Shady recibe m\u00e1xima condecoraci\u00f3n del Parlamento Andino","og_description":"El Parlamento Andino, \u00f3rgano supranacional y democr\u00e1tico de la Comunidad Andina, integrado por Per\u00fa, Bolivia, Chile, Ecuador y Colombia, entreg\u00f3 su m\u00e1xima condecoraci\u00f3n \u201cSim\u00f3n Bol\u00edvar a la Integraci\u00f3n Latinoamericana\u201d, a la doctora Ruth Shady Sol\u00eds, directora de la Zona Arqueol\u00f3gica Caral, Unidad Ejecutora 003 del Ministerio de Cultural, por su importante aporte a la arqueolog\u00eda peruana.La Zona Arqueol\u00f3gica Caral (ZAC), Unidad Ejecutora 003 del Ministerio de Cultura del Per\u00fa, a trav\u00e9s de su programa \u201cVisitas Guiadas en L\u00ednea\u201d por el Museo Caral, transmiti\u00f3 la historia social y los valores de la Civilizaci\u00f3n Caral, considerada como la primera del continente americano, a cerca de 400 alumnos, de primaria y secundaria, de diferentes ciudades del pa\u00eds.","og_url":"https:\/\/zonacaral.gob.pe\/en\/noticias\/ruth-shady-recibe-maxima-condecoracion-del-parlamento-andino\/","og_site_name":"Zona Caral","article_published_time":"2023-12-05T17:15:06+00:00","og_image":[{"width":1000,"height":600,"url":"https:\/\/zonacaral.gob.pe\/wp-content\/uploads\/2023\/12\/Parlamento_andino_1.png","type":"image\/png"}],"author":"Zona Caral Administrador","twitter_card":"summary_large_image","twitter_misc":{"Written by":"Zona Caral Administrador","Est. reading time":"2 minutes"},"schema":{"@context":"https:\/\/schema.org","@graph":[{"@type":"Article","@id":"https:\/\/zonacaral.gob.pe\/es\/noticias\/ruth-shady-recibe-maxima-condecoracion-del-parlamento-andino\/#article","isPartOf":{"@id":"https:\/\/zonacaral.gob.pe\/es\/noticias\/ruth-shady-recibe-maxima-condecoracion-del-parlamento-andino\/"},"author":{"name":"Zona Caral Administrador","@id":"https:\/\/zonacaral.gob.pe\/es\/#\/schema\/person\/beddb4d22f71a7230c5b90913270a0ee"},"headline":"Ruth Shady recibe m\u00e1xima condecoraci\u00f3n del Parlamento Andino","datePublished":"2023-12-05T17:15:06+00:00","mainEntityOfPage":{"@id":"https:\/\/zonacaral.gob.pe\/es\/noticias\/ruth-shady-recibe-maxima-condecoracion-del-parlamento-andino\/"},"wordCount":489,"image":{"@id":"https:\/\/zonacaral.gob.pe\/es\/noticias\/ruth-shady-recibe-maxima-condecoracion-del-parlamento-andino\/#primaryimage"},"thumbnailUrl":"https:\/\/zonacaral.gob.pe\/wp-content\/uploads\/2023\/12\/Parlamento_andino_1.png","keywords":["caral","Cultura"],"articleSection":["noticias"],"inLanguage":"en-US"},{"@type":"WebPage","@id":"https:\/\/zonacaral.gob.pe\/es\/noticias\/ruth-shady-recibe-maxima-condecoracion-del-parlamento-andino\/","url":"https:\/\/zonacaral.gob.pe\/es\/noticias\/ruth-shady-recibe-maxima-condecoracion-del-parlamento-andino\/","name":"Ruth Shady recibe m\u00e1xima condecoraci\u00f3n del Parlamento Andino","isPartOf":{"@id":"https:\/\/zonacaral.gob.pe\/es\/#website"},"primaryImageOfPage":{"@id":"https:\/\/zonacaral.gob.pe\/es\/noticias\/ruth-shady-recibe-maxima-condecoracion-del-parlamento-andino\/#primaryimage"},"image":{"@id":"https:\/\/zonacaral.gob.pe\/es\/noticias\/ruth-shady-recibe-maxima-condecoracion-del-parlamento-andino\/#primaryimage"},"thumbnailUrl":"https:\/\/zonacaral.gob.pe\/wp-content\/uploads\/2023\/12\/Parlamento_andino_1.png","datePublished":"2023-12-05T17:15:06+00:00","author":{"@id":"https:\/\/zonacaral.gob.pe\/es\/#\/schema\/person\/beddb4d22f71a7230c5b90913270a0ee"},"description":"El Parlamento Andino, \u00f3rgano supranacional y democr\u00e1tico de la Comunidad Andina, integrado por Per\u00fa, Bolivia, Chile, Ecuador y Colombia, entreg\u00f3 su m\u00e1xima condecoraci\u00f3n \u201cSim\u00f3n Bol\u00edvar a la Integraci\u00f3n Latinoamericana\u201d, a la doctora Ruth Shady Sol\u00eds, directora de la Zona Arqueol\u00f3gica Caral, Unidad Ejecutora 003 del Ministerio de Cultural, por su importante aporte a la arqueolog\u00eda peruana.La Zona Arqueol\u00f3gica Caral (ZAC), Unidad Ejecutora 003 del Ministerio de Cultura del Per\u00fa, a trav\u00e9s de su programa \u201cVisitas Guiadas en L\u00ednea\u201d por el Museo Caral, transmiti\u00f3 la historia social y los valores de la Civilizaci\u00f3n Caral, considerada como la primera del continente americano, a cerca de 400 alumnos, de primaria y secundaria, de diferentes ciudades del pa\u00eds.","breadcrumb":{"@id":"https:\/\/zonacaral.gob.pe\/es\/noticias\/ruth-shady-recibe-maxima-condecoracion-del-parlamento-andino\/#breadcrumb"},"inLanguage":"en-US","potentialAction":[{"@type":"ReadAction","target":["https:\/\/zonacaral.gob.pe\/es\/noticias\/ruth-shady-recibe-maxima-condecoracion-del-parlamento-andino\/"]}]},{"@type":"ImageObject","inLanguage":"en-US","@id":"https:\/\/zonacaral.gob.pe\/es\/noticias\/ruth-shady-recibe-maxima-condecoracion-del-parlamento-andino\/#primaryimage","url":"https:\/\/zonacaral.gob.pe\/wp-content\/uploads\/2023\/12\/Parlamento_andino_1.png","contentUrl":"https:\/\/zonacaral.gob.pe\/wp-content\/uploads\/2023\/12\/Parlamento_andino_1.png","width":1000,"height":600},{"@type":"BreadcrumbList","@id":"https:\/\/zonacaral.gob.pe\/es\/noticias\/ruth-shady-recibe-maxima-condecoracion-del-parlamento-andino\/#breadcrumb","itemListElement":[{"@type":"ListItem","position":1,"name":"Portada","item":"https:\/\/zonacaral.gob.pe\/"},{"@type":"ListItem","position":2,"name":"Ruth Shady recibe m\u00e1xima condecoraci\u00f3n del Parlamento Andino"}]},{"@type":"WebSite","@id":"https:\/\/zonacaral.gob.pe\/es\/#website","url":"https:\/\/zonacaral.gob.pe\/es\/","name":"Zona Caral","description":"Investigamos, conservamos y difundimos el patrimonio cultural de la Civilizaci\u00f3n Caral, la m\u00e1s antigua de Am\u00e9rica.","potentialAction":[{"@type":"SearchAction","target":{"@type":"EntryPoint","urlTemplate":"https:\/\/zonacaral.gob.pe\/es\/?s={search_term_string}"},"query-input":{"@type":"PropertyValueSpecification","valueRequired":true,"valueName":"search_term_string"}}],"inLanguage":"en-US"},{"@type":"Person","@id":"https:\/\/zonacaral.gob.pe\/es\/#\/schema\/person\/beddb4d22f71a7230c5b90913270a0ee","name":"Zona Caral Administrador","image":{"@type":"ImageObject","inLanguage":"en-US","@id":"https:\/\/secure.gravatar.com\/avatar\/e4be162918a696358376de6446614e0f0f4062bdc5d170d6d540ada3d8b58c12?s=96&d=mm&r=g","url":"https:\/\/secure.gravatar.com\/avatar\/e4be162918a696358376de6446614e0f0f4062bdc5d170d6d540ada3d8b58c12?s=96&d=mm&r=g","contentUrl":"https:\/\/secure.gravatar.com\/avatar\/e4be162918a696358376de6446614e0f0f4062bdc5d170d6d540ada3d8b58c12?s=96&d=mm&r=g","caption":"Zona Caral Administrador"},"sameAs":["https:\/\/zonacaral.gob.pe"],"url":"https:\/\/zonacaral.gob.pe\/en\/noticias\/author\/ad_zonacaral\/"}]}},"_links":{"self":[{"href":"https:\/\/zonacaral.gob.pe\/en\/wp-json\/wp\/v2\/posts\/17261","targetHints":{"allow":["GET"]}}],"collection":[{"href":"https:\/\/zonacaral.gob.pe\/en\/wp-json\/wp\/v2\/posts"}],"about":[{"href":"https:\/\/zonacaral.gob.pe\/en\/wp-json\/wp\/v2\/types\/post"}],"author":[{"embeddable":true,"href":"https:\/\/zonacaral.gob.pe\/en\/wp-json\/wp\/v2\/users\/1"}],"replies":[{"embeddable":true,"href":"https:\/\/zonacaral.gob.pe\/en\/wp-json\/wp\/v2\/comments?post=17261"}],"version-history":[{"count":0,"href":"https:\/\/zonacaral.gob.pe\/en\/wp-json\/wp\/v2\/posts\/17261\/revisions"}],"wp:featuredmedia":[{"embeddable":true,"href":"https:\/\/zonacaral.gob.pe\/en\/wp-json\/wp\/v2\/media\/17265"}],"wp:attachment":[{"href":"https:\/\/zonacaral.gob.pe\/en\/wp-json\/wp\/v2\/media?parent=17261"}],"wp:term":[{"taxonomy":"category","embeddable":true,"href":"https:\/\/zonacaral.gob.pe\/en\/wp-json\/wp\/v2\/categories?post=17261"},{"taxonomy":"post_tag","embeddable":true,"href":"https:\/\/zonacaral.gob.pe\/en\/wp-json\/wp\/v2\/tags?post=17261"}],"curies":[{"name":"wp","href":"https:\/\/api.w.org\/{rel}","templated":true}]}}