{"id":17267,"date":"2023-12-06T09:45:40","date_gmt":"2023-12-06T14:45:40","guid":{"rendered":"https:\/\/www.zonacaral.gob.pe\/?p=17267"},"modified":"2023-12-06T09:45:40","modified_gmt":"2023-12-06T14:45:40","slug":"zona-arqueologica-caral-presento-avances-de-labores-en-congreso-nacional-de-arqueologia-2023","status":"publish","type":"post","link":"https:\/\/zonacaral.gob.pe\/en\/noticias\/zona-arqueologica-caral-presento-avances-de-labores-en-congreso-nacional-de-arqueologia-2023\/","title":{"rendered":"Zona Arqueol\u00f3gica Caral present\u00f3 avances de labores en Congreso Nacional de Arqueolog\u00eda 2023"},"content":{"rendered":"<figure class=\"pic-autor\" style=\"color: #4d4d4d; text-align: justify;\"><\/figure>\n<div class=\"gmail_default\" style=\"text-align: justify;\">\n<p><span style=\"font-weight: 400;\">El equipo laboral de la <\/span><a href=\"https:\/\/www.instagram.com\/caralperu\/?hl=es\"><span style=\"font-weight: 400;\">Zona Arqueol\u00f3gica Caral<\/span><\/a><span style=\"font-weight: 400;\">, Unidad Ejecutora 003 del Ministerio de Cultura, encabezado por la doctora Ruth Shady Sol\u00eds, present\u00f3 en el X Congreso Nacional de Arqueolog\u00eda 2023, realizado en el Museo Nacional de Arqueolog\u00eda, Antropolog\u00eda e Historia del Per\u00fa, el resultado de los trabajos de investigaci\u00f3n, conservaci\u00f3n y difusi\u00f3n del patrimonio cultural de la Civilizaci\u00f3n Caral.<\/span><\/p>\n<p><span style=\"font-weight: 400;\">Adem\u00e1s, se expuso la labor de responsabilidad social que se efect\u00faa con las comunidades y centros educativos ubicados en el valle de Supe y valle de Huaura, y sobre la proyecci\u00f3n del patrimonio cultural que busca, a trav\u00e9s de exposiciones museogr\u00e1ficas, realizaci\u00f3n de publicaciones ilustradas, entre otras actividades, transmitir los valores de Caral.<\/span><\/p>\n<p><span style=\"font-weight: 400;\">En esta presentaci\u00f3n, adem\u00e1s de la doctora Shady Sol\u00eds, participaron los arque\u00f3logos Marco Machacuay Romero, Subdirector de Investigaci\u00f3n y Conservaci\u00f3n Sitios Arqueol\u00f3gicos; Pedro Novoa Bellota, Subdirector de Investigaci\u00f3n y Conservaci\u00f3n del Materiales Arqueol\u00f3gicos; Edna Quispe Loayza, Subdirectora de Proyecci\u00f3n del Patrimonio Cultural; y el antrop\u00f3logo Carlos Leyva Arroyo, Subdirector de Relaciones Comunitarias.<\/span><\/p>\n<p><span style=\"font-weight: 400;\">La exposici\u00f3n de la Zona Arqueol\u00f3gica Caral inici\u00f3 con la presentaci\u00f3n de los objetivos y la misi\u00f3n de nuestra instituci\u00f3n, a cargo de la arque\u00f3loga Ruth Shady, principal investigadora de la primera civilizaci\u00f3n de Am\u00e9rica.<\/span><\/p>\n<p><span style=\"font-weight: 400;\">\u201cNuestra misi\u00f3n es no solo conservar, investigar y difundir la historia que ven\u00edamos recuperando, sino tambi\u00e9n de qu\u00e9 modo pod\u00edamos promover desarrollo socio econ\u00f3mica en las poblaciones del valle de Supe, y para eso nos propusimos crear un Plan Maestro\u201d, cont\u00f3.<\/span><\/p>\n<p><span style=\"font-weight: 400;\">Por su parte el arque\u00f3logo Machacuay Romero, sostuvo que son doce centros urbanos en los que se investiga y conserva desde hace casi 30 a\u00f1os, y que para ello se hace uso de nuevas herramientas tecnol\u00f3gicas para lograr obtener un adecuado registro de cada sitio \u201cy se pueda intervenir sin causar da\u00f1os\u201d. Agreg\u00f3 que para las investigaciones se conformaron cinco sedes, y lograr proteger los asentamientos.<\/span><\/p>\n<p><span style=\"font-weight: 400;\">A su turno, el subdirector Pedro Novoa, indic\u00f3 que en cada sede se han creado espacios para el an\u00e1lisis y conservaci\u00f3n de los diferentes hallazgos, llamados \u201cgabinetes\u201d. En estos lugares se encuentra personal especializado para registrar y poner a buen resguardo los objetos que se recuperan.<\/span><\/p>\n<p><span style=\"font-weight: 400;\">Por otro lado, la arque\u00f3loga Edna Quispe, present\u00f3 los logros alcanzados en la gesti\u00f3n de promoci\u00f3n y difusi\u00f3n del patrimonio cultural. En ese sentido mencion\u00f3 las diferentes exposiciones museogr\u00e1ficas que se han realizado en el Per\u00fa y otros pa\u00edses, adem\u00e1s de las publicaciones ilustradas, aptas para todo p\u00fablico, y en especial los talleres de Caral Para Todos y los guiados virtuales por el Museo Caral.<\/span><\/p>\n<p><span style=\"font-weight: 400;\">Y, para concluir, el magister Leyva Arroyo present\u00f3 el principal programa de la instituci\u00f3n: Caral en la Escuela, el cual desde hace m\u00e1s de 10 a\u00f1os, viene llevando a las diferentes escuelas p\u00fablicas del valle de Supe y de Huaura. Actividad permanente que busca transmitir los valores de Caral a los ni\u00f1os y adolescentes, para que se identifiquen con su patrimonio y sean los principales difusores y defensores de la cultura peruana.<\/span><\/p>\n<p><strong>DATO<\/strong><\/p>\n<p><span style=\"font-weight: 400;\">Cada a\u00f1o el Congreso Nacional de Arqueolog\u00eda, busca reunir a los principales investigadores de los diferentes proyectos arqueol\u00f3gicos del pa\u00eds, para presentar los resultados de sus trabajos a expertos, analistas, investigadores, estudiantes, y la comunidad en general, y as\u00ed se mantengan actualizados sobre las intervenciones en el patrimonio cultural del Per\u00fa.<\/span><\/p>\n<p><span style=\"color: #850707;\"><strong style=\"font-size: inherit; text-align: justify;\">Fuente: Comunicaci\u00f3n e Imagen Institucional ZAC<\/strong><\/span><\/p>\n<\/div>\n<div style=\"color: #1f1f1f;\">\n<div style=\"color: #1f1f1f;\">\n<p style=\"text-align: justify;\">Fecha de publicaci\u00f3n: 06\/12\/2023<\/p>\n<\/div>\n<\/div>\n\n\n<p><\/p>","protected":false},"excerpt":{"rendered":"<p>El equipo laboral de la Zona Arqueol\u00f3gica Caral, Unidad Ejecutora 003 del Ministerio de Cultura, encabezado por la doctora Ruth [&hellip;]<\/p>\n","protected":false},"author":1,"featured_media":17268,"comment_status":"closed","ping_status":"open","sticky":false,"template":"","format":"standard","meta":{"_acf_changed":false,"site-sidebar-layout":"default","site-content-layout":"","ast-site-content-layout":"default","site-content-style":"default","site-sidebar-style":"default","ast-global-header-display":"","ast-banner-title-visibility":"","ast-main-header-display":"","ast-hfb-above-header-display":"","ast-hfb-below-header-display":"","ast-hfb-mobile-header-display":"","site-post-title":"","ast-breadcrumbs-content":"","ast-featured-img":"","footer-sml-layout":"","ast-disable-related-posts":"","theme-transparent-header-meta":"","adv-header-id-meta":"","stick-header-meta":"","header-above-stick-meta":"","header-main-stick-meta":"","header-below-stick-meta":"","astra-migrate-meta-layouts":"default","ast-page-background-enabled":"default","ast-page-background-meta":{"desktop":{"background-color":"var(--ast-global-color-5)","background-image":"","background-repeat":"repeat","background-position":"center center","background-size":"auto","background-attachment":"scroll","background-type":"","background-media":"","overlay-type":"","overlay-color":"","overlay-opacity":"","overlay-gradient":""},"tablet":{"background-color":"","background-image":"","background-repeat":"repeat","background-position":"center center","background-size":"auto","background-attachment":"scroll","background-type":"","background-media":"","overlay-type":"","overlay-color":"","overlay-opacity":"","overlay-gradient":""},"mobile":{"background-color":"","background-image":"","background-repeat":"repeat","background-position":"center center","background-size":"auto","background-attachment":"scroll","background-type":"","background-media":"","overlay-type":"","overlay-color":"","overlay-opacity":"","overlay-gradient":""}},"ast-content-background-meta":{"desktop":{"background-color":"var(--ast-global-color-4)","background-image":"","background-repeat":"repeat","background-position":"center center","background-size":"auto","background-attachment":"scroll","background-type":"","background-media":"","overlay-type":"","overlay-color":"","overlay-opacity":"","overlay-gradient":""},"tablet":{"background-color":"var(--ast-global-color-4)","background-image":"","background-repeat":"repeat","background-position":"center center","background-size":"auto","background-attachment":"scroll","background-type":"","background-media":"","overlay-type":"","overlay-color":"","overlay-opacity":"","overlay-gradient":""},"mobile":{"background-color":"var(--ast-global-color-4)","background-image":"","background-repeat":"repeat","background-position":"center center","background-size":"auto","background-attachment":"scroll","background-type":"","background-media":"","overlay-type":"","overlay-color":"","overlay-opacity":"","overlay-gradient":""}},"footnotes":""},"categories":[208],"tags":[55,72],"class_list":["post-17267","post","type-post","status-publish","format-standard","has-post-thumbnail","hentry","category-noticias","tag-caral","tag-cultura"],"acf":[],"yoast_head":"<!-- This site is optimized with the Yoast SEO plugin v27.3 - https:\/\/yoast.com\/product\/yoast-seo-wordpress\/ -->\n<title>Zona Arqueol\u00f3gica Caral present\u00f3 avances de labores en Congreso Nacional de Arqueolog\u00eda 2023<\/title>\n<meta name=\"description\" content=\"El equipo laboral de la Zona Arqueol\u00f3gica Caral, Unidad Ejecutora 003 del Ministerio de Cultura, encabezado por la doctora Ruth Shady Sol\u00eds, present\u00f3 en el X Congreso Nacional de Arqueolog\u00eda 2023, realizado en el Museo Nacional de Arqueolog\u00eda, Antropolog\u00eda e Historia del Per\u00fa, el resultado de los trabajos de investigaci\u00f3n, conservaci\u00f3n y difusi\u00f3n del patrimonio cultural de la Civilizaci\u00f3n Caral.\" \/>\n<meta name=\"robots\" content=\"index, follow, max-snippet:-1, max-image-preview:large, max-video-preview:-1\" \/>\n<link rel=\"canonical\" href=\"https:\/\/zonacaral.gob.pe\/en\/noticias\/zona-arqueologica-caral-presento-avances-de-labores-en-congreso-nacional-de-arqueologia-2023\/\" \/>\n<meta property=\"og:locale\" content=\"en_US\" \/>\n<meta property=\"og:type\" content=\"article\" \/>\n<meta property=\"og:title\" content=\"Zona Arqueol\u00f3gica Caral present\u00f3 avances de labores en Congreso Nacional de Arqueolog\u00eda 2023\" \/>\n<meta property=\"og:description\" content=\"El equipo laboral de la Zona Arqueol\u00f3gica Caral, Unidad Ejecutora 003 del Ministerio de Cultura, encabezado por la doctora Ruth Shady Sol\u00eds, present\u00f3 en el X Congreso Nacional de Arqueolog\u00eda 2023, realizado en el Museo Nacional de Arqueolog\u00eda, Antropolog\u00eda e Historia del Per\u00fa, el resultado de los trabajos de investigaci\u00f3n, conservaci\u00f3n y difusi\u00f3n del patrimonio cultural de la Civilizaci\u00f3n Caral.\" \/>\n<meta property=\"og:url\" content=\"https:\/\/zonacaral.gob.pe\/en\/noticias\/zona-arqueologica-caral-presento-avances-de-labores-en-congreso-nacional-de-arqueologia-2023\/\" \/>\n<meta property=\"og:site_name\" content=\"Zona Caral\" \/>\n<meta property=\"article:published_time\" content=\"2023-12-06T14:45:40+00:00\" \/>\n<meta property=\"og:image\" content=\"https:\/\/zonacaral.gob.pe\/wp-content\/uploads\/2023\/12\/congreso_arqueologia_1.png\" \/>\n\t<meta property=\"og:image:width\" content=\"1000\" \/>\n\t<meta property=\"og:image:height\" content=\"600\" \/>\n\t<meta property=\"og:image:type\" content=\"image\/png\" \/>\n<meta name=\"author\" content=\"Zona Caral Administrador\" \/>\n<meta name=\"twitter:card\" content=\"summary_large_image\" \/>\n<meta name=\"twitter:label1\" content=\"Written by\" \/>\n\t<meta name=\"twitter:data1\" content=\"Zona Caral Administrador\" \/>\n\t<meta name=\"twitter:label2\" content=\"Est. reading time\" \/>\n\t<meta name=\"twitter:data2\" content=\"3 minutes\" \/>\n<script type=\"application\/ld+json\" class=\"yoast-schema-graph\">{\"@context\":\"https:\\\/\\\/schema.org\",\"@graph\":[{\"@type\":\"Article\",\"@id\":\"https:\\\/\\\/zonacaral.gob.pe\\\/es\\\/noticias\\\/zona-arqueologica-caral-presento-avances-de-labores-en-congreso-nacional-de-arqueologia-2023\\\/#article\",\"isPartOf\":{\"@id\":\"https:\\\/\\\/zonacaral.gob.pe\\\/es\\\/noticias\\\/zona-arqueologica-caral-presento-avances-de-labores-en-congreso-nacional-de-arqueologia-2023\\\/\"},\"author\":{\"name\":\"Zona Caral Administrador\",\"@id\":\"https:\\\/\\\/zonacaral.gob.pe\\\/es\\\/#\\\/schema\\\/person\\\/beddb4d22f71a7230c5b90913270a0ee\"},\"headline\":\"Zona Arqueol\u00f3gica Caral present\u00f3 avances de labores en Congreso Nacional de Arqueolog\u00eda 2023\",\"datePublished\":\"2023-12-06T14:45:40+00:00\",\"mainEntityOfPage\":{\"@id\":\"https:\\\/\\\/zonacaral.gob.pe\\\/es\\\/noticias\\\/zona-arqueologica-caral-presento-avances-de-labores-en-congreso-nacional-de-arqueologia-2023\\\/\"},\"wordCount\":626,\"image\":{\"@id\":\"https:\\\/\\\/zonacaral.gob.pe\\\/es\\\/noticias\\\/zona-arqueologica-caral-presento-avances-de-labores-en-congreso-nacional-de-arqueologia-2023\\\/#primaryimage\"},\"thumbnailUrl\":\"https:\\\/\\\/zonacaral.gob.pe\\\/wp-content\\\/uploads\\\/2023\\\/12\\\/congreso_arqueologia_1.png\",\"keywords\":[\"caral\",\"Cultura\"],\"articleSection\":[\"noticias\"],\"inLanguage\":\"en-US\"},{\"@type\":\"WebPage\",\"@id\":\"https:\\\/\\\/zonacaral.gob.pe\\\/es\\\/noticias\\\/zona-arqueologica-caral-presento-avances-de-labores-en-congreso-nacional-de-arqueologia-2023\\\/\",\"url\":\"https:\\\/\\\/zonacaral.gob.pe\\\/es\\\/noticias\\\/zona-arqueologica-caral-presento-avances-de-labores-en-congreso-nacional-de-arqueologia-2023\\\/\",\"name\":\"Zona Arqueol\u00f3gica Caral present\u00f3 avances de labores en Congreso Nacional de Arqueolog\u00eda 2023\",\"isPartOf\":{\"@id\":\"https:\\\/\\\/zonacaral.gob.pe\\\/es\\\/#website\"},\"primaryImageOfPage\":{\"@id\":\"https:\\\/\\\/zonacaral.gob.pe\\\/es\\\/noticias\\\/zona-arqueologica-caral-presento-avances-de-labores-en-congreso-nacional-de-arqueologia-2023\\\/#primaryimage\"},\"image\":{\"@id\":\"https:\\\/\\\/zonacaral.gob.pe\\\/es\\\/noticias\\\/zona-arqueologica-caral-presento-avances-de-labores-en-congreso-nacional-de-arqueologia-2023\\\/#primaryimage\"},\"thumbnailUrl\":\"https:\\\/\\\/zonacaral.gob.pe\\\/wp-content\\\/uploads\\\/2023\\\/12\\\/congreso_arqueologia_1.png\",\"datePublished\":\"2023-12-06T14:45:40+00:00\",\"author\":{\"@id\":\"https:\\\/\\\/zonacaral.gob.pe\\\/es\\\/#\\\/schema\\\/person\\\/beddb4d22f71a7230c5b90913270a0ee\"},\"description\":\"El equipo laboral de la Zona Arqueol\u00f3gica Caral, Unidad Ejecutora 003 del Ministerio de Cultura, encabezado por la doctora Ruth Shady Sol\u00eds, present\u00f3 en el X Congreso Nacional de Arqueolog\u00eda 2023, realizado en el Museo Nacional de Arqueolog\u00eda, Antropolog\u00eda e Historia del Per\u00fa, el resultado de los trabajos de investigaci\u00f3n, conservaci\u00f3n y difusi\u00f3n del patrimonio cultural de la Civilizaci\u00f3n Caral.\",\"breadcrumb\":{\"@id\":\"https:\\\/\\\/zonacaral.gob.pe\\\/es\\\/noticias\\\/zona-arqueologica-caral-presento-avances-de-labores-en-congreso-nacional-de-arqueologia-2023\\\/#breadcrumb\"},\"inLanguage\":\"en-US\",\"potentialAction\":[{\"@type\":\"ReadAction\",\"target\":[\"https:\\\/\\\/zonacaral.gob.pe\\\/es\\\/noticias\\\/zona-arqueologica-caral-presento-avances-de-labores-en-congreso-nacional-de-arqueologia-2023\\\/\"]}]},{\"@type\":\"ImageObject\",\"inLanguage\":\"en-US\",\"@id\":\"https:\\\/\\\/zonacaral.gob.pe\\\/es\\\/noticias\\\/zona-arqueologica-caral-presento-avances-de-labores-en-congreso-nacional-de-arqueologia-2023\\\/#primaryimage\",\"url\":\"https:\\\/\\\/zonacaral.gob.pe\\\/wp-content\\\/uploads\\\/2023\\\/12\\\/congreso_arqueologia_1.png\",\"contentUrl\":\"https:\\\/\\\/zonacaral.gob.pe\\\/wp-content\\\/uploads\\\/2023\\\/12\\\/congreso_arqueologia_1.png\",\"width\":1000,\"height\":600},{\"@type\":\"BreadcrumbList\",\"@id\":\"https:\\\/\\\/zonacaral.gob.pe\\\/es\\\/noticias\\\/zona-arqueologica-caral-presento-avances-de-labores-en-congreso-nacional-de-arqueologia-2023\\\/#breadcrumb\",\"itemListElement\":[{\"@type\":\"ListItem\",\"position\":1,\"name\":\"Portada\",\"item\":\"https:\\\/\\\/zonacaral.gob.pe\\\/\"},{\"@type\":\"ListItem\",\"position\":2,\"name\":\"Zona Arqueol\u00f3gica Caral present\u00f3 avances de labores en Congreso Nacional de Arqueolog\u00eda 2023\"}]},{\"@type\":\"WebSite\",\"@id\":\"https:\\\/\\\/zonacaral.gob.pe\\\/es\\\/#website\",\"url\":\"https:\\\/\\\/zonacaral.gob.pe\\\/es\\\/\",\"name\":\"Zona Caral\",\"description\":\"Investigamos, conservamos y difundimos el patrimonio cultural de la Civilizaci\u00f3n Caral, la m\u00e1s antigua de Am\u00e9rica.\",\"potentialAction\":[{\"@type\":\"SearchAction\",\"target\":{\"@type\":\"EntryPoint\",\"urlTemplate\":\"https:\\\/\\\/zonacaral.gob.pe\\\/es\\\/?s={search_term_string}\"},\"query-input\":{\"@type\":\"PropertyValueSpecification\",\"valueRequired\":true,\"valueName\":\"search_term_string\"}}],\"inLanguage\":\"en-US\"},{\"@type\":\"Person\",\"@id\":\"https:\\\/\\\/zonacaral.gob.pe\\\/es\\\/#\\\/schema\\\/person\\\/beddb4d22f71a7230c5b90913270a0ee\",\"name\":\"Zona Caral Administrador\",\"image\":{\"@type\":\"ImageObject\",\"inLanguage\":\"en-US\",\"@id\":\"https:\\\/\\\/secure.gravatar.com\\\/avatar\\\/e4be162918a696358376de6446614e0f0f4062bdc5d170d6d540ada3d8b58c12?s=96&d=mm&r=g\",\"url\":\"https:\\\/\\\/secure.gravatar.com\\\/avatar\\\/e4be162918a696358376de6446614e0f0f4062bdc5d170d6d540ada3d8b58c12?s=96&d=mm&r=g\",\"contentUrl\":\"https:\\\/\\\/secure.gravatar.com\\\/avatar\\\/e4be162918a696358376de6446614e0f0f4062bdc5d170d6d540ada3d8b58c12?s=96&d=mm&r=g\",\"caption\":\"Zona Caral Administrador\"},\"sameAs\":[\"https:\\\/\\\/zonacaral.gob.pe\"],\"url\":\"https:\\\/\\\/zonacaral.gob.pe\\\/en\\\/noticias\\\/author\\\/ad_zonacaral\\\/\"}]}<\/script>\n<!-- \/ Yoast SEO plugin. -->","yoast_head_json":{"title":"Zona Arqueol\u00f3gica Caral present\u00f3 avances de labores en Congreso Nacional de Arqueolog\u00eda 2023","description":"El equipo laboral de la Zona Arqueol\u00f3gica Caral, Unidad Ejecutora 003 del Ministerio de Cultura, encabezado por la doctora Ruth Shady Sol\u00eds, present\u00f3 en el X Congreso Nacional de Arqueolog\u00eda 2023, realizado en el Museo Nacional de Arqueolog\u00eda, Antropolog\u00eda e Historia del Per\u00fa, el resultado de los trabajos de investigaci\u00f3n, conservaci\u00f3n y difusi\u00f3n del patrimonio cultural de la Civilizaci\u00f3n Caral.","robots":{"index":"index","follow":"follow","max-snippet":"max-snippet:-1","max-image-preview":"max-image-preview:large","max-video-preview":"max-video-preview:-1"},"canonical":"https:\/\/zonacaral.gob.pe\/en\/noticias\/zona-arqueologica-caral-presento-avances-de-labores-en-congreso-nacional-de-arqueologia-2023\/","og_locale":"en_US","og_type":"article","og_title":"Zona Arqueol\u00f3gica Caral present\u00f3 avances de labores en Congreso Nacional de Arqueolog\u00eda 2023","og_description":"El equipo laboral de la Zona Arqueol\u00f3gica Caral, Unidad Ejecutora 003 del Ministerio de Cultura, encabezado por la doctora Ruth Shady Sol\u00eds, present\u00f3 en el X Congreso Nacional de Arqueolog\u00eda 2023, realizado en el Museo Nacional de Arqueolog\u00eda, Antropolog\u00eda e Historia del Per\u00fa, el resultado de los trabajos de investigaci\u00f3n, conservaci\u00f3n y difusi\u00f3n del patrimonio cultural de la Civilizaci\u00f3n Caral.","og_url":"https:\/\/zonacaral.gob.pe\/en\/noticias\/zona-arqueologica-caral-presento-avances-de-labores-en-congreso-nacional-de-arqueologia-2023\/","og_site_name":"Zona Caral","article_published_time":"2023-12-06T14:45:40+00:00","og_image":[{"width":1000,"height":600,"url":"https:\/\/zonacaral.gob.pe\/wp-content\/uploads\/2023\/12\/congreso_arqueologia_1.png","type":"image\/png"}],"author":"Zona Caral Administrador","twitter_card":"summary_large_image","twitter_misc":{"Written by":"Zona Caral Administrador","Est. reading time":"3 minutes"},"schema":{"@context":"https:\/\/schema.org","@graph":[{"@type":"Article","@id":"https:\/\/zonacaral.gob.pe\/es\/noticias\/zona-arqueologica-caral-presento-avances-de-labores-en-congreso-nacional-de-arqueologia-2023\/#article","isPartOf":{"@id":"https:\/\/zonacaral.gob.pe\/es\/noticias\/zona-arqueologica-caral-presento-avances-de-labores-en-congreso-nacional-de-arqueologia-2023\/"},"author":{"name":"Zona Caral Administrador","@id":"https:\/\/zonacaral.gob.pe\/es\/#\/schema\/person\/beddb4d22f71a7230c5b90913270a0ee"},"headline":"Zona Arqueol\u00f3gica Caral present\u00f3 avances de labores en Congreso Nacional de Arqueolog\u00eda 2023","datePublished":"2023-12-06T14:45:40+00:00","mainEntityOfPage":{"@id":"https:\/\/zonacaral.gob.pe\/es\/noticias\/zona-arqueologica-caral-presento-avances-de-labores-en-congreso-nacional-de-arqueologia-2023\/"},"wordCount":626,"image":{"@id":"https:\/\/zonacaral.gob.pe\/es\/noticias\/zona-arqueologica-caral-presento-avances-de-labores-en-congreso-nacional-de-arqueologia-2023\/#primaryimage"},"thumbnailUrl":"https:\/\/zonacaral.gob.pe\/wp-content\/uploads\/2023\/12\/congreso_arqueologia_1.png","keywords":["caral","Cultura"],"articleSection":["noticias"],"inLanguage":"en-US"},{"@type":"WebPage","@id":"https:\/\/zonacaral.gob.pe\/es\/noticias\/zona-arqueologica-caral-presento-avances-de-labores-en-congreso-nacional-de-arqueologia-2023\/","url":"https:\/\/zonacaral.gob.pe\/es\/noticias\/zona-arqueologica-caral-presento-avances-de-labores-en-congreso-nacional-de-arqueologia-2023\/","name":"Zona Arqueol\u00f3gica Caral present\u00f3 avances de labores en Congreso Nacional de Arqueolog\u00eda 2023","isPartOf":{"@id":"https:\/\/zonacaral.gob.pe\/es\/#website"},"primaryImageOfPage":{"@id":"https:\/\/zonacaral.gob.pe\/es\/noticias\/zona-arqueologica-caral-presento-avances-de-labores-en-congreso-nacional-de-arqueologia-2023\/#primaryimage"},"image":{"@id":"https:\/\/zonacaral.gob.pe\/es\/noticias\/zona-arqueologica-caral-presento-avances-de-labores-en-congreso-nacional-de-arqueologia-2023\/#primaryimage"},"thumbnailUrl":"https:\/\/zonacaral.gob.pe\/wp-content\/uploads\/2023\/12\/congreso_arqueologia_1.png","datePublished":"2023-12-06T14:45:40+00:00","author":{"@id":"https:\/\/zonacaral.gob.pe\/es\/#\/schema\/person\/beddb4d22f71a7230c5b90913270a0ee"},"description":"El equipo laboral de la Zona Arqueol\u00f3gica Caral, Unidad Ejecutora 003 del Ministerio de Cultura, encabezado por la doctora Ruth Shady Sol\u00eds, present\u00f3 en el X Congreso Nacional de Arqueolog\u00eda 2023, realizado en el Museo Nacional de Arqueolog\u00eda, Antropolog\u00eda e Historia del Per\u00fa, el resultado de los trabajos de investigaci\u00f3n, conservaci\u00f3n y difusi\u00f3n del patrimonio cultural de la Civilizaci\u00f3n Caral.","breadcrumb":{"@id":"https:\/\/zonacaral.gob.pe\/es\/noticias\/zona-arqueologica-caral-presento-avances-de-labores-en-congreso-nacional-de-arqueologia-2023\/#breadcrumb"},"inLanguage":"en-US","potentialAction":[{"@type":"ReadAction","target":["https:\/\/zonacaral.gob.pe\/es\/noticias\/zona-arqueologica-caral-presento-avances-de-labores-en-congreso-nacional-de-arqueologia-2023\/"]}]},{"@type":"ImageObject","inLanguage":"en-US","@id":"https:\/\/zonacaral.gob.pe\/es\/noticias\/zona-arqueologica-caral-presento-avances-de-labores-en-congreso-nacional-de-arqueologia-2023\/#primaryimage","url":"https:\/\/zonacaral.gob.pe\/wp-content\/uploads\/2023\/12\/congreso_arqueologia_1.png","contentUrl":"https:\/\/zonacaral.gob.pe\/wp-content\/uploads\/2023\/12\/congreso_arqueologia_1.png","width":1000,"height":600},{"@type":"BreadcrumbList","@id":"https:\/\/zonacaral.gob.pe\/es\/noticias\/zona-arqueologica-caral-presento-avances-de-labores-en-congreso-nacional-de-arqueologia-2023\/#breadcrumb","itemListElement":[{"@type":"ListItem","position":1,"name":"Portada","item":"https:\/\/zonacaral.gob.pe\/"},{"@type":"ListItem","position":2,"name":"Zona Arqueol\u00f3gica Caral present\u00f3 avances de labores en Congreso Nacional de Arqueolog\u00eda 2023"}]},{"@type":"WebSite","@id":"https:\/\/zonacaral.gob.pe\/es\/#website","url":"https:\/\/zonacaral.gob.pe\/es\/","name":"Zona Caral","description":"Investigamos, conservamos y difundimos el patrimonio cultural de la Civilizaci\u00f3n Caral, la m\u00e1s antigua de Am\u00e9rica.","potentialAction":[{"@type":"SearchAction","target":{"@type":"EntryPoint","urlTemplate":"https:\/\/zonacaral.gob.pe\/es\/?s={search_term_string}"},"query-input":{"@type":"PropertyValueSpecification","valueRequired":true,"valueName":"search_term_string"}}],"inLanguage":"en-US"},{"@type":"Person","@id":"https:\/\/zonacaral.gob.pe\/es\/#\/schema\/person\/beddb4d22f71a7230c5b90913270a0ee","name":"Zona Caral Administrador","image":{"@type":"ImageObject","inLanguage":"en-US","@id":"https:\/\/secure.gravatar.com\/avatar\/e4be162918a696358376de6446614e0f0f4062bdc5d170d6d540ada3d8b58c12?s=96&d=mm&r=g","url":"https:\/\/secure.gravatar.com\/avatar\/e4be162918a696358376de6446614e0f0f4062bdc5d170d6d540ada3d8b58c12?s=96&d=mm&r=g","contentUrl":"https:\/\/secure.gravatar.com\/avatar\/e4be162918a696358376de6446614e0f0f4062bdc5d170d6d540ada3d8b58c12?s=96&d=mm&r=g","caption":"Zona Caral Administrador"},"sameAs":["https:\/\/zonacaral.gob.pe"],"url":"https:\/\/zonacaral.gob.pe\/en\/noticias\/author\/ad_zonacaral\/"}]}},"_links":{"self":[{"href":"https:\/\/zonacaral.gob.pe\/en\/wp-json\/wp\/v2\/posts\/17267","targetHints":{"allow":["GET"]}}],"collection":[{"href":"https:\/\/zonacaral.gob.pe\/en\/wp-json\/wp\/v2\/posts"}],"about":[{"href":"https:\/\/zonacaral.gob.pe\/en\/wp-json\/wp\/v2\/types\/post"}],"author":[{"embeddable":true,"href":"https:\/\/zonacaral.gob.pe\/en\/wp-json\/wp\/v2\/users\/1"}],"replies":[{"embeddable":true,"href":"https:\/\/zonacaral.gob.pe\/en\/wp-json\/wp\/v2\/comments?post=17267"}],"version-history":[{"count":0,"href":"https:\/\/zonacaral.gob.pe\/en\/wp-json\/wp\/v2\/posts\/17267\/revisions"}],"wp:featuredmedia":[{"embeddable":true,"href":"https:\/\/zonacaral.gob.pe\/en\/wp-json\/wp\/v2\/media\/17268"}],"wp:attachment":[{"href":"https:\/\/zonacaral.gob.pe\/en\/wp-json\/wp\/v2\/media?parent=17267"}],"wp:term":[{"taxonomy":"category","embeddable":true,"href":"https:\/\/zonacaral.gob.pe\/en\/wp-json\/wp\/v2\/categories?post=17267"},{"taxonomy":"post_tag","embeddable":true,"href":"https:\/\/zonacaral.gob.pe\/en\/wp-json\/wp\/v2\/tags?post=17267"}],"curies":[{"name":"wp","href":"https:\/\/api.w.org\/{rel}","templated":true}]}}