{"id":17283,"date":"2023-12-11T16:36:18","date_gmt":"2023-12-11T21:36:18","guid":{"rendered":"https:\/\/www.zonacaral.gob.pe\/?p=17283"},"modified":"2023-12-11T16:36:18","modified_gmt":"2023-12-11T21:36:18","slug":"entregan-a-la-doctora-ruth-shady-la-medalla-orden-del-sol-sanmarquino-del-bicentenario","status":"publish","type":"post","link":"https:\/\/zonacaral.gob.pe\/en\/noticias\/entregan-a-la-doctora-ruth-shady-la-medalla-orden-del-sol-sanmarquino-del-bicentenario\/","title":{"rendered":"Entregan a la doctora Ruth Shady la Medalla \u201cOrden del Sol Sanmarquino del Bicentenario\u201d"},"content":{"rendered":"<figure class=\"pic-autor\" style=\"color: #4d4d4d; text-align: justify;\"><\/figure>\n<div class=\"gmail_default\" style=\"text-align: justify;\">\n<blockquote>\n<p><i><span style=\"font-weight: 400;\">Nuevo reconocimiento a la principal investigadora de la Civilizaci\u00f3n Caral.<\/span><\/i><\/p>\n<\/blockquote>\n<p><span style=\"font-weight: 400;\">La Rectora de la Universidad Nacional Mayor de San Marcos, doctora Jeri Ram\u00f3n Ruffner, entreg\u00f3 la medalla \u201cOrden del Sol Sanmarquino del Bicentenario\u201d a la arque\u00f3loga Ruth Shady Sol\u00eds, directora de la <\/span><a href=\"https:\/\/t.me\/Caral_Peru\"><span style=\"font-weight: 400;\">Zona Arqueol\u00f3gica Caral<\/span><\/a><span style=\"font-weight: 400;\">, Unidad Ejecutora 003 del Ministerio de Cultura, por su labor de revalorizaci\u00f3n y dataci\u00f3n del sitio arqueol\u00f3gico de Caral, el descubrimiento de la cultura precer\u00e1mica m\u00e1s antigua de Am\u00e9rica.<\/span><\/p>\n<p><span style=\"font-weight: 400;\">En la actividad tambi\u00e9n fueron reconocidos los sobresalientes investigadores Mario Urbina Schmit, por su labor en el descubrimiento del Perucetus colossus, el animal m\u00e1s pesado de la tierra, y Federico Kauffmann Doig, por sus aportes al estudio de las civilizaciones del antiguo Per\u00fa: la cultura Chav\u00edn y la cultura Chachapoyas.<\/span><\/p>\n<p><span style=\"font-weight: 400;\">\u201cHoy San Marcos se llena de orgullo, con este reconocimiento que hace la Decana de Am\u00e9rica a sus investigadores, con esta medalla que se entrega a sus docentes, autoridades, investigadores sobresalientes y con trascendencia en el pa\u00eds, como Ruth Shady, es un ejemplo de muchas generaciones\u201d, dijo la rectora Ram\u00f3n Ruffner.<\/span><\/p>\n<p><span style=\"font-weight: 400;\">\u201cRuth Shady, es una l\u00edder en investigaci\u00f3n, con una importante trayectoria profesional, con valores \u00e9ticos y morales. Es el rostro del bicentenario, es la investigadora que todo el mundo sabe lo que representa. Es un ejemplo y modelo de mujer, para las mujeres que antes ve\u00edan la investigaci\u00f3n con una limitaci\u00f3n, hoy podemos decir que las mujeres tambi\u00e9n hacemos investigaciones de calidad\u201d, agreg\u00f3.<\/span><\/p>\n<p><span style=\"font-weight: 400;\">Por su lado, la docente sanmarquina Shady Sol\u00eds, sostuvo que debe ser labor de la Universidad Nacional Mayor de San Marcos, el transmitir a las nuevas generaciones, a los universitarios, la visi\u00f3n de un pa\u00eds desarrollado.<\/span><\/p>\n<p><span style=\"font-weight: 400;\">\u201cUna visi\u00f3n de compartir, de que todos los ciudadanos tengamos las condiciones de vida adecuadas&#8230; Debemos conocer nuestra historia, recuperarla y generar reflexiones en nuestras nuevas generaciones. Hay mucho por hacer, ver qu\u00e9 cambios debemos promover para mejorar las condiciones de vida en la actualidad y futuro, y tener el \u2018Buen Vivir\u2019\u201d, indic\u00f3.<\/span><\/p>\n<p><strong>DATO<\/strong><\/p>\n<p><span style=\"font-weight: 400;\">Desde 1994, la doctora Ruth Shady Sol\u00eds, junto a su equipo multidisciplinario, trabaja en la investigaci\u00f3n y conservaci\u00f3n, y, adem\u00e1s, en la difusi\u00f3n de doce antiguos centros urbanos (de 25 identificados) vinculados con la Civilizaci\u00f3n Caral, considerada como la primera del continente americano.<\/span><\/p>\n<p><span style=\"font-weight: 400;\">Esta labor ha convertido a nuestro pa\u00eds, en muchos momentos, en el foco del mundo; debido a que sus hallazgos causan asombro y generan el inter\u00e9s de la comunidad internacional en general.&nbsp;<\/span><\/p>\n<p><span style=\"color: #850707;\"><strong style=\"font-size: inherit; text-align: justify;\">Fuente: Comunicaci\u00f3n e Imagen Institucional ZAC<\/strong><\/span><\/p>\n<\/div>\n<div style=\"color: #1f1f1f;\">\n<div style=\"color: #1f1f1f;\">\n<p style=\"text-align: justify;\">Fecha de publicaci\u00f3n: 11\/12\/2023<\/p>\n<\/div>\n<\/div>\n\n\n<p><\/p>","protected":false},"excerpt":{"rendered":"<p>Nuevo reconocimiento a la principal investigadora de la Civilizaci\u00f3n Caral. La Rectora de la Universidad Nacional Mayor de San Marcos, [&hellip;]<\/p>\n","protected":false},"author":1,"featured_media":17285,"comment_status":"closed","ping_status":"open","sticky":false,"template":"","format":"standard","meta":{"_acf_changed":false,"site-sidebar-layout":"default","site-content-layout":"","ast-site-content-layout":"default","site-content-style":"default","site-sidebar-style":"default","ast-global-header-display":"","ast-banner-title-visibility":"","ast-main-header-display":"","ast-hfb-above-header-display":"","ast-hfb-below-header-display":"","ast-hfb-mobile-header-display":"","site-post-title":"","ast-breadcrumbs-content":"","ast-featured-img":"","footer-sml-layout":"","ast-disable-related-posts":"","theme-transparent-header-meta":"","adv-header-id-meta":"","stick-header-meta":"","header-above-stick-meta":"","header-main-stick-meta":"","header-below-stick-meta":"","astra-migrate-meta-layouts":"default","ast-page-background-enabled":"default","ast-page-background-meta":{"desktop":{"background-color":"var(--ast-global-color-5)","background-image":"","background-repeat":"repeat","background-position":"center center","background-size":"auto","background-attachment":"scroll","background-type":"","background-media":"","overlay-type":"","overlay-color":"","overlay-opacity":"","overlay-gradient":""},"tablet":{"background-color":"","background-image":"","background-repeat":"repeat","background-position":"center center","background-size":"auto","background-attachment":"scroll","background-type":"","background-media":"","overlay-type":"","overlay-color":"","overlay-opacity":"","overlay-gradient":""},"mobile":{"background-color":"","background-image":"","background-repeat":"repeat","background-position":"center center","background-size":"auto","background-attachment":"scroll","background-type":"","background-media":"","overlay-type":"","overlay-color":"","overlay-opacity":"","overlay-gradient":""}},"ast-content-background-meta":{"desktop":{"background-color":"var(--ast-global-color-4)","background-image":"","background-repeat":"repeat","background-position":"center center","background-size":"auto","background-attachment":"scroll","background-type":"","background-media":"","overlay-type":"","overlay-color":"","overlay-opacity":"","overlay-gradient":""},"tablet":{"background-color":"var(--ast-global-color-4)","background-image":"","background-repeat":"repeat","background-position":"center center","background-size":"auto","background-attachment":"scroll","background-type":"","background-media":"","overlay-type":"","overlay-color":"","overlay-opacity":"","overlay-gradient":""},"mobile":{"background-color":"var(--ast-global-color-4)","background-image":"","background-repeat":"repeat","background-position":"center center","background-size":"auto","background-attachment":"scroll","background-type":"","background-media":"","overlay-type":"","overlay-color":"","overlay-opacity":"","overlay-gradient":""}},"footnotes":""},"categories":[208],"tags":[55,72],"class_list":["post-17283","post","type-post","status-publish","format-standard","has-post-thumbnail","hentry","category-noticias","tag-caral","tag-cultura"],"acf":[],"yoast_head":"<!-- This site is optimized with the Yoast SEO plugin v27.3 - https:\/\/yoast.com\/product\/yoast-seo-wordpress\/ -->\n<title>Entregan a la doctora Ruth Shady la Medalla \u201cOrden del Sol Sanmarquino del Bicentenario\u201d<\/title>\n<meta name=\"description\" content=\"La Rectora de la Universidad Nacional Mayor de San Marcos, doctora Jeri Ram\u00f3n Ruffner, entreg\u00f3 la medalla \u201cOrden del Sol Sanmarquino del Bicentenario\u201d a la arque\u00f3loga Ruth Shady Sol\u00eds, directora de la Zona Arqueol\u00f3gica Caral, Unidad Ejecutora 003 del Ministerio de Cultura, por su labor de revalorizaci\u00f3n y dataci\u00f3n del sitio arqueol\u00f3gico de Caral, el descubrimiento de la cultura precer\u00e1mica m\u00e1s antigua de Am\u00e9rica.\" \/>\n<meta name=\"robots\" content=\"index, follow, max-snippet:-1, max-image-preview:large, max-video-preview:-1\" \/>\n<link rel=\"canonical\" href=\"https:\/\/zonacaral.gob.pe\/en\/noticias\/entregan-a-la-doctora-ruth-shady-la-medalla-orden-del-sol-sanmarquino-del-bicentenario\/\" \/>\n<meta property=\"og:locale\" content=\"en_US\" \/>\n<meta property=\"og:type\" content=\"article\" \/>\n<meta property=\"og:title\" content=\"Entregan a la doctora Ruth Shady la Medalla \u201cOrden del Sol Sanmarquino del Bicentenario\u201d\" \/>\n<meta property=\"og:description\" content=\"La Rectora de la Universidad Nacional Mayor de San Marcos, doctora Jeri Ram\u00f3n Ruffner, entreg\u00f3 la medalla \u201cOrden del Sol Sanmarquino del Bicentenario\u201d a la arque\u00f3loga Ruth Shady Sol\u00eds, directora de la Zona Arqueol\u00f3gica Caral, Unidad Ejecutora 003 del Ministerio de Cultura, por su labor de revalorizaci\u00f3n y dataci\u00f3n del sitio arqueol\u00f3gico de Caral, el descubrimiento de la cultura precer\u00e1mica m\u00e1s antigua de Am\u00e9rica.\" \/>\n<meta property=\"og:url\" content=\"https:\/\/zonacaral.gob.pe\/en\/noticias\/entregan-a-la-doctora-ruth-shady-la-medalla-orden-del-sol-sanmarquino-del-bicentenario\/\" \/>\n<meta property=\"og:site_name\" content=\"Zona Caral\" \/>\n<meta property=\"article:published_time\" content=\"2023-12-11T21:36:18+00:00\" \/>\n<meta property=\"og:image\" content=\"https:\/\/zonacaral.gob.pe\/wp-content\/uploads\/2023\/12\/condecoracion-1.png\" \/>\n\t<meta property=\"og:image:width\" content=\"1000\" \/>\n\t<meta property=\"og:image:height\" content=\"600\" \/>\n\t<meta property=\"og:image:type\" content=\"image\/png\" \/>\n<meta name=\"author\" content=\"Zona Caral Administrador\" \/>\n<meta name=\"twitter:card\" content=\"summary_large_image\" \/>\n<meta name=\"twitter:label1\" content=\"Written by\" \/>\n\t<meta name=\"twitter:data1\" content=\"Zona Caral Administrador\" \/>\n\t<meta name=\"twitter:label2\" content=\"Est. reading time\" \/>\n\t<meta name=\"twitter:data2\" content=\"2 minutes\" \/>\n<script type=\"application\/ld+json\" class=\"yoast-schema-graph\">{\"@context\":\"https:\\\/\\\/schema.org\",\"@graph\":[{\"@type\":\"Article\",\"@id\":\"https:\\\/\\\/zonacaral.gob.pe\\\/es\\\/noticias\\\/entregan-a-la-doctora-ruth-shady-la-medalla-orden-del-sol-sanmarquino-del-bicentenario\\\/#article\",\"isPartOf\":{\"@id\":\"https:\\\/\\\/zonacaral.gob.pe\\\/es\\\/noticias\\\/entregan-a-la-doctora-ruth-shady-la-medalla-orden-del-sol-sanmarquino-del-bicentenario\\\/\"},\"author\":{\"name\":\"Zona Caral Administrador\",\"@id\":\"https:\\\/\\\/zonacaral.gob.pe\\\/es\\\/#\\\/schema\\\/person\\\/beddb4d22f71a7230c5b90913270a0ee\"},\"headline\":\"Entregan a la doctora Ruth Shady la Medalla \u201cOrden del Sol Sanmarquino del Bicentenario\u201d\",\"datePublished\":\"2023-12-11T21:36:18+00:00\",\"mainEntityOfPage\":{\"@id\":\"https:\\\/\\\/zonacaral.gob.pe\\\/es\\\/noticias\\\/entregan-a-la-doctora-ruth-shady-la-medalla-orden-del-sol-sanmarquino-del-bicentenario\\\/\"},\"wordCount\":461,\"image\":{\"@id\":\"https:\\\/\\\/zonacaral.gob.pe\\\/es\\\/noticias\\\/entregan-a-la-doctora-ruth-shady-la-medalla-orden-del-sol-sanmarquino-del-bicentenario\\\/#primaryimage\"},\"thumbnailUrl\":\"https:\\\/\\\/zonacaral.gob.pe\\\/wp-content\\\/uploads\\\/2023\\\/12\\\/condecoracion-1.png\",\"keywords\":[\"caral\",\"Cultura\"],\"articleSection\":[\"noticias\"],\"inLanguage\":\"en-US\"},{\"@type\":\"WebPage\",\"@id\":\"https:\\\/\\\/zonacaral.gob.pe\\\/es\\\/noticias\\\/entregan-a-la-doctora-ruth-shady-la-medalla-orden-del-sol-sanmarquino-del-bicentenario\\\/\",\"url\":\"https:\\\/\\\/zonacaral.gob.pe\\\/es\\\/noticias\\\/entregan-a-la-doctora-ruth-shady-la-medalla-orden-del-sol-sanmarquino-del-bicentenario\\\/\",\"name\":\"Entregan a la doctora Ruth Shady la Medalla \u201cOrden del Sol Sanmarquino del Bicentenario\u201d\",\"isPartOf\":{\"@id\":\"https:\\\/\\\/zonacaral.gob.pe\\\/es\\\/#website\"},\"primaryImageOfPage\":{\"@id\":\"https:\\\/\\\/zonacaral.gob.pe\\\/es\\\/noticias\\\/entregan-a-la-doctora-ruth-shady-la-medalla-orden-del-sol-sanmarquino-del-bicentenario\\\/#primaryimage\"},\"image\":{\"@id\":\"https:\\\/\\\/zonacaral.gob.pe\\\/es\\\/noticias\\\/entregan-a-la-doctora-ruth-shady-la-medalla-orden-del-sol-sanmarquino-del-bicentenario\\\/#primaryimage\"},\"thumbnailUrl\":\"https:\\\/\\\/zonacaral.gob.pe\\\/wp-content\\\/uploads\\\/2023\\\/12\\\/condecoracion-1.png\",\"datePublished\":\"2023-12-11T21:36:18+00:00\",\"author\":{\"@id\":\"https:\\\/\\\/zonacaral.gob.pe\\\/es\\\/#\\\/schema\\\/person\\\/beddb4d22f71a7230c5b90913270a0ee\"},\"description\":\"La Rectora de la Universidad Nacional Mayor de San Marcos, doctora Jeri Ram\u00f3n Ruffner, entreg\u00f3 la medalla \u201cOrden del Sol Sanmarquino del Bicentenario\u201d a la arque\u00f3loga Ruth Shady Sol\u00eds, directora de la Zona Arqueol\u00f3gica Caral, Unidad Ejecutora 003 del Ministerio de Cultura, por su labor de revalorizaci\u00f3n y dataci\u00f3n del sitio arqueol\u00f3gico de Caral, el descubrimiento de la cultura precer\u00e1mica m\u00e1s antigua de Am\u00e9rica.\",\"breadcrumb\":{\"@id\":\"https:\\\/\\\/zonacaral.gob.pe\\\/es\\\/noticias\\\/entregan-a-la-doctora-ruth-shady-la-medalla-orden-del-sol-sanmarquino-del-bicentenario\\\/#breadcrumb\"},\"inLanguage\":\"en-US\",\"potentialAction\":[{\"@type\":\"ReadAction\",\"target\":[\"https:\\\/\\\/zonacaral.gob.pe\\\/es\\\/noticias\\\/entregan-a-la-doctora-ruth-shady-la-medalla-orden-del-sol-sanmarquino-del-bicentenario\\\/\"]}]},{\"@type\":\"ImageObject\",\"inLanguage\":\"en-US\",\"@id\":\"https:\\\/\\\/zonacaral.gob.pe\\\/es\\\/noticias\\\/entregan-a-la-doctora-ruth-shady-la-medalla-orden-del-sol-sanmarquino-del-bicentenario\\\/#primaryimage\",\"url\":\"https:\\\/\\\/zonacaral.gob.pe\\\/wp-content\\\/uploads\\\/2023\\\/12\\\/condecoracion-1.png\",\"contentUrl\":\"https:\\\/\\\/zonacaral.gob.pe\\\/wp-content\\\/uploads\\\/2023\\\/12\\\/condecoracion-1.png\",\"width\":1000,\"height\":600},{\"@type\":\"BreadcrumbList\",\"@id\":\"https:\\\/\\\/zonacaral.gob.pe\\\/es\\\/noticias\\\/entregan-a-la-doctora-ruth-shady-la-medalla-orden-del-sol-sanmarquino-del-bicentenario\\\/#breadcrumb\",\"itemListElement\":[{\"@type\":\"ListItem\",\"position\":1,\"name\":\"Portada\",\"item\":\"https:\\\/\\\/zonacaral.gob.pe\\\/\"},{\"@type\":\"ListItem\",\"position\":2,\"name\":\"Entregan a la doctora Ruth Shady la Medalla \u201cOrden del Sol Sanmarquino del Bicentenario\u201d\"}]},{\"@type\":\"WebSite\",\"@id\":\"https:\\\/\\\/zonacaral.gob.pe\\\/es\\\/#website\",\"url\":\"https:\\\/\\\/zonacaral.gob.pe\\\/es\\\/\",\"name\":\"Zona Caral\",\"description\":\"Investigamos, conservamos y difundimos el patrimonio cultural de la Civilizaci\u00f3n Caral, la m\u00e1s antigua de Am\u00e9rica.\",\"potentialAction\":[{\"@type\":\"SearchAction\",\"target\":{\"@type\":\"EntryPoint\",\"urlTemplate\":\"https:\\\/\\\/zonacaral.gob.pe\\\/es\\\/?s={search_term_string}\"},\"query-input\":{\"@type\":\"PropertyValueSpecification\",\"valueRequired\":true,\"valueName\":\"search_term_string\"}}],\"inLanguage\":\"en-US\"},{\"@type\":\"Person\",\"@id\":\"https:\\\/\\\/zonacaral.gob.pe\\\/es\\\/#\\\/schema\\\/person\\\/beddb4d22f71a7230c5b90913270a0ee\",\"name\":\"Zona Caral Administrador\",\"image\":{\"@type\":\"ImageObject\",\"inLanguage\":\"en-US\",\"@id\":\"https:\\\/\\\/secure.gravatar.com\\\/avatar\\\/e4be162918a696358376de6446614e0f0f4062bdc5d170d6d540ada3d8b58c12?s=96&d=mm&r=g\",\"url\":\"https:\\\/\\\/secure.gravatar.com\\\/avatar\\\/e4be162918a696358376de6446614e0f0f4062bdc5d170d6d540ada3d8b58c12?s=96&d=mm&r=g\",\"contentUrl\":\"https:\\\/\\\/secure.gravatar.com\\\/avatar\\\/e4be162918a696358376de6446614e0f0f4062bdc5d170d6d540ada3d8b58c12?s=96&d=mm&r=g\",\"caption\":\"Zona Caral Administrador\"},\"sameAs\":[\"https:\\\/\\\/zonacaral.gob.pe\"],\"url\":\"https:\\\/\\\/zonacaral.gob.pe\\\/en\\\/noticias\\\/author\\\/ad_zonacaral\\\/\"}]}<\/script>\n<!-- \/ Yoast SEO plugin. -->","yoast_head_json":{"title":"Entregan a la doctora Ruth Shady la Medalla \u201cOrden del Sol Sanmarquino del Bicentenario\u201d","description":"La Rectora de la Universidad Nacional Mayor de San Marcos, doctora Jeri Ram\u00f3n Ruffner, entreg\u00f3 la medalla \u201cOrden del Sol Sanmarquino del Bicentenario\u201d a la arque\u00f3loga Ruth Shady Sol\u00eds, directora de la Zona Arqueol\u00f3gica Caral, Unidad Ejecutora 003 del Ministerio de Cultura, por su labor de revalorizaci\u00f3n y dataci\u00f3n del sitio arqueol\u00f3gico de Caral, el descubrimiento de la cultura precer\u00e1mica m\u00e1s antigua de Am\u00e9rica.","robots":{"index":"index","follow":"follow","max-snippet":"max-snippet:-1","max-image-preview":"max-image-preview:large","max-video-preview":"max-video-preview:-1"},"canonical":"https:\/\/zonacaral.gob.pe\/en\/noticias\/entregan-a-la-doctora-ruth-shady-la-medalla-orden-del-sol-sanmarquino-del-bicentenario\/","og_locale":"en_US","og_type":"article","og_title":"Entregan a la doctora Ruth Shady la Medalla \u201cOrden del Sol Sanmarquino del Bicentenario\u201d","og_description":"La Rectora de la Universidad Nacional Mayor de San Marcos, doctora Jeri Ram\u00f3n Ruffner, entreg\u00f3 la medalla \u201cOrden del Sol Sanmarquino del Bicentenario\u201d a la arque\u00f3loga Ruth Shady Sol\u00eds, directora de la Zona Arqueol\u00f3gica Caral, Unidad Ejecutora 003 del Ministerio de Cultura, por su labor de revalorizaci\u00f3n y dataci\u00f3n del sitio arqueol\u00f3gico de Caral, el descubrimiento de la cultura precer\u00e1mica m\u00e1s antigua de Am\u00e9rica.","og_url":"https:\/\/zonacaral.gob.pe\/en\/noticias\/entregan-a-la-doctora-ruth-shady-la-medalla-orden-del-sol-sanmarquino-del-bicentenario\/","og_site_name":"Zona Caral","article_published_time":"2023-12-11T21:36:18+00:00","og_image":[{"width":1000,"height":600,"url":"https:\/\/zonacaral.gob.pe\/wp-content\/uploads\/2023\/12\/condecoracion-1.png","type":"image\/png"}],"author":"Zona Caral Administrador","twitter_card":"summary_large_image","twitter_misc":{"Written by":"Zona Caral Administrador","Est. reading time":"2 minutes"},"schema":{"@context":"https:\/\/schema.org","@graph":[{"@type":"Article","@id":"https:\/\/zonacaral.gob.pe\/es\/noticias\/entregan-a-la-doctora-ruth-shady-la-medalla-orden-del-sol-sanmarquino-del-bicentenario\/#article","isPartOf":{"@id":"https:\/\/zonacaral.gob.pe\/es\/noticias\/entregan-a-la-doctora-ruth-shady-la-medalla-orden-del-sol-sanmarquino-del-bicentenario\/"},"author":{"name":"Zona Caral Administrador","@id":"https:\/\/zonacaral.gob.pe\/es\/#\/schema\/person\/beddb4d22f71a7230c5b90913270a0ee"},"headline":"Entregan a la doctora Ruth Shady la Medalla \u201cOrden del Sol Sanmarquino del Bicentenario\u201d","datePublished":"2023-12-11T21:36:18+00:00","mainEntityOfPage":{"@id":"https:\/\/zonacaral.gob.pe\/es\/noticias\/entregan-a-la-doctora-ruth-shady-la-medalla-orden-del-sol-sanmarquino-del-bicentenario\/"},"wordCount":461,"image":{"@id":"https:\/\/zonacaral.gob.pe\/es\/noticias\/entregan-a-la-doctora-ruth-shady-la-medalla-orden-del-sol-sanmarquino-del-bicentenario\/#primaryimage"},"thumbnailUrl":"https:\/\/zonacaral.gob.pe\/wp-content\/uploads\/2023\/12\/condecoracion-1.png","keywords":["caral","Cultura"],"articleSection":["noticias"],"inLanguage":"en-US"},{"@type":"WebPage","@id":"https:\/\/zonacaral.gob.pe\/es\/noticias\/entregan-a-la-doctora-ruth-shady-la-medalla-orden-del-sol-sanmarquino-del-bicentenario\/","url":"https:\/\/zonacaral.gob.pe\/es\/noticias\/entregan-a-la-doctora-ruth-shady-la-medalla-orden-del-sol-sanmarquino-del-bicentenario\/","name":"Entregan a la doctora Ruth Shady la Medalla \u201cOrden del Sol Sanmarquino del Bicentenario\u201d","isPartOf":{"@id":"https:\/\/zonacaral.gob.pe\/es\/#website"},"primaryImageOfPage":{"@id":"https:\/\/zonacaral.gob.pe\/es\/noticias\/entregan-a-la-doctora-ruth-shady-la-medalla-orden-del-sol-sanmarquino-del-bicentenario\/#primaryimage"},"image":{"@id":"https:\/\/zonacaral.gob.pe\/es\/noticias\/entregan-a-la-doctora-ruth-shady-la-medalla-orden-del-sol-sanmarquino-del-bicentenario\/#primaryimage"},"thumbnailUrl":"https:\/\/zonacaral.gob.pe\/wp-content\/uploads\/2023\/12\/condecoracion-1.png","datePublished":"2023-12-11T21:36:18+00:00","author":{"@id":"https:\/\/zonacaral.gob.pe\/es\/#\/schema\/person\/beddb4d22f71a7230c5b90913270a0ee"},"description":"La Rectora de la Universidad Nacional Mayor de San Marcos, doctora Jeri Ram\u00f3n Ruffner, entreg\u00f3 la medalla \u201cOrden del Sol Sanmarquino del Bicentenario\u201d a la arque\u00f3loga Ruth Shady Sol\u00eds, directora de la Zona Arqueol\u00f3gica Caral, Unidad Ejecutora 003 del Ministerio de Cultura, por su labor de revalorizaci\u00f3n y dataci\u00f3n del sitio arqueol\u00f3gico de Caral, el descubrimiento de la cultura precer\u00e1mica m\u00e1s antigua de Am\u00e9rica.","breadcrumb":{"@id":"https:\/\/zonacaral.gob.pe\/es\/noticias\/entregan-a-la-doctora-ruth-shady-la-medalla-orden-del-sol-sanmarquino-del-bicentenario\/#breadcrumb"},"inLanguage":"en-US","potentialAction":[{"@type":"ReadAction","target":["https:\/\/zonacaral.gob.pe\/es\/noticias\/entregan-a-la-doctora-ruth-shady-la-medalla-orden-del-sol-sanmarquino-del-bicentenario\/"]}]},{"@type":"ImageObject","inLanguage":"en-US","@id":"https:\/\/zonacaral.gob.pe\/es\/noticias\/entregan-a-la-doctora-ruth-shady-la-medalla-orden-del-sol-sanmarquino-del-bicentenario\/#primaryimage","url":"https:\/\/zonacaral.gob.pe\/wp-content\/uploads\/2023\/12\/condecoracion-1.png","contentUrl":"https:\/\/zonacaral.gob.pe\/wp-content\/uploads\/2023\/12\/condecoracion-1.png","width":1000,"height":600},{"@type":"BreadcrumbList","@id":"https:\/\/zonacaral.gob.pe\/es\/noticias\/entregan-a-la-doctora-ruth-shady-la-medalla-orden-del-sol-sanmarquino-del-bicentenario\/#breadcrumb","itemListElement":[{"@type":"ListItem","position":1,"name":"Portada","item":"https:\/\/zonacaral.gob.pe\/"},{"@type":"ListItem","position":2,"name":"Entregan a la doctora Ruth Shady la Medalla \u201cOrden del Sol Sanmarquino del Bicentenario\u201d"}]},{"@type":"WebSite","@id":"https:\/\/zonacaral.gob.pe\/es\/#website","url":"https:\/\/zonacaral.gob.pe\/es\/","name":"Zona Caral","description":"Investigamos, conservamos y difundimos el patrimonio cultural de la Civilizaci\u00f3n Caral, la m\u00e1s antigua de Am\u00e9rica.","potentialAction":[{"@type":"SearchAction","target":{"@type":"EntryPoint","urlTemplate":"https:\/\/zonacaral.gob.pe\/es\/?s={search_term_string}"},"query-input":{"@type":"PropertyValueSpecification","valueRequired":true,"valueName":"search_term_string"}}],"inLanguage":"en-US"},{"@type":"Person","@id":"https:\/\/zonacaral.gob.pe\/es\/#\/schema\/person\/beddb4d22f71a7230c5b90913270a0ee","name":"Zona Caral Administrador","image":{"@type":"ImageObject","inLanguage":"en-US","@id":"https:\/\/secure.gravatar.com\/avatar\/e4be162918a696358376de6446614e0f0f4062bdc5d170d6d540ada3d8b58c12?s=96&d=mm&r=g","url":"https:\/\/secure.gravatar.com\/avatar\/e4be162918a696358376de6446614e0f0f4062bdc5d170d6d540ada3d8b58c12?s=96&d=mm&r=g","contentUrl":"https:\/\/secure.gravatar.com\/avatar\/e4be162918a696358376de6446614e0f0f4062bdc5d170d6d540ada3d8b58c12?s=96&d=mm&r=g","caption":"Zona Caral Administrador"},"sameAs":["https:\/\/zonacaral.gob.pe"],"url":"https:\/\/zonacaral.gob.pe\/en\/noticias\/author\/ad_zonacaral\/"}]}},"_links":{"self":[{"href":"https:\/\/zonacaral.gob.pe\/en\/wp-json\/wp\/v2\/posts\/17283","targetHints":{"allow":["GET"]}}],"collection":[{"href":"https:\/\/zonacaral.gob.pe\/en\/wp-json\/wp\/v2\/posts"}],"about":[{"href":"https:\/\/zonacaral.gob.pe\/en\/wp-json\/wp\/v2\/types\/post"}],"author":[{"embeddable":true,"href":"https:\/\/zonacaral.gob.pe\/en\/wp-json\/wp\/v2\/users\/1"}],"replies":[{"embeddable":true,"href":"https:\/\/zonacaral.gob.pe\/en\/wp-json\/wp\/v2\/comments?post=17283"}],"version-history":[{"count":0,"href":"https:\/\/zonacaral.gob.pe\/en\/wp-json\/wp\/v2\/posts\/17283\/revisions"}],"wp:featuredmedia":[{"embeddable":true,"href":"https:\/\/zonacaral.gob.pe\/en\/wp-json\/wp\/v2\/media\/17285"}],"wp:attachment":[{"href":"https:\/\/zonacaral.gob.pe\/en\/wp-json\/wp\/v2\/media?parent=17283"}],"wp:term":[{"taxonomy":"category","embeddable":true,"href":"https:\/\/zonacaral.gob.pe\/en\/wp-json\/wp\/v2\/categories?post=17283"},{"taxonomy":"post_tag","embeddable":true,"href":"https:\/\/zonacaral.gob.pe\/en\/wp-json\/wp\/v2\/tags?post=17283"}],"curies":[{"name":"wp","href":"https:\/\/api.w.org\/{rel}","templated":true}]}}