{"id":17292,"date":"2023-12-12T14:33:44","date_gmt":"2023-12-12T19:33:44","guid":{"rendered":"https:\/\/www.zonacaral.gob.pe\/?p=17292"},"modified":"2023-12-12T14:33:44","modified_gmt":"2023-12-12T19:33:44","slug":"beneficencia-del-callao-homenajea-a-la-principal-investigadora-de-caral-ruth-shady","status":"publish","type":"post","link":"https:\/\/zonacaral.gob.pe\/en\/noticias\/beneficencia-del-callao-homenajea-a-la-principal-investigadora-de-caral-ruth-shady\/","title":{"rendered":"Beneficencia del Callao homenajea a la principal investigadora de Caral: Ruth Shady"},"content":{"rendered":"<figure class=\"pic-autor\" style=\"color: #4d4d4d; text-align: justify;\"><\/figure>\n<div class=\"gmail_default\" style=\"text-align: justify;\">\n<p><span style=\"font-weight: 400;\">La doctora Ruth Shady Sol\u00eds, directora de la <\/span><a href=\"https:\/\/t.me\/Caral_Peru\"><span style=\"font-weight: 400;\">Zona Arqueol\u00f3gica Caral<\/span><\/a><span style=\"font-weight: 400;\">, Unidad Ejecutora 003 del Ministerio de Cultura, fue homenajeada por la Beneficencia del Callao con la m\u00e1xima condecoraci\u00f3n de esta instituci\u00f3n y, tambi\u00e9n, dieron su nombre al Archivo Hist\u00f3rico de la Sociedad de Beneficencia del Callao y la Creaci\u00f3n de la Sala de Investigaciones.<\/span><\/p>\n<p><span style=\"font-weight: 400;\">Ambos actos protocolares se realizaron el pasado viernes, 1 de diciembre, fecha en que esta instituci\u00f3n chalaca conmemor\u00f3 su 175 aniversario. En este acto tambi\u00e9n fueron reconocidos otros personajes destacados del Callao, y trabajadores de la Beneficencia.<\/span><\/p>\n<p><span style=\"font-weight: 400;\">La medalla de \u201cSol Radiante\u201d, entregada a la arque\u00f3loga Shady Sol\u00eds, corresponde a la condecoraci\u00f3n Gran Sol \u201cCoronel Manuel C. Dulanto\u201d Omnia Bene Fecit, por su destacada labor en el \u00e1mbito arqueol\u00f3gico, cultural y por su compromiso social, logrado con las investigaciones que realiza sobre la formaci\u00f3n de la civilizaci\u00f3n en Am\u00e9rica.<\/span><\/p>\n<p><span style=\"font-weight: 400;\">El certificado de condecoraci\u00f3n y la medalla fueron entregados por el presidente de la Beneficencia del Callao, Arturo Villanueva Guanilo. En esta actividad particip\u00f3 tambi\u00e9n el alcalde provincial del Callao, Pedro Spadaro, y dem\u00e1s autoridades locales distritales del primer puerto del Per\u00fa.<\/span><\/p>\n<p><span style=\"font-weight: 400;\">M\u00e1s tarde, con la participaci\u00f3n del arque\u00f3logo Hugo Benavides y la Jefatura de Desarrollo Hist\u00f3rico y Gesti\u00f3n Cultural, y de algunas autoridades chalacas, se inaugur\u00f3 el Archivo Hist\u00f3rico de la Sociedad de Beneficencia del Callao y la Creaci\u00f3n de la Sala de Investigaciones \u201cRuth Shady Sol\u00eds\u201d.<\/span><\/p>\n<p><span style=\"font-weight: 400;\">En este espacio se custodia e investiga parte de la historia del Callao y de la Beneficencia. Asimismo, se restauran archivos y piezas culturales, que se pondr\u00e1n en valor y ser\u00e1n apreciadas por la poblaci\u00f3n.<\/span><\/p>\n<p><span style=\"font-weight: 400;\">Esta nueva condecoraci\u00f3n se suma a las entregadas por la Municipalidad Provincial del Callao y por el distrito de Bellavista, que reconocen el importante aporte cultural de la arque\u00f3loga Ruth Shady, al pa\u00eds, chalaca de nacimiento.<\/span><\/p>\n<p><span style=\"color: #850707;\"><strong style=\"font-size: inherit; text-align: justify;\">Fuente: Comunicaci\u00f3n e Imagen Institucional ZAC<\/strong><\/span><\/p>\n<\/div>\n<div style=\"color: #1f1f1f;\">\n<div style=\"color: #1f1f1f;\">\n<p style=\"text-align: justify;\">Fecha de publicaci\u00f3n: 12\/12\/2023<\/p>\n<\/div>\n<\/div>\n\n\n<p><\/p>","protected":false},"excerpt":{"rendered":"<p>La doctora Ruth Shady Sol\u00eds, directora de la Zona Arqueol\u00f3gica Caral, Unidad Ejecutora 003 del Ministerio de Cultura, fue homenajeada [&hellip;]<\/p>\n","protected":false},"author":1,"featured_media":17297,"comment_status":"closed","ping_status":"open","sticky":false,"template":"","format":"standard","meta":{"_acf_changed":false,"site-sidebar-layout":"default","site-content-layout":"","ast-site-content-layout":"default","site-content-style":"default","site-sidebar-style":"default","ast-global-header-display":"","ast-banner-title-visibility":"","ast-main-header-display":"","ast-hfb-above-header-display":"","ast-hfb-below-header-display":"","ast-hfb-mobile-header-display":"","site-post-title":"","ast-breadcrumbs-content":"","ast-featured-img":"","footer-sml-layout":"","ast-disable-related-posts":"","theme-transparent-header-meta":"","adv-header-id-meta":"","stick-header-meta":"","header-above-stick-meta":"","header-main-stick-meta":"","header-below-stick-meta":"","astra-migrate-meta-layouts":"default","ast-page-background-enabled":"default","ast-page-background-meta":{"desktop":{"background-color":"var(--ast-global-color-5)","background-image":"","background-repeat":"repeat","background-position":"center center","background-size":"auto","background-attachment":"scroll","background-type":"","background-media":"","overlay-type":"","overlay-color":"","overlay-opacity":"","overlay-gradient":""},"tablet":{"background-color":"","background-image":"","background-repeat":"repeat","background-position":"center center","background-size":"auto","background-attachment":"scroll","background-type":"","background-media":"","overlay-type":"","overlay-color":"","overlay-opacity":"","overlay-gradient":""},"mobile":{"background-color":"","background-image":"","background-repeat":"repeat","background-position":"center center","background-size":"auto","background-attachment":"scroll","background-type":"","background-media":"","overlay-type":"","overlay-color":"","overlay-opacity":"","overlay-gradient":""}},"ast-content-background-meta":{"desktop":{"background-color":"var(--ast-global-color-4)","background-image":"","background-repeat":"repeat","background-position":"center center","background-size":"auto","background-attachment":"scroll","background-type":"","background-media":"","overlay-type":"","overlay-color":"","overlay-opacity":"","overlay-gradient":""},"tablet":{"background-color":"var(--ast-global-color-4)","background-image":"","background-repeat":"repeat","background-position":"center center","background-size":"auto","background-attachment":"scroll","background-type":"","background-media":"","overlay-type":"","overlay-color":"","overlay-opacity":"","overlay-gradient":""},"mobile":{"background-color":"var(--ast-global-color-4)","background-image":"","background-repeat":"repeat","background-position":"center center","background-size":"auto","background-attachment":"scroll","background-type":"","background-media":"","overlay-type":"","overlay-color":"","overlay-opacity":"","overlay-gradient":""}},"footnotes":""},"categories":[208],"tags":[55,72],"class_list":["post-17292","post","type-post","status-publish","format-standard","has-post-thumbnail","hentry","category-noticias","tag-caral","tag-cultura"],"acf":[],"yoast_head":"<!-- This site is optimized with the Yoast SEO plugin v27.3 - https:\/\/yoast.com\/product\/yoast-seo-wordpress\/ -->\n<title>Beneficencia del Callao homenajea a la principal investigadora de Caral: Ruth Shady<\/title>\n<meta name=\"description\" content=\"La doctora Ruth Shady Sol\u00eds, directora de la Zona Arqueol\u00f3gica Caral, Unidad Ejecutora 003 del Ministerio de Cultura, fue homenajeada por la Beneficencia del Callao con la m\u00e1xima condecoraci\u00f3n de esta instituci\u00f3n y, tambi\u00e9n, dieron su nombre al Archivo Hist\u00f3rico de la Sociedad de Beneficencia del Callao y la Creaci\u00f3n de la Sala de Investigaciones.La Rectora de la Universidad Nacional Mayor de San Marcos, doctora Jeri Ram\u00f3n Ruffner, entreg\u00f3 la medalla \u201cOrden del Sol Sanmarquino del Bicentenario\u201d a la arque\u00f3loga Ruth Shady Sol\u00eds, directora de la Zona Arqueol\u00f3gica Caral, Unidad Ejecutora 003 del Ministerio de Cultura, por su labor de revalorizaci\u00f3n y dataci\u00f3n del sitio arqueol\u00f3gico de Caral, el descubrimiento de la cultura precer\u00e1mica m\u00e1s antigua de Am\u00e9rica.\" \/>\n<meta name=\"robots\" content=\"index, follow, max-snippet:-1, max-image-preview:large, max-video-preview:-1\" \/>\n<link rel=\"canonical\" href=\"https:\/\/zonacaral.gob.pe\/en\/noticias\/beneficencia-del-callao-homenajea-a-la-principal-investigadora-de-caral-ruth-shady\/\" \/>\n<meta property=\"og:locale\" content=\"en_US\" \/>\n<meta property=\"og:type\" content=\"article\" \/>\n<meta property=\"og:title\" content=\"Beneficencia del Callao homenajea a la principal investigadora de Caral: Ruth Shady\" \/>\n<meta property=\"og:description\" content=\"La doctora Ruth Shady Sol\u00eds, directora de la Zona Arqueol\u00f3gica Caral, Unidad Ejecutora 003 del Ministerio de Cultura, fue homenajeada por la Beneficencia del Callao con la m\u00e1xima condecoraci\u00f3n de esta instituci\u00f3n y, tambi\u00e9n, dieron su nombre al Archivo Hist\u00f3rico de la Sociedad de Beneficencia del Callao y la Creaci\u00f3n de la Sala de Investigaciones.La Rectora de la Universidad Nacional Mayor de San Marcos, doctora Jeri Ram\u00f3n Ruffner, entreg\u00f3 la medalla \u201cOrden del Sol Sanmarquino del Bicentenario\u201d a la arque\u00f3loga Ruth Shady Sol\u00eds, directora de la Zona Arqueol\u00f3gica Caral, Unidad Ejecutora 003 del Ministerio de Cultura, por su labor de revalorizaci\u00f3n y dataci\u00f3n del sitio arqueol\u00f3gico de Caral, el descubrimiento de la cultura precer\u00e1mica m\u00e1s antigua de Am\u00e9rica.\" \/>\n<meta property=\"og:url\" content=\"https:\/\/zonacaral.gob.pe\/en\/noticias\/beneficencia-del-callao-homenajea-a-la-principal-investigadora-de-caral-ruth-shady\/\" \/>\n<meta property=\"og:site_name\" content=\"Zona Caral\" \/>\n<meta property=\"article:published_time\" content=\"2023-12-12T19:33:44+00:00\" \/>\n<meta property=\"og:image\" content=\"https:\/\/zonacaral.gob.pe\/wp-content\/uploads\/2023\/12\/Beneficencia-1.png\" \/>\n\t<meta property=\"og:image:width\" content=\"1000\" \/>\n\t<meta property=\"og:image:height\" content=\"600\" \/>\n\t<meta property=\"og:image:type\" content=\"image\/png\" \/>\n<meta name=\"author\" content=\"Zona Caral Administrador\" \/>\n<meta name=\"twitter:card\" content=\"summary_large_image\" \/>\n<meta name=\"twitter:label1\" content=\"Written by\" \/>\n\t<meta name=\"twitter:data1\" content=\"Zona Caral Administrador\" \/>\n\t<meta name=\"twitter:label2\" content=\"Est. reading time\" \/>\n\t<meta name=\"twitter:data2\" content=\"2 minutes\" \/>\n<script type=\"application\/ld+json\" class=\"yoast-schema-graph\">{\"@context\":\"https:\\\/\\\/schema.org\",\"@graph\":[{\"@type\":\"Article\",\"@id\":\"https:\\\/\\\/zonacaral.gob.pe\\\/es\\\/noticias\\\/beneficencia-del-callao-homenajea-a-la-principal-investigadora-de-caral-ruth-shady\\\/#article\",\"isPartOf\":{\"@id\":\"https:\\\/\\\/zonacaral.gob.pe\\\/es\\\/noticias\\\/beneficencia-del-callao-homenajea-a-la-principal-investigadora-de-caral-ruth-shady\\\/\"},\"author\":{\"name\":\"Zona Caral Administrador\",\"@id\":\"https:\\\/\\\/zonacaral.gob.pe\\\/es\\\/#\\\/schema\\\/person\\\/beddb4d22f71a7230c5b90913270a0ee\"},\"headline\":\"Beneficencia del Callao homenajea a la principal investigadora de Caral: Ruth Shady\",\"datePublished\":\"2023-12-12T19:33:44+00:00\",\"mainEntityOfPage\":{\"@id\":\"https:\\\/\\\/zonacaral.gob.pe\\\/es\\\/noticias\\\/beneficencia-del-callao-homenajea-a-la-principal-investigadora-de-caral-ruth-shady\\\/\"},\"wordCount\":357,\"image\":{\"@id\":\"https:\\\/\\\/zonacaral.gob.pe\\\/es\\\/noticias\\\/beneficencia-del-callao-homenajea-a-la-principal-investigadora-de-caral-ruth-shady\\\/#primaryimage\"},\"thumbnailUrl\":\"https:\\\/\\\/zonacaral.gob.pe\\\/wp-content\\\/uploads\\\/2023\\\/12\\\/Beneficencia-1.png\",\"keywords\":[\"caral\",\"Cultura\"],\"articleSection\":[\"noticias\"],\"inLanguage\":\"en-US\"},{\"@type\":\"WebPage\",\"@id\":\"https:\\\/\\\/zonacaral.gob.pe\\\/es\\\/noticias\\\/beneficencia-del-callao-homenajea-a-la-principal-investigadora-de-caral-ruth-shady\\\/\",\"url\":\"https:\\\/\\\/zonacaral.gob.pe\\\/es\\\/noticias\\\/beneficencia-del-callao-homenajea-a-la-principal-investigadora-de-caral-ruth-shady\\\/\",\"name\":\"Beneficencia del Callao homenajea a la principal investigadora de Caral: Ruth Shady\",\"isPartOf\":{\"@id\":\"https:\\\/\\\/zonacaral.gob.pe\\\/es\\\/#website\"},\"primaryImageOfPage\":{\"@id\":\"https:\\\/\\\/zonacaral.gob.pe\\\/es\\\/noticias\\\/beneficencia-del-callao-homenajea-a-la-principal-investigadora-de-caral-ruth-shady\\\/#primaryimage\"},\"image\":{\"@id\":\"https:\\\/\\\/zonacaral.gob.pe\\\/es\\\/noticias\\\/beneficencia-del-callao-homenajea-a-la-principal-investigadora-de-caral-ruth-shady\\\/#primaryimage\"},\"thumbnailUrl\":\"https:\\\/\\\/zonacaral.gob.pe\\\/wp-content\\\/uploads\\\/2023\\\/12\\\/Beneficencia-1.png\",\"datePublished\":\"2023-12-12T19:33:44+00:00\",\"author\":{\"@id\":\"https:\\\/\\\/zonacaral.gob.pe\\\/es\\\/#\\\/schema\\\/person\\\/beddb4d22f71a7230c5b90913270a0ee\"},\"description\":\"La doctora Ruth Shady Sol\u00eds, directora de la Zona Arqueol\u00f3gica Caral, Unidad Ejecutora 003 del Ministerio de Cultura, fue homenajeada por la Beneficencia del Callao con la m\u00e1xima condecoraci\u00f3n de esta instituci\u00f3n y, tambi\u00e9n, dieron su nombre al Archivo Hist\u00f3rico de la Sociedad de Beneficencia del Callao y la Creaci\u00f3n de la Sala de Investigaciones.La Rectora de la Universidad Nacional Mayor de San Marcos, doctora Jeri Ram\u00f3n Ruffner, entreg\u00f3 la medalla \u201cOrden del Sol Sanmarquino del Bicentenario\u201d a la arque\u00f3loga Ruth Shady Sol\u00eds, directora de la Zona Arqueol\u00f3gica Caral, Unidad Ejecutora 003 del Ministerio de Cultura, por su labor de revalorizaci\u00f3n y dataci\u00f3n del sitio arqueol\u00f3gico de Caral, el descubrimiento de la cultura precer\u00e1mica m\u00e1s antigua de Am\u00e9rica.\",\"breadcrumb\":{\"@id\":\"https:\\\/\\\/zonacaral.gob.pe\\\/es\\\/noticias\\\/beneficencia-del-callao-homenajea-a-la-principal-investigadora-de-caral-ruth-shady\\\/#breadcrumb\"},\"inLanguage\":\"en-US\",\"potentialAction\":[{\"@type\":\"ReadAction\",\"target\":[\"https:\\\/\\\/zonacaral.gob.pe\\\/es\\\/noticias\\\/beneficencia-del-callao-homenajea-a-la-principal-investigadora-de-caral-ruth-shady\\\/\"]}]},{\"@type\":\"ImageObject\",\"inLanguage\":\"en-US\",\"@id\":\"https:\\\/\\\/zonacaral.gob.pe\\\/es\\\/noticias\\\/beneficencia-del-callao-homenajea-a-la-principal-investigadora-de-caral-ruth-shady\\\/#primaryimage\",\"url\":\"https:\\\/\\\/zonacaral.gob.pe\\\/wp-content\\\/uploads\\\/2023\\\/12\\\/Beneficencia-1.png\",\"contentUrl\":\"https:\\\/\\\/zonacaral.gob.pe\\\/wp-content\\\/uploads\\\/2023\\\/12\\\/Beneficencia-1.png\",\"width\":1000,\"height\":600},{\"@type\":\"BreadcrumbList\",\"@id\":\"https:\\\/\\\/zonacaral.gob.pe\\\/es\\\/noticias\\\/beneficencia-del-callao-homenajea-a-la-principal-investigadora-de-caral-ruth-shady\\\/#breadcrumb\",\"itemListElement\":[{\"@type\":\"ListItem\",\"position\":1,\"name\":\"Portada\",\"item\":\"https:\\\/\\\/zonacaral.gob.pe\\\/\"},{\"@type\":\"ListItem\",\"position\":2,\"name\":\"Beneficencia del Callao homenajea a la principal investigadora de Caral: Ruth Shady\"}]},{\"@type\":\"WebSite\",\"@id\":\"https:\\\/\\\/zonacaral.gob.pe\\\/es\\\/#website\",\"url\":\"https:\\\/\\\/zonacaral.gob.pe\\\/es\\\/\",\"name\":\"Zona Caral\",\"description\":\"Investigamos, conservamos y difundimos el patrimonio cultural de la Civilizaci\u00f3n Caral, la m\u00e1s antigua de Am\u00e9rica.\",\"potentialAction\":[{\"@type\":\"SearchAction\",\"target\":{\"@type\":\"EntryPoint\",\"urlTemplate\":\"https:\\\/\\\/zonacaral.gob.pe\\\/es\\\/?s={search_term_string}\"},\"query-input\":{\"@type\":\"PropertyValueSpecification\",\"valueRequired\":true,\"valueName\":\"search_term_string\"}}],\"inLanguage\":\"en-US\"},{\"@type\":\"Person\",\"@id\":\"https:\\\/\\\/zonacaral.gob.pe\\\/es\\\/#\\\/schema\\\/person\\\/beddb4d22f71a7230c5b90913270a0ee\",\"name\":\"Zona Caral Administrador\",\"image\":{\"@type\":\"ImageObject\",\"inLanguage\":\"en-US\",\"@id\":\"https:\\\/\\\/secure.gravatar.com\\\/avatar\\\/e4be162918a696358376de6446614e0f0f4062bdc5d170d6d540ada3d8b58c12?s=96&d=mm&r=g\",\"url\":\"https:\\\/\\\/secure.gravatar.com\\\/avatar\\\/e4be162918a696358376de6446614e0f0f4062bdc5d170d6d540ada3d8b58c12?s=96&d=mm&r=g\",\"contentUrl\":\"https:\\\/\\\/secure.gravatar.com\\\/avatar\\\/e4be162918a696358376de6446614e0f0f4062bdc5d170d6d540ada3d8b58c12?s=96&d=mm&r=g\",\"caption\":\"Zona Caral Administrador\"},\"sameAs\":[\"https:\\\/\\\/zonacaral.gob.pe\"],\"url\":\"https:\\\/\\\/zonacaral.gob.pe\\\/en\\\/noticias\\\/author\\\/ad_zonacaral\\\/\"}]}<\/script>\n<!-- \/ Yoast SEO plugin. -->","yoast_head_json":{"title":"Beneficencia del Callao homenajea a la principal investigadora de Caral: Ruth Shady","description":"La doctora Ruth Shady Sol\u00eds, directora de la Zona Arqueol\u00f3gica Caral, Unidad Ejecutora 003 del Ministerio de Cultura, fue homenajeada por la Beneficencia del Callao con la m\u00e1xima condecoraci\u00f3n de esta instituci\u00f3n y, tambi\u00e9n, dieron su nombre al Archivo Hist\u00f3rico de la Sociedad de Beneficencia del Callao y la Creaci\u00f3n de la Sala de Investigaciones.La Rectora de la Universidad Nacional Mayor de San Marcos, doctora Jeri Ram\u00f3n Ruffner, entreg\u00f3 la medalla \u201cOrden del Sol Sanmarquino del Bicentenario\u201d a la arque\u00f3loga Ruth Shady Sol\u00eds, directora de la Zona Arqueol\u00f3gica Caral, Unidad Ejecutora 003 del Ministerio de Cultura, por su labor de revalorizaci\u00f3n y dataci\u00f3n del sitio arqueol\u00f3gico de Caral, el descubrimiento de la cultura precer\u00e1mica m\u00e1s antigua de Am\u00e9rica.","robots":{"index":"index","follow":"follow","max-snippet":"max-snippet:-1","max-image-preview":"max-image-preview:large","max-video-preview":"max-video-preview:-1"},"canonical":"https:\/\/zonacaral.gob.pe\/en\/noticias\/beneficencia-del-callao-homenajea-a-la-principal-investigadora-de-caral-ruth-shady\/","og_locale":"en_US","og_type":"article","og_title":"Beneficencia del Callao homenajea a la principal investigadora de Caral: Ruth Shady","og_description":"La doctora Ruth Shady Sol\u00eds, directora de la Zona Arqueol\u00f3gica Caral, Unidad Ejecutora 003 del Ministerio de Cultura, fue homenajeada por la Beneficencia del Callao con la m\u00e1xima condecoraci\u00f3n de esta instituci\u00f3n y, tambi\u00e9n, dieron su nombre al Archivo Hist\u00f3rico de la Sociedad de Beneficencia del Callao y la Creaci\u00f3n de la Sala de Investigaciones.La Rectora de la Universidad Nacional Mayor de San Marcos, doctora Jeri Ram\u00f3n Ruffner, entreg\u00f3 la medalla \u201cOrden del Sol Sanmarquino del Bicentenario\u201d a la arque\u00f3loga Ruth Shady Sol\u00eds, directora de la Zona Arqueol\u00f3gica Caral, Unidad Ejecutora 003 del Ministerio de Cultura, por su labor de revalorizaci\u00f3n y dataci\u00f3n del sitio arqueol\u00f3gico de Caral, el descubrimiento de la cultura precer\u00e1mica m\u00e1s antigua de Am\u00e9rica.","og_url":"https:\/\/zonacaral.gob.pe\/en\/noticias\/beneficencia-del-callao-homenajea-a-la-principal-investigadora-de-caral-ruth-shady\/","og_site_name":"Zona Caral","article_published_time":"2023-12-12T19:33:44+00:00","og_image":[{"width":1000,"height":600,"url":"https:\/\/zonacaral.gob.pe\/wp-content\/uploads\/2023\/12\/Beneficencia-1.png","type":"image\/png"}],"author":"Zona Caral Administrador","twitter_card":"summary_large_image","twitter_misc":{"Written by":"Zona Caral Administrador","Est. reading time":"2 minutes"},"schema":{"@context":"https:\/\/schema.org","@graph":[{"@type":"Article","@id":"https:\/\/zonacaral.gob.pe\/es\/noticias\/beneficencia-del-callao-homenajea-a-la-principal-investigadora-de-caral-ruth-shady\/#article","isPartOf":{"@id":"https:\/\/zonacaral.gob.pe\/es\/noticias\/beneficencia-del-callao-homenajea-a-la-principal-investigadora-de-caral-ruth-shady\/"},"author":{"name":"Zona Caral Administrador","@id":"https:\/\/zonacaral.gob.pe\/es\/#\/schema\/person\/beddb4d22f71a7230c5b90913270a0ee"},"headline":"Beneficencia del Callao homenajea a la principal investigadora de Caral: Ruth Shady","datePublished":"2023-12-12T19:33:44+00:00","mainEntityOfPage":{"@id":"https:\/\/zonacaral.gob.pe\/es\/noticias\/beneficencia-del-callao-homenajea-a-la-principal-investigadora-de-caral-ruth-shady\/"},"wordCount":357,"image":{"@id":"https:\/\/zonacaral.gob.pe\/es\/noticias\/beneficencia-del-callao-homenajea-a-la-principal-investigadora-de-caral-ruth-shady\/#primaryimage"},"thumbnailUrl":"https:\/\/zonacaral.gob.pe\/wp-content\/uploads\/2023\/12\/Beneficencia-1.png","keywords":["caral","Cultura"],"articleSection":["noticias"],"inLanguage":"en-US"},{"@type":"WebPage","@id":"https:\/\/zonacaral.gob.pe\/es\/noticias\/beneficencia-del-callao-homenajea-a-la-principal-investigadora-de-caral-ruth-shady\/","url":"https:\/\/zonacaral.gob.pe\/es\/noticias\/beneficencia-del-callao-homenajea-a-la-principal-investigadora-de-caral-ruth-shady\/","name":"Beneficencia del Callao homenajea a la principal investigadora de Caral: Ruth Shady","isPartOf":{"@id":"https:\/\/zonacaral.gob.pe\/es\/#website"},"primaryImageOfPage":{"@id":"https:\/\/zonacaral.gob.pe\/es\/noticias\/beneficencia-del-callao-homenajea-a-la-principal-investigadora-de-caral-ruth-shady\/#primaryimage"},"image":{"@id":"https:\/\/zonacaral.gob.pe\/es\/noticias\/beneficencia-del-callao-homenajea-a-la-principal-investigadora-de-caral-ruth-shady\/#primaryimage"},"thumbnailUrl":"https:\/\/zonacaral.gob.pe\/wp-content\/uploads\/2023\/12\/Beneficencia-1.png","datePublished":"2023-12-12T19:33:44+00:00","author":{"@id":"https:\/\/zonacaral.gob.pe\/es\/#\/schema\/person\/beddb4d22f71a7230c5b90913270a0ee"},"description":"La doctora Ruth Shady Sol\u00eds, directora de la Zona Arqueol\u00f3gica Caral, Unidad Ejecutora 003 del Ministerio de Cultura, fue homenajeada por la Beneficencia del Callao con la m\u00e1xima condecoraci\u00f3n de esta instituci\u00f3n y, tambi\u00e9n, dieron su nombre al Archivo Hist\u00f3rico de la Sociedad de Beneficencia del Callao y la Creaci\u00f3n de la Sala de Investigaciones.La Rectora de la Universidad Nacional Mayor de San Marcos, doctora Jeri Ram\u00f3n Ruffner, entreg\u00f3 la medalla \u201cOrden del Sol Sanmarquino del Bicentenario\u201d a la arque\u00f3loga Ruth Shady Sol\u00eds, directora de la Zona Arqueol\u00f3gica Caral, Unidad Ejecutora 003 del Ministerio de Cultura, por su labor de revalorizaci\u00f3n y dataci\u00f3n del sitio arqueol\u00f3gico de Caral, el descubrimiento de la cultura precer\u00e1mica m\u00e1s antigua de Am\u00e9rica.","breadcrumb":{"@id":"https:\/\/zonacaral.gob.pe\/es\/noticias\/beneficencia-del-callao-homenajea-a-la-principal-investigadora-de-caral-ruth-shady\/#breadcrumb"},"inLanguage":"en-US","potentialAction":[{"@type":"ReadAction","target":["https:\/\/zonacaral.gob.pe\/es\/noticias\/beneficencia-del-callao-homenajea-a-la-principal-investigadora-de-caral-ruth-shady\/"]}]},{"@type":"ImageObject","inLanguage":"en-US","@id":"https:\/\/zonacaral.gob.pe\/es\/noticias\/beneficencia-del-callao-homenajea-a-la-principal-investigadora-de-caral-ruth-shady\/#primaryimage","url":"https:\/\/zonacaral.gob.pe\/wp-content\/uploads\/2023\/12\/Beneficencia-1.png","contentUrl":"https:\/\/zonacaral.gob.pe\/wp-content\/uploads\/2023\/12\/Beneficencia-1.png","width":1000,"height":600},{"@type":"BreadcrumbList","@id":"https:\/\/zonacaral.gob.pe\/es\/noticias\/beneficencia-del-callao-homenajea-a-la-principal-investigadora-de-caral-ruth-shady\/#breadcrumb","itemListElement":[{"@type":"ListItem","position":1,"name":"Portada","item":"https:\/\/zonacaral.gob.pe\/"},{"@type":"ListItem","position":2,"name":"Beneficencia del Callao homenajea a la principal investigadora de Caral: Ruth Shady"}]},{"@type":"WebSite","@id":"https:\/\/zonacaral.gob.pe\/es\/#website","url":"https:\/\/zonacaral.gob.pe\/es\/","name":"Zona Caral","description":"Investigamos, conservamos y difundimos el patrimonio cultural de la Civilizaci\u00f3n Caral, la m\u00e1s antigua de Am\u00e9rica.","potentialAction":[{"@type":"SearchAction","target":{"@type":"EntryPoint","urlTemplate":"https:\/\/zonacaral.gob.pe\/es\/?s={search_term_string}"},"query-input":{"@type":"PropertyValueSpecification","valueRequired":true,"valueName":"search_term_string"}}],"inLanguage":"en-US"},{"@type":"Person","@id":"https:\/\/zonacaral.gob.pe\/es\/#\/schema\/person\/beddb4d22f71a7230c5b90913270a0ee","name":"Zona Caral Administrador","image":{"@type":"ImageObject","inLanguage":"en-US","@id":"https:\/\/secure.gravatar.com\/avatar\/e4be162918a696358376de6446614e0f0f4062bdc5d170d6d540ada3d8b58c12?s=96&d=mm&r=g","url":"https:\/\/secure.gravatar.com\/avatar\/e4be162918a696358376de6446614e0f0f4062bdc5d170d6d540ada3d8b58c12?s=96&d=mm&r=g","contentUrl":"https:\/\/secure.gravatar.com\/avatar\/e4be162918a696358376de6446614e0f0f4062bdc5d170d6d540ada3d8b58c12?s=96&d=mm&r=g","caption":"Zona Caral Administrador"},"sameAs":["https:\/\/zonacaral.gob.pe"],"url":"https:\/\/zonacaral.gob.pe\/en\/noticias\/author\/ad_zonacaral\/"}]}},"_links":{"self":[{"href":"https:\/\/zonacaral.gob.pe\/en\/wp-json\/wp\/v2\/posts\/17292","targetHints":{"allow":["GET"]}}],"collection":[{"href":"https:\/\/zonacaral.gob.pe\/en\/wp-json\/wp\/v2\/posts"}],"about":[{"href":"https:\/\/zonacaral.gob.pe\/en\/wp-json\/wp\/v2\/types\/post"}],"author":[{"embeddable":true,"href":"https:\/\/zonacaral.gob.pe\/en\/wp-json\/wp\/v2\/users\/1"}],"replies":[{"embeddable":true,"href":"https:\/\/zonacaral.gob.pe\/en\/wp-json\/wp\/v2\/comments?post=17292"}],"version-history":[{"count":0,"href":"https:\/\/zonacaral.gob.pe\/en\/wp-json\/wp\/v2\/posts\/17292\/revisions"}],"wp:featuredmedia":[{"embeddable":true,"href":"https:\/\/zonacaral.gob.pe\/en\/wp-json\/wp\/v2\/media\/17297"}],"wp:attachment":[{"href":"https:\/\/zonacaral.gob.pe\/en\/wp-json\/wp\/v2\/media?parent=17292"}],"wp:term":[{"taxonomy":"category","embeddable":true,"href":"https:\/\/zonacaral.gob.pe\/en\/wp-json\/wp\/v2\/categories?post=17292"},{"taxonomy":"post_tag","embeddable":true,"href":"https:\/\/zonacaral.gob.pe\/en\/wp-json\/wp\/v2\/tags?post=17292"}],"curies":[{"name":"wp","href":"https:\/\/api.w.org\/{rel}","templated":true}]}}