{"id":17314,"date":"2023-12-19T09:49:13","date_gmt":"2023-12-19T14:49:13","guid":{"rendered":"https:\/\/www.zonacaral.gob.pe\/?p=17314"},"modified":"2023-12-19T09:49:13","modified_gmt":"2023-12-19T14:49:13","slug":"solsticio-de-verano-en-la-civilizacion-caral-ya-existian-expertos-en-astronomia","status":"publish","type":"post","link":"https:\/\/zonacaral.gob.pe\/en\/noticias\/solsticio-de-verano-en-la-civilizacion-caral-ya-existian-expertos-en-astronomia\/","title":{"rendered":"SOLSTICIO DE VERANO: en la Civilizaci\u00f3n Caral ya exist\u00edan expertos en astronom\u00eda"},"content":{"rendered":"<figure class=\"pic-autor\" style=\"color: #4d4d4d; text-align: justify;\"><\/figure>\n<div class=\"gmail_default\" style=\"text-align: justify;\">\n<blockquote>\n<p><i><span style=\"font-weight: 400;\">Ejemplo m\u00e1s antiguo en Am\u00e9rica de una estrecha relaci\u00f3n entre el paisaje terrestre y el cielo.<\/span><\/i><\/p>\n<\/blockquote>\n<p><span style=\"font-weight: 400;\">Las investigaciones realizadas en los diversos centros urbanos de la Civilizaci\u00f3n Caral, han mostrado que esta fue una sociedad que alcanz\u00f3 un alto nivel de conocimientos en \u00e1reas como la arquitectura, pesca, agricultura, la tecnolog\u00eda textil, entre otras, y, tambi\u00e9n, existieron expertos que generaron conocimientos en el campo de la astronom\u00eda.<\/span><\/p>\n<p><span style=\"font-weight: 400;\">En los \u00faltimos a\u00f1os el equipo multidisciplinario de la <\/span><a href=\"https:\/\/t.me\/Caral_Peru\"><span style=\"font-weight: 400;\">Zona Arqueol\u00f3gica Caral<\/span><\/a><span style=\"font-weight: 400;\">, Unidad Ejecutora 003 del Ministerio de Cultura, liderado por la doctora <\/span><a href=\"https:\/\/www.facebook.com\/watch\/?v=2505463952924279\"><span style=\"font-weight: 400;\">Ruth Shady Sol\u00eds<\/span><\/a><span style=\"font-weight: 400;\">, sumado a expertos de otras instituciones especializadas extranjeras, han revelado que, hace cinco mil a\u00f1os, los antiguos habitantes del valle de Supe se guiaron del sol y de la luna para erigir sus monumentales edificios piramidales.<\/span><\/p>\n<p><span style=\"font-weight: 400;\">Los estudios mostraron que s\u00f3lo en las fechas de solsticio (junio o diciembre) es posible observar que las principales pir\u00e1mides de la <\/span><a href=\"https:\/\/www.zonacaral.gob.pe\/ruta-caral\/ciudad-sagrada-de-caral.html\"><span style=\"font-weight: 400;\">Sacred City of Caral<\/span><\/a><span style=\"font-weight: 400;\">, <\/span><a href=\"https:\/\/zonacaral.gob.pe\/en\/gestion-y-proteccion-de-sitios-arqueologicos\/patrimonio-mundial\/\"><span style=\"font-weight: 400;\">World Heritage Site<\/span><\/a><span style=\"font-weight: 400;\"> y primordial asentamiento urbano de la primera civilizaci\u00f3n del continente americano, se alinean con la salida o la puesta del Sol.<\/span><\/p>\n<p><span style=\"font-weight: 400;\">Asimismo, se\u00f1alaron que, estad\u00edsticamente, el ordenamiento de esta ciudad no obedece a una casualidad, sino a una actividad planificada por especialistas en la observaci\u00f3n del cielo. Y, a pesar de que han pasado miles de a\u00f1os desde que se construyeron los edificios piramidales de Caral, a\u00fan es posible observar estos alineamientos astron\u00f3micos.<\/span><\/p>\n<p><span style=\"font-weight: 400;\">En ese sentido, de acuerdo a los expertos en arqueolog\u00eda y astronom\u00eda, el solsticio de verano habr\u00eda significado el inicio de la \u00e9poca de cosecha, debido a que coincide con el incremento del cauce del r\u00edo Supe, \u00fanico momento del a\u00f1o en que llega el agua gracias a las lluvias que se producen en la cordillera de los Andes del Per\u00fa.<\/span><\/p>\n<p><span style=\"font-weight: 400;\">Los <\/span><a href=\"https:\/\/www.cambridge.org\/core\/journals\/latin-american-antiquity\/article\/river-and-the-sky-astronomy-and-topography-in-caral-society-americas-first-urban-centers\/1005B08DC4398BE567B42F3E1220189A\"><span style=\"font-weight: 400;\">expertos caralinos en astronom\u00eda hicieron seguimiento a los movimientos del sol en los solsticios y equinoccios<\/span><\/a><span style=\"font-weight: 400;\">, y con esa informaci\u00f3n ejecutaron, adem\u00e1s, actividades festivas como ceremonias, rituales, entre otras con la participaci\u00f3n organizada de la sociedad.<\/span><\/p>\n<p><span style=\"font-weight: 400;\">Asimismo, prestaron atenci\u00f3n a otros indicadores de cambios en el clima. En el mar registraban la presencia o ausencia de algunas especies marinas, por los fen\u00f3menos de El Ni\u00f1o o La Ni\u00f1a. El desplazamiento de aves, sapos, grillos y determinados insectos de la tierra, que actualmente son interpretados como anuncios de cambios ambientales.<\/span><\/p>\n<p><b>SOLSTICIO DE VERANO<\/b><\/p>\n<p><span style=\"font-weight: 400;\">Este evento astron\u00f3mico ocurre durante el verano, cuando el semieje de la Tierra, ya sea en el hemisferio norte o en el sur, est\u00e1 m\u00e1s inclinado hacia el sol. La m\u00e1xima inclinaci\u00f3n del eje de la Tierra hacia el sol es de 23\u00b027&#8242;.\u200b<\/span><\/p>\n<p><b>T\u00daNEL DE LA CIENCIA<\/b><\/p>\n<p><span style=\"font-weight: 400;\">En la exposici\u00f3n museogr\u00e1fica: <\/span><a href=\"https:\/\/www.gob.pe\/institucion\/caral\/noticias\/483165-dia-internacional-de-los-monumentos-y-sitios-caral-renueva-el-tunel-de-la-ciencia\"><span style=\"font-weight: 400;\">\u201cT\u00fanel de la Ciencia\u201d<\/span><\/a><span style=\"font-weight: 400;\">, ubicada en el ingreso al sitio arqueol\u00f3gico <\/span><a href=\"https:\/\/www.zonacaral.gob.pe\/ruta-caral\/ciudad-sagrada-de-caral.html\"><span style=\"font-weight: 400;\">Sacred City of Caral<\/span><\/a><span style=\"font-weight: 400;\">, se han implementado recursos did\u00e1cticos e interactivos en las que se explica c\u00f3mo, los antiguos caralinos planificaron, dise\u00f1aron y construyeron los centros urbanos de la Civilizaci\u00f3n Caral.<\/span><\/p>\n<p><b>DATO<\/b><\/p>\n<p><span style=\"font-weight: 400;\">La investigaci\u00f3n sobre la astronom\u00eda en la Civilizaci\u00f3n Caral ha sido realizada por el arque\u00f3logo Aldemar Crisp\u00edn Balta, el f\u00edsico Jos\u00e9 Rica, en colaboraci\u00f3n con el arqueoastr\u00f3nomo C\u00e9sar Gonz\u00e1lez-Garc\u00eda, del Instituto de Ciencias del Patrimonio (Incipit); y el astrof\u00edsico Juan Antonio Belmonte, del Instituto de Astrof\u00edsica de Canarias.<\/span><\/p>\n<p><span style=\"font-weight: 400;\">Lea el estudio general en la siguiente publicaci\u00f3n:<\/span><a href=\"https:\/\/bit.ly\/3yLXnI9\"> <span style=\"font-weight: 400;\">https:\/\/bit.ly\/3yLXnI9<\/span><\/a><\/p>\n<p><span style=\"color: #850707;\"><strong style=\"font-size: inherit; text-align: justify;\">Fuente: Comunicaci\u00f3n e Imagen Institucional ZAC<\/strong><\/span><\/p>\n<\/div>\n<div style=\"color: #1f1f1f;\">\n<div style=\"color: #1f1f1f;\">\n<p style=\"text-align: justify;\">Fecha de publicaci\u00f3n: 19\/12\/2023<\/p>\n<\/div>\n<\/div>\n\n\n<p><\/p>","protected":false},"excerpt":{"rendered":"<p>Ejemplo m\u00e1s antiguo en Am\u00e9rica de una estrecha relaci\u00f3n entre el paisaje terrestre y el cielo. Las investigaciones realizadas en [&hellip;]<\/p>\n","protected":false},"author":1,"featured_media":17319,"comment_status":"closed","ping_status":"open","sticky":false,"template":"","format":"standard","meta":{"_acf_changed":false,"site-sidebar-layout":"default","site-content-layout":"","ast-site-content-layout":"default","site-content-style":"default","site-sidebar-style":"default","ast-global-header-display":"","ast-banner-title-visibility":"","ast-main-header-display":"","ast-hfb-above-header-display":"","ast-hfb-below-header-display":"","ast-hfb-mobile-header-display":"","site-post-title":"","ast-breadcrumbs-content":"","ast-featured-img":"","footer-sml-layout":"","ast-disable-related-posts":"","theme-transparent-header-meta":"","adv-header-id-meta":"","stick-header-meta":"","header-above-stick-meta":"","header-main-stick-meta":"","header-below-stick-meta":"","astra-migrate-meta-layouts":"default","ast-page-background-enabled":"default","ast-page-background-meta":{"desktop":{"background-color":"var(--ast-global-color-5)","background-image":"","background-repeat":"repeat","background-position":"center center","background-size":"auto","background-attachment":"scroll","background-type":"","background-media":"","overlay-type":"","overlay-color":"","overlay-opacity":"","overlay-gradient":""},"tablet":{"background-color":"","background-image":"","background-repeat":"repeat","background-position":"center center","background-size":"auto","background-attachment":"scroll","background-type":"","background-media":"","overlay-type":"","overlay-color":"","overlay-opacity":"","overlay-gradient":""},"mobile":{"background-color":"","background-image":"","background-repeat":"repeat","background-position":"center center","background-size":"auto","background-attachment":"scroll","background-type":"","background-media":"","overlay-type":"","overlay-color":"","overlay-opacity":"","overlay-gradient":""}},"ast-content-background-meta":{"desktop":{"background-color":"var(--ast-global-color-4)","background-image":"","background-repeat":"repeat","background-position":"center center","background-size":"auto","background-attachment":"scroll","background-type":"","background-media":"","overlay-type":"","overlay-color":"","overlay-opacity":"","overlay-gradient":""},"tablet":{"background-color":"var(--ast-global-color-4)","background-image":"","background-repeat":"repeat","background-position":"center center","background-size":"auto","background-attachment":"scroll","background-type":"","background-media":"","overlay-type":"","overlay-color":"","overlay-opacity":"","overlay-gradient":""},"mobile":{"background-color":"var(--ast-global-color-4)","background-image":"","background-repeat":"repeat","background-position":"center center","background-size":"auto","background-attachment":"scroll","background-type":"","background-media":"","overlay-type":"","overlay-color":"","overlay-opacity":"","overlay-gradient":""}},"footnotes":""},"categories":[208],"tags":[55,72],"class_list":["post-17314","post","type-post","status-publish","format-standard","has-post-thumbnail","hentry","category-noticias","tag-caral","tag-cultura"],"acf":[],"yoast_head":"<!-- This site is optimized with the Yoast SEO plugin v27.3 - https:\/\/yoast.com\/product\/yoast-seo-wordpress\/ -->\n<title>SOLSTICIO DE VERANO: en la Civilizaci\u00f3n Caral ya exist\u00edan expertos en astronom\u00eda<\/title>\n<meta name=\"description\" content=\"Las investigaciones realizadas en los diversos centros urbanos de la Civilizaci\u00f3n Caral, han mostrado que esta fue una sociedad que alcanz\u00f3 un alto nivel de conocimientos en \u00e1reas como la arquitectura, pesca, agricultura, la tecnolog\u00eda textil, entre otras, y, tambi\u00e9n, existieron expertos que generaron conocimientos en el campo de la astronom\u00eda.\" \/>\n<meta name=\"robots\" content=\"index, follow, max-snippet:-1, max-image-preview:large, max-video-preview:-1\" \/>\n<link rel=\"canonical\" href=\"https:\/\/zonacaral.gob.pe\/en\/noticias\/solsticio-de-verano-en-la-civilizacion-caral-ya-existian-expertos-en-astronomia\/\" \/>\n<meta property=\"og:locale\" content=\"en_US\" \/>\n<meta property=\"og:type\" content=\"article\" \/>\n<meta property=\"og:title\" content=\"SOLSTICIO DE VERANO: en la Civilizaci\u00f3n Caral ya exist\u00edan expertos en astronom\u00eda\" \/>\n<meta property=\"og:description\" content=\"Las investigaciones realizadas en los diversos centros urbanos de la Civilizaci\u00f3n Caral, han mostrado que esta fue una sociedad que alcanz\u00f3 un alto nivel de conocimientos en \u00e1reas como la arquitectura, pesca, agricultura, la tecnolog\u00eda textil, entre otras, y, tambi\u00e9n, existieron expertos que generaron conocimientos en el campo de la astronom\u00eda.\" \/>\n<meta property=\"og:url\" content=\"https:\/\/zonacaral.gob.pe\/en\/noticias\/solsticio-de-verano-en-la-civilizacion-caral-ya-existian-expertos-en-astronomia\/\" \/>\n<meta property=\"og:site_name\" content=\"Zona Caral\" \/>\n<meta property=\"article:published_time\" content=\"2023-12-19T14:49:13+00:00\" \/>\n<meta property=\"og:image\" content=\"https:\/\/zonacaral.gob.pe\/wp-content\/uploads\/2023\/12\/solsticio-5.png\" \/>\n\t<meta property=\"og:image:width\" content=\"1000\" \/>\n\t<meta property=\"og:image:height\" content=\"600\" \/>\n\t<meta property=\"og:image:type\" content=\"image\/png\" \/>\n<meta name=\"author\" content=\"Zona Caral Administrador\" \/>\n<meta name=\"twitter:card\" content=\"summary_large_image\" \/>\n<meta name=\"twitter:label1\" content=\"Written by\" \/>\n\t<meta name=\"twitter:data1\" content=\"Zona Caral Administrador\" \/>\n\t<meta name=\"twitter:label2\" content=\"Est. reading time\" \/>\n\t<meta name=\"twitter:data2\" content=\"3 minutes\" \/>\n<script type=\"application\/ld+json\" class=\"yoast-schema-graph\">{\"@context\":\"https:\\\/\\\/schema.org\",\"@graph\":[{\"@type\":\"Article\",\"@id\":\"https:\\\/\\\/zonacaral.gob.pe\\\/es\\\/noticias\\\/solsticio-de-verano-en-la-civilizacion-caral-ya-existian-expertos-en-astronomia\\\/#article\",\"isPartOf\":{\"@id\":\"https:\\\/\\\/zonacaral.gob.pe\\\/es\\\/noticias\\\/solsticio-de-verano-en-la-civilizacion-caral-ya-existian-expertos-en-astronomia\\\/\"},\"author\":{\"name\":\"Zona Caral Administrador\",\"@id\":\"https:\\\/\\\/zonacaral.gob.pe\\\/es\\\/#\\\/schema\\\/person\\\/beddb4d22f71a7230c5b90913270a0ee\"},\"headline\":\"SOLSTICIO DE VERANO: en la Civilizaci\u00f3n Caral ya exist\u00edan expertos en astronom\u00eda\",\"datePublished\":\"2023-12-19T14:49:13+00:00\",\"mainEntityOfPage\":{\"@id\":\"https:\\\/\\\/zonacaral.gob.pe\\\/es\\\/noticias\\\/solsticio-de-verano-en-la-civilizacion-caral-ya-existian-expertos-en-astronomia\\\/\"},\"wordCount\":622,\"image\":{\"@id\":\"https:\\\/\\\/zonacaral.gob.pe\\\/es\\\/noticias\\\/solsticio-de-verano-en-la-civilizacion-caral-ya-existian-expertos-en-astronomia\\\/#primaryimage\"},\"thumbnailUrl\":\"https:\\\/\\\/zonacaral.gob.pe\\\/wp-content\\\/uploads\\\/2023\\\/12\\\/solsticio-5.png\",\"keywords\":[\"caral\",\"Cultura\"],\"articleSection\":[\"noticias\"],\"inLanguage\":\"en-US\"},{\"@type\":\"WebPage\",\"@id\":\"https:\\\/\\\/zonacaral.gob.pe\\\/es\\\/noticias\\\/solsticio-de-verano-en-la-civilizacion-caral-ya-existian-expertos-en-astronomia\\\/\",\"url\":\"https:\\\/\\\/zonacaral.gob.pe\\\/es\\\/noticias\\\/solsticio-de-verano-en-la-civilizacion-caral-ya-existian-expertos-en-astronomia\\\/\",\"name\":\"SOLSTICIO DE VERANO: en la Civilizaci\u00f3n Caral ya exist\u00edan expertos en astronom\u00eda\",\"isPartOf\":{\"@id\":\"https:\\\/\\\/zonacaral.gob.pe\\\/es\\\/#website\"},\"primaryImageOfPage\":{\"@id\":\"https:\\\/\\\/zonacaral.gob.pe\\\/es\\\/noticias\\\/solsticio-de-verano-en-la-civilizacion-caral-ya-existian-expertos-en-astronomia\\\/#primaryimage\"},\"image\":{\"@id\":\"https:\\\/\\\/zonacaral.gob.pe\\\/es\\\/noticias\\\/solsticio-de-verano-en-la-civilizacion-caral-ya-existian-expertos-en-astronomia\\\/#primaryimage\"},\"thumbnailUrl\":\"https:\\\/\\\/zonacaral.gob.pe\\\/wp-content\\\/uploads\\\/2023\\\/12\\\/solsticio-5.png\",\"datePublished\":\"2023-12-19T14:49:13+00:00\",\"author\":{\"@id\":\"https:\\\/\\\/zonacaral.gob.pe\\\/es\\\/#\\\/schema\\\/person\\\/beddb4d22f71a7230c5b90913270a0ee\"},\"description\":\"Las investigaciones realizadas en los diversos centros urbanos de la Civilizaci\u00f3n Caral, han mostrado que esta fue una sociedad que alcanz\u00f3 un alto nivel de conocimientos en \u00e1reas como la arquitectura, pesca, agricultura, la tecnolog\u00eda textil, entre otras, y, tambi\u00e9n, existieron expertos que generaron conocimientos en el campo de la astronom\u00eda.\",\"breadcrumb\":{\"@id\":\"https:\\\/\\\/zonacaral.gob.pe\\\/es\\\/noticias\\\/solsticio-de-verano-en-la-civilizacion-caral-ya-existian-expertos-en-astronomia\\\/#breadcrumb\"},\"inLanguage\":\"en-US\",\"potentialAction\":[{\"@type\":\"ReadAction\",\"target\":[\"https:\\\/\\\/zonacaral.gob.pe\\\/es\\\/noticias\\\/solsticio-de-verano-en-la-civilizacion-caral-ya-existian-expertos-en-astronomia\\\/\"]}]},{\"@type\":\"ImageObject\",\"inLanguage\":\"en-US\",\"@id\":\"https:\\\/\\\/zonacaral.gob.pe\\\/es\\\/noticias\\\/solsticio-de-verano-en-la-civilizacion-caral-ya-existian-expertos-en-astronomia\\\/#primaryimage\",\"url\":\"https:\\\/\\\/zonacaral.gob.pe\\\/wp-content\\\/uploads\\\/2023\\\/12\\\/solsticio-5.png\",\"contentUrl\":\"https:\\\/\\\/zonacaral.gob.pe\\\/wp-content\\\/uploads\\\/2023\\\/12\\\/solsticio-5.png\",\"width\":1000,\"height\":600},{\"@type\":\"BreadcrumbList\",\"@id\":\"https:\\\/\\\/zonacaral.gob.pe\\\/es\\\/noticias\\\/solsticio-de-verano-en-la-civilizacion-caral-ya-existian-expertos-en-astronomia\\\/#breadcrumb\",\"itemListElement\":[{\"@type\":\"ListItem\",\"position\":1,\"name\":\"Portada\",\"item\":\"https:\\\/\\\/zonacaral.gob.pe\\\/\"},{\"@type\":\"ListItem\",\"position\":2,\"name\":\"SOLSTICIO DE VERANO: en la Civilizaci\u00f3n Caral ya exist\u00edan expertos en astronom\u00eda\"}]},{\"@type\":\"WebSite\",\"@id\":\"https:\\\/\\\/zonacaral.gob.pe\\\/es\\\/#website\",\"url\":\"https:\\\/\\\/zonacaral.gob.pe\\\/es\\\/\",\"name\":\"Zona Caral\",\"description\":\"Investigamos, conservamos y difundimos el patrimonio cultural de la Civilizaci\u00f3n Caral, la m\u00e1s antigua de Am\u00e9rica.\",\"potentialAction\":[{\"@type\":\"SearchAction\",\"target\":{\"@type\":\"EntryPoint\",\"urlTemplate\":\"https:\\\/\\\/zonacaral.gob.pe\\\/es\\\/?s={search_term_string}\"},\"query-input\":{\"@type\":\"PropertyValueSpecification\",\"valueRequired\":true,\"valueName\":\"search_term_string\"}}],\"inLanguage\":\"en-US\"},{\"@type\":\"Person\",\"@id\":\"https:\\\/\\\/zonacaral.gob.pe\\\/es\\\/#\\\/schema\\\/person\\\/beddb4d22f71a7230c5b90913270a0ee\",\"name\":\"Zona Caral Administrador\",\"image\":{\"@type\":\"ImageObject\",\"inLanguage\":\"en-US\",\"@id\":\"https:\\\/\\\/secure.gravatar.com\\\/avatar\\\/e4be162918a696358376de6446614e0f0f4062bdc5d170d6d540ada3d8b58c12?s=96&d=mm&r=g\",\"url\":\"https:\\\/\\\/secure.gravatar.com\\\/avatar\\\/e4be162918a696358376de6446614e0f0f4062bdc5d170d6d540ada3d8b58c12?s=96&d=mm&r=g\",\"contentUrl\":\"https:\\\/\\\/secure.gravatar.com\\\/avatar\\\/e4be162918a696358376de6446614e0f0f4062bdc5d170d6d540ada3d8b58c12?s=96&d=mm&r=g\",\"caption\":\"Zona Caral Administrador\"},\"sameAs\":[\"https:\\\/\\\/zonacaral.gob.pe\"],\"url\":\"https:\\\/\\\/zonacaral.gob.pe\\\/en\\\/noticias\\\/author\\\/ad_zonacaral\\\/\"}]}<\/script>\n<!-- \/ Yoast SEO plugin. -->","yoast_head_json":{"title":"SOLSTICIO DE VERANO: en la Civilizaci\u00f3n Caral ya exist\u00edan expertos en astronom\u00eda","description":"Las investigaciones realizadas en los diversos centros urbanos de la Civilizaci\u00f3n Caral, han mostrado que esta fue una sociedad que alcanz\u00f3 un alto nivel de conocimientos en \u00e1reas como la arquitectura, pesca, agricultura, la tecnolog\u00eda textil, entre otras, y, tambi\u00e9n, existieron expertos que generaron conocimientos en el campo de la astronom\u00eda.","robots":{"index":"index","follow":"follow","max-snippet":"max-snippet:-1","max-image-preview":"max-image-preview:large","max-video-preview":"max-video-preview:-1"},"canonical":"https:\/\/zonacaral.gob.pe\/en\/noticias\/solsticio-de-verano-en-la-civilizacion-caral-ya-existian-expertos-en-astronomia\/","og_locale":"en_US","og_type":"article","og_title":"SOLSTICIO DE VERANO: en la Civilizaci\u00f3n Caral ya exist\u00edan expertos en astronom\u00eda","og_description":"Las investigaciones realizadas en los diversos centros urbanos de la Civilizaci\u00f3n Caral, han mostrado que esta fue una sociedad que alcanz\u00f3 un alto nivel de conocimientos en \u00e1reas como la arquitectura, pesca, agricultura, la tecnolog\u00eda textil, entre otras, y, tambi\u00e9n, existieron expertos que generaron conocimientos en el campo de la astronom\u00eda.","og_url":"https:\/\/zonacaral.gob.pe\/en\/noticias\/solsticio-de-verano-en-la-civilizacion-caral-ya-existian-expertos-en-astronomia\/","og_site_name":"Zona Caral","article_published_time":"2023-12-19T14:49:13+00:00","og_image":[{"width":1000,"height":600,"url":"https:\/\/zonacaral.gob.pe\/wp-content\/uploads\/2023\/12\/solsticio-5.png","type":"image\/png"}],"author":"Zona Caral Administrador","twitter_card":"summary_large_image","twitter_misc":{"Written by":"Zona Caral Administrador","Est. reading time":"3 minutes"},"schema":{"@context":"https:\/\/schema.org","@graph":[{"@type":"Article","@id":"https:\/\/zonacaral.gob.pe\/es\/noticias\/solsticio-de-verano-en-la-civilizacion-caral-ya-existian-expertos-en-astronomia\/#article","isPartOf":{"@id":"https:\/\/zonacaral.gob.pe\/es\/noticias\/solsticio-de-verano-en-la-civilizacion-caral-ya-existian-expertos-en-astronomia\/"},"author":{"name":"Zona Caral Administrador","@id":"https:\/\/zonacaral.gob.pe\/es\/#\/schema\/person\/beddb4d22f71a7230c5b90913270a0ee"},"headline":"SOLSTICIO DE VERANO: en la Civilizaci\u00f3n Caral ya exist\u00edan expertos en astronom\u00eda","datePublished":"2023-12-19T14:49:13+00:00","mainEntityOfPage":{"@id":"https:\/\/zonacaral.gob.pe\/es\/noticias\/solsticio-de-verano-en-la-civilizacion-caral-ya-existian-expertos-en-astronomia\/"},"wordCount":622,"image":{"@id":"https:\/\/zonacaral.gob.pe\/es\/noticias\/solsticio-de-verano-en-la-civilizacion-caral-ya-existian-expertos-en-astronomia\/#primaryimage"},"thumbnailUrl":"https:\/\/zonacaral.gob.pe\/wp-content\/uploads\/2023\/12\/solsticio-5.png","keywords":["caral","Cultura"],"articleSection":["noticias"],"inLanguage":"en-US"},{"@type":"WebPage","@id":"https:\/\/zonacaral.gob.pe\/es\/noticias\/solsticio-de-verano-en-la-civilizacion-caral-ya-existian-expertos-en-astronomia\/","url":"https:\/\/zonacaral.gob.pe\/es\/noticias\/solsticio-de-verano-en-la-civilizacion-caral-ya-existian-expertos-en-astronomia\/","name":"SOLSTICIO DE VERANO: en la Civilizaci\u00f3n Caral ya exist\u00edan expertos en astronom\u00eda","isPartOf":{"@id":"https:\/\/zonacaral.gob.pe\/es\/#website"},"primaryImageOfPage":{"@id":"https:\/\/zonacaral.gob.pe\/es\/noticias\/solsticio-de-verano-en-la-civilizacion-caral-ya-existian-expertos-en-astronomia\/#primaryimage"},"image":{"@id":"https:\/\/zonacaral.gob.pe\/es\/noticias\/solsticio-de-verano-en-la-civilizacion-caral-ya-existian-expertos-en-astronomia\/#primaryimage"},"thumbnailUrl":"https:\/\/zonacaral.gob.pe\/wp-content\/uploads\/2023\/12\/solsticio-5.png","datePublished":"2023-12-19T14:49:13+00:00","author":{"@id":"https:\/\/zonacaral.gob.pe\/es\/#\/schema\/person\/beddb4d22f71a7230c5b90913270a0ee"},"description":"Las investigaciones realizadas en los diversos centros urbanos de la Civilizaci\u00f3n Caral, han mostrado que esta fue una sociedad que alcanz\u00f3 un alto nivel de conocimientos en \u00e1reas como la arquitectura, pesca, agricultura, la tecnolog\u00eda textil, entre otras, y, tambi\u00e9n, existieron expertos que generaron conocimientos en el campo de la astronom\u00eda.","breadcrumb":{"@id":"https:\/\/zonacaral.gob.pe\/es\/noticias\/solsticio-de-verano-en-la-civilizacion-caral-ya-existian-expertos-en-astronomia\/#breadcrumb"},"inLanguage":"en-US","potentialAction":[{"@type":"ReadAction","target":["https:\/\/zonacaral.gob.pe\/es\/noticias\/solsticio-de-verano-en-la-civilizacion-caral-ya-existian-expertos-en-astronomia\/"]}]},{"@type":"ImageObject","inLanguage":"en-US","@id":"https:\/\/zonacaral.gob.pe\/es\/noticias\/solsticio-de-verano-en-la-civilizacion-caral-ya-existian-expertos-en-astronomia\/#primaryimage","url":"https:\/\/zonacaral.gob.pe\/wp-content\/uploads\/2023\/12\/solsticio-5.png","contentUrl":"https:\/\/zonacaral.gob.pe\/wp-content\/uploads\/2023\/12\/solsticio-5.png","width":1000,"height":600},{"@type":"BreadcrumbList","@id":"https:\/\/zonacaral.gob.pe\/es\/noticias\/solsticio-de-verano-en-la-civilizacion-caral-ya-existian-expertos-en-astronomia\/#breadcrumb","itemListElement":[{"@type":"ListItem","position":1,"name":"Portada","item":"https:\/\/zonacaral.gob.pe\/"},{"@type":"ListItem","position":2,"name":"SOLSTICIO DE VERANO: en la Civilizaci\u00f3n Caral ya exist\u00edan expertos en astronom\u00eda"}]},{"@type":"WebSite","@id":"https:\/\/zonacaral.gob.pe\/es\/#website","url":"https:\/\/zonacaral.gob.pe\/es\/","name":"Zona Caral","description":"Investigamos, conservamos y difundimos el patrimonio cultural de la Civilizaci\u00f3n Caral, la m\u00e1s antigua de Am\u00e9rica.","potentialAction":[{"@type":"SearchAction","target":{"@type":"EntryPoint","urlTemplate":"https:\/\/zonacaral.gob.pe\/es\/?s={search_term_string}"},"query-input":{"@type":"PropertyValueSpecification","valueRequired":true,"valueName":"search_term_string"}}],"inLanguage":"en-US"},{"@type":"Person","@id":"https:\/\/zonacaral.gob.pe\/es\/#\/schema\/person\/beddb4d22f71a7230c5b90913270a0ee","name":"Zona Caral Administrador","image":{"@type":"ImageObject","inLanguage":"en-US","@id":"https:\/\/secure.gravatar.com\/avatar\/e4be162918a696358376de6446614e0f0f4062bdc5d170d6d540ada3d8b58c12?s=96&d=mm&r=g","url":"https:\/\/secure.gravatar.com\/avatar\/e4be162918a696358376de6446614e0f0f4062bdc5d170d6d540ada3d8b58c12?s=96&d=mm&r=g","contentUrl":"https:\/\/secure.gravatar.com\/avatar\/e4be162918a696358376de6446614e0f0f4062bdc5d170d6d540ada3d8b58c12?s=96&d=mm&r=g","caption":"Zona Caral Administrador"},"sameAs":["https:\/\/zonacaral.gob.pe"],"url":"https:\/\/zonacaral.gob.pe\/en\/noticias\/author\/ad_zonacaral\/"}]}},"_links":{"self":[{"href":"https:\/\/zonacaral.gob.pe\/en\/wp-json\/wp\/v2\/posts\/17314","targetHints":{"allow":["GET"]}}],"collection":[{"href":"https:\/\/zonacaral.gob.pe\/en\/wp-json\/wp\/v2\/posts"}],"about":[{"href":"https:\/\/zonacaral.gob.pe\/en\/wp-json\/wp\/v2\/types\/post"}],"author":[{"embeddable":true,"href":"https:\/\/zonacaral.gob.pe\/en\/wp-json\/wp\/v2\/users\/1"}],"replies":[{"embeddable":true,"href":"https:\/\/zonacaral.gob.pe\/en\/wp-json\/wp\/v2\/comments?post=17314"}],"version-history":[{"count":0,"href":"https:\/\/zonacaral.gob.pe\/en\/wp-json\/wp\/v2\/posts\/17314\/revisions"}],"wp:featuredmedia":[{"embeddable":true,"href":"https:\/\/zonacaral.gob.pe\/en\/wp-json\/wp\/v2\/media\/17319"}],"wp:attachment":[{"href":"https:\/\/zonacaral.gob.pe\/en\/wp-json\/wp\/v2\/media?parent=17314"}],"wp:term":[{"taxonomy":"category","embeddable":true,"href":"https:\/\/zonacaral.gob.pe\/en\/wp-json\/wp\/v2\/categories?post=17314"},{"taxonomy":"post_tag","embeddable":true,"href":"https:\/\/zonacaral.gob.pe\/en\/wp-json\/wp\/v2\/tags?post=17314"}],"curies":[{"name":"wp","href":"https:\/\/api.w.org\/{rel}","templated":true}]}}