{"id":17352,"date":"2024-01-17T15:41:36","date_gmt":"2024-01-17T20:41:36","guid":{"rendered":"https:\/\/www.zonacaral.gob.pe\/?p=17352"},"modified":"2024-01-17T15:41:36","modified_gmt":"2024-01-17T20:41:36","slug":"saca-provecho-a-tu-verano-sitios-arqueologicos-playas-y-mas","status":"publish","type":"post","link":"https:\/\/zonacaral.gob.pe\/en\/noticias\/saca-provecho-a-tu-verano-sitios-arqueologicos-playas-y-mas\/","title":{"rendered":"Saca provecho a tu verano: sitios arqueol\u00f3gicos, playas y m\u00e1s"},"content":{"rendered":"<figure class=\"pic-autor\" style=\"color: #4d4d4d; text-align: justify;\"><\/figure>\n<div class=\"gmail_default\" style=\"text-align: justify;\">\n<blockquote>\n<p><i><span style=\"font-weight: 400;\">Lugares cercanos a la ciudad de Lima.<\/span><\/i><\/p>\n<\/blockquote>\n<p><span style=\"font-weight: 400;\">Aprovecha este verano y las vacaciones para conocer los milenarios asentamientos arqueol\u00f3gicos, Ciudad Sagrada de Caral, Patrimonio Mundial, \u00c1spero, y Vichama, ubicados entre las provincias de Barranca y Huaura, en la denominada \u00e1rea norcentral peruana; y, adem\u00e1s, aprovecha tu viaje para conocer sus playas, \u00e1reas naturales y centros de entretenimiento.<\/span><\/p>\n<p><b>CIUDAD SAGRADA DE CARAL, PATRIMONIO MUNDIAL<\/b><\/p>\n<p><span style=\"font-weight: 400;\">Es el principal centro urbano de la primera civilizaci\u00f3n de Am\u00e9rica, desarrollada en el valle de Supe (distrito de Supe \u2013 Barranca, a cuatro horas desde la ciudad de Lima). En el lugar se encuentran los colosales y m\u00e1s antiguos edificios piramidales construidos en Per\u00fa. Conocer\u00e1s como, hace cinco mil a\u00f1os, se organiz\u00f3 la sociedad que habit\u00f3 en los centros urbanos de Caral y los conocimientos en ciencia y tecnolog\u00eda que desarrollaron, y que trascendieron a las dem\u00e1s sociedades de los Andes centrales.<\/span><\/p>\n<p><i><span style=\"font-weight: 400;\">Ingresa aqu\u00ed para m\u00e1s detalles:<\/span><\/i> <a href=\"https:\/\/bit.ly\/ComoLLegar_CiudadSagradaCaral\"><i><span style=\"font-weight: 400;\">bit.ly\/ComoLLegar_CiudadSagradaCaral<\/span><\/i><\/a><\/p>\n<p><b>\u00c1SPERO, CIUDAD PESQUERA<\/b><\/p>\n<p><span style=\"font-weight: 400;\">Se encuentra muy cerca al mar, en el distrito de Supe Puerto &#8211; Barranca (aproximadamente a cuatro horas de viaje desde Lima). Los habitantes de este gran centro urbano, que tuvieron el \u201cMar de Grau\u201d a su disposici\u00f3n, se dedicaron a la producci\u00f3n de tecnolog\u00edas pesqueras y a obtener el variado recurso marino. Los hallazgos arqueol\u00f3gicos dan cuenta de sus t\u00e9cnicas de secado y conservaci\u00f3n de pescado, de cocina en piedra o bajo tierra (Pachamanca). Revelan detalles de c\u00f3mo vivieron sus habitantes; que, adem\u00e1s, lograron intercambiar sus productos con las sociedades del valle de Supe.<\/span><\/p>\n<p><i><span style=\"font-weight: 400;\">Ingresa aqu\u00ed para m\u00e1s detalles de c\u00f3mo llegar:<\/span><\/i> <a href=\"https:\/\/bit.ly\/ComoLlegar_Aspero\"><i><span style=\"font-weight: 400;\">bit.ly\/ComoLlegar_Aspero<\/span><\/i><\/a><\/p>\n<p><b>VICHAMA, CIUDAD AGROPESQUERA<\/b><\/p>\n<p><span style=\"font-weight: 400;\">Est\u00e1 ubicado en el distrito de V\u00e9gueta, provincia de Huaura, a dos horas y media de viaje, por la v\u00eda Panamericana Norte, desde la capital peruana. Guarda celosamente entre los muros de sus principales salones ceremoniales los relieves que cuentan una historia, a\u00fan por recuperar, de la crisis generada por un gran cambio clim\u00e1tico que afect\u00f3 a su sociedad y que provoc\u00f3 muerte, sequ\u00eda y hambruna, evento que no deb\u00eda ser olvidado y para lo que deb\u00edan estar preparados.<\/span><\/p>\n<p><i><span style=\"font-weight: 400;\">Ingresa aqu\u00ed para m\u00e1s detalles de c\u00f3mo llegar:<\/span><\/i> <a href=\"https:\/\/bit.ly\/ComoLlegar_Vichama\"><i><span style=\"font-weight: 400;\">bit.ly\/ComoLlegar_Vichama<\/span><\/i><\/a><\/p>\n<p><b>MUSEOS<\/b><\/p>\n<p><span style=\"font-weight: 400;\">Asimismo, puedes complementar tu visita, ingresando a los museos comunitarios ubicados en los distritos de Supe y V\u00e9gueta, administrados por los municipios del mismo nombre, los cuales contienen los hallazgos m\u00e1s importantes y representativos de los doce centros urbanos de la Civilizaci\u00f3n Caral, investigados por la Zona Arqueol\u00f3gica Caral, bajo la direcci\u00f3n de la doctora Ruth Shady.<\/span><\/p>\n<p><b>PLAYAS Y ATRACTIVOS<\/b><\/p>\n<p><span style=\"font-weight: 400;\">Las provincias de Barranca y Huaura tambi\u00e9n son conocidas por otros atractivos tur\u00edsticos como sus playas, espacios naturales en los que se puede disfrutar con la familia o amigos. Entre ellas est\u00e1n: playa Para\u00edso, Los Hornillos, Tambo de Mora en Huacho, y las playas La Isla, Puerto Chico, Lapay y Caleta Vidal en Barranca.<\/span><\/p>\n<p><span style=\"font-weight: 400;\">Tambi\u00e9n hay centros de esparcimiento como la plaza de armas, el mirador en el Cristo Redentor y la Fortaleza de Paramonga en Barranca. El Mercado Modelo, el Centro Comercial El Sol y Bandurria en Huacho, entre otros lugares conocidos, como las Lomas de Lachay (solo en temporadas), el Castillo de Chancay, o piscinas.<\/span><\/p>\n<p><span style=\"font-weight: 400;\">Cabe se\u00f1alar que estas provincias tambi\u00e9n cuentan con lugares de recreaci\u00f3n, servicios b\u00e1sicos (hoteles y restaurantes). Su gastronom\u00eda es bien valorada por poseer platos t\u00edpicos como: ceviche y mariscos (con salsa de arnaucho), ceviche de pato, sopa huachana, charquic\u00e1n de anchoveta, chancho al cilindro y al palo, entre otros.<\/span><\/p>\n<p><b>DATO<\/b><\/p>\n<p><span style=\"font-weight: 400;\">Muy pronto la Zona Arqueol\u00f3gica Caral, Unidad Ejecutora 003 del Ministerio de Cultura, permitir\u00e1 el ingreso al p\u00fablico a otro asentamiento arqueol\u00f3gico ubicado en el valle de Supe, el cual complementa la informaci\u00f3n sobre el desarrollo de la Civilizaci\u00f3n Caral, por lo que ser\u00e1 una nueva excusa para volver a esta parte del Per\u00fa.<\/span><\/p>\n<p><span style=\"color: #850707;\"><strong style=\"font-size: inherit; text-align: justify;\">Fuente: Comunicaci\u00f3n e Imagen Institucional ZAC<\/strong><\/span><\/p>\n<\/div>\n<div style=\"color: #1f1f1f;\">\n<div style=\"color: #1f1f1f;\">\n<p style=\"text-align: justify;\">Fecha de publicaci\u00f3n: 17\/01\/2023<\/p>\n<\/div>\n<\/div>\n\n\n<p><\/p>","protected":false},"excerpt":{"rendered":"<p>Lugares cercanos a la ciudad de Lima. Aprovecha este verano y las vacaciones para conocer los milenarios asentamientos arqueol\u00f3gicos, Ciudad [&hellip;]<\/p>\n","protected":false},"author":1,"featured_media":17355,"comment_status":"closed","ping_status":"open","sticky":false,"template":"","format":"standard","meta":{"_acf_changed":false,"site-sidebar-layout":"default","site-content-layout":"","ast-site-content-layout":"default","site-content-style":"default","site-sidebar-style":"default","ast-global-header-display":"","ast-banner-title-visibility":"","ast-main-header-display":"","ast-hfb-above-header-display":"","ast-hfb-below-header-display":"","ast-hfb-mobile-header-display":"","site-post-title":"","ast-breadcrumbs-content":"","ast-featured-img":"","footer-sml-layout":"","ast-disable-related-posts":"","theme-transparent-header-meta":"","adv-header-id-meta":"","stick-header-meta":"","header-above-stick-meta":"","header-main-stick-meta":"","header-below-stick-meta":"","astra-migrate-meta-layouts":"default","ast-page-background-enabled":"default","ast-page-background-meta":{"desktop":{"background-color":"var(--ast-global-color-5)","background-image":"","background-repeat":"repeat","background-position":"center center","background-size":"auto","background-attachment":"scroll","background-type":"","background-media":"","overlay-type":"","overlay-color":"","overlay-opacity":"","overlay-gradient":""},"tablet":{"background-color":"","background-image":"","background-repeat":"repeat","background-position":"center center","background-size":"auto","background-attachment":"scroll","background-type":"","background-media":"","overlay-type":"","overlay-color":"","overlay-opacity":"","overlay-gradient":""},"mobile":{"background-color":"","background-image":"","background-repeat":"repeat","background-position":"center center","background-size":"auto","background-attachment":"scroll","background-type":"","background-media":"","overlay-type":"","overlay-color":"","overlay-opacity":"","overlay-gradient":""}},"ast-content-background-meta":{"desktop":{"background-color":"var(--ast-global-color-4)","background-image":"","background-repeat":"repeat","background-position":"center center","background-size":"auto","background-attachment":"scroll","background-type":"","background-media":"","overlay-type":"","overlay-color":"","overlay-opacity":"","overlay-gradient":""},"tablet":{"background-color":"var(--ast-global-color-4)","background-image":"","background-repeat":"repeat","background-position":"center center","background-size":"auto","background-attachment":"scroll","background-type":"","background-media":"","overlay-type":"","overlay-color":"","overlay-opacity":"","overlay-gradient":""},"mobile":{"background-color":"var(--ast-global-color-4)","background-image":"","background-repeat":"repeat","background-position":"center center","background-size":"auto","background-attachment":"scroll","background-type":"","background-media":"","overlay-type":"","overlay-color":"","overlay-opacity":"","overlay-gradient":""}},"footnotes":""},"categories":[208],"tags":[55,72],"class_list":["post-17352","post","type-post","status-publish","format-standard","has-post-thumbnail","hentry","category-noticias","tag-caral","tag-cultura"],"acf":[],"yoast_head":"<!-- This site is optimized with the Yoast SEO plugin v27.3 - https:\/\/yoast.com\/product\/yoast-seo-wordpress\/ -->\n<title>Saca provecho a tu verano: sitios arqueol\u00f3gicos, playas y m\u00e1s<\/title>\n<meta name=\"description\" content=\"Con el fin de concientizar y sensibilizar a la poblaci\u00f3n sobre la importancia de conocer, difundir y proteger su patrimonio cultural, desarrollado en el valle de Supe y, en especial, aleda\u00f1o al centro poblado Pe\u00f1ico, la Zona Arqueol\u00f3gica Caral, Unidad Ejecutora 003 del Ministerio de Cultura, inici\u00f3 un ciclo de talleres dirigido a escolares y poblaci\u00f3n en general.\" \/>\n<meta name=\"robots\" content=\"index, follow, max-snippet:-1, max-image-preview:large, max-video-preview:-1\" \/>\n<link rel=\"canonical\" href=\"https:\/\/zonacaral.gob.pe\/en\/noticias\/saca-provecho-a-tu-verano-sitios-arqueologicos-playas-y-mas\/\" \/>\n<meta property=\"og:locale\" content=\"en_US\" \/>\n<meta property=\"og:type\" content=\"article\" \/>\n<meta property=\"og:title\" content=\"Saca provecho a tu verano: sitios arqueol\u00f3gicos, playas y m\u00e1s\" \/>\n<meta property=\"og:description\" content=\"Con el fin de concientizar y sensibilizar a la poblaci\u00f3n sobre la importancia de conocer, difundir y proteger su patrimonio cultural, desarrollado en el valle de Supe y, en especial, aleda\u00f1o al centro poblado Pe\u00f1ico, la Zona Arqueol\u00f3gica Caral, Unidad Ejecutora 003 del Ministerio de Cultura, inici\u00f3 un ciclo de talleres dirigido a escolares y poblaci\u00f3n en general.\" \/>\n<meta property=\"og:url\" content=\"https:\/\/zonacaral.gob.pe\/en\/noticias\/saca-provecho-a-tu-verano-sitios-arqueologicos-playas-y-mas\/\" \/>\n<meta property=\"og:site_name\" content=\"Zona Caral\" \/>\n<meta property=\"article:published_time\" content=\"2024-01-17T20:41:36+00:00\" \/>\n<meta property=\"og:image\" content=\"https:\/\/zonacaral.gob.pe\/wp-content\/uploads\/2024\/01\/VERANO-3.png\" \/>\n\t<meta property=\"og:image:width\" content=\"1000\" \/>\n\t<meta property=\"og:image:height\" content=\"600\" \/>\n\t<meta property=\"og:image:type\" content=\"image\/png\" \/>\n<meta name=\"author\" content=\"Zona Caral Administrador\" \/>\n<meta name=\"twitter:card\" content=\"summary_large_image\" \/>\n<meta name=\"twitter:label1\" content=\"Written by\" \/>\n\t<meta name=\"twitter:data1\" content=\"Zona Caral Administrador\" \/>\n\t<meta name=\"twitter:label2\" content=\"Est. reading time\" \/>\n\t<meta name=\"twitter:data2\" content=\"3 minutes\" \/>\n<script type=\"application\/ld+json\" class=\"yoast-schema-graph\">{\"@context\":\"https:\\\/\\\/schema.org\",\"@graph\":[{\"@type\":\"Article\",\"@id\":\"https:\\\/\\\/zonacaral.gob.pe\\\/es\\\/noticias\\\/saca-provecho-a-tu-verano-sitios-arqueologicos-playas-y-mas\\\/#article\",\"isPartOf\":{\"@id\":\"https:\\\/\\\/zonacaral.gob.pe\\\/es\\\/noticias\\\/saca-provecho-a-tu-verano-sitios-arqueologicos-playas-y-mas\\\/\"},\"author\":{\"name\":\"Zona Caral Administrador\",\"@id\":\"https:\\\/\\\/zonacaral.gob.pe\\\/es\\\/#\\\/schema\\\/person\\\/beddb4d22f71a7230c5b90913270a0ee\"},\"headline\":\"Saca provecho a tu verano: sitios arqueol\u00f3gicos, playas y m\u00e1s\",\"datePublished\":\"2024-01-17T20:41:36+00:00\",\"mainEntityOfPage\":{\"@id\":\"https:\\\/\\\/zonacaral.gob.pe\\\/es\\\/noticias\\\/saca-provecho-a-tu-verano-sitios-arqueologicos-playas-y-mas\\\/\"},\"wordCount\":703,\"image\":{\"@id\":\"https:\\\/\\\/zonacaral.gob.pe\\\/es\\\/noticias\\\/saca-provecho-a-tu-verano-sitios-arqueologicos-playas-y-mas\\\/#primaryimage\"},\"thumbnailUrl\":\"https:\\\/\\\/zonacaral.gob.pe\\\/wp-content\\\/uploads\\\/2024\\\/01\\\/VERANO-3.png\",\"keywords\":[\"caral\",\"Cultura\"],\"articleSection\":[\"noticias\"],\"inLanguage\":\"en-US\"},{\"@type\":\"WebPage\",\"@id\":\"https:\\\/\\\/zonacaral.gob.pe\\\/es\\\/noticias\\\/saca-provecho-a-tu-verano-sitios-arqueologicos-playas-y-mas\\\/\",\"url\":\"https:\\\/\\\/zonacaral.gob.pe\\\/es\\\/noticias\\\/saca-provecho-a-tu-verano-sitios-arqueologicos-playas-y-mas\\\/\",\"name\":\"Saca provecho a tu verano: sitios arqueol\u00f3gicos, playas y m\u00e1s\",\"isPartOf\":{\"@id\":\"https:\\\/\\\/zonacaral.gob.pe\\\/es\\\/#website\"},\"primaryImageOfPage\":{\"@id\":\"https:\\\/\\\/zonacaral.gob.pe\\\/es\\\/noticias\\\/saca-provecho-a-tu-verano-sitios-arqueologicos-playas-y-mas\\\/#primaryimage\"},\"image\":{\"@id\":\"https:\\\/\\\/zonacaral.gob.pe\\\/es\\\/noticias\\\/saca-provecho-a-tu-verano-sitios-arqueologicos-playas-y-mas\\\/#primaryimage\"},\"thumbnailUrl\":\"https:\\\/\\\/zonacaral.gob.pe\\\/wp-content\\\/uploads\\\/2024\\\/01\\\/VERANO-3.png\",\"datePublished\":\"2024-01-17T20:41:36+00:00\",\"author\":{\"@id\":\"https:\\\/\\\/zonacaral.gob.pe\\\/es\\\/#\\\/schema\\\/person\\\/beddb4d22f71a7230c5b90913270a0ee\"},\"description\":\"Con el fin de concientizar y sensibilizar a la poblaci\u00f3n sobre la importancia de conocer, difundir y proteger su patrimonio cultural, desarrollado en el valle de Supe y, en especial, aleda\u00f1o al centro poblado Pe\u00f1ico, la Zona Arqueol\u00f3gica Caral, Unidad Ejecutora 003 del Ministerio de Cultura, inici\u00f3 un ciclo de talleres dirigido a escolares y poblaci\u00f3n en general.\",\"breadcrumb\":{\"@id\":\"https:\\\/\\\/zonacaral.gob.pe\\\/es\\\/noticias\\\/saca-provecho-a-tu-verano-sitios-arqueologicos-playas-y-mas\\\/#breadcrumb\"},\"inLanguage\":\"en-US\",\"potentialAction\":[{\"@type\":\"ReadAction\",\"target\":[\"https:\\\/\\\/zonacaral.gob.pe\\\/es\\\/noticias\\\/saca-provecho-a-tu-verano-sitios-arqueologicos-playas-y-mas\\\/\"]}]},{\"@type\":\"ImageObject\",\"inLanguage\":\"en-US\",\"@id\":\"https:\\\/\\\/zonacaral.gob.pe\\\/es\\\/noticias\\\/saca-provecho-a-tu-verano-sitios-arqueologicos-playas-y-mas\\\/#primaryimage\",\"url\":\"https:\\\/\\\/zonacaral.gob.pe\\\/wp-content\\\/uploads\\\/2024\\\/01\\\/VERANO-3.png\",\"contentUrl\":\"https:\\\/\\\/zonacaral.gob.pe\\\/wp-content\\\/uploads\\\/2024\\\/01\\\/VERANO-3.png\",\"width\":1000,\"height\":600},{\"@type\":\"BreadcrumbList\",\"@id\":\"https:\\\/\\\/zonacaral.gob.pe\\\/es\\\/noticias\\\/saca-provecho-a-tu-verano-sitios-arqueologicos-playas-y-mas\\\/#breadcrumb\",\"itemListElement\":[{\"@type\":\"ListItem\",\"position\":1,\"name\":\"Portada\",\"item\":\"https:\\\/\\\/zonacaral.gob.pe\\\/\"},{\"@type\":\"ListItem\",\"position\":2,\"name\":\"Saca provecho a tu verano: sitios arqueol\u00f3gicos, playas y m\u00e1s\"}]},{\"@type\":\"WebSite\",\"@id\":\"https:\\\/\\\/zonacaral.gob.pe\\\/es\\\/#website\",\"url\":\"https:\\\/\\\/zonacaral.gob.pe\\\/es\\\/\",\"name\":\"Zona Caral\",\"description\":\"Investigamos, conservamos y difundimos el patrimonio cultural de la Civilizaci\u00f3n Caral, la m\u00e1s antigua de Am\u00e9rica.\",\"potentialAction\":[{\"@type\":\"SearchAction\",\"target\":{\"@type\":\"EntryPoint\",\"urlTemplate\":\"https:\\\/\\\/zonacaral.gob.pe\\\/es\\\/?s={search_term_string}\"},\"query-input\":{\"@type\":\"PropertyValueSpecification\",\"valueRequired\":true,\"valueName\":\"search_term_string\"}}],\"inLanguage\":\"en-US\"},{\"@type\":\"Person\",\"@id\":\"https:\\\/\\\/zonacaral.gob.pe\\\/es\\\/#\\\/schema\\\/person\\\/beddb4d22f71a7230c5b90913270a0ee\",\"name\":\"Zona Caral Administrador\",\"image\":{\"@type\":\"ImageObject\",\"inLanguage\":\"en-US\",\"@id\":\"https:\\\/\\\/secure.gravatar.com\\\/avatar\\\/e4be162918a696358376de6446614e0f0f4062bdc5d170d6d540ada3d8b58c12?s=96&d=mm&r=g\",\"url\":\"https:\\\/\\\/secure.gravatar.com\\\/avatar\\\/e4be162918a696358376de6446614e0f0f4062bdc5d170d6d540ada3d8b58c12?s=96&d=mm&r=g\",\"contentUrl\":\"https:\\\/\\\/secure.gravatar.com\\\/avatar\\\/e4be162918a696358376de6446614e0f0f4062bdc5d170d6d540ada3d8b58c12?s=96&d=mm&r=g\",\"caption\":\"Zona Caral Administrador\"},\"sameAs\":[\"https:\\\/\\\/zonacaral.gob.pe\"],\"url\":\"https:\\\/\\\/zonacaral.gob.pe\\\/en\\\/noticias\\\/author\\\/ad_zonacaral\\\/\"}]}<\/script>\n<!-- \/ Yoast SEO plugin. -->","yoast_head_json":{"title":"Saca provecho a tu verano: sitios arqueol\u00f3gicos, playas y m\u00e1s","description":"Con el fin de concientizar y sensibilizar a la poblaci\u00f3n sobre la importancia de conocer, difundir y proteger su patrimonio cultural, desarrollado en el valle de Supe y, en especial, aleda\u00f1o al centro poblado Pe\u00f1ico, la Zona Arqueol\u00f3gica Caral, Unidad Ejecutora 003 del Ministerio de Cultura, inici\u00f3 un ciclo de talleres dirigido a escolares y poblaci\u00f3n en general.","robots":{"index":"index","follow":"follow","max-snippet":"max-snippet:-1","max-image-preview":"max-image-preview:large","max-video-preview":"max-video-preview:-1"},"canonical":"https:\/\/zonacaral.gob.pe\/en\/noticias\/saca-provecho-a-tu-verano-sitios-arqueologicos-playas-y-mas\/","og_locale":"en_US","og_type":"article","og_title":"Saca provecho a tu verano: sitios arqueol\u00f3gicos, playas y m\u00e1s","og_description":"Con el fin de concientizar y sensibilizar a la poblaci\u00f3n sobre la importancia de conocer, difundir y proteger su patrimonio cultural, desarrollado en el valle de Supe y, en especial, aleda\u00f1o al centro poblado Pe\u00f1ico, la Zona Arqueol\u00f3gica Caral, Unidad Ejecutora 003 del Ministerio de Cultura, inici\u00f3 un ciclo de talleres dirigido a escolares y poblaci\u00f3n en general.","og_url":"https:\/\/zonacaral.gob.pe\/en\/noticias\/saca-provecho-a-tu-verano-sitios-arqueologicos-playas-y-mas\/","og_site_name":"Zona Caral","article_published_time":"2024-01-17T20:41:36+00:00","og_image":[{"width":1000,"height":600,"url":"https:\/\/zonacaral.gob.pe\/wp-content\/uploads\/2024\/01\/VERANO-3.png","type":"image\/png"}],"author":"Zona Caral Administrador","twitter_card":"summary_large_image","twitter_misc":{"Written by":"Zona Caral Administrador","Est. reading time":"3 minutes"},"schema":{"@context":"https:\/\/schema.org","@graph":[{"@type":"Article","@id":"https:\/\/zonacaral.gob.pe\/es\/noticias\/saca-provecho-a-tu-verano-sitios-arqueologicos-playas-y-mas\/#article","isPartOf":{"@id":"https:\/\/zonacaral.gob.pe\/es\/noticias\/saca-provecho-a-tu-verano-sitios-arqueologicos-playas-y-mas\/"},"author":{"name":"Zona Caral Administrador","@id":"https:\/\/zonacaral.gob.pe\/es\/#\/schema\/person\/beddb4d22f71a7230c5b90913270a0ee"},"headline":"Saca provecho a tu verano: sitios arqueol\u00f3gicos, playas y m\u00e1s","datePublished":"2024-01-17T20:41:36+00:00","mainEntityOfPage":{"@id":"https:\/\/zonacaral.gob.pe\/es\/noticias\/saca-provecho-a-tu-verano-sitios-arqueologicos-playas-y-mas\/"},"wordCount":703,"image":{"@id":"https:\/\/zonacaral.gob.pe\/es\/noticias\/saca-provecho-a-tu-verano-sitios-arqueologicos-playas-y-mas\/#primaryimage"},"thumbnailUrl":"https:\/\/zonacaral.gob.pe\/wp-content\/uploads\/2024\/01\/VERANO-3.png","keywords":["caral","Cultura"],"articleSection":["noticias"],"inLanguage":"en-US"},{"@type":"WebPage","@id":"https:\/\/zonacaral.gob.pe\/es\/noticias\/saca-provecho-a-tu-verano-sitios-arqueologicos-playas-y-mas\/","url":"https:\/\/zonacaral.gob.pe\/es\/noticias\/saca-provecho-a-tu-verano-sitios-arqueologicos-playas-y-mas\/","name":"Saca provecho a tu verano: sitios arqueol\u00f3gicos, playas y m\u00e1s","isPartOf":{"@id":"https:\/\/zonacaral.gob.pe\/es\/#website"},"primaryImageOfPage":{"@id":"https:\/\/zonacaral.gob.pe\/es\/noticias\/saca-provecho-a-tu-verano-sitios-arqueologicos-playas-y-mas\/#primaryimage"},"image":{"@id":"https:\/\/zonacaral.gob.pe\/es\/noticias\/saca-provecho-a-tu-verano-sitios-arqueologicos-playas-y-mas\/#primaryimage"},"thumbnailUrl":"https:\/\/zonacaral.gob.pe\/wp-content\/uploads\/2024\/01\/VERANO-3.png","datePublished":"2024-01-17T20:41:36+00:00","author":{"@id":"https:\/\/zonacaral.gob.pe\/es\/#\/schema\/person\/beddb4d22f71a7230c5b90913270a0ee"},"description":"Con el fin de concientizar y sensibilizar a la poblaci\u00f3n sobre la importancia de conocer, difundir y proteger su patrimonio cultural, desarrollado en el valle de Supe y, en especial, aleda\u00f1o al centro poblado Pe\u00f1ico, la Zona Arqueol\u00f3gica Caral, Unidad Ejecutora 003 del Ministerio de Cultura, inici\u00f3 un ciclo de talleres dirigido a escolares y poblaci\u00f3n en general.","breadcrumb":{"@id":"https:\/\/zonacaral.gob.pe\/es\/noticias\/saca-provecho-a-tu-verano-sitios-arqueologicos-playas-y-mas\/#breadcrumb"},"inLanguage":"en-US","potentialAction":[{"@type":"ReadAction","target":["https:\/\/zonacaral.gob.pe\/es\/noticias\/saca-provecho-a-tu-verano-sitios-arqueologicos-playas-y-mas\/"]}]},{"@type":"ImageObject","inLanguage":"en-US","@id":"https:\/\/zonacaral.gob.pe\/es\/noticias\/saca-provecho-a-tu-verano-sitios-arqueologicos-playas-y-mas\/#primaryimage","url":"https:\/\/zonacaral.gob.pe\/wp-content\/uploads\/2024\/01\/VERANO-3.png","contentUrl":"https:\/\/zonacaral.gob.pe\/wp-content\/uploads\/2024\/01\/VERANO-3.png","width":1000,"height":600},{"@type":"BreadcrumbList","@id":"https:\/\/zonacaral.gob.pe\/es\/noticias\/saca-provecho-a-tu-verano-sitios-arqueologicos-playas-y-mas\/#breadcrumb","itemListElement":[{"@type":"ListItem","position":1,"name":"Portada","item":"https:\/\/zonacaral.gob.pe\/"},{"@type":"ListItem","position":2,"name":"Saca provecho a tu verano: sitios arqueol\u00f3gicos, playas y m\u00e1s"}]},{"@type":"WebSite","@id":"https:\/\/zonacaral.gob.pe\/es\/#website","url":"https:\/\/zonacaral.gob.pe\/es\/","name":"Zona Caral","description":"Investigamos, conservamos y difundimos el patrimonio cultural de la Civilizaci\u00f3n Caral, la m\u00e1s antigua de Am\u00e9rica.","potentialAction":[{"@type":"SearchAction","target":{"@type":"EntryPoint","urlTemplate":"https:\/\/zonacaral.gob.pe\/es\/?s={search_term_string}"},"query-input":{"@type":"PropertyValueSpecification","valueRequired":true,"valueName":"search_term_string"}}],"inLanguage":"en-US"},{"@type":"Person","@id":"https:\/\/zonacaral.gob.pe\/es\/#\/schema\/person\/beddb4d22f71a7230c5b90913270a0ee","name":"Zona Caral Administrador","image":{"@type":"ImageObject","inLanguage":"en-US","@id":"https:\/\/secure.gravatar.com\/avatar\/e4be162918a696358376de6446614e0f0f4062bdc5d170d6d540ada3d8b58c12?s=96&d=mm&r=g","url":"https:\/\/secure.gravatar.com\/avatar\/e4be162918a696358376de6446614e0f0f4062bdc5d170d6d540ada3d8b58c12?s=96&d=mm&r=g","contentUrl":"https:\/\/secure.gravatar.com\/avatar\/e4be162918a696358376de6446614e0f0f4062bdc5d170d6d540ada3d8b58c12?s=96&d=mm&r=g","caption":"Zona Caral Administrador"},"sameAs":["https:\/\/zonacaral.gob.pe"],"url":"https:\/\/zonacaral.gob.pe\/en\/noticias\/author\/ad_zonacaral\/"}]}},"_links":{"self":[{"href":"https:\/\/zonacaral.gob.pe\/en\/wp-json\/wp\/v2\/posts\/17352","targetHints":{"allow":["GET"]}}],"collection":[{"href":"https:\/\/zonacaral.gob.pe\/en\/wp-json\/wp\/v2\/posts"}],"about":[{"href":"https:\/\/zonacaral.gob.pe\/en\/wp-json\/wp\/v2\/types\/post"}],"author":[{"embeddable":true,"href":"https:\/\/zonacaral.gob.pe\/en\/wp-json\/wp\/v2\/users\/1"}],"replies":[{"embeddable":true,"href":"https:\/\/zonacaral.gob.pe\/en\/wp-json\/wp\/v2\/comments?post=17352"}],"version-history":[{"count":0,"href":"https:\/\/zonacaral.gob.pe\/en\/wp-json\/wp\/v2\/posts\/17352\/revisions"}],"wp:featuredmedia":[{"embeddable":true,"href":"https:\/\/zonacaral.gob.pe\/en\/wp-json\/wp\/v2\/media\/17355"}],"wp:attachment":[{"href":"https:\/\/zonacaral.gob.pe\/en\/wp-json\/wp\/v2\/media?parent=17352"}],"wp:term":[{"taxonomy":"category","embeddable":true,"href":"https:\/\/zonacaral.gob.pe\/en\/wp-json\/wp\/v2\/categories?post=17352"},{"taxonomy":"post_tag","embeddable":true,"href":"https:\/\/zonacaral.gob.pe\/en\/wp-json\/wp\/v2\/tags?post=17352"}],"curies":[{"name":"wp","href":"https:\/\/api.w.org\/{rel}","templated":true}]}}