{"id":17372,"date":"2024-01-24T15:06:34","date_gmt":"2024-01-24T20:06:34","guid":{"rendered":"https:\/\/www.zonacaral.gob.pe\/?p=17372"},"modified":"2024-01-24T15:06:34","modified_gmt":"2024-01-24T20:06:34","slug":"dia-internacional-de-la-educacion-en-caral-se-dio-importancia-al-desarrollo-cognitivo-y-emocional","status":"publish","type":"post","link":"https:\/\/zonacaral.gob.pe\/en\/noticias\/dia-internacional-de-la-educacion-en-caral-se-dio-importancia-al-desarrollo-cognitivo-y-emocional\/","title":{"rendered":"D\u00cdA INTERNACIONAL DE LA EDUCACI\u00d3N: en Caral se dio importancia al desarrollo cognitivo y emocional"},"content":{"rendered":"<figure class=\"pic-autor\" style=\"color: #4d4d4d; text-align: justify;\"><\/figure>\n<div class=\"gmail_default\" style=\"text-align: justify;\">\n<blockquote>\n<p><i><span style=\"font-weight: 400;\">Sociedad desarrollada en paz y armon\u00eda.<\/span><\/i><\/p>\n<\/blockquote>\n<p><span style=\"font-weight: 400;\">De acuerdo a las investigaciones realizadas por el equipo multidisciplinario de la Zona Arqueol\u00f3gica Caral, Unidad Ejecutora 003 del Ministerio de Cultura, se hall\u00f3 evidencias que han llevado a deducir que los habitantes que ocuparon los centros urbanos de la Civilizaci\u00f3n Caral, lograron un desarrollo cognitivo y emocional, enfocado en el \u00abBuen Vivir\u00bb o el \u00abSumak kawsay\u00bb.<\/span><\/p>\n<p><span style=\"font-weight: 400;\">As\u00ed lo sostuvo la arque\u00f3loga y antrop\u00f3loga, doctora Ruth Shady, quien lidera desde hace 30 a\u00f1os las investigaciones en doce asentamientos arqueol\u00f3gicos, de 25 identificados: \u201cDesde que se form\u00f3 la Civilizaci\u00f3n Caral, la organizaci\u00f3n social compleja m\u00e1s antigua de Am\u00e9rica, tenemos una visi\u00f3n de la vida que se estuvo replicando en el proceso cultural andino. Hemos sido sociedades que produjeron conocimientos, hemos identificado problemas y buscado dar soluci\u00f3n a ellos\u201d<\/span><\/p>\n<p><span style=\"font-weight: 400;\">\u201cLa Civilizaci\u00f3n Caral no solo busc\u00f3 tener especialistas en diversos campos del conocimiento, hoy admirados por muchos, sino tambi\u00e9n en el aspecto emocional, el sentir. No solo tiene que ser desarrollo cognitivo, sino debemos contribuir identific\u00e1ndonos como seres humanos. Hemos recuperado evidencias de todo un conocimiento y desarrollo del sentir\u201d, indic\u00f3 en una charla con estudiantes de la Universidad Nacional Mayor de San Marcos.<\/span><\/p>\n<p><span style=\"font-weight: 400;\">Un ejemplo de la producci\u00f3n de conocimiento cognitivo y emocional es que, en la sociedad de Caral, se crearon instrumentos musicales, avanzados para su \u00e9poca, como las flautas traversas, las cuales eran usadas en conjunto, de manera armonizada e integral. Esta expresi\u00f3n art\u00edstica se habr\u00eda ejecutado en ritos o eventos sociales importantes. \u201cTambi\u00e9n se hallaron antaras, quenas, entre otros instrumentos musicales que eran tocados en grupos\u201d, dijo.<\/span><\/p>\n<p><span style=\"font-weight: 400;\">\u201cDe ese modo se lograba un desarrollo convergente entre el conocimiento y lo cognitivo, el arte\u201d, agreg\u00f3.<\/span><span style=\"font-weight: 400;\"><br \/><\/span><span style=\"font-weight: 400;\"><br \/><\/span><b>D\u00eda Internacional de la Educaci\u00f3n<\/b><\/p>\n<p><span style=\"font-weight: 400;\">El D\u00eda Internacional de la Educaci\u00f3n es una jornada conmemorativa que se celebra cada 24 de enero, desde el a\u00f1o 2019, establecida por la Asamblea General de las Naciones Unidas y UNESCO el 3 de diciembre de 2018.<\/span><\/p>\n<p><span style=\"font-weight: 400;\">Cuando se adopt\u00f3 la Agenda 2030 para el Desarrollo Sostenible, la comunidad internacional reconoci\u00f3 que la educaci\u00f3n es esencial para el \u00e9xito de sus 17 objetivos. El Objetivo n\u00famero 4 de Desarrollo Sostenible tiene, concretamente, como objetivo \u201cgarantizar una educaci\u00f3n de calidad inclusiva y equitativa y promover oportunidades de aprendizaje permanente para todos\u201d para el a\u00f1o 2030.<\/span><\/p>\n<p><span style=\"font-weight: 400;\">Este a\u00f1o, la Organizaci\u00f3n de las Naciones Unidas para la Educaci\u00f3n, la Ciencia y la Cultura \u2013 UNESCO, busca resaltar la importancia de la educaci\u00f3n para lograr la paz en el mundo.<\/span><\/p>\n<p><span style=\"font-weight: 400;\">\u201cEl mundo hace frente a una oleada de conflictos violentos y a un preocupante incremento de la incitaci\u00f3n al odio, la intolerancia y la discriminaci\u00f3n. Nunca ha sido tan importante un compromiso profundo con la paz. Ah\u00ed es donde entra en juego la educaci\u00f3n. Un aprendizaje basado en los derechos humanos, el di\u00e1logo, la solidaridad y la equidad es esencial para crear sociedades m\u00e1s pac\u00edficas y justas\u2026\u201d, se\u00f1ala.<\/span><\/p>\n<p><span style=\"font-weight: 400;\">En ese sentido, la educaci\u00f3n desde la formaci\u00f3n de las grandes civilizaciones del mundo, como la Civilizaci\u00f3n Caral, desarrollada en Am\u00e9rica, ha jugado un papel importante y trascendente, para lograr los objetivos de las sociedades, en un ambiente de armon\u00eda y paz, con la naturaleza y otros seres humanos.\u00a0<\/span><\/p>\n<p><span style=\"color: #850707;\"><strong style=\"font-size: inherit; text-align: justify;\">Fuente: Comunicaci\u00f3n e Imagen Institucional ZAC<\/strong><\/span><\/p>\n<\/div>\n<div style=\"color: #1f1f1f;\">\n<div style=\"color: #1f1f1f;\">\n<p style=\"text-align: justify;\">Fecha de publicaci\u00f3n: 24\/01\/2023<\/p>\n<\/div>\n<\/div>\n\n\n<p><\/p>","protected":false},"excerpt":{"rendered":"<p>Sociedad desarrollada en paz y armon\u00eda. De acuerdo a las investigaciones realizadas por el equipo multidisciplinario de la Zona Arqueol\u00f3gica [&hellip;]<\/p>\n","protected":false},"author":1,"featured_media":17373,"comment_status":"closed","ping_status":"open","sticky":false,"template":"","format":"standard","meta":{"_acf_changed":false,"site-sidebar-layout":"default","site-content-layout":"","ast-site-content-layout":"default","site-content-style":"default","site-sidebar-style":"default","ast-global-header-display":"","ast-banner-title-visibility":"","ast-main-header-display":"","ast-hfb-above-header-display":"","ast-hfb-below-header-display":"","ast-hfb-mobile-header-display":"","site-post-title":"","ast-breadcrumbs-content":"","ast-featured-img":"","footer-sml-layout":"","ast-disable-related-posts":"","theme-transparent-header-meta":"","adv-header-id-meta":"","stick-header-meta":"","header-above-stick-meta":"","header-main-stick-meta":"","header-below-stick-meta":"","astra-migrate-meta-layouts":"default","ast-page-background-enabled":"default","ast-page-background-meta":{"desktop":{"background-color":"var(--ast-global-color-5)","background-image":"","background-repeat":"repeat","background-position":"center center","background-size":"auto","background-attachment":"scroll","background-type":"","background-media":"","overlay-type":"","overlay-color":"","overlay-opacity":"","overlay-gradient":""},"tablet":{"background-color":"","background-image":"","background-repeat":"repeat","background-position":"center center","background-size":"auto","background-attachment":"scroll","background-type":"","background-media":"","overlay-type":"","overlay-color":"","overlay-opacity":"","overlay-gradient":""},"mobile":{"background-color":"","background-image":"","background-repeat":"repeat","background-position":"center center","background-size":"auto","background-attachment":"scroll","background-type":"","background-media":"","overlay-type":"","overlay-color":"","overlay-opacity":"","overlay-gradient":""}},"ast-content-background-meta":{"desktop":{"background-color":"var(--ast-global-color-4)","background-image":"","background-repeat":"repeat","background-position":"center center","background-size":"auto","background-attachment":"scroll","background-type":"","background-media":"","overlay-type":"","overlay-color":"","overlay-opacity":"","overlay-gradient":""},"tablet":{"background-color":"var(--ast-global-color-4)","background-image":"","background-repeat":"repeat","background-position":"center center","background-size":"auto","background-attachment":"scroll","background-type":"","background-media":"","overlay-type":"","overlay-color":"","overlay-opacity":"","overlay-gradient":""},"mobile":{"background-color":"var(--ast-global-color-4)","background-image":"","background-repeat":"repeat","background-position":"center center","background-size":"auto","background-attachment":"scroll","background-type":"","background-media":"","overlay-type":"","overlay-color":"","overlay-opacity":"","overlay-gradient":""}},"footnotes":""},"categories":[208],"tags":[55,72],"class_list":["post-17372","post","type-post","status-publish","format-standard","has-post-thumbnail","hentry","category-noticias","tag-caral","tag-cultura"],"acf":[],"yoast_head":"<!-- This site is optimized with the Yoast SEO plugin v27.3 - https:\/\/yoast.com\/product\/yoast-seo-wordpress\/ -->\n<title>D\u00cdA INTERNACIONAL DE LA EDUCACI\u00d3N: en Caral se dio importancia al desarrollo cognitivo y emocional<\/title>\n<meta name=\"description\" content=\"De acuerdo a las investigaciones realizadas por el equipo multidisciplinario de la Zona Arqueol\u00f3gica Caral, Unidad Ejecutora 003 del Ministerio de Cultura, se hall\u00f3 evidencias que han llevado a deducir que los habitantes que ocuparon los centros urbanos de la Civilizaci\u00f3n Caral, lograron un desarrollo cognitivo y emocional, enfocado en el \u00abBuen Vivir\u00bb o el \u00abSumak kawsay\u00bb.\" \/>\n<meta name=\"robots\" content=\"index, follow, max-snippet:-1, max-image-preview:large, max-video-preview:-1\" \/>\n<link rel=\"canonical\" href=\"https:\/\/zonacaral.gob.pe\/en\/noticias\/dia-internacional-de-la-educacion-en-caral-se-dio-importancia-al-desarrollo-cognitivo-y-emocional\/\" \/>\n<meta property=\"og:locale\" content=\"en_US\" \/>\n<meta property=\"og:type\" content=\"article\" \/>\n<meta property=\"og:title\" content=\"D\u00cdA INTERNACIONAL DE LA EDUCACI\u00d3N: en Caral se dio importancia al desarrollo cognitivo y emocional\" \/>\n<meta property=\"og:description\" content=\"De acuerdo a las investigaciones realizadas por el equipo multidisciplinario de la Zona Arqueol\u00f3gica Caral, Unidad Ejecutora 003 del Ministerio de Cultura, se hall\u00f3 evidencias que han llevado a deducir que los habitantes que ocuparon los centros urbanos de la Civilizaci\u00f3n Caral, lograron un desarrollo cognitivo y emocional, enfocado en el \u00abBuen Vivir\u00bb o el \u00abSumak kawsay\u00bb.\" \/>\n<meta property=\"og:url\" content=\"https:\/\/zonacaral.gob.pe\/en\/noticias\/dia-internacional-de-la-educacion-en-caral-se-dio-importancia-al-desarrollo-cognitivo-y-emocional\/\" \/>\n<meta property=\"og:site_name\" content=\"Zona Caral\" \/>\n<meta property=\"article:published_time\" content=\"2024-01-24T20:06:34+00:00\" \/>\n<meta property=\"og:image\" content=\"https:\/\/zonacaral.gob.pe\/wp-content\/uploads\/2024\/01\/NOTA-1.png\" \/>\n\t<meta property=\"og:image:width\" content=\"700\" \/>\n\t<meta property=\"og:image:height\" content=\"395\" \/>\n\t<meta property=\"og:image:type\" content=\"image\/png\" \/>\n<meta name=\"author\" content=\"Zona Caral Administrador\" \/>\n<meta name=\"twitter:card\" content=\"summary_large_image\" \/>\n<meta name=\"twitter:label1\" content=\"Written by\" \/>\n\t<meta name=\"twitter:data1\" content=\"Zona Caral Administrador\" \/>\n\t<meta name=\"twitter:label2\" content=\"Est. reading time\" \/>\n\t<meta name=\"twitter:data2\" content=\"3 minutes\" \/>\n<script type=\"application\/ld+json\" class=\"yoast-schema-graph\">{\"@context\":\"https:\\\/\\\/schema.org\",\"@graph\":[{\"@type\":\"Article\",\"@id\":\"https:\\\/\\\/zonacaral.gob.pe\\\/es\\\/noticias\\\/dia-internacional-de-la-educacion-en-caral-se-dio-importancia-al-desarrollo-cognitivo-y-emocional\\\/#article\",\"isPartOf\":{\"@id\":\"https:\\\/\\\/zonacaral.gob.pe\\\/es\\\/noticias\\\/dia-internacional-de-la-educacion-en-caral-se-dio-importancia-al-desarrollo-cognitivo-y-emocional\\\/\"},\"author\":{\"name\":\"Zona Caral Administrador\",\"@id\":\"https:\\\/\\\/zonacaral.gob.pe\\\/es\\\/#\\\/schema\\\/person\\\/beddb4d22f71a7230c5b90913270a0ee\"},\"headline\":\"D\u00cdA INTERNACIONAL DE LA EDUCACI\u00d3N: en Caral se dio importancia al desarrollo cognitivo y emocional\",\"datePublished\":\"2024-01-24T20:06:34+00:00\",\"mainEntityOfPage\":{\"@id\":\"https:\\\/\\\/zonacaral.gob.pe\\\/es\\\/noticias\\\/dia-internacional-de-la-educacion-en-caral-se-dio-importancia-al-desarrollo-cognitivo-y-emocional\\\/\"},\"wordCount\":592,\"image\":{\"@id\":\"https:\\\/\\\/zonacaral.gob.pe\\\/es\\\/noticias\\\/dia-internacional-de-la-educacion-en-caral-se-dio-importancia-al-desarrollo-cognitivo-y-emocional\\\/#primaryimage\"},\"thumbnailUrl\":\"https:\\\/\\\/zonacaral.gob.pe\\\/wp-content\\\/uploads\\\/2024\\\/01\\\/NOTA-1.png\",\"keywords\":[\"caral\",\"Cultura\"],\"articleSection\":[\"noticias\"],\"inLanguage\":\"en-US\"},{\"@type\":\"WebPage\",\"@id\":\"https:\\\/\\\/zonacaral.gob.pe\\\/es\\\/noticias\\\/dia-internacional-de-la-educacion-en-caral-se-dio-importancia-al-desarrollo-cognitivo-y-emocional\\\/\",\"url\":\"https:\\\/\\\/zonacaral.gob.pe\\\/es\\\/noticias\\\/dia-internacional-de-la-educacion-en-caral-se-dio-importancia-al-desarrollo-cognitivo-y-emocional\\\/\",\"name\":\"D\u00cdA INTERNACIONAL DE LA EDUCACI\u00d3N: en Caral se dio importancia al desarrollo cognitivo y emocional\",\"isPartOf\":{\"@id\":\"https:\\\/\\\/zonacaral.gob.pe\\\/es\\\/#website\"},\"primaryImageOfPage\":{\"@id\":\"https:\\\/\\\/zonacaral.gob.pe\\\/es\\\/noticias\\\/dia-internacional-de-la-educacion-en-caral-se-dio-importancia-al-desarrollo-cognitivo-y-emocional\\\/#primaryimage\"},\"image\":{\"@id\":\"https:\\\/\\\/zonacaral.gob.pe\\\/es\\\/noticias\\\/dia-internacional-de-la-educacion-en-caral-se-dio-importancia-al-desarrollo-cognitivo-y-emocional\\\/#primaryimage\"},\"thumbnailUrl\":\"https:\\\/\\\/zonacaral.gob.pe\\\/wp-content\\\/uploads\\\/2024\\\/01\\\/NOTA-1.png\",\"datePublished\":\"2024-01-24T20:06:34+00:00\",\"author\":{\"@id\":\"https:\\\/\\\/zonacaral.gob.pe\\\/es\\\/#\\\/schema\\\/person\\\/beddb4d22f71a7230c5b90913270a0ee\"},\"description\":\"De acuerdo a las investigaciones realizadas por el equipo multidisciplinario de la Zona Arqueol\u00f3gica Caral, Unidad Ejecutora 003 del Ministerio de Cultura, se hall\u00f3 evidencias que han llevado a deducir que los habitantes que ocuparon los centros urbanos de la Civilizaci\u00f3n Caral, lograron un desarrollo cognitivo y emocional, enfocado en el \u00abBuen Vivir\u00bb o el \u00abSumak kawsay\u00bb.\",\"breadcrumb\":{\"@id\":\"https:\\\/\\\/zonacaral.gob.pe\\\/es\\\/noticias\\\/dia-internacional-de-la-educacion-en-caral-se-dio-importancia-al-desarrollo-cognitivo-y-emocional\\\/#breadcrumb\"},\"inLanguage\":\"en-US\",\"potentialAction\":[{\"@type\":\"ReadAction\",\"target\":[\"https:\\\/\\\/zonacaral.gob.pe\\\/es\\\/noticias\\\/dia-internacional-de-la-educacion-en-caral-se-dio-importancia-al-desarrollo-cognitivo-y-emocional\\\/\"]}]},{\"@type\":\"ImageObject\",\"inLanguage\":\"en-US\",\"@id\":\"https:\\\/\\\/zonacaral.gob.pe\\\/es\\\/noticias\\\/dia-internacional-de-la-educacion-en-caral-se-dio-importancia-al-desarrollo-cognitivo-y-emocional\\\/#primaryimage\",\"url\":\"https:\\\/\\\/zonacaral.gob.pe\\\/wp-content\\\/uploads\\\/2024\\\/01\\\/NOTA-1.png\",\"contentUrl\":\"https:\\\/\\\/zonacaral.gob.pe\\\/wp-content\\\/uploads\\\/2024\\\/01\\\/NOTA-1.png\",\"width\":700,\"height\":395},{\"@type\":\"BreadcrumbList\",\"@id\":\"https:\\\/\\\/zonacaral.gob.pe\\\/es\\\/noticias\\\/dia-internacional-de-la-educacion-en-caral-se-dio-importancia-al-desarrollo-cognitivo-y-emocional\\\/#breadcrumb\",\"itemListElement\":[{\"@type\":\"ListItem\",\"position\":1,\"name\":\"Portada\",\"item\":\"https:\\\/\\\/zonacaral.gob.pe\\\/\"},{\"@type\":\"ListItem\",\"position\":2,\"name\":\"D\u00cdA INTERNACIONAL DE LA EDUCACI\u00d3N: en Caral se dio importancia al desarrollo cognitivo y emocional\"}]},{\"@type\":\"WebSite\",\"@id\":\"https:\\\/\\\/zonacaral.gob.pe\\\/es\\\/#website\",\"url\":\"https:\\\/\\\/zonacaral.gob.pe\\\/es\\\/\",\"name\":\"Zona Caral\",\"description\":\"Investigamos, conservamos y difundimos el patrimonio cultural de la Civilizaci\u00f3n Caral, la m\u00e1s antigua de Am\u00e9rica.\",\"potentialAction\":[{\"@type\":\"SearchAction\",\"target\":{\"@type\":\"EntryPoint\",\"urlTemplate\":\"https:\\\/\\\/zonacaral.gob.pe\\\/es\\\/?s={search_term_string}\"},\"query-input\":{\"@type\":\"PropertyValueSpecification\",\"valueRequired\":true,\"valueName\":\"search_term_string\"}}],\"inLanguage\":\"en-US\"},{\"@type\":\"Person\",\"@id\":\"https:\\\/\\\/zonacaral.gob.pe\\\/es\\\/#\\\/schema\\\/person\\\/beddb4d22f71a7230c5b90913270a0ee\",\"name\":\"Zona Caral Administrador\",\"image\":{\"@type\":\"ImageObject\",\"inLanguage\":\"en-US\",\"@id\":\"https:\\\/\\\/secure.gravatar.com\\\/avatar\\\/e4be162918a696358376de6446614e0f0f4062bdc5d170d6d540ada3d8b58c12?s=96&d=mm&r=g\",\"url\":\"https:\\\/\\\/secure.gravatar.com\\\/avatar\\\/e4be162918a696358376de6446614e0f0f4062bdc5d170d6d540ada3d8b58c12?s=96&d=mm&r=g\",\"contentUrl\":\"https:\\\/\\\/secure.gravatar.com\\\/avatar\\\/e4be162918a696358376de6446614e0f0f4062bdc5d170d6d540ada3d8b58c12?s=96&d=mm&r=g\",\"caption\":\"Zona Caral Administrador\"},\"sameAs\":[\"https:\\\/\\\/zonacaral.gob.pe\"],\"url\":\"https:\\\/\\\/zonacaral.gob.pe\\\/en\\\/noticias\\\/author\\\/ad_zonacaral\\\/\"}]}<\/script>\n<!-- \/ Yoast SEO plugin. -->","yoast_head_json":{"title":"D\u00cdA INTERNACIONAL DE LA EDUCACI\u00d3N: en Caral se dio importancia al desarrollo cognitivo y emocional","description":"De acuerdo a las investigaciones realizadas por el equipo multidisciplinario de la Zona Arqueol\u00f3gica Caral, Unidad Ejecutora 003 del Ministerio de Cultura, se hall\u00f3 evidencias que han llevado a deducir que los habitantes que ocuparon los centros urbanos de la Civilizaci\u00f3n Caral, lograron un desarrollo cognitivo y emocional, enfocado en el \u00abBuen Vivir\u00bb o el \u00abSumak kawsay\u00bb.","robots":{"index":"index","follow":"follow","max-snippet":"max-snippet:-1","max-image-preview":"max-image-preview:large","max-video-preview":"max-video-preview:-1"},"canonical":"https:\/\/zonacaral.gob.pe\/en\/noticias\/dia-internacional-de-la-educacion-en-caral-se-dio-importancia-al-desarrollo-cognitivo-y-emocional\/","og_locale":"en_US","og_type":"article","og_title":"D\u00cdA INTERNACIONAL DE LA EDUCACI\u00d3N: en Caral se dio importancia al desarrollo cognitivo y emocional","og_description":"De acuerdo a las investigaciones realizadas por el equipo multidisciplinario de la Zona Arqueol\u00f3gica Caral, Unidad Ejecutora 003 del Ministerio de Cultura, se hall\u00f3 evidencias que han llevado a deducir que los habitantes que ocuparon los centros urbanos de la Civilizaci\u00f3n Caral, lograron un desarrollo cognitivo y emocional, enfocado en el \u00abBuen Vivir\u00bb o el \u00abSumak kawsay\u00bb.","og_url":"https:\/\/zonacaral.gob.pe\/en\/noticias\/dia-internacional-de-la-educacion-en-caral-se-dio-importancia-al-desarrollo-cognitivo-y-emocional\/","og_site_name":"Zona Caral","article_published_time":"2024-01-24T20:06:34+00:00","og_image":[{"width":700,"height":395,"url":"https:\/\/zonacaral.gob.pe\/wp-content\/uploads\/2024\/01\/NOTA-1.png","type":"image\/png"}],"author":"Zona Caral Administrador","twitter_card":"summary_large_image","twitter_misc":{"Written by":"Zona Caral Administrador","Est. reading time":"3 minutes"},"schema":{"@context":"https:\/\/schema.org","@graph":[{"@type":"Article","@id":"https:\/\/zonacaral.gob.pe\/es\/noticias\/dia-internacional-de-la-educacion-en-caral-se-dio-importancia-al-desarrollo-cognitivo-y-emocional\/#article","isPartOf":{"@id":"https:\/\/zonacaral.gob.pe\/es\/noticias\/dia-internacional-de-la-educacion-en-caral-se-dio-importancia-al-desarrollo-cognitivo-y-emocional\/"},"author":{"name":"Zona Caral Administrador","@id":"https:\/\/zonacaral.gob.pe\/es\/#\/schema\/person\/beddb4d22f71a7230c5b90913270a0ee"},"headline":"D\u00cdA INTERNACIONAL DE LA EDUCACI\u00d3N: en Caral se dio importancia al desarrollo cognitivo y emocional","datePublished":"2024-01-24T20:06:34+00:00","mainEntityOfPage":{"@id":"https:\/\/zonacaral.gob.pe\/es\/noticias\/dia-internacional-de-la-educacion-en-caral-se-dio-importancia-al-desarrollo-cognitivo-y-emocional\/"},"wordCount":592,"image":{"@id":"https:\/\/zonacaral.gob.pe\/es\/noticias\/dia-internacional-de-la-educacion-en-caral-se-dio-importancia-al-desarrollo-cognitivo-y-emocional\/#primaryimage"},"thumbnailUrl":"https:\/\/zonacaral.gob.pe\/wp-content\/uploads\/2024\/01\/NOTA-1.png","keywords":["caral","Cultura"],"articleSection":["noticias"],"inLanguage":"en-US"},{"@type":"WebPage","@id":"https:\/\/zonacaral.gob.pe\/es\/noticias\/dia-internacional-de-la-educacion-en-caral-se-dio-importancia-al-desarrollo-cognitivo-y-emocional\/","url":"https:\/\/zonacaral.gob.pe\/es\/noticias\/dia-internacional-de-la-educacion-en-caral-se-dio-importancia-al-desarrollo-cognitivo-y-emocional\/","name":"D\u00cdA INTERNACIONAL DE LA EDUCACI\u00d3N: en Caral se dio importancia al desarrollo cognitivo y emocional","isPartOf":{"@id":"https:\/\/zonacaral.gob.pe\/es\/#website"},"primaryImageOfPage":{"@id":"https:\/\/zonacaral.gob.pe\/es\/noticias\/dia-internacional-de-la-educacion-en-caral-se-dio-importancia-al-desarrollo-cognitivo-y-emocional\/#primaryimage"},"image":{"@id":"https:\/\/zonacaral.gob.pe\/es\/noticias\/dia-internacional-de-la-educacion-en-caral-se-dio-importancia-al-desarrollo-cognitivo-y-emocional\/#primaryimage"},"thumbnailUrl":"https:\/\/zonacaral.gob.pe\/wp-content\/uploads\/2024\/01\/NOTA-1.png","datePublished":"2024-01-24T20:06:34+00:00","author":{"@id":"https:\/\/zonacaral.gob.pe\/es\/#\/schema\/person\/beddb4d22f71a7230c5b90913270a0ee"},"description":"De acuerdo a las investigaciones realizadas por el equipo multidisciplinario de la Zona Arqueol\u00f3gica Caral, Unidad Ejecutora 003 del Ministerio de Cultura, se hall\u00f3 evidencias que han llevado a deducir que los habitantes que ocuparon los centros urbanos de la Civilizaci\u00f3n Caral, lograron un desarrollo cognitivo y emocional, enfocado en el \u00abBuen Vivir\u00bb o el \u00abSumak kawsay\u00bb.","breadcrumb":{"@id":"https:\/\/zonacaral.gob.pe\/es\/noticias\/dia-internacional-de-la-educacion-en-caral-se-dio-importancia-al-desarrollo-cognitivo-y-emocional\/#breadcrumb"},"inLanguage":"en-US","potentialAction":[{"@type":"ReadAction","target":["https:\/\/zonacaral.gob.pe\/es\/noticias\/dia-internacional-de-la-educacion-en-caral-se-dio-importancia-al-desarrollo-cognitivo-y-emocional\/"]}]},{"@type":"ImageObject","inLanguage":"en-US","@id":"https:\/\/zonacaral.gob.pe\/es\/noticias\/dia-internacional-de-la-educacion-en-caral-se-dio-importancia-al-desarrollo-cognitivo-y-emocional\/#primaryimage","url":"https:\/\/zonacaral.gob.pe\/wp-content\/uploads\/2024\/01\/NOTA-1.png","contentUrl":"https:\/\/zonacaral.gob.pe\/wp-content\/uploads\/2024\/01\/NOTA-1.png","width":700,"height":395},{"@type":"BreadcrumbList","@id":"https:\/\/zonacaral.gob.pe\/es\/noticias\/dia-internacional-de-la-educacion-en-caral-se-dio-importancia-al-desarrollo-cognitivo-y-emocional\/#breadcrumb","itemListElement":[{"@type":"ListItem","position":1,"name":"Portada","item":"https:\/\/zonacaral.gob.pe\/"},{"@type":"ListItem","position":2,"name":"D\u00cdA INTERNACIONAL DE LA EDUCACI\u00d3N: en Caral se dio importancia al desarrollo cognitivo y emocional"}]},{"@type":"WebSite","@id":"https:\/\/zonacaral.gob.pe\/es\/#website","url":"https:\/\/zonacaral.gob.pe\/es\/","name":"Zona Caral","description":"Investigamos, conservamos y difundimos el patrimonio cultural de la Civilizaci\u00f3n Caral, la m\u00e1s antigua de Am\u00e9rica.","potentialAction":[{"@type":"SearchAction","target":{"@type":"EntryPoint","urlTemplate":"https:\/\/zonacaral.gob.pe\/es\/?s={search_term_string}"},"query-input":{"@type":"PropertyValueSpecification","valueRequired":true,"valueName":"search_term_string"}}],"inLanguage":"en-US"},{"@type":"Person","@id":"https:\/\/zonacaral.gob.pe\/es\/#\/schema\/person\/beddb4d22f71a7230c5b90913270a0ee","name":"Zona Caral Administrador","image":{"@type":"ImageObject","inLanguage":"en-US","@id":"https:\/\/secure.gravatar.com\/avatar\/e4be162918a696358376de6446614e0f0f4062bdc5d170d6d540ada3d8b58c12?s=96&d=mm&r=g","url":"https:\/\/secure.gravatar.com\/avatar\/e4be162918a696358376de6446614e0f0f4062bdc5d170d6d540ada3d8b58c12?s=96&d=mm&r=g","contentUrl":"https:\/\/secure.gravatar.com\/avatar\/e4be162918a696358376de6446614e0f0f4062bdc5d170d6d540ada3d8b58c12?s=96&d=mm&r=g","caption":"Zona Caral Administrador"},"sameAs":["https:\/\/zonacaral.gob.pe"],"url":"https:\/\/zonacaral.gob.pe\/en\/noticias\/author\/ad_zonacaral\/"}]}},"_links":{"self":[{"href":"https:\/\/zonacaral.gob.pe\/en\/wp-json\/wp\/v2\/posts\/17372","targetHints":{"allow":["GET"]}}],"collection":[{"href":"https:\/\/zonacaral.gob.pe\/en\/wp-json\/wp\/v2\/posts"}],"about":[{"href":"https:\/\/zonacaral.gob.pe\/en\/wp-json\/wp\/v2\/types\/post"}],"author":[{"embeddable":true,"href":"https:\/\/zonacaral.gob.pe\/en\/wp-json\/wp\/v2\/users\/1"}],"replies":[{"embeddable":true,"href":"https:\/\/zonacaral.gob.pe\/en\/wp-json\/wp\/v2\/comments?post=17372"}],"version-history":[{"count":0,"href":"https:\/\/zonacaral.gob.pe\/en\/wp-json\/wp\/v2\/posts\/17372\/revisions"}],"wp:featuredmedia":[{"embeddable":true,"href":"https:\/\/zonacaral.gob.pe\/en\/wp-json\/wp\/v2\/media\/17373"}],"wp:attachment":[{"href":"https:\/\/zonacaral.gob.pe\/en\/wp-json\/wp\/v2\/media?parent=17372"}],"wp:term":[{"taxonomy":"category","embeddable":true,"href":"https:\/\/zonacaral.gob.pe\/en\/wp-json\/wp\/v2\/categories?post=17372"},{"taxonomy":"post_tag","embeddable":true,"href":"https:\/\/zonacaral.gob.pe\/en\/wp-json\/wp\/v2\/tags?post=17372"}],"curies":[{"name":"wp","href":"https:\/\/api.w.org\/{rel}","templated":true}]}}