{"id":17384,"date":"2024-01-26T15:34:10","date_gmt":"2024-01-26T20:34:10","guid":{"rendered":"https:\/\/www.zonacaral.gob.pe\/?p=17384"},"modified":"2024-01-26T15:34:10","modified_gmt":"2024-01-26T20:34:10","slug":"dictamos-talleres-gratuitos-en-el-valle-de-supe-revalorizando-el-pasado-en-el-presente","status":"publish","type":"post","link":"https:\/\/zonacaral.gob.pe\/en\/noticias\/dictamos-talleres-gratuitos-en-el-valle-de-supe-revalorizando-el-pasado-en-el-presente\/","title":{"rendered":"Dictamos talleres gratuitos en el valle de Supe: \u00abREVALORIZANDO EL PASADO EN EL PRESENTE\u00bb"},"content":{"rendered":"<figure class=\"pic-autor\" style=\"color: #4d4d4d; text-align: justify;\"><\/figure>\n<div class=\"gmail_default\" style=\"text-align: justify;\">\n<blockquote>\n<p><i><span style=\"font-weight: 400;\">Contribuimos con el fortalecimiento de la identidad cultural de ni\u00f1os y j\u00f3venes.<\/span><\/i><\/p>\n<\/blockquote>\n<p><span style=\"font-weight: 400;\">Este verano 2024, la <\/span><a href=\"https:\/\/www.instagram.com\/caralperu\/?hl=es\"><span style=\"font-weight: 400;\">Zona Arqueol\u00f3gica Caral<\/span><\/a><span style=\"font-weight: 400;\"> a trav\u00e9s de la Subdirecci\u00f3n de Relaciones Comunitarias desarrolla el taller \u201cRevalorizando el Pasado en el Presente\u201d en centros poblados del valle de Supe.<\/span><\/p>\n<p><span style=\"font-weight: 400;\">Con la finalidad de transmitir los valores de la Civilizaci\u00f3n Caral entre los ni\u00f1os y adolescentes de los centros poblados del valle de Supe se ha organizado el taller \u201cRevalorizando el Pasado en el Presente\u201d que busca crear conciencia entre la poblaci\u00f3n sobre la importancia de la protecci\u00f3n y la defensa del patrimonio cultural de la Civilizaci\u00f3n Caral, y, fortalecer la identidad sociocultural de las nuevas generaciones, en la convicci\u00f3n que es un bien intangible de gran importancia para fomentar y lograr el desarrollo econ\u00f3mico, social y pol\u00edtico de las poblaciones.<\/span><\/p>\n<p><span style=\"font-weight: 400;\">El taller \u201cRevalorizando el Pasado en el Presente\u201d est\u00e1 dirigido a los ni\u00f1os, ni\u00f1as y adolescentes de los centros poblados de Caral, El Molino y Las Minas. Las actividades se desarrollan todos los martes, mi\u00e9rcoles y jueves de enero y febrero entre las 8:00 a. m. y la 1:00 p. m. en las instalaciones de las instituciones educativas de cada uno de los centros poblados mencionados.<\/span><\/p>\n<p><span style=\"font-weight: 400;\">Cabe agregar que esta actividad se suma a las que se realizan peri\u00f3dicamente, durante todo el a\u00f1o, como parte del programa <\/span><a href=\"https:\/\/panorama.solutions\/en\/solution\/caral-en-la-escuela-el-fortalecimiento-de-la-identidad-cultural-para-la-proteccion-del\"><span style=\"font-weight: 400;\">\u00abCaral en la Escuela\u00bb<\/span><\/a><span style=\"font-weight: 400;\">. Propuesta de educaci\u00f3n patrimonial fundamentada en la relaci\u00f3n entre el patrimonio arqueol\u00f3gico de la civilizaci\u00f3n Caral y la comunidad educativa -docentes, estudiantes y padres de familia- de las provincias de Barranca y Huaura, en el departamento de Lima.<\/span><\/p>\n<p><span style=\"font-weight: 400;\">La ejecuci\u00f3n de este programa, adem\u00e1s, es gracias a los convenios suscritos con la Unidad de Gesti\u00f3n Educativa Local N.\u00b0 16 de Barranca y con la Unidad de Gesti\u00f3n Educativa Local N.\u00b0 9 de Huaura, han permitido la participaci\u00f3n de las instituciones educativas estatales.<\/span><\/p>\n<p><span style=\"font-weight: 400;\">Las charlas y talleres de <\/span><a href=\"https:\/\/www.gob.pe\/institucion\/caral\/noticias\/772058-caral-en-la-escuela-un-programa-que-fomenta-la-identidad-cultural-y-valores-en-la-comunidad-educativa\"><span style=\"font-weight: 400;\">\u00abCaral en la Escuela\u00bb<\/span><\/a><span style=\"font-weight: 400;\"> son dictados por profesionales de diversas disciplinas y se ejecutan en las mismas instalaciones de las instituciones educativas con la finalidad de transmitir los valores sociales y culturales de la primera civilizaci\u00f3n de Am\u00e9rica a docentes y alumnos. Las actividades est\u00e1n orientadas a fortalecer la identidad cultural, promover la cohesi\u00f3n social, mejorar la autoestima e impulsar el desarrollo socioec\u00f3nomico de la poblaci\u00f3n local y nacional. <\/span><\/p>\n<p><span style=\"color: #850707;\"><strong style=\"font-size: inherit; text-align: justify;\">Fuente: Comunicaci\u00f3n e Imagen Institucional ZAC<\/strong><\/span><\/p>\n<\/div>\n<div style=\"color: #1f1f1f;\">\n<div style=\"color: #1f1f1f;\">\n<p style=\"text-align: justify;\">Fecha de publicaci\u00f3n: 26\/01\/2023<\/p>\n<\/div>\n<\/div>\n\n\n<p><\/p>","protected":false},"excerpt":{"rendered":"<p>Contribuimos con el fortalecimiento de la identidad cultural de ni\u00f1os y j\u00f3venes. Este verano 2024, la Zona Arqueol\u00f3gica Caral a [&hellip;]<\/p>\n","protected":false},"author":1,"featured_media":17385,"comment_status":"closed","ping_status":"open","sticky":false,"template":"","format":"standard","meta":{"_acf_changed":false,"site-sidebar-layout":"default","site-content-layout":"","ast-site-content-layout":"default","site-content-style":"default","site-sidebar-style":"default","ast-global-header-display":"","ast-banner-title-visibility":"","ast-main-header-display":"","ast-hfb-above-header-display":"","ast-hfb-below-header-display":"","ast-hfb-mobile-header-display":"","site-post-title":"","ast-breadcrumbs-content":"","ast-featured-img":"","footer-sml-layout":"","ast-disable-related-posts":"","theme-transparent-header-meta":"","adv-header-id-meta":"","stick-header-meta":"","header-above-stick-meta":"","header-main-stick-meta":"","header-below-stick-meta":"","astra-migrate-meta-layouts":"default","ast-page-background-enabled":"default","ast-page-background-meta":{"desktop":{"background-color":"var(--ast-global-color-5)","background-image":"","background-repeat":"repeat","background-position":"center center","background-size":"auto","background-attachment":"scroll","background-type":"","background-media":"","overlay-type":"","overlay-color":"","overlay-opacity":"","overlay-gradient":""},"tablet":{"background-color":"","background-image":"","background-repeat":"repeat","background-position":"center center","background-size":"auto","background-attachment":"scroll","background-type":"","background-media":"","overlay-type":"","overlay-color":"","overlay-opacity":"","overlay-gradient":""},"mobile":{"background-color":"","background-image":"","background-repeat":"repeat","background-position":"center center","background-size":"auto","background-attachment":"scroll","background-type":"","background-media":"","overlay-type":"","overlay-color":"","overlay-opacity":"","overlay-gradient":""}},"ast-content-background-meta":{"desktop":{"background-color":"var(--ast-global-color-4)","background-image":"","background-repeat":"repeat","background-position":"center center","background-size":"auto","background-attachment":"scroll","background-type":"","background-media":"","overlay-type":"","overlay-color":"","overlay-opacity":"","overlay-gradient":""},"tablet":{"background-color":"var(--ast-global-color-4)","background-image":"","background-repeat":"repeat","background-position":"center center","background-size":"auto","background-attachment":"scroll","background-type":"","background-media":"","overlay-type":"","overlay-color":"","overlay-opacity":"","overlay-gradient":""},"mobile":{"background-color":"var(--ast-global-color-4)","background-image":"","background-repeat":"repeat","background-position":"center center","background-size":"auto","background-attachment":"scroll","background-type":"","background-media":"","overlay-type":"","overlay-color":"","overlay-opacity":"","overlay-gradient":""}},"footnotes":""},"categories":[208],"tags":[55,72],"class_list":["post-17384","post","type-post","status-publish","format-standard","has-post-thumbnail","hentry","category-noticias","tag-caral","tag-cultura"],"acf":[],"yoast_head":"<!-- This site is optimized with the Yoast SEO plugin v27.3 - https:\/\/yoast.com\/product\/yoast-seo-wordpress\/ -->\n<title>Dictamos talleres gratuitos en el valle de Supe: \u00abREVALORIZANDO EL PASADO EN EL PRESENTE\u00bb<\/title>\n<meta name=\"description\" content=\"Este verano 2024, la Zona Arqueol\u00f3gica Caral a trav\u00e9s de la Subdirecci\u00f3n de Relaciones Comunitarias desarrolla el taller \u201cRevalorizando el Pasado en el Presente\u201d en centros poblados del valle de Supe.\" \/>\n<meta name=\"robots\" content=\"index, follow, max-snippet:-1, max-image-preview:large, max-video-preview:-1\" \/>\n<link rel=\"canonical\" href=\"https:\/\/zonacaral.gob.pe\/en\/noticias\/dictamos-talleres-gratuitos-en-el-valle-de-supe-revalorizando-el-pasado-en-el-presente\/\" \/>\n<meta property=\"og:locale\" content=\"en_US\" \/>\n<meta property=\"og:type\" content=\"article\" \/>\n<meta property=\"og:title\" content=\"Dictamos talleres gratuitos en el valle de Supe: \u00abREVALORIZANDO EL PASADO EN EL PRESENTE\u00bb\" \/>\n<meta property=\"og:description\" content=\"Este verano 2024, la Zona Arqueol\u00f3gica Caral a trav\u00e9s de la Subdirecci\u00f3n de Relaciones Comunitarias desarrolla el taller \u201cRevalorizando el Pasado en el Presente\u201d en centros poblados del valle de Supe.\" \/>\n<meta property=\"og:url\" content=\"https:\/\/zonacaral.gob.pe\/en\/noticias\/dictamos-talleres-gratuitos-en-el-valle-de-supe-revalorizando-el-pasado-en-el-presente\/\" \/>\n<meta property=\"og:site_name\" content=\"Zona Caral\" \/>\n<meta property=\"article:published_time\" content=\"2024-01-26T20:34:10+00:00\" \/>\n<meta property=\"og:image\" content=\"https:\/\/zonacaral.gob.pe\/wp-content\/uploads\/2024\/01\/Taller_verano_1.png\" \/>\n\t<meta property=\"og:image:width\" content=\"700\" \/>\n\t<meta property=\"og:image:height\" content=\"395\" \/>\n\t<meta property=\"og:image:type\" content=\"image\/png\" \/>\n<meta name=\"author\" content=\"Zona Caral Administrador\" \/>\n<meta name=\"twitter:card\" content=\"summary_large_image\" \/>\n<meta name=\"twitter:label1\" content=\"Written by\" \/>\n\t<meta name=\"twitter:data1\" content=\"Zona Caral Administrador\" \/>\n\t<meta name=\"twitter:label2\" content=\"Est. reading time\" \/>\n\t<meta name=\"twitter:data2\" content=\"2 minutes\" \/>\n<script type=\"application\/ld+json\" class=\"yoast-schema-graph\">{\"@context\":\"https:\\\/\\\/schema.org\",\"@graph\":[{\"@type\":\"Article\",\"@id\":\"https:\\\/\\\/zonacaral.gob.pe\\\/es\\\/noticias\\\/dictamos-talleres-gratuitos-en-el-valle-de-supe-revalorizando-el-pasado-en-el-presente\\\/#article\",\"isPartOf\":{\"@id\":\"https:\\\/\\\/zonacaral.gob.pe\\\/es\\\/noticias\\\/dictamos-talleres-gratuitos-en-el-valle-de-supe-revalorizando-el-pasado-en-el-presente\\\/\"},\"author\":{\"name\":\"Zona Caral Administrador\",\"@id\":\"https:\\\/\\\/zonacaral.gob.pe\\\/es\\\/#\\\/schema\\\/person\\\/beddb4d22f71a7230c5b90913270a0ee\"},\"headline\":\"Dictamos talleres gratuitos en el valle de Supe: \u00abREVALORIZANDO EL PASADO EN EL PRESENTE\u00bb\",\"datePublished\":\"2024-01-26T20:34:10+00:00\",\"mainEntityOfPage\":{\"@id\":\"https:\\\/\\\/zonacaral.gob.pe\\\/es\\\/noticias\\\/dictamos-talleres-gratuitos-en-el-valle-de-supe-revalorizando-el-pasado-en-el-presente\\\/\"},\"wordCount\":434,\"image\":{\"@id\":\"https:\\\/\\\/zonacaral.gob.pe\\\/es\\\/noticias\\\/dictamos-talleres-gratuitos-en-el-valle-de-supe-revalorizando-el-pasado-en-el-presente\\\/#primaryimage\"},\"thumbnailUrl\":\"https:\\\/\\\/zonacaral.gob.pe\\\/wp-content\\\/uploads\\\/2024\\\/01\\\/Taller_verano_1.png\",\"keywords\":[\"caral\",\"Cultura\"],\"articleSection\":[\"noticias\"],\"inLanguage\":\"en-US\"},{\"@type\":\"WebPage\",\"@id\":\"https:\\\/\\\/zonacaral.gob.pe\\\/es\\\/noticias\\\/dictamos-talleres-gratuitos-en-el-valle-de-supe-revalorizando-el-pasado-en-el-presente\\\/\",\"url\":\"https:\\\/\\\/zonacaral.gob.pe\\\/es\\\/noticias\\\/dictamos-talleres-gratuitos-en-el-valle-de-supe-revalorizando-el-pasado-en-el-presente\\\/\",\"name\":\"Dictamos talleres gratuitos en el valle de Supe: \u00abREVALORIZANDO EL PASADO EN EL PRESENTE\u00bb\",\"isPartOf\":{\"@id\":\"https:\\\/\\\/zonacaral.gob.pe\\\/es\\\/#website\"},\"primaryImageOfPage\":{\"@id\":\"https:\\\/\\\/zonacaral.gob.pe\\\/es\\\/noticias\\\/dictamos-talleres-gratuitos-en-el-valle-de-supe-revalorizando-el-pasado-en-el-presente\\\/#primaryimage\"},\"image\":{\"@id\":\"https:\\\/\\\/zonacaral.gob.pe\\\/es\\\/noticias\\\/dictamos-talleres-gratuitos-en-el-valle-de-supe-revalorizando-el-pasado-en-el-presente\\\/#primaryimage\"},\"thumbnailUrl\":\"https:\\\/\\\/zonacaral.gob.pe\\\/wp-content\\\/uploads\\\/2024\\\/01\\\/Taller_verano_1.png\",\"datePublished\":\"2024-01-26T20:34:10+00:00\",\"author\":{\"@id\":\"https:\\\/\\\/zonacaral.gob.pe\\\/es\\\/#\\\/schema\\\/person\\\/beddb4d22f71a7230c5b90913270a0ee\"},\"description\":\"Este verano 2024, la Zona Arqueol\u00f3gica Caral a trav\u00e9s de la Subdirecci\u00f3n de Relaciones Comunitarias desarrolla el taller \u201cRevalorizando el Pasado en el Presente\u201d en centros poblados del valle de Supe.\",\"breadcrumb\":{\"@id\":\"https:\\\/\\\/zonacaral.gob.pe\\\/es\\\/noticias\\\/dictamos-talleres-gratuitos-en-el-valle-de-supe-revalorizando-el-pasado-en-el-presente\\\/#breadcrumb\"},\"inLanguage\":\"en-US\",\"potentialAction\":[{\"@type\":\"ReadAction\",\"target\":[\"https:\\\/\\\/zonacaral.gob.pe\\\/es\\\/noticias\\\/dictamos-talleres-gratuitos-en-el-valle-de-supe-revalorizando-el-pasado-en-el-presente\\\/\"]}]},{\"@type\":\"ImageObject\",\"inLanguage\":\"en-US\",\"@id\":\"https:\\\/\\\/zonacaral.gob.pe\\\/es\\\/noticias\\\/dictamos-talleres-gratuitos-en-el-valle-de-supe-revalorizando-el-pasado-en-el-presente\\\/#primaryimage\",\"url\":\"https:\\\/\\\/zonacaral.gob.pe\\\/wp-content\\\/uploads\\\/2024\\\/01\\\/Taller_verano_1.png\",\"contentUrl\":\"https:\\\/\\\/zonacaral.gob.pe\\\/wp-content\\\/uploads\\\/2024\\\/01\\\/Taller_verano_1.png\",\"width\":700,\"height\":395},{\"@type\":\"BreadcrumbList\",\"@id\":\"https:\\\/\\\/zonacaral.gob.pe\\\/es\\\/noticias\\\/dictamos-talleres-gratuitos-en-el-valle-de-supe-revalorizando-el-pasado-en-el-presente\\\/#breadcrumb\",\"itemListElement\":[{\"@type\":\"ListItem\",\"position\":1,\"name\":\"Portada\",\"item\":\"https:\\\/\\\/zonacaral.gob.pe\\\/\"},{\"@type\":\"ListItem\",\"position\":2,\"name\":\"Dictamos talleres gratuitos en el valle de Supe: \u00abREVALORIZANDO EL PASADO EN EL PRESENTE\u00bb\"}]},{\"@type\":\"WebSite\",\"@id\":\"https:\\\/\\\/zonacaral.gob.pe\\\/es\\\/#website\",\"url\":\"https:\\\/\\\/zonacaral.gob.pe\\\/es\\\/\",\"name\":\"Zona Caral\",\"description\":\"Investigamos, conservamos y difundimos el patrimonio cultural de la Civilizaci\u00f3n Caral, la m\u00e1s antigua de Am\u00e9rica.\",\"potentialAction\":[{\"@type\":\"SearchAction\",\"target\":{\"@type\":\"EntryPoint\",\"urlTemplate\":\"https:\\\/\\\/zonacaral.gob.pe\\\/es\\\/?s={search_term_string}\"},\"query-input\":{\"@type\":\"PropertyValueSpecification\",\"valueRequired\":true,\"valueName\":\"search_term_string\"}}],\"inLanguage\":\"en-US\"},{\"@type\":\"Person\",\"@id\":\"https:\\\/\\\/zonacaral.gob.pe\\\/es\\\/#\\\/schema\\\/person\\\/beddb4d22f71a7230c5b90913270a0ee\",\"name\":\"Zona Caral Administrador\",\"image\":{\"@type\":\"ImageObject\",\"inLanguage\":\"en-US\",\"@id\":\"https:\\\/\\\/secure.gravatar.com\\\/avatar\\\/e4be162918a696358376de6446614e0f0f4062bdc5d170d6d540ada3d8b58c12?s=96&d=mm&r=g\",\"url\":\"https:\\\/\\\/secure.gravatar.com\\\/avatar\\\/e4be162918a696358376de6446614e0f0f4062bdc5d170d6d540ada3d8b58c12?s=96&d=mm&r=g\",\"contentUrl\":\"https:\\\/\\\/secure.gravatar.com\\\/avatar\\\/e4be162918a696358376de6446614e0f0f4062bdc5d170d6d540ada3d8b58c12?s=96&d=mm&r=g\",\"caption\":\"Zona Caral Administrador\"},\"sameAs\":[\"https:\\\/\\\/zonacaral.gob.pe\"],\"url\":\"https:\\\/\\\/zonacaral.gob.pe\\\/en\\\/noticias\\\/author\\\/ad_zonacaral\\\/\"}]}<\/script>\n<!-- \/ Yoast SEO plugin. -->","yoast_head_json":{"title":"Dictamos talleres gratuitos en el valle de Supe: \u00abREVALORIZANDO EL PASADO EN EL PRESENTE\u00bb","description":"Este verano 2024, la Zona Arqueol\u00f3gica Caral a trav\u00e9s de la Subdirecci\u00f3n de Relaciones Comunitarias desarrolla el taller \u201cRevalorizando el Pasado en el Presente\u201d en centros poblados del valle de Supe.","robots":{"index":"index","follow":"follow","max-snippet":"max-snippet:-1","max-image-preview":"max-image-preview:large","max-video-preview":"max-video-preview:-1"},"canonical":"https:\/\/zonacaral.gob.pe\/en\/noticias\/dictamos-talleres-gratuitos-en-el-valle-de-supe-revalorizando-el-pasado-en-el-presente\/","og_locale":"en_US","og_type":"article","og_title":"Dictamos talleres gratuitos en el valle de Supe: \u00abREVALORIZANDO EL PASADO EN EL PRESENTE\u00bb","og_description":"Este verano 2024, la Zona Arqueol\u00f3gica Caral a trav\u00e9s de la Subdirecci\u00f3n de Relaciones Comunitarias desarrolla el taller \u201cRevalorizando el Pasado en el Presente\u201d en centros poblados del valle de Supe.","og_url":"https:\/\/zonacaral.gob.pe\/en\/noticias\/dictamos-talleres-gratuitos-en-el-valle-de-supe-revalorizando-el-pasado-en-el-presente\/","og_site_name":"Zona Caral","article_published_time":"2024-01-26T20:34:10+00:00","og_image":[{"width":700,"height":395,"url":"https:\/\/zonacaral.gob.pe\/wp-content\/uploads\/2024\/01\/Taller_verano_1.png","type":"image\/png"}],"author":"Zona Caral Administrador","twitter_card":"summary_large_image","twitter_misc":{"Written by":"Zona Caral Administrador","Est. reading time":"2 minutes"},"schema":{"@context":"https:\/\/schema.org","@graph":[{"@type":"Article","@id":"https:\/\/zonacaral.gob.pe\/es\/noticias\/dictamos-talleres-gratuitos-en-el-valle-de-supe-revalorizando-el-pasado-en-el-presente\/#article","isPartOf":{"@id":"https:\/\/zonacaral.gob.pe\/es\/noticias\/dictamos-talleres-gratuitos-en-el-valle-de-supe-revalorizando-el-pasado-en-el-presente\/"},"author":{"name":"Zona Caral Administrador","@id":"https:\/\/zonacaral.gob.pe\/es\/#\/schema\/person\/beddb4d22f71a7230c5b90913270a0ee"},"headline":"Dictamos talleres gratuitos en el valle de Supe: \u00abREVALORIZANDO EL PASADO EN EL PRESENTE\u00bb","datePublished":"2024-01-26T20:34:10+00:00","mainEntityOfPage":{"@id":"https:\/\/zonacaral.gob.pe\/es\/noticias\/dictamos-talleres-gratuitos-en-el-valle-de-supe-revalorizando-el-pasado-en-el-presente\/"},"wordCount":434,"image":{"@id":"https:\/\/zonacaral.gob.pe\/es\/noticias\/dictamos-talleres-gratuitos-en-el-valle-de-supe-revalorizando-el-pasado-en-el-presente\/#primaryimage"},"thumbnailUrl":"https:\/\/zonacaral.gob.pe\/wp-content\/uploads\/2024\/01\/Taller_verano_1.png","keywords":["caral","Cultura"],"articleSection":["noticias"],"inLanguage":"en-US"},{"@type":"WebPage","@id":"https:\/\/zonacaral.gob.pe\/es\/noticias\/dictamos-talleres-gratuitos-en-el-valle-de-supe-revalorizando-el-pasado-en-el-presente\/","url":"https:\/\/zonacaral.gob.pe\/es\/noticias\/dictamos-talleres-gratuitos-en-el-valle-de-supe-revalorizando-el-pasado-en-el-presente\/","name":"Dictamos talleres gratuitos en el valle de Supe: \u00abREVALORIZANDO EL PASADO EN EL PRESENTE\u00bb","isPartOf":{"@id":"https:\/\/zonacaral.gob.pe\/es\/#website"},"primaryImageOfPage":{"@id":"https:\/\/zonacaral.gob.pe\/es\/noticias\/dictamos-talleres-gratuitos-en-el-valle-de-supe-revalorizando-el-pasado-en-el-presente\/#primaryimage"},"image":{"@id":"https:\/\/zonacaral.gob.pe\/es\/noticias\/dictamos-talleres-gratuitos-en-el-valle-de-supe-revalorizando-el-pasado-en-el-presente\/#primaryimage"},"thumbnailUrl":"https:\/\/zonacaral.gob.pe\/wp-content\/uploads\/2024\/01\/Taller_verano_1.png","datePublished":"2024-01-26T20:34:10+00:00","author":{"@id":"https:\/\/zonacaral.gob.pe\/es\/#\/schema\/person\/beddb4d22f71a7230c5b90913270a0ee"},"description":"Este verano 2024, la Zona Arqueol\u00f3gica Caral a trav\u00e9s de la Subdirecci\u00f3n de Relaciones Comunitarias desarrolla el taller \u201cRevalorizando el Pasado en el Presente\u201d en centros poblados del valle de Supe.","breadcrumb":{"@id":"https:\/\/zonacaral.gob.pe\/es\/noticias\/dictamos-talleres-gratuitos-en-el-valle-de-supe-revalorizando-el-pasado-en-el-presente\/#breadcrumb"},"inLanguage":"en-US","potentialAction":[{"@type":"ReadAction","target":["https:\/\/zonacaral.gob.pe\/es\/noticias\/dictamos-talleres-gratuitos-en-el-valle-de-supe-revalorizando-el-pasado-en-el-presente\/"]}]},{"@type":"ImageObject","inLanguage":"en-US","@id":"https:\/\/zonacaral.gob.pe\/es\/noticias\/dictamos-talleres-gratuitos-en-el-valle-de-supe-revalorizando-el-pasado-en-el-presente\/#primaryimage","url":"https:\/\/zonacaral.gob.pe\/wp-content\/uploads\/2024\/01\/Taller_verano_1.png","contentUrl":"https:\/\/zonacaral.gob.pe\/wp-content\/uploads\/2024\/01\/Taller_verano_1.png","width":700,"height":395},{"@type":"BreadcrumbList","@id":"https:\/\/zonacaral.gob.pe\/es\/noticias\/dictamos-talleres-gratuitos-en-el-valle-de-supe-revalorizando-el-pasado-en-el-presente\/#breadcrumb","itemListElement":[{"@type":"ListItem","position":1,"name":"Portada","item":"https:\/\/zonacaral.gob.pe\/"},{"@type":"ListItem","position":2,"name":"Dictamos talleres gratuitos en el valle de Supe: \u00abREVALORIZANDO EL PASADO EN EL PRESENTE\u00bb"}]},{"@type":"WebSite","@id":"https:\/\/zonacaral.gob.pe\/es\/#website","url":"https:\/\/zonacaral.gob.pe\/es\/","name":"Zona Caral","description":"Investigamos, conservamos y difundimos el patrimonio cultural de la Civilizaci\u00f3n Caral, la m\u00e1s antigua de Am\u00e9rica.","potentialAction":[{"@type":"SearchAction","target":{"@type":"EntryPoint","urlTemplate":"https:\/\/zonacaral.gob.pe\/es\/?s={search_term_string}"},"query-input":{"@type":"PropertyValueSpecification","valueRequired":true,"valueName":"search_term_string"}}],"inLanguage":"en-US"},{"@type":"Person","@id":"https:\/\/zonacaral.gob.pe\/es\/#\/schema\/person\/beddb4d22f71a7230c5b90913270a0ee","name":"Zona Caral Administrador","image":{"@type":"ImageObject","inLanguage":"en-US","@id":"https:\/\/secure.gravatar.com\/avatar\/e4be162918a696358376de6446614e0f0f4062bdc5d170d6d540ada3d8b58c12?s=96&d=mm&r=g","url":"https:\/\/secure.gravatar.com\/avatar\/e4be162918a696358376de6446614e0f0f4062bdc5d170d6d540ada3d8b58c12?s=96&d=mm&r=g","contentUrl":"https:\/\/secure.gravatar.com\/avatar\/e4be162918a696358376de6446614e0f0f4062bdc5d170d6d540ada3d8b58c12?s=96&d=mm&r=g","caption":"Zona Caral Administrador"},"sameAs":["https:\/\/zonacaral.gob.pe"],"url":"https:\/\/zonacaral.gob.pe\/en\/noticias\/author\/ad_zonacaral\/"}]}},"_links":{"self":[{"href":"https:\/\/zonacaral.gob.pe\/en\/wp-json\/wp\/v2\/posts\/17384","targetHints":{"allow":["GET"]}}],"collection":[{"href":"https:\/\/zonacaral.gob.pe\/en\/wp-json\/wp\/v2\/posts"}],"about":[{"href":"https:\/\/zonacaral.gob.pe\/en\/wp-json\/wp\/v2\/types\/post"}],"author":[{"embeddable":true,"href":"https:\/\/zonacaral.gob.pe\/en\/wp-json\/wp\/v2\/users\/1"}],"replies":[{"embeddable":true,"href":"https:\/\/zonacaral.gob.pe\/en\/wp-json\/wp\/v2\/comments?post=17384"}],"version-history":[{"count":0,"href":"https:\/\/zonacaral.gob.pe\/en\/wp-json\/wp\/v2\/posts\/17384\/revisions"}],"wp:featuredmedia":[{"embeddable":true,"href":"https:\/\/zonacaral.gob.pe\/en\/wp-json\/wp\/v2\/media\/17385"}],"wp:attachment":[{"href":"https:\/\/zonacaral.gob.pe\/en\/wp-json\/wp\/v2\/media?parent=17384"}],"wp:term":[{"taxonomy":"category","embeddable":true,"href":"https:\/\/zonacaral.gob.pe\/en\/wp-json\/wp\/v2\/categories?post=17384"},{"taxonomy":"post_tag","embeddable":true,"href":"https:\/\/zonacaral.gob.pe\/en\/wp-json\/wp\/v2\/tags?post=17384"}],"curies":[{"name":"wp","href":"https:\/\/api.w.org\/{rel}","templated":true}]}}