{"id":17397,"date":"2024-01-29T17:15:18","date_gmt":"2024-01-29T22:15:18","guid":{"rendered":"https:\/\/www.zonacaral.gob.pe\/?p=17397"},"modified":"2024-01-29T17:15:18","modified_gmt":"2024-01-29T22:15:18","slug":"ingresa-gratis-a-la-ciudad-sagrada-de-caral-aspero-y-vichama","status":"publish","type":"post","link":"https:\/\/zonacaral.gob.pe\/en\/noticias\/ingresa-gratis-a-la-ciudad-sagrada-de-caral-aspero-y-vichama\/","title":{"rendered":"Ingresa gratis a la Ciudad Sagrada de Caral, \u00c1spero y Vichama"},"content":{"rendered":"<figure class=\"pic-autor\" style=\"color: #4d4d4d; text-align: justify;\"><\/figure>\n<div class=\"gmail_default\" style=\"text-align: justify;\">\n<blockquote>\n<p><i><span style=\"font-weight: 400;\">Una oportunidad para conocer los or\u00edgenes de la civilizaci\u00f3n en Am\u00e9rica.<\/span><\/i><\/p>\n<\/blockquote>\n<p><span style=\"font-weight: 400;\">Este domingo, 4 de febrero, todos los ciudadanos peruanos podr\u00e1n ingresar de manera gratuita a los sitios arqueol\u00f3gicos, <\/span><a href=\"https:\/\/www.zonacaral.gob.pe\/ruta-caral\/ciudad-sagrada-de-caral.html\"><span style=\"font-weight: 400;\">Sacred City of Caral<\/span><\/a><span style=\"font-weight: 400;\">, Patrimonio Mundial; \u00c1spero, ciudad pesquera, y Vichama, ciudad agropesquera, centros urbanos que formaron parte de Civilizaci\u00f3n Caral, desarrollada al norte de la ciudad de Lima.<\/span><\/p>\n<p><span style=\"font-weight: 400;\">El \u00fanico pago a realizar en estos sitios es de 20 soles, por grupos de 10 personas (dos soles por persona), el cual se hace a los int\u00e9rpretes del patrimonio cultural, encargados de acompa\u00f1ar a los visitantes por todo el sitio arqueol\u00f3gico, transmitiendo la historia social y cultural recuperada en 30 a\u00f1os de investigaciones.<\/span><\/p>\n<p><span style=\"font-weight: 400;\">El horario de ingreso a estos asentamientos arqueol\u00f3gicos <\/span><i><span style=\"font-weight: 400;\">-de la Ruta Caral-<\/span><\/i><span style=\"font-weight: 400;\"> es de lunes a domingo, incluyendo d\u00edas feriados, a partir de las 9:00 a. m. hasta las 5:00 p.m.; sin embargo, se recomienda llegar una hora antes de la hora del cierre para evitar inconvenientes con el proceso de protecci\u00f3n del monumento arqueol\u00f3gico.<\/span><\/p>\n<p><span style=\"font-weight: 400;\">Cabe recordar que, con el fin de incentivar el turismo, en el \u00e1rea norcentral del pa\u00eds, la <\/span><a href=\"https:\/\/www.instagram.com\/caralperu\/?hl=es\"><span style=\"font-weight: 400;\">Zona Arqueol\u00f3gica Caral<\/span><\/a><span style=\"font-weight: 400;\">, Unidad Ejecutora 003 del Ministerio de Cultura, permite, seg\u00fan Ley N\u00b0 30599, el ingreso gratuito a los asentamientos arqueol\u00f3gicos de la Ruta Caral, todos los primeros domingos de cada mes.<\/span><\/p>\n<p><b>\u00bfQU\u00c9 CONOCER\u00c1S?<\/b><\/p>\n<p><span style=\"font-weight: 400;\">La Ciudad Sagrada de Caral, principal centro urbano de este foco civilizatorio y Patrimonio Mundial; se encuentra en el valle de Supe (distrito de Supe \u2013 Barranca), a cuatro horas de viaje desde la ciudad de Lima, por la v\u00eda Panamericana Norte. En este lugar se encuentran los colosales y m\u00e1s antiguos edificios piramidales construidos en Per\u00fa. Conocer\u00e1s c\u00f3mo, hace cinco mil a\u00f1os, se organiz\u00f3 la sociedad que la habit\u00f3 y los conocimientos en ciencia y tecnolog\u00eda que desarrollaron, y que trascendieron a las dem\u00e1s sociedades de los Andes centrales. (<\/span><i><span style=\"font-weight: 400;\">Ingresa aqu\u00ed para m\u00e1s detalles:<\/span><\/i><a href=\"https:\/\/bit.ly\/ComoLLegar_CiudadSagradaCaral\"> <i><span style=\"font-weight: 400;\">bit.ly\/ComoLLegar_CiudadSagradaCaral<\/span><\/i><\/a><span style=\"font-weight: 400;\">)<\/span><\/p>\n<p><span style=\"font-weight: 400;\">Asimismo, en \u00c1spero, considerada como la ciudad pesquera m\u00e1s antigua de Am\u00e9rica, descubrir\u00e1s la tecnolog\u00eda que desarrollaron los antiguos pobladores para obtener las diferentes especies marinas. Tambi\u00e9n es el lugar donde fue hallada la \u201cDama de los Cuatro Tupus\u201d, una de las mujeres de la \u00e9lite de la civilizaci\u00f3n Caral. Y descubrir\u00e1s su importancia y su estrecha relaci\u00f3n con sociedades del valle de Supe y otras zonas geogr\u00e1ficas. (<\/span><i><span style=\"font-weight: 400;\">Ingresa aqu\u00ed para m\u00e1s detalles de c\u00f3mo llegar:<\/span><\/i><a href=\"https:\/\/bit.ly\/ComoLlegar_Aspero\"> <i><span style=\"font-weight: 400;\">bit.ly\/ComoLlegar_Aspero<\/span><\/i><\/a><span style=\"font-weight: 400;\">)<\/span><\/p>\n<p><span style=\"font-weight: 400;\">Y, en Vichama, ciudad agropesquera ubicada en el distrito de V\u00e9gueta, provincia de Huaura, ubicado a dos horas y media de viaje, conocer\u00e1s los impresionantes&nbsp; relieves murales que fueron dise\u00f1ados en los salones de los principales edificios piramidales de este sitio arqueol\u00f3gico. Cuentan una historia, a\u00fan por recuperar, de la crisis generada por un gran cambio clim\u00e1tico que afect\u00f3 a su sociedad y que provoc\u00f3 muerte, sequ\u00eda y hambruna, evento que no deb\u00eda ser olvidado y para lo que deb\u00edan estar preparados. (<\/span><i><span style=\"font-weight: 400;\">Ingresa aqu\u00ed para m\u00e1s detalles de c\u00f3mo llegar:<\/span><\/i><a href=\"https:\/\/bit.ly\/ComoLlegar_Vichama\"> <i><span style=\"font-weight: 400;\">bit.ly\/ComoLlegar_Vichama<\/span><\/i><\/a><span style=\"font-weight: 400;\">)<\/span><\/p>\n<p><span style=\"color: #850707;\"><strong style=\"font-size: inherit; text-align: justify;\">Fuente: Comunicaci\u00f3n e Imagen Institucional ZAC<\/strong><\/span><\/p>\n<\/div>\n<div style=\"color: #1f1f1f;\">\n<div style=\"color: #1f1f1f;\">\n<p style=\"text-align: justify;\">Fecha de publicaci\u00f3n: 29\/01\/2023<\/p>\n<\/div>\n<\/div>\n\n\n<p><\/p>","protected":false},"excerpt":{"rendered":"<p>Una oportunidad para conocer los or\u00edgenes de la civilizaci\u00f3n en Am\u00e9rica. Este domingo, 4 de febrero, todos los ciudadanos peruanos [&hellip;]<\/p>\n","protected":false},"author":1,"featured_media":17398,"comment_status":"closed","ping_status":"open","sticky":false,"template":"","format":"standard","meta":{"_acf_changed":false,"site-sidebar-layout":"default","site-content-layout":"","ast-site-content-layout":"default","site-content-style":"default","site-sidebar-style":"default","ast-global-header-display":"","ast-banner-title-visibility":"","ast-main-header-display":"","ast-hfb-above-header-display":"","ast-hfb-below-header-display":"","ast-hfb-mobile-header-display":"","site-post-title":"","ast-breadcrumbs-content":"","ast-featured-img":"","footer-sml-layout":"","ast-disable-related-posts":"","theme-transparent-header-meta":"","adv-header-id-meta":"","stick-header-meta":"","header-above-stick-meta":"","header-main-stick-meta":"","header-below-stick-meta":"","astra-migrate-meta-layouts":"default","ast-page-background-enabled":"default","ast-page-background-meta":{"desktop":{"background-color":"var(--ast-global-color-5)","background-image":"","background-repeat":"repeat","background-position":"center center","background-size":"auto","background-attachment":"scroll","background-type":"","background-media":"","overlay-type":"","overlay-color":"","overlay-opacity":"","overlay-gradient":""},"tablet":{"background-color":"","background-image":"","background-repeat":"repeat","background-position":"center center","background-size":"auto","background-attachment":"scroll","background-type":"","background-media":"","overlay-type":"","overlay-color":"","overlay-opacity":"","overlay-gradient":""},"mobile":{"background-color":"","background-image":"","background-repeat":"repeat","background-position":"center center","background-size":"auto","background-attachment":"scroll","background-type":"","background-media":"","overlay-type":"","overlay-color":"","overlay-opacity":"","overlay-gradient":""}},"ast-content-background-meta":{"desktop":{"background-color":"var(--ast-global-color-4)","background-image":"","background-repeat":"repeat","background-position":"center center","background-size":"auto","background-attachment":"scroll","background-type":"","background-media":"","overlay-type":"","overlay-color":"","overlay-opacity":"","overlay-gradient":""},"tablet":{"background-color":"var(--ast-global-color-4)","background-image":"","background-repeat":"repeat","background-position":"center center","background-size":"auto","background-attachment":"scroll","background-type":"","background-media":"","overlay-type":"","overlay-color":"","overlay-opacity":"","overlay-gradient":""},"mobile":{"background-color":"var(--ast-global-color-4)","background-image":"","background-repeat":"repeat","background-position":"center center","background-size":"auto","background-attachment":"scroll","background-type":"","background-media":"","overlay-type":"","overlay-color":"","overlay-opacity":"","overlay-gradient":""}},"footnotes":""},"categories":[208],"tags":[55,72],"class_list":["post-17397","post","type-post","status-publish","format-standard","has-post-thumbnail","hentry","category-noticias","tag-caral","tag-cultura"],"acf":[],"yoast_head":"<!-- This site is optimized with the Yoast SEO plugin v27.3 - https:\/\/yoast.com\/product\/yoast-seo-wordpress\/ -->\n<title>Dictamos talleres gratuitos en el valle de Supe: \u00abREVALORIZANDO EL PASADO EN EL PRESENTE\u00bb<\/title>\n<meta name=\"description\" content=\"Este verano 2024, la Zona Arqueol\u00f3gica Caral a trav\u00e9s de la Subdirecci\u00f3n de Relaciones Comunitarias desarrolla el taller \u201cRevalorizando el Pasado en el Presente\u201d en centros poblados del valle de Supe.\" \/>\n<meta name=\"robots\" content=\"index, follow, max-snippet:-1, max-image-preview:large, max-video-preview:-1\" \/>\n<link rel=\"canonical\" href=\"https:\/\/zonacaral.gob.pe\/en\/noticias\/ingresa-gratis-a-la-ciudad-sagrada-de-caral-aspero-y-vichama\/\" \/>\n<meta property=\"og:locale\" content=\"en_US\" \/>\n<meta property=\"og:type\" content=\"article\" \/>\n<meta property=\"og:title\" content=\"Dictamos talleres gratuitos en el valle de Supe: \u00abREVALORIZANDO EL PASADO EN EL PRESENTE\u00bb\" \/>\n<meta property=\"og:description\" content=\"Este verano 2024, la Zona Arqueol\u00f3gica Caral a trav\u00e9s de la Subdirecci\u00f3n de Relaciones Comunitarias desarrolla el taller \u201cRevalorizando el Pasado en el Presente\u201d en centros poblados del valle de Supe.\" \/>\n<meta property=\"og:url\" content=\"https:\/\/zonacaral.gob.pe\/en\/noticias\/ingresa-gratis-a-la-ciudad-sagrada-de-caral-aspero-y-vichama\/\" \/>\n<meta property=\"og:site_name\" content=\"Zona Caral\" \/>\n<meta property=\"article:published_time\" content=\"2024-01-29T22:15:18+00:00\" \/>\n<meta property=\"og:image\" content=\"https:\/\/zonacaral.gob.pe\/wp-content\/uploads\/2024\/01\/1-2.png\" \/>\n\t<meta property=\"og:image:width\" content=\"700\" \/>\n\t<meta property=\"og:image:height\" content=\"395\" \/>\n\t<meta property=\"og:image:type\" content=\"image\/png\" \/>\n<meta name=\"author\" content=\"Zona Caral Administrador\" \/>\n<meta name=\"twitter:card\" content=\"summary_large_image\" \/>\n<meta name=\"twitter:label1\" content=\"Written by\" \/>\n\t<meta name=\"twitter:data1\" content=\"Zona Caral Administrador\" \/>\n\t<meta name=\"twitter:label2\" content=\"Est. reading time\" \/>\n\t<meta name=\"twitter:data2\" content=\"3 minutes\" \/>\n<script type=\"application\/ld+json\" class=\"yoast-schema-graph\">{\"@context\":\"https:\\\/\\\/schema.org\",\"@graph\":[{\"@type\":\"Article\",\"@id\":\"https:\\\/\\\/zonacaral.gob.pe\\\/es\\\/noticias\\\/ingresa-gratis-a-la-ciudad-sagrada-de-caral-aspero-y-vichama\\\/#article\",\"isPartOf\":{\"@id\":\"https:\\\/\\\/zonacaral.gob.pe\\\/es\\\/noticias\\\/ingresa-gratis-a-la-ciudad-sagrada-de-caral-aspero-y-vichama\\\/\"},\"author\":{\"name\":\"Zona Caral Administrador\",\"@id\":\"https:\\\/\\\/zonacaral.gob.pe\\\/es\\\/#\\\/schema\\\/person\\\/beddb4d22f71a7230c5b90913270a0ee\"},\"headline\":\"Ingresa gratis a la Ciudad Sagrada de Caral, \u00c1spero y Vichama\",\"datePublished\":\"2024-01-29T22:15:18+00:00\",\"mainEntityOfPage\":{\"@id\":\"https:\\\/\\\/zonacaral.gob.pe\\\/es\\\/noticias\\\/ingresa-gratis-a-la-ciudad-sagrada-de-caral-aspero-y-vichama\\\/\"},\"wordCount\":556,\"image\":{\"@id\":\"https:\\\/\\\/zonacaral.gob.pe\\\/es\\\/noticias\\\/ingresa-gratis-a-la-ciudad-sagrada-de-caral-aspero-y-vichama\\\/#primaryimage\"},\"thumbnailUrl\":\"https:\\\/\\\/zonacaral.gob.pe\\\/wp-content\\\/uploads\\\/2024\\\/01\\\/1-2.png\",\"keywords\":[\"caral\",\"Cultura\"],\"articleSection\":[\"noticias\"],\"inLanguage\":\"en-US\"},{\"@type\":\"WebPage\",\"@id\":\"https:\\\/\\\/zonacaral.gob.pe\\\/es\\\/noticias\\\/ingresa-gratis-a-la-ciudad-sagrada-de-caral-aspero-y-vichama\\\/\",\"url\":\"https:\\\/\\\/zonacaral.gob.pe\\\/es\\\/noticias\\\/ingresa-gratis-a-la-ciudad-sagrada-de-caral-aspero-y-vichama\\\/\",\"name\":\"Dictamos talleres gratuitos en el valle de Supe: \u00abREVALORIZANDO EL PASADO EN EL PRESENTE\u00bb\",\"isPartOf\":{\"@id\":\"https:\\\/\\\/zonacaral.gob.pe\\\/es\\\/#website\"},\"primaryImageOfPage\":{\"@id\":\"https:\\\/\\\/zonacaral.gob.pe\\\/es\\\/noticias\\\/ingresa-gratis-a-la-ciudad-sagrada-de-caral-aspero-y-vichama\\\/#primaryimage\"},\"image\":{\"@id\":\"https:\\\/\\\/zonacaral.gob.pe\\\/es\\\/noticias\\\/ingresa-gratis-a-la-ciudad-sagrada-de-caral-aspero-y-vichama\\\/#primaryimage\"},\"thumbnailUrl\":\"https:\\\/\\\/zonacaral.gob.pe\\\/wp-content\\\/uploads\\\/2024\\\/01\\\/1-2.png\",\"datePublished\":\"2024-01-29T22:15:18+00:00\",\"author\":{\"@id\":\"https:\\\/\\\/zonacaral.gob.pe\\\/es\\\/#\\\/schema\\\/person\\\/beddb4d22f71a7230c5b90913270a0ee\"},\"description\":\"Este verano 2024, la Zona Arqueol\u00f3gica Caral a trav\u00e9s de la Subdirecci\u00f3n de Relaciones Comunitarias desarrolla el taller \u201cRevalorizando el Pasado en el Presente\u201d en centros poblados del valle de Supe.\",\"breadcrumb\":{\"@id\":\"https:\\\/\\\/zonacaral.gob.pe\\\/es\\\/noticias\\\/ingresa-gratis-a-la-ciudad-sagrada-de-caral-aspero-y-vichama\\\/#breadcrumb\"},\"inLanguage\":\"en-US\",\"potentialAction\":[{\"@type\":\"ReadAction\",\"target\":[\"https:\\\/\\\/zonacaral.gob.pe\\\/es\\\/noticias\\\/ingresa-gratis-a-la-ciudad-sagrada-de-caral-aspero-y-vichama\\\/\"]}]},{\"@type\":\"ImageObject\",\"inLanguage\":\"en-US\",\"@id\":\"https:\\\/\\\/zonacaral.gob.pe\\\/es\\\/noticias\\\/ingresa-gratis-a-la-ciudad-sagrada-de-caral-aspero-y-vichama\\\/#primaryimage\",\"url\":\"https:\\\/\\\/zonacaral.gob.pe\\\/wp-content\\\/uploads\\\/2024\\\/01\\\/1-2.png\",\"contentUrl\":\"https:\\\/\\\/zonacaral.gob.pe\\\/wp-content\\\/uploads\\\/2024\\\/01\\\/1-2.png\",\"width\":700,\"height\":395},{\"@type\":\"BreadcrumbList\",\"@id\":\"https:\\\/\\\/zonacaral.gob.pe\\\/es\\\/noticias\\\/ingresa-gratis-a-la-ciudad-sagrada-de-caral-aspero-y-vichama\\\/#breadcrumb\",\"itemListElement\":[{\"@type\":\"ListItem\",\"position\":1,\"name\":\"Portada\",\"item\":\"https:\\\/\\\/zonacaral.gob.pe\\\/\"},{\"@type\":\"ListItem\",\"position\":2,\"name\":\"Ingresa gratis a la Ciudad Sagrada de Caral, \u00c1spero y Vichama\"}]},{\"@type\":\"WebSite\",\"@id\":\"https:\\\/\\\/zonacaral.gob.pe\\\/es\\\/#website\",\"url\":\"https:\\\/\\\/zonacaral.gob.pe\\\/es\\\/\",\"name\":\"Zona Caral\",\"description\":\"Investigamos, conservamos y difundimos el patrimonio cultural de la Civilizaci\u00f3n Caral, la m\u00e1s antigua de Am\u00e9rica.\",\"potentialAction\":[{\"@type\":\"SearchAction\",\"target\":{\"@type\":\"EntryPoint\",\"urlTemplate\":\"https:\\\/\\\/zonacaral.gob.pe\\\/es\\\/?s={search_term_string}\"},\"query-input\":{\"@type\":\"PropertyValueSpecification\",\"valueRequired\":true,\"valueName\":\"search_term_string\"}}],\"inLanguage\":\"en-US\"},{\"@type\":\"Person\",\"@id\":\"https:\\\/\\\/zonacaral.gob.pe\\\/es\\\/#\\\/schema\\\/person\\\/beddb4d22f71a7230c5b90913270a0ee\",\"name\":\"Zona Caral Administrador\",\"image\":{\"@type\":\"ImageObject\",\"inLanguage\":\"en-US\",\"@id\":\"https:\\\/\\\/secure.gravatar.com\\\/avatar\\\/e4be162918a696358376de6446614e0f0f4062bdc5d170d6d540ada3d8b58c12?s=96&d=mm&r=g\",\"url\":\"https:\\\/\\\/secure.gravatar.com\\\/avatar\\\/e4be162918a696358376de6446614e0f0f4062bdc5d170d6d540ada3d8b58c12?s=96&d=mm&r=g\",\"contentUrl\":\"https:\\\/\\\/secure.gravatar.com\\\/avatar\\\/e4be162918a696358376de6446614e0f0f4062bdc5d170d6d540ada3d8b58c12?s=96&d=mm&r=g\",\"caption\":\"Zona Caral Administrador\"},\"sameAs\":[\"https:\\\/\\\/zonacaral.gob.pe\"],\"url\":\"https:\\\/\\\/zonacaral.gob.pe\\\/en\\\/noticias\\\/author\\\/ad_zonacaral\\\/\"}]}<\/script>\n<!-- \/ Yoast SEO plugin. -->","yoast_head_json":{"title":"Dictamos talleres gratuitos en el valle de Supe: \u00abREVALORIZANDO EL PASADO EN EL PRESENTE\u00bb","description":"Este verano 2024, la Zona Arqueol\u00f3gica Caral a trav\u00e9s de la Subdirecci\u00f3n de Relaciones Comunitarias desarrolla el taller \u201cRevalorizando el Pasado en el Presente\u201d en centros poblados del valle de Supe.","robots":{"index":"index","follow":"follow","max-snippet":"max-snippet:-1","max-image-preview":"max-image-preview:large","max-video-preview":"max-video-preview:-1"},"canonical":"https:\/\/zonacaral.gob.pe\/en\/noticias\/ingresa-gratis-a-la-ciudad-sagrada-de-caral-aspero-y-vichama\/","og_locale":"en_US","og_type":"article","og_title":"Dictamos talleres gratuitos en el valle de Supe: \u00abREVALORIZANDO EL PASADO EN EL PRESENTE\u00bb","og_description":"Este verano 2024, la Zona Arqueol\u00f3gica Caral a trav\u00e9s de la Subdirecci\u00f3n de Relaciones Comunitarias desarrolla el taller \u201cRevalorizando el Pasado en el Presente\u201d en centros poblados del valle de Supe.","og_url":"https:\/\/zonacaral.gob.pe\/en\/noticias\/ingresa-gratis-a-la-ciudad-sagrada-de-caral-aspero-y-vichama\/","og_site_name":"Zona Caral","article_published_time":"2024-01-29T22:15:18+00:00","og_image":[{"width":700,"height":395,"url":"https:\/\/zonacaral.gob.pe\/wp-content\/uploads\/2024\/01\/1-2.png","type":"image\/png"}],"author":"Zona Caral Administrador","twitter_card":"summary_large_image","twitter_misc":{"Written by":"Zona Caral Administrador","Est. reading time":"3 minutes"},"schema":{"@context":"https:\/\/schema.org","@graph":[{"@type":"Article","@id":"https:\/\/zonacaral.gob.pe\/es\/noticias\/ingresa-gratis-a-la-ciudad-sagrada-de-caral-aspero-y-vichama\/#article","isPartOf":{"@id":"https:\/\/zonacaral.gob.pe\/es\/noticias\/ingresa-gratis-a-la-ciudad-sagrada-de-caral-aspero-y-vichama\/"},"author":{"name":"Zona Caral Administrador","@id":"https:\/\/zonacaral.gob.pe\/es\/#\/schema\/person\/beddb4d22f71a7230c5b90913270a0ee"},"headline":"Ingresa gratis a la Ciudad Sagrada de Caral, \u00c1spero y Vichama","datePublished":"2024-01-29T22:15:18+00:00","mainEntityOfPage":{"@id":"https:\/\/zonacaral.gob.pe\/es\/noticias\/ingresa-gratis-a-la-ciudad-sagrada-de-caral-aspero-y-vichama\/"},"wordCount":556,"image":{"@id":"https:\/\/zonacaral.gob.pe\/es\/noticias\/ingresa-gratis-a-la-ciudad-sagrada-de-caral-aspero-y-vichama\/#primaryimage"},"thumbnailUrl":"https:\/\/zonacaral.gob.pe\/wp-content\/uploads\/2024\/01\/1-2.png","keywords":["caral","Cultura"],"articleSection":["noticias"],"inLanguage":"en-US"},{"@type":"WebPage","@id":"https:\/\/zonacaral.gob.pe\/es\/noticias\/ingresa-gratis-a-la-ciudad-sagrada-de-caral-aspero-y-vichama\/","url":"https:\/\/zonacaral.gob.pe\/es\/noticias\/ingresa-gratis-a-la-ciudad-sagrada-de-caral-aspero-y-vichama\/","name":"Dictamos talleres gratuitos en el valle de Supe: \u00abREVALORIZANDO EL PASADO EN EL PRESENTE\u00bb","isPartOf":{"@id":"https:\/\/zonacaral.gob.pe\/es\/#website"},"primaryImageOfPage":{"@id":"https:\/\/zonacaral.gob.pe\/es\/noticias\/ingresa-gratis-a-la-ciudad-sagrada-de-caral-aspero-y-vichama\/#primaryimage"},"image":{"@id":"https:\/\/zonacaral.gob.pe\/es\/noticias\/ingresa-gratis-a-la-ciudad-sagrada-de-caral-aspero-y-vichama\/#primaryimage"},"thumbnailUrl":"https:\/\/zonacaral.gob.pe\/wp-content\/uploads\/2024\/01\/1-2.png","datePublished":"2024-01-29T22:15:18+00:00","author":{"@id":"https:\/\/zonacaral.gob.pe\/es\/#\/schema\/person\/beddb4d22f71a7230c5b90913270a0ee"},"description":"Este verano 2024, la Zona Arqueol\u00f3gica Caral a trav\u00e9s de la Subdirecci\u00f3n de Relaciones Comunitarias desarrolla el taller \u201cRevalorizando el Pasado en el Presente\u201d en centros poblados del valle de Supe.","breadcrumb":{"@id":"https:\/\/zonacaral.gob.pe\/es\/noticias\/ingresa-gratis-a-la-ciudad-sagrada-de-caral-aspero-y-vichama\/#breadcrumb"},"inLanguage":"en-US","potentialAction":[{"@type":"ReadAction","target":["https:\/\/zonacaral.gob.pe\/es\/noticias\/ingresa-gratis-a-la-ciudad-sagrada-de-caral-aspero-y-vichama\/"]}]},{"@type":"ImageObject","inLanguage":"en-US","@id":"https:\/\/zonacaral.gob.pe\/es\/noticias\/ingresa-gratis-a-la-ciudad-sagrada-de-caral-aspero-y-vichama\/#primaryimage","url":"https:\/\/zonacaral.gob.pe\/wp-content\/uploads\/2024\/01\/1-2.png","contentUrl":"https:\/\/zonacaral.gob.pe\/wp-content\/uploads\/2024\/01\/1-2.png","width":700,"height":395},{"@type":"BreadcrumbList","@id":"https:\/\/zonacaral.gob.pe\/es\/noticias\/ingresa-gratis-a-la-ciudad-sagrada-de-caral-aspero-y-vichama\/#breadcrumb","itemListElement":[{"@type":"ListItem","position":1,"name":"Portada","item":"https:\/\/zonacaral.gob.pe\/"},{"@type":"ListItem","position":2,"name":"Ingresa gratis a la Ciudad Sagrada de Caral, \u00c1spero y Vichama"}]},{"@type":"WebSite","@id":"https:\/\/zonacaral.gob.pe\/es\/#website","url":"https:\/\/zonacaral.gob.pe\/es\/","name":"Zona Caral","description":"Investigamos, conservamos y difundimos el patrimonio cultural de la Civilizaci\u00f3n Caral, la m\u00e1s antigua de Am\u00e9rica.","potentialAction":[{"@type":"SearchAction","target":{"@type":"EntryPoint","urlTemplate":"https:\/\/zonacaral.gob.pe\/es\/?s={search_term_string}"},"query-input":{"@type":"PropertyValueSpecification","valueRequired":true,"valueName":"search_term_string"}}],"inLanguage":"en-US"},{"@type":"Person","@id":"https:\/\/zonacaral.gob.pe\/es\/#\/schema\/person\/beddb4d22f71a7230c5b90913270a0ee","name":"Zona Caral Administrador","image":{"@type":"ImageObject","inLanguage":"en-US","@id":"https:\/\/secure.gravatar.com\/avatar\/e4be162918a696358376de6446614e0f0f4062bdc5d170d6d540ada3d8b58c12?s=96&d=mm&r=g","url":"https:\/\/secure.gravatar.com\/avatar\/e4be162918a696358376de6446614e0f0f4062bdc5d170d6d540ada3d8b58c12?s=96&d=mm&r=g","contentUrl":"https:\/\/secure.gravatar.com\/avatar\/e4be162918a696358376de6446614e0f0f4062bdc5d170d6d540ada3d8b58c12?s=96&d=mm&r=g","caption":"Zona Caral Administrador"},"sameAs":["https:\/\/zonacaral.gob.pe"],"url":"https:\/\/zonacaral.gob.pe\/en\/noticias\/author\/ad_zonacaral\/"}]}},"_links":{"self":[{"href":"https:\/\/zonacaral.gob.pe\/en\/wp-json\/wp\/v2\/posts\/17397","targetHints":{"allow":["GET"]}}],"collection":[{"href":"https:\/\/zonacaral.gob.pe\/en\/wp-json\/wp\/v2\/posts"}],"about":[{"href":"https:\/\/zonacaral.gob.pe\/en\/wp-json\/wp\/v2\/types\/post"}],"author":[{"embeddable":true,"href":"https:\/\/zonacaral.gob.pe\/en\/wp-json\/wp\/v2\/users\/1"}],"replies":[{"embeddable":true,"href":"https:\/\/zonacaral.gob.pe\/en\/wp-json\/wp\/v2\/comments?post=17397"}],"version-history":[{"count":0,"href":"https:\/\/zonacaral.gob.pe\/en\/wp-json\/wp\/v2\/posts\/17397\/revisions"}],"wp:featuredmedia":[{"embeddable":true,"href":"https:\/\/zonacaral.gob.pe\/en\/wp-json\/wp\/v2\/media\/17398"}],"wp:attachment":[{"href":"https:\/\/zonacaral.gob.pe\/en\/wp-json\/wp\/v2\/media?parent=17397"}],"wp:term":[{"taxonomy":"category","embeddable":true,"href":"https:\/\/zonacaral.gob.pe\/en\/wp-json\/wp\/v2\/categories?post=17397"},{"taxonomy":"post_tag","embeddable":true,"href":"https:\/\/zonacaral.gob.pe\/en\/wp-json\/wp\/v2\/tags?post=17397"}],"curies":[{"name":"wp","href":"https:\/\/api.w.org\/{rel}","templated":true}]}}