{"id":17416,"date":"2024-02-06T09:11:55","date_gmt":"2024-02-06T14:11:55","guid":{"rendered":"https:\/\/www.zonacaral.gob.pe\/?p=17416"},"modified":"2024-02-06T09:11:55","modified_gmt":"2024-02-06T14:11:55","slug":"doctora-ruth-shady-participara-en-conversatorio-para-motivar-que-mas-ninas-se-involucren-en-la-ciencia","status":"publish","type":"post","link":"https:\/\/zonacaral.gob.pe\/en\/noticias\/doctora-ruth-shady-participara-en-conversatorio-para-motivar-que-mas-ninas-se-involucren-en-la-ciencia\/","title":{"rendered":"Doctora Ruth Shady participar\u00e1 en conversatorio para motivar que m\u00e1s ni\u00f1as se involucren en la ciencia"},"content":{"rendered":"<figure class=\"pic-autor\" style=\"color: #4d4d4d; text-align: justify;\"><\/figure>\n<div class=\"gmail_default\" style=\"text-align: justify;\">\n<blockquote>\n<p><i><span style=\"font-weight: 400;\">Por m\u00e1s mujeres en la ciencia.<\/span><\/i><\/p>\n<\/blockquote>\n<p><span style=\"font-weight: 400;\">En el marco del D\u00eda Internacional de la Mujer y la Ni\u00f1a en la Ciencia, que se conmemora cada 11 de febrero, la doctora Ruth Shady Sol\u00eds, directora de la <\/span><a href=\"https:\/\/www.instagram.com\/caralperu\/?hl=es\"><span style=\"font-weight: 400;\">Zona Arqueol\u00f3gica Caral<\/span><\/a><span style=\"font-weight: 400;\">, Unidad Ejecutora 003 del Ministerio de Cultura, participar\u00e1 en el conversatorio virtual y gratuito \u00abLa ciencia tendr\u00e1 m\u00e1s beneficio social cuanto m\u00e1s mujeres y ni\u00f1as participen\u00bb, organizado por la Academia Nacional de Ciencias del Per\u00fa (ANC).<\/span><\/p>\n<p><span style=\"font-weight: 400;\">El evento se realizar\u00e1 este s\u00e1bado, 10 de febrero, a partir de las 10:00 a. m. hasta las 12:00 m., y ser\u00e1 transmitido de manera virtual por las plataformas de Zoom y Facebook. Conoce el programa e inscr\u00edbete en el siguiente link:<\/span><a href=\"https:\/\/bit.ly\/Conversatorio_10Febrero\"> <span style=\"font-weight: 400;\">https:\/\/bit.ly\/Conversatorio_10Febrero<\/span><\/a><span style=\"font-weight: 400;\">. (Se entregar\u00e1n certificados)<\/span><\/p>\n<p><span style=\"font-weight: 400;\">El conversatorio tambi\u00e9n tendr\u00e1 como ponente a la doctora Bertha Ulloa Rubio, Jefa del programa de Investigaci\u00f3n Formativa de la Universidad C\u00e9sar Vallejo, sede Trujillo; a la magister Q.F. Lissette Wezley Yllanes Nauca, investigadora, inventora e innovadora; y, tambi\u00e9n, a la licenciada Dora Przybylek, escritora y ex funcionaria de la Organizaci\u00f3n de las Naciones Unidas. Modera: doctora Guicela Cabrejo Paredes, Coordinadora del programa Mujeres para la Ciencia en la macrorregi\u00f3n Norte.<\/span><\/p>\n<p><span style=\"font-weight: 400;\">Entre los objetivos de esta actividad est\u00e1 promover que m\u00e1s ni\u00f1as y j\u00f3venes de la costa, sierra y selva del pa\u00eds, se interesen e involucren en la ciencia, la tecnolog\u00eda y la innovaci\u00f3n para el desarrollo, y elijan estudiar carreras en esas \u00e1reas. Adem\u00e1s, llamar la atenci\u00f3n del Estado y sector privado, para mejorar el acceso y la participaci\u00f3n plena y en condiciones de igualdad para las mujeres y las ni\u00f1as de todas las edades; y lograr la igualdad entre los g\u00e9neros y el empoderamiento de la mujer y la ni\u00f1a.<\/span><\/p>\n<p><span style=\"font-weight: 400;\">Cabe resaltar que la doctora Ruth Shady Sol\u00eds, es desde el a\u00f1o 2012, el <\/span><a href=\"https:\/\/www.facebook.com\/MujeresParaLaCienciaPeru?locale=es_LA\"><span style=\"font-weight: 400;\">Punto Focal Peruano del programa Mujeres para la Ciencia<\/span><\/a><span style=\"font-weight: 400;\"> de la ANC y la Red Interamericana de Academias de Ciencias (IANAS), espacio desde el cual promueve el empoderamiento y la revalorizaci\u00f3n del rol de las mujeres en la ciencia, la tecnolog\u00eda y la innovaci\u00f3n, motivando la conformaci\u00f3n de grupos de profesionales por macrorregi\u00f3n (sur, norte, oriente y centro) y la conformaci\u00f3n de grupos de acci\u00f3n por especialidad.<\/span><\/p>\n<p><span style=\"font-weight: 400;\">Este a\u00f1o el conversatorio, organizado tambi\u00e9n por la Coordinadora del programa Mujeres para la Ciencia en la macrorregi\u00f3n Norte es coorganizado, adem\u00e1s, por la Unidad de Gesti\u00f3n Educativa Local (UGEL) N.\u00b0 1 El Porvenir, Gerencia Regional de Educaci\u00f3n, punto clave para lograr que las mujeres, desde su \u00e9poca escolar, ya participen en las carreras de ciencias y tecnolog\u00edas.<\/span><\/p>\n<p><span style=\"color: #850707;\"><strong style=\"font-size: inherit; text-align: justify;\">Fuente: Comunicaci\u00f3n e Imagen Institucional ZAC<\/strong><\/span><\/p>\n<\/div>\n<div style=\"color: #1f1f1f;\">\n<div style=\"color: #1f1f1f;\">\n<p style=\"text-align: justify;\">Fecha de publicaci\u00f3n: 06\/01\/2023<\/p>\n<\/div>\n<\/div>\n\n\n<p><\/p>","protected":false},"excerpt":{"rendered":"<p>Por m\u00e1s mujeres en la ciencia. En el marco del D\u00eda Internacional de la Mujer y la Ni\u00f1a en la [&hellip;]<\/p>\n","protected":false},"author":1,"featured_media":17418,"comment_status":"closed","ping_status":"open","sticky":false,"template":"","format":"standard","meta":{"_acf_changed":false,"site-sidebar-layout":"default","site-content-layout":"","ast-site-content-layout":"default","site-content-style":"default","site-sidebar-style":"default","ast-global-header-display":"","ast-banner-title-visibility":"","ast-main-header-display":"","ast-hfb-above-header-display":"","ast-hfb-below-header-display":"","ast-hfb-mobile-header-display":"","site-post-title":"","ast-breadcrumbs-content":"","ast-featured-img":"","footer-sml-layout":"","ast-disable-related-posts":"","theme-transparent-header-meta":"","adv-header-id-meta":"","stick-header-meta":"","header-above-stick-meta":"","header-main-stick-meta":"","header-below-stick-meta":"","astra-migrate-meta-layouts":"default","ast-page-background-enabled":"default","ast-page-background-meta":{"desktop":{"background-color":"var(--ast-global-color-5)","background-image":"","background-repeat":"repeat","background-position":"center center","background-size":"auto","background-attachment":"scroll","background-type":"","background-media":"","overlay-type":"","overlay-color":"","overlay-opacity":"","overlay-gradient":""},"tablet":{"background-color":"","background-image":"","background-repeat":"repeat","background-position":"center center","background-size":"auto","background-attachment":"scroll","background-type":"","background-media":"","overlay-type":"","overlay-color":"","overlay-opacity":"","overlay-gradient":""},"mobile":{"background-color":"","background-image":"","background-repeat":"repeat","background-position":"center center","background-size":"auto","background-attachment":"scroll","background-type":"","background-media":"","overlay-type":"","overlay-color":"","overlay-opacity":"","overlay-gradient":""}},"ast-content-background-meta":{"desktop":{"background-color":"var(--ast-global-color-4)","background-image":"","background-repeat":"repeat","background-position":"center center","background-size":"auto","background-attachment":"scroll","background-type":"","background-media":"","overlay-type":"","overlay-color":"","overlay-opacity":"","overlay-gradient":""},"tablet":{"background-color":"var(--ast-global-color-4)","background-image":"","background-repeat":"repeat","background-position":"center center","background-size":"auto","background-attachment":"scroll","background-type":"","background-media":"","overlay-type":"","overlay-color":"","overlay-opacity":"","overlay-gradient":""},"mobile":{"background-color":"var(--ast-global-color-4)","background-image":"","background-repeat":"repeat","background-position":"center center","background-size":"auto","background-attachment":"scroll","background-type":"","background-media":"","overlay-type":"","overlay-color":"","overlay-opacity":"","overlay-gradient":""}},"footnotes":""},"categories":[208],"tags":[55,72],"class_list":["post-17416","post","type-post","status-publish","format-standard","has-post-thumbnail","hentry","category-noticias","tag-caral","tag-cultura"],"acf":[],"yoast_head":"<!-- This site is optimized with the Yoast SEO plugin v27.3 - https:\/\/yoast.com\/product\/yoast-seo-wordpress\/ -->\n<title>Doctora Ruth Shady participar\u00e1 en conversatorio para motivar que m\u00e1s ni\u00f1as se involucren en la ciencia<\/title>\n<meta name=\"description\" content=\"En el marco del D\u00eda Internacional de la Mujer y la Ni\u00f1a en la Ciencia, que se conmemora cada 11 de febrero, la doctora Ruth Shady Sol\u00eds, directora de la Zona Arqueol\u00f3gica Caral, Unidad Ejecutora 003 del Ministerio de Cultura, participar\u00e1 en el conversatorio virtual y gratuito \u00abLa ciencia tendr\u00e1 m\u00e1s beneficio social cuanto m\u00e1s mujeres y ni\u00f1as participen\u00bb, organizado por la Academia Nacional de Ciencias del Per\u00fa (ANC).\" \/>\n<meta name=\"robots\" content=\"index, follow, max-snippet:-1, max-image-preview:large, max-video-preview:-1\" \/>\n<link rel=\"canonical\" href=\"https:\/\/zonacaral.gob.pe\/en\/noticias\/doctora-ruth-shady-participara-en-conversatorio-para-motivar-que-mas-ninas-se-involucren-en-la-ciencia\/\" \/>\n<meta property=\"og:locale\" content=\"en_US\" \/>\n<meta property=\"og:type\" content=\"article\" \/>\n<meta property=\"og:title\" content=\"Doctora Ruth Shady participar\u00e1 en conversatorio para motivar que m\u00e1s ni\u00f1as se involucren en la ciencia\" \/>\n<meta property=\"og:description\" content=\"En el marco del D\u00eda Internacional de la Mujer y la Ni\u00f1a en la Ciencia, que se conmemora cada 11 de febrero, la doctora Ruth Shady Sol\u00eds, directora de la Zona Arqueol\u00f3gica Caral, Unidad Ejecutora 003 del Ministerio de Cultura, participar\u00e1 en el conversatorio virtual y gratuito \u00abLa ciencia tendr\u00e1 m\u00e1s beneficio social cuanto m\u00e1s mujeres y ni\u00f1as participen\u00bb, organizado por la Academia Nacional de Ciencias del Per\u00fa (ANC).\" \/>\n<meta property=\"og:url\" content=\"https:\/\/zonacaral.gob.pe\/en\/noticias\/doctora-ruth-shady-participara-en-conversatorio-para-motivar-que-mas-ninas-se-involucren-en-la-ciencia\/\" \/>\n<meta property=\"og:site_name\" content=\"Zona Caral\" \/>\n<meta property=\"article:published_time\" content=\"2024-02-06T14:11:55+00:00\" \/>\n<meta property=\"og:image\" content=\"https:\/\/zonacaral.gob.pe\/wp-content\/uploads\/2024\/02\/nina_en_la_ciencia-1.png\" \/>\n\t<meta property=\"og:image:width\" content=\"700\" \/>\n\t<meta property=\"og:image:height\" content=\"395\" \/>\n\t<meta property=\"og:image:type\" content=\"image\/png\" \/>\n<meta name=\"author\" content=\"Zona Caral Administrador\" \/>\n<meta name=\"twitter:card\" content=\"summary_large_image\" \/>\n<meta name=\"twitter:label1\" content=\"Written by\" \/>\n\t<meta name=\"twitter:data1\" content=\"Zona Caral Administrador\" \/>\n\t<meta name=\"twitter:label2\" content=\"Est. reading time\" \/>\n\t<meta name=\"twitter:data2\" content=\"2 minutes\" \/>\n<script type=\"application\/ld+json\" class=\"yoast-schema-graph\">{\"@context\":\"https:\\\/\\\/schema.org\",\"@graph\":[{\"@type\":\"Article\",\"@id\":\"https:\\\/\\\/zonacaral.gob.pe\\\/es\\\/noticias\\\/doctora-ruth-shady-participara-en-conversatorio-para-motivar-que-mas-ninas-se-involucren-en-la-ciencia\\\/#article\",\"isPartOf\":{\"@id\":\"https:\\\/\\\/zonacaral.gob.pe\\\/es\\\/noticias\\\/doctora-ruth-shady-participara-en-conversatorio-para-motivar-que-mas-ninas-se-involucren-en-la-ciencia\\\/\"},\"author\":{\"name\":\"Zona Caral Administrador\",\"@id\":\"https:\\\/\\\/zonacaral.gob.pe\\\/es\\\/#\\\/schema\\\/person\\\/beddb4d22f71a7230c5b90913270a0ee\"},\"headline\":\"Doctora Ruth Shady participar\u00e1 en conversatorio para motivar que m\u00e1s ni\u00f1as se involucren en la ciencia\",\"datePublished\":\"2024-02-06T14:11:55+00:00\",\"mainEntityOfPage\":{\"@id\":\"https:\\\/\\\/zonacaral.gob.pe\\\/es\\\/noticias\\\/doctora-ruth-shady-participara-en-conversatorio-para-motivar-que-mas-ninas-se-involucren-en-la-ciencia\\\/\"},\"wordCount\":494,\"image\":{\"@id\":\"https:\\\/\\\/zonacaral.gob.pe\\\/es\\\/noticias\\\/doctora-ruth-shady-participara-en-conversatorio-para-motivar-que-mas-ninas-se-involucren-en-la-ciencia\\\/#primaryimage\"},\"thumbnailUrl\":\"https:\\\/\\\/zonacaral.gob.pe\\\/wp-content\\\/uploads\\\/2024\\\/02\\\/nina_en_la_ciencia-1.png\",\"keywords\":[\"caral\",\"Cultura\"],\"articleSection\":[\"noticias\"],\"inLanguage\":\"en-US\"},{\"@type\":\"WebPage\",\"@id\":\"https:\\\/\\\/zonacaral.gob.pe\\\/es\\\/noticias\\\/doctora-ruth-shady-participara-en-conversatorio-para-motivar-que-mas-ninas-se-involucren-en-la-ciencia\\\/\",\"url\":\"https:\\\/\\\/zonacaral.gob.pe\\\/es\\\/noticias\\\/doctora-ruth-shady-participara-en-conversatorio-para-motivar-que-mas-ninas-se-involucren-en-la-ciencia\\\/\",\"name\":\"Doctora Ruth Shady participar\u00e1 en conversatorio para motivar que m\u00e1s ni\u00f1as se involucren en la ciencia\",\"isPartOf\":{\"@id\":\"https:\\\/\\\/zonacaral.gob.pe\\\/es\\\/#website\"},\"primaryImageOfPage\":{\"@id\":\"https:\\\/\\\/zonacaral.gob.pe\\\/es\\\/noticias\\\/doctora-ruth-shady-participara-en-conversatorio-para-motivar-que-mas-ninas-se-involucren-en-la-ciencia\\\/#primaryimage\"},\"image\":{\"@id\":\"https:\\\/\\\/zonacaral.gob.pe\\\/es\\\/noticias\\\/doctora-ruth-shady-participara-en-conversatorio-para-motivar-que-mas-ninas-se-involucren-en-la-ciencia\\\/#primaryimage\"},\"thumbnailUrl\":\"https:\\\/\\\/zonacaral.gob.pe\\\/wp-content\\\/uploads\\\/2024\\\/02\\\/nina_en_la_ciencia-1.png\",\"datePublished\":\"2024-02-06T14:11:55+00:00\",\"author\":{\"@id\":\"https:\\\/\\\/zonacaral.gob.pe\\\/es\\\/#\\\/schema\\\/person\\\/beddb4d22f71a7230c5b90913270a0ee\"},\"description\":\"En el marco del D\u00eda Internacional de la Mujer y la Ni\u00f1a en la Ciencia, que se conmemora cada 11 de febrero, la doctora Ruth Shady Sol\u00eds, directora de la Zona Arqueol\u00f3gica Caral, Unidad Ejecutora 003 del Ministerio de Cultura, participar\u00e1 en el conversatorio virtual y gratuito \u00abLa ciencia tendr\u00e1 m\u00e1s beneficio social cuanto m\u00e1s mujeres y ni\u00f1as participen\u00bb, organizado por la Academia Nacional de Ciencias del Per\u00fa (ANC).\",\"breadcrumb\":{\"@id\":\"https:\\\/\\\/zonacaral.gob.pe\\\/es\\\/noticias\\\/doctora-ruth-shady-participara-en-conversatorio-para-motivar-que-mas-ninas-se-involucren-en-la-ciencia\\\/#breadcrumb\"},\"inLanguage\":\"en-US\",\"potentialAction\":[{\"@type\":\"ReadAction\",\"target\":[\"https:\\\/\\\/zonacaral.gob.pe\\\/es\\\/noticias\\\/doctora-ruth-shady-participara-en-conversatorio-para-motivar-que-mas-ninas-se-involucren-en-la-ciencia\\\/\"]}]},{\"@type\":\"ImageObject\",\"inLanguage\":\"en-US\",\"@id\":\"https:\\\/\\\/zonacaral.gob.pe\\\/es\\\/noticias\\\/doctora-ruth-shady-participara-en-conversatorio-para-motivar-que-mas-ninas-se-involucren-en-la-ciencia\\\/#primaryimage\",\"url\":\"https:\\\/\\\/zonacaral.gob.pe\\\/wp-content\\\/uploads\\\/2024\\\/02\\\/nina_en_la_ciencia-1.png\",\"contentUrl\":\"https:\\\/\\\/zonacaral.gob.pe\\\/wp-content\\\/uploads\\\/2024\\\/02\\\/nina_en_la_ciencia-1.png\",\"width\":700,\"height\":395},{\"@type\":\"BreadcrumbList\",\"@id\":\"https:\\\/\\\/zonacaral.gob.pe\\\/es\\\/noticias\\\/doctora-ruth-shady-participara-en-conversatorio-para-motivar-que-mas-ninas-se-involucren-en-la-ciencia\\\/#breadcrumb\",\"itemListElement\":[{\"@type\":\"ListItem\",\"position\":1,\"name\":\"Portada\",\"item\":\"https:\\\/\\\/zonacaral.gob.pe\\\/\"},{\"@type\":\"ListItem\",\"position\":2,\"name\":\"Doctora Ruth Shady participar\u00e1 en conversatorio para motivar que m\u00e1s ni\u00f1as se involucren en la ciencia\"}]},{\"@type\":\"WebSite\",\"@id\":\"https:\\\/\\\/zonacaral.gob.pe\\\/es\\\/#website\",\"url\":\"https:\\\/\\\/zonacaral.gob.pe\\\/es\\\/\",\"name\":\"Zona Caral\",\"description\":\"Investigamos, conservamos y difundimos el patrimonio cultural de la Civilizaci\u00f3n Caral, la m\u00e1s antigua de Am\u00e9rica.\",\"potentialAction\":[{\"@type\":\"SearchAction\",\"target\":{\"@type\":\"EntryPoint\",\"urlTemplate\":\"https:\\\/\\\/zonacaral.gob.pe\\\/es\\\/?s={search_term_string}\"},\"query-input\":{\"@type\":\"PropertyValueSpecification\",\"valueRequired\":true,\"valueName\":\"search_term_string\"}}],\"inLanguage\":\"en-US\"},{\"@type\":\"Person\",\"@id\":\"https:\\\/\\\/zonacaral.gob.pe\\\/es\\\/#\\\/schema\\\/person\\\/beddb4d22f71a7230c5b90913270a0ee\",\"name\":\"Zona Caral Administrador\",\"image\":{\"@type\":\"ImageObject\",\"inLanguage\":\"en-US\",\"@id\":\"https:\\\/\\\/secure.gravatar.com\\\/avatar\\\/e4be162918a696358376de6446614e0f0f4062bdc5d170d6d540ada3d8b58c12?s=96&d=mm&r=g\",\"url\":\"https:\\\/\\\/secure.gravatar.com\\\/avatar\\\/e4be162918a696358376de6446614e0f0f4062bdc5d170d6d540ada3d8b58c12?s=96&d=mm&r=g\",\"contentUrl\":\"https:\\\/\\\/secure.gravatar.com\\\/avatar\\\/e4be162918a696358376de6446614e0f0f4062bdc5d170d6d540ada3d8b58c12?s=96&d=mm&r=g\",\"caption\":\"Zona Caral Administrador\"},\"sameAs\":[\"https:\\\/\\\/zonacaral.gob.pe\"],\"url\":\"https:\\\/\\\/zonacaral.gob.pe\\\/en\\\/noticias\\\/author\\\/ad_zonacaral\\\/\"}]}<\/script>\n<!-- \/ Yoast SEO plugin. -->","yoast_head_json":{"title":"Doctora Ruth Shady participar\u00e1 en conversatorio para motivar que m\u00e1s ni\u00f1as se involucren en la ciencia","description":"En el marco del D\u00eda Internacional de la Mujer y la Ni\u00f1a en la Ciencia, que se conmemora cada 11 de febrero, la doctora Ruth Shady Sol\u00eds, directora de la Zona Arqueol\u00f3gica Caral, Unidad Ejecutora 003 del Ministerio de Cultura, participar\u00e1 en el conversatorio virtual y gratuito \u00abLa ciencia tendr\u00e1 m\u00e1s beneficio social cuanto m\u00e1s mujeres y ni\u00f1as participen\u00bb, organizado por la Academia Nacional de Ciencias del Per\u00fa (ANC).","robots":{"index":"index","follow":"follow","max-snippet":"max-snippet:-1","max-image-preview":"max-image-preview:large","max-video-preview":"max-video-preview:-1"},"canonical":"https:\/\/zonacaral.gob.pe\/en\/noticias\/doctora-ruth-shady-participara-en-conversatorio-para-motivar-que-mas-ninas-se-involucren-en-la-ciencia\/","og_locale":"en_US","og_type":"article","og_title":"Doctora Ruth Shady participar\u00e1 en conversatorio para motivar que m\u00e1s ni\u00f1as se involucren en la ciencia","og_description":"En el marco del D\u00eda Internacional de la Mujer y la Ni\u00f1a en la Ciencia, que se conmemora cada 11 de febrero, la doctora Ruth Shady Sol\u00eds, directora de la Zona Arqueol\u00f3gica Caral, Unidad Ejecutora 003 del Ministerio de Cultura, participar\u00e1 en el conversatorio virtual y gratuito \u00abLa ciencia tendr\u00e1 m\u00e1s beneficio social cuanto m\u00e1s mujeres y ni\u00f1as participen\u00bb, organizado por la Academia Nacional de Ciencias del Per\u00fa (ANC).","og_url":"https:\/\/zonacaral.gob.pe\/en\/noticias\/doctora-ruth-shady-participara-en-conversatorio-para-motivar-que-mas-ninas-se-involucren-en-la-ciencia\/","og_site_name":"Zona Caral","article_published_time":"2024-02-06T14:11:55+00:00","og_image":[{"width":700,"height":395,"url":"https:\/\/zonacaral.gob.pe\/wp-content\/uploads\/2024\/02\/nina_en_la_ciencia-1.png","type":"image\/png"}],"author":"Zona Caral Administrador","twitter_card":"summary_large_image","twitter_misc":{"Written by":"Zona Caral Administrador","Est. reading time":"2 minutes"},"schema":{"@context":"https:\/\/schema.org","@graph":[{"@type":"Article","@id":"https:\/\/zonacaral.gob.pe\/es\/noticias\/doctora-ruth-shady-participara-en-conversatorio-para-motivar-que-mas-ninas-se-involucren-en-la-ciencia\/#article","isPartOf":{"@id":"https:\/\/zonacaral.gob.pe\/es\/noticias\/doctora-ruth-shady-participara-en-conversatorio-para-motivar-que-mas-ninas-se-involucren-en-la-ciencia\/"},"author":{"name":"Zona Caral Administrador","@id":"https:\/\/zonacaral.gob.pe\/es\/#\/schema\/person\/beddb4d22f71a7230c5b90913270a0ee"},"headline":"Doctora Ruth Shady participar\u00e1 en conversatorio para motivar que m\u00e1s ni\u00f1as se involucren en la ciencia","datePublished":"2024-02-06T14:11:55+00:00","mainEntityOfPage":{"@id":"https:\/\/zonacaral.gob.pe\/es\/noticias\/doctora-ruth-shady-participara-en-conversatorio-para-motivar-que-mas-ninas-se-involucren-en-la-ciencia\/"},"wordCount":494,"image":{"@id":"https:\/\/zonacaral.gob.pe\/es\/noticias\/doctora-ruth-shady-participara-en-conversatorio-para-motivar-que-mas-ninas-se-involucren-en-la-ciencia\/#primaryimage"},"thumbnailUrl":"https:\/\/zonacaral.gob.pe\/wp-content\/uploads\/2024\/02\/nina_en_la_ciencia-1.png","keywords":["caral","Cultura"],"articleSection":["noticias"],"inLanguage":"en-US"},{"@type":"WebPage","@id":"https:\/\/zonacaral.gob.pe\/es\/noticias\/doctora-ruth-shady-participara-en-conversatorio-para-motivar-que-mas-ninas-se-involucren-en-la-ciencia\/","url":"https:\/\/zonacaral.gob.pe\/es\/noticias\/doctora-ruth-shady-participara-en-conversatorio-para-motivar-que-mas-ninas-se-involucren-en-la-ciencia\/","name":"Doctora Ruth Shady participar\u00e1 en conversatorio para motivar que m\u00e1s ni\u00f1as se involucren en la ciencia","isPartOf":{"@id":"https:\/\/zonacaral.gob.pe\/es\/#website"},"primaryImageOfPage":{"@id":"https:\/\/zonacaral.gob.pe\/es\/noticias\/doctora-ruth-shady-participara-en-conversatorio-para-motivar-que-mas-ninas-se-involucren-en-la-ciencia\/#primaryimage"},"image":{"@id":"https:\/\/zonacaral.gob.pe\/es\/noticias\/doctora-ruth-shady-participara-en-conversatorio-para-motivar-que-mas-ninas-se-involucren-en-la-ciencia\/#primaryimage"},"thumbnailUrl":"https:\/\/zonacaral.gob.pe\/wp-content\/uploads\/2024\/02\/nina_en_la_ciencia-1.png","datePublished":"2024-02-06T14:11:55+00:00","author":{"@id":"https:\/\/zonacaral.gob.pe\/es\/#\/schema\/person\/beddb4d22f71a7230c5b90913270a0ee"},"description":"En el marco del D\u00eda Internacional de la Mujer y la Ni\u00f1a en la Ciencia, que se conmemora cada 11 de febrero, la doctora Ruth Shady Sol\u00eds, directora de la Zona Arqueol\u00f3gica Caral, Unidad Ejecutora 003 del Ministerio de Cultura, participar\u00e1 en el conversatorio virtual y gratuito \u00abLa ciencia tendr\u00e1 m\u00e1s beneficio social cuanto m\u00e1s mujeres y ni\u00f1as participen\u00bb, organizado por la Academia Nacional de Ciencias del Per\u00fa (ANC).","breadcrumb":{"@id":"https:\/\/zonacaral.gob.pe\/es\/noticias\/doctora-ruth-shady-participara-en-conversatorio-para-motivar-que-mas-ninas-se-involucren-en-la-ciencia\/#breadcrumb"},"inLanguage":"en-US","potentialAction":[{"@type":"ReadAction","target":["https:\/\/zonacaral.gob.pe\/es\/noticias\/doctora-ruth-shady-participara-en-conversatorio-para-motivar-que-mas-ninas-se-involucren-en-la-ciencia\/"]}]},{"@type":"ImageObject","inLanguage":"en-US","@id":"https:\/\/zonacaral.gob.pe\/es\/noticias\/doctora-ruth-shady-participara-en-conversatorio-para-motivar-que-mas-ninas-se-involucren-en-la-ciencia\/#primaryimage","url":"https:\/\/zonacaral.gob.pe\/wp-content\/uploads\/2024\/02\/nina_en_la_ciencia-1.png","contentUrl":"https:\/\/zonacaral.gob.pe\/wp-content\/uploads\/2024\/02\/nina_en_la_ciencia-1.png","width":700,"height":395},{"@type":"BreadcrumbList","@id":"https:\/\/zonacaral.gob.pe\/es\/noticias\/doctora-ruth-shady-participara-en-conversatorio-para-motivar-que-mas-ninas-se-involucren-en-la-ciencia\/#breadcrumb","itemListElement":[{"@type":"ListItem","position":1,"name":"Portada","item":"https:\/\/zonacaral.gob.pe\/"},{"@type":"ListItem","position":2,"name":"Doctora Ruth Shady participar\u00e1 en conversatorio para motivar que m\u00e1s ni\u00f1as se involucren en la ciencia"}]},{"@type":"WebSite","@id":"https:\/\/zonacaral.gob.pe\/es\/#website","url":"https:\/\/zonacaral.gob.pe\/es\/","name":"Zona Caral","description":"Investigamos, conservamos y difundimos el patrimonio cultural de la Civilizaci\u00f3n Caral, la m\u00e1s antigua de Am\u00e9rica.","potentialAction":[{"@type":"SearchAction","target":{"@type":"EntryPoint","urlTemplate":"https:\/\/zonacaral.gob.pe\/es\/?s={search_term_string}"},"query-input":{"@type":"PropertyValueSpecification","valueRequired":true,"valueName":"search_term_string"}}],"inLanguage":"en-US"},{"@type":"Person","@id":"https:\/\/zonacaral.gob.pe\/es\/#\/schema\/person\/beddb4d22f71a7230c5b90913270a0ee","name":"Zona Caral Administrador","image":{"@type":"ImageObject","inLanguage":"en-US","@id":"https:\/\/secure.gravatar.com\/avatar\/e4be162918a696358376de6446614e0f0f4062bdc5d170d6d540ada3d8b58c12?s=96&d=mm&r=g","url":"https:\/\/secure.gravatar.com\/avatar\/e4be162918a696358376de6446614e0f0f4062bdc5d170d6d540ada3d8b58c12?s=96&d=mm&r=g","contentUrl":"https:\/\/secure.gravatar.com\/avatar\/e4be162918a696358376de6446614e0f0f4062bdc5d170d6d540ada3d8b58c12?s=96&d=mm&r=g","caption":"Zona Caral Administrador"},"sameAs":["https:\/\/zonacaral.gob.pe"],"url":"https:\/\/zonacaral.gob.pe\/en\/noticias\/author\/ad_zonacaral\/"}]}},"_links":{"self":[{"href":"https:\/\/zonacaral.gob.pe\/en\/wp-json\/wp\/v2\/posts\/17416","targetHints":{"allow":["GET"]}}],"collection":[{"href":"https:\/\/zonacaral.gob.pe\/en\/wp-json\/wp\/v2\/posts"}],"about":[{"href":"https:\/\/zonacaral.gob.pe\/en\/wp-json\/wp\/v2\/types\/post"}],"author":[{"embeddable":true,"href":"https:\/\/zonacaral.gob.pe\/en\/wp-json\/wp\/v2\/users\/1"}],"replies":[{"embeddable":true,"href":"https:\/\/zonacaral.gob.pe\/en\/wp-json\/wp\/v2\/comments?post=17416"}],"version-history":[{"count":0,"href":"https:\/\/zonacaral.gob.pe\/en\/wp-json\/wp\/v2\/posts\/17416\/revisions"}],"wp:featuredmedia":[{"embeddable":true,"href":"https:\/\/zonacaral.gob.pe\/en\/wp-json\/wp\/v2\/media\/17418"}],"wp:attachment":[{"href":"https:\/\/zonacaral.gob.pe\/en\/wp-json\/wp\/v2\/media?parent=17416"}],"wp:term":[{"taxonomy":"category","embeddable":true,"href":"https:\/\/zonacaral.gob.pe\/en\/wp-json\/wp\/v2\/categories?post=17416"},{"taxonomy":"post_tag","embeddable":true,"href":"https:\/\/zonacaral.gob.pe\/en\/wp-json\/wp\/v2\/tags?post=17416"}],"curies":[{"name":"wp","href":"https:\/\/api.w.org\/{rel}","templated":true}]}}