{"id":17420,"date":"2024-02-06T10:45:51","date_gmt":"2024-02-06T15:45:51","guid":{"rendered":"https:\/\/www.zonacaral.gob.pe\/?p=17420"},"modified":"2024-02-06T10:45:51","modified_gmt":"2024-02-06T15:45:51","slug":"desde-febrero-regresan-los-viajes-culturales-a-la-ciudad-sagrada-de-caral-aspero-y-vichama","status":"publish","type":"post","link":"https:\/\/zonacaral.gob.pe\/en\/noticias\/desde-febrero-regresan-los-viajes-culturales-a-la-ciudad-sagrada-de-caral-aspero-y-vichama\/","title":{"rendered":"Desde febrero regresan los Viajes Culturales a la Ciudad Sagrada de Caral, \u00c1spero y Vichama"},"content":{"rendered":"<figure class=\"pic-autor\" style=\"color: #4d4d4d; text-align: justify;\"><\/figure>\n<div class=\"gmail_default\" style=\"text-align: justify;\">\n<blockquote>\n<p><i><span style=\"font-weight: 400;\">Separa tu fecha, alista tu mochila y recorramos juntos la Ruta Caral.<\/span><\/i><\/p>\n<\/blockquote>\n<p><span style=\"font-weight: 400;\">Tras una reorganizaci\u00f3n y a pedido de los amantes de nuestro patrimonio cultural, la <\/span><span style=\"color: #781010;\"><a style=\"color: #781010;\" href=\"https:\/\/www.instagram.com\/caralperu\/?hl=es\"><span style=\"font-weight: 400;\">Zona Arqueol\u00f3gica Caral<\/span><\/a><\/span><span style=\"font-weight: 400;\">, Unidad Ejecutora 003 del Ministerio de Cultura, anuncia el regreso de su programa <\/span><span style=\"color: #781010;\"><a style=\"color: #781010;\" href=\"https:\/\/www.zonacaral.gob.pe\/ruta-caral\/viajes-culturales.html\"><span style=\"font-weight: 400;\">\u201cViajes Culturales\u201d<\/span><\/a><\/span><span style=\"font-weight: 400;\">, el cual te lleva a conocer los milenarios centros urbanos de la Civilizaci\u00f3n Caral, la primera de Am\u00e9rica.<\/span><\/p>\n<p><span style=\"font-weight: 400;\">Este programa, que busca contribuir con el desarrollo socioecon\u00f3mico de las provincias de Barranca y Huaura, te lleva a descubrir a la sociedad que, hace cinco mil a\u00f1os, construy\u00f3 las impresionantes pir\u00e1mides de la <\/span><a href=\"https:\/\/www.zonacaral.gob.pe\/ruta-caral\/ciudad-sagrada-de-caral.html\"><span style=\"font-weight: 400;\"><span style=\"color: #781010;\">Sacred City of Caral<\/span><\/span><\/a><span style=\"font-weight: 400;\">, Patrimonio Mundial, expandi\u00e9ndose a lo largo del actual valle de Supe, en el \u00e1rea norcentral del Per\u00fa.<\/span><\/p>\n<p><span style=\"font-weight: 400;\">Asimismo, los \u201cViajes Culturales\u201d te trasladan hacia <\/span><span style=\"color: #781010;\"><a style=\"color: #781010;\" href=\"https:\/\/www.zonacaral.gob.pe\/ruta-caral\/aspero.html\"><span style=\"font-weight: 400;\">\u00c1spero<\/span><\/a><\/span><span style=\"font-weight: 400;\">, milenaria ciudad pesquera ubicada en Supe Puerto, lugar donde se estableci\u00f3 una importante sociedad especializada en tecnolog\u00eda pesquera, y que funcion\u00f3 como puerto de esta civilizaci\u00f3n, logrando una interacci\u00f3n con sociedades a corta, mediana y larga distancia.<\/span><\/p>\n<p><span style=\"font-weight: 400;\">Tambi\u00e9n, este programa contempla la visita a <\/span><span style=\"color: #781010;\"><a style=\"color: #781010;\" href=\"https:\/\/www.zonacaral.gob.pe\/ruta-caral\/vichama.html\"><span style=\"font-weight: 400;\">Vichama<\/span><\/a><\/span><span style=\"font-weight: 400;\">, ciudad agropesquera de V\u00e9gueta \u2013 Huaura. Las investigaciones se\u00f1alan que en este asentamiento la sociedad de Caral busc\u00f3 reorganizarse, tras sufrir el colapso de su sistema, a causa de un fuerte cambio clim\u00e1tico. En los muros de sus principales edificios a\u00fan se aprecia el registro de este dif\u00edcil episodio por el que atravesaron.<\/span><\/p>\n<p><span style=\"color: #781010;\"><b>VIAJES DE FEBRERO<\/b><\/span><\/p>\n<p><span style=\"font-weight: 400;\">En este mes, se tiene previsto los siguientes d\u00edas (apto para aventureros):<\/span><\/p>\n<p><b>S\u00e1bado 17:<\/b><span style=\"font-weight: 400;\"> bajo el t\u00edtulo <\/span><b>\u00abRedescubre el Bosque de Huarangos y el litoral milenario\u00bb<\/b><span style=\"font-weight: 400;\">, el programa de viajes te lleva a conocer de una manera diferente la milenaria Ciudad Sagrada de Caral, ahora destino tur\u00edstico de <\/span><span style=\"color: #781010;\"><a style=\"color: #781010;\" href=\"https:\/\/www.gob.pe\/institucion\/caral\/noticias\/902007-ciudad-sagrada-de-caral-obtiene-la-maxima-jerarquizacion-turistica-del-mincetur\"><span style=\"font-weight: 400;\">Jerarqu\u00eda 4<\/span><\/a><\/span><span style=\"font-weight: 400;\"> por el Ministerio de Comercio Exterior y Turismo, y la ciudad pesque \u00c1spero, lugar donde se hall\u00f3 el <\/span><span style=\"color: #781010;\"><a style=\"color: #781010;\" href=\"https:\/\/zonacaral.gob.pe\/en\/hallazgo-arqueologico-dama-de-los-cuatro-tupus-es-considerado-uno-de-los-mas-importantes-del-mundo\/\"><span style=\"font-weight: 400;\">entierro m\u00e1s antiguo de una mujer<\/span><\/a><\/span><span style=\"font-weight: 400;\"> de la \u00e9lite caralina.<\/span><\/p>\n<p><b>Domingo 25: <\/b><span style=\"font-weight: 400;\">Y, en la segunda fecha, con el t\u00edtulo <\/span><b>\u00abTras las huellas del cambio clim\u00e1tico en la civilizaci\u00f3n Caral\u00bb<\/b><span style=\"font-weight: 400;\">, este programa te lleva a conocer los <\/span><a href=\"https:\/\/www.gob.pe\/institucion\/caral\/noticias\/514987-vichama-registro-del-cambio-climatico-que-afecto-a-la-civilizacion-caral\"><span style=\"font-weight: 400;\"><span style=\"color: #781010;\">impresionantes relieves murales de Vichama<\/span><\/span><\/a><span style=\"font-weight: 400;\">, y su importante significado para la sociedad actual. Y, luego, regresaremos a seguir redescubriendo la Ciudad Sagrada de Caral, Patrimonio Mundial, milenario centro urbano construido en simult\u00e1neo con las pir\u00e1mides de Egipto.<\/span><\/p>\n<p><span style=\"font-weight: 400;\">M\u00e1s informes al correo viajeseducativos@zonacaral.gob.pe o al WhatsApp: <span style=\"color: #781010;\"><a style=\"color: #781010;\" href=\"https:\/\/wa.me\/message\/EJFL5LRNIHH2C1\">955 881 340<\/a><\/span>.<\/span><\/p>\n<p><span style=\"color: #781010;\"><b>DATO<\/b><\/span><\/p>\n<p><span style=\"font-weight: 400;\">El horario de ingreso a estos asentamientos arqueol\u00f3gicos -de la Ruta Caral- es de lunes a domingo, incluyendo d\u00edas feriados, a partir de las 9:00 a. m. hasta las 5:00 p.m.; sin embargo, se recomienda llegar una hora antes de la hora del cierre para evitar inconvenientes con el proceso de protecci\u00f3n del monumento arqueol\u00f3gico.<\/span><\/p>\n<p><span style=\"color: #850707;\"><strong style=\"font-size: inherit; text-align: justify;\">Fuente: Comunicaci\u00f3n e Imagen Institucional ZAC<\/strong><\/span><\/p>\n<\/div>\n<div style=\"color: #1f1f1f;\">\n<div style=\"color: #1f1f1f;\">\n<p style=\"text-align: justify;\">Fecha de publicaci\u00f3n: 06\/01\/2023<\/p>\n<\/div>\n<\/div>\n\n\n<p><\/p>","protected":false},"excerpt":{"rendered":"<p>Separa tu fecha, alista tu mochila y recorramos juntos la Ruta Caral. Tras una reorganizaci\u00f3n y a pedido de los [&hellip;]<\/p>\n","protected":false},"author":1,"featured_media":17425,"comment_status":"closed","ping_status":"open","sticky":false,"template":"","format":"standard","meta":{"_acf_changed":false,"site-sidebar-layout":"default","site-content-layout":"","ast-site-content-layout":"default","site-content-style":"default","site-sidebar-style":"default","ast-global-header-display":"","ast-banner-title-visibility":"","ast-main-header-display":"","ast-hfb-above-header-display":"","ast-hfb-below-header-display":"","ast-hfb-mobile-header-display":"","site-post-title":"","ast-breadcrumbs-content":"","ast-featured-img":"","footer-sml-layout":"","ast-disable-related-posts":"","theme-transparent-header-meta":"","adv-header-id-meta":"","stick-header-meta":"","header-above-stick-meta":"","header-main-stick-meta":"","header-below-stick-meta":"","astra-migrate-meta-layouts":"default","ast-page-background-enabled":"default","ast-page-background-meta":{"desktop":{"background-color":"var(--ast-global-color-5)","background-image":"","background-repeat":"repeat","background-position":"center center","background-size":"auto","background-attachment":"scroll","background-type":"","background-media":"","overlay-type":"","overlay-color":"","overlay-opacity":"","overlay-gradient":""},"tablet":{"background-color":"","background-image":"","background-repeat":"repeat","background-position":"center center","background-size":"auto","background-attachment":"scroll","background-type":"","background-media":"","overlay-type":"","overlay-color":"","overlay-opacity":"","overlay-gradient":""},"mobile":{"background-color":"","background-image":"","background-repeat":"repeat","background-position":"center center","background-size":"auto","background-attachment":"scroll","background-type":"","background-media":"","overlay-type":"","overlay-color":"","overlay-opacity":"","overlay-gradient":""}},"ast-content-background-meta":{"desktop":{"background-color":"var(--ast-global-color-4)","background-image":"","background-repeat":"repeat","background-position":"center center","background-size":"auto","background-attachment":"scroll","background-type":"","background-media":"","overlay-type":"","overlay-color":"","overlay-opacity":"","overlay-gradient":""},"tablet":{"background-color":"var(--ast-global-color-4)","background-image":"","background-repeat":"repeat","background-position":"center center","background-size":"auto","background-attachment":"scroll","background-type":"","background-media":"","overlay-type":"","overlay-color":"","overlay-opacity":"","overlay-gradient":""},"mobile":{"background-color":"var(--ast-global-color-4)","background-image":"","background-repeat":"repeat","background-position":"center center","background-size":"auto","background-attachment":"scroll","background-type":"","background-media":"","overlay-type":"","overlay-color":"","overlay-opacity":"","overlay-gradient":""}},"footnotes":""},"categories":[208],"tags":[55,72],"class_list":["post-17420","post","type-post","status-publish","format-standard","has-post-thumbnail","hentry","category-noticias","tag-caral","tag-cultura"],"acf":[],"yoast_head":"<!-- This site is optimized with the Yoast SEO plugin v27.3 - https:\/\/yoast.com\/product\/yoast-seo-wordpress\/ -->\n<title>Desde febrero regresan los Viajes Culturales a la Ciudad Sagrada de Caral, \u00c1spero y Vichama<\/title>\n<meta name=\"description\" content=\"En el marco del D\u00eda Internacional de la Mujer y la Ni\u00f1a en la Ciencia, que se conmemora cada 11 de febrero, la doctora Ruth Shady Sol\u00eds, directora de la Zona Arqueol\u00f3gica Caral, Unidad Ejecutora 003 del Ministerio de Cultura, participar\u00e1 en el conversatorio virtual y gratuito \u00abLa ciencia tendr\u00e1 m\u00e1s beneficio social cuanto m\u00e1s mujeres y ni\u00f1as participen\u00bb, organizado por la Academia Nacional de Ciencias del Per\u00fa (ANC).\" \/>\n<meta name=\"robots\" content=\"index, follow, max-snippet:-1, max-image-preview:large, max-video-preview:-1\" \/>\n<link rel=\"canonical\" href=\"https:\/\/zonacaral.gob.pe\/en\/noticias\/desde-febrero-regresan-los-viajes-culturales-a-la-ciudad-sagrada-de-caral-aspero-y-vichama\/\" \/>\n<meta property=\"og:locale\" content=\"en_US\" \/>\n<meta property=\"og:type\" content=\"article\" \/>\n<meta property=\"og:title\" content=\"Desde febrero regresan los Viajes Culturales a la Ciudad Sagrada de Caral, \u00c1spero y Vichama\" \/>\n<meta property=\"og:description\" content=\"En el marco del D\u00eda Internacional de la Mujer y la Ni\u00f1a en la Ciencia, que se conmemora cada 11 de febrero, la doctora Ruth Shady Sol\u00eds, directora de la Zona Arqueol\u00f3gica Caral, Unidad Ejecutora 003 del Ministerio de Cultura, participar\u00e1 en el conversatorio virtual y gratuito \u00abLa ciencia tendr\u00e1 m\u00e1s beneficio social cuanto m\u00e1s mujeres y ni\u00f1as participen\u00bb, organizado por la Academia Nacional de Ciencias del Per\u00fa (ANC).\" \/>\n<meta property=\"og:url\" content=\"https:\/\/zonacaral.gob.pe\/en\/noticias\/desde-febrero-regresan-los-viajes-culturales-a-la-ciudad-sagrada-de-caral-aspero-y-vichama\/\" \/>\n<meta property=\"og:site_name\" content=\"Zona Caral\" \/>\n<meta property=\"article:published_time\" content=\"2024-02-06T15:45:51+00:00\" \/>\n<meta property=\"og:image\" content=\"https:\/\/zonacaral.gob.pe\/wp-content\/uploads\/2024\/02\/V-E-FEBRERO-1.png\" \/>\n\t<meta property=\"og:image:width\" content=\"700\" \/>\n\t<meta property=\"og:image:height\" content=\"395\" \/>\n\t<meta property=\"og:image:type\" content=\"image\/png\" \/>\n<meta name=\"author\" content=\"Zona Caral Administrador\" \/>\n<meta name=\"twitter:card\" content=\"summary_large_image\" \/>\n<meta name=\"twitter:label1\" content=\"Written by\" \/>\n\t<meta name=\"twitter:data1\" content=\"Zona Caral Administrador\" \/>\n\t<meta name=\"twitter:label2\" content=\"Est. reading time\" \/>\n\t<meta name=\"twitter:data2\" content=\"2 minutes\" \/>\n<script type=\"application\/ld+json\" class=\"yoast-schema-graph\">{\"@context\":\"https:\\\/\\\/schema.org\",\"@graph\":[{\"@type\":\"Article\",\"@id\":\"https:\\\/\\\/zonacaral.gob.pe\\\/es\\\/noticias\\\/desde-febrero-regresan-los-viajes-culturales-a-la-ciudad-sagrada-de-caral-aspero-y-vichama\\\/#article\",\"isPartOf\":{\"@id\":\"https:\\\/\\\/zonacaral.gob.pe\\\/es\\\/noticias\\\/desde-febrero-regresan-los-viajes-culturales-a-la-ciudad-sagrada-de-caral-aspero-y-vichama\\\/\"},\"author\":{\"name\":\"Zona Caral Administrador\",\"@id\":\"https:\\\/\\\/zonacaral.gob.pe\\\/es\\\/#\\\/schema\\\/person\\\/beddb4d22f71a7230c5b90913270a0ee\"},\"headline\":\"Desde febrero regresan los Viajes Culturales a la Ciudad Sagrada de Caral, \u00c1spero y Vichama\",\"datePublished\":\"2024-02-06T15:45:51+00:00\",\"mainEntityOfPage\":{\"@id\":\"https:\\\/\\\/zonacaral.gob.pe\\\/es\\\/noticias\\\/desde-febrero-regresan-los-viajes-culturales-a-la-ciudad-sagrada-de-caral-aspero-y-vichama\\\/\"},\"wordCount\":488,\"image\":{\"@id\":\"https:\\\/\\\/zonacaral.gob.pe\\\/es\\\/noticias\\\/desde-febrero-regresan-los-viajes-culturales-a-la-ciudad-sagrada-de-caral-aspero-y-vichama\\\/#primaryimage\"},\"thumbnailUrl\":\"https:\\\/\\\/zonacaral.gob.pe\\\/wp-content\\\/uploads\\\/2024\\\/02\\\/V-E-FEBRERO-1.png\",\"keywords\":[\"caral\",\"Cultura\"],\"articleSection\":[\"noticias\"],\"inLanguage\":\"en-US\"},{\"@type\":\"WebPage\",\"@id\":\"https:\\\/\\\/zonacaral.gob.pe\\\/es\\\/noticias\\\/desde-febrero-regresan-los-viajes-culturales-a-la-ciudad-sagrada-de-caral-aspero-y-vichama\\\/\",\"url\":\"https:\\\/\\\/zonacaral.gob.pe\\\/es\\\/noticias\\\/desde-febrero-regresan-los-viajes-culturales-a-la-ciudad-sagrada-de-caral-aspero-y-vichama\\\/\",\"name\":\"Desde febrero regresan los Viajes Culturales a la Ciudad Sagrada de Caral, \u00c1spero y Vichama\",\"isPartOf\":{\"@id\":\"https:\\\/\\\/zonacaral.gob.pe\\\/es\\\/#website\"},\"primaryImageOfPage\":{\"@id\":\"https:\\\/\\\/zonacaral.gob.pe\\\/es\\\/noticias\\\/desde-febrero-regresan-los-viajes-culturales-a-la-ciudad-sagrada-de-caral-aspero-y-vichama\\\/#primaryimage\"},\"image\":{\"@id\":\"https:\\\/\\\/zonacaral.gob.pe\\\/es\\\/noticias\\\/desde-febrero-regresan-los-viajes-culturales-a-la-ciudad-sagrada-de-caral-aspero-y-vichama\\\/#primaryimage\"},\"thumbnailUrl\":\"https:\\\/\\\/zonacaral.gob.pe\\\/wp-content\\\/uploads\\\/2024\\\/02\\\/V-E-FEBRERO-1.png\",\"datePublished\":\"2024-02-06T15:45:51+00:00\",\"author\":{\"@id\":\"https:\\\/\\\/zonacaral.gob.pe\\\/es\\\/#\\\/schema\\\/person\\\/beddb4d22f71a7230c5b90913270a0ee\"},\"description\":\"En el marco del D\u00eda Internacional de la Mujer y la Ni\u00f1a en la Ciencia, que se conmemora cada 11 de febrero, la doctora Ruth Shady Sol\u00eds, directora de la Zona Arqueol\u00f3gica Caral, Unidad Ejecutora 003 del Ministerio de Cultura, participar\u00e1 en el conversatorio virtual y gratuito \u00abLa ciencia tendr\u00e1 m\u00e1s beneficio social cuanto m\u00e1s mujeres y ni\u00f1as participen\u00bb, organizado por la Academia Nacional de Ciencias del Per\u00fa (ANC).\",\"breadcrumb\":{\"@id\":\"https:\\\/\\\/zonacaral.gob.pe\\\/es\\\/noticias\\\/desde-febrero-regresan-los-viajes-culturales-a-la-ciudad-sagrada-de-caral-aspero-y-vichama\\\/#breadcrumb\"},\"inLanguage\":\"en-US\",\"potentialAction\":[{\"@type\":\"ReadAction\",\"target\":[\"https:\\\/\\\/zonacaral.gob.pe\\\/es\\\/noticias\\\/desde-febrero-regresan-los-viajes-culturales-a-la-ciudad-sagrada-de-caral-aspero-y-vichama\\\/\"]}]},{\"@type\":\"ImageObject\",\"inLanguage\":\"en-US\",\"@id\":\"https:\\\/\\\/zonacaral.gob.pe\\\/es\\\/noticias\\\/desde-febrero-regresan-los-viajes-culturales-a-la-ciudad-sagrada-de-caral-aspero-y-vichama\\\/#primaryimage\",\"url\":\"https:\\\/\\\/zonacaral.gob.pe\\\/wp-content\\\/uploads\\\/2024\\\/02\\\/V-E-FEBRERO-1.png\",\"contentUrl\":\"https:\\\/\\\/zonacaral.gob.pe\\\/wp-content\\\/uploads\\\/2024\\\/02\\\/V-E-FEBRERO-1.png\",\"width\":700,\"height\":395},{\"@type\":\"BreadcrumbList\",\"@id\":\"https:\\\/\\\/zonacaral.gob.pe\\\/es\\\/noticias\\\/desde-febrero-regresan-los-viajes-culturales-a-la-ciudad-sagrada-de-caral-aspero-y-vichama\\\/#breadcrumb\",\"itemListElement\":[{\"@type\":\"ListItem\",\"position\":1,\"name\":\"Portada\",\"item\":\"https:\\\/\\\/zonacaral.gob.pe\\\/\"},{\"@type\":\"ListItem\",\"position\":2,\"name\":\"Desde febrero regresan los Viajes Culturales a la Ciudad Sagrada de Caral, \u00c1spero y Vichama\"}]},{\"@type\":\"WebSite\",\"@id\":\"https:\\\/\\\/zonacaral.gob.pe\\\/es\\\/#website\",\"url\":\"https:\\\/\\\/zonacaral.gob.pe\\\/es\\\/\",\"name\":\"Zona Caral\",\"description\":\"Investigamos, conservamos y difundimos el patrimonio cultural de la Civilizaci\u00f3n Caral, la m\u00e1s antigua de Am\u00e9rica.\",\"potentialAction\":[{\"@type\":\"SearchAction\",\"target\":{\"@type\":\"EntryPoint\",\"urlTemplate\":\"https:\\\/\\\/zonacaral.gob.pe\\\/es\\\/?s={search_term_string}\"},\"query-input\":{\"@type\":\"PropertyValueSpecification\",\"valueRequired\":true,\"valueName\":\"search_term_string\"}}],\"inLanguage\":\"en-US\"},{\"@type\":\"Person\",\"@id\":\"https:\\\/\\\/zonacaral.gob.pe\\\/es\\\/#\\\/schema\\\/person\\\/beddb4d22f71a7230c5b90913270a0ee\",\"name\":\"Zona Caral Administrador\",\"image\":{\"@type\":\"ImageObject\",\"inLanguage\":\"en-US\",\"@id\":\"https:\\\/\\\/secure.gravatar.com\\\/avatar\\\/e4be162918a696358376de6446614e0f0f4062bdc5d170d6d540ada3d8b58c12?s=96&d=mm&r=g\",\"url\":\"https:\\\/\\\/secure.gravatar.com\\\/avatar\\\/e4be162918a696358376de6446614e0f0f4062bdc5d170d6d540ada3d8b58c12?s=96&d=mm&r=g\",\"contentUrl\":\"https:\\\/\\\/secure.gravatar.com\\\/avatar\\\/e4be162918a696358376de6446614e0f0f4062bdc5d170d6d540ada3d8b58c12?s=96&d=mm&r=g\",\"caption\":\"Zona Caral Administrador\"},\"sameAs\":[\"https:\\\/\\\/zonacaral.gob.pe\"],\"url\":\"https:\\\/\\\/zonacaral.gob.pe\\\/en\\\/noticias\\\/author\\\/ad_zonacaral\\\/\"}]}<\/script>\n<!-- \/ Yoast SEO plugin. -->","yoast_head_json":{"title":"Desde febrero regresan los Viajes Culturales a la Ciudad Sagrada de Caral, \u00c1spero y Vichama","description":"En el marco del D\u00eda Internacional de la Mujer y la Ni\u00f1a en la Ciencia, que se conmemora cada 11 de febrero, la doctora Ruth Shady Sol\u00eds, directora de la Zona Arqueol\u00f3gica Caral, Unidad Ejecutora 003 del Ministerio de Cultura, participar\u00e1 en el conversatorio virtual y gratuito \u00abLa ciencia tendr\u00e1 m\u00e1s beneficio social cuanto m\u00e1s mujeres y ni\u00f1as participen\u00bb, organizado por la Academia Nacional de Ciencias del Per\u00fa (ANC).","robots":{"index":"index","follow":"follow","max-snippet":"max-snippet:-1","max-image-preview":"max-image-preview:large","max-video-preview":"max-video-preview:-1"},"canonical":"https:\/\/zonacaral.gob.pe\/en\/noticias\/desde-febrero-regresan-los-viajes-culturales-a-la-ciudad-sagrada-de-caral-aspero-y-vichama\/","og_locale":"en_US","og_type":"article","og_title":"Desde febrero regresan los Viajes Culturales a la Ciudad Sagrada de Caral, \u00c1spero y Vichama","og_description":"En el marco del D\u00eda Internacional de la Mujer y la Ni\u00f1a en la Ciencia, que se conmemora cada 11 de febrero, la doctora Ruth Shady Sol\u00eds, directora de la Zona Arqueol\u00f3gica Caral, Unidad Ejecutora 003 del Ministerio de Cultura, participar\u00e1 en el conversatorio virtual y gratuito \u00abLa ciencia tendr\u00e1 m\u00e1s beneficio social cuanto m\u00e1s mujeres y ni\u00f1as participen\u00bb, organizado por la Academia Nacional de Ciencias del Per\u00fa (ANC).","og_url":"https:\/\/zonacaral.gob.pe\/en\/noticias\/desde-febrero-regresan-los-viajes-culturales-a-la-ciudad-sagrada-de-caral-aspero-y-vichama\/","og_site_name":"Zona Caral","article_published_time":"2024-02-06T15:45:51+00:00","og_image":[{"width":700,"height":395,"url":"https:\/\/zonacaral.gob.pe\/wp-content\/uploads\/2024\/02\/V-E-FEBRERO-1.png","type":"image\/png"}],"author":"Zona Caral Administrador","twitter_card":"summary_large_image","twitter_misc":{"Written by":"Zona Caral Administrador","Est. reading time":"2 minutes"},"schema":{"@context":"https:\/\/schema.org","@graph":[{"@type":"Article","@id":"https:\/\/zonacaral.gob.pe\/es\/noticias\/desde-febrero-regresan-los-viajes-culturales-a-la-ciudad-sagrada-de-caral-aspero-y-vichama\/#article","isPartOf":{"@id":"https:\/\/zonacaral.gob.pe\/es\/noticias\/desde-febrero-regresan-los-viajes-culturales-a-la-ciudad-sagrada-de-caral-aspero-y-vichama\/"},"author":{"name":"Zona Caral Administrador","@id":"https:\/\/zonacaral.gob.pe\/es\/#\/schema\/person\/beddb4d22f71a7230c5b90913270a0ee"},"headline":"Desde febrero regresan los Viajes Culturales a la Ciudad Sagrada de Caral, \u00c1spero y Vichama","datePublished":"2024-02-06T15:45:51+00:00","mainEntityOfPage":{"@id":"https:\/\/zonacaral.gob.pe\/es\/noticias\/desde-febrero-regresan-los-viajes-culturales-a-la-ciudad-sagrada-de-caral-aspero-y-vichama\/"},"wordCount":488,"image":{"@id":"https:\/\/zonacaral.gob.pe\/es\/noticias\/desde-febrero-regresan-los-viajes-culturales-a-la-ciudad-sagrada-de-caral-aspero-y-vichama\/#primaryimage"},"thumbnailUrl":"https:\/\/zonacaral.gob.pe\/wp-content\/uploads\/2024\/02\/V-E-FEBRERO-1.png","keywords":["caral","Cultura"],"articleSection":["noticias"],"inLanguage":"en-US"},{"@type":"WebPage","@id":"https:\/\/zonacaral.gob.pe\/es\/noticias\/desde-febrero-regresan-los-viajes-culturales-a-la-ciudad-sagrada-de-caral-aspero-y-vichama\/","url":"https:\/\/zonacaral.gob.pe\/es\/noticias\/desde-febrero-regresan-los-viajes-culturales-a-la-ciudad-sagrada-de-caral-aspero-y-vichama\/","name":"Desde febrero regresan los Viajes Culturales a la Ciudad Sagrada de Caral, \u00c1spero y Vichama","isPartOf":{"@id":"https:\/\/zonacaral.gob.pe\/es\/#website"},"primaryImageOfPage":{"@id":"https:\/\/zonacaral.gob.pe\/es\/noticias\/desde-febrero-regresan-los-viajes-culturales-a-la-ciudad-sagrada-de-caral-aspero-y-vichama\/#primaryimage"},"image":{"@id":"https:\/\/zonacaral.gob.pe\/es\/noticias\/desde-febrero-regresan-los-viajes-culturales-a-la-ciudad-sagrada-de-caral-aspero-y-vichama\/#primaryimage"},"thumbnailUrl":"https:\/\/zonacaral.gob.pe\/wp-content\/uploads\/2024\/02\/V-E-FEBRERO-1.png","datePublished":"2024-02-06T15:45:51+00:00","author":{"@id":"https:\/\/zonacaral.gob.pe\/es\/#\/schema\/person\/beddb4d22f71a7230c5b90913270a0ee"},"description":"En el marco del D\u00eda Internacional de la Mujer y la Ni\u00f1a en la Ciencia, que se conmemora cada 11 de febrero, la doctora Ruth Shady Sol\u00eds, directora de la Zona Arqueol\u00f3gica Caral, Unidad Ejecutora 003 del Ministerio de Cultura, participar\u00e1 en el conversatorio virtual y gratuito \u00abLa ciencia tendr\u00e1 m\u00e1s beneficio social cuanto m\u00e1s mujeres y ni\u00f1as participen\u00bb, organizado por la Academia Nacional de Ciencias del Per\u00fa (ANC).","breadcrumb":{"@id":"https:\/\/zonacaral.gob.pe\/es\/noticias\/desde-febrero-regresan-los-viajes-culturales-a-la-ciudad-sagrada-de-caral-aspero-y-vichama\/#breadcrumb"},"inLanguage":"en-US","potentialAction":[{"@type":"ReadAction","target":["https:\/\/zonacaral.gob.pe\/es\/noticias\/desde-febrero-regresan-los-viajes-culturales-a-la-ciudad-sagrada-de-caral-aspero-y-vichama\/"]}]},{"@type":"ImageObject","inLanguage":"en-US","@id":"https:\/\/zonacaral.gob.pe\/es\/noticias\/desde-febrero-regresan-los-viajes-culturales-a-la-ciudad-sagrada-de-caral-aspero-y-vichama\/#primaryimage","url":"https:\/\/zonacaral.gob.pe\/wp-content\/uploads\/2024\/02\/V-E-FEBRERO-1.png","contentUrl":"https:\/\/zonacaral.gob.pe\/wp-content\/uploads\/2024\/02\/V-E-FEBRERO-1.png","width":700,"height":395},{"@type":"BreadcrumbList","@id":"https:\/\/zonacaral.gob.pe\/es\/noticias\/desde-febrero-regresan-los-viajes-culturales-a-la-ciudad-sagrada-de-caral-aspero-y-vichama\/#breadcrumb","itemListElement":[{"@type":"ListItem","position":1,"name":"Portada","item":"https:\/\/zonacaral.gob.pe\/"},{"@type":"ListItem","position":2,"name":"Desde febrero regresan los Viajes Culturales a la Ciudad Sagrada de Caral, \u00c1spero y Vichama"}]},{"@type":"WebSite","@id":"https:\/\/zonacaral.gob.pe\/es\/#website","url":"https:\/\/zonacaral.gob.pe\/es\/","name":"Zona Caral","description":"Investigamos, conservamos y difundimos el patrimonio cultural de la Civilizaci\u00f3n Caral, la m\u00e1s antigua de Am\u00e9rica.","potentialAction":[{"@type":"SearchAction","target":{"@type":"EntryPoint","urlTemplate":"https:\/\/zonacaral.gob.pe\/es\/?s={search_term_string}"},"query-input":{"@type":"PropertyValueSpecification","valueRequired":true,"valueName":"search_term_string"}}],"inLanguage":"en-US"},{"@type":"Person","@id":"https:\/\/zonacaral.gob.pe\/es\/#\/schema\/person\/beddb4d22f71a7230c5b90913270a0ee","name":"Zona Caral Administrador","image":{"@type":"ImageObject","inLanguage":"en-US","@id":"https:\/\/secure.gravatar.com\/avatar\/e4be162918a696358376de6446614e0f0f4062bdc5d170d6d540ada3d8b58c12?s=96&d=mm&r=g","url":"https:\/\/secure.gravatar.com\/avatar\/e4be162918a696358376de6446614e0f0f4062bdc5d170d6d540ada3d8b58c12?s=96&d=mm&r=g","contentUrl":"https:\/\/secure.gravatar.com\/avatar\/e4be162918a696358376de6446614e0f0f4062bdc5d170d6d540ada3d8b58c12?s=96&d=mm&r=g","caption":"Zona Caral Administrador"},"sameAs":["https:\/\/zonacaral.gob.pe"],"url":"https:\/\/zonacaral.gob.pe\/en\/noticias\/author\/ad_zonacaral\/"}]}},"_links":{"self":[{"href":"https:\/\/zonacaral.gob.pe\/en\/wp-json\/wp\/v2\/posts\/17420","targetHints":{"allow":["GET"]}}],"collection":[{"href":"https:\/\/zonacaral.gob.pe\/en\/wp-json\/wp\/v2\/posts"}],"about":[{"href":"https:\/\/zonacaral.gob.pe\/en\/wp-json\/wp\/v2\/types\/post"}],"author":[{"embeddable":true,"href":"https:\/\/zonacaral.gob.pe\/en\/wp-json\/wp\/v2\/users\/1"}],"replies":[{"embeddable":true,"href":"https:\/\/zonacaral.gob.pe\/en\/wp-json\/wp\/v2\/comments?post=17420"}],"version-history":[{"count":0,"href":"https:\/\/zonacaral.gob.pe\/en\/wp-json\/wp\/v2\/posts\/17420\/revisions"}],"wp:featuredmedia":[{"embeddable":true,"href":"https:\/\/zonacaral.gob.pe\/en\/wp-json\/wp\/v2\/media\/17425"}],"wp:attachment":[{"href":"https:\/\/zonacaral.gob.pe\/en\/wp-json\/wp\/v2\/media?parent=17420"}],"wp:term":[{"taxonomy":"category","embeddable":true,"href":"https:\/\/zonacaral.gob.pe\/en\/wp-json\/wp\/v2\/categories?post=17420"},{"taxonomy":"post_tag","embeddable":true,"href":"https:\/\/zonacaral.gob.pe\/en\/wp-json\/wp\/v2\/tags?post=17420"}],"curies":[{"name":"wp","href":"https:\/\/api.w.org\/{rel}","templated":true}]}}