{"id":17472,"date":"2024-03-01T15:43:51","date_gmt":"2024-03-01T20:43:51","guid":{"rendered":"https:\/\/www.zonacaral.gob.pe\/?p=17472"},"modified":"2024-03-01T15:43:51","modified_gmt":"2024-03-01T20:43:51","slug":"despide-las-vacaciones-ingresando-gratis-a-la-ciudad-sagrada-de-caral-aspero-y-vichama","status":"publish","type":"post","link":"https:\/\/zonacaral.gob.pe\/en\/noticias\/despide-las-vacaciones-ingresando-gratis-a-la-ciudad-sagrada-de-caral-aspero-y-vichama\/","title":{"rendered":"Despide las vacaciones ingresando gratis a la Ciudad Sagrada de Caral, \u00c1spero y Vichama"},"content":{"rendered":"<figure class=\"pic-autor\" style=\"color: #4d4d4d; text-align: justify;\"><\/figure>\n<div class=\"gmail_default\" style=\"text-align: justify;\">\n<blockquote>\n<p><i><span style=\"font-weight: 400;\">Patrimonio arqueol\u00f3gico y naturaleza en un solo lugar.<\/span><\/i><\/p>\n<\/blockquote>\n<p><span style=\"font-weight: 400;\">Las vacaciones para los ni\u00f1os y j\u00f3venes est\u00e1n por llegar a su fin, para pronto iniciar un nuevo a\u00f1o de estudios, por ello la <\/span><a href=\"https:\/\/www.instagram.com\/caralperu\/?hl=es\"><span style=\"font-weight: 400;\">Zona Arqueol\u00f3gica Caral<\/span><\/a><span style=\"font-weight: 400;\">, Unidad Ejecutora 003 del Ministerio de Cultura, promueve el ingreso gratuito a los sitios arqueol\u00f3gicos <\/span><a href=\"https:\/\/www.zonacaral.gob.pe\/ruta-caral\/ciudad-sagrada-de-caral.html\"><span style=\"font-weight: 400;\">Sacred City of Caral<\/span><\/a><span style=\"font-weight: 400;\">, Patrimonio Mundial, <\/span><a href=\"https:\/\/www.zonacaral.gob.pe\/ruta-caral\/aspero.html\"><span style=\"font-weight: 400;\">\u00c1spero<\/span><\/a><span style=\"font-weight: 400;\"> y <\/span><a href=\"https:\/\/www.zonacaral.gob.pe\/ruta-caral\/vichama.html\"><span style=\"font-weight: 400;\">Vichama<\/span><\/a><span style=\"font-weight: 400;\">, solo este domingo 3 de marzo.<\/span><\/p>\n<p><span style=\"font-weight: 400;\">Cabe recordar que el \u00fanico pago a realizar en estos lugares es de 20 soles, por grupos de 10 personas (dos soles por cada uno), el cual se hace a los int\u00e9rpretes del patrimonio cultural, quienes se encargan de acompa\u00f1ar a los visitantes transmitiendo la historia social y cultural recuperada en 30 a\u00f1os de investigaciones sobre la Civilizaci\u00f3n Caral.<\/span><\/p>\n<p><span style=\"font-weight: 400;\">Asimismo, se pide tener presente que el horario de ingreso a estos asentamientos arqueol\u00f3gicos -que conforman la <\/span><a href=\"https:\/\/zonacaral.gob.pe\/en\/ruta-caral\/\"><span style=\"font-weight: 400;\">Caral Route<\/span><\/a><span style=\"font-weight: 400;\">&#8211; es de lunes a domingo, incluyendo d\u00edas feriados, a partir de las 9:00 a. m. hasta las 5:00 p.m.; sin embargo, se recomienda llegar una hora antes del cierre para evitar inconvenientes con el proceso de protecci\u00f3n del monumento que realizan los arque\u00f3logos de campo.<\/span><\/p>\n<p><span style=\"font-weight: 400;\">Este beneficio se realiza con el fin de incentivar el turismo en el \u00e1rea norcentral del pa\u00eds, seg\u00fan Ley N\u00b0 30599, que permite el ingreso gratuito a los asentamientos arqueol\u00f3gicos de Caral y museos comunitarios de Supe y de V\u00e9gueta, solo el primer domingo de cada mes.<\/span><\/p>\n<p><a href=\"https:\/\/www.zonacaral.gob.pe\/ruta-caral\/viajes-culturales.html\"><b>VIAJES CULTURALES<\/b><\/a><\/p>\n<p><span style=\"font-weight: 400;\">Una opci\u00f3n para llegar a conocer estos milenarios sitios es participando del programa \u201cViajes Culturales\u201d que promueve la <\/span><a href=\"https:\/\/www.instagram.com\/caralperu\/?hl=es\"><span style=\"font-weight: 400;\">Zona Arqueol\u00f3gica Caral<\/span><\/a><span style=\"font-weight: 400;\">, el cual, adem\u00e1s de llevarte a conocer las pir\u00e1mides de Caral, a descubrir los conocimientos que produjeron y c\u00f3mo fue la sociedad que las habit\u00f3, hace cinco mil a\u00f1os, busca contribuir con el desarrollo socioecon\u00f3mico de las provincias de Barranca y Huaura.<\/span><\/p>\n<p><b>Programa de marzo<\/b><\/p>\n<p><span style=\"font-weight: 400;\">En este mes los amantes de nuestra cultura tienen las siguientes alternativas:<\/span><\/p>\n<ul>\n<li><b>S\u00e1bado, 9 de marzo:<\/b> <i><span style=\"font-weight: 400;\">Caral y Vichama \u00abTras las huellas del cambio clim\u00e1tico en la civilizaci\u00f3n Caral\u00bb.<\/span><\/i><\/li>\n<li><b>Domingo, 17 de marzo:<\/b> <i><span style=\"font-weight: 400;\">Caral y \u00c1spero \u00abRedescubre el Bosque de Huarangos y el litoral milenario\u00bb.<\/span><\/i><\/li>\n<li><b>Viernes, 29 de marzo<\/b><span style=\"font-weight: 400;\">: <\/span><i><span style=\"font-weight: 400;\">Caral y \u00c1spero \u00abRedescubre el Bosque de Huarangos y el litoral milenario\u00bb.<\/span><\/i><\/li>\n<li><b>S\u00e1bado, 30 de marzo:<\/b> <i><span style=\"font-weight: 400;\">Caral y Vichama \u00abTras las huellas del cambio clim\u00e1tico en la civilizaci\u00f3n Caral\u00bb.<\/span><\/i><\/li>\n<\/ul>\n<p><b>SALIDA ESPECIAL\u00a0 POR SEMANA SANTA<\/b><\/p>\n<p><span style=\"font-weight: 400;\">Y, en el primer feriado largo del a\u00f1o, el 29 y 30 de marzo, participa del: <\/span><i><span style=\"font-weight: 400;\">\u00abCampamento por Semana Santa en la Ciudad Sagrada de Caral e integraci\u00f3n de \u00c1spero y Vichama\u00bb.<\/span><\/i><\/p>\n<p><span style=\"font-weight: 400;\">Inscripciones abiertas (cupos limitados):<\/span><a href=\"https:\/\/bit.ly\/ViajesCulturales2024?fbclid=IwAR1W4XEU_k3qIK3Hv9ONghyFGu05RosViU8gonEE_rrglqWWepevs-gbMKw\"> <span style=\"font-weight: 400;\">https:\/\/bit.ly\/ViajesCulturales2024<\/span><\/a><\/p>\n<p><span style=\"font-weight: 400;\">M\u00e1s informaci\u00f3n al WhatsApp: <a href=\"https:\/\/api.whatsapp.com\/message\/EJFL5LRNIHH2C1?autoload=1&amp;app_absent=0\">955 881 340<\/a><\/span><\/p>\n<p><span style=\"color: #850707;\"><strong style=\"font-size: inherit; text-align: justify;\">Fuente: Comunicaci\u00f3n e Imagen Institucional ZAC<\/strong><\/span><\/p>\n<\/div>\n<div style=\"color: #1f1f1f;\">\n<div style=\"color: #1f1f1f;\">\n<p style=\"text-align: justify;\">Fecha de publicaci\u00f3n: 01\/03\/2024<\/p>\n<\/div>\n<\/div>\n\n\n<p><\/p>","protected":false},"excerpt":{"rendered":"<p>Patrimonio arqueol\u00f3gico y naturaleza en un solo lugar. Las vacaciones para los ni\u00f1os y j\u00f3venes est\u00e1n por llegar a su [&hellip;]<\/p>\n","protected":false},"author":1,"featured_media":17483,"comment_status":"closed","ping_status":"open","sticky":false,"template":"","format":"standard","meta":{"_acf_changed":false,"site-sidebar-layout":"default","site-content-layout":"","ast-site-content-layout":"default","site-content-style":"default","site-sidebar-style":"default","ast-global-header-display":"","ast-banner-title-visibility":"","ast-main-header-display":"","ast-hfb-above-header-display":"","ast-hfb-below-header-display":"","ast-hfb-mobile-header-display":"","site-post-title":"","ast-breadcrumbs-content":"","ast-featured-img":"","footer-sml-layout":"","ast-disable-related-posts":"","theme-transparent-header-meta":"","adv-header-id-meta":"","stick-header-meta":"","header-above-stick-meta":"","header-main-stick-meta":"","header-below-stick-meta":"","astra-migrate-meta-layouts":"default","ast-page-background-enabled":"default","ast-page-background-meta":{"desktop":{"background-color":"var(--ast-global-color-5)","background-image":"","background-repeat":"repeat","background-position":"center center","background-size":"auto","background-attachment":"scroll","background-type":"","background-media":"","overlay-type":"","overlay-color":"","overlay-opacity":"","overlay-gradient":""},"tablet":{"background-color":"","background-image":"","background-repeat":"repeat","background-position":"center center","background-size":"auto","background-attachment":"scroll","background-type":"","background-media":"","overlay-type":"","overlay-color":"","overlay-opacity":"","overlay-gradient":""},"mobile":{"background-color":"","background-image":"","background-repeat":"repeat","background-position":"center center","background-size":"auto","background-attachment":"scroll","background-type":"","background-media":"","overlay-type":"","overlay-color":"","overlay-opacity":"","overlay-gradient":""}},"ast-content-background-meta":{"desktop":{"background-color":"var(--ast-global-color-4)","background-image":"","background-repeat":"repeat","background-position":"center center","background-size":"auto","background-attachment":"scroll","background-type":"","background-media":"","overlay-type":"","overlay-color":"","overlay-opacity":"","overlay-gradient":""},"tablet":{"background-color":"var(--ast-global-color-4)","background-image":"","background-repeat":"repeat","background-position":"center center","background-size":"auto","background-attachment":"scroll","background-type":"","background-media":"","overlay-type":"","overlay-color":"","overlay-opacity":"","overlay-gradient":""},"mobile":{"background-color":"var(--ast-global-color-4)","background-image":"","background-repeat":"repeat","background-position":"center center","background-size":"auto","background-attachment":"scroll","background-type":"","background-media":"","overlay-type":"","overlay-color":"","overlay-opacity":"","overlay-gradient":""}},"footnotes":""},"categories":[208],"tags":[55,72],"class_list":["post-17472","post","type-post","status-publish","format-standard","has-post-thumbnail","hentry","category-noticias","tag-caral","tag-cultura"],"acf":[],"yoast_head":"<!-- This site is optimized with the Yoast SEO plugin v27.3 - https:\/\/yoast.com\/product\/yoast-seo-wordpress\/ -->\n<title>Despide las vacaciones ingresando gratis a la Ciudad Sagrada de Caral, \u00c1spero y Vichama<\/title>\n<meta name=\"description\" content=\"Las vacaciones para los ni\u00f1os y j\u00f3venes est\u00e1n por llegar a su fin, para pronto iniciar un nuevo a\u00f1o de estudios, por ello la Zona Arqueol\u00f3gica Caral, Unidad Ejecutora 003 del Ministerio de Cultura, promueve el ingreso gratuito a los sitios arqueol\u00f3gicos Ciudad Sagrada de Caral, Patrimonio Mundial, \u00c1spero y Vichama, solo este domingo 3 de marzo.Este 8 de marzo, en el D\u00eda Internacional de la Mujer, la doctora Ruth Shady Sol\u00eds, directora de la Zona Arqueol\u00f3gica Caral, Unidad Ejecutora 003 del Ministerio de Cultura, participar\u00e1 en la conferencia virtual y gratuita, titulada \u201cLa Importancia de Revalorar el Rol de la Mujer Peruana\u201d, junto a destacadas profesionales del Per\u00fa: del norte, centro, sur y oriente.\" \/>\n<meta name=\"robots\" content=\"index, follow, max-snippet:-1, max-image-preview:large, max-video-preview:-1\" \/>\n<link rel=\"canonical\" href=\"https:\/\/zonacaral.gob.pe\/en\/noticias\/despide-las-vacaciones-ingresando-gratis-a-la-ciudad-sagrada-de-caral-aspero-y-vichama\/\" \/>\n<meta property=\"og:locale\" content=\"en_US\" \/>\n<meta property=\"og:type\" content=\"article\" \/>\n<meta property=\"og:title\" content=\"Despide las vacaciones ingresando gratis a la Ciudad Sagrada de Caral, \u00c1spero y Vichama\" \/>\n<meta property=\"og:description\" content=\"Las vacaciones para los ni\u00f1os y j\u00f3venes est\u00e1n por llegar a su fin, para pronto iniciar un nuevo a\u00f1o de estudios, por ello la Zona Arqueol\u00f3gica Caral, Unidad Ejecutora 003 del Ministerio de Cultura, promueve el ingreso gratuito a los sitios arqueol\u00f3gicos Ciudad Sagrada de Caral, Patrimonio Mundial, \u00c1spero y Vichama, solo este domingo 3 de marzo.Este 8 de marzo, en el D\u00eda Internacional de la Mujer, la doctora Ruth Shady Sol\u00eds, directora de la Zona Arqueol\u00f3gica Caral, Unidad Ejecutora 003 del Ministerio de Cultura, participar\u00e1 en la conferencia virtual y gratuita, titulada \u201cLa Importancia de Revalorar el Rol de la Mujer Peruana\u201d, junto a destacadas profesionales del Per\u00fa: del norte, centro, sur y oriente.\" \/>\n<meta property=\"og:url\" content=\"https:\/\/zonacaral.gob.pe\/en\/noticias\/despide-las-vacaciones-ingresando-gratis-a-la-ciudad-sagrada-de-caral-aspero-y-vichama\/\" \/>\n<meta property=\"og:site_name\" content=\"Zona Caral\" \/>\n<meta property=\"article:published_time\" content=\"2024-03-01T20:43:51+00:00\" \/>\n<meta property=\"og:image\" content=\"https:\/\/zonacaral.gob.pe\/wp-content\/uploads\/2024\/03\/INGRESO_GRATIS_MARZO_1.png\" \/>\n\t<meta property=\"og:image:width\" content=\"700\" \/>\n\t<meta property=\"og:image:height\" content=\"395\" \/>\n\t<meta property=\"og:image:type\" content=\"image\/png\" \/>\n<meta name=\"author\" content=\"Zona Caral Administrador\" \/>\n<meta name=\"twitter:card\" content=\"summary_large_image\" \/>\n<meta name=\"twitter:label1\" content=\"Written by\" \/>\n\t<meta name=\"twitter:data1\" content=\"Zona Caral Administrador\" \/>\n\t<meta name=\"twitter:label2\" content=\"Est. reading time\" \/>\n\t<meta name=\"twitter:data2\" content=\"2 minutes\" \/>\n<script type=\"application\/ld+json\" class=\"yoast-schema-graph\">{\"@context\":\"https:\\\/\\\/schema.org\",\"@graph\":[{\"@type\":\"Article\",\"@id\":\"https:\\\/\\\/zonacaral.gob.pe\\\/es\\\/noticias\\\/despide-las-vacaciones-ingresando-gratis-a-la-ciudad-sagrada-de-caral-aspero-y-vichama\\\/#article\",\"isPartOf\":{\"@id\":\"https:\\\/\\\/zonacaral.gob.pe\\\/es\\\/noticias\\\/despide-las-vacaciones-ingresando-gratis-a-la-ciudad-sagrada-de-caral-aspero-y-vichama\\\/\"},\"author\":{\"name\":\"Zona Caral Administrador\",\"@id\":\"https:\\\/\\\/zonacaral.gob.pe\\\/es\\\/#\\\/schema\\\/person\\\/beddb4d22f71a7230c5b90913270a0ee\"},\"headline\":\"Despide las vacaciones ingresando gratis a la Ciudad Sagrada de Caral, \u00c1spero y Vichama\",\"datePublished\":\"2024-03-01T20:43:51+00:00\",\"mainEntityOfPage\":{\"@id\":\"https:\\\/\\\/zonacaral.gob.pe\\\/es\\\/noticias\\\/despide-las-vacaciones-ingresando-gratis-a-la-ciudad-sagrada-de-caral-aspero-y-vichama\\\/\"},\"wordCount\":479,\"image\":{\"@id\":\"https:\\\/\\\/zonacaral.gob.pe\\\/es\\\/noticias\\\/despide-las-vacaciones-ingresando-gratis-a-la-ciudad-sagrada-de-caral-aspero-y-vichama\\\/#primaryimage\"},\"thumbnailUrl\":\"https:\\\/\\\/zonacaral.gob.pe\\\/wp-content\\\/uploads\\\/2024\\\/03\\\/INGRESO_GRATIS_MARZO_1.png\",\"keywords\":[\"caral\",\"Cultura\"],\"articleSection\":[\"noticias\"],\"inLanguage\":\"en-US\"},{\"@type\":\"WebPage\",\"@id\":\"https:\\\/\\\/zonacaral.gob.pe\\\/es\\\/noticias\\\/despide-las-vacaciones-ingresando-gratis-a-la-ciudad-sagrada-de-caral-aspero-y-vichama\\\/\",\"url\":\"https:\\\/\\\/zonacaral.gob.pe\\\/es\\\/noticias\\\/despide-las-vacaciones-ingresando-gratis-a-la-ciudad-sagrada-de-caral-aspero-y-vichama\\\/\",\"name\":\"Despide las vacaciones ingresando gratis a la Ciudad Sagrada de Caral, \u00c1spero y Vichama\",\"isPartOf\":{\"@id\":\"https:\\\/\\\/zonacaral.gob.pe\\\/es\\\/#website\"},\"primaryImageOfPage\":{\"@id\":\"https:\\\/\\\/zonacaral.gob.pe\\\/es\\\/noticias\\\/despide-las-vacaciones-ingresando-gratis-a-la-ciudad-sagrada-de-caral-aspero-y-vichama\\\/#primaryimage\"},\"image\":{\"@id\":\"https:\\\/\\\/zonacaral.gob.pe\\\/es\\\/noticias\\\/despide-las-vacaciones-ingresando-gratis-a-la-ciudad-sagrada-de-caral-aspero-y-vichama\\\/#primaryimage\"},\"thumbnailUrl\":\"https:\\\/\\\/zonacaral.gob.pe\\\/wp-content\\\/uploads\\\/2024\\\/03\\\/INGRESO_GRATIS_MARZO_1.png\",\"datePublished\":\"2024-03-01T20:43:51+00:00\",\"author\":{\"@id\":\"https:\\\/\\\/zonacaral.gob.pe\\\/es\\\/#\\\/schema\\\/person\\\/beddb4d22f71a7230c5b90913270a0ee\"},\"description\":\"Las vacaciones para los ni\u00f1os y j\u00f3venes est\u00e1n por llegar a su fin, para pronto iniciar un nuevo a\u00f1o de estudios, por ello la Zona Arqueol\u00f3gica Caral, Unidad Ejecutora 003 del Ministerio de Cultura, promueve el ingreso gratuito a los sitios arqueol\u00f3gicos Ciudad Sagrada de Caral, Patrimonio Mundial, \u00c1spero y Vichama, solo este domingo 3 de marzo.Este 8 de marzo, en el D\u00eda Internacional de la Mujer, la doctora Ruth Shady Sol\u00eds, directora de la Zona Arqueol\u00f3gica Caral, Unidad Ejecutora 003 del Ministerio de Cultura, participar\u00e1 en la conferencia virtual y gratuita, titulada \u201cLa Importancia de Revalorar el Rol de la Mujer Peruana\u201d, junto a destacadas profesionales del Per\u00fa: del norte, centro, sur y oriente.\",\"breadcrumb\":{\"@id\":\"https:\\\/\\\/zonacaral.gob.pe\\\/es\\\/noticias\\\/despide-las-vacaciones-ingresando-gratis-a-la-ciudad-sagrada-de-caral-aspero-y-vichama\\\/#breadcrumb\"},\"inLanguage\":\"en-US\",\"potentialAction\":[{\"@type\":\"ReadAction\",\"target\":[\"https:\\\/\\\/zonacaral.gob.pe\\\/es\\\/noticias\\\/despide-las-vacaciones-ingresando-gratis-a-la-ciudad-sagrada-de-caral-aspero-y-vichama\\\/\"]}]},{\"@type\":\"ImageObject\",\"inLanguage\":\"en-US\",\"@id\":\"https:\\\/\\\/zonacaral.gob.pe\\\/es\\\/noticias\\\/despide-las-vacaciones-ingresando-gratis-a-la-ciudad-sagrada-de-caral-aspero-y-vichama\\\/#primaryimage\",\"url\":\"https:\\\/\\\/zonacaral.gob.pe\\\/wp-content\\\/uploads\\\/2024\\\/03\\\/INGRESO_GRATIS_MARZO_1.png\",\"contentUrl\":\"https:\\\/\\\/zonacaral.gob.pe\\\/wp-content\\\/uploads\\\/2024\\\/03\\\/INGRESO_GRATIS_MARZO_1.png\",\"width\":700,\"height\":395},{\"@type\":\"BreadcrumbList\",\"@id\":\"https:\\\/\\\/zonacaral.gob.pe\\\/es\\\/noticias\\\/despide-las-vacaciones-ingresando-gratis-a-la-ciudad-sagrada-de-caral-aspero-y-vichama\\\/#breadcrumb\",\"itemListElement\":[{\"@type\":\"ListItem\",\"position\":1,\"name\":\"Portada\",\"item\":\"https:\\\/\\\/zonacaral.gob.pe\\\/\"},{\"@type\":\"ListItem\",\"position\":2,\"name\":\"Despide las vacaciones ingresando gratis a la Ciudad Sagrada de Caral, \u00c1spero y Vichama\"}]},{\"@type\":\"WebSite\",\"@id\":\"https:\\\/\\\/zonacaral.gob.pe\\\/es\\\/#website\",\"url\":\"https:\\\/\\\/zonacaral.gob.pe\\\/es\\\/\",\"name\":\"Zona Caral\",\"description\":\"Investigamos, conservamos y difundimos el patrimonio cultural de la Civilizaci\u00f3n Caral, la m\u00e1s antigua de Am\u00e9rica.\",\"potentialAction\":[{\"@type\":\"SearchAction\",\"target\":{\"@type\":\"EntryPoint\",\"urlTemplate\":\"https:\\\/\\\/zonacaral.gob.pe\\\/es\\\/?s={search_term_string}\"},\"query-input\":{\"@type\":\"PropertyValueSpecification\",\"valueRequired\":true,\"valueName\":\"search_term_string\"}}],\"inLanguage\":\"en-US\"},{\"@type\":\"Person\",\"@id\":\"https:\\\/\\\/zonacaral.gob.pe\\\/es\\\/#\\\/schema\\\/person\\\/beddb4d22f71a7230c5b90913270a0ee\",\"name\":\"Zona Caral Administrador\",\"image\":{\"@type\":\"ImageObject\",\"inLanguage\":\"en-US\",\"@id\":\"https:\\\/\\\/secure.gravatar.com\\\/avatar\\\/e4be162918a696358376de6446614e0f0f4062bdc5d170d6d540ada3d8b58c12?s=96&d=mm&r=g\",\"url\":\"https:\\\/\\\/secure.gravatar.com\\\/avatar\\\/e4be162918a696358376de6446614e0f0f4062bdc5d170d6d540ada3d8b58c12?s=96&d=mm&r=g\",\"contentUrl\":\"https:\\\/\\\/secure.gravatar.com\\\/avatar\\\/e4be162918a696358376de6446614e0f0f4062bdc5d170d6d540ada3d8b58c12?s=96&d=mm&r=g\",\"caption\":\"Zona Caral Administrador\"},\"sameAs\":[\"https:\\\/\\\/zonacaral.gob.pe\"],\"url\":\"https:\\\/\\\/zonacaral.gob.pe\\\/en\\\/noticias\\\/author\\\/ad_zonacaral\\\/\"}]}<\/script>\n<!-- \/ Yoast SEO plugin. -->","yoast_head_json":{"title":"Despide las vacaciones ingresando gratis a la Ciudad Sagrada de Caral, \u00c1spero y Vichama","description":"Las vacaciones para los ni\u00f1os y j\u00f3venes est\u00e1n por llegar a su fin, para pronto iniciar un nuevo a\u00f1o de estudios, por ello la Zona Arqueol\u00f3gica Caral, Unidad Ejecutora 003 del Ministerio de Cultura, promueve el ingreso gratuito a los sitios arqueol\u00f3gicos Ciudad Sagrada de Caral, Patrimonio Mundial, \u00c1spero y Vichama, solo este domingo 3 de marzo.Este 8 de marzo, en el D\u00eda Internacional de la Mujer, la doctora Ruth Shady Sol\u00eds, directora de la Zona Arqueol\u00f3gica Caral, Unidad Ejecutora 003 del Ministerio de Cultura, participar\u00e1 en la conferencia virtual y gratuita, titulada \u201cLa Importancia de Revalorar el Rol de la Mujer Peruana\u201d, junto a destacadas profesionales del Per\u00fa: del norte, centro, sur y oriente.","robots":{"index":"index","follow":"follow","max-snippet":"max-snippet:-1","max-image-preview":"max-image-preview:large","max-video-preview":"max-video-preview:-1"},"canonical":"https:\/\/zonacaral.gob.pe\/en\/noticias\/despide-las-vacaciones-ingresando-gratis-a-la-ciudad-sagrada-de-caral-aspero-y-vichama\/","og_locale":"en_US","og_type":"article","og_title":"Despide las vacaciones ingresando gratis a la Ciudad Sagrada de Caral, \u00c1spero y Vichama","og_description":"Las vacaciones para los ni\u00f1os y j\u00f3venes est\u00e1n por llegar a su fin, para pronto iniciar un nuevo a\u00f1o de estudios, por ello la Zona Arqueol\u00f3gica Caral, Unidad Ejecutora 003 del Ministerio de Cultura, promueve el ingreso gratuito a los sitios arqueol\u00f3gicos Ciudad Sagrada de Caral, Patrimonio Mundial, \u00c1spero y Vichama, solo este domingo 3 de marzo.Este 8 de marzo, en el D\u00eda Internacional de la Mujer, la doctora Ruth Shady Sol\u00eds, directora de la Zona Arqueol\u00f3gica Caral, Unidad Ejecutora 003 del Ministerio de Cultura, participar\u00e1 en la conferencia virtual y gratuita, titulada \u201cLa Importancia de Revalorar el Rol de la Mujer Peruana\u201d, junto a destacadas profesionales del Per\u00fa: del norte, centro, sur y oriente.","og_url":"https:\/\/zonacaral.gob.pe\/en\/noticias\/despide-las-vacaciones-ingresando-gratis-a-la-ciudad-sagrada-de-caral-aspero-y-vichama\/","og_site_name":"Zona Caral","article_published_time":"2024-03-01T20:43:51+00:00","og_image":[{"width":700,"height":395,"url":"https:\/\/zonacaral.gob.pe\/wp-content\/uploads\/2024\/03\/INGRESO_GRATIS_MARZO_1.png","type":"image\/png"}],"author":"Zona Caral Administrador","twitter_card":"summary_large_image","twitter_misc":{"Written by":"Zona Caral Administrador","Est. reading time":"2 minutes"},"schema":{"@context":"https:\/\/schema.org","@graph":[{"@type":"Article","@id":"https:\/\/zonacaral.gob.pe\/es\/noticias\/despide-las-vacaciones-ingresando-gratis-a-la-ciudad-sagrada-de-caral-aspero-y-vichama\/#article","isPartOf":{"@id":"https:\/\/zonacaral.gob.pe\/es\/noticias\/despide-las-vacaciones-ingresando-gratis-a-la-ciudad-sagrada-de-caral-aspero-y-vichama\/"},"author":{"name":"Zona Caral Administrador","@id":"https:\/\/zonacaral.gob.pe\/es\/#\/schema\/person\/beddb4d22f71a7230c5b90913270a0ee"},"headline":"Despide las vacaciones ingresando gratis a la Ciudad Sagrada de Caral, \u00c1spero y Vichama","datePublished":"2024-03-01T20:43:51+00:00","mainEntityOfPage":{"@id":"https:\/\/zonacaral.gob.pe\/es\/noticias\/despide-las-vacaciones-ingresando-gratis-a-la-ciudad-sagrada-de-caral-aspero-y-vichama\/"},"wordCount":479,"image":{"@id":"https:\/\/zonacaral.gob.pe\/es\/noticias\/despide-las-vacaciones-ingresando-gratis-a-la-ciudad-sagrada-de-caral-aspero-y-vichama\/#primaryimage"},"thumbnailUrl":"https:\/\/zonacaral.gob.pe\/wp-content\/uploads\/2024\/03\/INGRESO_GRATIS_MARZO_1.png","keywords":["caral","Cultura"],"articleSection":["noticias"],"inLanguage":"en-US"},{"@type":"WebPage","@id":"https:\/\/zonacaral.gob.pe\/es\/noticias\/despide-las-vacaciones-ingresando-gratis-a-la-ciudad-sagrada-de-caral-aspero-y-vichama\/","url":"https:\/\/zonacaral.gob.pe\/es\/noticias\/despide-las-vacaciones-ingresando-gratis-a-la-ciudad-sagrada-de-caral-aspero-y-vichama\/","name":"Despide las vacaciones ingresando gratis a la Ciudad Sagrada de Caral, \u00c1spero y Vichama","isPartOf":{"@id":"https:\/\/zonacaral.gob.pe\/es\/#website"},"primaryImageOfPage":{"@id":"https:\/\/zonacaral.gob.pe\/es\/noticias\/despide-las-vacaciones-ingresando-gratis-a-la-ciudad-sagrada-de-caral-aspero-y-vichama\/#primaryimage"},"image":{"@id":"https:\/\/zonacaral.gob.pe\/es\/noticias\/despide-las-vacaciones-ingresando-gratis-a-la-ciudad-sagrada-de-caral-aspero-y-vichama\/#primaryimage"},"thumbnailUrl":"https:\/\/zonacaral.gob.pe\/wp-content\/uploads\/2024\/03\/INGRESO_GRATIS_MARZO_1.png","datePublished":"2024-03-01T20:43:51+00:00","author":{"@id":"https:\/\/zonacaral.gob.pe\/es\/#\/schema\/person\/beddb4d22f71a7230c5b90913270a0ee"},"description":"Las vacaciones para los ni\u00f1os y j\u00f3venes est\u00e1n por llegar a su fin, para pronto iniciar un nuevo a\u00f1o de estudios, por ello la Zona Arqueol\u00f3gica Caral, Unidad Ejecutora 003 del Ministerio de Cultura, promueve el ingreso gratuito a los sitios arqueol\u00f3gicos Ciudad Sagrada de Caral, Patrimonio Mundial, \u00c1spero y Vichama, solo este domingo 3 de marzo.Este 8 de marzo, en el D\u00eda Internacional de la Mujer, la doctora Ruth Shady Sol\u00eds, directora de la Zona Arqueol\u00f3gica Caral, Unidad Ejecutora 003 del Ministerio de Cultura, participar\u00e1 en la conferencia virtual y gratuita, titulada \u201cLa Importancia de Revalorar el Rol de la Mujer Peruana\u201d, junto a destacadas profesionales del Per\u00fa: del norte, centro, sur y oriente.","breadcrumb":{"@id":"https:\/\/zonacaral.gob.pe\/es\/noticias\/despide-las-vacaciones-ingresando-gratis-a-la-ciudad-sagrada-de-caral-aspero-y-vichama\/#breadcrumb"},"inLanguage":"en-US","potentialAction":[{"@type":"ReadAction","target":["https:\/\/zonacaral.gob.pe\/es\/noticias\/despide-las-vacaciones-ingresando-gratis-a-la-ciudad-sagrada-de-caral-aspero-y-vichama\/"]}]},{"@type":"ImageObject","inLanguage":"en-US","@id":"https:\/\/zonacaral.gob.pe\/es\/noticias\/despide-las-vacaciones-ingresando-gratis-a-la-ciudad-sagrada-de-caral-aspero-y-vichama\/#primaryimage","url":"https:\/\/zonacaral.gob.pe\/wp-content\/uploads\/2024\/03\/INGRESO_GRATIS_MARZO_1.png","contentUrl":"https:\/\/zonacaral.gob.pe\/wp-content\/uploads\/2024\/03\/INGRESO_GRATIS_MARZO_1.png","width":700,"height":395},{"@type":"BreadcrumbList","@id":"https:\/\/zonacaral.gob.pe\/es\/noticias\/despide-las-vacaciones-ingresando-gratis-a-la-ciudad-sagrada-de-caral-aspero-y-vichama\/#breadcrumb","itemListElement":[{"@type":"ListItem","position":1,"name":"Portada","item":"https:\/\/zonacaral.gob.pe\/"},{"@type":"ListItem","position":2,"name":"Despide las vacaciones ingresando gratis a la Ciudad Sagrada de Caral, \u00c1spero y Vichama"}]},{"@type":"WebSite","@id":"https:\/\/zonacaral.gob.pe\/es\/#website","url":"https:\/\/zonacaral.gob.pe\/es\/","name":"Zona Caral","description":"Investigamos, conservamos y difundimos el patrimonio cultural de la Civilizaci\u00f3n Caral, la m\u00e1s antigua de Am\u00e9rica.","potentialAction":[{"@type":"SearchAction","target":{"@type":"EntryPoint","urlTemplate":"https:\/\/zonacaral.gob.pe\/es\/?s={search_term_string}"},"query-input":{"@type":"PropertyValueSpecification","valueRequired":true,"valueName":"search_term_string"}}],"inLanguage":"en-US"},{"@type":"Person","@id":"https:\/\/zonacaral.gob.pe\/es\/#\/schema\/person\/beddb4d22f71a7230c5b90913270a0ee","name":"Zona Caral Administrador","image":{"@type":"ImageObject","inLanguage":"en-US","@id":"https:\/\/secure.gravatar.com\/avatar\/e4be162918a696358376de6446614e0f0f4062bdc5d170d6d540ada3d8b58c12?s=96&d=mm&r=g","url":"https:\/\/secure.gravatar.com\/avatar\/e4be162918a696358376de6446614e0f0f4062bdc5d170d6d540ada3d8b58c12?s=96&d=mm&r=g","contentUrl":"https:\/\/secure.gravatar.com\/avatar\/e4be162918a696358376de6446614e0f0f4062bdc5d170d6d540ada3d8b58c12?s=96&d=mm&r=g","caption":"Zona Caral Administrador"},"sameAs":["https:\/\/zonacaral.gob.pe"],"url":"https:\/\/zonacaral.gob.pe\/en\/noticias\/author\/ad_zonacaral\/"}]}},"_links":{"self":[{"href":"https:\/\/zonacaral.gob.pe\/en\/wp-json\/wp\/v2\/posts\/17472","targetHints":{"allow":["GET"]}}],"collection":[{"href":"https:\/\/zonacaral.gob.pe\/en\/wp-json\/wp\/v2\/posts"}],"about":[{"href":"https:\/\/zonacaral.gob.pe\/en\/wp-json\/wp\/v2\/types\/post"}],"author":[{"embeddable":true,"href":"https:\/\/zonacaral.gob.pe\/en\/wp-json\/wp\/v2\/users\/1"}],"replies":[{"embeddable":true,"href":"https:\/\/zonacaral.gob.pe\/en\/wp-json\/wp\/v2\/comments?post=17472"}],"version-history":[{"count":0,"href":"https:\/\/zonacaral.gob.pe\/en\/wp-json\/wp\/v2\/posts\/17472\/revisions"}],"wp:featuredmedia":[{"embeddable":true,"href":"https:\/\/zonacaral.gob.pe\/en\/wp-json\/wp\/v2\/media\/17483"}],"wp:attachment":[{"href":"https:\/\/zonacaral.gob.pe\/en\/wp-json\/wp\/v2\/media?parent=17472"}],"wp:term":[{"taxonomy":"category","embeddable":true,"href":"https:\/\/zonacaral.gob.pe\/en\/wp-json\/wp\/v2\/categories?post=17472"},{"taxonomy":"post_tag","embeddable":true,"href":"https:\/\/zonacaral.gob.pe\/en\/wp-json\/wp\/v2\/tags?post=17472"}],"curies":[{"name":"wp","href":"https:\/\/api.w.org\/{rel}","templated":true}]}}